{"id":27813,"date":"2026-04-07T16:38:28","date_gmt":"2026-04-07T16:38:28","guid":{"rendered":"https:\/\/dpress.ma\/fr\/?p=27813"},"modified":"2026-04-07T16:38:32","modified_gmt":"2026-04-07T16:38:32","slug":"les-relations-entre-le-maroc-et-lespagne-progressent-vers-une-amitie-renforcee","status":"publish","type":"post","link":"https:\/\/dpress.ma\/fr\/2026\/04\/07\/les-relations-entre-le-maroc-et-lespagne-progressent-vers-une-amitie-renforcee\/","title":{"rendered":"Les relations entre le Maroc et l\u2019Espagne progressent vers \u201cune amiti\u00e9 renforc\u00e9e\u201d"},"content":{"rendered":"\n<p>Dpress<\/p>\n\n\n\n<p>&nbsp;Les relations entre le Maroc et l\u2019Espagne continuent de progresser vers \u201cune plus grande harmonie et une amiti\u00e9 renforc\u00e9e\u201d, a indiqu\u00e9 mardi le ministre espagnol des Affaires \u00e9trang\u00e8res, de l\u2019Union europ\u00e9enne et de la Coop\u00e9ration, Jos\u00e9 Manuel Albares.<\/p>\n\n\n\n<p>M. Albares, qui s\u2019exprimait dans une interview \u00e0 la cha\u00eene de t\u00e9l\u00e9vision espagnole La Sexta, a soulign\u00e9 que le partenariat entre Rabat et Madrid a atteint des \u201cniveaux historiques\u201d, qualifiant ce partenariat d\u2019\u201dexemplaire\u201d.<\/p>\n\n\n\n<p>Il a relev\u00e9 que ses \u00e9changes avec son homologue marocain, portent \u201csyst\u00e9matiquement sur le renforcement de cette coop\u00e9ration mutuellement b\u00e9n\u00e9fique\u201d.<\/p>\n\n\n\n<p>L\u2019Espagne demeure un \u201cpartenaire essentiel\u201d du Maroc et la collaboration entre les deux Royaumes a \u00e9t\u00e9 hiss\u00e9e \u00e0 ses \u201cniveaux historiques les plus \u00e9lev\u00e9s\u201d, a affirm\u00e9 le chef de la diplomatie espagnole, relevant que ce partenariat couvre de nombreux domaines&nbsp;de coop\u00e9ration.<\/p>\n","protected":false},"excerpt":{"rendered":"<p>Dpress &nbsp;Les relations entre le Maroc et l\u2019Espagne continuent de progresser vers \u201cune plus grande harmonie et une amiti\u00e9 renforc\u00e9e\u201d, a indiqu\u00e9 mardi le ministre espagnol des Affaires \u00e9trang\u00e8res, de l\u2019Union europ\u00e9enne et de la Coop\u00e9ration, Jos\u00e9 Manuel Albares. M. Albares, qui s\u2019exprimait dans une interview \u00e0 la cha\u00eene de t\u00e9l\u00e9vision espagnole La Sexta, a &hellip;<\/p>\n","protected":false},"author":2,"featured_media":27814,"comment_status":"open","ping_status":"open","sticky":false,"template":"","format":"standard","meta":{"footnotes":""},"categories":[26],"tags":[],"class_list":["post-27813","post","type-post","status-publish","format-standard","has-post-thumbnail","hentry","category-politiques"],"yoast_head":"<!-- This site is optimized with the Yoast SEO plugin v27.5 - https:\/\/yoast.com\/product\/yoast-seo-wordpress\/ -->\n<title>Les relations entre le Maroc et l\u2019Espagne progressent vers \u201cune amiti\u00e9 renforc\u00e9e\u201d - Dpress.ma\/fr<\/title>\n<meta name=\"robots\" content=\"index, follow, max-snippet:-1, max-image-preview:large, max-video-preview:-1\" \/>\n<link rel=\"canonical\" href=\"https:\/\/dpress.ma\/fr\/2026\/04\/07\/les-relations-entre-le-maroc-et-lespagne-progressent-vers-une-amitie-renforcee\/\" \/>\n<meta property=\"og:locale\" content=\"fr_FR\" \/>\n<meta property=\"og:type\" content=\"article\" \/>\n<meta property=\"og:title\" content=\"Les relations entre le Maroc et l\u2019Espagne progressent vers \u201cune amiti\u00e9 renforc\u00e9e\u201d - Dpress.ma\/fr\" \/>\n<meta property=\"og:description\" content=\"Dpress &nbsp;Les relations entre le Maroc et l\u2019Espagne continuent de progresser vers \u201cune plus grande harmonie et une amiti\u00e9 renforc\u00e9e\u201d, a indiqu\u00e9 mardi le ministre espagnol des Affaires \u00e9trang\u00e8res, de l\u2019Union europ\u00e9enne et de la Coop\u00e9ration, Jos\u00e9 Manuel Albares. M. Albares, qui s\u2019exprimait dans une interview \u00e0 la cha\u00eene de t\u00e9l\u00e9vision espagnole La Sexta, a &hellip;\" \/>\n<meta property=\"og:url\" content=\"https:\/\/dpress.ma\/fr\/2026\/04\/07\/les-relations-entre-le-maroc-et-lespagne-progressent-vers-une-amitie-renforcee\/\" \/>\n<meta property=\"og:site_name\" content=\"Dpress.ma\/fr\" \/>\n<meta property=\"article:published_time\" content=\"2026-04-07T16:38:28+00:00\" \/>\n<meta property=\"article:modified_time\" content=\"2026-04-07T16:38:32+00:00\" \/>\n<meta property=\"og:image\" content=\"https:\/\/dpress.ma\/fr\/wp-content\/uploads\/sites\/2\/2026\/04\/122.jpg\" \/>\n\t<meta property=\"og:image:width\" content=\"2539\" \/>\n\t<meta property=\"og:image:height\" content=\"1594\" \/>\n\t<meta property=\"og:image:type\" content=\"image\/jpeg\" \/>\n<meta name=\"author\" content=\"Dpress.ma\" \/>\n<meta name=\"twitter:card\" content=\"summary_large_image\" \/>\n<meta name=\"twitter:label1\" content=\"\u00c9crit par\" \/>\n\t<meta name=\"twitter:data1\" content=\"Dpress.ma\" \/>\n\t<meta name=\"twitter:label2\" content=\"Dur\u00e9e de lecture estim\u00e9e\" \/>\n\t<meta name=\"twitter:data2\" content=\"1 minute\" \/>\n<script type=\"application\/ld+json\" class=\"yoast-schema-graph\">{\"@context\":\"https:\\\/\\\/schema.org\",\"@graph\":[{\"@type\":\"Article\",\"@id\":\"https:\\\/\\\/dpress.ma\\\/fr\\\/2026\\\/04\\\/07\\\/les-relations-entre-le-maroc-et-lespagne-progressent-vers-une-amitie-renforcee\\\/#article\",\"isPartOf\":{\"@id\":\"https:\\\/\\\/dpress.ma\\\/fr\\\/2026\\\/04\\\/07\\\/les-relations-entre-le-maroc-et-lespagne-progressent-vers-une-amitie-renforcee\\\/\"},\"author\":{\"name\":\"Dpress.ma\",\"@id\":\"https:\\\/\\\/dpress.ma\\\/fr\\\/#\\\/schema\\\/person\\\/4898febf3ccd59e6578d838656a306a0\"},\"headline\":\"Les relations entre le Maroc et l\u2019Espagne progressent vers \u201cune amiti\u00e9 renforc\u00e9e\u201d\",\"datePublished\":\"2026-04-07T16:38:28+00:00\",\"dateModified\":\"2026-04-07T16:38:32+00:00\",\"mainEntityOfPage\":{\"@id\":\"https:\\\/\\\/dpress.ma\\\/fr\\\/2026\\\/04\\\/07\\\/les-relations-entre-le-maroc-et-lespagne-progressent-vers-une-amitie-renforcee\\\/\"},\"wordCount\":167,\"commentCount\":0,\"image\":{\"@id\":\"https:\\\/\\\/dpress.ma\\\/fr\\\/2026\\\/04\\\/07\\\/les-relations-entre-le-maroc-et-lespagne-progressent-vers-une-amitie-renforcee\\\/#primaryimage\"},\"thumbnailUrl\":\"https:\\\/\\\/dpress.ma\\\/fr\\\/wp-content\\\/uploads\\\/sites\\\/2\\\/2026\\\/04\\\/122.jpg\",\"articleSection\":[\"Politiques\"],\"inLanguage\":\"fr-FR\",\"potentialAction\":[{\"@type\":\"CommentAction\",\"name\":\"Comment\",\"target\":[\"https:\\\/\\\/dpress.ma\\\/fr\\\/2026\\\/04\\\/07\\\/les-relations-entre-le-maroc-et-lespagne-progressent-vers-une-amitie-renforcee\\\/#respond\"]}]},{\"@type\":\"WebPage\",\"@id\":\"https:\\\/\\\/dpress.ma\\\/fr\\\/2026\\\/04\\\/07\\\/les-relations-entre-le-maroc-et-lespagne-progressent-vers-une-amitie-renforcee\\\/\",\"url\":\"https:\\\/\\\/dpress.ma\\\/fr\\\/2026\\\/04\\\/07\\\/les-relations-entre-le-maroc-et-lespagne-progressent-vers-une-amitie-renforcee\\\/\",\"name\":\"Les relations entre le Maroc et l\u2019Espagne progressent vers \u201cune amiti\u00e9 renforc\u00e9e\u201d - Dpress.ma\\\/fr\",\"isPartOf\":{\"@id\":\"https:\\\/\\\/dpress.ma\\\/fr\\\/#website\"},\"primaryImageOfPage\":{\"@id\":\"https:\\\/\\\/dpress.ma\\\/fr\\\/2026\\\/04\\\/07\\\/les-relations-entre-le-maroc-et-lespagne-progressent-vers-une-amitie-renforcee\\\/#primaryimage\"},\"image\":{\"@id\":\"https:\\\/\\\/dpress.ma\\\/fr\\\/2026\\\/04\\\/07\\\/les-relations-entre-le-maroc-et-lespagne-progressent-vers-une-amitie-renforcee\\\/#primaryimage\"},\"thumbnailUrl\":\"https:\\\/\\\/dpress.ma\\\/fr\\\/wp-content\\\/uploads\\\/sites\\\/2\\\/2026\\\/04\\\/122.jpg\",\"datePublished\":\"2026-04-07T16:38:28+00:00\",\"dateModified\":\"2026-04-07T16:38:32+00:00\",\"author\":{\"@id\":\"https:\\\/\\\/dpress.ma\\\/fr\\\/#\\\/schema\\\/person\\\/4898febf3ccd59e6578d838656a306a0\"},\"breadcrumb\":{\"@id\":\"https:\\\/\\\/dpress.ma\\\/fr\\\/2026\\\/04\\\/07\\\/les-relations-entre-le-maroc-et-lespagne-progressent-vers-une-amitie-renforcee\\\/#breadcrumb\"},\"inLanguage\":\"fr-FR\",\"potentialAction\":[{\"@type\":\"ReadAction\",\"target\":[\"https:\\\/\\\/dpress.ma\\\/fr\\\/2026\\\/04\\\/07\\\/les-relations-entre-le-maroc-et-lespagne-progressent-vers-une-amitie-renforcee\\\/\"]}]},{\"@type\":\"ImageObject\",\"inLanguage\":\"fr-FR\",\"@id\":\"https:\\\/\\\/dpress.ma\\\/fr\\\/2026\\\/04\\\/07\\\/les-relations-entre-le-maroc-et-lespagne-progressent-vers-une-amitie-renforcee\\\/#primaryimage\",\"url\":\"https:\\\/\\\/dpress.ma\\\/fr\\\/wp-content\\\/uploads\\\/sites\\\/2\\\/2026\\\/04\\\/122.jpg\",\"contentUrl\":\"https:\\\/\\\/dpress.ma\\\/fr\\\/wp-content\\\/uploads\\\/sites\\\/2\\\/2026\\\/04\\\/122.jpg\",\"width\":2539,\"height\":1594},{\"@type\":\"BreadcrumbList\",\"@id\":\"https:\\\/\\\/dpress.ma\\\/fr\\\/2026\\\/04\\\/07\\\/les-relations-entre-le-maroc-et-lespagne-progressent-vers-une-amitie-renforcee\\\/#breadcrumb\",\"itemListElement\":[{\"@type\":\"ListItem\",\"position\":1,\"name\":\"Home\",\"item\":\"https:\\\/\\\/dpress.ma\\\/fr\\\/\"},{\"@type\":\"ListItem\",\"position\":2,\"name\":\"Les relations entre le Maroc et l\u2019Espagne progressent vers \u201cune amiti\u00e9 renforc\u00e9e\u201d\"}]},{\"@type\":\"WebSite\",\"@id\":\"https:\\\/\\\/dpress.ma\\\/fr\\\/#website\",\"url\":\"https:\\\/\\\/dpress.ma\\\/fr\\\/\",\"name\":\"Dpress.ma\\\/fr\",\"description\":\"\",\"potentialAction\":[{\"@type\":\"SearchAction\",\"target\":{\"@type\":\"EntryPoint\",\"urlTemplate\":\"https:\\\/\\\/dpress.ma\\\/fr\\\/?s={search_term_string}\"},\"query-input\":{\"@type\":\"PropertyValueSpecification\",\"valueRequired\":true,\"valueName\":\"search_term_string\"}}],\"inLanguage\":\"fr-FR\"},{\"@type\":\"Person\",\"@id\":\"https:\\\/\\\/dpress.ma\\\/fr\\\/#\\\/schema\\\/person\\\/4898febf3ccd59e6578d838656a306a0\",\"name\":\"Dpress.ma\",\"image\":{\"@type\":\"ImageObject\",\"inLanguage\":\"fr-FR\",\"@id\":\"https:\\\/\\\/secure.gravatar.com\\\/avatar\\\/72ecc30e9db047a2e0e7176561eb9d564ed77c8108376495b19bd8336405198a?s=96&d=mm&r=g\",\"url\":\"https:\\\/\\\/secure.gravatar.com\\\/avatar\\\/72ecc30e9db047a2e0e7176561eb9d564ed77c8108376495b19bd8336405198a?s=96&d=mm&r=g\",\"contentUrl\":\"https:\\\/\\\/secure.gravatar.com\\\/avatar\\\/72ecc30e9db047a2e0e7176561eb9d564ed77c8108376495b19bd8336405198a?s=96&d=mm&r=g\",\"caption\":\"Dpress.ma\"},\"sameAs\":[\"https:\\\/\\\/www.dpress.ma\"],\"url\":\"https:\\\/\\\/dpress.ma\\\/fr\\\/author\\\/dpress-ma\\\/\"}]}<\/script>\n<!-- \/ Yoast SEO plugin. -->","yoast_head_json":{"title":"Les relations entre le Maroc et l\u2019Espagne progressent vers \u201cune amiti\u00e9 renforc\u00e9e\u201d - Dpress.ma\/fr","robots":{"index":"index","follow":"follow","max-snippet":"max-snippet:-1","max-image-preview":"max-image-preview:large","max-video-preview":"max-video-preview:-1"},"canonical":"https:\/\/dpress.ma\/fr\/2026\/04\/07\/les-relations-entre-le-maroc-et-lespagne-progressent-vers-une-amitie-renforcee\/","og_locale":"fr_FR","og_type":"article","og_title":"Les relations entre le Maroc et l\u2019Espagne progressent vers \u201cune amiti\u00e9 renforc\u00e9e\u201d - Dpress.ma\/fr","og_description":"Dpress &nbsp;Les relations entre le Maroc et l\u2019Espagne continuent de progresser vers \u201cune plus grande harmonie et une amiti\u00e9 renforc\u00e9e\u201d, a indiqu\u00e9 mardi le ministre espagnol des Affaires \u00e9trang\u00e8res, de l\u2019Union europ\u00e9enne et de la Coop\u00e9ration, Jos\u00e9 Manuel Albares. M. Albares, qui s\u2019exprimait dans une interview \u00e0 la cha\u00eene de t\u00e9l\u00e9vision espagnole La Sexta, a &hellip;","og_url":"https:\/\/dpress.ma\/fr\/2026\/04\/07\/les-relations-entre-le-maroc-et-lespagne-progressent-vers-une-amitie-renforcee\/","og_site_name":"Dpress.ma\/fr","article_published_time":"2026-04-07T16:38:28+00:00","article_modified_time":"2026-04-07T16:38:32+00:00","og_image":[{"width":2539,"height":1594,"url":"https:\/\/dpress.ma\/fr\/wp-content\/uploads\/sites\/2\/2026\/04\/122.jpg","type":"image\/jpeg"}],"author":"Dpress.ma","twitter_card":"summary_large_image","twitter_misc":{"\u00c9crit par":"Dpress.ma","Dur\u00e9e de lecture estim\u00e9e":"1 minute"},"schema":{"@context":"https:\/\/schema.org","@graph":[{"@type":"Article","@id":"https:\/\/dpress.ma\/fr\/2026\/04\/07\/les-relations-entre-le-maroc-et-lespagne-progressent-vers-une-amitie-renforcee\/#article","isPartOf":{"@id":"https:\/\/dpress.ma\/fr\/2026\/04\/07\/les-relations-entre-le-maroc-et-lespagne-progressent-vers-une-amitie-renforcee\/"},"author":{"name":"Dpress.ma","@id":"https:\/\/dpress.ma\/fr\/#\/schema\/person\/4898febf3ccd59e6578d838656a306a0"},"headline":"Les relations entre le Maroc et l\u2019Espagne progressent vers \u201cune amiti\u00e9 renforc\u00e9e\u201d","datePublished":"2026-04-07T16:38:28+00:00","dateModified":"2026-04-07T16:38:32+00:00","mainEntityOfPage":{"@id":"https:\/\/dpress.ma\/fr\/2026\/04\/07\/les-relations-entre-le-maroc-et-lespagne-progressent-vers-une-amitie-renforcee\/"},"wordCount":167,"commentCount":0,"image":{"@id":"https:\/\/dpress.ma\/fr\/2026\/04\/07\/les-relations-entre-le-maroc-et-lespagne-progressent-vers-une-amitie-renforcee\/#primaryimage"},"thumbnailUrl":"https:\/\/dpress.ma\/fr\/wp-content\/uploads\/sites\/2\/2026\/04\/122.jpg","articleSection":["Politiques"],"inLanguage":"fr-FR","potentialAction":[{"@type":"CommentAction","name":"Comment","target":["https:\/\/dpress.ma\/fr\/2026\/04\/07\/les-relations-entre-le-maroc-et-lespagne-progressent-vers-une-amitie-renforcee\/#respond"]}]},{"@type":"WebPage","@id":"https:\/\/dpress.ma\/fr\/2026\/04\/07\/les-relations-entre-le-maroc-et-lespagne-progressent-vers-une-amitie-renforcee\/","url":"https:\/\/dpress.ma\/fr\/2026\/04\/07\/les-relations-entre-le-maroc-et-lespagne-progressent-vers-une-amitie-renforcee\/","name":"Les relations entre le Maroc et l\u2019Espagne progressent vers \u201cune amiti\u00e9 renforc\u00e9e\u201d - Dpress.ma\/fr","isPartOf":{"@id":"https:\/\/dpress.ma\/fr\/#website"},"primaryImageOfPage":{"@id":"https:\/\/dpress.ma\/fr\/2026\/04\/07\/les-relations-entre-le-maroc-et-lespagne-progressent-vers-une-amitie-renforcee\/#primaryimage"},"image":{"@id":"https:\/\/dpress.ma\/fr\/2026\/04\/07\/les-relations-entre-le-maroc-et-lespagne-progressent-vers-une-amitie-renforcee\/#primaryimage"},"thumbnailUrl":"https:\/\/dpress.ma\/fr\/wp-content\/uploads\/sites\/2\/2026\/04\/122.jpg","datePublished":"2026-04-07T16:38:28+00:00","dateModified":"2026-04-07T16:38:32+00:00","author":{"@id":"https:\/\/dpress.ma\/fr\/#\/schema\/person\/4898febf3ccd59e6578d838656a306a0"},"breadcrumb":{"@id":"https:\/\/dpress.ma\/fr\/2026\/04\/07\/les-relations-entre-le-maroc-et-lespagne-progressent-vers-une-amitie-renforcee\/#breadcrumb"},"inLanguage":"fr-FR","potentialAction":[{"@type":"ReadAction","target":["https:\/\/dpress.ma\/fr\/2026\/04\/07\/les-relations-entre-le-maroc-et-lespagne-progressent-vers-une-amitie-renforcee\/"]}]},{"@type":"ImageObject","inLanguage":"fr-FR","@id":"https:\/\/dpress.ma\/fr\/2026\/04\/07\/les-relations-entre-le-maroc-et-lespagne-progressent-vers-une-amitie-renforcee\/#primaryimage","url":"https:\/\/dpress.ma\/fr\/wp-content\/uploads\/sites\/2\/2026\/04\/122.jpg","contentUrl":"https:\/\/dpress.ma\/fr\/wp-content\/uploads\/sites\/2\/2026\/04\/122.jpg","width":2539,"height":1594},{"@type":"BreadcrumbList","@id":"https:\/\/dpress.ma\/fr\/2026\/04\/07\/les-relations-entre-le-maroc-et-lespagne-progressent-vers-une-amitie-renforcee\/#breadcrumb","itemListElement":[{"@type":"ListItem","position":1,"name":"Home","item":"https:\/\/dpress.ma\/fr\/"},{"@type":"ListItem","position":2,"name":"Les relations entre le Maroc et l\u2019Espagne progressent vers \u201cune amiti\u00e9 renforc\u00e9e\u201d"}]},{"@type":"WebSite","@id":"https:\/\/dpress.ma\/fr\/#website","url":"https:\/\/dpress.ma\/fr\/","name":"Dpress.ma\/fr","description":"","potentialAction":[{"@type":"SearchAction","target":{"@type":"EntryPoint","urlTemplate":"https:\/\/dpress.ma\/fr\/?s={search_term_string}"},"query-input":{"@type":"PropertyValueSpecification","valueRequired":true,"valueName":"search_term_string"}}],"inLanguage":"fr-FR"},{"@type":"Person","@id":"https:\/\/dpress.ma\/fr\/#\/schema\/person\/4898febf3ccd59e6578d838656a306a0","name":"Dpress.ma","image":{"@type":"ImageObject","inLanguage":"fr-FR","@id":"https:\/\/secure.gravatar.com\/avatar\/72ecc30e9db047a2e0e7176561eb9d564ed77c8108376495b19bd8336405198a?s=96&d=mm&r=g","url":"https:\/\/secure.gravatar.com\/avatar\/72ecc30e9db047a2e0e7176561eb9d564ed77c8108376495b19bd8336405198a?s=96&d=mm&r=g","contentUrl":"https:\/\/secure.gravatar.com\/avatar\/72ecc30e9db047a2e0e7176561eb9d564ed77c8108376495b19bd8336405198a?s=96&d=mm&r=g","caption":"Dpress.ma"},"sameAs":["https:\/\/www.dpress.ma"],"url":"https:\/\/dpress.ma\/fr\/author\/dpress-ma\/"}]}},"amp_enabled":true,"_links":{"self":[{"href":"https:\/\/dpress.ma\/fr\/wp-json\/wp\/v2\/posts\/27813","targetHints":{"allow":["GET"]}}],"collection":[{"href":"https:\/\/dpress.ma\/fr\/wp-json\/wp\/v2\/posts"}],"about":[{"href":"https:\/\/dpress.ma\/fr\/wp-json\/wp\/v2\/types\/post"}],"author":[{"embeddable":true,"href":"https:\/\/dpress.ma\/fr\/wp-json\/wp\/v2\/users\/2"}],"replies":[{"embeddable":true,"href":"https:\/\/dpress.ma\/fr\/wp-json\/wp\/v2\/comments?post=27813"}],"version-history":[{"count":1,"href":"https:\/\/dpress.ma\/fr\/wp-json\/wp\/v2\/posts\/27813\/revisions"}],"predecessor-version":[{"id":27815,"href":"https:\/\/dpress.ma\/fr\/wp-json\/wp\/v2\/posts\/27813\/revisions\/27815"}],"wp:featuredmedia":[{"embeddable":true,"href":"https:\/\/dpress.ma\/fr\/wp-json\/wp\/v2\/media\/27814"}],"wp:attachment":[{"href":"https:\/\/dpress.ma\/fr\/wp-json\/wp\/v2\/media?parent=27813"}],"wp:term":[{"taxonomy":"category","embeddable":true,"href":"https:\/\/dpress.ma\/fr\/wp-json\/wp\/v2\/categories?post=27813"},{"taxonomy":"post_tag","embeddable":true,"href":"https:\/\/dpress.ma\/fr\/wp-json\/wp\/v2\/tags?post=27813"}],"curies":[{"name":"wp","href":"https:\/\/api.w.org\/{rel}","templated":true}]}}