{"id":27810,"date":"2026-04-07T16:35:18","date_gmt":"2026-04-07T16:35:18","guid":{"rendered":"https:\/\/dpress.ma\/fr\/?p=27810"},"modified":"2026-04-07T16:35:21","modified_gmt":"2026-04-07T16:35:21","slug":"le-renforcement-du-partenariat-strategique-dans-le-domaine-de-la-justice-au-centre-dentretiens-entre-m-ouahbi-et-son-homologue-des-pays-bas","status":"publish","type":"post","link":"https:\/\/dpress.ma\/fr\/2026\/04\/07\/le-renforcement-du-partenariat-strategique-dans-le-domaine-de-la-justice-au-centre-dentretiens-entre-m-ouahbi-et-son-homologue-des-pays-bas\/","title":{"rendered":"Le renforcement du partenariat strat\u00e9gique dans le domaine de la justice au centre d\u2019entretiens entre M. Ouahbi et son homologue des Pays-Bas"},"content":{"rendered":"\n<p>Dpress<\/p>\n\n\n\n<p>Le ministre de la Justice, Abdellatif Ouahbi, s\u2019est entretenu, mardi \u00e0 Rabat, avec le ministre de la Justice du Royaume des Pays-Bas, David van Weel, qui effectue une visite de travail au Maroc \u00e0 la t\u00eate d\u2019une d\u00e9l\u00e9gation de haut niveau, autour du renforcement du partenariat strat\u00e9gique dans le domaine de la justice.<\/p>\n\n\n\n<p>Cette rencontre s\u2019inscrit dans le cadre de la volont\u00e9 des deux pays d\u2019\u00e9lever leurs relations au niveau d\u2019un partenariat strat\u00e9gique global fond\u00e9 sur la confiance mutuelle et l\u2019intensification de la coop\u00e9ration et de la coordination dans les domaines prioritaires, conform\u00e9ment \u00e0 la D\u00e9claration conjointe adopt\u00e9e le 5 d\u00e9cembre 2025 \u00e0 La Haye.<\/p>\n\n\n\n<p>\u00c0 cette occasion, les deux parties ont pass\u00e9 en revue l\u2019\u00e9tat d\u2019avancement de l\u2019ex\u00e9cution des axes de la coop\u00e9ration bilat\u00e9rale et examin\u00e9 les moyens de la d\u00e9velopper, notamment en ce qui concerne le renforcement de la coop\u00e9ration judiciaire, la modernisation du syst\u00e8me de la justice ainsi que l\u2019\u00e9change des expertises et des bonnes pratiques en mati\u00e8re de gouvernance judiciaire, de digitalisation de la justice et d\u2019am\u00e9lioration des services rendus aux justiciables.<\/p>\n\n\n\n<p>Les deux ministres ont \u00e9galement discut\u00e9 des moyens de renforcer la coop\u00e9ration dans le domaine s\u00e9curitaire, particuli\u00e8rement en mati\u00e8re de lutte contre le terrorisme et le crime transnational organis\u00e9, conform\u00e9ment aux dispositions de la D\u00e9claration conjointe qui pr\u00e9voit un dialogue bilat\u00e9ral r\u00e9gulier dans ce domaine ainsi que l\u2019instauration de m\u00e9canismes institutionnels sp\u00e9cialis\u00e9s, dont une commission conjointe d\u00e9di\u00e9e \u00e0 la lutte contre le terrorisme.<\/p>\n\n\n\n<p>S\u2019agissant des questions de l\u2019immigration, MM. Ouahbi et&nbsp;van Weel&nbsp;ont exprim\u00e9 la volont\u00e9 de poursuivre leur \u00e9troite coordination dans le cadre de l\u2019approche globale et \u00e9quilibr\u00e9e adopt\u00e9e par les deux pays. Ils ont de m\u00eame relev\u00e9 la n\u00e9cessit\u00e9 de renforcer la coop\u00e9ration technique, les programmes de formation et l\u2019\u00e9change des expertises, notamment dans le cadre des programmes de coop\u00e9ration gouvernementale, en vue de soutenir le d\u00e9veloppement des comp\u00e9tences et la modernisation des syst\u00e8mes juridique et judiciaire.<\/p>\n\n\n\n<p>\u00c0 cet \u00e9gard, M. Ouahbi a soulign\u00e9 que ces entretiens ont \u00e9t\u00e9 l\u2019occasion de renforcer la coordination et l\u2019\u00e9change des expertises dans le but de d\u00e9velopper le syst\u00e8me de la justice et de faire face aux d\u00e9fis communs, notamment ceux relatifs \u00e0 la lutte contre le crime organis\u00e9 et le terrorisme.<\/p>\n\n\n\n<p>Dans une d\u00e9claration \u00e0 la presse \u00e0 l\u2019issue de ces entretiens, le ministre a not\u00e9 que la coop\u00e9ration entre le Maroc et les Pays-Bas s\u2019\u00e9tend au domaine civil, en particulier les questions relatives \u00e0 la famille et la femme.<\/p>\n\n\n\n<p>La commission mixte, qui se r\u00e9unira dans les prochains jours, se penchera sur ces questions en vue d\u2019y trouver des solutions globales, a-t-il fait savoir, pr\u00e9cisant qu\u2019une autre r\u00e9union pourrait se tenir \u00e0 Amsterdam ou \u00e0 Rabat afin de conclure des accords internationaux permettant de traiter efficacement ces questions.<\/p>\n\n\n\n<p>Dans une d\u00e9claration similaire, M. van&nbsp;Weel a indiqu\u00e9 que cette visite refl\u00e8te la profondeur des relations unissant les Royaumes du Maroc et des Pays-Bas, soulignant l\u2019importance que son pays accorde au renforcement de la coop\u00e9ration avec le Maroc.<\/p>\n\n\n\n<p>\u201cLe Maroc et les Pays-Bas partagent le m\u00eame d\u00e9sir d\u2019approfondir leur coop\u00e9ration, notamment dans les domaines de la justice et de la s\u00e9curit\u00e9\u201d, a affirm\u00e9 le ministre n\u00e9erlandais, appelant \u00e0 coordonner les efforts pour lutter contre les r\u00e9seaux de crime organis\u00e9, dans le sillage de la dynamique positive que conna\u00eet la coop\u00e9ration bilat\u00e9rale.<\/p>\n\n\n\n<p>Selon lui, cette rencontre a constitu\u00e9 une opportunit\u00e9 pour examiner les moyens de renforcer la coop\u00e9ration bilat\u00e9rale en mati\u00e8re d\u2019extradition des criminels et de pr\u00e9vention de la criminalit\u00e9 transfrontali\u00e8re.<\/p>\n\n\n\n<p>Au terme de cette rencontre, les deux parties ont r\u00e9affirm\u00e9 leur ferme engagement \u00e0 poursuivre la mise en \u0153uvre des dispositions de la D\u00e9claration conjointe et \u00e0 explorer de nouvelles perspectives de coop\u00e9ration, en vue de consolider les relations d\u2019amiti\u00e9 et de partenariat entre le Maroc et les Pays-Bas, renforcer la s\u00e9curit\u00e9 juridique et judiciaire au service des int\u00e9r\u00eats communs et soutenir la stabilit\u00e9 aux niveaux r\u00e9gional et international.<\/p>\n\n\n\n<p>Ces entretiens s\u2019inscrivent dans le cadre de la dynamique soutenue que connaissent les relations de coop\u00e9ration entre les Royaumes du Maroc et des Pays-Bas ainsi que dans le cadre de la mise en \u0153uvre de la D\u00e9claration conjointe sign\u00e9e entre les deux pays.<\/p>\n","protected":false},"excerpt":{"rendered":"<p>Dpress Le ministre de la Justice, Abdellatif Ouahbi, s\u2019est entretenu, mardi \u00e0 Rabat, avec le ministre de la Justice du Royaume des Pays-Bas, David van Weel, qui effectue une visite de travail au Maroc \u00e0 la t\u00eate d\u2019une d\u00e9l\u00e9gation de haut niveau, autour du renforcement du partenariat strat\u00e9gique dans le domaine de la justice. Cette &hellip;<\/p>\n","protected":false},"author":2,"featured_media":27811,"comment_status":"open","ping_status":"open","sticky":false,"template":"","format":"standard","meta":{"footnotes":""},"categories":[34],"tags":[],"class_list":["post-27810","post","type-post","status-publish","format-standard","has-post-thumbnail","hentry","category-diplomatie-parlementaire"],"yoast_head":"<!-- This site is optimized with the Yoast SEO plugin v27.5 - https:\/\/yoast.com\/product\/yoast-seo-wordpress\/ -->\n<title>Le renforcement du partenariat strat\u00e9gique dans le domaine de la justice au centre d\u2019entretiens entre M. Ouahbi et son homologue des Pays-Bas - Dpress.ma\/fr<\/title>\n<meta name=\"robots\" content=\"index, follow, max-snippet:-1, max-image-preview:large, max-video-preview:-1\" \/>\n<link rel=\"canonical\" href=\"https:\/\/dpress.ma\/fr\/2026\/04\/07\/le-renforcement-du-partenariat-strategique-dans-le-domaine-de-la-justice-au-centre-dentretiens-entre-m-ouahbi-et-son-homologue-des-pays-bas\/\" \/>\n<meta property=\"og:locale\" content=\"fr_FR\" \/>\n<meta property=\"og:type\" content=\"article\" \/>\n<meta property=\"og:title\" content=\"Le renforcement du partenariat strat\u00e9gique dans le domaine de la justice au centre d\u2019entretiens entre M. Ouahbi et son homologue des Pays-Bas - Dpress.ma\/fr\" \/>\n<meta property=\"og:description\" content=\"Dpress Le ministre de la Justice, Abdellatif Ouahbi, s\u2019est entretenu, mardi \u00e0 Rabat, avec le ministre de la Justice du Royaume des Pays-Bas, David van Weel, qui effectue une visite de travail au Maroc \u00e0 la t\u00eate d\u2019une d\u00e9l\u00e9gation de haut niveau, autour du renforcement du partenariat strat\u00e9gique dans le domaine de la justice. Cette &hellip;\" \/>\n<meta property=\"og:url\" content=\"https:\/\/dpress.ma\/fr\/2026\/04\/07\/le-renforcement-du-partenariat-strategique-dans-le-domaine-de-la-justice-au-centre-dentretiens-entre-m-ouahbi-et-son-homologue-des-pays-bas\/\" \/>\n<meta property=\"og:site_name\" content=\"Dpress.ma\/fr\" \/>\n<meta property=\"article:published_time\" content=\"2026-04-07T16:35:18+00:00\" \/>\n<meta property=\"article:modified_time\" content=\"2026-04-07T16:35:21+00:00\" \/>\n<meta property=\"og:image\" content=\"https:\/\/dpress.ma\/fr\/wp-content\/uploads\/sites\/2\/2026\/04\/11-2.jpg\" \/>\n\t<meta property=\"og:image:width\" content=\"2539\" \/>\n\t<meta property=\"og:image:height\" content=\"1594\" \/>\n\t<meta property=\"og:image:type\" content=\"image\/jpeg\" \/>\n<meta name=\"author\" content=\"Dpress.ma\" \/>\n<meta name=\"twitter:card\" content=\"summary_large_image\" \/>\n<meta name=\"twitter:label1\" content=\"\u00c9crit par\" \/>\n\t<meta name=\"twitter:data1\" content=\"Dpress.ma\" \/>\n\t<meta name=\"twitter:label2\" content=\"Dur\u00e9e de lecture estim\u00e9e\" \/>\n\t<meta name=\"twitter:data2\" content=\"4 minutes\" \/>\n<script type=\"application\/ld+json\" class=\"yoast-schema-graph\">{\"@context\":\"https:\\\/\\\/schema.org\",\"@graph\":[{\"@type\":\"Article\",\"@id\":\"https:\\\/\\\/dpress.ma\\\/fr\\\/2026\\\/04\\\/07\\\/le-renforcement-du-partenariat-strategique-dans-le-domaine-de-la-justice-au-centre-dentretiens-entre-m-ouahbi-et-son-homologue-des-pays-bas\\\/#article\",\"isPartOf\":{\"@id\":\"https:\\\/\\\/dpress.ma\\\/fr\\\/2026\\\/04\\\/07\\\/le-renforcement-du-partenariat-strategique-dans-le-domaine-de-la-justice-au-centre-dentretiens-entre-m-ouahbi-et-son-homologue-des-pays-bas\\\/\"},\"author\":{\"name\":\"Dpress.ma\",\"@id\":\"https:\\\/\\\/dpress.ma\\\/fr\\\/#\\\/schema\\\/person\\\/4898febf3ccd59e6578d838656a306a0\"},\"headline\":\"Le renforcement du partenariat strat\u00e9gique dans le domaine de la justice au centre d\u2019entretiens entre M. Ouahbi et son homologue des Pays-Bas\",\"datePublished\":\"2026-04-07T16:35:18+00:00\",\"dateModified\":\"2026-04-07T16:35:21+00:00\",\"mainEntityOfPage\":{\"@id\":\"https:\\\/\\\/dpress.ma\\\/fr\\\/2026\\\/04\\\/07\\\/le-renforcement-du-partenariat-strategique-dans-le-domaine-de-la-justice-au-centre-dentretiens-entre-m-ouahbi-et-son-homologue-des-pays-bas\\\/\"},\"wordCount\":801,\"commentCount\":0,\"image\":{\"@id\":\"https:\\\/\\\/dpress.ma\\\/fr\\\/2026\\\/04\\\/07\\\/le-renforcement-du-partenariat-strategique-dans-le-domaine-de-la-justice-au-centre-dentretiens-entre-m-ouahbi-et-son-homologue-des-pays-bas\\\/#primaryimage\"},\"thumbnailUrl\":\"https:\\\/\\\/dpress.ma\\\/fr\\\/wp-content\\\/uploads\\\/sites\\\/2\\\/2026\\\/04\\\/11-2.jpg\",\"articleSection\":[\"Diplomatie Parlementaire\"],\"inLanguage\":\"fr-FR\",\"potentialAction\":[{\"@type\":\"CommentAction\",\"name\":\"Comment\",\"target\":[\"https:\\\/\\\/dpress.ma\\\/fr\\\/2026\\\/04\\\/07\\\/le-renforcement-du-partenariat-strategique-dans-le-domaine-de-la-justice-au-centre-dentretiens-entre-m-ouahbi-et-son-homologue-des-pays-bas\\\/#respond\"]}]},{\"@type\":\"WebPage\",\"@id\":\"https:\\\/\\\/dpress.ma\\\/fr\\\/2026\\\/04\\\/07\\\/le-renforcement-du-partenariat-strategique-dans-le-domaine-de-la-justice-au-centre-dentretiens-entre-m-ouahbi-et-son-homologue-des-pays-bas\\\/\",\"url\":\"https:\\\/\\\/dpress.ma\\\/fr\\\/2026\\\/04\\\/07\\\/le-renforcement-du-partenariat-strategique-dans-le-domaine-de-la-justice-au-centre-dentretiens-entre-m-ouahbi-et-son-homologue-des-pays-bas\\\/\",\"name\":\"Le renforcement du partenariat strat\u00e9gique dans le domaine de la justice au centre d\u2019entretiens entre M. Ouahbi et son homologue des Pays-Bas - Dpress.ma\\\/fr\",\"isPartOf\":{\"@id\":\"https:\\\/\\\/dpress.ma\\\/fr\\\/#website\"},\"primaryImageOfPage\":{\"@id\":\"https:\\\/\\\/dpress.ma\\\/fr\\\/2026\\\/04\\\/07\\\/le-renforcement-du-partenariat-strategique-dans-le-domaine-de-la-justice-au-centre-dentretiens-entre-m-ouahbi-et-son-homologue-des-pays-bas\\\/#primaryimage\"},\"image\":{\"@id\":\"https:\\\/\\\/dpress.ma\\\/fr\\\/2026\\\/04\\\/07\\\/le-renforcement-du-partenariat-strategique-dans-le-domaine-de-la-justice-au-centre-dentretiens-entre-m-ouahbi-et-son-homologue-des-pays-bas\\\/#primaryimage\"},\"thumbnailUrl\":\"https:\\\/\\\/dpress.ma\\\/fr\\\/wp-content\\\/uploads\\\/sites\\\/2\\\/2026\\\/04\\\/11-2.jpg\",\"datePublished\":\"2026-04-07T16:35:18+00:00\",\"dateModified\":\"2026-04-07T16:35:21+00:00\",\"author\":{\"@id\":\"https:\\\/\\\/dpress.ma\\\/fr\\\/#\\\/schema\\\/person\\\/4898febf3ccd59e6578d838656a306a0\"},\"breadcrumb\":{\"@id\":\"https:\\\/\\\/dpress.ma\\\/fr\\\/2026\\\/04\\\/07\\\/le-renforcement-du-partenariat-strategique-dans-le-domaine-de-la-justice-au-centre-dentretiens-entre-m-ouahbi-et-son-homologue-des-pays-bas\\\/#breadcrumb\"},\"inLanguage\":\"fr-FR\",\"potentialAction\":[{\"@type\":\"ReadAction\",\"target\":[\"https:\\\/\\\/dpress.ma\\\/fr\\\/2026\\\/04\\\/07\\\/le-renforcement-du-partenariat-strategique-dans-le-domaine-de-la-justice-au-centre-dentretiens-entre-m-ouahbi-et-son-homologue-des-pays-bas\\\/\"]}]},{\"@type\":\"ImageObject\",\"inLanguage\":\"fr-FR\",\"@id\":\"https:\\\/\\\/dpress.ma\\\/fr\\\/2026\\\/04\\\/07\\\/le-renforcement-du-partenariat-strategique-dans-le-domaine-de-la-justice-au-centre-dentretiens-entre-m-ouahbi-et-son-homologue-des-pays-bas\\\/#primaryimage\",\"url\":\"https:\\\/\\\/dpress.ma\\\/fr\\\/wp-content\\\/uploads\\\/sites\\\/2\\\/2026\\\/04\\\/11-2.jpg\",\"contentUrl\":\"https:\\\/\\\/dpress.ma\\\/fr\\\/wp-content\\\/uploads\\\/sites\\\/2\\\/2026\\\/04\\\/11-2.jpg\",\"width\":2539,\"height\":1594},{\"@type\":\"BreadcrumbList\",\"@id\":\"https:\\\/\\\/dpress.ma\\\/fr\\\/2026\\\/04\\\/07\\\/le-renforcement-du-partenariat-strategique-dans-le-domaine-de-la-justice-au-centre-dentretiens-entre-m-ouahbi-et-son-homologue-des-pays-bas\\\/#breadcrumb\",\"itemListElement\":[{\"@type\":\"ListItem\",\"position\":1,\"name\":\"Home\",\"item\":\"https:\\\/\\\/dpress.ma\\\/fr\\\/\"},{\"@type\":\"ListItem\",\"position\":2,\"name\":\"Le renforcement du partenariat strat\u00e9gique dans le domaine de la justice au centre d\u2019entretiens entre M. Ouahbi et son homologue des Pays-Bas\"}]},{\"@type\":\"WebSite\",\"@id\":\"https:\\\/\\\/dpress.ma\\\/fr\\\/#website\",\"url\":\"https:\\\/\\\/dpress.ma\\\/fr\\\/\",\"name\":\"Dpress.ma\\\/fr\",\"description\":\"\",\"potentialAction\":[{\"@type\":\"SearchAction\",\"target\":{\"@type\":\"EntryPoint\",\"urlTemplate\":\"https:\\\/\\\/dpress.ma\\\/fr\\\/?s={search_term_string}\"},\"query-input\":{\"@type\":\"PropertyValueSpecification\",\"valueRequired\":true,\"valueName\":\"search_term_string\"}}],\"inLanguage\":\"fr-FR\"},{\"@type\":\"Person\",\"@id\":\"https:\\\/\\\/dpress.ma\\\/fr\\\/#\\\/schema\\\/person\\\/4898febf3ccd59e6578d838656a306a0\",\"name\":\"Dpress.ma\",\"image\":{\"@type\":\"ImageObject\",\"inLanguage\":\"fr-FR\",\"@id\":\"https:\\\/\\\/secure.gravatar.com\\\/avatar\\\/72ecc30e9db047a2e0e7176561eb9d564ed77c8108376495b19bd8336405198a?s=96&d=mm&r=g\",\"url\":\"https:\\\/\\\/secure.gravatar.com\\\/avatar\\\/72ecc30e9db047a2e0e7176561eb9d564ed77c8108376495b19bd8336405198a?s=96&d=mm&r=g\",\"contentUrl\":\"https:\\\/\\\/secure.gravatar.com\\\/avatar\\\/72ecc30e9db047a2e0e7176561eb9d564ed77c8108376495b19bd8336405198a?s=96&d=mm&r=g\",\"caption\":\"Dpress.ma\"},\"sameAs\":[\"https:\\\/\\\/www.dpress.ma\"],\"url\":\"https:\\\/\\\/dpress.ma\\\/fr\\\/author\\\/dpress-ma\\\/\"}]}<\/script>\n<!-- \/ Yoast SEO plugin. -->","yoast_head_json":{"title":"Le renforcement du partenariat strat\u00e9gique dans le domaine de la justice au centre d\u2019entretiens entre M. Ouahbi et son homologue des Pays-Bas - Dpress.ma\/fr","robots":{"index":"index","follow":"follow","max-snippet":"max-snippet:-1","max-image-preview":"max-image-preview:large","max-video-preview":"max-video-preview:-1"},"canonical":"https:\/\/dpress.ma\/fr\/2026\/04\/07\/le-renforcement-du-partenariat-strategique-dans-le-domaine-de-la-justice-au-centre-dentretiens-entre-m-ouahbi-et-son-homologue-des-pays-bas\/","og_locale":"fr_FR","og_type":"article","og_title":"Le renforcement du partenariat strat\u00e9gique dans le domaine de la justice au centre d\u2019entretiens entre M. Ouahbi et son homologue des Pays-Bas - Dpress.ma\/fr","og_description":"Dpress Le ministre de la Justice, Abdellatif Ouahbi, s\u2019est entretenu, mardi \u00e0 Rabat, avec le ministre de la Justice du Royaume des Pays-Bas, David van Weel, qui effectue une visite de travail au Maroc \u00e0 la t\u00eate d\u2019une d\u00e9l\u00e9gation de haut niveau, autour du renforcement du partenariat strat\u00e9gique dans le domaine de la justice. Cette &hellip;","og_url":"https:\/\/dpress.ma\/fr\/2026\/04\/07\/le-renforcement-du-partenariat-strategique-dans-le-domaine-de-la-justice-au-centre-dentretiens-entre-m-ouahbi-et-son-homologue-des-pays-bas\/","og_site_name":"Dpress.ma\/fr","article_published_time":"2026-04-07T16:35:18+00:00","article_modified_time":"2026-04-07T16:35:21+00:00","og_image":[{"width":2539,"height":1594,"url":"https:\/\/dpress.ma\/fr\/wp-content\/uploads\/sites\/2\/2026\/04\/11-2.jpg","type":"image\/jpeg"}],"author":"Dpress.ma","twitter_card":"summary_large_image","twitter_misc":{"\u00c9crit par":"Dpress.ma","Dur\u00e9e de lecture estim\u00e9e":"4 minutes"},"schema":{"@context":"https:\/\/schema.org","@graph":[{"@type":"Article","@id":"https:\/\/dpress.ma\/fr\/2026\/04\/07\/le-renforcement-du-partenariat-strategique-dans-le-domaine-de-la-justice-au-centre-dentretiens-entre-m-ouahbi-et-son-homologue-des-pays-bas\/#article","isPartOf":{"@id":"https:\/\/dpress.ma\/fr\/2026\/04\/07\/le-renforcement-du-partenariat-strategique-dans-le-domaine-de-la-justice-au-centre-dentretiens-entre-m-ouahbi-et-son-homologue-des-pays-bas\/"},"author":{"name":"Dpress.ma","@id":"https:\/\/dpress.ma\/fr\/#\/schema\/person\/4898febf3ccd59e6578d838656a306a0"},"headline":"Le renforcement du partenariat strat\u00e9gique dans le domaine de la justice au centre d\u2019entretiens entre M. Ouahbi et son homologue des Pays-Bas","datePublished":"2026-04-07T16:35:18+00:00","dateModified":"2026-04-07T16:35:21+00:00","mainEntityOfPage":{"@id":"https:\/\/dpress.ma\/fr\/2026\/04\/07\/le-renforcement-du-partenariat-strategique-dans-le-domaine-de-la-justice-au-centre-dentretiens-entre-m-ouahbi-et-son-homologue-des-pays-bas\/"},"wordCount":801,"commentCount":0,"image":{"@id":"https:\/\/dpress.ma\/fr\/2026\/04\/07\/le-renforcement-du-partenariat-strategique-dans-le-domaine-de-la-justice-au-centre-dentretiens-entre-m-ouahbi-et-son-homologue-des-pays-bas\/#primaryimage"},"thumbnailUrl":"https:\/\/dpress.ma\/fr\/wp-content\/uploads\/sites\/2\/2026\/04\/11-2.jpg","articleSection":["Diplomatie Parlementaire"],"inLanguage":"fr-FR","potentialAction":[{"@type":"CommentAction","name":"Comment","target":["https:\/\/dpress.ma\/fr\/2026\/04\/07\/le-renforcement-du-partenariat-strategique-dans-le-domaine-de-la-justice-au-centre-dentretiens-entre-m-ouahbi-et-son-homologue-des-pays-bas\/#respond"]}]},{"@type":"WebPage","@id":"https:\/\/dpress.ma\/fr\/2026\/04\/07\/le-renforcement-du-partenariat-strategique-dans-le-domaine-de-la-justice-au-centre-dentretiens-entre-m-ouahbi-et-son-homologue-des-pays-bas\/","url":"https:\/\/dpress.ma\/fr\/2026\/04\/07\/le-renforcement-du-partenariat-strategique-dans-le-domaine-de-la-justice-au-centre-dentretiens-entre-m-ouahbi-et-son-homologue-des-pays-bas\/","name":"Le renforcement du partenariat strat\u00e9gique dans le domaine de la justice au centre d\u2019entretiens entre M. Ouahbi et son homologue des Pays-Bas - Dpress.ma\/fr","isPartOf":{"@id":"https:\/\/dpress.ma\/fr\/#website"},"primaryImageOfPage":{"@id":"https:\/\/dpress.ma\/fr\/2026\/04\/07\/le-renforcement-du-partenariat-strategique-dans-le-domaine-de-la-justice-au-centre-dentretiens-entre-m-ouahbi-et-son-homologue-des-pays-bas\/#primaryimage"},"image":{"@id":"https:\/\/dpress.ma\/fr\/2026\/04\/07\/le-renforcement-du-partenariat-strategique-dans-le-domaine-de-la-justice-au-centre-dentretiens-entre-m-ouahbi-et-son-homologue-des-pays-bas\/#primaryimage"},"thumbnailUrl":"https:\/\/dpress.ma\/fr\/wp-content\/uploads\/sites\/2\/2026\/04\/11-2.jpg","datePublished":"2026-04-07T16:35:18+00:00","dateModified":"2026-04-07T16:35:21+00:00","author":{"@id":"https:\/\/dpress.ma\/fr\/#\/schema\/person\/4898febf3ccd59e6578d838656a306a0"},"breadcrumb":{"@id":"https:\/\/dpress.ma\/fr\/2026\/04\/07\/le-renforcement-du-partenariat-strategique-dans-le-domaine-de-la-justice-au-centre-dentretiens-entre-m-ouahbi-et-son-homologue-des-pays-bas\/#breadcrumb"},"inLanguage":"fr-FR","potentialAction":[{"@type":"ReadAction","target":["https:\/\/dpress.ma\/fr\/2026\/04\/07\/le-renforcement-du-partenariat-strategique-dans-le-domaine-de-la-justice-au-centre-dentretiens-entre-m-ouahbi-et-son-homologue-des-pays-bas\/"]}]},{"@type":"ImageObject","inLanguage":"fr-FR","@id":"https:\/\/dpress.ma\/fr\/2026\/04\/07\/le-renforcement-du-partenariat-strategique-dans-le-domaine-de-la-justice-au-centre-dentretiens-entre-m-ouahbi-et-son-homologue-des-pays-bas\/#primaryimage","url":"https:\/\/dpress.ma\/fr\/wp-content\/uploads\/sites\/2\/2026\/04\/11-2.jpg","contentUrl":"https:\/\/dpress.ma\/fr\/wp-content\/uploads\/sites\/2\/2026\/04\/11-2.jpg","width":2539,"height":1594},{"@type":"BreadcrumbList","@id":"https:\/\/dpress.ma\/fr\/2026\/04\/07\/le-renforcement-du-partenariat-strategique-dans-le-domaine-de-la-justice-au-centre-dentretiens-entre-m-ouahbi-et-son-homologue-des-pays-bas\/#breadcrumb","itemListElement":[{"@type":"ListItem","position":1,"name":"Home","item":"https:\/\/dpress.ma\/fr\/"},{"@type":"ListItem","position":2,"name":"Le renforcement du partenariat strat\u00e9gique dans le domaine de la justice au centre d\u2019entretiens entre M. Ouahbi et son homologue des Pays-Bas"}]},{"@type":"WebSite","@id":"https:\/\/dpress.ma\/fr\/#website","url":"https:\/\/dpress.ma\/fr\/","name":"Dpress.ma\/fr","description":"","potentialAction":[{"@type":"SearchAction","target":{"@type":"EntryPoint","urlTemplate":"https:\/\/dpress.ma\/fr\/?s={search_term_string}"},"query-input":{"@type":"PropertyValueSpecification","valueRequired":true,"valueName":"search_term_string"}}],"inLanguage":"fr-FR"},{"@type":"Person","@id":"https:\/\/dpress.ma\/fr\/#\/schema\/person\/4898febf3ccd59e6578d838656a306a0","name":"Dpress.ma","image":{"@type":"ImageObject","inLanguage":"fr-FR","@id":"https:\/\/secure.gravatar.com\/avatar\/72ecc30e9db047a2e0e7176561eb9d564ed77c8108376495b19bd8336405198a?s=96&d=mm&r=g","url":"https:\/\/secure.gravatar.com\/avatar\/72ecc30e9db047a2e0e7176561eb9d564ed77c8108376495b19bd8336405198a?s=96&d=mm&r=g","contentUrl":"https:\/\/secure.gravatar.com\/avatar\/72ecc30e9db047a2e0e7176561eb9d564ed77c8108376495b19bd8336405198a?s=96&d=mm&r=g","caption":"Dpress.ma"},"sameAs":["https:\/\/www.dpress.ma"],"url":"https:\/\/dpress.ma\/fr\/author\/dpress-ma\/"}]}},"amp_enabled":true,"_links":{"self":[{"href":"https:\/\/dpress.ma\/fr\/wp-json\/wp\/v2\/posts\/27810","targetHints":{"allow":["GET"]}}],"collection":[{"href":"https:\/\/dpress.ma\/fr\/wp-json\/wp\/v2\/posts"}],"about":[{"href":"https:\/\/dpress.ma\/fr\/wp-json\/wp\/v2\/types\/post"}],"author":[{"embeddable":true,"href":"https:\/\/dpress.ma\/fr\/wp-json\/wp\/v2\/users\/2"}],"replies":[{"embeddable":true,"href":"https:\/\/dpress.ma\/fr\/wp-json\/wp\/v2\/comments?post=27810"}],"version-history":[{"count":1,"href":"https:\/\/dpress.ma\/fr\/wp-json\/wp\/v2\/posts\/27810\/revisions"}],"predecessor-version":[{"id":27812,"href":"https:\/\/dpress.ma\/fr\/wp-json\/wp\/v2\/posts\/27810\/revisions\/27812"}],"wp:featuredmedia":[{"embeddable":true,"href":"https:\/\/dpress.ma\/fr\/wp-json\/wp\/v2\/media\/27811"}],"wp:attachment":[{"href":"https:\/\/dpress.ma\/fr\/wp-json\/wp\/v2\/media?parent=27810"}],"wp:term":[{"taxonomy":"category","embeddable":true,"href":"https:\/\/dpress.ma\/fr\/wp-json\/wp\/v2\/categories?post=27810"},{"taxonomy":"post_tag","embeddable":true,"href":"https:\/\/dpress.ma\/fr\/wp-json\/wp\/v2\/tags?post=27810"}],"curies":[{"name":"wp","href":"https:\/\/api.w.org\/{rel}","templated":true}]}}