{"id":27807,"date":"2026-04-07T15:16:38","date_gmt":"2026-04-07T15:16:38","guid":{"rendered":"https:\/\/dpress.ma\/fr\/?p=27807"},"modified":"2026-04-07T15:16:40","modified_gmt":"2026-04-07T15:16:40","slug":"assilah-la-caravane-medicale-pluridisciplinaire-securaid-26-du-10-au-12-avril","status":"publish","type":"post","link":"https:\/\/dpress.ma\/fr\/2026\/04\/07\/assilah-la-caravane-medicale-pluridisciplinaire-securaid-26-du-10-au-12-avril\/","title":{"rendered":"Assilah: La caravane m\u00e9dicale pluridisciplinaire \u201cSecuraid\u202f26\u201d, du 10 au 12 avril"},"content":{"rendered":"\n<p>Dpress<\/p>\n\n\n\n<p>L\u2019Association Mekkil\u2019 pour la protection de la m\u00e8re et de l\u2019enfant en milieu rural d\u00e9ploie, du 10 au 12 avril au sud d\u2019Assilah, la caravane m\u00e9dicale pluridisciplinaire \u201cSecuraid\u202f26\u201d, au profit de la communaut\u00e9 du Sahel Chamali, regroupant quinze hameaux.<\/p>\n\n\n\n<p>Organis\u00e9e en partenariat avec l\u2019association Al Karam, avec le soutien du minist\u00e8re de la Sant\u00e9, du Groupement Sanitaire Territorial de Tanger-T\u00e9touan-Al Hoceima, ainsi que de la wilaya de la r\u00e9gion, la caravane mobilisera pr\u00e8s d\u2019une centaine de personnes, dont plus d\u2019une soixantaine de m\u00e9decins et professionnels de sant\u00e9 issus de diverses sp\u00e9cialit\u00e9s, venus de plusieurs villes du Royaume.<\/p>\n\n\n\n<p>Selon un communiqu\u00e9 des organisateurs, pr\u00e8s de 2.000 patients sont attendus durant ces trois jours pour b\u00e9n\u00e9ficier d\u2019une prise en charge personnalis\u00e9e \u00e0 travers des consultations en m\u00e9decine g\u00e9n\u00e9rale, p\u00e9diatrie et ORL, une mobilisation rendue possible gr\u00e2ce au soutien de la Soci\u00e9t\u00e9 marocaine d\u2019ORL, qui engage ses sp\u00e9cialistes aux c\u00f4t\u00e9s des \u00e9quipes m\u00e9dicales pour renforcer l\u2019acc\u00e8s aux soins.<\/p>\n\n\n\n<p>Parall\u00e8lement, des actions de d\u00e9pistage pr\u00e9ventif du diab\u00e8te et du cholest\u00e9rol sont int\u00e9gr\u00e9es afin d\u2019assurer une approche globale de la sant\u00e9, fait savoir la m\u00eame source, notant que les cardiologues pr\u00e9sents seront \u00e9quip\u00e9s d\u2019\u00e9lectrocardiogrammes pour diagnostiquer rapidement les pathologies cardiaques.<\/p>\n\n\n\n<p>Les \u00e9quipes dentaires pr\u00e9sentes proposeront des consultations sp\u00e9cialis\u00e9es, des actions de pr\u00e9vention et des ateliers \u00e9ducatifs destin\u00e9s aux enfants et aux m\u00e8res, appuy\u00e9s par un camion dentaire d\u00e9di\u00e9, ajoute le communiqu\u00e9, faisant savoir que dans cette dynamique, Unilever accompagne l\u2019initiative en fournissant des kits d\u2019hygi\u00e8ne bucco-dentaire et en soutenant des actions de sensibilisation durables.<\/p>\n\n\n\n<p>Par ailleurs, dans une d\u00e9marche de sant\u00e9 communautaire et de vigilance m\u00e9dicale, la caravane proposera des examens de d\u00e9pistage du cancer du sein et du cancer de l\u2019ut\u00e9rus, permettant ainsi une d\u00e9tection pr\u00e9coce et, pour les cas plus s\u00e9rieux, une orientation adapt\u00e9e vers les structures sp\u00e9cialis\u00e9es de suivi et de prise en charge.<\/p>\n\n\n\n<p>En pla\u00e7ant les femmes et les enfants au centre de son action, Securaid 26 r\u00e9affirme son engagement pour la dignit\u00e9 et la solidarit\u00e9.\u202fEn offrant des soins de proximit\u00e9, l\u2019initiative r\u00e9pond \u00e0 un besoin sanitaire et social, assurant aux m\u00e8res et aux enfants un suivi m\u00e9dical essentiel.<\/p>\n\n\n\n<p>En outre, un m\u00e9decin sp\u00e9cialis\u00e9 en m\u00e9decine physique et r\u00e9\u00e9ducation sera \u00e9galement pr\u00e9sent, garantissant une prise en charge adapt\u00e9e aux personnes en situation de handicap, outre&nbsp;une unit\u00e9 mobile de pharmacie qui accompagnera la caravane afin de garantir l\u2019acc\u00e8s gratuit aux m\u00e9dicaments essentiels pour la population b\u00e9n\u00e9ficiaire.<\/p>\n\n\n\n<p>Ce dispositif, mis \u00e0 disposition par Laprophan, compl\u00e8te la cha\u00eene de prise en charge et assure une continuit\u00e9 imm\u00e9diate entre diagnostic et traitement, explique la m\u00eame source.<\/p>\n\n\n\n<p>La caravane \u201cSecuraid 26\u201d mettra aussi en place un espace d\u00e9di\u00e9 aux enfants proposant activit\u00e9s, jeux et animations p\u00e9dagogiques afin de transformer l\u2019attente en moments de joie et d\u2019apprentissage. Un dispositif qui permet d\u2019att\u00e9nuer la peur des blouses blanches, mais aussi de cr\u00e9er un environnement chaleureux et rassurant pour les familles.<\/p>\n\n\n\n<p>La premi\u00e8re matin\u00e9e sera consacr\u00e9e aux \u00e9l\u00e8ves de l\u2019\u00e9cole primaire de Mejoual, \u00e0 travers des consultations p\u00e9diatriques et dentaires, rel\u00e8ve le communiqu\u00e9, ajoutant qu\u2019une campagne de sensibilisation, centr\u00e9e sur la formation aux gestes de premiers secours, la s\u00e9curit\u00e9 civile et la transmission des gestes qui sauvent, leur sera d\u00e9di\u00e9e.<\/p>\n\n\n\n<p>Cette initiative s\u2019inscrit dans la continuit\u00e9 des actions men\u00e9es par l\u2019association Mekkil\u2019. Active dans les domaines de la sant\u00e9, de l\u2019\u00e9ducation, de la promotion et autonomisation de la femme, de l\u2019assainissement et de l\u2019environnement, Mekkil\u2019 a d\u00e9j\u00e0 d\u00e9ploy\u00e9 des programmes dans plusieurs r\u00e9gions du Royaume, notamment \u00e0 Al Hoceima, Tiznit, A\u00eft Semgane, Marrakech et Al Haouz.<\/p>\n\n\n\n<p>Son engagement constant t\u00e9moigne d\u2019une volont\u00e9 de renforcer la solidarit\u00e9 et de promouvoir un d\u00e9veloppement durable au service des communaut\u00e9s rurales.<\/p>\n","protected":false},"excerpt":{"rendered":"<p>Dpress L\u2019Association Mekkil\u2019 pour la protection de la m\u00e8re et de l\u2019enfant en milieu rural d\u00e9ploie, du 10 au 12 avril au sud d\u2019Assilah, la caravane m\u00e9dicale pluridisciplinaire \u201cSecuraid\u202f26\u201d, au profit de la communaut\u00e9 du Sahel Chamali, regroupant quinze hameaux. Organis\u00e9e en partenariat avec l\u2019association Al Karam, avec le soutien du minist\u00e8re de la Sant\u00e9, &hellip;<\/p>\n","protected":false},"author":2,"featured_media":27808,"comment_status":"open","ping_status":"open","sticky":false,"template":"","format":"standard","meta":{"footnotes":""},"categories":[40],"tags":[],"class_list":["post-27807","post","type-post","status-publish","format-standard","has-post-thumbnail","hentry","category-societe-et-regions"],"yoast_head":"<!-- This site is optimized with the Yoast SEO plugin v27.5 - https:\/\/yoast.com\/product\/yoast-seo-wordpress\/ -->\n<title>Assilah: La caravane m\u00e9dicale pluridisciplinaire \u201cSecuraid\u202f26\u201d, du 10 au 12 avril - Dpress.ma\/fr<\/title>\n<meta name=\"robots\" content=\"index, follow, max-snippet:-1, max-image-preview:large, max-video-preview:-1\" \/>\n<link rel=\"canonical\" href=\"https:\/\/dpress.ma\/fr\/2026\/04\/07\/assilah-la-caravane-medicale-pluridisciplinaire-securaid-26-du-10-au-12-avril\/\" \/>\n<meta property=\"og:locale\" content=\"fr_FR\" \/>\n<meta property=\"og:type\" content=\"article\" \/>\n<meta property=\"og:title\" content=\"Assilah: La caravane m\u00e9dicale pluridisciplinaire \u201cSecuraid\u202f26\u201d, du 10 au 12 avril - Dpress.ma\/fr\" \/>\n<meta property=\"og:description\" content=\"Dpress L\u2019Association Mekkil\u2019 pour la protection de la m\u00e8re et de l\u2019enfant en milieu rural d\u00e9ploie, du 10 au 12 avril au sud d\u2019Assilah, la caravane m\u00e9dicale pluridisciplinaire \u201cSecuraid\u202f26\u201d, au profit de la communaut\u00e9 du Sahel Chamali, regroupant quinze hameaux. Organis\u00e9e en partenariat avec l\u2019association Al Karam, avec le soutien du minist\u00e8re de la Sant\u00e9, &hellip;\" \/>\n<meta property=\"og:url\" content=\"https:\/\/dpress.ma\/fr\/2026\/04\/07\/assilah-la-caravane-medicale-pluridisciplinaire-securaid-26-du-10-au-12-avril\/\" \/>\n<meta property=\"og:site_name\" content=\"Dpress.ma\/fr\" \/>\n<meta property=\"article:published_time\" content=\"2026-04-07T15:16:38+00:00\" \/>\n<meta property=\"article:modified_time\" content=\"2026-04-07T15:16:40+00:00\" \/>\n<meta property=\"og:image\" content=\"https:\/\/dpress.ma\/fr\/wp-content\/uploads\/sites\/2\/2026\/04\/38-4.jpg\" \/>\n\t<meta property=\"og:image:width\" content=\"2539\" \/>\n\t<meta property=\"og:image:height\" content=\"1594\" \/>\n\t<meta property=\"og:image:type\" content=\"image\/jpeg\" \/>\n<meta name=\"author\" content=\"Dpress.ma\" \/>\n<meta name=\"twitter:card\" content=\"summary_large_image\" \/>\n<meta name=\"twitter:label1\" content=\"\u00c9crit par\" \/>\n\t<meta name=\"twitter:data1\" content=\"Dpress.ma\" \/>\n\t<meta name=\"twitter:label2\" content=\"Dur\u00e9e de lecture estim\u00e9e\" \/>\n\t<meta name=\"twitter:data2\" content=\"4 minutes\" \/>\n<script type=\"application\/ld+json\" class=\"yoast-schema-graph\">{\"@context\":\"https:\\\/\\\/schema.org\",\"@graph\":[{\"@type\":\"Article\",\"@id\":\"https:\\\/\\\/dpress.ma\\\/fr\\\/2026\\\/04\\\/07\\\/assilah-la-caravane-medicale-pluridisciplinaire-securaid-26-du-10-au-12-avril\\\/#article\",\"isPartOf\":{\"@id\":\"https:\\\/\\\/dpress.ma\\\/fr\\\/2026\\\/04\\\/07\\\/assilah-la-caravane-medicale-pluridisciplinaire-securaid-26-du-10-au-12-avril\\\/\"},\"author\":{\"name\":\"Dpress.ma\",\"@id\":\"https:\\\/\\\/dpress.ma\\\/fr\\\/#\\\/schema\\\/person\\\/4898febf3ccd59e6578d838656a306a0\"},\"headline\":\"Assilah: La caravane m\u00e9dicale pluridisciplinaire \u201cSecuraid\u202f26\u201d, du 10 au 12 avril\",\"datePublished\":\"2026-04-07T15:16:38+00:00\",\"dateModified\":\"2026-04-07T15:16:40+00:00\",\"mainEntityOfPage\":{\"@id\":\"https:\\\/\\\/dpress.ma\\\/fr\\\/2026\\\/04\\\/07\\\/assilah-la-caravane-medicale-pluridisciplinaire-securaid-26-du-10-au-12-avril\\\/\"},\"wordCount\":726,\"commentCount\":0,\"image\":{\"@id\":\"https:\\\/\\\/dpress.ma\\\/fr\\\/2026\\\/04\\\/07\\\/assilah-la-caravane-medicale-pluridisciplinaire-securaid-26-du-10-au-12-avril\\\/#primaryimage\"},\"thumbnailUrl\":\"https:\\\/\\\/dpress.ma\\\/fr\\\/wp-content\\\/uploads\\\/sites\\\/2\\\/2026\\\/04\\\/38-4.jpg\",\"articleSection\":[\"societe et regions\"],\"inLanguage\":\"fr-FR\",\"potentialAction\":[{\"@type\":\"CommentAction\",\"name\":\"Comment\",\"target\":[\"https:\\\/\\\/dpress.ma\\\/fr\\\/2026\\\/04\\\/07\\\/assilah-la-caravane-medicale-pluridisciplinaire-securaid-26-du-10-au-12-avril\\\/#respond\"]}]},{\"@type\":\"WebPage\",\"@id\":\"https:\\\/\\\/dpress.ma\\\/fr\\\/2026\\\/04\\\/07\\\/assilah-la-caravane-medicale-pluridisciplinaire-securaid-26-du-10-au-12-avril\\\/\",\"url\":\"https:\\\/\\\/dpress.ma\\\/fr\\\/2026\\\/04\\\/07\\\/assilah-la-caravane-medicale-pluridisciplinaire-securaid-26-du-10-au-12-avril\\\/\",\"name\":\"Assilah: La caravane m\u00e9dicale pluridisciplinaire \u201cSecuraid\u202f26\u201d, du 10 au 12 avril - Dpress.ma\\\/fr\",\"isPartOf\":{\"@id\":\"https:\\\/\\\/dpress.ma\\\/fr\\\/#website\"},\"primaryImageOfPage\":{\"@id\":\"https:\\\/\\\/dpress.ma\\\/fr\\\/2026\\\/04\\\/07\\\/assilah-la-caravane-medicale-pluridisciplinaire-securaid-26-du-10-au-12-avril\\\/#primaryimage\"},\"image\":{\"@id\":\"https:\\\/\\\/dpress.ma\\\/fr\\\/2026\\\/04\\\/07\\\/assilah-la-caravane-medicale-pluridisciplinaire-securaid-26-du-10-au-12-avril\\\/#primaryimage\"},\"thumbnailUrl\":\"https:\\\/\\\/dpress.ma\\\/fr\\\/wp-content\\\/uploads\\\/sites\\\/2\\\/2026\\\/04\\\/38-4.jpg\",\"datePublished\":\"2026-04-07T15:16:38+00:00\",\"dateModified\":\"2026-04-07T15:16:40+00:00\",\"author\":{\"@id\":\"https:\\\/\\\/dpress.ma\\\/fr\\\/#\\\/schema\\\/person\\\/4898febf3ccd59e6578d838656a306a0\"},\"breadcrumb\":{\"@id\":\"https:\\\/\\\/dpress.ma\\\/fr\\\/2026\\\/04\\\/07\\\/assilah-la-caravane-medicale-pluridisciplinaire-securaid-26-du-10-au-12-avril\\\/#breadcrumb\"},\"inLanguage\":\"fr-FR\",\"potentialAction\":[{\"@type\":\"ReadAction\",\"target\":[\"https:\\\/\\\/dpress.ma\\\/fr\\\/2026\\\/04\\\/07\\\/assilah-la-caravane-medicale-pluridisciplinaire-securaid-26-du-10-au-12-avril\\\/\"]}]},{\"@type\":\"ImageObject\",\"inLanguage\":\"fr-FR\",\"@id\":\"https:\\\/\\\/dpress.ma\\\/fr\\\/2026\\\/04\\\/07\\\/assilah-la-caravane-medicale-pluridisciplinaire-securaid-26-du-10-au-12-avril\\\/#primaryimage\",\"url\":\"https:\\\/\\\/dpress.ma\\\/fr\\\/wp-content\\\/uploads\\\/sites\\\/2\\\/2026\\\/04\\\/38-4.jpg\",\"contentUrl\":\"https:\\\/\\\/dpress.ma\\\/fr\\\/wp-content\\\/uploads\\\/sites\\\/2\\\/2026\\\/04\\\/38-4.jpg\",\"width\":2539,\"height\":1594},{\"@type\":\"BreadcrumbList\",\"@id\":\"https:\\\/\\\/dpress.ma\\\/fr\\\/2026\\\/04\\\/07\\\/assilah-la-caravane-medicale-pluridisciplinaire-securaid-26-du-10-au-12-avril\\\/#breadcrumb\",\"itemListElement\":[{\"@type\":\"ListItem\",\"position\":1,\"name\":\"Home\",\"item\":\"https:\\\/\\\/dpress.ma\\\/fr\\\/\"},{\"@type\":\"ListItem\",\"position\":2,\"name\":\"Assilah: La caravane m\u00e9dicale pluridisciplinaire \u201cSecuraid\u202f26\u201d, du 10 au 12 avril\"}]},{\"@type\":\"WebSite\",\"@id\":\"https:\\\/\\\/dpress.ma\\\/fr\\\/#website\",\"url\":\"https:\\\/\\\/dpress.ma\\\/fr\\\/\",\"name\":\"Dpress.ma\\\/fr\",\"description\":\"\",\"potentialAction\":[{\"@type\":\"SearchAction\",\"target\":{\"@type\":\"EntryPoint\",\"urlTemplate\":\"https:\\\/\\\/dpress.ma\\\/fr\\\/?s={search_term_string}\"},\"query-input\":{\"@type\":\"PropertyValueSpecification\",\"valueRequired\":true,\"valueName\":\"search_term_string\"}}],\"inLanguage\":\"fr-FR\"},{\"@type\":\"Person\",\"@id\":\"https:\\\/\\\/dpress.ma\\\/fr\\\/#\\\/schema\\\/person\\\/4898febf3ccd59e6578d838656a306a0\",\"name\":\"Dpress.ma\",\"image\":{\"@type\":\"ImageObject\",\"inLanguage\":\"fr-FR\",\"@id\":\"https:\\\/\\\/secure.gravatar.com\\\/avatar\\\/72ecc30e9db047a2e0e7176561eb9d564ed77c8108376495b19bd8336405198a?s=96&d=mm&r=g\",\"url\":\"https:\\\/\\\/secure.gravatar.com\\\/avatar\\\/72ecc30e9db047a2e0e7176561eb9d564ed77c8108376495b19bd8336405198a?s=96&d=mm&r=g\",\"contentUrl\":\"https:\\\/\\\/secure.gravatar.com\\\/avatar\\\/72ecc30e9db047a2e0e7176561eb9d564ed77c8108376495b19bd8336405198a?s=96&d=mm&r=g\",\"caption\":\"Dpress.ma\"},\"sameAs\":[\"https:\\\/\\\/www.dpress.ma\"],\"url\":\"https:\\\/\\\/dpress.ma\\\/fr\\\/author\\\/dpress-ma\\\/\"}]}<\/script>\n<!-- \/ Yoast SEO plugin. -->","yoast_head_json":{"title":"Assilah: La caravane m\u00e9dicale pluridisciplinaire \u201cSecuraid\u202f26\u201d, du 10 au 12 avril - Dpress.ma\/fr","robots":{"index":"index","follow":"follow","max-snippet":"max-snippet:-1","max-image-preview":"max-image-preview:large","max-video-preview":"max-video-preview:-1"},"canonical":"https:\/\/dpress.ma\/fr\/2026\/04\/07\/assilah-la-caravane-medicale-pluridisciplinaire-securaid-26-du-10-au-12-avril\/","og_locale":"fr_FR","og_type":"article","og_title":"Assilah: La caravane m\u00e9dicale pluridisciplinaire \u201cSecuraid\u202f26\u201d, du 10 au 12 avril - Dpress.ma\/fr","og_description":"Dpress L\u2019Association Mekkil\u2019 pour la protection de la m\u00e8re et de l\u2019enfant en milieu rural d\u00e9ploie, du 10 au 12 avril au sud d\u2019Assilah, la caravane m\u00e9dicale pluridisciplinaire \u201cSecuraid\u202f26\u201d, au profit de la communaut\u00e9 du Sahel Chamali, regroupant quinze hameaux. Organis\u00e9e en partenariat avec l\u2019association Al Karam, avec le soutien du minist\u00e8re de la Sant\u00e9, &hellip;","og_url":"https:\/\/dpress.ma\/fr\/2026\/04\/07\/assilah-la-caravane-medicale-pluridisciplinaire-securaid-26-du-10-au-12-avril\/","og_site_name":"Dpress.ma\/fr","article_published_time":"2026-04-07T15:16:38+00:00","article_modified_time":"2026-04-07T15:16:40+00:00","og_image":[{"width":2539,"height":1594,"url":"https:\/\/dpress.ma\/fr\/wp-content\/uploads\/sites\/2\/2026\/04\/38-4.jpg","type":"image\/jpeg"}],"author":"Dpress.ma","twitter_card":"summary_large_image","twitter_misc":{"\u00c9crit par":"Dpress.ma","Dur\u00e9e de lecture estim\u00e9e":"4 minutes"},"schema":{"@context":"https:\/\/schema.org","@graph":[{"@type":"Article","@id":"https:\/\/dpress.ma\/fr\/2026\/04\/07\/assilah-la-caravane-medicale-pluridisciplinaire-securaid-26-du-10-au-12-avril\/#article","isPartOf":{"@id":"https:\/\/dpress.ma\/fr\/2026\/04\/07\/assilah-la-caravane-medicale-pluridisciplinaire-securaid-26-du-10-au-12-avril\/"},"author":{"name":"Dpress.ma","@id":"https:\/\/dpress.ma\/fr\/#\/schema\/person\/4898febf3ccd59e6578d838656a306a0"},"headline":"Assilah: La caravane m\u00e9dicale pluridisciplinaire \u201cSecuraid\u202f26\u201d, du 10 au 12 avril","datePublished":"2026-04-07T15:16:38+00:00","dateModified":"2026-04-07T15:16:40+00:00","mainEntityOfPage":{"@id":"https:\/\/dpress.ma\/fr\/2026\/04\/07\/assilah-la-caravane-medicale-pluridisciplinaire-securaid-26-du-10-au-12-avril\/"},"wordCount":726,"commentCount":0,"image":{"@id":"https:\/\/dpress.ma\/fr\/2026\/04\/07\/assilah-la-caravane-medicale-pluridisciplinaire-securaid-26-du-10-au-12-avril\/#primaryimage"},"thumbnailUrl":"https:\/\/dpress.ma\/fr\/wp-content\/uploads\/sites\/2\/2026\/04\/38-4.jpg","articleSection":["societe et regions"],"inLanguage":"fr-FR","potentialAction":[{"@type":"CommentAction","name":"Comment","target":["https:\/\/dpress.ma\/fr\/2026\/04\/07\/assilah-la-caravane-medicale-pluridisciplinaire-securaid-26-du-10-au-12-avril\/#respond"]}]},{"@type":"WebPage","@id":"https:\/\/dpress.ma\/fr\/2026\/04\/07\/assilah-la-caravane-medicale-pluridisciplinaire-securaid-26-du-10-au-12-avril\/","url":"https:\/\/dpress.ma\/fr\/2026\/04\/07\/assilah-la-caravane-medicale-pluridisciplinaire-securaid-26-du-10-au-12-avril\/","name":"Assilah: La caravane m\u00e9dicale pluridisciplinaire \u201cSecuraid\u202f26\u201d, du 10 au 12 avril - Dpress.ma\/fr","isPartOf":{"@id":"https:\/\/dpress.ma\/fr\/#website"},"primaryImageOfPage":{"@id":"https:\/\/dpress.ma\/fr\/2026\/04\/07\/assilah-la-caravane-medicale-pluridisciplinaire-securaid-26-du-10-au-12-avril\/#primaryimage"},"image":{"@id":"https:\/\/dpress.ma\/fr\/2026\/04\/07\/assilah-la-caravane-medicale-pluridisciplinaire-securaid-26-du-10-au-12-avril\/#primaryimage"},"thumbnailUrl":"https:\/\/dpress.ma\/fr\/wp-content\/uploads\/sites\/2\/2026\/04\/38-4.jpg","datePublished":"2026-04-07T15:16:38+00:00","dateModified":"2026-04-07T15:16:40+00:00","author":{"@id":"https:\/\/dpress.ma\/fr\/#\/schema\/person\/4898febf3ccd59e6578d838656a306a0"},"breadcrumb":{"@id":"https:\/\/dpress.ma\/fr\/2026\/04\/07\/assilah-la-caravane-medicale-pluridisciplinaire-securaid-26-du-10-au-12-avril\/#breadcrumb"},"inLanguage":"fr-FR","potentialAction":[{"@type":"ReadAction","target":["https:\/\/dpress.ma\/fr\/2026\/04\/07\/assilah-la-caravane-medicale-pluridisciplinaire-securaid-26-du-10-au-12-avril\/"]}]},{"@type":"ImageObject","inLanguage":"fr-FR","@id":"https:\/\/dpress.ma\/fr\/2026\/04\/07\/assilah-la-caravane-medicale-pluridisciplinaire-securaid-26-du-10-au-12-avril\/#primaryimage","url":"https:\/\/dpress.ma\/fr\/wp-content\/uploads\/sites\/2\/2026\/04\/38-4.jpg","contentUrl":"https:\/\/dpress.ma\/fr\/wp-content\/uploads\/sites\/2\/2026\/04\/38-4.jpg","width":2539,"height":1594},{"@type":"BreadcrumbList","@id":"https:\/\/dpress.ma\/fr\/2026\/04\/07\/assilah-la-caravane-medicale-pluridisciplinaire-securaid-26-du-10-au-12-avril\/#breadcrumb","itemListElement":[{"@type":"ListItem","position":1,"name":"Home","item":"https:\/\/dpress.ma\/fr\/"},{"@type":"ListItem","position":2,"name":"Assilah: La caravane m\u00e9dicale pluridisciplinaire \u201cSecuraid\u202f26\u201d, du 10 au 12 avril"}]},{"@type":"WebSite","@id":"https:\/\/dpress.ma\/fr\/#website","url":"https:\/\/dpress.ma\/fr\/","name":"Dpress.ma\/fr","description":"","potentialAction":[{"@type":"SearchAction","target":{"@type":"EntryPoint","urlTemplate":"https:\/\/dpress.ma\/fr\/?s={search_term_string}"},"query-input":{"@type":"PropertyValueSpecification","valueRequired":true,"valueName":"search_term_string"}}],"inLanguage":"fr-FR"},{"@type":"Person","@id":"https:\/\/dpress.ma\/fr\/#\/schema\/person\/4898febf3ccd59e6578d838656a306a0","name":"Dpress.ma","image":{"@type":"ImageObject","inLanguage":"fr-FR","@id":"https:\/\/secure.gravatar.com\/avatar\/72ecc30e9db047a2e0e7176561eb9d564ed77c8108376495b19bd8336405198a?s=96&d=mm&r=g","url":"https:\/\/secure.gravatar.com\/avatar\/72ecc30e9db047a2e0e7176561eb9d564ed77c8108376495b19bd8336405198a?s=96&d=mm&r=g","contentUrl":"https:\/\/secure.gravatar.com\/avatar\/72ecc30e9db047a2e0e7176561eb9d564ed77c8108376495b19bd8336405198a?s=96&d=mm&r=g","caption":"Dpress.ma"},"sameAs":["https:\/\/www.dpress.ma"],"url":"https:\/\/dpress.ma\/fr\/author\/dpress-ma\/"}]}},"amp_enabled":true,"_links":{"self":[{"href":"https:\/\/dpress.ma\/fr\/wp-json\/wp\/v2\/posts\/27807","targetHints":{"allow":["GET"]}}],"collection":[{"href":"https:\/\/dpress.ma\/fr\/wp-json\/wp\/v2\/posts"}],"about":[{"href":"https:\/\/dpress.ma\/fr\/wp-json\/wp\/v2\/types\/post"}],"author":[{"embeddable":true,"href":"https:\/\/dpress.ma\/fr\/wp-json\/wp\/v2\/users\/2"}],"replies":[{"embeddable":true,"href":"https:\/\/dpress.ma\/fr\/wp-json\/wp\/v2\/comments?post=27807"}],"version-history":[{"count":1,"href":"https:\/\/dpress.ma\/fr\/wp-json\/wp\/v2\/posts\/27807\/revisions"}],"predecessor-version":[{"id":27809,"href":"https:\/\/dpress.ma\/fr\/wp-json\/wp\/v2\/posts\/27807\/revisions\/27809"}],"wp:featuredmedia":[{"embeddable":true,"href":"https:\/\/dpress.ma\/fr\/wp-json\/wp\/v2\/media\/27808"}],"wp:attachment":[{"href":"https:\/\/dpress.ma\/fr\/wp-json\/wp\/v2\/media?parent=27807"}],"wp:term":[{"taxonomy":"category","embeddable":true,"href":"https:\/\/dpress.ma\/fr\/wp-json\/wp\/v2\/categories?post=27807"},{"taxonomy":"post_tag","embeddable":true,"href":"https:\/\/dpress.ma\/fr\/wp-json\/wp\/v2\/tags?post=27807"}],"curies":[{"name":"wp","href":"https:\/\/api.w.org\/{rel}","templated":true}]}}