{"id":27801,"date":"2026-04-07T14:21:08","date_gmt":"2026-04-07T14:21:08","guid":{"rendered":"https:\/\/dpress.ma\/fr\/?p=27801"},"modified":"2026-04-07T14:21:09","modified_gmt":"2026-04-07T14:21:09","slug":"le-maroc-un-pont-vers-le-monde-arabe-et-lafrique","status":"publish","type":"post","link":"https:\/\/dpress.ma\/fr\/2026\/04\/07\/le-maroc-un-pont-vers-le-monde-arabe-et-lafrique\/","title":{"rendered":"Le Maroc, un pont vers le monde arabe et l\u2019Afrique"},"content":{"rendered":"\n<p>Dpress<\/p>\n\n\n\n<p>Le pr\u00e9sident du Parlement du Mercosur (Parlasur), Rodrigo Gamarra, a mis en avant, mardi \u00e0 Rabat, l\u2019int\u00e9r\u00eat port\u00e9 par ce groupement&nbsp;sud-am\u00e9ricain au Royaume du Maroc consid\u00e9r\u00e9 comme&nbsp;\u201cpont vers le monde arabe et l\u2019Afrique\u201d.<\/p>\n\n\n\n<p>Dans une d\u00e9claration \u00e0 la presse \u00e0 l\u2019issue de ses entretiens avec le ministre des Affaires \u00c9trang\u00e8res, de la Coop\u00e9ration Africaine et des Marocains R\u00e9sidant \u00e0 l\u2019\u00c9tranger, Nasser Bourita, M. Gamarra a affirm\u00e9 que les relations entre le Parlasur et le Maroc rev\u00eatent une importance capitale, qualifiant le Royaume de pays fr\u00e8re et de passerelle vers le monde arabe et l\u2019Afrique.<\/p>\n\n\n\n<p>Il s\u2019est f\u00e9licit\u00e9, \u00e0 ce propos, des discussions \u201ctr\u00e8s fructueuses\u201d&nbsp;avec M. Bourita, notant que de telles rencontres constituent l\u2019occasion de rapprocher les points de vue et d\u2019examiner les questions d\u2019int\u00e9r\u00eat commun, tant pour l\u2019Afrique que pour l\u2019Am\u00e9rique du Sud.<\/p>\n\n\n\n<p>Il a, dans ce sens, mis en exergue le r\u00f4le fondamental de la diplomatie parlementaire, r\u00e9affirmant la disposition du Parlasur \u00e0 servir de vecteur pour le renforcement des relations du Maroc avec les pays de ce groupement sud-am\u00e9ricain.<\/p>\n\n\n\n<p>Concernant la question du Sahara marocain, M. Gamarra a rappel\u00e9, en sa qualit\u00e9 de d\u00e9put\u00e9 au Parlement du Paraguay, la position de son pays soutenant la r\u00e9solution 2797 du Conseil de s\u00e9curit\u00e9 des Nations Unies, qui appuie clairement la souverainet\u00e9 marocaine sur le Sahara, qualifiant cette r\u00e9solution de \u201cjalon pertinent et d\u2019issue \u00e0 ce conflit qui n\u2019a que trop dur\u00e9\u201d.<\/p>\n","protected":false},"excerpt":{"rendered":"<p>Dpress Le pr\u00e9sident du Parlement du Mercosur (Parlasur), Rodrigo Gamarra, a mis en avant, mardi \u00e0 Rabat, l\u2019int\u00e9r\u00eat port\u00e9 par ce groupement&nbsp;sud-am\u00e9ricain au Royaume du Maroc consid\u00e9r\u00e9 comme&nbsp;\u201cpont vers le monde arabe et l\u2019Afrique\u201d. Dans une d\u00e9claration \u00e0 la presse \u00e0 l\u2019issue de ses entretiens avec le ministre des Affaires \u00c9trang\u00e8res, de la Coop\u00e9ration Africaine &hellip;<\/p>\n","protected":false},"author":2,"featured_media":27802,"comment_status":"open","ping_status":"open","sticky":false,"template":"","format":"standard","meta":{"footnotes":""},"categories":[34],"tags":[],"class_list":["post-27801","post","type-post","status-publish","format-standard","has-post-thumbnail","hentry","category-diplomatie-parlementaire"],"yoast_head":"<!-- This site is optimized with the Yoast SEO plugin v27.5 - https:\/\/yoast.com\/product\/yoast-seo-wordpress\/ -->\n<title>Le Maroc, un pont vers le monde arabe et l\u2019Afrique - Dpress.ma\/fr<\/title>\n<meta name=\"robots\" content=\"index, follow, max-snippet:-1, max-image-preview:large, max-video-preview:-1\" \/>\n<link rel=\"canonical\" href=\"https:\/\/dpress.ma\/fr\/2026\/04\/07\/le-maroc-un-pont-vers-le-monde-arabe-et-lafrique\/\" \/>\n<meta property=\"og:locale\" content=\"fr_FR\" \/>\n<meta property=\"og:type\" content=\"article\" \/>\n<meta property=\"og:title\" content=\"Le Maroc, un pont vers le monde arabe et l\u2019Afrique - Dpress.ma\/fr\" \/>\n<meta property=\"og:description\" content=\"Dpress Le pr\u00e9sident du Parlement du Mercosur (Parlasur), Rodrigo Gamarra, a mis en avant, mardi \u00e0 Rabat, l\u2019int\u00e9r\u00eat port\u00e9 par ce groupement&nbsp;sud-am\u00e9ricain au Royaume du Maroc consid\u00e9r\u00e9 comme&nbsp;\u201cpont vers le monde arabe et l\u2019Afrique\u201d. Dans une d\u00e9claration \u00e0 la presse \u00e0 l\u2019issue de ses entretiens avec le ministre des Affaires \u00c9trang\u00e8res, de la Coop\u00e9ration Africaine &hellip;\" \/>\n<meta property=\"og:url\" content=\"https:\/\/dpress.ma\/fr\/2026\/04\/07\/le-maroc-un-pont-vers-le-monde-arabe-et-lafrique\/\" \/>\n<meta property=\"og:site_name\" content=\"Dpress.ma\/fr\" \/>\n<meta property=\"article:published_time\" content=\"2026-04-07T14:21:08+00:00\" \/>\n<meta property=\"article:modified_time\" content=\"2026-04-07T14:21:09+00:00\" \/>\n<meta property=\"og:image\" content=\"https:\/\/dpress.ma\/fr\/wp-content\/uploads\/sites\/2\/2026\/04\/32-2.jpg\" \/>\n\t<meta property=\"og:image:width\" content=\"2539\" \/>\n\t<meta property=\"og:image:height\" content=\"1594\" \/>\n\t<meta property=\"og:image:type\" content=\"image\/jpeg\" \/>\n<meta name=\"author\" content=\"Dpress.ma\" \/>\n<meta name=\"twitter:card\" content=\"summary_large_image\" \/>\n<meta name=\"twitter:label1\" content=\"\u00c9crit par\" \/>\n\t<meta name=\"twitter:data1\" content=\"Dpress.ma\" \/>\n\t<meta name=\"twitter:label2\" content=\"Dur\u00e9e de lecture estim\u00e9e\" \/>\n\t<meta name=\"twitter:data2\" content=\"2 minutes\" \/>\n<script type=\"application\/ld+json\" class=\"yoast-schema-graph\">{\"@context\":\"https:\\\/\\\/schema.org\",\"@graph\":[{\"@type\":\"Article\",\"@id\":\"https:\\\/\\\/dpress.ma\\\/fr\\\/2026\\\/04\\\/07\\\/le-maroc-un-pont-vers-le-monde-arabe-et-lafrique\\\/#article\",\"isPartOf\":{\"@id\":\"https:\\\/\\\/dpress.ma\\\/fr\\\/2026\\\/04\\\/07\\\/le-maroc-un-pont-vers-le-monde-arabe-et-lafrique\\\/\"},\"author\":{\"name\":\"Dpress.ma\",\"@id\":\"https:\\\/\\\/dpress.ma\\\/fr\\\/#\\\/schema\\\/person\\\/4898febf3ccd59e6578d838656a306a0\"},\"headline\":\"Le Maroc, un pont vers le monde arabe et l\u2019Afrique\",\"datePublished\":\"2026-04-07T14:21:08+00:00\",\"dateModified\":\"2026-04-07T14:21:09+00:00\",\"mainEntityOfPage\":{\"@id\":\"https:\\\/\\\/dpress.ma\\\/fr\\\/2026\\\/04\\\/07\\\/le-maroc-un-pont-vers-le-monde-arabe-et-lafrique\\\/\"},\"wordCount\":277,\"commentCount\":0,\"image\":{\"@id\":\"https:\\\/\\\/dpress.ma\\\/fr\\\/2026\\\/04\\\/07\\\/le-maroc-un-pont-vers-le-monde-arabe-et-lafrique\\\/#primaryimage\"},\"thumbnailUrl\":\"https:\\\/\\\/dpress.ma\\\/fr\\\/wp-content\\\/uploads\\\/sites\\\/2\\\/2026\\\/04\\\/32-2.jpg\",\"articleSection\":[\"Diplomatie Parlementaire\"],\"inLanguage\":\"fr-FR\",\"potentialAction\":[{\"@type\":\"CommentAction\",\"name\":\"Comment\",\"target\":[\"https:\\\/\\\/dpress.ma\\\/fr\\\/2026\\\/04\\\/07\\\/le-maroc-un-pont-vers-le-monde-arabe-et-lafrique\\\/#respond\"]}]},{\"@type\":\"WebPage\",\"@id\":\"https:\\\/\\\/dpress.ma\\\/fr\\\/2026\\\/04\\\/07\\\/le-maroc-un-pont-vers-le-monde-arabe-et-lafrique\\\/\",\"url\":\"https:\\\/\\\/dpress.ma\\\/fr\\\/2026\\\/04\\\/07\\\/le-maroc-un-pont-vers-le-monde-arabe-et-lafrique\\\/\",\"name\":\"Le Maroc, un pont vers le monde arabe et l\u2019Afrique - Dpress.ma\\\/fr\",\"isPartOf\":{\"@id\":\"https:\\\/\\\/dpress.ma\\\/fr\\\/#website\"},\"primaryImageOfPage\":{\"@id\":\"https:\\\/\\\/dpress.ma\\\/fr\\\/2026\\\/04\\\/07\\\/le-maroc-un-pont-vers-le-monde-arabe-et-lafrique\\\/#primaryimage\"},\"image\":{\"@id\":\"https:\\\/\\\/dpress.ma\\\/fr\\\/2026\\\/04\\\/07\\\/le-maroc-un-pont-vers-le-monde-arabe-et-lafrique\\\/#primaryimage\"},\"thumbnailUrl\":\"https:\\\/\\\/dpress.ma\\\/fr\\\/wp-content\\\/uploads\\\/sites\\\/2\\\/2026\\\/04\\\/32-2.jpg\",\"datePublished\":\"2026-04-07T14:21:08+00:00\",\"dateModified\":\"2026-04-07T14:21:09+00:00\",\"author\":{\"@id\":\"https:\\\/\\\/dpress.ma\\\/fr\\\/#\\\/schema\\\/person\\\/4898febf3ccd59e6578d838656a306a0\"},\"breadcrumb\":{\"@id\":\"https:\\\/\\\/dpress.ma\\\/fr\\\/2026\\\/04\\\/07\\\/le-maroc-un-pont-vers-le-monde-arabe-et-lafrique\\\/#breadcrumb\"},\"inLanguage\":\"fr-FR\",\"potentialAction\":[{\"@type\":\"ReadAction\",\"target\":[\"https:\\\/\\\/dpress.ma\\\/fr\\\/2026\\\/04\\\/07\\\/le-maroc-un-pont-vers-le-monde-arabe-et-lafrique\\\/\"]}]},{\"@type\":\"ImageObject\",\"inLanguage\":\"fr-FR\",\"@id\":\"https:\\\/\\\/dpress.ma\\\/fr\\\/2026\\\/04\\\/07\\\/le-maroc-un-pont-vers-le-monde-arabe-et-lafrique\\\/#primaryimage\",\"url\":\"https:\\\/\\\/dpress.ma\\\/fr\\\/wp-content\\\/uploads\\\/sites\\\/2\\\/2026\\\/04\\\/32-2.jpg\",\"contentUrl\":\"https:\\\/\\\/dpress.ma\\\/fr\\\/wp-content\\\/uploads\\\/sites\\\/2\\\/2026\\\/04\\\/32-2.jpg\",\"width\":2539,\"height\":1594},{\"@type\":\"BreadcrumbList\",\"@id\":\"https:\\\/\\\/dpress.ma\\\/fr\\\/2026\\\/04\\\/07\\\/le-maroc-un-pont-vers-le-monde-arabe-et-lafrique\\\/#breadcrumb\",\"itemListElement\":[{\"@type\":\"ListItem\",\"position\":1,\"name\":\"Home\",\"item\":\"https:\\\/\\\/dpress.ma\\\/fr\\\/\"},{\"@type\":\"ListItem\",\"position\":2,\"name\":\"Le Maroc, un pont vers le monde arabe et l\u2019Afrique\"}]},{\"@type\":\"WebSite\",\"@id\":\"https:\\\/\\\/dpress.ma\\\/fr\\\/#website\",\"url\":\"https:\\\/\\\/dpress.ma\\\/fr\\\/\",\"name\":\"Dpress.ma\\\/fr\",\"description\":\"\",\"potentialAction\":[{\"@type\":\"SearchAction\",\"target\":{\"@type\":\"EntryPoint\",\"urlTemplate\":\"https:\\\/\\\/dpress.ma\\\/fr\\\/?s={search_term_string}\"},\"query-input\":{\"@type\":\"PropertyValueSpecification\",\"valueRequired\":true,\"valueName\":\"search_term_string\"}}],\"inLanguage\":\"fr-FR\"},{\"@type\":\"Person\",\"@id\":\"https:\\\/\\\/dpress.ma\\\/fr\\\/#\\\/schema\\\/person\\\/4898febf3ccd59e6578d838656a306a0\",\"name\":\"Dpress.ma\",\"image\":{\"@type\":\"ImageObject\",\"inLanguage\":\"fr-FR\",\"@id\":\"https:\\\/\\\/secure.gravatar.com\\\/avatar\\\/72ecc30e9db047a2e0e7176561eb9d564ed77c8108376495b19bd8336405198a?s=96&d=mm&r=g\",\"url\":\"https:\\\/\\\/secure.gravatar.com\\\/avatar\\\/72ecc30e9db047a2e0e7176561eb9d564ed77c8108376495b19bd8336405198a?s=96&d=mm&r=g\",\"contentUrl\":\"https:\\\/\\\/secure.gravatar.com\\\/avatar\\\/72ecc30e9db047a2e0e7176561eb9d564ed77c8108376495b19bd8336405198a?s=96&d=mm&r=g\",\"caption\":\"Dpress.ma\"},\"sameAs\":[\"https:\\\/\\\/www.dpress.ma\"],\"url\":\"https:\\\/\\\/dpress.ma\\\/fr\\\/author\\\/dpress-ma\\\/\"}]}<\/script>\n<!-- \/ Yoast SEO plugin. -->","yoast_head_json":{"title":"Le Maroc, un pont vers le monde arabe et l\u2019Afrique - Dpress.ma\/fr","robots":{"index":"index","follow":"follow","max-snippet":"max-snippet:-1","max-image-preview":"max-image-preview:large","max-video-preview":"max-video-preview:-1"},"canonical":"https:\/\/dpress.ma\/fr\/2026\/04\/07\/le-maroc-un-pont-vers-le-monde-arabe-et-lafrique\/","og_locale":"fr_FR","og_type":"article","og_title":"Le Maroc, un pont vers le monde arabe et l\u2019Afrique - Dpress.ma\/fr","og_description":"Dpress Le pr\u00e9sident du Parlement du Mercosur (Parlasur), Rodrigo Gamarra, a mis en avant, mardi \u00e0 Rabat, l\u2019int\u00e9r\u00eat port\u00e9 par ce groupement&nbsp;sud-am\u00e9ricain au Royaume du Maroc consid\u00e9r\u00e9 comme&nbsp;\u201cpont vers le monde arabe et l\u2019Afrique\u201d. Dans une d\u00e9claration \u00e0 la presse \u00e0 l\u2019issue de ses entretiens avec le ministre des Affaires \u00c9trang\u00e8res, de la Coop\u00e9ration Africaine &hellip;","og_url":"https:\/\/dpress.ma\/fr\/2026\/04\/07\/le-maroc-un-pont-vers-le-monde-arabe-et-lafrique\/","og_site_name":"Dpress.ma\/fr","article_published_time":"2026-04-07T14:21:08+00:00","article_modified_time":"2026-04-07T14:21:09+00:00","og_image":[{"width":2539,"height":1594,"url":"https:\/\/dpress.ma\/fr\/wp-content\/uploads\/sites\/2\/2026\/04\/32-2.jpg","type":"image\/jpeg"}],"author":"Dpress.ma","twitter_card":"summary_large_image","twitter_misc":{"\u00c9crit par":"Dpress.ma","Dur\u00e9e de lecture estim\u00e9e":"2 minutes"},"schema":{"@context":"https:\/\/schema.org","@graph":[{"@type":"Article","@id":"https:\/\/dpress.ma\/fr\/2026\/04\/07\/le-maroc-un-pont-vers-le-monde-arabe-et-lafrique\/#article","isPartOf":{"@id":"https:\/\/dpress.ma\/fr\/2026\/04\/07\/le-maroc-un-pont-vers-le-monde-arabe-et-lafrique\/"},"author":{"name":"Dpress.ma","@id":"https:\/\/dpress.ma\/fr\/#\/schema\/person\/4898febf3ccd59e6578d838656a306a0"},"headline":"Le Maroc, un pont vers le monde arabe et l\u2019Afrique","datePublished":"2026-04-07T14:21:08+00:00","dateModified":"2026-04-07T14:21:09+00:00","mainEntityOfPage":{"@id":"https:\/\/dpress.ma\/fr\/2026\/04\/07\/le-maroc-un-pont-vers-le-monde-arabe-et-lafrique\/"},"wordCount":277,"commentCount":0,"image":{"@id":"https:\/\/dpress.ma\/fr\/2026\/04\/07\/le-maroc-un-pont-vers-le-monde-arabe-et-lafrique\/#primaryimage"},"thumbnailUrl":"https:\/\/dpress.ma\/fr\/wp-content\/uploads\/sites\/2\/2026\/04\/32-2.jpg","articleSection":["Diplomatie Parlementaire"],"inLanguage":"fr-FR","potentialAction":[{"@type":"CommentAction","name":"Comment","target":["https:\/\/dpress.ma\/fr\/2026\/04\/07\/le-maroc-un-pont-vers-le-monde-arabe-et-lafrique\/#respond"]}]},{"@type":"WebPage","@id":"https:\/\/dpress.ma\/fr\/2026\/04\/07\/le-maroc-un-pont-vers-le-monde-arabe-et-lafrique\/","url":"https:\/\/dpress.ma\/fr\/2026\/04\/07\/le-maroc-un-pont-vers-le-monde-arabe-et-lafrique\/","name":"Le Maroc, un pont vers le monde arabe et l\u2019Afrique - Dpress.ma\/fr","isPartOf":{"@id":"https:\/\/dpress.ma\/fr\/#website"},"primaryImageOfPage":{"@id":"https:\/\/dpress.ma\/fr\/2026\/04\/07\/le-maroc-un-pont-vers-le-monde-arabe-et-lafrique\/#primaryimage"},"image":{"@id":"https:\/\/dpress.ma\/fr\/2026\/04\/07\/le-maroc-un-pont-vers-le-monde-arabe-et-lafrique\/#primaryimage"},"thumbnailUrl":"https:\/\/dpress.ma\/fr\/wp-content\/uploads\/sites\/2\/2026\/04\/32-2.jpg","datePublished":"2026-04-07T14:21:08+00:00","dateModified":"2026-04-07T14:21:09+00:00","author":{"@id":"https:\/\/dpress.ma\/fr\/#\/schema\/person\/4898febf3ccd59e6578d838656a306a0"},"breadcrumb":{"@id":"https:\/\/dpress.ma\/fr\/2026\/04\/07\/le-maroc-un-pont-vers-le-monde-arabe-et-lafrique\/#breadcrumb"},"inLanguage":"fr-FR","potentialAction":[{"@type":"ReadAction","target":["https:\/\/dpress.ma\/fr\/2026\/04\/07\/le-maroc-un-pont-vers-le-monde-arabe-et-lafrique\/"]}]},{"@type":"ImageObject","inLanguage":"fr-FR","@id":"https:\/\/dpress.ma\/fr\/2026\/04\/07\/le-maroc-un-pont-vers-le-monde-arabe-et-lafrique\/#primaryimage","url":"https:\/\/dpress.ma\/fr\/wp-content\/uploads\/sites\/2\/2026\/04\/32-2.jpg","contentUrl":"https:\/\/dpress.ma\/fr\/wp-content\/uploads\/sites\/2\/2026\/04\/32-2.jpg","width":2539,"height":1594},{"@type":"BreadcrumbList","@id":"https:\/\/dpress.ma\/fr\/2026\/04\/07\/le-maroc-un-pont-vers-le-monde-arabe-et-lafrique\/#breadcrumb","itemListElement":[{"@type":"ListItem","position":1,"name":"Home","item":"https:\/\/dpress.ma\/fr\/"},{"@type":"ListItem","position":2,"name":"Le Maroc, un pont vers le monde arabe et l\u2019Afrique"}]},{"@type":"WebSite","@id":"https:\/\/dpress.ma\/fr\/#website","url":"https:\/\/dpress.ma\/fr\/","name":"Dpress.ma\/fr","description":"","potentialAction":[{"@type":"SearchAction","target":{"@type":"EntryPoint","urlTemplate":"https:\/\/dpress.ma\/fr\/?s={search_term_string}"},"query-input":{"@type":"PropertyValueSpecification","valueRequired":true,"valueName":"search_term_string"}}],"inLanguage":"fr-FR"},{"@type":"Person","@id":"https:\/\/dpress.ma\/fr\/#\/schema\/person\/4898febf3ccd59e6578d838656a306a0","name":"Dpress.ma","image":{"@type":"ImageObject","inLanguage":"fr-FR","@id":"https:\/\/secure.gravatar.com\/avatar\/72ecc30e9db047a2e0e7176561eb9d564ed77c8108376495b19bd8336405198a?s=96&d=mm&r=g","url":"https:\/\/secure.gravatar.com\/avatar\/72ecc30e9db047a2e0e7176561eb9d564ed77c8108376495b19bd8336405198a?s=96&d=mm&r=g","contentUrl":"https:\/\/secure.gravatar.com\/avatar\/72ecc30e9db047a2e0e7176561eb9d564ed77c8108376495b19bd8336405198a?s=96&d=mm&r=g","caption":"Dpress.ma"},"sameAs":["https:\/\/www.dpress.ma"],"url":"https:\/\/dpress.ma\/fr\/author\/dpress-ma\/"}]}},"amp_enabled":true,"_links":{"self":[{"href":"https:\/\/dpress.ma\/fr\/wp-json\/wp\/v2\/posts\/27801","targetHints":{"allow":["GET"]}}],"collection":[{"href":"https:\/\/dpress.ma\/fr\/wp-json\/wp\/v2\/posts"}],"about":[{"href":"https:\/\/dpress.ma\/fr\/wp-json\/wp\/v2\/types\/post"}],"author":[{"embeddable":true,"href":"https:\/\/dpress.ma\/fr\/wp-json\/wp\/v2\/users\/2"}],"replies":[{"embeddable":true,"href":"https:\/\/dpress.ma\/fr\/wp-json\/wp\/v2\/comments?post=27801"}],"version-history":[{"count":1,"href":"https:\/\/dpress.ma\/fr\/wp-json\/wp\/v2\/posts\/27801\/revisions"}],"predecessor-version":[{"id":27803,"href":"https:\/\/dpress.ma\/fr\/wp-json\/wp\/v2\/posts\/27801\/revisions\/27803"}],"wp:featuredmedia":[{"embeddable":true,"href":"https:\/\/dpress.ma\/fr\/wp-json\/wp\/v2\/media\/27802"}],"wp:attachment":[{"href":"https:\/\/dpress.ma\/fr\/wp-json\/wp\/v2\/media?parent=27801"}],"wp:term":[{"taxonomy":"category","embeddable":true,"href":"https:\/\/dpress.ma\/fr\/wp-json\/wp\/v2\/categories?post=27801"},{"taxonomy":"post_tag","embeddable":true,"href":"https:\/\/dpress.ma\/fr\/wp-json\/wp\/v2\/tags?post=27801"}],"curies":[{"name":"wp","href":"https:\/\/api.w.org\/{rel}","templated":true}]}}