{"id":27798,"date":"2026-04-07T14:18:16","date_gmt":"2026-04-07T14:18:16","guid":{"rendered":"https:\/\/dpress.ma\/fr\/?p=27798"},"modified":"2026-04-07T14:18:18","modified_gmt":"2026-04-07T14:18:18","slug":"gitex-africa-le-maroc-un-veritable-hub-technologique-tourne-vers-lensemble-du-continent-africain","status":"publish","type":"post","link":"https:\/\/dpress.ma\/fr\/2026\/04\/07\/gitex-africa-le-maroc-un-veritable-hub-technologique-tourne-vers-lensemble-du-continent-africain\/","title":{"rendered":"Gitex Africa : Le Maroc, un v\u00e9ritable hub technologique tourn\u00e9 vers l\u2019ensemble du continent africain"},"content":{"rendered":"\n<p>Dpress<\/p>\n\n\n\n<p>Gitex Africa illustre parfaitement l\u2019essor du Maroc, d\u00e9sormais consid\u00e9r\u00e9 comme un v\u00e9ritable hub technologique tourn\u00e9 vers l\u2019ensemble du continent africain, a affirm\u00e9, lundi \u00e0 Marrakech, la ministre fran\u00e7aise charg\u00e9e de l\u2019Intelligence artificielle et du Num\u00e9rique, Anne Le H\u00e9nanff.<\/p>\n\n\n\n<p>Lors d\u2019une rencontre organis\u00e9e par le Consulat g\u00e9n\u00e9ral de France \u00e0 Marrakech, \u00e0 la veille du GITEX Africa 2026, Mme Le H\u00e9nanff a relev\u00e9 que ce conclave s\u2019est impos\u00e9 au fil des ann\u00e9es comme l\u2019\u00e9v\u00e9nement de r\u00e9f\u00e9rence en mati\u00e8re de startups en Afrique, attirant des acteurs majeurs de l\u2019innovation, des investisseurs et des porteurs de projets issus de divers horizons, notant que cette mont\u00e9e en puissance t\u00e9moigne de l\u2019attractivit\u00e9 croissante du Maroc dans le domaine du num\u00e9rique.<\/p>\n\n\n\n<p>Elle s\u2019est \u00e9galement f\u00e9licit\u00e9e de la pr\u00e9sence en force des entreprises fran\u00e7aises lors de cette \u00e9dition, soulignant que cette mobilisation est activement soutenue par les r\u00e9gions fran\u00e7aises et traduit la volont\u00e9 des acteurs \u00e9conomiques fran\u00e7ais de s\u2019inscrire durablement dans la dynamique num\u00e9rique du continent africain.<\/p>\n\n\n\n<p>La responsable fran\u00e7aise a, par ailleurs, mis en avant la solidit\u00e9 du partenariat entre la France et le Maroc dans le domaine du num\u00e9rique et des nouvelles technologies, mettant en avant l\u2019ambition de renforcer davantage cette coop\u00e9ration strat\u00e9gique, en s\u2019appuyant notamment sur la vitalit\u00e9 de la communaut\u00e9 d\u2019affaires pr\u00e9sente au Royaume.<\/p>\n\n\n\n<p>Elle a soulign\u00e9 que les liens entre les \u00e9cosyst\u00e8mes num\u00e9riques des deux pays ne cessent de se renforcer, port\u00e9s par des initiatives communes et une vision partag\u00e9e de l\u2019innovation, pr\u00e9cisant que cette convergence favorise l\u2019\u00e9mergence de projets structurants \u00e0 forte valeur ajout\u00e9e.<\/p>\n\n\n\n<p>Mme Le H\u00e9nanff a \u00e9voqu\u00e9 dans ce sens, des initiatives phares, dont la cr\u00e9ation d\u2019un centre commun de recherche et d\u00e9veloppement en intelligence artificielle (IA), visant \u00e0 accompagner la mont\u00e9e en comp\u00e9tences des talents marocains dans les technologies de pointe ainsi que la mise en place d\u2019un centre d\u2019excellence d\u00e9di\u00e9 \u00e0 la data et \u00e0 l\u2019IA.<\/p>\n\n\n\n<p>Selon elle, ces initiatives illustrent la profondeur et la dynamique d\u2019une collaboration tourn\u00e9e vers l\u2019innovation, la cr\u00e9ation de valeur et le renforcement des capacit\u00e9s technologiques des deux pays.<\/p>\n\n\n\n<p>Gitex Africa Morocco 2026, organis\u00e9 sous l\u2019\u00e9gide du minist\u00e8re de la Transition num\u00e9rique et de la R\u00e9forme de l\u2019administration, par l\u2019Agence de d\u00e9veloppement du digital (ADD) et KAOUN International, filiale du Dubai world trade centre, constitue le plus grand rendez-vous technologique et startup d\u2019Afrique.<\/p>\n","protected":false},"excerpt":{"rendered":"<p>Dpress Gitex Africa illustre parfaitement l\u2019essor du Maroc, d\u00e9sormais consid\u00e9r\u00e9 comme un v\u00e9ritable hub technologique tourn\u00e9 vers l\u2019ensemble du continent africain, a affirm\u00e9, lundi \u00e0 Marrakech, la ministre fran\u00e7aise charg\u00e9e de l\u2019Intelligence artificielle et du Num\u00e9rique, Anne Le H\u00e9nanff. Lors d\u2019une rencontre organis\u00e9e par le Consulat g\u00e9n\u00e9ral de France \u00e0 Marrakech, \u00e0 la veille du &hellip;<\/p>\n","protected":false},"author":2,"featured_media":27799,"comment_status":"open","ping_status":"open","sticky":false,"template":"","format":"standard","meta":{"footnotes":""},"categories":[25],"tags":[],"class_list":["post-27798","post","type-post","status-publish","format-standard","has-post-thumbnail","hentry","category-economie"],"yoast_head":"<!-- This site is optimized with the Yoast SEO plugin v27.5 - https:\/\/yoast.com\/product\/yoast-seo-wordpress\/ -->\n<title>Gitex Africa : Le Maroc, un v\u00e9ritable hub technologique tourn\u00e9 vers l\u2019ensemble du continent africain - Dpress.ma\/fr<\/title>\n<meta name=\"robots\" content=\"index, follow, max-snippet:-1, max-image-preview:large, max-video-preview:-1\" \/>\n<link rel=\"canonical\" href=\"https:\/\/dpress.ma\/fr\/2026\/04\/07\/gitex-africa-le-maroc-un-veritable-hub-technologique-tourne-vers-lensemble-du-continent-africain\/\" \/>\n<meta property=\"og:locale\" content=\"fr_FR\" \/>\n<meta property=\"og:type\" content=\"article\" \/>\n<meta property=\"og:title\" content=\"Gitex Africa : Le Maroc, un v\u00e9ritable hub technologique tourn\u00e9 vers l\u2019ensemble du continent africain - Dpress.ma\/fr\" \/>\n<meta property=\"og:description\" content=\"Dpress Gitex Africa illustre parfaitement l\u2019essor du Maroc, d\u00e9sormais consid\u00e9r\u00e9 comme un v\u00e9ritable hub technologique tourn\u00e9 vers l\u2019ensemble du continent africain, a affirm\u00e9, lundi \u00e0 Marrakech, la ministre fran\u00e7aise charg\u00e9e de l\u2019Intelligence artificielle et du Num\u00e9rique, Anne Le H\u00e9nanff. Lors d\u2019une rencontre organis\u00e9e par le Consulat g\u00e9n\u00e9ral de France \u00e0 Marrakech, \u00e0 la veille du &hellip;\" \/>\n<meta property=\"og:url\" content=\"https:\/\/dpress.ma\/fr\/2026\/04\/07\/gitex-africa-le-maroc-un-veritable-hub-technologique-tourne-vers-lensemble-du-continent-africain\/\" \/>\n<meta property=\"og:site_name\" content=\"Dpress.ma\/fr\" \/>\n<meta property=\"article:published_time\" content=\"2026-04-07T14:18:16+00:00\" \/>\n<meta property=\"article:modified_time\" content=\"2026-04-07T14:18:18+00:00\" \/>\n<meta property=\"og:image\" content=\"https:\/\/dpress.ma\/fr\/wp-content\/uploads\/sites\/2\/2026\/04\/31-1.jpg\" \/>\n\t<meta property=\"og:image:width\" content=\"2539\" \/>\n\t<meta property=\"og:image:height\" content=\"1594\" \/>\n\t<meta property=\"og:image:type\" content=\"image\/jpeg\" \/>\n<meta name=\"author\" content=\"Dpress.ma\" \/>\n<meta name=\"twitter:card\" content=\"summary_large_image\" \/>\n<meta name=\"twitter:label1\" content=\"\u00c9crit par\" \/>\n\t<meta name=\"twitter:data1\" content=\"Dpress.ma\" \/>\n\t<meta name=\"twitter:label2\" content=\"Dur\u00e9e de lecture estim\u00e9e\" \/>\n\t<meta name=\"twitter:data2\" content=\"3 minutes\" \/>\n<script type=\"application\/ld+json\" class=\"yoast-schema-graph\">{\"@context\":\"https:\\\/\\\/schema.org\",\"@graph\":[{\"@type\":\"Article\",\"@id\":\"https:\\\/\\\/dpress.ma\\\/fr\\\/2026\\\/04\\\/07\\\/gitex-africa-le-maroc-un-veritable-hub-technologique-tourne-vers-lensemble-du-continent-africain\\\/#article\",\"isPartOf\":{\"@id\":\"https:\\\/\\\/dpress.ma\\\/fr\\\/2026\\\/04\\\/07\\\/gitex-africa-le-maroc-un-veritable-hub-technologique-tourne-vers-lensemble-du-continent-africain\\\/\"},\"author\":{\"name\":\"Dpress.ma\",\"@id\":\"https:\\\/\\\/dpress.ma\\\/fr\\\/#\\\/schema\\\/person\\\/4898febf3ccd59e6578d838656a306a0\"},\"headline\":\"Gitex Africa : Le Maroc, un v\u00e9ritable hub technologique tourn\u00e9 vers l\u2019ensemble du continent africain\",\"datePublished\":\"2026-04-07T14:18:16+00:00\",\"dateModified\":\"2026-04-07T14:18:18+00:00\",\"mainEntityOfPage\":{\"@id\":\"https:\\\/\\\/dpress.ma\\\/fr\\\/2026\\\/04\\\/07\\\/gitex-africa-le-maroc-un-veritable-hub-technologique-tourne-vers-lensemble-du-continent-africain\\\/\"},\"wordCount\":465,\"commentCount\":0,\"image\":{\"@id\":\"https:\\\/\\\/dpress.ma\\\/fr\\\/2026\\\/04\\\/07\\\/gitex-africa-le-maroc-un-veritable-hub-technologique-tourne-vers-lensemble-du-continent-africain\\\/#primaryimage\"},\"thumbnailUrl\":\"https:\\\/\\\/dpress.ma\\\/fr\\\/wp-content\\\/uploads\\\/sites\\\/2\\\/2026\\\/04\\\/31-1.jpg\",\"articleSection\":[\"\u00c9conomie\"],\"inLanguage\":\"fr-FR\",\"potentialAction\":[{\"@type\":\"CommentAction\",\"name\":\"Comment\",\"target\":[\"https:\\\/\\\/dpress.ma\\\/fr\\\/2026\\\/04\\\/07\\\/gitex-africa-le-maroc-un-veritable-hub-technologique-tourne-vers-lensemble-du-continent-africain\\\/#respond\"]}]},{\"@type\":\"WebPage\",\"@id\":\"https:\\\/\\\/dpress.ma\\\/fr\\\/2026\\\/04\\\/07\\\/gitex-africa-le-maroc-un-veritable-hub-technologique-tourne-vers-lensemble-du-continent-africain\\\/\",\"url\":\"https:\\\/\\\/dpress.ma\\\/fr\\\/2026\\\/04\\\/07\\\/gitex-africa-le-maroc-un-veritable-hub-technologique-tourne-vers-lensemble-du-continent-africain\\\/\",\"name\":\"Gitex Africa : Le Maroc, un v\u00e9ritable hub technologique tourn\u00e9 vers l\u2019ensemble du continent africain - Dpress.ma\\\/fr\",\"isPartOf\":{\"@id\":\"https:\\\/\\\/dpress.ma\\\/fr\\\/#website\"},\"primaryImageOfPage\":{\"@id\":\"https:\\\/\\\/dpress.ma\\\/fr\\\/2026\\\/04\\\/07\\\/gitex-africa-le-maroc-un-veritable-hub-technologique-tourne-vers-lensemble-du-continent-africain\\\/#primaryimage\"},\"image\":{\"@id\":\"https:\\\/\\\/dpress.ma\\\/fr\\\/2026\\\/04\\\/07\\\/gitex-africa-le-maroc-un-veritable-hub-technologique-tourne-vers-lensemble-du-continent-africain\\\/#primaryimage\"},\"thumbnailUrl\":\"https:\\\/\\\/dpress.ma\\\/fr\\\/wp-content\\\/uploads\\\/sites\\\/2\\\/2026\\\/04\\\/31-1.jpg\",\"datePublished\":\"2026-04-07T14:18:16+00:00\",\"dateModified\":\"2026-04-07T14:18:18+00:00\",\"author\":{\"@id\":\"https:\\\/\\\/dpress.ma\\\/fr\\\/#\\\/schema\\\/person\\\/4898febf3ccd59e6578d838656a306a0\"},\"breadcrumb\":{\"@id\":\"https:\\\/\\\/dpress.ma\\\/fr\\\/2026\\\/04\\\/07\\\/gitex-africa-le-maroc-un-veritable-hub-technologique-tourne-vers-lensemble-du-continent-africain\\\/#breadcrumb\"},\"inLanguage\":\"fr-FR\",\"potentialAction\":[{\"@type\":\"ReadAction\",\"target\":[\"https:\\\/\\\/dpress.ma\\\/fr\\\/2026\\\/04\\\/07\\\/gitex-africa-le-maroc-un-veritable-hub-technologique-tourne-vers-lensemble-du-continent-africain\\\/\"]}]},{\"@type\":\"ImageObject\",\"inLanguage\":\"fr-FR\",\"@id\":\"https:\\\/\\\/dpress.ma\\\/fr\\\/2026\\\/04\\\/07\\\/gitex-africa-le-maroc-un-veritable-hub-technologique-tourne-vers-lensemble-du-continent-africain\\\/#primaryimage\",\"url\":\"https:\\\/\\\/dpress.ma\\\/fr\\\/wp-content\\\/uploads\\\/sites\\\/2\\\/2026\\\/04\\\/31-1.jpg\",\"contentUrl\":\"https:\\\/\\\/dpress.ma\\\/fr\\\/wp-content\\\/uploads\\\/sites\\\/2\\\/2026\\\/04\\\/31-1.jpg\",\"width\":2539,\"height\":1594},{\"@type\":\"BreadcrumbList\",\"@id\":\"https:\\\/\\\/dpress.ma\\\/fr\\\/2026\\\/04\\\/07\\\/gitex-africa-le-maroc-un-veritable-hub-technologique-tourne-vers-lensemble-du-continent-africain\\\/#breadcrumb\",\"itemListElement\":[{\"@type\":\"ListItem\",\"position\":1,\"name\":\"Home\",\"item\":\"https:\\\/\\\/dpress.ma\\\/fr\\\/\"},{\"@type\":\"ListItem\",\"position\":2,\"name\":\"Gitex Africa : Le Maroc, un v\u00e9ritable hub technologique tourn\u00e9 vers l\u2019ensemble du continent africain\"}]},{\"@type\":\"WebSite\",\"@id\":\"https:\\\/\\\/dpress.ma\\\/fr\\\/#website\",\"url\":\"https:\\\/\\\/dpress.ma\\\/fr\\\/\",\"name\":\"Dpress.ma\\\/fr\",\"description\":\"\",\"potentialAction\":[{\"@type\":\"SearchAction\",\"target\":{\"@type\":\"EntryPoint\",\"urlTemplate\":\"https:\\\/\\\/dpress.ma\\\/fr\\\/?s={search_term_string}\"},\"query-input\":{\"@type\":\"PropertyValueSpecification\",\"valueRequired\":true,\"valueName\":\"search_term_string\"}}],\"inLanguage\":\"fr-FR\"},{\"@type\":\"Person\",\"@id\":\"https:\\\/\\\/dpress.ma\\\/fr\\\/#\\\/schema\\\/person\\\/4898febf3ccd59e6578d838656a306a0\",\"name\":\"Dpress.ma\",\"image\":{\"@type\":\"ImageObject\",\"inLanguage\":\"fr-FR\",\"@id\":\"https:\\\/\\\/secure.gravatar.com\\\/avatar\\\/72ecc30e9db047a2e0e7176561eb9d564ed77c8108376495b19bd8336405198a?s=96&d=mm&r=g\",\"url\":\"https:\\\/\\\/secure.gravatar.com\\\/avatar\\\/72ecc30e9db047a2e0e7176561eb9d564ed77c8108376495b19bd8336405198a?s=96&d=mm&r=g\",\"contentUrl\":\"https:\\\/\\\/secure.gravatar.com\\\/avatar\\\/72ecc30e9db047a2e0e7176561eb9d564ed77c8108376495b19bd8336405198a?s=96&d=mm&r=g\",\"caption\":\"Dpress.ma\"},\"sameAs\":[\"https:\\\/\\\/www.dpress.ma\"],\"url\":\"https:\\\/\\\/dpress.ma\\\/fr\\\/author\\\/dpress-ma\\\/\"}]}<\/script>\n<!-- \/ Yoast SEO plugin. -->","yoast_head_json":{"title":"Gitex Africa : Le Maroc, un v\u00e9ritable hub technologique tourn\u00e9 vers l\u2019ensemble du continent africain - Dpress.ma\/fr","robots":{"index":"index","follow":"follow","max-snippet":"max-snippet:-1","max-image-preview":"max-image-preview:large","max-video-preview":"max-video-preview:-1"},"canonical":"https:\/\/dpress.ma\/fr\/2026\/04\/07\/gitex-africa-le-maroc-un-veritable-hub-technologique-tourne-vers-lensemble-du-continent-africain\/","og_locale":"fr_FR","og_type":"article","og_title":"Gitex Africa : Le Maroc, un v\u00e9ritable hub technologique tourn\u00e9 vers l\u2019ensemble du continent africain - Dpress.ma\/fr","og_description":"Dpress Gitex Africa illustre parfaitement l\u2019essor du Maroc, d\u00e9sormais consid\u00e9r\u00e9 comme un v\u00e9ritable hub technologique tourn\u00e9 vers l\u2019ensemble du continent africain, a affirm\u00e9, lundi \u00e0 Marrakech, la ministre fran\u00e7aise charg\u00e9e de l\u2019Intelligence artificielle et du Num\u00e9rique, Anne Le H\u00e9nanff. Lors d\u2019une rencontre organis\u00e9e par le Consulat g\u00e9n\u00e9ral de France \u00e0 Marrakech, \u00e0 la veille du &hellip;","og_url":"https:\/\/dpress.ma\/fr\/2026\/04\/07\/gitex-africa-le-maroc-un-veritable-hub-technologique-tourne-vers-lensemble-du-continent-africain\/","og_site_name":"Dpress.ma\/fr","article_published_time":"2026-04-07T14:18:16+00:00","article_modified_time":"2026-04-07T14:18:18+00:00","og_image":[{"width":2539,"height":1594,"url":"https:\/\/dpress.ma\/fr\/wp-content\/uploads\/sites\/2\/2026\/04\/31-1.jpg","type":"image\/jpeg"}],"author":"Dpress.ma","twitter_card":"summary_large_image","twitter_misc":{"\u00c9crit par":"Dpress.ma","Dur\u00e9e de lecture estim\u00e9e":"3 minutes"},"schema":{"@context":"https:\/\/schema.org","@graph":[{"@type":"Article","@id":"https:\/\/dpress.ma\/fr\/2026\/04\/07\/gitex-africa-le-maroc-un-veritable-hub-technologique-tourne-vers-lensemble-du-continent-africain\/#article","isPartOf":{"@id":"https:\/\/dpress.ma\/fr\/2026\/04\/07\/gitex-africa-le-maroc-un-veritable-hub-technologique-tourne-vers-lensemble-du-continent-africain\/"},"author":{"name":"Dpress.ma","@id":"https:\/\/dpress.ma\/fr\/#\/schema\/person\/4898febf3ccd59e6578d838656a306a0"},"headline":"Gitex Africa : Le Maroc, un v\u00e9ritable hub technologique tourn\u00e9 vers l\u2019ensemble du continent africain","datePublished":"2026-04-07T14:18:16+00:00","dateModified":"2026-04-07T14:18:18+00:00","mainEntityOfPage":{"@id":"https:\/\/dpress.ma\/fr\/2026\/04\/07\/gitex-africa-le-maroc-un-veritable-hub-technologique-tourne-vers-lensemble-du-continent-africain\/"},"wordCount":465,"commentCount":0,"image":{"@id":"https:\/\/dpress.ma\/fr\/2026\/04\/07\/gitex-africa-le-maroc-un-veritable-hub-technologique-tourne-vers-lensemble-du-continent-africain\/#primaryimage"},"thumbnailUrl":"https:\/\/dpress.ma\/fr\/wp-content\/uploads\/sites\/2\/2026\/04\/31-1.jpg","articleSection":["\u00c9conomie"],"inLanguage":"fr-FR","potentialAction":[{"@type":"CommentAction","name":"Comment","target":["https:\/\/dpress.ma\/fr\/2026\/04\/07\/gitex-africa-le-maroc-un-veritable-hub-technologique-tourne-vers-lensemble-du-continent-africain\/#respond"]}]},{"@type":"WebPage","@id":"https:\/\/dpress.ma\/fr\/2026\/04\/07\/gitex-africa-le-maroc-un-veritable-hub-technologique-tourne-vers-lensemble-du-continent-africain\/","url":"https:\/\/dpress.ma\/fr\/2026\/04\/07\/gitex-africa-le-maroc-un-veritable-hub-technologique-tourne-vers-lensemble-du-continent-africain\/","name":"Gitex Africa : Le Maroc, un v\u00e9ritable hub technologique tourn\u00e9 vers l\u2019ensemble du continent africain - Dpress.ma\/fr","isPartOf":{"@id":"https:\/\/dpress.ma\/fr\/#website"},"primaryImageOfPage":{"@id":"https:\/\/dpress.ma\/fr\/2026\/04\/07\/gitex-africa-le-maroc-un-veritable-hub-technologique-tourne-vers-lensemble-du-continent-africain\/#primaryimage"},"image":{"@id":"https:\/\/dpress.ma\/fr\/2026\/04\/07\/gitex-africa-le-maroc-un-veritable-hub-technologique-tourne-vers-lensemble-du-continent-africain\/#primaryimage"},"thumbnailUrl":"https:\/\/dpress.ma\/fr\/wp-content\/uploads\/sites\/2\/2026\/04\/31-1.jpg","datePublished":"2026-04-07T14:18:16+00:00","dateModified":"2026-04-07T14:18:18+00:00","author":{"@id":"https:\/\/dpress.ma\/fr\/#\/schema\/person\/4898febf3ccd59e6578d838656a306a0"},"breadcrumb":{"@id":"https:\/\/dpress.ma\/fr\/2026\/04\/07\/gitex-africa-le-maroc-un-veritable-hub-technologique-tourne-vers-lensemble-du-continent-africain\/#breadcrumb"},"inLanguage":"fr-FR","potentialAction":[{"@type":"ReadAction","target":["https:\/\/dpress.ma\/fr\/2026\/04\/07\/gitex-africa-le-maroc-un-veritable-hub-technologique-tourne-vers-lensemble-du-continent-africain\/"]}]},{"@type":"ImageObject","inLanguage":"fr-FR","@id":"https:\/\/dpress.ma\/fr\/2026\/04\/07\/gitex-africa-le-maroc-un-veritable-hub-technologique-tourne-vers-lensemble-du-continent-africain\/#primaryimage","url":"https:\/\/dpress.ma\/fr\/wp-content\/uploads\/sites\/2\/2026\/04\/31-1.jpg","contentUrl":"https:\/\/dpress.ma\/fr\/wp-content\/uploads\/sites\/2\/2026\/04\/31-1.jpg","width":2539,"height":1594},{"@type":"BreadcrumbList","@id":"https:\/\/dpress.ma\/fr\/2026\/04\/07\/gitex-africa-le-maroc-un-veritable-hub-technologique-tourne-vers-lensemble-du-continent-africain\/#breadcrumb","itemListElement":[{"@type":"ListItem","position":1,"name":"Home","item":"https:\/\/dpress.ma\/fr\/"},{"@type":"ListItem","position":2,"name":"Gitex Africa : Le Maroc, un v\u00e9ritable hub technologique tourn\u00e9 vers l\u2019ensemble du continent africain"}]},{"@type":"WebSite","@id":"https:\/\/dpress.ma\/fr\/#website","url":"https:\/\/dpress.ma\/fr\/","name":"Dpress.ma\/fr","description":"","potentialAction":[{"@type":"SearchAction","target":{"@type":"EntryPoint","urlTemplate":"https:\/\/dpress.ma\/fr\/?s={search_term_string}"},"query-input":{"@type":"PropertyValueSpecification","valueRequired":true,"valueName":"search_term_string"}}],"inLanguage":"fr-FR"},{"@type":"Person","@id":"https:\/\/dpress.ma\/fr\/#\/schema\/person\/4898febf3ccd59e6578d838656a306a0","name":"Dpress.ma","image":{"@type":"ImageObject","inLanguage":"fr-FR","@id":"https:\/\/secure.gravatar.com\/avatar\/72ecc30e9db047a2e0e7176561eb9d564ed77c8108376495b19bd8336405198a?s=96&d=mm&r=g","url":"https:\/\/secure.gravatar.com\/avatar\/72ecc30e9db047a2e0e7176561eb9d564ed77c8108376495b19bd8336405198a?s=96&d=mm&r=g","contentUrl":"https:\/\/secure.gravatar.com\/avatar\/72ecc30e9db047a2e0e7176561eb9d564ed77c8108376495b19bd8336405198a?s=96&d=mm&r=g","caption":"Dpress.ma"},"sameAs":["https:\/\/www.dpress.ma"],"url":"https:\/\/dpress.ma\/fr\/author\/dpress-ma\/"}]}},"amp_enabled":true,"_links":{"self":[{"href":"https:\/\/dpress.ma\/fr\/wp-json\/wp\/v2\/posts\/27798","targetHints":{"allow":["GET"]}}],"collection":[{"href":"https:\/\/dpress.ma\/fr\/wp-json\/wp\/v2\/posts"}],"about":[{"href":"https:\/\/dpress.ma\/fr\/wp-json\/wp\/v2\/types\/post"}],"author":[{"embeddable":true,"href":"https:\/\/dpress.ma\/fr\/wp-json\/wp\/v2\/users\/2"}],"replies":[{"embeddable":true,"href":"https:\/\/dpress.ma\/fr\/wp-json\/wp\/v2\/comments?post=27798"}],"version-history":[{"count":1,"href":"https:\/\/dpress.ma\/fr\/wp-json\/wp\/v2\/posts\/27798\/revisions"}],"predecessor-version":[{"id":27800,"href":"https:\/\/dpress.ma\/fr\/wp-json\/wp\/v2\/posts\/27798\/revisions\/27800"}],"wp:featuredmedia":[{"embeddable":true,"href":"https:\/\/dpress.ma\/fr\/wp-json\/wp\/v2\/media\/27799"}],"wp:attachment":[{"href":"https:\/\/dpress.ma\/fr\/wp-json\/wp\/v2\/media?parent=27798"}],"wp:term":[{"taxonomy":"category","embeddable":true,"href":"https:\/\/dpress.ma\/fr\/wp-json\/wp\/v2\/categories?post=27798"},{"taxonomy":"post_tag","embeddable":true,"href":"https:\/\/dpress.ma\/fr\/wp-json\/wp\/v2\/tags?post=27798"}],"curies":[{"name":"wp","href":"https:\/\/api.w.org\/{rel}","templated":true}]}}