{"id":27795,"date":"2026-04-07T14:14:11","date_gmt":"2026-04-07T14:14:11","guid":{"rendered":"https:\/\/dpress.ma\/fr\/?p=27795"},"modified":"2026-04-07T14:14:13","modified_gmt":"2026-04-07T14:14:13","slug":"bouskoura-m-kayouh-inaugure-logiparc-2-un-parc-industriel-et-logistique-de-25-000-m%c2%b2","status":"publish","type":"post","link":"https:\/\/dpress.ma\/fr\/2026\/04\/07\/bouskoura-m-kayouh-inaugure-logiparc-2-un-parc-industriel-et-logistique-de-25-000-m%c2%b2\/","title":{"rendered":"Bouskoura: M. Kayouh inaugure \u201cLOGIPARC 2\u201d, un parc industriel et logistique de 25.000 m\u00b2"},"content":{"rendered":"\n<p>Dpress<\/p>\n\n\n\n<p>Le ministre du Transport et de la Logistique, Abdessamad Kayouh, a inaugur\u00e9, mardi \u00e0 Bouskoura, un nouveau parc industriel et logistique de derni\u00e8re g\u00e9n\u00e9ration dans la r\u00e9gion Casablanca-Settat baptis\u00e9&nbsp;\u201cLOGIPARC 2\u201d, mobilisant un investissement de plus de 200 millions de dirhams.<\/p>\n\n\n\n<p>La c\u00e9r\u00e9monie d\u2019inauguration de ce nouveau parc de 25.000&nbsp;m\u00b2&nbsp;s\u2019est tenue en pr\u00e9sence notamment du Wali de la r\u00e9gion Casablanca-Settat, Mohamed Mhidia, du gouverneur de la province de Nouaceur, Jalal Benhayoun, du directeur de l\u2019Agence marocaine de d\u00e9veloppement de la logistique (AMDL), Ghassane El Machrafi, ainsi que du pr\u00e9sident du groupe \u201cTijara D\u00e9veloppement\u201d, Azzedine Lahrichi.<\/p>\n\n\n\n<p>Dans une allocution de circonstance, M. Kayouh a affirm\u00e9 que le secteur de la logistique constitue un levier essentiel pour renforcer la comp\u00e9titivit\u00e9 de l\u2019\u00e9conomie nationale.<\/p>\n\n\n\n<p>\u201cC\u2019est pourquoi nous travaillons sans rel\u00e2che \u00e0 intensifier les efforts pour le d\u00e9velopper et am\u00e9liorer ses performances\u201d, a-t-il soulign\u00e9, notant, \u00e0 cet \u00e9gard, que la strat\u00e9gie nationale de d\u00e9veloppement de la comp\u00e9titivit\u00e9 logistique a permis de mobiliser des centaines d\u2019hectares de zones logistiques d\u00e9di\u00e9es \u00e0 travers les diff\u00e9rentes r\u00e9gions du Royaume, qui sont actuellement am\u00e9nag\u00e9es pour construire un r\u00e9seau national int\u00e9gr\u00e9 capable d\u2019accompagner les besoins de l\u2019\u00e9conomie.<\/p>\n\n\n\n<p>Sur le corridor logistique Zenata\u2013Nouaceur, qui reliera le nord et le sud de Casablanca, les travaux d\u2019am\u00e9nagement de la zone logistique Oulad Saleh se poursuivent et devraient \u00eatre achev\u00e9s \u00e0 l\u2019\u00e9t\u00e9 2026, a fait savoir le ministre, ajoutant que parall\u00e8lement, les travaux de la plateforme logistique et industrielle int\u00e9gr\u00e9e de Zenata ont \u00e9t\u00e9 amorc\u00e9s.<\/p>\n\n\n\n<p>Des infrastructures logistiques flexibles et robustes permettent au Royaume de faire face aux d\u00e9fis mondiaux, notamment dans un contexte de volatilit\u00e9 des prix et de perturbations des cha\u00eenes d\u2019approvisionnement, a fait observer M. Kayouh.<\/p>\n\n\n\n<p>Ces projets contribuent \u00e9galement \u00e0 renforcer la place du Maroc en tant que hub r\u00e9gional et continental, reliant les march\u00e9s africains et europ\u00e9ens et facilitant l\u2019int\u00e9gration dans les cha\u00eenes de valeur mondiales, a-t-il poursuivi, soulignant que ces plateformes ouvrent des perspectives de cr\u00e9ation d\u2019emplois, de soutien aux petites et moyennes entreprises, de promotion d\u2019un investissement productif et d\u2019un d\u00e9veloppement durable.<\/p>\n\n\n\n<p>De son c\u00f4t\u00e9, le pr\u00e9sident de&nbsp;Tijara D\u00e9veloppement, Azzedine Lahrichi, a r\u00e9affirm\u00e9 les ambitions du groupe.&nbsp;\u201cNotre ambition est de porter les surfaces couvertes de 36.000 m\u00b2 actuellement \u00e0 75.000 m\u00b2 dans les prochaines ann\u00e9es pour un investissement de plus de 300 millions de dirhams, consolidant ainsi notre position en tant qu\u2019acteur de r\u00e9f\u00e9rence dans le secteur de l\u2019immobilier industriel et logistique au Maroc\u201d, a-t-il affirm\u00e9.<\/p>\n\n\n\n<p>Port\u00e9 par \u201cTijara D\u00e9veloppement\u201d, ce projet ambitieux s\u2019inscrit dans la dynamique soutenue que conna\u00eet le secteur de l\u2019immobilier industriel et logistique au Maroc.<\/p>\n\n\n\n<p>D\u00e9velopp\u00e9 par la soci\u00e9t\u00e9 LOGIPARC, filiale du groupe Tijara D\u00e9veloppement, \u201cLOGIPARC 2\u201d constitue un parc industriel et logistique moderne visant \u00e0 offrir des espaces am\u00e9nag\u00e9s \u00e0 la location au profit des entreprises marocaines et internationales op\u00e9rant dans les secteurs de l\u2019industrie et de la logistique.<\/p>\n\n\n\n<p>Ce projet qui s\u2019\u00e9tend sur une assiette fonci\u00e8re de 5,5 hectares, propose pr\u00e8s de 25.000 m\u00b2 de surfaces couvertes, r\u00e9parties en 23 unit\u00e9s modulables dont la superficie varie entre 920 et 2.200 m\u00b2, offrant ainsi une grande flexibilit\u00e9 aux op\u00e9rateurs selon leurs besoins.<\/p>\n\n\n\n<p>Les unit\u00e9s ont \u00e9t\u00e9 con\u00e7ues selon des standards techniques modernes r\u00e9pondant aux exigences des activit\u00e9s industrielles et logistiques, notamment en termes de hauteur des b\u00e2timents, de capacit\u00e9 de charge des sols renforc\u00e9e et d\u2019\u00e9quipements de chargement et de d\u00e9chargement, ainsi que de syst\u00e8mes de s\u00e9curit\u00e9 incendie et de surveillance garantissant un environnement de travail conforme aux normes internationales.<\/p>\n\n\n\n<p>Situ\u00e9 dans la zone industrielle de Bouskoura, le projet b\u00e9n\u00e9ficie d\u2019un emplacement strat\u00e9gique \u00e0 proximit\u00e9 imm\u00e9diate des principaux axes routiers et autoroutiers reliant Casablanca aux grandes villes du Royaume, ainsi que de l\u2019a\u00e9roport Mohammed V et du port de Casablanca, renfor\u00e7ant ainsi son attractivit\u00e9 pour les op\u00e9rateurs industriels et logistiques.<\/p>\n\n\n\n<p>Le parc propose une offre int\u00e9gr\u00e9e reposant sur des unit\u00e9s pr\u00eates \u00e0 l\u2019exploitation, comprenant les raccordements aux r\u00e9seaux d\u2019eau, d\u2019\u00e9lectricit\u00e9 et de t\u00e9l\u00e9communications ainsi que des \u00e9quipements de base, avec la possibilit\u00e9 d\u2019adapter les espaces selon les besoins des op\u00e9rateurs, en plus de services de maintenance et de gestion quotidienne des infrastructures communes.<\/p>\n\n\n\n<p>LOGIPARC 2 s\u2019inscrit dans la continuit\u00e9 du premier parc LOGIPARC 1 lanc\u00e9 par le groupe en 2016 sur une assiette fonci\u00e8re de 2,5 hectares pour une superficie couverte de 11.100 m\u00b2 r\u00e9partie en 8 modules d\u2019une superficie comprise entre 1.000 et 1.800 m\u00b2.<\/p>\n","protected":false},"excerpt":{"rendered":"<p>Dpress Le ministre du Transport et de la Logistique, Abdessamad Kayouh, a inaugur\u00e9, mardi \u00e0 Bouskoura, un nouveau parc industriel et logistique de derni\u00e8re g\u00e9n\u00e9ration dans la r\u00e9gion Casablanca-Settat baptis\u00e9&nbsp;\u201cLOGIPARC 2\u201d, mobilisant un investissement de plus de 200 millions de dirhams. La c\u00e9r\u00e9monie d\u2019inauguration de ce nouveau parc de 25.000&nbsp;m\u00b2&nbsp;s\u2019est tenue en pr\u00e9sence notamment du &hellip;<\/p>\n","protected":false},"author":2,"featured_media":27796,"comment_status":"open","ping_status":"open","sticky":false,"template":"","format":"standard","meta":{"footnotes":""},"categories":[25],"tags":[],"class_list":["post-27795","post","type-post","status-publish","format-standard","has-post-thumbnail","hentry","category-economie"],"yoast_head":"<!-- This site is optimized with the Yoast SEO plugin v27.5 - https:\/\/yoast.com\/product\/yoast-seo-wordpress\/ -->\n<title>Bouskoura: M. Kayouh inaugure \u201cLOGIPARC 2\u201d, un parc industriel et logistique de 25.000 m\u00b2 - Dpress.ma\/fr<\/title>\n<meta name=\"robots\" content=\"index, follow, max-snippet:-1, max-image-preview:large, max-video-preview:-1\" \/>\n<link rel=\"canonical\" href=\"https:\/\/dpress.ma\/fr\/2026\/04\/07\/bouskoura-m-kayouh-inaugure-logiparc-2-un-parc-industriel-et-logistique-de-25-000-m\u00b2\/\" \/>\n<meta property=\"og:locale\" content=\"fr_FR\" \/>\n<meta property=\"og:type\" content=\"article\" \/>\n<meta property=\"og:title\" content=\"Bouskoura: M. Kayouh inaugure \u201cLOGIPARC 2\u201d, un parc industriel et logistique de 25.000 m\u00b2 - Dpress.ma\/fr\" \/>\n<meta property=\"og:description\" content=\"Dpress Le ministre du Transport et de la Logistique, Abdessamad Kayouh, a inaugur\u00e9, mardi \u00e0 Bouskoura, un nouveau parc industriel et logistique de derni\u00e8re g\u00e9n\u00e9ration dans la r\u00e9gion Casablanca-Settat baptis\u00e9&nbsp;\u201cLOGIPARC 2\u201d, mobilisant un investissement de plus de 200 millions de dirhams. La c\u00e9r\u00e9monie d\u2019inauguration de ce nouveau parc de 25.000&nbsp;m\u00b2&nbsp;s\u2019est tenue en pr\u00e9sence notamment du &hellip;\" \/>\n<meta property=\"og:url\" content=\"https:\/\/dpress.ma\/fr\/2026\/04\/07\/bouskoura-m-kayouh-inaugure-logiparc-2-un-parc-industriel-et-logistique-de-25-000-m\u00b2\/\" \/>\n<meta property=\"og:site_name\" content=\"Dpress.ma\/fr\" \/>\n<meta property=\"article:published_time\" content=\"2026-04-07T14:14:11+00:00\" \/>\n<meta property=\"article:modified_time\" content=\"2026-04-07T14:14:13+00:00\" \/>\n<meta property=\"og:image\" content=\"https:\/\/dpress.ma\/fr\/wp-content\/uploads\/sites\/2\/2026\/04\/301.jpg\" \/>\n\t<meta property=\"og:image:width\" content=\"2539\" \/>\n\t<meta property=\"og:image:height\" content=\"1594\" \/>\n\t<meta property=\"og:image:type\" content=\"image\/jpeg\" \/>\n<meta name=\"author\" content=\"Dpress.ma\" \/>\n<meta name=\"twitter:card\" content=\"summary_large_image\" \/>\n<meta name=\"twitter:label1\" content=\"\u00c9crit par\" \/>\n\t<meta name=\"twitter:data1\" content=\"Dpress.ma\" \/>\n\t<meta name=\"twitter:label2\" content=\"Dur\u00e9e de lecture estim\u00e9e\" \/>\n\t<meta name=\"twitter:data2\" content=\"4 minutes\" \/>\n<script type=\"application\/ld+json\" class=\"yoast-schema-graph\">{\"@context\":\"https:\\\/\\\/schema.org\",\"@graph\":[{\"@type\":\"Article\",\"@id\":\"https:\\\/\\\/dpress.ma\\\/fr\\\/2026\\\/04\\\/07\\\/bouskoura-m-kayouh-inaugure-logiparc-2-un-parc-industriel-et-logistique-de-25-000-m%c2%b2\\\/#article\",\"isPartOf\":{\"@id\":\"https:\\\/\\\/dpress.ma\\\/fr\\\/2026\\\/04\\\/07\\\/bouskoura-m-kayouh-inaugure-logiparc-2-un-parc-industriel-et-logistique-de-25-000-m%c2%b2\\\/\"},\"author\":{\"name\":\"Dpress.ma\",\"@id\":\"https:\\\/\\\/dpress.ma\\\/fr\\\/#\\\/schema\\\/person\\\/4898febf3ccd59e6578d838656a306a0\"},\"headline\":\"Bouskoura: M. Kayouh inaugure \u201cLOGIPARC 2\u201d, un parc industriel et logistique de 25.000 m\u00b2\",\"datePublished\":\"2026-04-07T14:14:11+00:00\",\"dateModified\":\"2026-04-07T14:14:13+00:00\",\"mainEntityOfPage\":{\"@id\":\"https:\\\/\\\/dpress.ma\\\/fr\\\/2026\\\/04\\\/07\\\/bouskoura-m-kayouh-inaugure-logiparc-2-un-parc-industriel-et-logistique-de-25-000-m%c2%b2\\\/\"},\"wordCount\":823,\"commentCount\":0,\"image\":{\"@id\":\"https:\\\/\\\/dpress.ma\\\/fr\\\/2026\\\/04\\\/07\\\/bouskoura-m-kayouh-inaugure-logiparc-2-un-parc-industriel-et-logistique-de-25-000-m%c2%b2\\\/#primaryimage\"},\"thumbnailUrl\":\"https:\\\/\\\/dpress.ma\\\/fr\\\/wp-content\\\/uploads\\\/sites\\\/2\\\/2026\\\/04\\\/301.jpg\",\"articleSection\":[\"\u00c9conomie\"],\"inLanguage\":\"fr-FR\",\"potentialAction\":[{\"@type\":\"CommentAction\",\"name\":\"Comment\",\"target\":[\"https:\\\/\\\/dpress.ma\\\/fr\\\/2026\\\/04\\\/07\\\/bouskoura-m-kayouh-inaugure-logiparc-2-un-parc-industriel-et-logistique-de-25-000-m%c2%b2\\\/#respond\"]}]},{\"@type\":\"WebPage\",\"@id\":\"https:\\\/\\\/dpress.ma\\\/fr\\\/2026\\\/04\\\/07\\\/bouskoura-m-kayouh-inaugure-logiparc-2-un-parc-industriel-et-logistique-de-25-000-m%c2%b2\\\/\",\"url\":\"https:\\\/\\\/dpress.ma\\\/fr\\\/2026\\\/04\\\/07\\\/bouskoura-m-kayouh-inaugure-logiparc-2-un-parc-industriel-et-logistique-de-25-000-m%c2%b2\\\/\",\"name\":\"Bouskoura: M. Kayouh inaugure \u201cLOGIPARC 2\u201d, un parc industriel et logistique de 25.000 m\u00b2 - Dpress.ma\\\/fr\",\"isPartOf\":{\"@id\":\"https:\\\/\\\/dpress.ma\\\/fr\\\/#website\"},\"primaryImageOfPage\":{\"@id\":\"https:\\\/\\\/dpress.ma\\\/fr\\\/2026\\\/04\\\/07\\\/bouskoura-m-kayouh-inaugure-logiparc-2-un-parc-industriel-et-logistique-de-25-000-m%c2%b2\\\/#primaryimage\"},\"image\":{\"@id\":\"https:\\\/\\\/dpress.ma\\\/fr\\\/2026\\\/04\\\/07\\\/bouskoura-m-kayouh-inaugure-logiparc-2-un-parc-industriel-et-logistique-de-25-000-m%c2%b2\\\/#primaryimage\"},\"thumbnailUrl\":\"https:\\\/\\\/dpress.ma\\\/fr\\\/wp-content\\\/uploads\\\/sites\\\/2\\\/2026\\\/04\\\/301.jpg\",\"datePublished\":\"2026-04-07T14:14:11+00:00\",\"dateModified\":\"2026-04-07T14:14:13+00:00\",\"author\":{\"@id\":\"https:\\\/\\\/dpress.ma\\\/fr\\\/#\\\/schema\\\/person\\\/4898febf3ccd59e6578d838656a306a0\"},\"breadcrumb\":{\"@id\":\"https:\\\/\\\/dpress.ma\\\/fr\\\/2026\\\/04\\\/07\\\/bouskoura-m-kayouh-inaugure-logiparc-2-un-parc-industriel-et-logistique-de-25-000-m%c2%b2\\\/#breadcrumb\"},\"inLanguage\":\"fr-FR\",\"potentialAction\":[{\"@type\":\"ReadAction\",\"target\":[\"https:\\\/\\\/dpress.ma\\\/fr\\\/2026\\\/04\\\/07\\\/bouskoura-m-kayouh-inaugure-logiparc-2-un-parc-industriel-et-logistique-de-25-000-m%c2%b2\\\/\"]}]},{\"@type\":\"ImageObject\",\"inLanguage\":\"fr-FR\",\"@id\":\"https:\\\/\\\/dpress.ma\\\/fr\\\/2026\\\/04\\\/07\\\/bouskoura-m-kayouh-inaugure-logiparc-2-un-parc-industriel-et-logistique-de-25-000-m%c2%b2\\\/#primaryimage\",\"url\":\"https:\\\/\\\/dpress.ma\\\/fr\\\/wp-content\\\/uploads\\\/sites\\\/2\\\/2026\\\/04\\\/301.jpg\",\"contentUrl\":\"https:\\\/\\\/dpress.ma\\\/fr\\\/wp-content\\\/uploads\\\/sites\\\/2\\\/2026\\\/04\\\/301.jpg\",\"width\":2539,\"height\":1594},{\"@type\":\"BreadcrumbList\",\"@id\":\"https:\\\/\\\/dpress.ma\\\/fr\\\/2026\\\/04\\\/07\\\/bouskoura-m-kayouh-inaugure-logiparc-2-un-parc-industriel-et-logistique-de-25-000-m%c2%b2\\\/#breadcrumb\",\"itemListElement\":[{\"@type\":\"ListItem\",\"position\":1,\"name\":\"Home\",\"item\":\"https:\\\/\\\/dpress.ma\\\/fr\\\/\"},{\"@type\":\"ListItem\",\"position\":2,\"name\":\"Bouskoura: M. Kayouh inaugure \u201cLOGIPARC 2\u201d, un parc industriel et logistique de 25.000 m\u00b2\"}]},{\"@type\":\"WebSite\",\"@id\":\"https:\\\/\\\/dpress.ma\\\/fr\\\/#website\",\"url\":\"https:\\\/\\\/dpress.ma\\\/fr\\\/\",\"name\":\"Dpress.ma\\\/fr\",\"description\":\"\",\"potentialAction\":[{\"@type\":\"SearchAction\",\"target\":{\"@type\":\"EntryPoint\",\"urlTemplate\":\"https:\\\/\\\/dpress.ma\\\/fr\\\/?s={search_term_string}\"},\"query-input\":{\"@type\":\"PropertyValueSpecification\",\"valueRequired\":true,\"valueName\":\"search_term_string\"}}],\"inLanguage\":\"fr-FR\"},{\"@type\":\"Person\",\"@id\":\"https:\\\/\\\/dpress.ma\\\/fr\\\/#\\\/schema\\\/person\\\/4898febf3ccd59e6578d838656a306a0\",\"name\":\"Dpress.ma\",\"image\":{\"@type\":\"ImageObject\",\"inLanguage\":\"fr-FR\",\"@id\":\"https:\\\/\\\/secure.gravatar.com\\\/avatar\\\/72ecc30e9db047a2e0e7176561eb9d564ed77c8108376495b19bd8336405198a?s=96&d=mm&r=g\",\"url\":\"https:\\\/\\\/secure.gravatar.com\\\/avatar\\\/72ecc30e9db047a2e0e7176561eb9d564ed77c8108376495b19bd8336405198a?s=96&d=mm&r=g\",\"contentUrl\":\"https:\\\/\\\/secure.gravatar.com\\\/avatar\\\/72ecc30e9db047a2e0e7176561eb9d564ed77c8108376495b19bd8336405198a?s=96&d=mm&r=g\",\"caption\":\"Dpress.ma\"},\"sameAs\":[\"https:\\\/\\\/www.dpress.ma\"],\"url\":\"https:\\\/\\\/dpress.ma\\\/fr\\\/author\\\/dpress-ma\\\/\"}]}<\/script>\n<!-- \/ Yoast SEO plugin. -->","yoast_head_json":{"title":"Bouskoura: M. Kayouh inaugure \u201cLOGIPARC 2\u201d, un parc industriel et logistique de 25.000 m\u00b2 - Dpress.ma\/fr","robots":{"index":"index","follow":"follow","max-snippet":"max-snippet:-1","max-image-preview":"max-image-preview:large","max-video-preview":"max-video-preview:-1"},"canonical":"https:\/\/dpress.ma\/fr\/2026\/04\/07\/bouskoura-m-kayouh-inaugure-logiparc-2-un-parc-industriel-et-logistique-de-25-000-m\u00b2\/","og_locale":"fr_FR","og_type":"article","og_title":"Bouskoura: M. Kayouh inaugure \u201cLOGIPARC 2\u201d, un parc industriel et logistique de 25.000 m\u00b2 - Dpress.ma\/fr","og_description":"Dpress Le ministre du Transport et de la Logistique, Abdessamad Kayouh, a inaugur\u00e9, mardi \u00e0 Bouskoura, un nouveau parc industriel et logistique de derni\u00e8re g\u00e9n\u00e9ration dans la r\u00e9gion Casablanca-Settat baptis\u00e9&nbsp;\u201cLOGIPARC 2\u201d, mobilisant un investissement de plus de 200 millions de dirhams. La c\u00e9r\u00e9monie d\u2019inauguration de ce nouveau parc de 25.000&nbsp;m\u00b2&nbsp;s\u2019est tenue en pr\u00e9sence notamment du &hellip;","og_url":"https:\/\/dpress.ma\/fr\/2026\/04\/07\/bouskoura-m-kayouh-inaugure-logiparc-2-un-parc-industriel-et-logistique-de-25-000-m\u00b2\/","og_site_name":"Dpress.ma\/fr","article_published_time":"2026-04-07T14:14:11+00:00","article_modified_time":"2026-04-07T14:14:13+00:00","og_image":[{"width":2539,"height":1594,"url":"https:\/\/dpress.ma\/fr\/wp-content\/uploads\/sites\/2\/2026\/04\/301.jpg","type":"image\/jpeg"}],"author":"Dpress.ma","twitter_card":"summary_large_image","twitter_misc":{"\u00c9crit par":"Dpress.ma","Dur\u00e9e de lecture estim\u00e9e":"4 minutes"},"schema":{"@context":"https:\/\/schema.org","@graph":[{"@type":"Article","@id":"https:\/\/dpress.ma\/fr\/2026\/04\/07\/bouskoura-m-kayouh-inaugure-logiparc-2-un-parc-industriel-et-logistique-de-25-000-m%c2%b2\/#article","isPartOf":{"@id":"https:\/\/dpress.ma\/fr\/2026\/04\/07\/bouskoura-m-kayouh-inaugure-logiparc-2-un-parc-industriel-et-logistique-de-25-000-m%c2%b2\/"},"author":{"name":"Dpress.ma","@id":"https:\/\/dpress.ma\/fr\/#\/schema\/person\/4898febf3ccd59e6578d838656a306a0"},"headline":"Bouskoura: M. Kayouh inaugure \u201cLOGIPARC 2\u201d, un parc industriel et logistique de 25.000 m\u00b2","datePublished":"2026-04-07T14:14:11+00:00","dateModified":"2026-04-07T14:14:13+00:00","mainEntityOfPage":{"@id":"https:\/\/dpress.ma\/fr\/2026\/04\/07\/bouskoura-m-kayouh-inaugure-logiparc-2-un-parc-industriel-et-logistique-de-25-000-m%c2%b2\/"},"wordCount":823,"commentCount":0,"image":{"@id":"https:\/\/dpress.ma\/fr\/2026\/04\/07\/bouskoura-m-kayouh-inaugure-logiparc-2-un-parc-industriel-et-logistique-de-25-000-m%c2%b2\/#primaryimage"},"thumbnailUrl":"https:\/\/dpress.ma\/fr\/wp-content\/uploads\/sites\/2\/2026\/04\/301.jpg","articleSection":["\u00c9conomie"],"inLanguage":"fr-FR","potentialAction":[{"@type":"CommentAction","name":"Comment","target":["https:\/\/dpress.ma\/fr\/2026\/04\/07\/bouskoura-m-kayouh-inaugure-logiparc-2-un-parc-industriel-et-logistique-de-25-000-m%c2%b2\/#respond"]}]},{"@type":"WebPage","@id":"https:\/\/dpress.ma\/fr\/2026\/04\/07\/bouskoura-m-kayouh-inaugure-logiparc-2-un-parc-industriel-et-logistique-de-25-000-m%c2%b2\/","url":"https:\/\/dpress.ma\/fr\/2026\/04\/07\/bouskoura-m-kayouh-inaugure-logiparc-2-un-parc-industriel-et-logistique-de-25-000-m%c2%b2\/","name":"Bouskoura: M. Kayouh inaugure \u201cLOGIPARC 2\u201d, un parc industriel et logistique de 25.000 m\u00b2 - Dpress.ma\/fr","isPartOf":{"@id":"https:\/\/dpress.ma\/fr\/#website"},"primaryImageOfPage":{"@id":"https:\/\/dpress.ma\/fr\/2026\/04\/07\/bouskoura-m-kayouh-inaugure-logiparc-2-un-parc-industriel-et-logistique-de-25-000-m%c2%b2\/#primaryimage"},"image":{"@id":"https:\/\/dpress.ma\/fr\/2026\/04\/07\/bouskoura-m-kayouh-inaugure-logiparc-2-un-parc-industriel-et-logistique-de-25-000-m%c2%b2\/#primaryimage"},"thumbnailUrl":"https:\/\/dpress.ma\/fr\/wp-content\/uploads\/sites\/2\/2026\/04\/301.jpg","datePublished":"2026-04-07T14:14:11+00:00","dateModified":"2026-04-07T14:14:13+00:00","author":{"@id":"https:\/\/dpress.ma\/fr\/#\/schema\/person\/4898febf3ccd59e6578d838656a306a0"},"breadcrumb":{"@id":"https:\/\/dpress.ma\/fr\/2026\/04\/07\/bouskoura-m-kayouh-inaugure-logiparc-2-un-parc-industriel-et-logistique-de-25-000-m%c2%b2\/#breadcrumb"},"inLanguage":"fr-FR","potentialAction":[{"@type":"ReadAction","target":["https:\/\/dpress.ma\/fr\/2026\/04\/07\/bouskoura-m-kayouh-inaugure-logiparc-2-un-parc-industriel-et-logistique-de-25-000-m%c2%b2\/"]}]},{"@type":"ImageObject","inLanguage":"fr-FR","@id":"https:\/\/dpress.ma\/fr\/2026\/04\/07\/bouskoura-m-kayouh-inaugure-logiparc-2-un-parc-industriel-et-logistique-de-25-000-m%c2%b2\/#primaryimage","url":"https:\/\/dpress.ma\/fr\/wp-content\/uploads\/sites\/2\/2026\/04\/301.jpg","contentUrl":"https:\/\/dpress.ma\/fr\/wp-content\/uploads\/sites\/2\/2026\/04\/301.jpg","width":2539,"height":1594},{"@type":"BreadcrumbList","@id":"https:\/\/dpress.ma\/fr\/2026\/04\/07\/bouskoura-m-kayouh-inaugure-logiparc-2-un-parc-industriel-et-logistique-de-25-000-m%c2%b2\/#breadcrumb","itemListElement":[{"@type":"ListItem","position":1,"name":"Home","item":"https:\/\/dpress.ma\/fr\/"},{"@type":"ListItem","position":2,"name":"Bouskoura: M. Kayouh inaugure \u201cLOGIPARC 2\u201d, un parc industriel et logistique de 25.000 m\u00b2"}]},{"@type":"WebSite","@id":"https:\/\/dpress.ma\/fr\/#website","url":"https:\/\/dpress.ma\/fr\/","name":"Dpress.ma\/fr","description":"","potentialAction":[{"@type":"SearchAction","target":{"@type":"EntryPoint","urlTemplate":"https:\/\/dpress.ma\/fr\/?s={search_term_string}"},"query-input":{"@type":"PropertyValueSpecification","valueRequired":true,"valueName":"search_term_string"}}],"inLanguage":"fr-FR"},{"@type":"Person","@id":"https:\/\/dpress.ma\/fr\/#\/schema\/person\/4898febf3ccd59e6578d838656a306a0","name":"Dpress.ma","image":{"@type":"ImageObject","inLanguage":"fr-FR","@id":"https:\/\/secure.gravatar.com\/avatar\/72ecc30e9db047a2e0e7176561eb9d564ed77c8108376495b19bd8336405198a?s=96&d=mm&r=g","url":"https:\/\/secure.gravatar.com\/avatar\/72ecc30e9db047a2e0e7176561eb9d564ed77c8108376495b19bd8336405198a?s=96&d=mm&r=g","contentUrl":"https:\/\/secure.gravatar.com\/avatar\/72ecc30e9db047a2e0e7176561eb9d564ed77c8108376495b19bd8336405198a?s=96&d=mm&r=g","caption":"Dpress.ma"},"sameAs":["https:\/\/www.dpress.ma"],"url":"https:\/\/dpress.ma\/fr\/author\/dpress-ma\/"}]}},"amp_enabled":true,"_links":{"self":[{"href":"https:\/\/dpress.ma\/fr\/wp-json\/wp\/v2\/posts\/27795","targetHints":{"allow":["GET"]}}],"collection":[{"href":"https:\/\/dpress.ma\/fr\/wp-json\/wp\/v2\/posts"}],"about":[{"href":"https:\/\/dpress.ma\/fr\/wp-json\/wp\/v2\/types\/post"}],"author":[{"embeddable":true,"href":"https:\/\/dpress.ma\/fr\/wp-json\/wp\/v2\/users\/2"}],"replies":[{"embeddable":true,"href":"https:\/\/dpress.ma\/fr\/wp-json\/wp\/v2\/comments?post=27795"}],"version-history":[{"count":1,"href":"https:\/\/dpress.ma\/fr\/wp-json\/wp\/v2\/posts\/27795\/revisions"}],"predecessor-version":[{"id":27797,"href":"https:\/\/dpress.ma\/fr\/wp-json\/wp\/v2\/posts\/27795\/revisions\/27797"}],"wp:featuredmedia":[{"embeddable":true,"href":"https:\/\/dpress.ma\/fr\/wp-json\/wp\/v2\/media\/27796"}],"wp:attachment":[{"href":"https:\/\/dpress.ma\/fr\/wp-json\/wp\/v2\/media?parent=27795"}],"wp:term":[{"taxonomy":"category","embeddable":true,"href":"https:\/\/dpress.ma\/fr\/wp-json\/wp\/v2\/categories?post=27795"},{"taxonomy":"post_tag","embeddable":true,"href":"https:\/\/dpress.ma\/fr\/wp-json\/wp\/v2\/tags?post=27795"}],"curies":[{"name":"wp","href":"https:\/\/api.w.org\/{rel}","templated":true}]}}