{"id":27792,"date":"2026-04-07T14:12:15","date_gmt":"2026-04-07T14:12:15","guid":{"rendered":"https:\/\/dpress.ma\/fr\/?p=27792"},"modified":"2026-04-07T14:12:17","modified_gmt":"2026-04-07T14:12:17","slug":"le-maroc-un-hub-regional-capable-daccompagner-lessor-technologique-africain","status":"publish","type":"post","link":"https:\/\/dpress.ma\/fr\/2026\/04\/07\/le-maroc-un-hub-regional-capable-daccompagner-lessor-technologique-africain\/","title":{"rendered":"Le Maroc, un hub r\u00e9gional capable d\u2019accompagner l\u2019essor technologique africain"},"content":{"rendered":"\n<p>Dpress<\/p>\n\n\n\n<p>Le Maroc s\u2019affirme comme un hub r\u00e9gional capable d\u2019accompagner l\u2019essor technologique du continent africain, \u00e0 la faveur de ses atouts structurels et de ses choix strat\u00e9giques en mati\u00e8re d\u2019\u00e9nergie et d\u2019infrastructures num\u00e9riques, a affirm\u00e9, mardi \u00e0 Marrakech, le pr\u00e9sident de la Conf\u00e9d\u00e9ration g\u00e9n\u00e9rale des entreprises du Maroc (CGEM), Chakib Alj.<\/p>\n\n\n\n<p>Fort de son positionnement en tant qu\u2019acteur majeur du d\u00e9veloppement num\u00e9rique, le Royaume entend jouer un r\u00f4le moteur dans l\u2019accompagnement de la transformation digitale africaine, en contribuant activement \u00e0 la structuration d\u2019un \u00e9cosyst\u00e8me technologique comp\u00e9titif, inclusif et souverain, a soulign\u00e9 M. Alj \u00e0 l\u2019ouverture de GITEX Africa 2026.<\/p>\n\n\n\n<p>\u201cCette dynamique s\u2019inscrit dans un contexte continental marqu\u00e9 par une transformation profonde, o\u00f9 l\u2019Afrique passe progressivement du statut de consommatrice de technologies \u00e0 celui de v\u00e9ritable actrice de leur d\u00e9veloppement\u201d, a-t-il relev\u00e9.<\/p>\n\n\n\n<p>Cette mutation, a-t-il poursuivi, ouvre de nouvelles perspectives pour le continent,&nbsp;notamment dans les secteurs de l\u2019industrie, de la finance et de l\u2019agriculture, d\u2019o\u00f9 la n\u00e9cessit\u00e9 de capitaliser&nbsp;sur une jeunesse qualifi\u00e9e et sur des \u00e9cosyst\u00e8mes en structuration pour attirer les investissements et favoriser l\u2019innovation.<\/p>\n\n\n\n<p>Il a, dans cette lign\u00e9e, fait savoir que le Maroc dispose d\u2019avantages comp\u00e9titifs significatifs, en particulier un mix \u00e9nerg\u00e9tique durable, avec pr\u00e8s de 45% de la capacit\u00e9 install\u00e9e issue des \u00e9nergies renouvelables et une ambition affirm\u00e9e dans le d\u00e9veloppement de l\u2019hydrog\u00e8ne vert. Le pr\u00e9sident de la CGEM a \u00e9galement mis en avant la qualit\u00e9 des infrastructures t\u00e9l\u00e9coms du Royaume, sa connectivit\u00e9 internationale et sa position g\u00e9ographique strat\u00e9gique au carrefour de l\u2019Europe et de l\u2019Afrique.<\/p>\n\n\n\n<p>Tout en mettant en garde contre les d\u00e9fis li\u00e9s \u00e0 la cybers\u00e9curit\u00e9, \u00e0 l\u2019\u00e9thique et au d\u00e9veloppement des comp\u00e9tences, M. Alj a attir\u00e9 l\u2019attention sur la n\u00e9cessit\u00e9 d\u2019investir dans la formation et de renforcer la coop\u00e9ration \u00e0 l\u2019\u00e9chelle africaine.<\/p>\n\n\n\n<p>Par ailleurs, M. Alj a salu\u00e9 les initiatives port\u00e9es par des acteurs nationaux, comme l\u2019entreprise marocaine ABA Technology, qui a lanc\u00e9 une plateforme d\u2019IA d\u00e9velopp\u00e9e au Maroc, incarnant ainsi le potentiel d\u2019innovation du continent.<\/p>\n\n\n\n<p>De son c\u00f4t\u00e9, le directeur g\u00e9n\u00e9ral de l\u2019Agence de D\u00e9veloppement du Digital (ADD), Amine El Mezouaghi, a indiqu\u00e9 que le succ\u00e8s de GITEX Africa consacre le positionnement du Royaume en tant que hub r\u00e9gional de l\u2019innovation et plateforme de connexion entre l\u2019Afrique et le reste du monde, ajoutant que cette manifestation est d\u00e9sormais un espace privil\u00e9gi\u00e9 de partenariats et de cr\u00e9ation d\u2019opportunit\u00e9s.<\/p>\n\n\n\n<p>Il a, \u00e0 cet \u00e9gard, mis en relief la forte croissance enregistr\u00e9e en seulement trois \u00e9ditions, marqu\u00e9e notamment par une hausse de plus de 60% du nombre de visiteurs et d\u2019exposants, un quasi-doublement des startups et une progression significative du nombre d\u2019investisseurs et d\u2019intervenants.<\/p>\n\n\n\n<p>El Mezouaghi a \u00e9galement rappel\u00e9 la trajectoire progressive du Maroc en mati\u00e8re de transformation num\u00e9rique, amorc\u00e9e d\u00e8s la fin des ann\u00e9es 1990 \u00e0 travers une succession de strat\u00e9gies refl\u00e9tant une vision claire visant \u00e0 placer le digital au c\u0153ur des mutations \u00e9conomiques et sociales, conform\u00e9ment aux Hautes Orientations Royales appelant \u00e0 consacrer une culture des r\u00e9sultats fond\u00e9e&nbsp;sur les donn\u00e9es et les technologies modernes.<\/p>\n\n\n\n<p>Le directeur g\u00e9n\u00e9ral de l\u2019ADD a fait remarquer que l\u2019ambition du Royaume d\u00e9passe d\u00e9sormais l\u2019accompagnement de la transformation num\u00e9rique pour s\u2019inscrire dans une logique de production et de cr\u00e9ation de valeur, appelant \u00e0 renforcer les investissements, les partenariats et la coop\u00e9ration Sud-Sud, l\u2019objectif \u00e9tant de b\u00e2tir un \u00e9cosyst\u00e8me num\u00e9rique innovant et, partant, contribuer \u00e0 l\u2019\u00e9mergence d\u2019un avenir digital partag\u00e9 \u00e0 l\u2019\u00e9chelle du continent africain.<\/p>\n\n\n\n<p>La c\u00e9r\u00e9monie d\u2019ouverture de ce grand \u00e9v\u00e9nement, plac\u00e9 sous le Haut Patronage de Sa Majest\u00e9 le Roi Mohammed VI, a \u00e9t\u00e9 marqu\u00e9e par une intervention du Chef du gouvernement, Aziz Akhannouch, et la pr\u00e9sence de membres du gouvernement, d\u2019investisseurs nationaux et internationaux, de repr\u00e9sentants d\u2019institutions publiques, de conf\u00e9renciers et de personnalit\u00e9s de divers horizons.<\/p>\n\n\n\n<p>Plac\u00e9e sous le th\u00e8me\u201dCatalyser&nbsp;l\u2019\u00e9conomie num\u00e9rique africaine \u00e0 l\u2019\u00e8re de l\u2019Intelligence Artificielle\u201d, cette \u00e9dition, qui r\u00e9unit quelque&nbsp;50.000 participants et plus de 1.450 exposants de 130 pays,&nbsp;se veut une plateforme majeure de coop\u00e9ration panafricaine, o\u00f9 l\u2019innovation mondiale rencontre les enjeux de souverainet\u00e9 du continent, afin d\u2019acc\u00e9l\u00e9rer le d\u00e9ploiement de solutions num\u00e9riques \u00e0 fort impact capables de poser les fondations de la r\u00e9silience \u00e9conomique future de l\u2019Afrique.<\/p>\n","protected":false},"excerpt":{"rendered":"<p>Dpress Le Maroc s\u2019affirme comme un hub r\u00e9gional capable d\u2019accompagner l\u2019essor technologique du continent africain, \u00e0 la faveur de ses atouts structurels et de ses choix strat\u00e9giques en mati\u00e8re d\u2019\u00e9nergie et d\u2019infrastructures num\u00e9riques, a affirm\u00e9, mardi \u00e0 Marrakech, le pr\u00e9sident de la Conf\u00e9d\u00e9ration g\u00e9n\u00e9rale des entreprises du Maroc (CGEM), Chakib Alj. Fort de son positionnement &hellip;<\/p>\n","protected":false},"author":2,"featured_media":27793,"comment_status":"open","ping_status":"open","sticky":false,"template":"","format":"standard","meta":{"footnotes":""},"categories":[25],"tags":[],"class_list":["post-27792","post","type-post","status-publish","format-standard","has-post-thumbnail","hentry","category-economie"],"yoast_head":"<!-- This site is optimized with the Yoast SEO plugin v27.5 - https:\/\/yoast.com\/product\/yoast-seo-wordpress\/ -->\n<title>Le Maroc, un hub r\u00e9gional capable d\u2019accompagner l\u2019essor technologique africain - Dpress.ma\/fr<\/title>\n<meta name=\"robots\" content=\"index, follow, max-snippet:-1, max-image-preview:large, max-video-preview:-1\" \/>\n<link rel=\"canonical\" href=\"https:\/\/dpress.ma\/fr\/2026\/04\/07\/le-maroc-un-hub-regional-capable-daccompagner-lessor-technologique-africain\/\" \/>\n<meta property=\"og:locale\" content=\"fr_FR\" \/>\n<meta property=\"og:type\" content=\"article\" \/>\n<meta property=\"og:title\" content=\"Le Maroc, un hub r\u00e9gional capable d\u2019accompagner l\u2019essor technologique africain - Dpress.ma\/fr\" \/>\n<meta property=\"og:description\" content=\"Dpress Le Maroc s\u2019affirme comme un hub r\u00e9gional capable d\u2019accompagner l\u2019essor technologique du continent africain, \u00e0 la faveur de ses atouts structurels et de ses choix strat\u00e9giques en mati\u00e8re d\u2019\u00e9nergie et d\u2019infrastructures num\u00e9riques, a affirm\u00e9, mardi \u00e0 Marrakech, le pr\u00e9sident de la Conf\u00e9d\u00e9ration g\u00e9n\u00e9rale des entreprises du Maroc (CGEM), Chakib Alj. Fort de son positionnement &hellip;\" \/>\n<meta property=\"og:url\" content=\"https:\/\/dpress.ma\/fr\/2026\/04\/07\/le-maroc-un-hub-regional-capable-daccompagner-lessor-technologique-africain\/\" \/>\n<meta property=\"og:site_name\" content=\"Dpress.ma\/fr\" \/>\n<meta property=\"article:published_time\" content=\"2026-04-07T14:12:15+00:00\" \/>\n<meta property=\"article:modified_time\" content=\"2026-04-07T14:12:17+00:00\" \/>\n<meta property=\"og:image\" content=\"https:\/\/dpress.ma\/fr\/wp-content\/uploads\/sites\/2\/2026\/04\/29-2.jpg\" \/>\n\t<meta property=\"og:image:width\" content=\"2539\" \/>\n\t<meta property=\"og:image:height\" content=\"1594\" \/>\n\t<meta property=\"og:image:type\" content=\"image\/jpeg\" \/>\n<meta name=\"author\" content=\"Dpress.ma\" \/>\n<meta name=\"twitter:card\" content=\"summary_large_image\" \/>\n<meta name=\"twitter:label1\" content=\"\u00c9crit par\" \/>\n\t<meta name=\"twitter:data1\" content=\"Dpress.ma\" \/>\n\t<meta name=\"twitter:label2\" content=\"Dur\u00e9e de lecture estim\u00e9e\" \/>\n\t<meta name=\"twitter:data2\" content=\"4 minutes\" \/>\n<script type=\"application\/ld+json\" class=\"yoast-schema-graph\">{\"@context\":\"https:\\\/\\\/schema.org\",\"@graph\":[{\"@type\":\"Article\",\"@id\":\"https:\\\/\\\/dpress.ma\\\/fr\\\/2026\\\/04\\\/07\\\/le-maroc-un-hub-regional-capable-daccompagner-lessor-technologique-africain\\\/#article\",\"isPartOf\":{\"@id\":\"https:\\\/\\\/dpress.ma\\\/fr\\\/2026\\\/04\\\/07\\\/le-maroc-un-hub-regional-capable-daccompagner-lessor-technologique-africain\\\/\"},\"author\":{\"name\":\"Dpress.ma\",\"@id\":\"https:\\\/\\\/dpress.ma\\\/fr\\\/#\\\/schema\\\/person\\\/4898febf3ccd59e6578d838656a306a0\"},\"headline\":\"Le Maroc, un hub r\u00e9gional capable d\u2019accompagner l\u2019essor technologique africain\",\"datePublished\":\"2026-04-07T14:12:15+00:00\",\"dateModified\":\"2026-04-07T14:12:17+00:00\",\"mainEntityOfPage\":{\"@id\":\"https:\\\/\\\/dpress.ma\\\/fr\\\/2026\\\/04\\\/07\\\/le-maroc-un-hub-regional-capable-daccompagner-lessor-technologique-africain\\\/\"},\"wordCount\":818,\"commentCount\":0,\"image\":{\"@id\":\"https:\\\/\\\/dpress.ma\\\/fr\\\/2026\\\/04\\\/07\\\/le-maroc-un-hub-regional-capable-daccompagner-lessor-technologique-africain\\\/#primaryimage\"},\"thumbnailUrl\":\"https:\\\/\\\/dpress.ma\\\/fr\\\/wp-content\\\/uploads\\\/sites\\\/2\\\/2026\\\/04\\\/29-2.jpg\",\"articleSection\":[\"\u00c9conomie\"],\"inLanguage\":\"fr-FR\",\"potentialAction\":[{\"@type\":\"CommentAction\",\"name\":\"Comment\",\"target\":[\"https:\\\/\\\/dpress.ma\\\/fr\\\/2026\\\/04\\\/07\\\/le-maroc-un-hub-regional-capable-daccompagner-lessor-technologique-africain\\\/#respond\"]}]},{\"@type\":\"WebPage\",\"@id\":\"https:\\\/\\\/dpress.ma\\\/fr\\\/2026\\\/04\\\/07\\\/le-maroc-un-hub-regional-capable-daccompagner-lessor-technologique-africain\\\/\",\"url\":\"https:\\\/\\\/dpress.ma\\\/fr\\\/2026\\\/04\\\/07\\\/le-maroc-un-hub-regional-capable-daccompagner-lessor-technologique-africain\\\/\",\"name\":\"Le Maroc, un hub r\u00e9gional capable d\u2019accompagner l\u2019essor technologique africain - Dpress.ma\\\/fr\",\"isPartOf\":{\"@id\":\"https:\\\/\\\/dpress.ma\\\/fr\\\/#website\"},\"primaryImageOfPage\":{\"@id\":\"https:\\\/\\\/dpress.ma\\\/fr\\\/2026\\\/04\\\/07\\\/le-maroc-un-hub-regional-capable-daccompagner-lessor-technologique-africain\\\/#primaryimage\"},\"image\":{\"@id\":\"https:\\\/\\\/dpress.ma\\\/fr\\\/2026\\\/04\\\/07\\\/le-maroc-un-hub-regional-capable-daccompagner-lessor-technologique-africain\\\/#primaryimage\"},\"thumbnailUrl\":\"https:\\\/\\\/dpress.ma\\\/fr\\\/wp-content\\\/uploads\\\/sites\\\/2\\\/2026\\\/04\\\/29-2.jpg\",\"datePublished\":\"2026-04-07T14:12:15+00:00\",\"dateModified\":\"2026-04-07T14:12:17+00:00\",\"author\":{\"@id\":\"https:\\\/\\\/dpress.ma\\\/fr\\\/#\\\/schema\\\/person\\\/4898febf3ccd59e6578d838656a306a0\"},\"breadcrumb\":{\"@id\":\"https:\\\/\\\/dpress.ma\\\/fr\\\/2026\\\/04\\\/07\\\/le-maroc-un-hub-regional-capable-daccompagner-lessor-technologique-africain\\\/#breadcrumb\"},\"inLanguage\":\"fr-FR\",\"potentialAction\":[{\"@type\":\"ReadAction\",\"target\":[\"https:\\\/\\\/dpress.ma\\\/fr\\\/2026\\\/04\\\/07\\\/le-maroc-un-hub-regional-capable-daccompagner-lessor-technologique-africain\\\/\"]}]},{\"@type\":\"ImageObject\",\"inLanguage\":\"fr-FR\",\"@id\":\"https:\\\/\\\/dpress.ma\\\/fr\\\/2026\\\/04\\\/07\\\/le-maroc-un-hub-regional-capable-daccompagner-lessor-technologique-africain\\\/#primaryimage\",\"url\":\"https:\\\/\\\/dpress.ma\\\/fr\\\/wp-content\\\/uploads\\\/sites\\\/2\\\/2026\\\/04\\\/29-2.jpg\",\"contentUrl\":\"https:\\\/\\\/dpress.ma\\\/fr\\\/wp-content\\\/uploads\\\/sites\\\/2\\\/2026\\\/04\\\/29-2.jpg\",\"width\":2539,\"height\":1594},{\"@type\":\"BreadcrumbList\",\"@id\":\"https:\\\/\\\/dpress.ma\\\/fr\\\/2026\\\/04\\\/07\\\/le-maroc-un-hub-regional-capable-daccompagner-lessor-technologique-africain\\\/#breadcrumb\",\"itemListElement\":[{\"@type\":\"ListItem\",\"position\":1,\"name\":\"Home\",\"item\":\"https:\\\/\\\/dpress.ma\\\/fr\\\/\"},{\"@type\":\"ListItem\",\"position\":2,\"name\":\"Le Maroc, un hub r\u00e9gional capable d\u2019accompagner l\u2019essor technologique africain\"}]},{\"@type\":\"WebSite\",\"@id\":\"https:\\\/\\\/dpress.ma\\\/fr\\\/#website\",\"url\":\"https:\\\/\\\/dpress.ma\\\/fr\\\/\",\"name\":\"Dpress.ma\\\/fr\",\"description\":\"\",\"potentialAction\":[{\"@type\":\"SearchAction\",\"target\":{\"@type\":\"EntryPoint\",\"urlTemplate\":\"https:\\\/\\\/dpress.ma\\\/fr\\\/?s={search_term_string}\"},\"query-input\":{\"@type\":\"PropertyValueSpecification\",\"valueRequired\":true,\"valueName\":\"search_term_string\"}}],\"inLanguage\":\"fr-FR\"},{\"@type\":\"Person\",\"@id\":\"https:\\\/\\\/dpress.ma\\\/fr\\\/#\\\/schema\\\/person\\\/4898febf3ccd59e6578d838656a306a0\",\"name\":\"Dpress.ma\",\"image\":{\"@type\":\"ImageObject\",\"inLanguage\":\"fr-FR\",\"@id\":\"https:\\\/\\\/secure.gravatar.com\\\/avatar\\\/72ecc30e9db047a2e0e7176561eb9d564ed77c8108376495b19bd8336405198a?s=96&d=mm&r=g\",\"url\":\"https:\\\/\\\/secure.gravatar.com\\\/avatar\\\/72ecc30e9db047a2e0e7176561eb9d564ed77c8108376495b19bd8336405198a?s=96&d=mm&r=g\",\"contentUrl\":\"https:\\\/\\\/secure.gravatar.com\\\/avatar\\\/72ecc30e9db047a2e0e7176561eb9d564ed77c8108376495b19bd8336405198a?s=96&d=mm&r=g\",\"caption\":\"Dpress.ma\"},\"sameAs\":[\"https:\\\/\\\/www.dpress.ma\"],\"url\":\"https:\\\/\\\/dpress.ma\\\/fr\\\/author\\\/dpress-ma\\\/\"}]}<\/script>\n<!-- \/ Yoast SEO plugin. -->","yoast_head_json":{"title":"Le Maroc, un hub r\u00e9gional capable d\u2019accompagner l\u2019essor technologique africain - Dpress.ma\/fr","robots":{"index":"index","follow":"follow","max-snippet":"max-snippet:-1","max-image-preview":"max-image-preview:large","max-video-preview":"max-video-preview:-1"},"canonical":"https:\/\/dpress.ma\/fr\/2026\/04\/07\/le-maroc-un-hub-regional-capable-daccompagner-lessor-technologique-africain\/","og_locale":"fr_FR","og_type":"article","og_title":"Le Maroc, un hub r\u00e9gional capable d\u2019accompagner l\u2019essor technologique africain - Dpress.ma\/fr","og_description":"Dpress Le Maroc s\u2019affirme comme un hub r\u00e9gional capable d\u2019accompagner l\u2019essor technologique du continent africain, \u00e0 la faveur de ses atouts structurels et de ses choix strat\u00e9giques en mati\u00e8re d\u2019\u00e9nergie et d\u2019infrastructures num\u00e9riques, a affirm\u00e9, mardi \u00e0 Marrakech, le pr\u00e9sident de la Conf\u00e9d\u00e9ration g\u00e9n\u00e9rale des entreprises du Maroc (CGEM), Chakib Alj. Fort de son positionnement &hellip;","og_url":"https:\/\/dpress.ma\/fr\/2026\/04\/07\/le-maroc-un-hub-regional-capable-daccompagner-lessor-technologique-africain\/","og_site_name":"Dpress.ma\/fr","article_published_time":"2026-04-07T14:12:15+00:00","article_modified_time":"2026-04-07T14:12:17+00:00","og_image":[{"width":2539,"height":1594,"url":"https:\/\/dpress.ma\/fr\/wp-content\/uploads\/sites\/2\/2026\/04\/29-2.jpg","type":"image\/jpeg"}],"author":"Dpress.ma","twitter_card":"summary_large_image","twitter_misc":{"\u00c9crit par":"Dpress.ma","Dur\u00e9e de lecture estim\u00e9e":"4 minutes"},"schema":{"@context":"https:\/\/schema.org","@graph":[{"@type":"Article","@id":"https:\/\/dpress.ma\/fr\/2026\/04\/07\/le-maroc-un-hub-regional-capable-daccompagner-lessor-technologique-africain\/#article","isPartOf":{"@id":"https:\/\/dpress.ma\/fr\/2026\/04\/07\/le-maroc-un-hub-regional-capable-daccompagner-lessor-technologique-africain\/"},"author":{"name":"Dpress.ma","@id":"https:\/\/dpress.ma\/fr\/#\/schema\/person\/4898febf3ccd59e6578d838656a306a0"},"headline":"Le Maroc, un hub r\u00e9gional capable d\u2019accompagner l\u2019essor technologique africain","datePublished":"2026-04-07T14:12:15+00:00","dateModified":"2026-04-07T14:12:17+00:00","mainEntityOfPage":{"@id":"https:\/\/dpress.ma\/fr\/2026\/04\/07\/le-maroc-un-hub-regional-capable-daccompagner-lessor-technologique-africain\/"},"wordCount":818,"commentCount":0,"image":{"@id":"https:\/\/dpress.ma\/fr\/2026\/04\/07\/le-maroc-un-hub-regional-capable-daccompagner-lessor-technologique-africain\/#primaryimage"},"thumbnailUrl":"https:\/\/dpress.ma\/fr\/wp-content\/uploads\/sites\/2\/2026\/04\/29-2.jpg","articleSection":["\u00c9conomie"],"inLanguage":"fr-FR","potentialAction":[{"@type":"CommentAction","name":"Comment","target":["https:\/\/dpress.ma\/fr\/2026\/04\/07\/le-maroc-un-hub-regional-capable-daccompagner-lessor-technologique-africain\/#respond"]}]},{"@type":"WebPage","@id":"https:\/\/dpress.ma\/fr\/2026\/04\/07\/le-maroc-un-hub-regional-capable-daccompagner-lessor-technologique-africain\/","url":"https:\/\/dpress.ma\/fr\/2026\/04\/07\/le-maroc-un-hub-regional-capable-daccompagner-lessor-technologique-africain\/","name":"Le Maroc, un hub r\u00e9gional capable d\u2019accompagner l\u2019essor technologique africain - Dpress.ma\/fr","isPartOf":{"@id":"https:\/\/dpress.ma\/fr\/#website"},"primaryImageOfPage":{"@id":"https:\/\/dpress.ma\/fr\/2026\/04\/07\/le-maroc-un-hub-regional-capable-daccompagner-lessor-technologique-africain\/#primaryimage"},"image":{"@id":"https:\/\/dpress.ma\/fr\/2026\/04\/07\/le-maroc-un-hub-regional-capable-daccompagner-lessor-technologique-africain\/#primaryimage"},"thumbnailUrl":"https:\/\/dpress.ma\/fr\/wp-content\/uploads\/sites\/2\/2026\/04\/29-2.jpg","datePublished":"2026-04-07T14:12:15+00:00","dateModified":"2026-04-07T14:12:17+00:00","author":{"@id":"https:\/\/dpress.ma\/fr\/#\/schema\/person\/4898febf3ccd59e6578d838656a306a0"},"breadcrumb":{"@id":"https:\/\/dpress.ma\/fr\/2026\/04\/07\/le-maroc-un-hub-regional-capable-daccompagner-lessor-technologique-africain\/#breadcrumb"},"inLanguage":"fr-FR","potentialAction":[{"@type":"ReadAction","target":["https:\/\/dpress.ma\/fr\/2026\/04\/07\/le-maroc-un-hub-regional-capable-daccompagner-lessor-technologique-africain\/"]}]},{"@type":"ImageObject","inLanguage":"fr-FR","@id":"https:\/\/dpress.ma\/fr\/2026\/04\/07\/le-maroc-un-hub-regional-capable-daccompagner-lessor-technologique-africain\/#primaryimage","url":"https:\/\/dpress.ma\/fr\/wp-content\/uploads\/sites\/2\/2026\/04\/29-2.jpg","contentUrl":"https:\/\/dpress.ma\/fr\/wp-content\/uploads\/sites\/2\/2026\/04\/29-2.jpg","width":2539,"height":1594},{"@type":"BreadcrumbList","@id":"https:\/\/dpress.ma\/fr\/2026\/04\/07\/le-maroc-un-hub-regional-capable-daccompagner-lessor-technologique-africain\/#breadcrumb","itemListElement":[{"@type":"ListItem","position":1,"name":"Home","item":"https:\/\/dpress.ma\/fr\/"},{"@type":"ListItem","position":2,"name":"Le Maroc, un hub r\u00e9gional capable d\u2019accompagner l\u2019essor technologique africain"}]},{"@type":"WebSite","@id":"https:\/\/dpress.ma\/fr\/#website","url":"https:\/\/dpress.ma\/fr\/","name":"Dpress.ma\/fr","description":"","potentialAction":[{"@type":"SearchAction","target":{"@type":"EntryPoint","urlTemplate":"https:\/\/dpress.ma\/fr\/?s={search_term_string}"},"query-input":{"@type":"PropertyValueSpecification","valueRequired":true,"valueName":"search_term_string"}}],"inLanguage":"fr-FR"},{"@type":"Person","@id":"https:\/\/dpress.ma\/fr\/#\/schema\/person\/4898febf3ccd59e6578d838656a306a0","name":"Dpress.ma","image":{"@type":"ImageObject","inLanguage":"fr-FR","@id":"https:\/\/secure.gravatar.com\/avatar\/72ecc30e9db047a2e0e7176561eb9d564ed77c8108376495b19bd8336405198a?s=96&d=mm&r=g","url":"https:\/\/secure.gravatar.com\/avatar\/72ecc30e9db047a2e0e7176561eb9d564ed77c8108376495b19bd8336405198a?s=96&d=mm&r=g","contentUrl":"https:\/\/secure.gravatar.com\/avatar\/72ecc30e9db047a2e0e7176561eb9d564ed77c8108376495b19bd8336405198a?s=96&d=mm&r=g","caption":"Dpress.ma"},"sameAs":["https:\/\/www.dpress.ma"],"url":"https:\/\/dpress.ma\/fr\/author\/dpress-ma\/"}]}},"amp_enabled":true,"_links":{"self":[{"href":"https:\/\/dpress.ma\/fr\/wp-json\/wp\/v2\/posts\/27792","targetHints":{"allow":["GET"]}}],"collection":[{"href":"https:\/\/dpress.ma\/fr\/wp-json\/wp\/v2\/posts"}],"about":[{"href":"https:\/\/dpress.ma\/fr\/wp-json\/wp\/v2\/types\/post"}],"author":[{"embeddable":true,"href":"https:\/\/dpress.ma\/fr\/wp-json\/wp\/v2\/users\/2"}],"replies":[{"embeddable":true,"href":"https:\/\/dpress.ma\/fr\/wp-json\/wp\/v2\/comments?post=27792"}],"version-history":[{"count":1,"href":"https:\/\/dpress.ma\/fr\/wp-json\/wp\/v2\/posts\/27792\/revisions"}],"predecessor-version":[{"id":27794,"href":"https:\/\/dpress.ma\/fr\/wp-json\/wp\/v2\/posts\/27792\/revisions\/27794"}],"wp:featuredmedia":[{"embeddable":true,"href":"https:\/\/dpress.ma\/fr\/wp-json\/wp\/v2\/media\/27793"}],"wp:attachment":[{"href":"https:\/\/dpress.ma\/fr\/wp-json\/wp\/v2\/media?parent=27792"}],"wp:term":[{"taxonomy":"category","embeddable":true,"href":"https:\/\/dpress.ma\/fr\/wp-json\/wp\/v2\/categories?post=27792"},{"taxonomy":"post_tag","embeddable":true,"href":"https:\/\/dpress.ma\/fr\/wp-json\/wp\/v2\/tags?post=27792"}],"curies":[{"name":"wp","href":"https:\/\/api.w.org\/{rel}","templated":true}]}}