{"id":27786,"date":"2026-04-07T14:08:41","date_gmt":"2026-04-07T14:08:41","guid":{"rendered":"https:\/\/dpress.ma\/fr\/?p=27786"},"modified":"2026-04-07T14:08:43","modified_gmt":"2026-04-07T14:08:43","slug":"le-maroc-fait-le-pari-technologique-de-servir-un-nouveau-modele-de-souverainete","status":"publish","type":"post","link":"https:\/\/dpress.ma\/fr\/2026\/04\/07\/le-maroc-fait-le-pari-technologique-de-servir-un-nouveau-modele-de-souverainete\/","title":{"rendered":"Le Maroc fait le pari technologique de servir un nouveau mod\u00e8le de souverainet\u00e9"},"content":{"rendered":"\n<p>Dpress<\/p>\n\n\n\n<p>Le Maroc fait le pari technologique de servir un nouveau mod\u00e8le de souverainet\u00e9, fond\u00e9 sur une gouvernance digitale renouvel\u00e9e et renforc\u00e9e par l\u2019intelligence artificielle, a indiqu\u00e9, mardi \u00e0 Marrakech, la ministre d\u00e9l\u00e9gu\u00e9e charg\u00e9e de la Transition num\u00e9rique et de la R\u00e9forme de l\u2019administration, Amal El Fallah Seghrouchni.<\/p>\n\n\n\n<p>\u201cLe minist\u00e8re de la Transition num\u00e9rique et de la R\u00e9forme de l\u2019administration entend mobiliser ses parties prenantes, nationales et internationales, afin de structurer une trajectoire marocaine f\u00e9d\u00e9ratrice en mati\u00e8re de nouvelle gouvernance digitale renforc\u00e9e par l\u2019IA\u201d, a fait savoir Mme Seghrouchni, qui intervenait lors de l\u2019ouverture de la 4e \u00e9dition du GITEX Africa Morocco.<\/p>\n\n\n\n<p>Selon la responsable, la comp\u00e9tition technologique mondiale est aussi une comp\u00e9tition d\u2019investissements, de capacit\u00e9s industrielles et de souverainet\u00e9 scientifique, notant que l&rsquo;\u201dambition marocaine est d\u2019inventer un nouveau jeu\u201d.<\/p>\n\n\n\n<p>\u201cLe pari technologique marocain consiste \u00e0 d\u00e9montrer qu\u2019il est possible de construire une puissance technologique qui ne se d\u00e9finit pas par la domination, mais par sa capacit\u00e9 \u00e0 f\u00e9d\u00e9rer et \u00e0 mettre l\u2019innovation au service du d\u00e9veloppement et du bien commun \u00e0 l\u2019\u00e9chelle globale\u201d, a-t-elle expliqu\u00e9, estimant que la souverainet\u00e9 technologique est plus que jamais un enjeu strat\u00e9gique majeur.<\/p>\n\n\n\n<p>Pour Mme Seghrouchni, le Maroc peut incarner une troisi\u00e8me voie du digital et de l\u2019IA qui repose sur quatre piliers structurants.&nbsp;Il s\u2019agit&nbsp;d\u2019une souverainet\u00e9 technologique op\u00e9rationnelle, d\u2019une modernit\u00e9 authentique fond\u00e9e sur un digital et une IA adapt\u00e9s aux r\u00e9alit\u00e9s \u00e9conomiques, sociales et culturelles du Royaume, d\u2019une puissance technologique d\u2019\u00e9quilibre capable de relier l\u2019Europe, l\u2019Afrique et l\u2019Atlantique dans la recomposition des rapports de force \u00e0 l\u2019\u00e9chelle mondiale et d\u2019une boussole strat\u00e9gique pour le dialogue international sur le digital et l\u2019IA.<\/p>\n\n\n\n<p>\u201cPar sa position g\u00e9ographique, la diversit\u00e9 de ses partenariats et sa tradition de dialogue multilat\u00e9ral, le Maroc dispose d\u2019atouts uniques pour devenir une plateforme internationale de dialogue sur les grands enjeux de l\u2019IA \u00e9thique, moderne et authentique, \u00e0 m\u00eame de r\u00e9unir des acteurs issus de diff\u00e9rents mod\u00e8les technologiques et de promouvoir une approche \u00e9quilibr\u00e9e entre innovation, souverainet\u00e9 et responsabilit\u00e9\u201d, a affirm\u00e9 la ministre.<\/p>\n\n\n\n<p>En se positionnant comme puissance technologique d\u2019\u00e9quilibre, capable de relier l\u2019Europe, l\u2019Afrique et l\u2019Atlantique dans la recomposition g\u00e9opolitique en cours, le Royaume offre plus qu\u2019un hub, il offre un liant, a-t-elle conclu.<\/p>\n\n\n\n<p>La c\u00e9r\u00e9monie d\u2019ouverture de ce grand \u00e9v\u00e9nement, plac\u00e9 sous le Haut Patronage de Sa Majest\u00e9 le Roi Mohammed VI, a \u00e9t\u00e9 marqu\u00e9e par une intervention du Chef du gouvernement, Aziz Akhannouch, et la pr\u00e9sence de membres du gouvernement, d\u2019investisseurs nationaux et internationaux, de repr\u00e9sentants d\u2019institutions publiques, de conf\u00e9renciers et de personnalit\u00e9s de divers horizons.<\/p>\n\n\n\n<p>Plac\u00e9e sous le th\u00e8me\u201dCatalyser&nbsp;l\u2019\u00e9conomie num\u00e9rique africaine \u00e0 l\u2019\u00e8re de l\u2019Intelligence Artificielle\u201d, cette \u00e9dition r\u00e9unit quelque&nbsp;50.000 participants et plus de 1.450 exposants de 130 pays. Elle se veut une plateforme majeure de coop\u00e9ration panafricaine, o\u00f9 l\u2019innovation mondiale rencontre les enjeux de souverainet\u00e9 du continent, afin d\u2019acc\u00e9l\u00e9rer le d\u00e9ploiement de solutions num\u00e9riques \u00e0 fort impact capables de poser les fondations de la r\u00e9silience \u00e9conomique future de l\u2019Afrique.<\/p>\n","protected":false},"excerpt":{"rendered":"<p>Dpress Le Maroc fait le pari technologique de servir un nouveau mod\u00e8le de souverainet\u00e9, fond\u00e9 sur une gouvernance digitale renouvel\u00e9e et renforc\u00e9e par l\u2019intelligence artificielle, a indiqu\u00e9, mardi \u00e0 Marrakech, la ministre d\u00e9l\u00e9gu\u00e9e charg\u00e9e de la Transition num\u00e9rique et de la R\u00e9forme de l\u2019administration, Amal El Fallah Seghrouchni. \u201cLe minist\u00e8re de la Transition num\u00e9rique et &hellip;<\/p>\n","protected":false},"author":2,"featured_media":27787,"comment_status":"open","ping_status":"open","sticky":false,"template":"","format":"standard","meta":{"footnotes":""},"categories":[25],"tags":[],"class_list":["post-27786","post","type-post","status-publish","format-standard","has-post-thumbnail","hentry","category-economie"],"yoast_head":"<!-- This site is optimized with the Yoast SEO plugin v27.5 - https:\/\/yoast.com\/product\/yoast-seo-wordpress\/ -->\n<title>Le Maroc fait le pari technologique de servir un nouveau mod\u00e8le de souverainet\u00e9 - Dpress.ma\/fr<\/title>\n<meta name=\"robots\" content=\"index, follow, max-snippet:-1, max-image-preview:large, max-video-preview:-1\" \/>\n<link rel=\"canonical\" href=\"https:\/\/dpress.ma\/fr\/2026\/04\/07\/le-maroc-fait-le-pari-technologique-de-servir-un-nouveau-modele-de-souverainete\/\" \/>\n<meta property=\"og:locale\" content=\"fr_FR\" \/>\n<meta property=\"og:type\" content=\"article\" \/>\n<meta property=\"og:title\" content=\"Le Maroc fait le pari technologique de servir un nouveau mod\u00e8le de souverainet\u00e9 - Dpress.ma\/fr\" \/>\n<meta property=\"og:description\" content=\"Dpress Le Maroc fait le pari technologique de servir un nouveau mod\u00e8le de souverainet\u00e9, fond\u00e9 sur une gouvernance digitale renouvel\u00e9e et renforc\u00e9e par l\u2019intelligence artificielle, a indiqu\u00e9, mardi \u00e0 Marrakech, la ministre d\u00e9l\u00e9gu\u00e9e charg\u00e9e de la Transition num\u00e9rique et de la R\u00e9forme de l\u2019administration, Amal El Fallah Seghrouchni. \u201cLe minist\u00e8re de la Transition num\u00e9rique et &hellip;\" \/>\n<meta property=\"og:url\" content=\"https:\/\/dpress.ma\/fr\/2026\/04\/07\/le-maroc-fait-le-pari-technologique-de-servir-un-nouveau-modele-de-souverainete\/\" \/>\n<meta property=\"og:site_name\" content=\"Dpress.ma\/fr\" \/>\n<meta property=\"article:published_time\" content=\"2026-04-07T14:08:41+00:00\" \/>\n<meta property=\"article:modified_time\" content=\"2026-04-07T14:08:43+00:00\" \/>\n<meta property=\"og:image\" content=\"https:\/\/dpress.ma\/fr\/wp-content\/uploads\/sites\/2\/2026\/04\/27-1.jpg\" \/>\n\t<meta property=\"og:image:width\" content=\"2539\" \/>\n\t<meta property=\"og:image:height\" content=\"1594\" \/>\n\t<meta property=\"og:image:type\" content=\"image\/jpeg\" \/>\n<meta name=\"author\" content=\"Dpress.ma\" \/>\n<meta name=\"twitter:card\" content=\"summary_large_image\" \/>\n<meta name=\"twitter:label1\" content=\"\u00c9crit par\" \/>\n\t<meta name=\"twitter:data1\" content=\"Dpress.ma\" \/>\n\t<meta name=\"twitter:label2\" content=\"Dur\u00e9e de lecture estim\u00e9e\" \/>\n\t<meta name=\"twitter:data2\" content=\"3 minutes\" \/>\n<script type=\"application\/ld+json\" class=\"yoast-schema-graph\">{\"@context\":\"https:\\\/\\\/schema.org\",\"@graph\":[{\"@type\":\"Article\",\"@id\":\"https:\\\/\\\/dpress.ma\\\/fr\\\/2026\\\/04\\\/07\\\/le-maroc-fait-le-pari-technologique-de-servir-un-nouveau-modele-de-souverainete\\\/#article\",\"isPartOf\":{\"@id\":\"https:\\\/\\\/dpress.ma\\\/fr\\\/2026\\\/04\\\/07\\\/le-maroc-fait-le-pari-technologique-de-servir-un-nouveau-modele-de-souverainete\\\/\"},\"author\":{\"name\":\"Dpress.ma\",\"@id\":\"https:\\\/\\\/dpress.ma\\\/fr\\\/#\\\/schema\\\/person\\\/4898febf3ccd59e6578d838656a306a0\"},\"headline\":\"Le Maroc fait le pari technologique de servir un nouveau mod\u00e8le de souverainet\u00e9\",\"datePublished\":\"2026-04-07T14:08:41+00:00\",\"dateModified\":\"2026-04-07T14:08:43+00:00\",\"mainEntityOfPage\":{\"@id\":\"https:\\\/\\\/dpress.ma\\\/fr\\\/2026\\\/04\\\/07\\\/le-maroc-fait-le-pari-technologique-de-servir-un-nouveau-modele-de-souverainete\\\/\"},\"wordCount\":589,\"commentCount\":0,\"image\":{\"@id\":\"https:\\\/\\\/dpress.ma\\\/fr\\\/2026\\\/04\\\/07\\\/le-maroc-fait-le-pari-technologique-de-servir-un-nouveau-modele-de-souverainete\\\/#primaryimage\"},\"thumbnailUrl\":\"https:\\\/\\\/dpress.ma\\\/fr\\\/wp-content\\\/uploads\\\/sites\\\/2\\\/2026\\\/04\\\/27-1.jpg\",\"articleSection\":[\"\u00c9conomie\"],\"inLanguage\":\"fr-FR\",\"potentialAction\":[{\"@type\":\"CommentAction\",\"name\":\"Comment\",\"target\":[\"https:\\\/\\\/dpress.ma\\\/fr\\\/2026\\\/04\\\/07\\\/le-maroc-fait-le-pari-technologique-de-servir-un-nouveau-modele-de-souverainete\\\/#respond\"]}]},{\"@type\":\"WebPage\",\"@id\":\"https:\\\/\\\/dpress.ma\\\/fr\\\/2026\\\/04\\\/07\\\/le-maroc-fait-le-pari-technologique-de-servir-un-nouveau-modele-de-souverainete\\\/\",\"url\":\"https:\\\/\\\/dpress.ma\\\/fr\\\/2026\\\/04\\\/07\\\/le-maroc-fait-le-pari-technologique-de-servir-un-nouveau-modele-de-souverainete\\\/\",\"name\":\"Le Maroc fait le pari technologique de servir un nouveau mod\u00e8le de souverainet\u00e9 - Dpress.ma\\\/fr\",\"isPartOf\":{\"@id\":\"https:\\\/\\\/dpress.ma\\\/fr\\\/#website\"},\"primaryImageOfPage\":{\"@id\":\"https:\\\/\\\/dpress.ma\\\/fr\\\/2026\\\/04\\\/07\\\/le-maroc-fait-le-pari-technologique-de-servir-un-nouveau-modele-de-souverainete\\\/#primaryimage\"},\"image\":{\"@id\":\"https:\\\/\\\/dpress.ma\\\/fr\\\/2026\\\/04\\\/07\\\/le-maroc-fait-le-pari-technologique-de-servir-un-nouveau-modele-de-souverainete\\\/#primaryimage\"},\"thumbnailUrl\":\"https:\\\/\\\/dpress.ma\\\/fr\\\/wp-content\\\/uploads\\\/sites\\\/2\\\/2026\\\/04\\\/27-1.jpg\",\"datePublished\":\"2026-04-07T14:08:41+00:00\",\"dateModified\":\"2026-04-07T14:08:43+00:00\",\"author\":{\"@id\":\"https:\\\/\\\/dpress.ma\\\/fr\\\/#\\\/schema\\\/person\\\/4898febf3ccd59e6578d838656a306a0\"},\"breadcrumb\":{\"@id\":\"https:\\\/\\\/dpress.ma\\\/fr\\\/2026\\\/04\\\/07\\\/le-maroc-fait-le-pari-technologique-de-servir-un-nouveau-modele-de-souverainete\\\/#breadcrumb\"},\"inLanguage\":\"fr-FR\",\"potentialAction\":[{\"@type\":\"ReadAction\",\"target\":[\"https:\\\/\\\/dpress.ma\\\/fr\\\/2026\\\/04\\\/07\\\/le-maroc-fait-le-pari-technologique-de-servir-un-nouveau-modele-de-souverainete\\\/\"]}]},{\"@type\":\"ImageObject\",\"inLanguage\":\"fr-FR\",\"@id\":\"https:\\\/\\\/dpress.ma\\\/fr\\\/2026\\\/04\\\/07\\\/le-maroc-fait-le-pari-technologique-de-servir-un-nouveau-modele-de-souverainete\\\/#primaryimage\",\"url\":\"https:\\\/\\\/dpress.ma\\\/fr\\\/wp-content\\\/uploads\\\/sites\\\/2\\\/2026\\\/04\\\/27-1.jpg\",\"contentUrl\":\"https:\\\/\\\/dpress.ma\\\/fr\\\/wp-content\\\/uploads\\\/sites\\\/2\\\/2026\\\/04\\\/27-1.jpg\",\"width\":2539,\"height\":1594},{\"@type\":\"BreadcrumbList\",\"@id\":\"https:\\\/\\\/dpress.ma\\\/fr\\\/2026\\\/04\\\/07\\\/le-maroc-fait-le-pari-technologique-de-servir-un-nouveau-modele-de-souverainete\\\/#breadcrumb\",\"itemListElement\":[{\"@type\":\"ListItem\",\"position\":1,\"name\":\"Home\",\"item\":\"https:\\\/\\\/dpress.ma\\\/fr\\\/\"},{\"@type\":\"ListItem\",\"position\":2,\"name\":\"Le Maroc fait le pari technologique de servir un nouveau mod\u00e8le de souverainet\u00e9\"}]},{\"@type\":\"WebSite\",\"@id\":\"https:\\\/\\\/dpress.ma\\\/fr\\\/#website\",\"url\":\"https:\\\/\\\/dpress.ma\\\/fr\\\/\",\"name\":\"Dpress.ma\\\/fr\",\"description\":\"\",\"potentialAction\":[{\"@type\":\"SearchAction\",\"target\":{\"@type\":\"EntryPoint\",\"urlTemplate\":\"https:\\\/\\\/dpress.ma\\\/fr\\\/?s={search_term_string}\"},\"query-input\":{\"@type\":\"PropertyValueSpecification\",\"valueRequired\":true,\"valueName\":\"search_term_string\"}}],\"inLanguage\":\"fr-FR\"},{\"@type\":\"Person\",\"@id\":\"https:\\\/\\\/dpress.ma\\\/fr\\\/#\\\/schema\\\/person\\\/4898febf3ccd59e6578d838656a306a0\",\"name\":\"Dpress.ma\",\"image\":{\"@type\":\"ImageObject\",\"inLanguage\":\"fr-FR\",\"@id\":\"https:\\\/\\\/secure.gravatar.com\\\/avatar\\\/72ecc30e9db047a2e0e7176561eb9d564ed77c8108376495b19bd8336405198a?s=96&d=mm&r=g\",\"url\":\"https:\\\/\\\/secure.gravatar.com\\\/avatar\\\/72ecc30e9db047a2e0e7176561eb9d564ed77c8108376495b19bd8336405198a?s=96&d=mm&r=g\",\"contentUrl\":\"https:\\\/\\\/secure.gravatar.com\\\/avatar\\\/72ecc30e9db047a2e0e7176561eb9d564ed77c8108376495b19bd8336405198a?s=96&d=mm&r=g\",\"caption\":\"Dpress.ma\"},\"sameAs\":[\"https:\\\/\\\/www.dpress.ma\"],\"url\":\"https:\\\/\\\/dpress.ma\\\/fr\\\/author\\\/dpress-ma\\\/\"}]}<\/script>\n<!-- \/ Yoast SEO plugin. -->","yoast_head_json":{"title":"Le Maroc fait le pari technologique de servir un nouveau mod\u00e8le de souverainet\u00e9 - Dpress.ma\/fr","robots":{"index":"index","follow":"follow","max-snippet":"max-snippet:-1","max-image-preview":"max-image-preview:large","max-video-preview":"max-video-preview:-1"},"canonical":"https:\/\/dpress.ma\/fr\/2026\/04\/07\/le-maroc-fait-le-pari-technologique-de-servir-un-nouveau-modele-de-souverainete\/","og_locale":"fr_FR","og_type":"article","og_title":"Le Maroc fait le pari technologique de servir un nouveau mod\u00e8le de souverainet\u00e9 - Dpress.ma\/fr","og_description":"Dpress Le Maroc fait le pari technologique de servir un nouveau mod\u00e8le de souverainet\u00e9, fond\u00e9 sur une gouvernance digitale renouvel\u00e9e et renforc\u00e9e par l\u2019intelligence artificielle, a indiqu\u00e9, mardi \u00e0 Marrakech, la ministre d\u00e9l\u00e9gu\u00e9e charg\u00e9e de la Transition num\u00e9rique et de la R\u00e9forme de l\u2019administration, Amal El Fallah Seghrouchni. \u201cLe minist\u00e8re de la Transition num\u00e9rique et &hellip;","og_url":"https:\/\/dpress.ma\/fr\/2026\/04\/07\/le-maroc-fait-le-pari-technologique-de-servir-un-nouveau-modele-de-souverainete\/","og_site_name":"Dpress.ma\/fr","article_published_time":"2026-04-07T14:08:41+00:00","article_modified_time":"2026-04-07T14:08:43+00:00","og_image":[{"width":2539,"height":1594,"url":"https:\/\/dpress.ma\/fr\/wp-content\/uploads\/sites\/2\/2026\/04\/27-1.jpg","type":"image\/jpeg"}],"author":"Dpress.ma","twitter_card":"summary_large_image","twitter_misc":{"\u00c9crit par":"Dpress.ma","Dur\u00e9e de lecture estim\u00e9e":"3 minutes"},"schema":{"@context":"https:\/\/schema.org","@graph":[{"@type":"Article","@id":"https:\/\/dpress.ma\/fr\/2026\/04\/07\/le-maroc-fait-le-pari-technologique-de-servir-un-nouveau-modele-de-souverainete\/#article","isPartOf":{"@id":"https:\/\/dpress.ma\/fr\/2026\/04\/07\/le-maroc-fait-le-pari-technologique-de-servir-un-nouveau-modele-de-souverainete\/"},"author":{"name":"Dpress.ma","@id":"https:\/\/dpress.ma\/fr\/#\/schema\/person\/4898febf3ccd59e6578d838656a306a0"},"headline":"Le Maroc fait le pari technologique de servir un nouveau mod\u00e8le de souverainet\u00e9","datePublished":"2026-04-07T14:08:41+00:00","dateModified":"2026-04-07T14:08:43+00:00","mainEntityOfPage":{"@id":"https:\/\/dpress.ma\/fr\/2026\/04\/07\/le-maroc-fait-le-pari-technologique-de-servir-un-nouveau-modele-de-souverainete\/"},"wordCount":589,"commentCount":0,"image":{"@id":"https:\/\/dpress.ma\/fr\/2026\/04\/07\/le-maroc-fait-le-pari-technologique-de-servir-un-nouveau-modele-de-souverainete\/#primaryimage"},"thumbnailUrl":"https:\/\/dpress.ma\/fr\/wp-content\/uploads\/sites\/2\/2026\/04\/27-1.jpg","articleSection":["\u00c9conomie"],"inLanguage":"fr-FR","potentialAction":[{"@type":"CommentAction","name":"Comment","target":["https:\/\/dpress.ma\/fr\/2026\/04\/07\/le-maroc-fait-le-pari-technologique-de-servir-un-nouveau-modele-de-souverainete\/#respond"]}]},{"@type":"WebPage","@id":"https:\/\/dpress.ma\/fr\/2026\/04\/07\/le-maroc-fait-le-pari-technologique-de-servir-un-nouveau-modele-de-souverainete\/","url":"https:\/\/dpress.ma\/fr\/2026\/04\/07\/le-maroc-fait-le-pari-technologique-de-servir-un-nouveau-modele-de-souverainete\/","name":"Le Maroc fait le pari technologique de servir un nouveau mod\u00e8le de souverainet\u00e9 - Dpress.ma\/fr","isPartOf":{"@id":"https:\/\/dpress.ma\/fr\/#website"},"primaryImageOfPage":{"@id":"https:\/\/dpress.ma\/fr\/2026\/04\/07\/le-maroc-fait-le-pari-technologique-de-servir-un-nouveau-modele-de-souverainete\/#primaryimage"},"image":{"@id":"https:\/\/dpress.ma\/fr\/2026\/04\/07\/le-maroc-fait-le-pari-technologique-de-servir-un-nouveau-modele-de-souverainete\/#primaryimage"},"thumbnailUrl":"https:\/\/dpress.ma\/fr\/wp-content\/uploads\/sites\/2\/2026\/04\/27-1.jpg","datePublished":"2026-04-07T14:08:41+00:00","dateModified":"2026-04-07T14:08:43+00:00","author":{"@id":"https:\/\/dpress.ma\/fr\/#\/schema\/person\/4898febf3ccd59e6578d838656a306a0"},"breadcrumb":{"@id":"https:\/\/dpress.ma\/fr\/2026\/04\/07\/le-maroc-fait-le-pari-technologique-de-servir-un-nouveau-modele-de-souverainete\/#breadcrumb"},"inLanguage":"fr-FR","potentialAction":[{"@type":"ReadAction","target":["https:\/\/dpress.ma\/fr\/2026\/04\/07\/le-maroc-fait-le-pari-technologique-de-servir-un-nouveau-modele-de-souverainete\/"]}]},{"@type":"ImageObject","inLanguage":"fr-FR","@id":"https:\/\/dpress.ma\/fr\/2026\/04\/07\/le-maroc-fait-le-pari-technologique-de-servir-un-nouveau-modele-de-souverainete\/#primaryimage","url":"https:\/\/dpress.ma\/fr\/wp-content\/uploads\/sites\/2\/2026\/04\/27-1.jpg","contentUrl":"https:\/\/dpress.ma\/fr\/wp-content\/uploads\/sites\/2\/2026\/04\/27-1.jpg","width":2539,"height":1594},{"@type":"BreadcrumbList","@id":"https:\/\/dpress.ma\/fr\/2026\/04\/07\/le-maroc-fait-le-pari-technologique-de-servir-un-nouveau-modele-de-souverainete\/#breadcrumb","itemListElement":[{"@type":"ListItem","position":1,"name":"Home","item":"https:\/\/dpress.ma\/fr\/"},{"@type":"ListItem","position":2,"name":"Le Maroc fait le pari technologique de servir un nouveau mod\u00e8le de souverainet\u00e9"}]},{"@type":"WebSite","@id":"https:\/\/dpress.ma\/fr\/#website","url":"https:\/\/dpress.ma\/fr\/","name":"Dpress.ma\/fr","description":"","potentialAction":[{"@type":"SearchAction","target":{"@type":"EntryPoint","urlTemplate":"https:\/\/dpress.ma\/fr\/?s={search_term_string}"},"query-input":{"@type":"PropertyValueSpecification","valueRequired":true,"valueName":"search_term_string"}}],"inLanguage":"fr-FR"},{"@type":"Person","@id":"https:\/\/dpress.ma\/fr\/#\/schema\/person\/4898febf3ccd59e6578d838656a306a0","name":"Dpress.ma","image":{"@type":"ImageObject","inLanguage":"fr-FR","@id":"https:\/\/secure.gravatar.com\/avatar\/72ecc30e9db047a2e0e7176561eb9d564ed77c8108376495b19bd8336405198a?s=96&d=mm&r=g","url":"https:\/\/secure.gravatar.com\/avatar\/72ecc30e9db047a2e0e7176561eb9d564ed77c8108376495b19bd8336405198a?s=96&d=mm&r=g","contentUrl":"https:\/\/secure.gravatar.com\/avatar\/72ecc30e9db047a2e0e7176561eb9d564ed77c8108376495b19bd8336405198a?s=96&d=mm&r=g","caption":"Dpress.ma"},"sameAs":["https:\/\/www.dpress.ma"],"url":"https:\/\/dpress.ma\/fr\/author\/dpress-ma\/"}]}},"amp_enabled":true,"_links":{"self":[{"href":"https:\/\/dpress.ma\/fr\/wp-json\/wp\/v2\/posts\/27786","targetHints":{"allow":["GET"]}}],"collection":[{"href":"https:\/\/dpress.ma\/fr\/wp-json\/wp\/v2\/posts"}],"about":[{"href":"https:\/\/dpress.ma\/fr\/wp-json\/wp\/v2\/types\/post"}],"author":[{"embeddable":true,"href":"https:\/\/dpress.ma\/fr\/wp-json\/wp\/v2\/users\/2"}],"replies":[{"embeddable":true,"href":"https:\/\/dpress.ma\/fr\/wp-json\/wp\/v2\/comments?post=27786"}],"version-history":[{"count":1,"href":"https:\/\/dpress.ma\/fr\/wp-json\/wp\/v2\/posts\/27786\/revisions"}],"predecessor-version":[{"id":27788,"href":"https:\/\/dpress.ma\/fr\/wp-json\/wp\/v2\/posts\/27786\/revisions\/27788"}],"wp:featuredmedia":[{"embeddable":true,"href":"https:\/\/dpress.ma\/fr\/wp-json\/wp\/v2\/media\/27787"}],"wp:attachment":[{"href":"https:\/\/dpress.ma\/fr\/wp-json\/wp\/v2\/media?parent=27786"}],"wp:term":[{"taxonomy":"category","embeddable":true,"href":"https:\/\/dpress.ma\/fr\/wp-json\/wp\/v2\/categories?post=27786"},{"taxonomy":"post_tag","embeddable":true,"href":"https:\/\/dpress.ma\/fr\/wp-json\/wp\/v2\/tags?post=27786"}],"curies":[{"name":"wp","href":"https:\/\/api.w.org\/{rel}","templated":true}]}}