{"id":27784,"date":"2026-04-07T14:06:27","date_gmt":"2026-04-07T14:06:27","guid":{"rendered":"https:\/\/dpress.ma\/fr\/?p=27784"},"modified":"2026-04-07T14:06:31","modified_gmt":"2026-04-07T14:06:31","slug":"gitex-africa-morocco-le-maroc-simpose-comme-une-plateforme-de-reference-en-matiere-dinfrastructures-a-forte-valeur-ajoutee","status":"publish","type":"post","link":"https:\/\/dpress.ma\/fr\/2026\/04\/07\/gitex-africa-morocco-le-maroc-simpose-comme-une-plateforme-de-reference-en-matiere-dinfrastructures-a-forte-valeur-ajoutee\/","title":{"rendered":"GITEX Africa Morocco : Le Maroc s\u2019impose comme une plateforme de r\u00e9f\u00e9rence en mati\u00e8re d\u2019infrastructures \u00e0 forte valeur ajout\u00e9e"},"content":{"rendered":"\n<p>Dpress<\/p>\n\n\n\n<p>Le Maroc s\u2019impose comme une plateforme de r\u00e9f\u00e9rence en mati\u00e8re d\u2019infrastructures \u00e0 forte valeur ajout\u00e9e, de recherche scientifique et d\u2019innovation a affirm\u00e9, mardi \u00e0 Marrakech, le Chef du gouvernement, Aziz Akhannouch.<\/p>\n\n\n\n<p>S\u2019exprimant lors de la c\u00e9r\u00e9monie d\u2019ouverture de la 4\u00e8 \u00e9dition du GITEX Africa Morocco, plac\u00e9 sous le Haut Patronage de Sa Majest\u00e9 le Roi Mohammed VI, M. Akhannouch a r\u00e9affirm\u00e9 la disposition du Royaume \u00e0 accueillir les investisseurs du secteur num\u00e9rique, soulignant que cette volont\u00e9 est le fruit d\u2019une stabilit\u00e9 institutionnelle port\u00e9e par la Vision \u00e9clair\u00e9e du Souverain, faisant du Royaume une terre d\u2019accueil et de confiance.<\/p>\n\n\n\n<p>Le gouvernement, a-t-il dit, a pos\u00e9 les jalons d\u2019une politique pla\u00e7ant le num\u00e9rique en priorit\u00e9 tant sur les plans budg\u00e9taire qu\u2019institutionnel, dot\u00e9 de comp\u00e9tences av\u00e9r\u00e9es notamment&nbsp;une g\u00e9n\u00e9ration de d\u00e9veloppeurs, d\u2019ing\u00e9nieurs et d\u2019entrepreneurs qui regardent le Monde \u00e0 travers une nouvelle vision&nbsp;pleine d\u2019ambition, dans un Maroc fort de sa stabilit\u00e9 et de ses infrastructures.<\/p>\n\n\n\n<p>Il a, \u00e9voqu\u00e9 dans ce sens le processus de g\u00e9n\u00e9ralisation de la fibre optique et de d\u00e9ploiement de la 5G, renforc\u00e9s&nbsp;par des projets d\u2019\u00e9nergie verte destin\u00e9s \u00e0 alimenter les infrastructures strat\u00e9giques.<\/p>\n\n\n\n<p>Le Maroc, conform\u00e9ment aux Hautes Directives Royales,&nbsp;a opt\u00e9 pour une approche strat\u00e9gique fond\u00e9e sur la maitrise de l\u2019intelligence artificielle, en adoptant le principe de souverainet\u00e9 technologique et de&nbsp;non-d\u00e9pendance en mati\u00e8re de d\u00e9cision et d\u2019innovation, relevant qu\u2019\u00e0 travers cette approche, le Royaume a avanc\u00e9 de 14 places dans l\u2019indice de pr\u00e9paration des gouvernements \u00e0 l\u2019intelligence artificielle pour l\u2019ann\u00e9e 2025, ce qui t\u00e9moigne d\u2019une \u00e9volution notoire en mati\u00e8re de strat\u00e9gies, de gouvernance et de capacit\u00e9s institutionnelles.<\/p>\n\n\n\n<p>Il a, \u00e0 cet \u00e9gard,&nbsp;rappel\u00e9 une s\u00e9rie d\u2019initiatives lanc\u00e9es par le Maroc dans le domaine de l\u2019intelligence artificielle, notamment le JAZARI ROOT et IA made in Morocco, ce qui traduit une volont\u00e9 politique claire de faire de l\u2019intelligence artificielle un levier strat\u00e9gique au service de la souverainet\u00e9 nationale, du renforcement de la justice territoriale et de l\u2019impulsion d\u2019un d\u00e9veloppement global et inclusif.<\/p>\n\n\n\n<p>L\u2019initiative GITEX Africa est n\u00e9e d\u2019une id\u00e9e centrale qui consiste \u00e0 faire de l\u2019Afrique une plateforme pour relater son propre r\u00e9cit, a soulign\u00e9 M. Akhannouch qui s\u2019est dit convaincu qu\u2019apr\u00e8s quatre \u00e9ditions \u00ab le pari est r\u00e9ussi \u00bb car l\u2019Afrique, insiste-t-il dispose de jeunes, d\u2019\u00e9nergie et d\u2019ambition, mais ce dont elle a besoin aujourd\u2019hui ce sont des outils num\u00e9riques, des financements cibl\u00e9s destin\u00e9s aux entrepreneurs, d\u2019opportunit\u00e9s cr\u00e9atives d\u2019emplois et de march\u00e9s ouverts.<\/p>\n","protected":false},"excerpt":{"rendered":"<p>Dpress Le Maroc s\u2019impose comme une plateforme de r\u00e9f\u00e9rence en mati\u00e8re d\u2019infrastructures \u00e0 forte valeur ajout\u00e9e, de recherche scientifique et d\u2019innovation a affirm\u00e9, mardi \u00e0 Marrakech, le Chef du gouvernement, Aziz Akhannouch. S\u2019exprimant lors de la c\u00e9r\u00e9monie d\u2019ouverture de la 4\u00e8 \u00e9dition du GITEX Africa Morocco, plac\u00e9 sous le Haut Patronage de Sa Majest\u00e9 le &hellip;<\/p>\n","protected":false},"author":2,"featured_media":27782,"comment_status":"open","ping_status":"open","sticky":false,"template":"","format":"standard","meta":{"footnotes":""},"categories":[25],"tags":[],"class_list":["post-27784","post","type-post","status-publish","format-standard","has-post-thumbnail","hentry","category-economie"],"yoast_head":"<!-- This site is optimized with the Yoast SEO plugin v27.5 - https:\/\/yoast.com\/product\/yoast-seo-wordpress\/ -->\n<title>GITEX Africa Morocco : Le Maroc s\u2019impose comme une plateforme de r\u00e9f\u00e9rence en mati\u00e8re d\u2019infrastructures \u00e0 forte valeur ajout\u00e9e - Dpress.ma\/fr<\/title>\n<meta name=\"robots\" content=\"index, follow, max-snippet:-1, max-image-preview:large, max-video-preview:-1\" \/>\n<link rel=\"canonical\" href=\"https:\/\/dpress.ma\/fr\/2026\/04\/07\/gitex-africa-morocco-le-maroc-simpose-comme-une-plateforme-de-reference-en-matiere-dinfrastructures-a-forte-valeur-ajoutee\/\" \/>\n<meta property=\"og:locale\" content=\"fr_FR\" \/>\n<meta property=\"og:type\" content=\"article\" \/>\n<meta property=\"og:title\" content=\"GITEX Africa Morocco : Le Maroc s\u2019impose comme une plateforme de r\u00e9f\u00e9rence en mati\u00e8re d\u2019infrastructures \u00e0 forte valeur ajout\u00e9e - Dpress.ma\/fr\" \/>\n<meta property=\"og:description\" content=\"Dpress Le Maroc s\u2019impose comme une plateforme de r\u00e9f\u00e9rence en mati\u00e8re d\u2019infrastructures \u00e0 forte valeur ajout\u00e9e, de recherche scientifique et d\u2019innovation a affirm\u00e9, mardi \u00e0 Marrakech, le Chef du gouvernement, Aziz Akhannouch. S\u2019exprimant lors de la c\u00e9r\u00e9monie d\u2019ouverture de la 4\u00e8 \u00e9dition du GITEX Africa Morocco, plac\u00e9 sous le Haut Patronage de Sa Majest\u00e9 le &hellip;\" \/>\n<meta property=\"og:url\" content=\"https:\/\/dpress.ma\/fr\/2026\/04\/07\/gitex-africa-morocco-le-maroc-simpose-comme-une-plateforme-de-reference-en-matiere-dinfrastructures-a-forte-valeur-ajoutee\/\" \/>\n<meta property=\"og:site_name\" content=\"Dpress.ma\/fr\" \/>\n<meta property=\"article:published_time\" content=\"2026-04-07T14:06:27+00:00\" \/>\n<meta property=\"article:modified_time\" content=\"2026-04-07T14:06:31+00:00\" \/>\n<meta property=\"og:image\" content=\"https:\/\/dpress.ma\/fr\/wp-content\/uploads\/sites\/2\/2026\/04\/26-3.jpg\" \/>\n\t<meta property=\"og:image:width\" content=\"2539\" \/>\n\t<meta property=\"og:image:height\" content=\"1594\" \/>\n\t<meta property=\"og:image:type\" content=\"image\/jpeg\" \/>\n<meta name=\"author\" content=\"Dpress.ma\" \/>\n<meta name=\"twitter:card\" content=\"summary_large_image\" \/>\n<meta name=\"twitter:label1\" content=\"\u00c9crit par\" \/>\n\t<meta name=\"twitter:data1\" content=\"Dpress.ma\" \/>\n\t<meta name=\"twitter:label2\" content=\"Dur\u00e9e de lecture estim\u00e9e\" \/>\n\t<meta name=\"twitter:data2\" content=\"3 minutes\" \/>\n<script type=\"application\/ld+json\" class=\"yoast-schema-graph\">{\"@context\":\"https:\\\/\\\/schema.org\",\"@graph\":[{\"@type\":\"Article\",\"@id\":\"https:\\\/\\\/dpress.ma\\\/fr\\\/2026\\\/04\\\/07\\\/gitex-africa-morocco-le-maroc-simpose-comme-une-plateforme-de-reference-en-matiere-dinfrastructures-a-forte-valeur-ajoutee\\\/#article\",\"isPartOf\":{\"@id\":\"https:\\\/\\\/dpress.ma\\\/fr\\\/2026\\\/04\\\/07\\\/gitex-africa-morocco-le-maroc-simpose-comme-une-plateforme-de-reference-en-matiere-dinfrastructures-a-forte-valeur-ajoutee\\\/\"},\"author\":{\"name\":\"Dpress.ma\",\"@id\":\"https:\\\/\\\/dpress.ma\\\/fr\\\/#\\\/schema\\\/person\\\/4898febf3ccd59e6578d838656a306a0\"},\"headline\":\"GITEX Africa Morocco : Le Maroc s\u2019impose comme une plateforme de r\u00e9f\u00e9rence en mati\u00e8re d\u2019infrastructures \u00e0 forte valeur ajout\u00e9e\",\"datePublished\":\"2026-04-07T14:06:27+00:00\",\"dateModified\":\"2026-04-07T14:06:31+00:00\",\"mainEntityOfPage\":{\"@id\":\"https:\\\/\\\/dpress.ma\\\/fr\\\/2026\\\/04\\\/07\\\/gitex-africa-morocco-le-maroc-simpose-comme-une-plateforme-de-reference-en-matiere-dinfrastructures-a-forte-valeur-ajoutee\\\/\"},\"wordCount\":501,\"commentCount\":0,\"image\":{\"@id\":\"https:\\\/\\\/dpress.ma\\\/fr\\\/2026\\\/04\\\/07\\\/gitex-africa-morocco-le-maroc-simpose-comme-une-plateforme-de-reference-en-matiere-dinfrastructures-a-forte-valeur-ajoutee\\\/#primaryimage\"},\"thumbnailUrl\":\"https:\\\/\\\/dpress.ma\\\/fr\\\/wp-content\\\/uploads\\\/sites\\\/2\\\/2026\\\/04\\\/26-3.jpg\",\"articleSection\":[\"\u00c9conomie\"],\"inLanguage\":\"fr-FR\",\"potentialAction\":[{\"@type\":\"CommentAction\",\"name\":\"Comment\",\"target\":[\"https:\\\/\\\/dpress.ma\\\/fr\\\/2026\\\/04\\\/07\\\/gitex-africa-morocco-le-maroc-simpose-comme-une-plateforme-de-reference-en-matiere-dinfrastructures-a-forte-valeur-ajoutee\\\/#respond\"]}]},{\"@type\":\"WebPage\",\"@id\":\"https:\\\/\\\/dpress.ma\\\/fr\\\/2026\\\/04\\\/07\\\/gitex-africa-morocco-le-maroc-simpose-comme-une-plateforme-de-reference-en-matiere-dinfrastructures-a-forte-valeur-ajoutee\\\/\",\"url\":\"https:\\\/\\\/dpress.ma\\\/fr\\\/2026\\\/04\\\/07\\\/gitex-africa-morocco-le-maroc-simpose-comme-une-plateforme-de-reference-en-matiere-dinfrastructures-a-forte-valeur-ajoutee\\\/\",\"name\":\"GITEX Africa Morocco : Le Maroc s\u2019impose comme une plateforme de r\u00e9f\u00e9rence en mati\u00e8re d\u2019infrastructures \u00e0 forte valeur ajout\u00e9e - Dpress.ma\\\/fr\",\"isPartOf\":{\"@id\":\"https:\\\/\\\/dpress.ma\\\/fr\\\/#website\"},\"primaryImageOfPage\":{\"@id\":\"https:\\\/\\\/dpress.ma\\\/fr\\\/2026\\\/04\\\/07\\\/gitex-africa-morocco-le-maroc-simpose-comme-une-plateforme-de-reference-en-matiere-dinfrastructures-a-forte-valeur-ajoutee\\\/#primaryimage\"},\"image\":{\"@id\":\"https:\\\/\\\/dpress.ma\\\/fr\\\/2026\\\/04\\\/07\\\/gitex-africa-morocco-le-maroc-simpose-comme-une-plateforme-de-reference-en-matiere-dinfrastructures-a-forte-valeur-ajoutee\\\/#primaryimage\"},\"thumbnailUrl\":\"https:\\\/\\\/dpress.ma\\\/fr\\\/wp-content\\\/uploads\\\/sites\\\/2\\\/2026\\\/04\\\/26-3.jpg\",\"datePublished\":\"2026-04-07T14:06:27+00:00\",\"dateModified\":\"2026-04-07T14:06:31+00:00\",\"author\":{\"@id\":\"https:\\\/\\\/dpress.ma\\\/fr\\\/#\\\/schema\\\/person\\\/4898febf3ccd59e6578d838656a306a0\"},\"breadcrumb\":{\"@id\":\"https:\\\/\\\/dpress.ma\\\/fr\\\/2026\\\/04\\\/07\\\/gitex-africa-morocco-le-maroc-simpose-comme-une-plateforme-de-reference-en-matiere-dinfrastructures-a-forte-valeur-ajoutee\\\/#breadcrumb\"},\"inLanguage\":\"fr-FR\",\"potentialAction\":[{\"@type\":\"ReadAction\",\"target\":[\"https:\\\/\\\/dpress.ma\\\/fr\\\/2026\\\/04\\\/07\\\/gitex-africa-morocco-le-maroc-simpose-comme-une-plateforme-de-reference-en-matiere-dinfrastructures-a-forte-valeur-ajoutee\\\/\"]}]},{\"@type\":\"ImageObject\",\"inLanguage\":\"fr-FR\",\"@id\":\"https:\\\/\\\/dpress.ma\\\/fr\\\/2026\\\/04\\\/07\\\/gitex-africa-morocco-le-maroc-simpose-comme-une-plateforme-de-reference-en-matiere-dinfrastructures-a-forte-valeur-ajoutee\\\/#primaryimage\",\"url\":\"https:\\\/\\\/dpress.ma\\\/fr\\\/wp-content\\\/uploads\\\/sites\\\/2\\\/2026\\\/04\\\/26-3.jpg\",\"contentUrl\":\"https:\\\/\\\/dpress.ma\\\/fr\\\/wp-content\\\/uploads\\\/sites\\\/2\\\/2026\\\/04\\\/26-3.jpg\",\"width\":2539,\"height\":1594},{\"@type\":\"BreadcrumbList\",\"@id\":\"https:\\\/\\\/dpress.ma\\\/fr\\\/2026\\\/04\\\/07\\\/gitex-africa-morocco-le-maroc-simpose-comme-une-plateforme-de-reference-en-matiere-dinfrastructures-a-forte-valeur-ajoutee\\\/#breadcrumb\",\"itemListElement\":[{\"@type\":\"ListItem\",\"position\":1,\"name\":\"Home\",\"item\":\"https:\\\/\\\/dpress.ma\\\/fr\\\/\"},{\"@type\":\"ListItem\",\"position\":2,\"name\":\"GITEX Africa Morocco : Le Maroc s\u2019impose comme une plateforme de r\u00e9f\u00e9rence en mati\u00e8re d\u2019infrastructures \u00e0 forte valeur ajout\u00e9e\"}]},{\"@type\":\"WebSite\",\"@id\":\"https:\\\/\\\/dpress.ma\\\/fr\\\/#website\",\"url\":\"https:\\\/\\\/dpress.ma\\\/fr\\\/\",\"name\":\"Dpress.ma\\\/fr\",\"description\":\"\",\"potentialAction\":[{\"@type\":\"SearchAction\",\"target\":{\"@type\":\"EntryPoint\",\"urlTemplate\":\"https:\\\/\\\/dpress.ma\\\/fr\\\/?s={search_term_string}\"},\"query-input\":{\"@type\":\"PropertyValueSpecification\",\"valueRequired\":true,\"valueName\":\"search_term_string\"}}],\"inLanguage\":\"fr-FR\"},{\"@type\":\"Person\",\"@id\":\"https:\\\/\\\/dpress.ma\\\/fr\\\/#\\\/schema\\\/person\\\/4898febf3ccd59e6578d838656a306a0\",\"name\":\"Dpress.ma\",\"image\":{\"@type\":\"ImageObject\",\"inLanguage\":\"fr-FR\",\"@id\":\"https:\\\/\\\/secure.gravatar.com\\\/avatar\\\/72ecc30e9db047a2e0e7176561eb9d564ed77c8108376495b19bd8336405198a?s=96&d=mm&r=g\",\"url\":\"https:\\\/\\\/secure.gravatar.com\\\/avatar\\\/72ecc30e9db047a2e0e7176561eb9d564ed77c8108376495b19bd8336405198a?s=96&d=mm&r=g\",\"contentUrl\":\"https:\\\/\\\/secure.gravatar.com\\\/avatar\\\/72ecc30e9db047a2e0e7176561eb9d564ed77c8108376495b19bd8336405198a?s=96&d=mm&r=g\",\"caption\":\"Dpress.ma\"},\"sameAs\":[\"https:\\\/\\\/www.dpress.ma\"],\"url\":\"https:\\\/\\\/dpress.ma\\\/fr\\\/author\\\/dpress-ma\\\/\"}]}<\/script>\n<!-- \/ Yoast SEO plugin. -->","yoast_head_json":{"title":"GITEX Africa Morocco : Le Maroc s\u2019impose comme une plateforme de r\u00e9f\u00e9rence en mati\u00e8re d\u2019infrastructures \u00e0 forte valeur ajout\u00e9e - Dpress.ma\/fr","robots":{"index":"index","follow":"follow","max-snippet":"max-snippet:-1","max-image-preview":"max-image-preview:large","max-video-preview":"max-video-preview:-1"},"canonical":"https:\/\/dpress.ma\/fr\/2026\/04\/07\/gitex-africa-morocco-le-maroc-simpose-comme-une-plateforme-de-reference-en-matiere-dinfrastructures-a-forte-valeur-ajoutee\/","og_locale":"fr_FR","og_type":"article","og_title":"GITEX Africa Morocco : Le Maroc s\u2019impose comme une plateforme de r\u00e9f\u00e9rence en mati\u00e8re d\u2019infrastructures \u00e0 forte valeur ajout\u00e9e - Dpress.ma\/fr","og_description":"Dpress Le Maroc s\u2019impose comme une plateforme de r\u00e9f\u00e9rence en mati\u00e8re d\u2019infrastructures \u00e0 forte valeur ajout\u00e9e, de recherche scientifique et d\u2019innovation a affirm\u00e9, mardi \u00e0 Marrakech, le Chef du gouvernement, Aziz Akhannouch. S\u2019exprimant lors de la c\u00e9r\u00e9monie d\u2019ouverture de la 4\u00e8 \u00e9dition du GITEX Africa Morocco, plac\u00e9 sous le Haut Patronage de Sa Majest\u00e9 le &hellip;","og_url":"https:\/\/dpress.ma\/fr\/2026\/04\/07\/gitex-africa-morocco-le-maroc-simpose-comme-une-plateforme-de-reference-en-matiere-dinfrastructures-a-forte-valeur-ajoutee\/","og_site_name":"Dpress.ma\/fr","article_published_time":"2026-04-07T14:06:27+00:00","article_modified_time":"2026-04-07T14:06:31+00:00","og_image":[{"width":2539,"height":1594,"url":"https:\/\/dpress.ma\/fr\/wp-content\/uploads\/sites\/2\/2026\/04\/26-3.jpg","type":"image\/jpeg"}],"author":"Dpress.ma","twitter_card":"summary_large_image","twitter_misc":{"\u00c9crit par":"Dpress.ma","Dur\u00e9e de lecture estim\u00e9e":"3 minutes"},"schema":{"@context":"https:\/\/schema.org","@graph":[{"@type":"Article","@id":"https:\/\/dpress.ma\/fr\/2026\/04\/07\/gitex-africa-morocco-le-maroc-simpose-comme-une-plateforme-de-reference-en-matiere-dinfrastructures-a-forte-valeur-ajoutee\/#article","isPartOf":{"@id":"https:\/\/dpress.ma\/fr\/2026\/04\/07\/gitex-africa-morocco-le-maroc-simpose-comme-une-plateforme-de-reference-en-matiere-dinfrastructures-a-forte-valeur-ajoutee\/"},"author":{"name":"Dpress.ma","@id":"https:\/\/dpress.ma\/fr\/#\/schema\/person\/4898febf3ccd59e6578d838656a306a0"},"headline":"GITEX Africa Morocco : Le Maroc s\u2019impose comme une plateforme de r\u00e9f\u00e9rence en mati\u00e8re d\u2019infrastructures \u00e0 forte valeur ajout\u00e9e","datePublished":"2026-04-07T14:06:27+00:00","dateModified":"2026-04-07T14:06:31+00:00","mainEntityOfPage":{"@id":"https:\/\/dpress.ma\/fr\/2026\/04\/07\/gitex-africa-morocco-le-maroc-simpose-comme-une-plateforme-de-reference-en-matiere-dinfrastructures-a-forte-valeur-ajoutee\/"},"wordCount":501,"commentCount":0,"image":{"@id":"https:\/\/dpress.ma\/fr\/2026\/04\/07\/gitex-africa-morocco-le-maroc-simpose-comme-une-plateforme-de-reference-en-matiere-dinfrastructures-a-forte-valeur-ajoutee\/#primaryimage"},"thumbnailUrl":"https:\/\/dpress.ma\/fr\/wp-content\/uploads\/sites\/2\/2026\/04\/26-3.jpg","articleSection":["\u00c9conomie"],"inLanguage":"fr-FR","potentialAction":[{"@type":"CommentAction","name":"Comment","target":["https:\/\/dpress.ma\/fr\/2026\/04\/07\/gitex-africa-morocco-le-maroc-simpose-comme-une-plateforme-de-reference-en-matiere-dinfrastructures-a-forte-valeur-ajoutee\/#respond"]}]},{"@type":"WebPage","@id":"https:\/\/dpress.ma\/fr\/2026\/04\/07\/gitex-africa-morocco-le-maroc-simpose-comme-une-plateforme-de-reference-en-matiere-dinfrastructures-a-forte-valeur-ajoutee\/","url":"https:\/\/dpress.ma\/fr\/2026\/04\/07\/gitex-africa-morocco-le-maroc-simpose-comme-une-plateforme-de-reference-en-matiere-dinfrastructures-a-forte-valeur-ajoutee\/","name":"GITEX Africa Morocco : Le Maroc s\u2019impose comme une plateforme de r\u00e9f\u00e9rence en mati\u00e8re d\u2019infrastructures \u00e0 forte valeur ajout\u00e9e - Dpress.ma\/fr","isPartOf":{"@id":"https:\/\/dpress.ma\/fr\/#website"},"primaryImageOfPage":{"@id":"https:\/\/dpress.ma\/fr\/2026\/04\/07\/gitex-africa-morocco-le-maroc-simpose-comme-une-plateforme-de-reference-en-matiere-dinfrastructures-a-forte-valeur-ajoutee\/#primaryimage"},"image":{"@id":"https:\/\/dpress.ma\/fr\/2026\/04\/07\/gitex-africa-morocco-le-maroc-simpose-comme-une-plateforme-de-reference-en-matiere-dinfrastructures-a-forte-valeur-ajoutee\/#primaryimage"},"thumbnailUrl":"https:\/\/dpress.ma\/fr\/wp-content\/uploads\/sites\/2\/2026\/04\/26-3.jpg","datePublished":"2026-04-07T14:06:27+00:00","dateModified":"2026-04-07T14:06:31+00:00","author":{"@id":"https:\/\/dpress.ma\/fr\/#\/schema\/person\/4898febf3ccd59e6578d838656a306a0"},"breadcrumb":{"@id":"https:\/\/dpress.ma\/fr\/2026\/04\/07\/gitex-africa-morocco-le-maroc-simpose-comme-une-plateforme-de-reference-en-matiere-dinfrastructures-a-forte-valeur-ajoutee\/#breadcrumb"},"inLanguage":"fr-FR","potentialAction":[{"@type":"ReadAction","target":["https:\/\/dpress.ma\/fr\/2026\/04\/07\/gitex-africa-morocco-le-maroc-simpose-comme-une-plateforme-de-reference-en-matiere-dinfrastructures-a-forte-valeur-ajoutee\/"]}]},{"@type":"ImageObject","inLanguage":"fr-FR","@id":"https:\/\/dpress.ma\/fr\/2026\/04\/07\/gitex-africa-morocco-le-maroc-simpose-comme-une-plateforme-de-reference-en-matiere-dinfrastructures-a-forte-valeur-ajoutee\/#primaryimage","url":"https:\/\/dpress.ma\/fr\/wp-content\/uploads\/sites\/2\/2026\/04\/26-3.jpg","contentUrl":"https:\/\/dpress.ma\/fr\/wp-content\/uploads\/sites\/2\/2026\/04\/26-3.jpg","width":2539,"height":1594},{"@type":"BreadcrumbList","@id":"https:\/\/dpress.ma\/fr\/2026\/04\/07\/gitex-africa-morocco-le-maroc-simpose-comme-une-plateforme-de-reference-en-matiere-dinfrastructures-a-forte-valeur-ajoutee\/#breadcrumb","itemListElement":[{"@type":"ListItem","position":1,"name":"Home","item":"https:\/\/dpress.ma\/fr\/"},{"@type":"ListItem","position":2,"name":"GITEX Africa Morocco : Le Maroc s\u2019impose comme une plateforme de r\u00e9f\u00e9rence en mati\u00e8re d\u2019infrastructures \u00e0 forte valeur ajout\u00e9e"}]},{"@type":"WebSite","@id":"https:\/\/dpress.ma\/fr\/#website","url":"https:\/\/dpress.ma\/fr\/","name":"Dpress.ma\/fr","description":"","potentialAction":[{"@type":"SearchAction","target":{"@type":"EntryPoint","urlTemplate":"https:\/\/dpress.ma\/fr\/?s={search_term_string}"},"query-input":{"@type":"PropertyValueSpecification","valueRequired":true,"valueName":"search_term_string"}}],"inLanguage":"fr-FR"},{"@type":"Person","@id":"https:\/\/dpress.ma\/fr\/#\/schema\/person\/4898febf3ccd59e6578d838656a306a0","name":"Dpress.ma","image":{"@type":"ImageObject","inLanguage":"fr-FR","@id":"https:\/\/secure.gravatar.com\/avatar\/72ecc30e9db047a2e0e7176561eb9d564ed77c8108376495b19bd8336405198a?s=96&d=mm&r=g","url":"https:\/\/secure.gravatar.com\/avatar\/72ecc30e9db047a2e0e7176561eb9d564ed77c8108376495b19bd8336405198a?s=96&d=mm&r=g","contentUrl":"https:\/\/secure.gravatar.com\/avatar\/72ecc30e9db047a2e0e7176561eb9d564ed77c8108376495b19bd8336405198a?s=96&d=mm&r=g","caption":"Dpress.ma"},"sameAs":["https:\/\/www.dpress.ma"],"url":"https:\/\/dpress.ma\/fr\/author\/dpress-ma\/"}]}},"amp_enabled":true,"_links":{"self":[{"href":"https:\/\/dpress.ma\/fr\/wp-json\/wp\/v2\/posts\/27784","targetHints":{"allow":["GET"]}}],"collection":[{"href":"https:\/\/dpress.ma\/fr\/wp-json\/wp\/v2\/posts"}],"about":[{"href":"https:\/\/dpress.ma\/fr\/wp-json\/wp\/v2\/types\/post"}],"author":[{"embeddable":true,"href":"https:\/\/dpress.ma\/fr\/wp-json\/wp\/v2\/users\/2"}],"replies":[{"embeddable":true,"href":"https:\/\/dpress.ma\/fr\/wp-json\/wp\/v2\/comments?post=27784"}],"version-history":[{"count":1,"href":"https:\/\/dpress.ma\/fr\/wp-json\/wp\/v2\/posts\/27784\/revisions"}],"predecessor-version":[{"id":27785,"href":"https:\/\/dpress.ma\/fr\/wp-json\/wp\/v2\/posts\/27784\/revisions\/27785"}],"wp:featuredmedia":[{"embeddable":true,"href":"https:\/\/dpress.ma\/fr\/wp-json\/wp\/v2\/media\/27782"}],"wp:attachment":[{"href":"https:\/\/dpress.ma\/fr\/wp-json\/wp\/v2\/media?parent=27784"}],"wp:term":[{"taxonomy":"category","embeddable":true,"href":"https:\/\/dpress.ma\/fr\/wp-json\/wp\/v2\/categories?post=27784"},{"taxonomy":"post_tag","embeddable":true,"href":"https:\/\/dpress.ma\/fr\/wp-json\/wp\/v2\/tags?post=27784"}],"curies":[{"name":"wp","href":"https:\/\/api.w.org\/{rel}","templated":true}]}}