{"id":27781,"date":"2026-04-07T14:05:39","date_gmt":"2026-04-07T14:05:39","guid":{"rendered":"https:\/\/dpress.ma\/fr\/?p=27781"},"modified":"2026-04-07T14:05:41","modified_gmt":"2026-04-07T14:05:41","slug":"ouverture-a-marrakech-de-la-4e-edition-du-gitex-africa-morocco","status":"publish","type":"post","link":"https:\/\/dpress.ma\/fr\/2026\/04\/07\/ouverture-a-marrakech-de-la-4e-edition-du-gitex-africa-morocco\/","title":{"rendered":"Ouverture \u00e0 Marrakech de la 4\u00e8 \u00e9dition du GITEX Africa Morocco"},"content":{"rendered":"\n<p>Dpress<\/p>\n\n\n\n<p>La quatri\u00e8me \u00e9dition du GITEX Africa Morocco, le plus grand rendez-vous technologique et entrepreneurial du continent, s\u2019est ouverte, mardi \u00e0 Marrakech, en pr\u00e9sence de 50.000 participants et plus de 1.450 exposants repr\u00e9sentant 130 pays.<\/p>\n\n\n\n<p>La c\u00e9r\u00e9monie d\u2019ouverture de ce grand \u00e9v\u00e9nement, plac\u00e9 sous le Haut Patronage de Sa Majest\u00e9 le Roi Mohammed VI, a \u00e9t\u00e9 marqu\u00e9e par une intervention du Chef du gouvernement, Aziz Akhannouch, et la pr\u00e9sence de membres du gouvernement, d\u2019investisseurs nationaux et internationaux, de repr\u00e9sentants d\u2019institutions publiques, de conf\u00e9renciers et de personnalit\u00e9s de divers horizons.<\/p>\n\n\n\n<p>Port\u00e9e par le minist\u00e8re de la Transition num\u00e9rique et de la R\u00e9forme de l\u2019administration, en partenariat avec l\u2019Agence de d\u00e9veloppement du digital (ADD) et KAOUN International, filiale du Dubai world tradecentre, cette \u00e9dition, qui se tient sous le th\u00e8me\u201dCatalyser&nbsp;l\u2019\u00e9conomie num\u00e9rique africaine \u00e0 l\u2019\u00e8re de l\u2019Intelligence Artificielle\u201d, se veut une plateforme majeure de coop\u00e9ration panafricaine, o\u00f9 l\u2019innovation mondiale rencontre les enjeux de souverainet\u00e9 du continent, afin d\u2019acc\u00e9l\u00e9rer le d\u00e9ploiement de solutions num\u00e9riques \u00e0 fort impact capables de poser les fondations de la r\u00e9silience \u00e9conomique future de l\u2019Afrique.<\/p>\n\n\n\n<p>Cette ann\u00e9e, GITEX Africa Morocco inaugure de nouveaux espaces sectoriels et renforce plusieurs de ses p\u00f4les existants, en \u00e9cho aux priorit\u00e9s technologiques les plus dynamiques du continent.<\/p>\n\n\n\n<p>Parmi les nouveaut\u00e9s figurent les infrastructures intelligentes pour data centers, con\u00e7ues pour r\u00e9pondre aux insuffisances structurelles qui freinent encore le d\u00e9veloppement de l\u2019\u00e9conomie num\u00e9rique africaine, ainsi que l\u2019espace consacr\u00e9 \u00e0 la fintech et au futur de la finance, qui met en lumi\u00e8re les solutions de mobile money, l\u2019inclusion financi\u00e8re propuls\u00e9e par l\u2019intelligence artificielle et les paiements transfrontaliers.<\/p>\n\n\n\n<p>L\u2019\u00e9v\u00e9nement accueille \u00e9galement un espace d\u00e9di\u00e9 \u00e0 la mobilit\u00e9 du futur, autour des solutions de transport \u00e9lectrique, autonome et connect\u00e9 ainsi qu\u2019un p\u00f4le Sports Tech, mettant en avant les infrastructures sportives intelligentes, les technologies d\u2019optimisation de la performance des athl\u00e8tes et les nouveaux formats d\u2019engagement des fans.<\/p>\n\n\n\n<p>GITEX Africa Morocco met \u00e0 nouveau l\u2019accent sur la cybers\u00e9curit\u00e9, avec un programme d\u00e9di\u00e9, \u00e9labor\u00e9 en partenariat avec la Direction G\u00e9n\u00e9rale de la S\u00e9curit\u00e9 des Syst\u00e8mes d\u2019Information (DGSSI) du Maroc.<\/p>\n\n\n\n<p>Le sommet Strategic Digital Defence AI Readiness (STAR) sera l\u2019occasion d\u2019\u00e9changes de haut niveau visant \u00e0 doter les entreprises, les industries et les \u00e9conomies num\u00e9riques \u00e9mergentes en Afrique des cadres n\u00e9cessaires pour prot\u00e9ger les infrastructures critiques face \u00e0 des menaces de plus en plus sophistiqu\u00e9es, pilot\u00e9es par l\u2019intelligence artificielle.<\/p>\n\n\n\n<p>En tant que plateforme de r\u00e9f\u00e9rence pour la coop\u00e9ration num\u00e9rique internationale, GITEX Africa Morocco consolide son r\u00f4le de force structurante au service d\u2019une Afrique num\u00e9rique ambitieuse, innovante et souveraine.<\/p>\n\n\n\n<p>Fort du succ\u00e8s de ses pr\u00e9c\u00e9dentes \u00e9ditions, l\u2019\u00e9v\u00e9nement s\u2019appr\u00eate \u00e0 favoriser l\u2019\u00e9mergence de nouvelles alliances et \u00e0 explorer des secteurs technologiques toujours plus strat\u00e9giques, renfor\u00e7ant ainsi son rayonnement et sa contribution \u00e0 l\u2019\u00e9volution du paysage num\u00e9rique africain.<\/p>\n","protected":false},"excerpt":{"rendered":"<p>Dpress La quatri\u00e8me \u00e9dition du GITEX Africa Morocco, le plus grand rendez-vous technologique et entrepreneurial du continent, s\u2019est ouverte, mardi \u00e0 Marrakech, en pr\u00e9sence de 50.000 participants et plus de 1.450 exposants repr\u00e9sentant 130 pays. La c\u00e9r\u00e9monie d\u2019ouverture de ce grand \u00e9v\u00e9nement, plac\u00e9 sous le Haut Patronage de Sa Majest\u00e9 le Roi Mohammed VI, a &hellip;<\/p>\n","protected":false},"author":2,"featured_media":27782,"comment_status":"open","ping_status":"open","sticky":false,"template":"","format":"standard","meta":{"footnotes":""},"categories":[25],"tags":[],"class_list":["post-27781","post","type-post","status-publish","format-standard","has-post-thumbnail","hentry","category-economie"],"yoast_head":"<!-- This site is optimized with the Yoast SEO plugin v27.5 - https:\/\/yoast.com\/product\/yoast-seo-wordpress\/ -->\n<title>Ouverture \u00e0 Marrakech de la 4\u00e8 \u00e9dition du GITEX Africa Morocco - Dpress.ma\/fr<\/title>\n<meta name=\"robots\" content=\"index, follow, max-snippet:-1, max-image-preview:large, max-video-preview:-1\" \/>\n<link rel=\"canonical\" href=\"https:\/\/dpress.ma\/fr\/2026\/04\/07\/ouverture-a-marrakech-de-la-4e-edition-du-gitex-africa-morocco\/\" \/>\n<meta property=\"og:locale\" content=\"fr_FR\" \/>\n<meta property=\"og:type\" content=\"article\" \/>\n<meta property=\"og:title\" content=\"Ouverture \u00e0 Marrakech de la 4\u00e8 \u00e9dition du GITEX Africa Morocco - Dpress.ma\/fr\" \/>\n<meta property=\"og:description\" content=\"Dpress La quatri\u00e8me \u00e9dition du GITEX Africa Morocco, le plus grand rendez-vous technologique et entrepreneurial du continent, s\u2019est ouverte, mardi \u00e0 Marrakech, en pr\u00e9sence de 50.000 participants et plus de 1.450 exposants repr\u00e9sentant 130 pays. La c\u00e9r\u00e9monie d\u2019ouverture de ce grand \u00e9v\u00e9nement, plac\u00e9 sous le Haut Patronage de Sa Majest\u00e9 le Roi Mohammed VI, a &hellip;\" \/>\n<meta property=\"og:url\" content=\"https:\/\/dpress.ma\/fr\/2026\/04\/07\/ouverture-a-marrakech-de-la-4e-edition-du-gitex-africa-morocco\/\" \/>\n<meta property=\"og:site_name\" content=\"Dpress.ma\/fr\" \/>\n<meta property=\"article:published_time\" content=\"2026-04-07T14:05:39+00:00\" \/>\n<meta property=\"article:modified_time\" content=\"2026-04-07T14:05:41+00:00\" \/>\n<meta property=\"og:image\" content=\"https:\/\/dpress.ma\/fr\/wp-content\/uploads\/sites\/2\/2026\/04\/26-3.jpg\" \/>\n\t<meta property=\"og:image:width\" content=\"2539\" \/>\n\t<meta property=\"og:image:height\" content=\"1594\" \/>\n\t<meta property=\"og:image:type\" content=\"image\/jpeg\" \/>\n<meta name=\"author\" content=\"Dpress.ma\" \/>\n<meta name=\"twitter:card\" content=\"summary_large_image\" \/>\n<meta name=\"twitter:label1\" content=\"\u00c9crit par\" \/>\n\t<meta name=\"twitter:data1\" content=\"Dpress.ma\" \/>\n\t<meta name=\"twitter:label2\" content=\"Dur\u00e9e de lecture estim\u00e9e\" \/>\n\t<meta name=\"twitter:data2\" content=\"3 minutes\" \/>\n<script type=\"application\/ld+json\" class=\"yoast-schema-graph\">{\"@context\":\"https:\\\/\\\/schema.org\",\"@graph\":[{\"@type\":\"Article\",\"@id\":\"https:\\\/\\\/dpress.ma\\\/fr\\\/2026\\\/04\\\/07\\\/ouverture-a-marrakech-de-la-4e-edition-du-gitex-africa-morocco\\\/#article\",\"isPartOf\":{\"@id\":\"https:\\\/\\\/dpress.ma\\\/fr\\\/2026\\\/04\\\/07\\\/ouverture-a-marrakech-de-la-4e-edition-du-gitex-africa-morocco\\\/\"},\"author\":{\"name\":\"Dpress.ma\",\"@id\":\"https:\\\/\\\/dpress.ma\\\/fr\\\/#\\\/schema\\\/person\\\/4898febf3ccd59e6578d838656a306a0\"},\"headline\":\"Ouverture \u00e0 Marrakech de la 4\u00e8 \u00e9dition du GITEX Africa Morocco\",\"datePublished\":\"2026-04-07T14:05:39+00:00\",\"dateModified\":\"2026-04-07T14:05:41+00:00\",\"mainEntityOfPage\":{\"@id\":\"https:\\\/\\\/dpress.ma\\\/fr\\\/2026\\\/04\\\/07\\\/ouverture-a-marrakech-de-la-4e-edition-du-gitex-africa-morocco\\\/\"},\"wordCount\":543,\"commentCount\":0,\"image\":{\"@id\":\"https:\\\/\\\/dpress.ma\\\/fr\\\/2026\\\/04\\\/07\\\/ouverture-a-marrakech-de-la-4e-edition-du-gitex-africa-morocco\\\/#primaryimage\"},\"thumbnailUrl\":\"https:\\\/\\\/dpress.ma\\\/fr\\\/wp-content\\\/uploads\\\/sites\\\/2\\\/2026\\\/04\\\/26-3.jpg\",\"articleSection\":[\"\u00c9conomie\"],\"inLanguage\":\"fr-FR\",\"potentialAction\":[{\"@type\":\"CommentAction\",\"name\":\"Comment\",\"target\":[\"https:\\\/\\\/dpress.ma\\\/fr\\\/2026\\\/04\\\/07\\\/ouverture-a-marrakech-de-la-4e-edition-du-gitex-africa-morocco\\\/#respond\"]}]},{\"@type\":\"WebPage\",\"@id\":\"https:\\\/\\\/dpress.ma\\\/fr\\\/2026\\\/04\\\/07\\\/ouverture-a-marrakech-de-la-4e-edition-du-gitex-africa-morocco\\\/\",\"url\":\"https:\\\/\\\/dpress.ma\\\/fr\\\/2026\\\/04\\\/07\\\/ouverture-a-marrakech-de-la-4e-edition-du-gitex-africa-morocco\\\/\",\"name\":\"Ouverture \u00e0 Marrakech de la 4\u00e8 \u00e9dition du GITEX Africa Morocco - Dpress.ma\\\/fr\",\"isPartOf\":{\"@id\":\"https:\\\/\\\/dpress.ma\\\/fr\\\/#website\"},\"primaryImageOfPage\":{\"@id\":\"https:\\\/\\\/dpress.ma\\\/fr\\\/2026\\\/04\\\/07\\\/ouverture-a-marrakech-de-la-4e-edition-du-gitex-africa-morocco\\\/#primaryimage\"},\"image\":{\"@id\":\"https:\\\/\\\/dpress.ma\\\/fr\\\/2026\\\/04\\\/07\\\/ouverture-a-marrakech-de-la-4e-edition-du-gitex-africa-morocco\\\/#primaryimage\"},\"thumbnailUrl\":\"https:\\\/\\\/dpress.ma\\\/fr\\\/wp-content\\\/uploads\\\/sites\\\/2\\\/2026\\\/04\\\/26-3.jpg\",\"datePublished\":\"2026-04-07T14:05:39+00:00\",\"dateModified\":\"2026-04-07T14:05:41+00:00\",\"author\":{\"@id\":\"https:\\\/\\\/dpress.ma\\\/fr\\\/#\\\/schema\\\/person\\\/4898febf3ccd59e6578d838656a306a0\"},\"breadcrumb\":{\"@id\":\"https:\\\/\\\/dpress.ma\\\/fr\\\/2026\\\/04\\\/07\\\/ouverture-a-marrakech-de-la-4e-edition-du-gitex-africa-morocco\\\/#breadcrumb\"},\"inLanguage\":\"fr-FR\",\"potentialAction\":[{\"@type\":\"ReadAction\",\"target\":[\"https:\\\/\\\/dpress.ma\\\/fr\\\/2026\\\/04\\\/07\\\/ouverture-a-marrakech-de-la-4e-edition-du-gitex-africa-morocco\\\/\"]}]},{\"@type\":\"ImageObject\",\"inLanguage\":\"fr-FR\",\"@id\":\"https:\\\/\\\/dpress.ma\\\/fr\\\/2026\\\/04\\\/07\\\/ouverture-a-marrakech-de-la-4e-edition-du-gitex-africa-morocco\\\/#primaryimage\",\"url\":\"https:\\\/\\\/dpress.ma\\\/fr\\\/wp-content\\\/uploads\\\/sites\\\/2\\\/2026\\\/04\\\/26-3.jpg\",\"contentUrl\":\"https:\\\/\\\/dpress.ma\\\/fr\\\/wp-content\\\/uploads\\\/sites\\\/2\\\/2026\\\/04\\\/26-3.jpg\",\"width\":2539,\"height\":1594},{\"@type\":\"BreadcrumbList\",\"@id\":\"https:\\\/\\\/dpress.ma\\\/fr\\\/2026\\\/04\\\/07\\\/ouverture-a-marrakech-de-la-4e-edition-du-gitex-africa-morocco\\\/#breadcrumb\",\"itemListElement\":[{\"@type\":\"ListItem\",\"position\":1,\"name\":\"Home\",\"item\":\"https:\\\/\\\/dpress.ma\\\/fr\\\/\"},{\"@type\":\"ListItem\",\"position\":2,\"name\":\"Ouverture \u00e0 Marrakech de la 4\u00e8 \u00e9dition du GITEX Africa Morocco\"}]},{\"@type\":\"WebSite\",\"@id\":\"https:\\\/\\\/dpress.ma\\\/fr\\\/#website\",\"url\":\"https:\\\/\\\/dpress.ma\\\/fr\\\/\",\"name\":\"Dpress.ma\\\/fr\",\"description\":\"\",\"potentialAction\":[{\"@type\":\"SearchAction\",\"target\":{\"@type\":\"EntryPoint\",\"urlTemplate\":\"https:\\\/\\\/dpress.ma\\\/fr\\\/?s={search_term_string}\"},\"query-input\":{\"@type\":\"PropertyValueSpecification\",\"valueRequired\":true,\"valueName\":\"search_term_string\"}}],\"inLanguage\":\"fr-FR\"},{\"@type\":\"Person\",\"@id\":\"https:\\\/\\\/dpress.ma\\\/fr\\\/#\\\/schema\\\/person\\\/4898febf3ccd59e6578d838656a306a0\",\"name\":\"Dpress.ma\",\"image\":{\"@type\":\"ImageObject\",\"inLanguage\":\"fr-FR\",\"@id\":\"https:\\\/\\\/secure.gravatar.com\\\/avatar\\\/72ecc30e9db047a2e0e7176561eb9d564ed77c8108376495b19bd8336405198a?s=96&d=mm&r=g\",\"url\":\"https:\\\/\\\/secure.gravatar.com\\\/avatar\\\/72ecc30e9db047a2e0e7176561eb9d564ed77c8108376495b19bd8336405198a?s=96&d=mm&r=g\",\"contentUrl\":\"https:\\\/\\\/secure.gravatar.com\\\/avatar\\\/72ecc30e9db047a2e0e7176561eb9d564ed77c8108376495b19bd8336405198a?s=96&d=mm&r=g\",\"caption\":\"Dpress.ma\"},\"sameAs\":[\"https:\\\/\\\/www.dpress.ma\"],\"url\":\"https:\\\/\\\/dpress.ma\\\/fr\\\/author\\\/dpress-ma\\\/\"}]}<\/script>\n<!-- \/ Yoast SEO plugin. -->","yoast_head_json":{"title":"Ouverture \u00e0 Marrakech de la 4\u00e8 \u00e9dition du GITEX Africa Morocco - Dpress.ma\/fr","robots":{"index":"index","follow":"follow","max-snippet":"max-snippet:-1","max-image-preview":"max-image-preview:large","max-video-preview":"max-video-preview:-1"},"canonical":"https:\/\/dpress.ma\/fr\/2026\/04\/07\/ouverture-a-marrakech-de-la-4e-edition-du-gitex-africa-morocco\/","og_locale":"fr_FR","og_type":"article","og_title":"Ouverture \u00e0 Marrakech de la 4\u00e8 \u00e9dition du GITEX Africa Morocco - Dpress.ma\/fr","og_description":"Dpress La quatri\u00e8me \u00e9dition du GITEX Africa Morocco, le plus grand rendez-vous technologique et entrepreneurial du continent, s\u2019est ouverte, mardi \u00e0 Marrakech, en pr\u00e9sence de 50.000 participants et plus de 1.450 exposants repr\u00e9sentant 130 pays. La c\u00e9r\u00e9monie d\u2019ouverture de ce grand \u00e9v\u00e9nement, plac\u00e9 sous le Haut Patronage de Sa Majest\u00e9 le Roi Mohammed VI, a &hellip;","og_url":"https:\/\/dpress.ma\/fr\/2026\/04\/07\/ouverture-a-marrakech-de-la-4e-edition-du-gitex-africa-morocco\/","og_site_name":"Dpress.ma\/fr","article_published_time":"2026-04-07T14:05:39+00:00","article_modified_time":"2026-04-07T14:05:41+00:00","og_image":[{"width":2539,"height":1594,"url":"https:\/\/dpress.ma\/fr\/wp-content\/uploads\/sites\/2\/2026\/04\/26-3.jpg","type":"image\/jpeg"}],"author":"Dpress.ma","twitter_card":"summary_large_image","twitter_misc":{"\u00c9crit par":"Dpress.ma","Dur\u00e9e de lecture estim\u00e9e":"3 minutes"},"schema":{"@context":"https:\/\/schema.org","@graph":[{"@type":"Article","@id":"https:\/\/dpress.ma\/fr\/2026\/04\/07\/ouverture-a-marrakech-de-la-4e-edition-du-gitex-africa-morocco\/#article","isPartOf":{"@id":"https:\/\/dpress.ma\/fr\/2026\/04\/07\/ouverture-a-marrakech-de-la-4e-edition-du-gitex-africa-morocco\/"},"author":{"name":"Dpress.ma","@id":"https:\/\/dpress.ma\/fr\/#\/schema\/person\/4898febf3ccd59e6578d838656a306a0"},"headline":"Ouverture \u00e0 Marrakech de la 4\u00e8 \u00e9dition du GITEX Africa Morocco","datePublished":"2026-04-07T14:05:39+00:00","dateModified":"2026-04-07T14:05:41+00:00","mainEntityOfPage":{"@id":"https:\/\/dpress.ma\/fr\/2026\/04\/07\/ouverture-a-marrakech-de-la-4e-edition-du-gitex-africa-morocco\/"},"wordCount":543,"commentCount":0,"image":{"@id":"https:\/\/dpress.ma\/fr\/2026\/04\/07\/ouverture-a-marrakech-de-la-4e-edition-du-gitex-africa-morocco\/#primaryimage"},"thumbnailUrl":"https:\/\/dpress.ma\/fr\/wp-content\/uploads\/sites\/2\/2026\/04\/26-3.jpg","articleSection":["\u00c9conomie"],"inLanguage":"fr-FR","potentialAction":[{"@type":"CommentAction","name":"Comment","target":["https:\/\/dpress.ma\/fr\/2026\/04\/07\/ouverture-a-marrakech-de-la-4e-edition-du-gitex-africa-morocco\/#respond"]}]},{"@type":"WebPage","@id":"https:\/\/dpress.ma\/fr\/2026\/04\/07\/ouverture-a-marrakech-de-la-4e-edition-du-gitex-africa-morocco\/","url":"https:\/\/dpress.ma\/fr\/2026\/04\/07\/ouverture-a-marrakech-de-la-4e-edition-du-gitex-africa-morocco\/","name":"Ouverture \u00e0 Marrakech de la 4\u00e8 \u00e9dition du GITEX Africa Morocco - Dpress.ma\/fr","isPartOf":{"@id":"https:\/\/dpress.ma\/fr\/#website"},"primaryImageOfPage":{"@id":"https:\/\/dpress.ma\/fr\/2026\/04\/07\/ouverture-a-marrakech-de-la-4e-edition-du-gitex-africa-morocco\/#primaryimage"},"image":{"@id":"https:\/\/dpress.ma\/fr\/2026\/04\/07\/ouverture-a-marrakech-de-la-4e-edition-du-gitex-africa-morocco\/#primaryimage"},"thumbnailUrl":"https:\/\/dpress.ma\/fr\/wp-content\/uploads\/sites\/2\/2026\/04\/26-3.jpg","datePublished":"2026-04-07T14:05:39+00:00","dateModified":"2026-04-07T14:05:41+00:00","author":{"@id":"https:\/\/dpress.ma\/fr\/#\/schema\/person\/4898febf3ccd59e6578d838656a306a0"},"breadcrumb":{"@id":"https:\/\/dpress.ma\/fr\/2026\/04\/07\/ouverture-a-marrakech-de-la-4e-edition-du-gitex-africa-morocco\/#breadcrumb"},"inLanguage":"fr-FR","potentialAction":[{"@type":"ReadAction","target":["https:\/\/dpress.ma\/fr\/2026\/04\/07\/ouverture-a-marrakech-de-la-4e-edition-du-gitex-africa-morocco\/"]}]},{"@type":"ImageObject","inLanguage":"fr-FR","@id":"https:\/\/dpress.ma\/fr\/2026\/04\/07\/ouverture-a-marrakech-de-la-4e-edition-du-gitex-africa-morocco\/#primaryimage","url":"https:\/\/dpress.ma\/fr\/wp-content\/uploads\/sites\/2\/2026\/04\/26-3.jpg","contentUrl":"https:\/\/dpress.ma\/fr\/wp-content\/uploads\/sites\/2\/2026\/04\/26-3.jpg","width":2539,"height":1594},{"@type":"BreadcrumbList","@id":"https:\/\/dpress.ma\/fr\/2026\/04\/07\/ouverture-a-marrakech-de-la-4e-edition-du-gitex-africa-morocco\/#breadcrumb","itemListElement":[{"@type":"ListItem","position":1,"name":"Home","item":"https:\/\/dpress.ma\/fr\/"},{"@type":"ListItem","position":2,"name":"Ouverture \u00e0 Marrakech de la 4\u00e8 \u00e9dition du GITEX Africa Morocco"}]},{"@type":"WebSite","@id":"https:\/\/dpress.ma\/fr\/#website","url":"https:\/\/dpress.ma\/fr\/","name":"Dpress.ma\/fr","description":"","potentialAction":[{"@type":"SearchAction","target":{"@type":"EntryPoint","urlTemplate":"https:\/\/dpress.ma\/fr\/?s={search_term_string}"},"query-input":{"@type":"PropertyValueSpecification","valueRequired":true,"valueName":"search_term_string"}}],"inLanguage":"fr-FR"},{"@type":"Person","@id":"https:\/\/dpress.ma\/fr\/#\/schema\/person\/4898febf3ccd59e6578d838656a306a0","name":"Dpress.ma","image":{"@type":"ImageObject","inLanguage":"fr-FR","@id":"https:\/\/secure.gravatar.com\/avatar\/72ecc30e9db047a2e0e7176561eb9d564ed77c8108376495b19bd8336405198a?s=96&d=mm&r=g","url":"https:\/\/secure.gravatar.com\/avatar\/72ecc30e9db047a2e0e7176561eb9d564ed77c8108376495b19bd8336405198a?s=96&d=mm&r=g","contentUrl":"https:\/\/secure.gravatar.com\/avatar\/72ecc30e9db047a2e0e7176561eb9d564ed77c8108376495b19bd8336405198a?s=96&d=mm&r=g","caption":"Dpress.ma"},"sameAs":["https:\/\/www.dpress.ma"],"url":"https:\/\/dpress.ma\/fr\/author\/dpress-ma\/"}]}},"amp_enabled":true,"_links":{"self":[{"href":"https:\/\/dpress.ma\/fr\/wp-json\/wp\/v2\/posts\/27781","targetHints":{"allow":["GET"]}}],"collection":[{"href":"https:\/\/dpress.ma\/fr\/wp-json\/wp\/v2\/posts"}],"about":[{"href":"https:\/\/dpress.ma\/fr\/wp-json\/wp\/v2\/types\/post"}],"author":[{"embeddable":true,"href":"https:\/\/dpress.ma\/fr\/wp-json\/wp\/v2\/users\/2"}],"replies":[{"embeddable":true,"href":"https:\/\/dpress.ma\/fr\/wp-json\/wp\/v2\/comments?post=27781"}],"version-history":[{"count":1,"href":"https:\/\/dpress.ma\/fr\/wp-json\/wp\/v2\/posts\/27781\/revisions"}],"predecessor-version":[{"id":27783,"href":"https:\/\/dpress.ma\/fr\/wp-json\/wp\/v2\/posts\/27781\/revisions\/27783"}],"wp:featuredmedia":[{"embeddable":true,"href":"https:\/\/dpress.ma\/fr\/wp-json\/wp\/v2\/media\/27782"}],"wp:attachment":[{"href":"https:\/\/dpress.ma\/fr\/wp-json\/wp\/v2\/media?parent=27781"}],"wp:term":[{"taxonomy":"category","embeddable":true,"href":"https:\/\/dpress.ma\/fr\/wp-json\/wp\/v2\/categories?post=27781"},{"taxonomy":"post_tag","embeddable":true,"href":"https:\/\/dpress.ma\/fr\/wp-json\/wp\/v2\/tags?post=27781"}],"curies":[{"name":"wp","href":"https:\/\/api.w.org\/{rel}","templated":true}]}}