{"id":2762,"date":"2022-12-05T16:29:33","date_gmt":"2022-12-05T16:29:33","guid":{"rendered":"https:\/\/dpress.ma\/fr\/?p=2762"},"modified":"2022-12-05T16:29:34","modified_gmt":"2022-12-05T16:29:34","slug":"signature-dun-protocole-dentente-et-deux-conventions-cadres-y-afferentes-entre-le-ministere-de-la-justice-et-la-cdg","status":"publish","type":"post","link":"https:\/\/dpress.ma\/fr\/2022\/12\/05\/signature-dun-protocole-dentente-et-deux-conventions-cadres-y-afferentes-entre-le-ministere-de-la-justice-et-la-cdg\/","title":{"rendered":"Signature d\u2019un protocole d\u2019entente et deux conventions-cadres y aff\u00e9rentes entre le minist\u00e8re de la Justice et la CDG"},"content":{"rendered":"\n<p>Dpress<\/p>\n\n\n\n<p>&nbsp;Un protocole d\u2019entente et deux conventions-cadres y aff\u00e9rentes visant \u00e0 apporter une nouvelle dynamique aux relations \u00e9tablies entre le minist\u00e8re de la Justice et la Caisse de D\u00e9p\u00f4t de Gestion (CDG)&nbsp;et \u00e9largir leurs champs de coop\u00e9ration ont \u00e9t\u00e9 sign\u00e9s, lundi \u00e0 Rabat, dans le cadre&nbsp;du renforcement du partenariat strat\u00e9gique et historique entre&nbsp;les deux institutions.<\/p>\n\n\n\n<p>Sign\u00e9 lors d\u2019une c\u00e9r\u00e9monie pr\u00e9sid\u00e9e par le ministre de la Justice,&nbsp;Abdellatif Ouahbi,&nbsp;et le directeur G\u00e9n\u00e9ral de la CDG, Khalid SAFIR, le protocole d\u2019entente&nbsp;porte sur plusieurs axes de collaboration commune entre les deux institutions et vise \u00e0 accompagner le minist\u00e8re de la Justice, notamment dans la modernisation des professions juridiques et judiciaires, plac\u00e9es sous sa tutelle et dont la gestion des comptes est confi\u00e9e \u00e0 la CDG.<\/p>\n\n\n\n<p>Ce protocole permet \u00e9galement au minist\u00e8re de la Justice de b\u00e9n\u00e9ficier de l\u2019expertise des filiales du Groupe CDG dans l\u2019impl\u00e9mentation des projets du minist\u00e8re dans plusieurs domaines, tels que le tourisme, l\u2019immobilier, l\u2019am\u00e9nagement et tout autre domaine d\u2019int\u00e9r\u00eat commun, indique la CDG dans un communiqu\u00e9.<\/p>\n\n\n\n<p>A cette m\u00eame occasion, et dans le cadre de la mise en \u0153uvre des axes de coop\u00e9ration du protocole d\u2019entente, les deux parties ont sign\u00e9 deux conventions cadres de partenariat relatives \u00e0 l\u2019accompagnement et \u00e0 la modernisation des professions juridiques et judiciaires ainsi qu\u2019\u00e0 la transformation digitale du syst\u00e8me judiciaire.<\/p>\n\n\n\n<p>La premi\u00e8re convention cadre portant sur la modernisation des professions juridiques et judiciaires a pour objectif d\u2019assurer l\u2019accompagnement du minist\u00e8re par la CDG dans la mise en \u0153uvre du projet \u201cEspace Virtuel des Professions Juridiques et Judiciaires pour les Professionnels de Justice\u201d, visant \u00e0 faciliter la communication avec les affili\u00e9es aux professions juridiques et judiciaires et les professionnels de la justice. Elle permettra ainsi l\u2019optimisation des co\u00fbts, la promotion de la transparence et la gestion et la fluidification des proc\u00e9dures li\u00e9es \u00e0 l\u2019exercice des professions juridiques et judiciaires, par l\u2019\u00e9change d\u2019expertise et le financement de certains projets.<\/p>\n\n\n\n<p>L\u2019accord-cadre pr\u00e9voit \u00e9galement un accompagnement sur le volet formation au profit des professions juridiques et judiciaires, ajoute la m\u00eame source.<\/p>\n\n\n\n<p>Quant \u00e0 la deuxi\u00e8me convention-cadre relative \u00e0 la transformation digitale du syst\u00e8me judiciaire, elle a pour objet l\u2019\u00e9change d\u2019exp\u00e9rience autour des strat\u00e9gies num\u00e9riques des deux parties et le conseil technique et pratique dans le domaine de la transformation digitale. Cet accord permet \u00e9galement au minist\u00e8re l\u2019acc\u00e8s au laboratoire d\u2019innovation num\u00e9rique (LAB Digital-Innovation) de la CDG dans le but de mener des exp\u00e9rimentations conjointes sur des th\u00e9matiques communes.<\/p>\n\n\n\n<p>Ces accords s\u2019inscrivent dans le cadre de la mission confi\u00e9e \u00e0 la CDG, depuis sa cr\u00e9ation, en tant que tiers de confiance, charg\u00e9e de la gestion des fonds des professionnels de la justice et de son r\u00f4le dans l\u2019accompagnement des professions juridiques et judiciaires, rappelle le communiqu\u00e9.<\/p>\n\n\n\n<p>Et d\u2019ajouter qu\u2019ils s\u2019inscrivent \u00e9galement dans le cadre du r\u00f4le du minist\u00e8re de la Justice en tant que tutelle des professions juridiques et judiciaires et interviennent en application de la feuille de route li\u00e9e \u00e0 la transformation num\u00e9rique du syst\u00e8me judiciaire du Royaume, mis en \u0153uvre par le minist\u00e8re de la Justice.<\/p>\n","protected":false},"excerpt":{"rendered":"<p>Dpress &nbsp;Un protocole d\u2019entente et deux conventions-cadres y aff\u00e9rentes visant \u00e0 apporter une nouvelle dynamique aux relations \u00e9tablies entre le minist\u00e8re de la Justice et la Caisse de D\u00e9p\u00f4t de Gestion (CDG)&nbsp;et \u00e9largir leurs champs de coop\u00e9ration ont \u00e9t\u00e9 sign\u00e9s, lundi \u00e0 Rabat, dans le cadre&nbsp;du renforcement du partenariat strat\u00e9gique et historique entre&nbsp;les deux institutions. &hellip;<\/p>\n","protected":false},"author":2,"featured_media":2763,"comment_status":"open","ping_status":"open","sticky":false,"template":"","format":"standard","meta":{"footnotes":""},"categories":[26],"tags":[],"class_list":["post-2762","post","type-post","status-publish","format-standard","has-post-thumbnail","hentry","category-politiques"],"yoast_head":"<!-- This site is optimized with the Yoast SEO plugin v27.5 - https:\/\/yoast.com\/product\/yoast-seo-wordpress\/ -->\n<title>Signature d\u2019un protocole d\u2019entente et deux conventions-cadres y aff\u00e9rentes entre le minist\u00e8re de la Justice et la CDG - Dpress.ma\/fr<\/title>\n<meta name=\"description\" content=\"Un protocole d\u2019entente et deux conventions-cadres y aff\u00e9rentes visant \u00e0 apporter une nouvelle dynamique aux relations \u00e9tablies entre le minist\u00e8re de la Justice et la Caisse de D\u00e9p\u00f4t de Gestion (CDG)\u00a0et \u00e9largir leurs champs de coop\u00e9ration ont \u00e9t\u00e9 sign\u00e9s, lundi \u00e0 Rabat, dans le cadre\u00a0du renforcement du partenariat strat\u00e9gique et historique entre\u00a0les deux institutions.\" \/>\n<meta name=\"robots\" content=\"index, follow, max-snippet:-1, max-image-preview:large, max-video-preview:-1\" \/>\n<link rel=\"canonical\" href=\"https:\/\/dpress.ma\/fr\/2022\/12\/05\/signature-dun-protocole-dentente-et-deux-conventions-cadres-y-afferentes-entre-le-ministere-de-la-justice-et-la-cdg\/\" \/>\n<meta property=\"og:locale\" content=\"fr_FR\" \/>\n<meta property=\"og:type\" content=\"article\" \/>\n<meta property=\"og:title\" content=\"Signature d\u2019un protocole d\u2019entente et deux conventions-cadres y aff\u00e9rentes entre le minist\u00e8re de la Justice et la CDG - Dpress.ma\/fr\" \/>\n<meta property=\"og:description\" content=\"Un protocole d\u2019entente et deux conventions-cadres y aff\u00e9rentes visant \u00e0 apporter une nouvelle dynamique aux relations \u00e9tablies entre le minist\u00e8re de la Justice et la Caisse de D\u00e9p\u00f4t de Gestion (CDG)\u00a0et \u00e9largir leurs champs de coop\u00e9ration ont \u00e9t\u00e9 sign\u00e9s, lundi \u00e0 Rabat, dans le cadre\u00a0du renforcement du partenariat strat\u00e9gique et historique entre\u00a0les deux institutions.\" \/>\n<meta property=\"og:url\" content=\"https:\/\/dpress.ma\/fr\/2022\/12\/05\/signature-dun-protocole-dentente-et-deux-conventions-cadres-y-afferentes-entre-le-ministere-de-la-justice-et-la-cdg\/\" \/>\n<meta property=\"og:site_name\" content=\"Dpress.ma\/fr\" \/>\n<meta property=\"article:published_time\" content=\"2022-12-05T16:29:33+00:00\" \/>\n<meta property=\"article:modified_time\" content=\"2022-12-05T16:29:34+00:00\" \/>\n<meta property=\"og:image\" content=\"https:\/\/dpress.ma\/fr\/wp-content\/uploads\/sites\/2\/2022\/12\/dimensions2-13.jpg\" \/>\n\t<meta property=\"og:image:width\" content=\"2539\" \/>\n\t<meta property=\"og:image:height\" content=\"1594\" \/>\n\t<meta property=\"og:image:type\" content=\"image\/jpeg\" \/>\n<meta name=\"author\" content=\"Dpress.ma\" \/>\n<meta name=\"twitter:card\" content=\"summary_large_image\" \/>\n<meta name=\"twitter:label1\" content=\"\u00c9crit par\" \/>\n\t<meta name=\"twitter:data1\" content=\"Dpress.ma\" \/>\n\t<meta name=\"twitter:label2\" content=\"Dur\u00e9e de lecture estim\u00e9e\" \/>\n\t<meta name=\"twitter:data2\" content=\"3 minutes\" \/>\n<script type=\"application\/ld+json\" class=\"yoast-schema-graph\">{\"@context\":\"https:\\\/\\\/schema.org\",\"@graph\":[{\"@type\":\"Article\",\"@id\":\"https:\\\/\\\/dpress.ma\\\/fr\\\/2022\\\/12\\\/05\\\/signature-dun-protocole-dentente-et-deux-conventions-cadres-y-afferentes-entre-le-ministere-de-la-justice-et-la-cdg\\\/#article\",\"isPartOf\":{\"@id\":\"https:\\\/\\\/dpress.ma\\\/fr\\\/2022\\\/12\\\/05\\\/signature-dun-protocole-dentente-et-deux-conventions-cadres-y-afferentes-entre-le-ministere-de-la-justice-et-la-cdg\\\/\"},\"author\":{\"name\":\"Dpress.ma\",\"@id\":\"https:\\\/\\\/dpress.ma\\\/fr\\\/#\\\/schema\\\/person\\\/4898febf3ccd59e6578d838656a306a0\"},\"headline\":\"Signature d\u2019un protocole d\u2019entente et deux conventions-cadres y aff\u00e9rentes entre le minist\u00e8re de la Justice et la CDG\",\"datePublished\":\"2022-12-05T16:29:33+00:00\",\"dateModified\":\"2022-12-05T16:29:34+00:00\",\"mainEntityOfPage\":{\"@id\":\"https:\\\/\\\/dpress.ma\\\/fr\\\/2022\\\/12\\\/05\\\/signature-dun-protocole-dentente-et-deux-conventions-cadres-y-afferentes-entre-le-ministere-de-la-justice-et-la-cdg\\\/\"},\"wordCount\":603,\"commentCount\":0,\"image\":{\"@id\":\"https:\\\/\\\/dpress.ma\\\/fr\\\/2022\\\/12\\\/05\\\/signature-dun-protocole-dentente-et-deux-conventions-cadres-y-afferentes-entre-le-ministere-de-la-justice-et-la-cdg\\\/#primaryimage\"},\"thumbnailUrl\":\"https:\\\/\\\/dpress.ma\\\/fr\\\/wp-content\\\/uploads\\\/sites\\\/2\\\/2022\\\/12\\\/dimensions2-13.jpg\",\"articleSection\":[\"Politiques\"],\"inLanguage\":\"fr-FR\",\"potentialAction\":[{\"@type\":\"CommentAction\",\"name\":\"Comment\",\"target\":[\"https:\\\/\\\/dpress.ma\\\/fr\\\/2022\\\/12\\\/05\\\/signature-dun-protocole-dentente-et-deux-conventions-cadres-y-afferentes-entre-le-ministere-de-la-justice-et-la-cdg\\\/#respond\"]}]},{\"@type\":\"WebPage\",\"@id\":\"https:\\\/\\\/dpress.ma\\\/fr\\\/2022\\\/12\\\/05\\\/signature-dun-protocole-dentente-et-deux-conventions-cadres-y-afferentes-entre-le-ministere-de-la-justice-et-la-cdg\\\/\",\"url\":\"https:\\\/\\\/dpress.ma\\\/fr\\\/2022\\\/12\\\/05\\\/signature-dun-protocole-dentente-et-deux-conventions-cadres-y-afferentes-entre-le-ministere-de-la-justice-et-la-cdg\\\/\",\"name\":\"Signature d\u2019un protocole d\u2019entente et deux conventions-cadres y aff\u00e9rentes entre le minist\u00e8re de la Justice et la CDG - Dpress.ma\\\/fr\",\"isPartOf\":{\"@id\":\"https:\\\/\\\/dpress.ma\\\/fr\\\/#website\"},\"primaryImageOfPage\":{\"@id\":\"https:\\\/\\\/dpress.ma\\\/fr\\\/2022\\\/12\\\/05\\\/signature-dun-protocole-dentente-et-deux-conventions-cadres-y-afferentes-entre-le-ministere-de-la-justice-et-la-cdg\\\/#primaryimage\"},\"image\":{\"@id\":\"https:\\\/\\\/dpress.ma\\\/fr\\\/2022\\\/12\\\/05\\\/signature-dun-protocole-dentente-et-deux-conventions-cadres-y-afferentes-entre-le-ministere-de-la-justice-et-la-cdg\\\/#primaryimage\"},\"thumbnailUrl\":\"https:\\\/\\\/dpress.ma\\\/fr\\\/wp-content\\\/uploads\\\/sites\\\/2\\\/2022\\\/12\\\/dimensions2-13.jpg\",\"datePublished\":\"2022-12-05T16:29:33+00:00\",\"dateModified\":\"2022-12-05T16:29:34+00:00\",\"author\":{\"@id\":\"https:\\\/\\\/dpress.ma\\\/fr\\\/#\\\/schema\\\/person\\\/4898febf3ccd59e6578d838656a306a0\"},\"description\":\"Un protocole d\u2019entente et deux conventions-cadres y aff\u00e9rentes visant \u00e0 apporter une nouvelle dynamique aux relations \u00e9tablies entre le minist\u00e8re de la Justice et la Caisse de D\u00e9p\u00f4t de Gestion (CDG)\u00a0et \u00e9largir leurs champs de coop\u00e9ration ont \u00e9t\u00e9 sign\u00e9s, lundi \u00e0 Rabat, dans le cadre\u00a0du renforcement du partenariat strat\u00e9gique et historique entre\u00a0les deux institutions.\",\"breadcrumb\":{\"@id\":\"https:\\\/\\\/dpress.ma\\\/fr\\\/2022\\\/12\\\/05\\\/signature-dun-protocole-dentente-et-deux-conventions-cadres-y-afferentes-entre-le-ministere-de-la-justice-et-la-cdg\\\/#breadcrumb\"},\"inLanguage\":\"fr-FR\",\"potentialAction\":[{\"@type\":\"ReadAction\",\"target\":[\"https:\\\/\\\/dpress.ma\\\/fr\\\/2022\\\/12\\\/05\\\/signature-dun-protocole-dentente-et-deux-conventions-cadres-y-afferentes-entre-le-ministere-de-la-justice-et-la-cdg\\\/\"]}]},{\"@type\":\"ImageObject\",\"inLanguage\":\"fr-FR\",\"@id\":\"https:\\\/\\\/dpress.ma\\\/fr\\\/2022\\\/12\\\/05\\\/signature-dun-protocole-dentente-et-deux-conventions-cadres-y-afferentes-entre-le-ministere-de-la-justice-et-la-cdg\\\/#primaryimage\",\"url\":\"https:\\\/\\\/dpress.ma\\\/fr\\\/wp-content\\\/uploads\\\/sites\\\/2\\\/2022\\\/12\\\/dimensions2-13.jpg\",\"contentUrl\":\"https:\\\/\\\/dpress.ma\\\/fr\\\/wp-content\\\/uploads\\\/sites\\\/2\\\/2022\\\/12\\\/dimensions2-13.jpg\",\"width\":2539,\"height\":1594},{\"@type\":\"BreadcrumbList\",\"@id\":\"https:\\\/\\\/dpress.ma\\\/fr\\\/2022\\\/12\\\/05\\\/signature-dun-protocole-dentente-et-deux-conventions-cadres-y-afferentes-entre-le-ministere-de-la-justice-et-la-cdg\\\/#breadcrumb\",\"itemListElement\":[{\"@type\":\"ListItem\",\"position\":1,\"name\":\"Home\",\"item\":\"https:\\\/\\\/dpress.ma\\\/fr\\\/\"},{\"@type\":\"ListItem\",\"position\":2,\"name\":\"Signature d\u2019un protocole d\u2019entente et deux conventions-cadres y aff\u00e9rentes entre le minist\u00e8re de la Justice et la CDG\"}]},{\"@type\":\"WebSite\",\"@id\":\"https:\\\/\\\/dpress.ma\\\/fr\\\/#website\",\"url\":\"https:\\\/\\\/dpress.ma\\\/fr\\\/\",\"name\":\"Dpress.ma\\\/fr\",\"description\":\"\",\"potentialAction\":[{\"@type\":\"SearchAction\",\"target\":{\"@type\":\"EntryPoint\",\"urlTemplate\":\"https:\\\/\\\/dpress.ma\\\/fr\\\/?s={search_term_string}\"},\"query-input\":{\"@type\":\"PropertyValueSpecification\",\"valueRequired\":true,\"valueName\":\"search_term_string\"}}],\"inLanguage\":\"fr-FR\"},{\"@type\":\"Person\",\"@id\":\"https:\\\/\\\/dpress.ma\\\/fr\\\/#\\\/schema\\\/person\\\/4898febf3ccd59e6578d838656a306a0\",\"name\":\"Dpress.ma\",\"image\":{\"@type\":\"ImageObject\",\"inLanguage\":\"fr-FR\",\"@id\":\"https:\\\/\\\/secure.gravatar.com\\\/avatar\\\/72ecc30e9db047a2e0e7176561eb9d564ed77c8108376495b19bd8336405198a?s=96&d=mm&r=g\",\"url\":\"https:\\\/\\\/secure.gravatar.com\\\/avatar\\\/72ecc30e9db047a2e0e7176561eb9d564ed77c8108376495b19bd8336405198a?s=96&d=mm&r=g\",\"contentUrl\":\"https:\\\/\\\/secure.gravatar.com\\\/avatar\\\/72ecc30e9db047a2e0e7176561eb9d564ed77c8108376495b19bd8336405198a?s=96&d=mm&r=g\",\"caption\":\"Dpress.ma\"},\"sameAs\":[\"https:\\\/\\\/www.dpress.ma\"],\"url\":\"https:\\\/\\\/dpress.ma\\\/fr\\\/author\\\/dpress-ma\\\/\"}]}<\/script>\n<!-- \/ Yoast SEO plugin. -->","yoast_head_json":{"title":"Signature d\u2019un protocole d\u2019entente et deux conventions-cadres y aff\u00e9rentes entre le minist\u00e8re de la Justice et la CDG - Dpress.ma\/fr","description":"Un protocole d\u2019entente et deux conventions-cadres y aff\u00e9rentes visant \u00e0 apporter une nouvelle dynamique aux relations \u00e9tablies entre le minist\u00e8re de la Justice et la Caisse de D\u00e9p\u00f4t de Gestion (CDG)\u00a0et \u00e9largir leurs champs de coop\u00e9ration ont \u00e9t\u00e9 sign\u00e9s, lundi \u00e0 Rabat, dans le cadre\u00a0du renforcement du partenariat strat\u00e9gique et historique entre\u00a0les deux institutions.","robots":{"index":"index","follow":"follow","max-snippet":"max-snippet:-1","max-image-preview":"max-image-preview:large","max-video-preview":"max-video-preview:-1"},"canonical":"https:\/\/dpress.ma\/fr\/2022\/12\/05\/signature-dun-protocole-dentente-et-deux-conventions-cadres-y-afferentes-entre-le-ministere-de-la-justice-et-la-cdg\/","og_locale":"fr_FR","og_type":"article","og_title":"Signature d\u2019un protocole d\u2019entente et deux conventions-cadres y aff\u00e9rentes entre le minist\u00e8re de la Justice et la CDG - Dpress.ma\/fr","og_description":"Un protocole d\u2019entente et deux conventions-cadres y aff\u00e9rentes visant \u00e0 apporter une nouvelle dynamique aux relations \u00e9tablies entre le minist\u00e8re de la Justice et la Caisse de D\u00e9p\u00f4t de Gestion (CDG)\u00a0et \u00e9largir leurs champs de coop\u00e9ration ont \u00e9t\u00e9 sign\u00e9s, lundi \u00e0 Rabat, dans le cadre\u00a0du renforcement du partenariat strat\u00e9gique et historique entre\u00a0les deux institutions.","og_url":"https:\/\/dpress.ma\/fr\/2022\/12\/05\/signature-dun-protocole-dentente-et-deux-conventions-cadres-y-afferentes-entre-le-ministere-de-la-justice-et-la-cdg\/","og_site_name":"Dpress.ma\/fr","article_published_time":"2022-12-05T16:29:33+00:00","article_modified_time":"2022-12-05T16:29:34+00:00","og_image":[{"width":2539,"height":1594,"url":"https:\/\/dpress.ma\/fr\/wp-content\/uploads\/sites\/2\/2022\/12\/dimensions2-13.jpg","type":"image\/jpeg"}],"author":"Dpress.ma","twitter_card":"summary_large_image","twitter_misc":{"\u00c9crit par":"Dpress.ma","Dur\u00e9e de lecture estim\u00e9e":"3 minutes"},"schema":{"@context":"https:\/\/schema.org","@graph":[{"@type":"Article","@id":"https:\/\/dpress.ma\/fr\/2022\/12\/05\/signature-dun-protocole-dentente-et-deux-conventions-cadres-y-afferentes-entre-le-ministere-de-la-justice-et-la-cdg\/#article","isPartOf":{"@id":"https:\/\/dpress.ma\/fr\/2022\/12\/05\/signature-dun-protocole-dentente-et-deux-conventions-cadres-y-afferentes-entre-le-ministere-de-la-justice-et-la-cdg\/"},"author":{"name":"Dpress.ma","@id":"https:\/\/dpress.ma\/fr\/#\/schema\/person\/4898febf3ccd59e6578d838656a306a0"},"headline":"Signature d\u2019un protocole d\u2019entente et deux conventions-cadres y aff\u00e9rentes entre le minist\u00e8re de la Justice et la CDG","datePublished":"2022-12-05T16:29:33+00:00","dateModified":"2022-12-05T16:29:34+00:00","mainEntityOfPage":{"@id":"https:\/\/dpress.ma\/fr\/2022\/12\/05\/signature-dun-protocole-dentente-et-deux-conventions-cadres-y-afferentes-entre-le-ministere-de-la-justice-et-la-cdg\/"},"wordCount":603,"commentCount":0,"image":{"@id":"https:\/\/dpress.ma\/fr\/2022\/12\/05\/signature-dun-protocole-dentente-et-deux-conventions-cadres-y-afferentes-entre-le-ministere-de-la-justice-et-la-cdg\/#primaryimage"},"thumbnailUrl":"https:\/\/dpress.ma\/fr\/wp-content\/uploads\/sites\/2\/2022\/12\/dimensions2-13.jpg","articleSection":["Politiques"],"inLanguage":"fr-FR","potentialAction":[{"@type":"CommentAction","name":"Comment","target":["https:\/\/dpress.ma\/fr\/2022\/12\/05\/signature-dun-protocole-dentente-et-deux-conventions-cadres-y-afferentes-entre-le-ministere-de-la-justice-et-la-cdg\/#respond"]}]},{"@type":"WebPage","@id":"https:\/\/dpress.ma\/fr\/2022\/12\/05\/signature-dun-protocole-dentente-et-deux-conventions-cadres-y-afferentes-entre-le-ministere-de-la-justice-et-la-cdg\/","url":"https:\/\/dpress.ma\/fr\/2022\/12\/05\/signature-dun-protocole-dentente-et-deux-conventions-cadres-y-afferentes-entre-le-ministere-de-la-justice-et-la-cdg\/","name":"Signature d\u2019un protocole d\u2019entente et deux conventions-cadres y aff\u00e9rentes entre le minist\u00e8re de la Justice et la CDG - Dpress.ma\/fr","isPartOf":{"@id":"https:\/\/dpress.ma\/fr\/#website"},"primaryImageOfPage":{"@id":"https:\/\/dpress.ma\/fr\/2022\/12\/05\/signature-dun-protocole-dentente-et-deux-conventions-cadres-y-afferentes-entre-le-ministere-de-la-justice-et-la-cdg\/#primaryimage"},"image":{"@id":"https:\/\/dpress.ma\/fr\/2022\/12\/05\/signature-dun-protocole-dentente-et-deux-conventions-cadres-y-afferentes-entre-le-ministere-de-la-justice-et-la-cdg\/#primaryimage"},"thumbnailUrl":"https:\/\/dpress.ma\/fr\/wp-content\/uploads\/sites\/2\/2022\/12\/dimensions2-13.jpg","datePublished":"2022-12-05T16:29:33+00:00","dateModified":"2022-12-05T16:29:34+00:00","author":{"@id":"https:\/\/dpress.ma\/fr\/#\/schema\/person\/4898febf3ccd59e6578d838656a306a0"},"description":"Un protocole d\u2019entente et deux conventions-cadres y aff\u00e9rentes visant \u00e0 apporter une nouvelle dynamique aux relations \u00e9tablies entre le minist\u00e8re de la Justice et la Caisse de D\u00e9p\u00f4t de Gestion (CDG)\u00a0et \u00e9largir leurs champs de coop\u00e9ration ont \u00e9t\u00e9 sign\u00e9s, lundi \u00e0 Rabat, dans le cadre\u00a0du renforcement du partenariat strat\u00e9gique et historique entre\u00a0les deux institutions.","breadcrumb":{"@id":"https:\/\/dpress.ma\/fr\/2022\/12\/05\/signature-dun-protocole-dentente-et-deux-conventions-cadres-y-afferentes-entre-le-ministere-de-la-justice-et-la-cdg\/#breadcrumb"},"inLanguage":"fr-FR","potentialAction":[{"@type":"ReadAction","target":["https:\/\/dpress.ma\/fr\/2022\/12\/05\/signature-dun-protocole-dentente-et-deux-conventions-cadres-y-afferentes-entre-le-ministere-de-la-justice-et-la-cdg\/"]}]},{"@type":"ImageObject","inLanguage":"fr-FR","@id":"https:\/\/dpress.ma\/fr\/2022\/12\/05\/signature-dun-protocole-dentente-et-deux-conventions-cadres-y-afferentes-entre-le-ministere-de-la-justice-et-la-cdg\/#primaryimage","url":"https:\/\/dpress.ma\/fr\/wp-content\/uploads\/sites\/2\/2022\/12\/dimensions2-13.jpg","contentUrl":"https:\/\/dpress.ma\/fr\/wp-content\/uploads\/sites\/2\/2022\/12\/dimensions2-13.jpg","width":2539,"height":1594},{"@type":"BreadcrumbList","@id":"https:\/\/dpress.ma\/fr\/2022\/12\/05\/signature-dun-protocole-dentente-et-deux-conventions-cadres-y-afferentes-entre-le-ministere-de-la-justice-et-la-cdg\/#breadcrumb","itemListElement":[{"@type":"ListItem","position":1,"name":"Home","item":"https:\/\/dpress.ma\/fr\/"},{"@type":"ListItem","position":2,"name":"Signature d\u2019un protocole d\u2019entente et deux conventions-cadres y aff\u00e9rentes entre le minist\u00e8re de la Justice et la CDG"}]},{"@type":"WebSite","@id":"https:\/\/dpress.ma\/fr\/#website","url":"https:\/\/dpress.ma\/fr\/","name":"Dpress.ma\/fr","description":"","potentialAction":[{"@type":"SearchAction","target":{"@type":"EntryPoint","urlTemplate":"https:\/\/dpress.ma\/fr\/?s={search_term_string}"},"query-input":{"@type":"PropertyValueSpecification","valueRequired":true,"valueName":"search_term_string"}}],"inLanguage":"fr-FR"},{"@type":"Person","@id":"https:\/\/dpress.ma\/fr\/#\/schema\/person\/4898febf3ccd59e6578d838656a306a0","name":"Dpress.ma","image":{"@type":"ImageObject","inLanguage":"fr-FR","@id":"https:\/\/secure.gravatar.com\/avatar\/72ecc30e9db047a2e0e7176561eb9d564ed77c8108376495b19bd8336405198a?s=96&d=mm&r=g","url":"https:\/\/secure.gravatar.com\/avatar\/72ecc30e9db047a2e0e7176561eb9d564ed77c8108376495b19bd8336405198a?s=96&d=mm&r=g","contentUrl":"https:\/\/secure.gravatar.com\/avatar\/72ecc30e9db047a2e0e7176561eb9d564ed77c8108376495b19bd8336405198a?s=96&d=mm&r=g","caption":"Dpress.ma"},"sameAs":["https:\/\/www.dpress.ma"],"url":"https:\/\/dpress.ma\/fr\/author\/dpress-ma\/"}]}},"amp_enabled":true,"_links":{"self":[{"href":"https:\/\/dpress.ma\/fr\/wp-json\/wp\/v2\/posts\/2762","targetHints":{"allow":["GET"]}}],"collection":[{"href":"https:\/\/dpress.ma\/fr\/wp-json\/wp\/v2\/posts"}],"about":[{"href":"https:\/\/dpress.ma\/fr\/wp-json\/wp\/v2\/types\/post"}],"author":[{"embeddable":true,"href":"https:\/\/dpress.ma\/fr\/wp-json\/wp\/v2\/users\/2"}],"replies":[{"embeddable":true,"href":"https:\/\/dpress.ma\/fr\/wp-json\/wp\/v2\/comments?post=2762"}],"version-history":[{"count":1,"href":"https:\/\/dpress.ma\/fr\/wp-json\/wp\/v2\/posts\/2762\/revisions"}],"predecessor-version":[{"id":2764,"href":"https:\/\/dpress.ma\/fr\/wp-json\/wp\/v2\/posts\/2762\/revisions\/2764"}],"wp:featuredmedia":[{"embeddable":true,"href":"https:\/\/dpress.ma\/fr\/wp-json\/wp\/v2\/media\/2763"}],"wp:attachment":[{"href":"https:\/\/dpress.ma\/fr\/wp-json\/wp\/v2\/media?parent=2762"}],"wp:term":[{"taxonomy":"category","embeddable":true,"href":"https:\/\/dpress.ma\/fr\/wp-json\/wp\/v2\/categories?post=2762"},{"taxonomy":"post_tag","embeddable":true,"href":"https:\/\/dpress.ma\/fr\/wp-json\/wp\/v2\/tags?post=2762"}],"curies":[{"name":"wp","href":"https:\/\/api.w.org\/{rel}","templated":true}]}}