{"id":2734,"date":"2022-12-02T09:40:41","date_gmt":"2022-12-02T09:40:41","guid":{"rendered":"https:\/\/dpress.ma\/fr\/?p=2734"},"modified":"2022-12-02T09:40:42","modified_gmt":"2022-12-02T09:40:42","slug":"signature-a-rabat-dune-convention-relative-a-lacces-des-industriels-a-lelectricite-de-sources-renouvelables","status":"publish","type":"post","link":"https:\/\/dpress.ma\/fr\/2022\/12\/02\/signature-a-rabat-dune-convention-relative-a-lacces-des-industriels-a-lelectricite-de-sources-renouvelables\/","title":{"rendered":"Signature \u00e0 Rabat d\u2019une convention relative \u00e0 l\u2019acc\u00e8s des industriels \u00e0 l\u2019\u00e9lectricit\u00e9 de sources renouvelables"},"content":{"rendered":"\n<p>Dpress<\/p>\n\n\n\n<p>&nbsp;Le chef du gouvernement Aziz Akhannouch a pr\u00e9sid\u00e9, jeudi \u00e0 Rabat, la c\u00e9r\u00e9monie de signature d\u2019une convention entre le gouvernement et l\u2019Office national de l\u2019\u00e9lectricit\u00e9 et de l\u2019eau potable (ONEE) relative \u00e0 l\u2019acc\u00e8s des industriels \u00e0 l\u2019\u00e9lectricit\u00e9 de sources renouvelables.<\/p>\n\n\n\n<p>Selon un communiqu\u00e9 du D\u00e9partement du chef du gouvernement, cette convention s\u2019inscrit dans le cadre de la d\u00e9carbonation de l\u2019industrie nationale qui vise la r\u00e9duction de l\u2019empreinte en carbone par l\u2019acc\u00e8s \u00e0 l\u2019\u00e9lectricit\u00e9 de sources renouvelables, offrant ainsi aux entreprises industrielles un levier de comp\u00e9titivit\u00e9 incontournable et renfor\u00e7ant le positionnement du Royaume du Maroc en tant que hub r\u00e9gional de production industrielle comp\u00e9titive et verte.<\/p>\n\n\n\n<p>Les termes de cette convention s\u2019articulent autour de l\u2019engagement des parties signataires de fixer les conditions et les modalit\u00e9s permettant aux industriels de b\u00e9n\u00e9ficier de l\u2019\u00e9nergie \u00e9lectrique \u00e0 prix comp\u00e9titif, en vue d\u2019accro\u00eetre leur comp\u00e9titivit\u00e9 et ce, \u00e0 travers leur alimentation \u00e0 partir de moyens de production de l\u2019\u00e9lectricit\u00e9 de sources renouvelables autoris\u00e9s dans le cadre de la loi 13-09, indique le communiqu\u00e9.<\/p>\n\n\n\n<p>La convention a \u00e9t\u00e9 sign\u00e9e par les ministres de l\u2019Int\u00e9rieur, Abdelouafi Laftit, de l\u2019Industrie et du Commerce, Ryad Mezzour, de la Transition \u00e9nerg\u00e9tique et du d\u00e9veloppement durable, Leila Benali, et le directeur g\u00e9n\u00e9ral de l\u2019Office national de l\u2019\u00e9lectricit\u00e9 et de l\u2019eau potable, Abderrahim El Hafidi.<\/p>\n\n\n\n<p>\u201cConform\u00e9ment aux Hautes Directives de SM le Roi Mohammed VI, le Maroc consolide ses avanc\u00e9es dans le d\u00e9veloppement des \u00e9nergies renouvelables en tant que priorit\u00e9 nationale afin de renforcer sa souverainet\u00e9 \u00e9nerg\u00e9tique et se positionner dans l\u2019\u00e9conomie d\u00e9carbon\u00e9e dans l\u2019objectif d\u2019attirer davantage d\u2019investissements nationaux et \u00e9trangers dans le secteur\u201d, a soulign\u00e9 la m\u00eame source.<\/p>\n\n\n\n<p>La mise \u00e0 la disposition de cette \u00e9nergie d\u00e9carbon\u00e9e et comp\u00e9titive est aujourd\u2019hui primordiale afin d\u2019ouvrir de nouvelles perspectives d\u2019investissement dans des activit\u00e9s \u00e9nergivores que le Royaume souhaite localiser et d\u00e9velopper de nouveaux m\u00e9tiers industriels, d\u2019apr\u00e8s le communiqu\u00e9.<\/p>\n","protected":false},"excerpt":{"rendered":"<p>Dpress &nbsp;Le chef du gouvernement Aziz Akhannouch a pr\u00e9sid\u00e9, jeudi \u00e0 Rabat, la c\u00e9r\u00e9monie de signature d\u2019une convention entre le gouvernement et l\u2019Office national de l\u2019\u00e9lectricit\u00e9 et de l\u2019eau potable (ONEE) relative \u00e0 l\u2019acc\u00e8s des industriels \u00e0 l\u2019\u00e9lectricit\u00e9 de sources renouvelables. Selon un communiqu\u00e9 du D\u00e9partement du chef du gouvernement, cette convention s\u2019inscrit dans le &hellip;<\/p>\n","protected":false},"author":2,"featured_media":2735,"comment_status":"open","ping_status":"open","sticky":false,"template":"","format":"standard","meta":{"footnotes":""},"categories":[26],"tags":[],"class_list":["post-2734","post","type-post","status-publish","format-standard","has-post-thumbnail","hentry","category-politiques"],"yoast_head":"<!-- This site is optimized with the Yoast SEO plugin v27.5 - https:\/\/yoast.com\/product\/yoast-seo-wordpress\/ -->\n<title>Signature \u00e0 Rabat d\u2019une convention relative \u00e0 l\u2019acc\u00e8s des industriels \u00e0 l\u2019\u00e9lectricit\u00e9 de sources renouvelables - Dpress.ma\/fr<\/title>\n<meta name=\"description\" content=\"Le chef du gouvernement Aziz Akhannouch a pr\u00e9sid\u00e9, jeudi \u00e0 Rabat, la c\u00e9r\u00e9monie de signature d\u2019une convention entre le gouvernement et l\u2019Office national de l\u2019\u00e9lectricit\u00e9 et de l\u2019eau potable (ONEE) relative \u00e0 l\u2019acc\u00e8s des industriels \u00e0 l\u2019\u00e9lectricit\u00e9 de sources renouvelables.\" \/>\n<meta name=\"robots\" content=\"index, follow, max-snippet:-1, max-image-preview:large, max-video-preview:-1\" \/>\n<link rel=\"canonical\" href=\"https:\/\/dpress.ma\/fr\/2022\/12\/02\/signature-a-rabat-dune-convention-relative-a-lacces-des-industriels-a-lelectricite-de-sources-renouvelables\/\" \/>\n<meta property=\"og:locale\" content=\"fr_FR\" \/>\n<meta property=\"og:type\" content=\"article\" \/>\n<meta property=\"og:title\" content=\"Signature \u00e0 Rabat d\u2019une convention relative \u00e0 l\u2019acc\u00e8s des industriels \u00e0 l\u2019\u00e9lectricit\u00e9 de sources renouvelables - Dpress.ma\/fr\" \/>\n<meta property=\"og:description\" content=\"Le chef du gouvernement Aziz Akhannouch a pr\u00e9sid\u00e9, jeudi \u00e0 Rabat, la c\u00e9r\u00e9monie de signature d\u2019une convention entre le gouvernement et l\u2019Office national de l\u2019\u00e9lectricit\u00e9 et de l\u2019eau potable (ONEE) relative \u00e0 l\u2019acc\u00e8s des industriels \u00e0 l\u2019\u00e9lectricit\u00e9 de sources renouvelables.\" \/>\n<meta property=\"og:url\" content=\"https:\/\/dpress.ma\/fr\/2022\/12\/02\/signature-a-rabat-dune-convention-relative-a-lacces-des-industriels-a-lelectricite-de-sources-renouvelables\/\" \/>\n<meta property=\"og:site_name\" content=\"Dpress.ma\/fr\" \/>\n<meta property=\"article:published_time\" content=\"2022-12-02T09:40:41+00:00\" \/>\n<meta property=\"article:modified_time\" content=\"2022-12-02T09:40:42+00:00\" \/>\n<meta property=\"og:image\" content=\"https:\/\/dpress.ma\/fr\/wp-content\/uploads\/sites\/2\/2022\/12\/dimensions2-7.jpg\" \/>\n\t<meta property=\"og:image:width\" content=\"2539\" \/>\n\t<meta property=\"og:image:height\" content=\"1594\" \/>\n\t<meta property=\"og:image:type\" content=\"image\/jpeg\" \/>\n<meta name=\"author\" content=\"Dpress.ma\" \/>\n<meta name=\"twitter:card\" content=\"summary_large_image\" \/>\n<meta name=\"twitter:label1\" content=\"\u00c9crit par\" \/>\n\t<meta name=\"twitter:data1\" content=\"Dpress.ma\" \/>\n\t<meta name=\"twitter:label2\" content=\"Dur\u00e9e de lecture estim\u00e9e\" \/>\n\t<meta name=\"twitter:data2\" content=\"2 minutes\" \/>\n<script type=\"application\/ld+json\" class=\"yoast-schema-graph\">{\"@context\":\"https:\\\/\\\/schema.org\",\"@graph\":[{\"@type\":\"Article\",\"@id\":\"https:\\\/\\\/dpress.ma\\\/fr\\\/2022\\\/12\\\/02\\\/signature-a-rabat-dune-convention-relative-a-lacces-des-industriels-a-lelectricite-de-sources-renouvelables\\\/#article\",\"isPartOf\":{\"@id\":\"https:\\\/\\\/dpress.ma\\\/fr\\\/2022\\\/12\\\/02\\\/signature-a-rabat-dune-convention-relative-a-lacces-des-industriels-a-lelectricite-de-sources-renouvelables\\\/\"},\"author\":{\"name\":\"Dpress.ma\",\"@id\":\"https:\\\/\\\/dpress.ma\\\/fr\\\/#\\\/schema\\\/person\\\/4898febf3ccd59e6578d838656a306a0\"},\"headline\":\"Signature \u00e0 Rabat d\u2019une convention relative \u00e0 l\u2019acc\u00e8s des industriels \u00e0 l\u2019\u00e9lectricit\u00e9 de sources renouvelables\",\"datePublished\":\"2022-12-02T09:40:41+00:00\",\"dateModified\":\"2022-12-02T09:40:42+00:00\",\"mainEntityOfPage\":{\"@id\":\"https:\\\/\\\/dpress.ma\\\/fr\\\/2022\\\/12\\\/02\\\/signature-a-rabat-dune-convention-relative-a-lacces-des-industriels-a-lelectricite-de-sources-renouvelables\\\/\"},\"wordCount\":383,\"commentCount\":0,\"image\":{\"@id\":\"https:\\\/\\\/dpress.ma\\\/fr\\\/2022\\\/12\\\/02\\\/signature-a-rabat-dune-convention-relative-a-lacces-des-industriels-a-lelectricite-de-sources-renouvelables\\\/#primaryimage\"},\"thumbnailUrl\":\"https:\\\/\\\/dpress.ma\\\/fr\\\/wp-content\\\/uploads\\\/sites\\\/2\\\/2022\\\/12\\\/dimensions2-7.jpg\",\"articleSection\":[\"Politiques\"],\"inLanguage\":\"fr-FR\",\"potentialAction\":[{\"@type\":\"CommentAction\",\"name\":\"Comment\",\"target\":[\"https:\\\/\\\/dpress.ma\\\/fr\\\/2022\\\/12\\\/02\\\/signature-a-rabat-dune-convention-relative-a-lacces-des-industriels-a-lelectricite-de-sources-renouvelables\\\/#respond\"]}]},{\"@type\":\"WebPage\",\"@id\":\"https:\\\/\\\/dpress.ma\\\/fr\\\/2022\\\/12\\\/02\\\/signature-a-rabat-dune-convention-relative-a-lacces-des-industriels-a-lelectricite-de-sources-renouvelables\\\/\",\"url\":\"https:\\\/\\\/dpress.ma\\\/fr\\\/2022\\\/12\\\/02\\\/signature-a-rabat-dune-convention-relative-a-lacces-des-industriels-a-lelectricite-de-sources-renouvelables\\\/\",\"name\":\"Signature \u00e0 Rabat d\u2019une convention relative \u00e0 l\u2019acc\u00e8s des industriels \u00e0 l\u2019\u00e9lectricit\u00e9 de sources renouvelables - Dpress.ma\\\/fr\",\"isPartOf\":{\"@id\":\"https:\\\/\\\/dpress.ma\\\/fr\\\/#website\"},\"primaryImageOfPage\":{\"@id\":\"https:\\\/\\\/dpress.ma\\\/fr\\\/2022\\\/12\\\/02\\\/signature-a-rabat-dune-convention-relative-a-lacces-des-industriels-a-lelectricite-de-sources-renouvelables\\\/#primaryimage\"},\"image\":{\"@id\":\"https:\\\/\\\/dpress.ma\\\/fr\\\/2022\\\/12\\\/02\\\/signature-a-rabat-dune-convention-relative-a-lacces-des-industriels-a-lelectricite-de-sources-renouvelables\\\/#primaryimage\"},\"thumbnailUrl\":\"https:\\\/\\\/dpress.ma\\\/fr\\\/wp-content\\\/uploads\\\/sites\\\/2\\\/2022\\\/12\\\/dimensions2-7.jpg\",\"datePublished\":\"2022-12-02T09:40:41+00:00\",\"dateModified\":\"2022-12-02T09:40:42+00:00\",\"author\":{\"@id\":\"https:\\\/\\\/dpress.ma\\\/fr\\\/#\\\/schema\\\/person\\\/4898febf3ccd59e6578d838656a306a0\"},\"description\":\"Le chef du gouvernement Aziz Akhannouch a pr\u00e9sid\u00e9, jeudi \u00e0 Rabat, la c\u00e9r\u00e9monie de signature d\u2019une convention entre le gouvernement et l\u2019Office national de l\u2019\u00e9lectricit\u00e9 et de l\u2019eau potable (ONEE) relative \u00e0 l\u2019acc\u00e8s des industriels \u00e0 l\u2019\u00e9lectricit\u00e9 de sources renouvelables.\",\"breadcrumb\":{\"@id\":\"https:\\\/\\\/dpress.ma\\\/fr\\\/2022\\\/12\\\/02\\\/signature-a-rabat-dune-convention-relative-a-lacces-des-industriels-a-lelectricite-de-sources-renouvelables\\\/#breadcrumb\"},\"inLanguage\":\"fr-FR\",\"potentialAction\":[{\"@type\":\"ReadAction\",\"target\":[\"https:\\\/\\\/dpress.ma\\\/fr\\\/2022\\\/12\\\/02\\\/signature-a-rabat-dune-convention-relative-a-lacces-des-industriels-a-lelectricite-de-sources-renouvelables\\\/\"]}]},{\"@type\":\"ImageObject\",\"inLanguage\":\"fr-FR\",\"@id\":\"https:\\\/\\\/dpress.ma\\\/fr\\\/2022\\\/12\\\/02\\\/signature-a-rabat-dune-convention-relative-a-lacces-des-industriels-a-lelectricite-de-sources-renouvelables\\\/#primaryimage\",\"url\":\"https:\\\/\\\/dpress.ma\\\/fr\\\/wp-content\\\/uploads\\\/sites\\\/2\\\/2022\\\/12\\\/dimensions2-7.jpg\",\"contentUrl\":\"https:\\\/\\\/dpress.ma\\\/fr\\\/wp-content\\\/uploads\\\/sites\\\/2\\\/2022\\\/12\\\/dimensions2-7.jpg\",\"width\":2539,\"height\":1594},{\"@type\":\"BreadcrumbList\",\"@id\":\"https:\\\/\\\/dpress.ma\\\/fr\\\/2022\\\/12\\\/02\\\/signature-a-rabat-dune-convention-relative-a-lacces-des-industriels-a-lelectricite-de-sources-renouvelables\\\/#breadcrumb\",\"itemListElement\":[{\"@type\":\"ListItem\",\"position\":1,\"name\":\"Home\",\"item\":\"https:\\\/\\\/dpress.ma\\\/fr\\\/\"},{\"@type\":\"ListItem\",\"position\":2,\"name\":\"Signature \u00e0 Rabat d\u2019une convention relative \u00e0 l\u2019acc\u00e8s des industriels \u00e0 l\u2019\u00e9lectricit\u00e9 de sources renouvelables\"}]},{\"@type\":\"WebSite\",\"@id\":\"https:\\\/\\\/dpress.ma\\\/fr\\\/#website\",\"url\":\"https:\\\/\\\/dpress.ma\\\/fr\\\/\",\"name\":\"Dpress.ma\\\/fr\",\"description\":\"\",\"potentialAction\":[{\"@type\":\"SearchAction\",\"target\":{\"@type\":\"EntryPoint\",\"urlTemplate\":\"https:\\\/\\\/dpress.ma\\\/fr\\\/?s={search_term_string}\"},\"query-input\":{\"@type\":\"PropertyValueSpecification\",\"valueRequired\":true,\"valueName\":\"search_term_string\"}}],\"inLanguage\":\"fr-FR\"},{\"@type\":\"Person\",\"@id\":\"https:\\\/\\\/dpress.ma\\\/fr\\\/#\\\/schema\\\/person\\\/4898febf3ccd59e6578d838656a306a0\",\"name\":\"Dpress.ma\",\"image\":{\"@type\":\"ImageObject\",\"inLanguage\":\"fr-FR\",\"@id\":\"https:\\\/\\\/secure.gravatar.com\\\/avatar\\\/72ecc30e9db047a2e0e7176561eb9d564ed77c8108376495b19bd8336405198a?s=96&d=mm&r=g\",\"url\":\"https:\\\/\\\/secure.gravatar.com\\\/avatar\\\/72ecc30e9db047a2e0e7176561eb9d564ed77c8108376495b19bd8336405198a?s=96&d=mm&r=g\",\"contentUrl\":\"https:\\\/\\\/secure.gravatar.com\\\/avatar\\\/72ecc30e9db047a2e0e7176561eb9d564ed77c8108376495b19bd8336405198a?s=96&d=mm&r=g\",\"caption\":\"Dpress.ma\"},\"sameAs\":[\"https:\\\/\\\/www.dpress.ma\"],\"url\":\"https:\\\/\\\/dpress.ma\\\/fr\\\/author\\\/dpress-ma\\\/\"}]}<\/script>\n<!-- \/ Yoast SEO plugin. -->","yoast_head_json":{"title":"Signature \u00e0 Rabat d\u2019une convention relative \u00e0 l\u2019acc\u00e8s des industriels \u00e0 l\u2019\u00e9lectricit\u00e9 de sources renouvelables - Dpress.ma\/fr","description":"Le chef du gouvernement Aziz Akhannouch a pr\u00e9sid\u00e9, jeudi \u00e0 Rabat, la c\u00e9r\u00e9monie de signature d\u2019une convention entre le gouvernement et l\u2019Office national de l\u2019\u00e9lectricit\u00e9 et de l\u2019eau potable (ONEE) relative \u00e0 l\u2019acc\u00e8s des industriels \u00e0 l\u2019\u00e9lectricit\u00e9 de sources renouvelables.","robots":{"index":"index","follow":"follow","max-snippet":"max-snippet:-1","max-image-preview":"max-image-preview:large","max-video-preview":"max-video-preview:-1"},"canonical":"https:\/\/dpress.ma\/fr\/2022\/12\/02\/signature-a-rabat-dune-convention-relative-a-lacces-des-industriels-a-lelectricite-de-sources-renouvelables\/","og_locale":"fr_FR","og_type":"article","og_title":"Signature \u00e0 Rabat d\u2019une convention relative \u00e0 l\u2019acc\u00e8s des industriels \u00e0 l\u2019\u00e9lectricit\u00e9 de sources renouvelables - Dpress.ma\/fr","og_description":"Le chef du gouvernement Aziz Akhannouch a pr\u00e9sid\u00e9, jeudi \u00e0 Rabat, la c\u00e9r\u00e9monie de signature d\u2019une convention entre le gouvernement et l\u2019Office national de l\u2019\u00e9lectricit\u00e9 et de l\u2019eau potable (ONEE) relative \u00e0 l\u2019acc\u00e8s des industriels \u00e0 l\u2019\u00e9lectricit\u00e9 de sources renouvelables.","og_url":"https:\/\/dpress.ma\/fr\/2022\/12\/02\/signature-a-rabat-dune-convention-relative-a-lacces-des-industriels-a-lelectricite-de-sources-renouvelables\/","og_site_name":"Dpress.ma\/fr","article_published_time":"2022-12-02T09:40:41+00:00","article_modified_time":"2022-12-02T09:40:42+00:00","og_image":[{"width":2539,"height":1594,"url":"https:\/\/dpress.ma\/fr\/wp-content\/uploads\/sites\/2\/2022\/12\/dimensions2-7.jpg","type":"image\/jpeg"}],"author":"Dpress.ma","twitter_card":"summary_large_image","twitter_misc":{"\u00c9crit par":"Dpress.ma","Dur\u00e9e de lecture estim\u00e9e":"2 minutes"},"schema":{"@context":"https:\/\/schema.org","@graph":[{"@type":"Article","@id":"https:\/\/dpress.ma\/fr\/2022\/12\/02\/signature-a-rabat-dune-convention-relative-a-lacces-des-industriels-a-lelectricite-de-sources-renouvelables\/#article","isPartOf":{"@id":"https:\/\/dpress.ma\/fr\/2022\/12\/02\/signature-a-rabat-dune-convention-relative-a-lacces-des-industriels-a-lelectricite-de-sources-renouvelables\/"},"author":{"name":"Dpress.ma","@id":"https:\/\/dpress.ma\/fr\/#\/schema\/person\/4898febf3ccd59e6578d838656a306a0"},"headline":"Signature \u00e0 Rabat d\u2019une convention relative \u00e0 l\u2019acc\u00e8s des industriels \u00e0 l\u2019\u00e9lectricit\u00e9 de sources renouvelables","datePublished":"2022-12-02T09:40:41+00:00","dateModified":"2022-12-02T09:40:42+00:00","mainEntityOfPage":{"@id":"https:\/\/dpress.ma\/fr\/2022\/12\/02\/signature-a-rabat-dune-convention-relative-a-lacces-des-industriels-a-lelectricite-de-sources-renouvelables\/"},"wordCount":383,"commentCount":0,"image":{"@id":"https:\/\/dpress.ma\/fr\/2022\/12\/02\/signature-a-rabat-dune-convention-relative-a-lacces-des-industriels-a-lelectricite-de-sources-renouvelables\/#primaryimage"},"thumbnailUrl":"https:\/\/dpress.ma\/fr\/wp-content\/uploads\/sites\/2\/2022\/12\/dimensions2-7.jpg","articleSection":["Politiques"],"inLanguage":"fr-FR","potentialAction":[{"@type":"CommentAction","name":"Comment","target":["https:\/\/dpress.ma\/fr\/2022\/12\/02\/signature-a-rabat-dune-convention-relative-a-lacces-des-industriels-a-lelectricite-de-sources-renouvelables\/#respond"]}]},{"@type":"WebPage","@id":"https:\/\/dpress.ma\/fr\/2022\/12\/02\/signature-a-rabat-dune-convention-relative-a-lacces-des-industriels-a-lelectricite-de-sources-renouvelables\/","url":"https:\/\/dpress.ma\/fr\/2022\/12\/02\/signature-a-rabat-dune-convention-relative-a-lacces-des-industriels-a-lelectricite-de-sources-renouvelables\/","name":"Signature \u00e0 Rabat d\u2019une convention relative \u00e0 l\u2019acc\u00e8s des industriels \u00e0 l\u2019\u00e9lectricit\u00e9 de sources renouvelables - Dpress.ma\/fr","isPartOf":{"@id":"https:\/\/dpress.ma\/fr\/#website"},"primaryImageOfPage":{"@id":"https:\/\/dpress.ma\/fr\/2022\/12\/02\/signature-a-rabat-dune-convention-relative-a-lacces-des-industriels-a-lelectricite-de-sources-renouvelables\/#primaryimage"},"image":{"@id":"https:\/\/dpress.ma\/fr\/2022\/12\/02\/signature-a-rabat-dune-convention-relative-a-lacces-des-industriels-a-lelectricite-de-sources-renouvelables\/#primaryimage"},"thumbnailUrl":"https:\/\/dpress.ma\/fr\/wp-content\/uploads\/sites\/2\/2022\/12\/dimensions2-7.jpg","datePublished":"2022-12-02T09:40:41+00:00","dateModified":"2022-12-02T09:40:42+00:00","author":{"@id":"https:\/\/dpress.ma\/fr\/#\/schema\/person\/4898febf3ccd59e6578d838656a306a0"},"description":"Le chef du gouvernement Aziz Akhannouch a pr\u00e9sid\u00e9, jeudi \u00e0 Rabat, la c\u00e9r\u00e9monie de signature d\u2019une convention entre le gouvernement et l\u2019Office national de l\u2019\u00e9lectricit\u00e9 et de l\u2019eau potable (ONEE) relative \u00e0 l\u2019acc\u00e8s des industriels \u00e0 l\u2019\u00e9lectricit\u00e9 de sources renouvelables.","breadcrumb":{"@id":"https:\/\/dpress.ma\/fr\/2022\/12\/02\/signature-a-rabat-dune-convention-relative-a-lacces-des-industriels-a-lelectricite-de-sources-renouvelables\/#breadcrumb"},"inLanguage":"fr-FR","potentialAction":[{"@type":"ReadAction","target":["https:\/\/dpress.ma\/fr\/2022\/12\/02\/signature-a-rabat-dune-convention-relative-a-lacces-des-industriels-a-lelectricite-de-sources-renouvelables\/"]}]},{"@type":"ImageObject","inLanguage":"fr-FR","@id":"https:\/\/dpress.ma\/fr\/2022\/12\/02\/signature-a-rabat-dune-convention-relative-a-lacces-des-industriels-a-lelectricite-de-sources-renouvelables\/#primaryimage","url":"https:\/\/dpress.ma\/fr\/wp-content\/uploads\/sites\/2\/2022\/12\/dimensions2-7.jpg","contentUrl":"https:\/\/dpress.ma\/fr\/wp-content\/uploads\/sites\/2\/2022\/12\/dimensions2-7.jpg","width":2539,"height":1594},{"@type":"BreadcrumbList","@id":"https:\/\/dpress.ma\/fr\/2022\/12\/02\/signature-a-rabat-dune-convention-relative-a-lacces-des-industriels-a-lelectricite-de-sources-renouvelables\/#breadcrumb","itemListElement":[{"@type":"ListItem","position":1,"name":"Home","item":"https:\/\/dpress.ma\/fr\/"},{"@type":"ListItem","position":2,"name":"Signature \u00e0 Rabat d\u2019une convention relative \u00e0 l\u2019acc\u00e8s des industriels \u00e0 l\u2019\u00e9lectricit\u00e9 de sources renouvelables"}]},{"@type":"WebSite","@id":"https:\/\/dpress.ma\/fr\/#website","url":"https:\/\/dpress.ma\/fr\/","name":"Dpress.ma\/fr","description":"","potentialAction":[{"@type":"SearchAction","target":{"@type":"EntryPoint","urlTemplate":"https:\/\/dpress.ma\/fr\/?s={search_term_string}"},"query-input":{"@type":"PropertyValueSpecification","valueRequired":true,"valueName":"search_term_string"}}],"inLanguage":"fr-FR"},{"@type":"Person","@id":"https:\/\/dpress.ma\/fr\/#\/schema\/person\/4898febf3ccd59e6578d838656a306a0","name":"Dpress.ma","image":{"@type":"ImageObject","inLanguage":"fr-FR","@id":"https:\/\/secure.gravatar.com\/avatar\/72ecc30e9db047a2e0e7176561eb9d564ed77c8108376495b19bd8336405198a?s=96&d=mm&r=g","url":"https:\/\/secure.gravatar.com\/avatar\/72ecc30e9db047a2e0e7176561eb9d564ed77c8108376495b19bd8336405198a?s=96&d=mm&r=g","contentUrl":"https:\/\/secure.gravatar.com\/avatar\/72ecc30e9db047a2e0e7176561eb9d564ed77c8108376495b19bd8336405198a?s=96&d=mm&r=g","caption":"Dpress.ma"},"sameAs":["https:\/\/www.dpress.ma"],"url":"https:\/\/dpress.ma\/fr\/author\/dpress-ma\/"}]}},"amp_enabled":true,"_links":{"self":[{"href":"https:\/\/dpress.ma\/fr\/wp-json\/wp\/v2\/posts\/2734","targetHints":{"allow":["GET"]}}],"collection":[{"href":"https:\/\/dpress.ma\/fr\/wp-json\/wp\/v2\/posts"}],"about":[{"href":"https:\/\/dpress.ma\/fr\/wp-json\/wp\/v2\/types\/post"}],"author":[{"embeddable":true,"href":"https:\/\/dpress.ma\/fr\/wp-json\/wp\/v2\/users\/2"}],"replies":[{"embeddable":true,"href":"https:\/\/dpress.ma\/fr\/wp-json\/wp\/v2\/comments?post=2734"}],"version-history":[{"count":1,"href":"https:\/\/dpress.ma\/fr\/wp-json\/wp\/v2\/posts\/2734\/revisions"}],"predecessor-version":[{"id":2736,"href":"https:\/\/dpress.ma\/fr\/wp-json\/wp\/v2\/posts\/2734\/revisions\/2736"}],"wp:featuredmedia":[{"embeddable":true,"href":"https:\/\/dpress.ma\/fr\/wp-json\/wp\/v2\/media\/2735"}],"wp:attachment":[{"href":"https:\/\/dpress.ma\/fr\/wp-json\/wp\/v2\/media?parent=2734"}],"wp:term":[{"taxonomy":"category","embeddable":true,"href":"https:\/\/dpress.ma\/fr\/wp-json\/wp\/v2\/categories?post=2734"},{"taxonomy":"post_tag","embeddable":true,"href":"https:\/\/dpress.ma\/fr\/wp-json\/wp\/v2\/tags?post=2734"}],"curies":[{"name":"wp","href":"https:\/\/api.w.org\/{rel}","templated":true}]}}