{"id":2719,"date":"2022-12-01T10:32:56","date_gmt":"2022-12-01T10:32:56","guid":{"rendered":"https:\/\/dpress.ma\/fr\/?p=2719"},"modified":"2022-12-01T10:32:58","modified_gmt":"2022-12-01T10:32:58","slug":"debat-a-rabat-sur-le-role-des-femmes-dans-la-transmission-du-patrimoine-culturel-immateriel","status":"publish","type":"post","link":"https:\/\/dpress.ma\/fr\/2022\/12\/01\/debat-a-rabat-sur-le-role-des-femmes-dans-la-transmission-du-patrimoine-culturel-immateriel\/","title":{"rendered":"D\u00e9bat \u00e0 Rabat sur le r\u00f4le des femmes dans la transmission du patrimoine culturel immat\u00e9riel"},"content":{"rendered":"\n<p>Dpress<\/p>\n\n\n\n<p>Le r\u00f4le de la femme dans la transmission du patrimoine culturel immat\u00e9riel a \u00e9t\u00e9 au centre d\u2019un d\u00e9bat organis\u00e9 mercredi \u00e0 Rabat \u00e0 l\u2019occasion de la 17\u00e8 session du Comit\u00e9 intergouvernemental de sauvegarde du patrimoine culturel immat\u00e9riel de l\u2019organisation des Nations unies pour l\u2019\u00e9ducation, la science et la culture (UNESCO).<\/p>\n\n\n\n<p>Intervenant \u00e0 cette occasion, le sous-directeur g\u00e9n\u00e9ral pour la culture de l\u2019UNESCO, Ernesto Ottone R, a relev\u00e9 que \u00ab&nbsp;les expressions du patrimoine culturel immat\u00e9riel portent et transmettent des connaissances et des normes li\u00e9es aux r\u00f4les et aux relations entre et au sein des groupes de genre dans une communaut\u00e9 \u00bb.<\/p>\n\n\n\n<p>Il a indiqu\u00e9, par ailleurs, que \u00ab l\u2019UNESCO a d\u00e9velopp\u00e9 diff\u00e9rents outils li\u00e9s \u00e0 la sensibilisation \u00e0 la dynamique de genre qui est essentielle dans la pratique, la transmission et la sauvegarde pour promouvoir une plus grande \u00e9galit\u00e9 de genre \u00e0 travers les pratiques du patrimoine vivant \u00bb.<\/p>\n\n\n\n<p>L\u2019UNESCO soutient \u00e9galement un certain nombre de projets dans ce but, a poursuivi M. Ottone R., citant comme exemple le Fonds accord\u00e9 \u00e0 un projet de sauvegarde des chants f\u00e9minins de Taroudant mis en \u0153uvre de 2017 \u00e0 2019 et qui vise \u00e0 inventorier la pratique du chant des jeunes femmes, form\u00e9es aux techniques d\u2019inventaire participatif.<\/p>\n\n\n\n<p>Pour sa part, l\u2019experte en patrimoine culturel immat\u00e9riel, Najima Thaythay Rhozali, qui a pr\u00e9sent\u00e9 une communication sur \u00ab la transmission du Conte au Maroc: pratiques ancestrales et perspectives \u00bb, a fait observer que \u00ab&nbsp;la femme a toujours \u00e9t\u00e9 la d\u00e9tentrice du patrimoine et du conte&nbsp;\u00bb. Elle a mis l\u2019accent sur le r\u00f4le de la Halka, la forme la plus ancienne de th\u00e9\u00e2tre traditionnel au Royaume, plaidant pour la pr\u00e9servation et la promotion de cette pratique, qui transmet le conte sur les grandes places publiques, notamment la place Jemaa el-Fna, Bad Sidi Abdelwahab, Bab Lamrissa, Bab el Had et bien d\u2019autres.<\/p>\n\n\n\n<p>De son c\u00f4t\u00e9, Naima Chikhaoui, mod\u00e9ratrice du d\u00e9bat et sp\u00e9cialiste en anthropologie, a soulign\u00e9 que le patrimoine vivant s\u2019exprime souvent dans les pratiques quotidiennes des communaut\u00e9s, notant que les femmes jouent souvent un r\u00f4le \u00ab important et central \u00bb dans la transmission de ce savoir aux nouvelles g\u00e9n\u00e9rations.<\/p>\n\n\n\n<p>Organis\u00e9 par le D\u00e9partement de l\u2019Artisanat, cet \u00e9v\u00e8nement parall\u00e8le a \u00e9t\u00e9 marqu\u00e9 par l\u2019intervention de plusieurs femmes, dirigeantes d\u2019associations, qui ont partag\u00e9 leurs exp\u00e9riences \u00e0 travers des t\u00e9moignages sur les nombreux efforts entrepris par les femmes marocaines dans diverses r\u00e9gions du Maroc, dans le souci de pr\u00e9server le patrimoine immat\u00e9riel marocain, \u00e0 travers des expos\u00e9s m\u00ealant faits historiques et images.<\/p>\n\n\n\n<p>Le coup d\u2019envoi des travaux de la 17\u00e8me session du Comit\u00e9 intergouvernemental de l\u2019UNESCO de sauvegarde du patrimoine culturel immat\u00e9riel a \u00e9t\u00e9 donn\u00e9 lundi \u00e0 Rabat, sous la pr\u00e9sidence du Maroc et avec la participation de ministres et de repr\u00e9sentants de la soci\u00e9t\u00e9 civile de 180 pays, ainsi que des responsables de l\u2019UNESCO.<\/p>\n\n\n\n<p>L\u2019ordre du jour de cette 17\u00e8me session pr\u00e9voit l\u2019examen de 24 rapports sur un \u00e9l\u00e9ment inscrit sur la Liste du patrimoine culturel immat\u00e9riel n\u00e9cessitant une sauvegarde urgente et de 42 rapports des \u00c9tats parties d\u2019Europe sur la mise en \u0153uvre de la Convention de 2003 et sur l\u2019\u00e9tat actuel des \u00e9l\u00e9ments inscrits sur la Liste repr\u00e9sentative.<\/p>\n","protected":false},"excerpt":{"rendered":"<p>Dpress Le r\u00f4le de la femme dans la transmission du patrimoine culturel immat\u00e9riel a \u00e9t\u00e9 au centre d\u2019un d\u00e9bat organis\u00e9 mercredi \u00e0 Rabat \u00e0 l\u2019occasion de la 17\u00e8 session du Comit\u00e9 intergouvernemental de sauvegarde du patrimoine culturel immat\u00e9riel de l\u2019organisation des Nations unies pour l\u2019\u00e9ducation, la science et la culture (UNESCO). Intervenant \u00e0 cette occasion, &hellip;<\/p>\n","protected":false},"author":2,"featured_media":2720,"comment_status":"open","ping_status":"open","sticky":false,"template":"","format":"standard","meta":{"footnotes":""},"categories":[31],"tags":[],"class_list":["post-2719","post","type-post","status-publish","format-standard","has-post-thumbnail","hentry","category-art-et-culture"],"yoast_head":"<!-- This site is optimized with the Yoast SEO plugin v27.5 - https:\/\/yoast.com\/product\/yoast-seo-wordpress\/ -->\n<title>D\u00e9bat \u00e0 Rabat sur le r\u00f4le des femmes dans la transmission du patrimoine culturel immat\u00e9riel - Dpress.ma\/fr<\/title>\n<meta name=\"description\" content=\"Le r\u00f4le de la femme dans la transmission du patrimoine culturel immat\u00e9riel a \u00e9t\u00e9 au centre d\u2019un d\u00e9bat organis\u00e9 mercredi \u00e0 Rabat \u00e0 l\u2019occasion de la 17\u00e8 session du Comit\u00e9 intergouvernemental de sauvegarde du patrimoine culturel immat\u00e9riel de l\u2019organisation des Nations unies pour l\u2019\u00e9ducation, la science et la culture (UNESCO).\" \/>\n<meta name=\"robots\" content=\"index, follow, max-snippet:-1, max-image-preview:large, max-video-preview:-1\" \/>\n<link rel=\"canonical\" href=\"https:\/\/dpress.ma\/fr\/2022\/12\/01\/debat-a-rabat-sur-le-role-des-femmes-dans-la-transmission-du-patrimoine-culturel-immateriel\/\" \/>\n<meta property=\"og:locale\" content=\"fr_FR\" \/>\n<meta property=\"og:type\" content=\"article\" \/>\n<meta property=\"og:title\" content=\"D\u00e9bat \u00e0 Rabat sur le r\u00f4le des femmes dans la transmission du patrimoine culturel immat\u00e9riel - Dpress.ma\/fr\" \/>\n<meta property=\"og:description\" content=\"Le r\u00f4le de la femme dans la transmission du patrimoine culturel immat\u00e9riel a \u00e9t\u00e9 au centre d\u2019un d\u00e9bat organis\u00e9 mercredi \u00e0 Rabat \u00e0 l\u2019occasion de la 17\u00e8 session du Comit\u00e9 intergouvernemental de sauvegarde du patrimoine culturel immat\u00e9riel de l\u2019organisation des Nations unies pour l\u2019\u00e9ducation, la science et la culture (UNESCO).\" \/>\n<meta property=\"og:url\" content=\"https:\/\/dpress.ma\/fr\/2022\/12\/01\/debat-a-rabat-sur-le-role-des-femmes-dans-la-transmission-du-patrimoine-culturel-immateriel\/\" \/>\n<meta property=\"og:site_name\" content=\"Dpress.ma\/fr\" \/>\n<meta property=\"article:published_time\" content=\"2022-12-01T10:32:56+00:00\" \/>\n<meta property=\"article:modified_time\" content=\"2022-12-01T10:32:58+00:00\" \/>\n<meta property=\"og:image\" content=\"https:\/\/dpress.ma\/fr\/wp-content\/uploads\/sites\/2\/2022\/12\/dimensions2-4.jpg\" \/>\n\t<meta property=\"og:image:width\" content=\"2539\" \/>\n\t<meta property=\"og:image:height\" content=\"1594\" \/>\n\t<meta property=\"og:image:type\" content=\"image\/jpeg\" \/>\n<meta name=\"author\" content=\"Dpress.ma\" \/>\n<meta name=\"twitter:card\" content=\"summary_large_image\" \/>\n<meta name=\"twitter:label1\" content=\"\u00c9crit par\" \/>\n\t<meta name=\"twitter:data1\" content=\"Dpress.ma\" \/>\n\t<meta name=\"twitter:label2\" content=\"Dur\u00e9e de lecture estim\u00e9e\" \/>\n\t<meta name=\"twitter:data2\" content=\"3 minutes\" \/>\n<script type=\"application\/ld+json\" class=\"yoast-schema-graph\">{\"@context\":\"https:\\\/\\\/schema.org\",\"@graph\":[{\"@type\":\"Article\",\"@id\":\"https:\\\/\\\/dpress.ma\\\/fr\\\/2022\\\/12\\\/01\\\/debat-a-rabat-sur-le-role-des-femmes-dans-la-transmission-du-patrimoine-culturel-immateriel\\\/#article\",\"isPartOf\":{\"@id\":\"https:\\\/\\\/dpress.ma\\\/fr\\\/2022\\\/12\\\/01\\\/debat-a-rabat-sur-le-role-des-femmes-dans-la-transmission-du-patrimoine-culturel-immateriel\\\/\"},\"author\":{\"name\":\"Dpress.ma\",\"@id\":\"https:\\\/\\\/dpress.ma\\\/fr\\\/#\\\/schema\\\/person\\\/4898febf3ccd59e6578d838656a306a0\"},\"headline\":\"D\u00e9bat \u00e0 Rabat sur le r\u00f4le des femmes dans la transmission du patrimoine culturel immat\u00e9riel\",\"datePublished\":\"2022-12-01T10:32:56+00:00\",\"dateModified\":\"2022-12-01T10:32:58+00:00\",\"mainEntityOfPage\":{\"@id\":\"https:\\\/\\\/dpress.ma\\\/fr\\\/2022\\\/12\\\/01\\\/debat-a-rabat-sur-le-role-des-femmes-dans-la-transmission-du-patrimoine-culturel-immateriel\\\/\"},\"wordCount\":586,\"commentCount\":0,\"image\":{\"@id\":\"https:\\\/\\\/dpress.ma\\\/fr\\\/2022\\\/12\\\/01\\\/debat-a-rabat-sur-le-role-des-femmes-dans-la-transmission-du-patrimoine-culturel-immateriel\\\/#primaryimage\"},\"thumbnailUrl\":\"https:\\\/\\\/dpress.ma\\\/fr\\\/wp-content\\\/uploads\\\/sites\\\/2\\\/2022\\\/12\\\/dimensions2-4.jpg\",\"articleSection\":[\"Art et Culture\"],\"inLanguage\":\"fr-FR\",\"potentialAction\":[{\"@type\":\"CommentAction\",\"name\":\"Comment\",\"target\":[\"https:\\\/\\\/dpress.ma\\\/fr\\\/2022\\\/12\\\/01\\\/debat-a-rabat-sur-le-role-des-femmes-dans-la-transmission-du-patrimoine-culturel-immateriel\\\/#respond\"]}]},{\"@type\":\"WebPage\",\"@id\":\"https:\\\/\\\/dpress.ma\\\/fr\\\/2022\\\/12\\\/01\\\/debat-a-rabat-sur-le-role-des-femmes-dans-la-transmission-du-patrimoine-culturel-immateriel\\\/\",\"url\":\"https:\\\/\\\/dpress.ma\\\/fr\\\/2022\\\/12\\\/01\\\/debat-a-rabat-sur-le-role-des-femmes-dans-la-transmission-du-patrimoine-culturel-immateriel\\\/\",\"name\":\"D\u00e9bat \u00e0 Rabat sur le r\u00f4le des femmes dans la transmission du patrimoine culturel immat\u00e9riel - Dpress.ma\\\/fr\",\"isPartOf\":{\"@id\":\"https:\\\/\\\/dpress.ma\\\/fr\\\/#website\"},\"primaryImageOfPage\":{\"@id\":\"https:\\\/\\\/dpress.ma\\\/fr\\\/2022\\\/12\\\/01\\\/debat-a-rabat-sur-le-role-des-femmes-dans-la-transmission-du-patrimoine-culturel-immateriel\\\/#primaryimage\"},\"image\":{\"@id\":\"https:\\\/\\\/dpress.ma\\\/fr\\\/2022\\\/12\\\/01\\\/debat-a-rabat-sur-le-role-des-femmes-dans-la-transmission-du-patrimoine-culturel-immateriel\\\/#primaryimage\"},\"thumbnailUrl\":\"https:\\\/\\\/dpress.ma\\\/fr\\\/wp-content\\\/uploads\\\/sites\\\/2\\\/2022\\\/12\\\/dimensions2-4.jpg\",\"datePublished\":\"2022-12-01T10:32:56+00:00\",\"dateModified\":\"2022-12-01T10:32:58+00:00\",\"author\":{\"@id\":\"https:\\\/\\\/dpress.ma\\\/fr\\\/#\\\/schema\\\/person\\\/4898febf3ccd59e6578d838656a306a0\"},\"description\":\"Le r\u00f4le de la femme dans la transmission du patrimoine culturel immat\u00e9riel a \u00e9t\u00e9 au centre d\u2019un d\u00e9bat organis\u00e9 mercredi \u00e0 Rabat \u00e0 l\u2019occasion de la 17\u00e8 session du Comit\u00e9 intergouvernemental de sauvegarde du patrimoine culturel immat\u00e9riel de l\u2019organisation des Nations unies pour l\u2019\u00e9ducation, la science et la culture (UNESCO).\",\"breadcrumb\":{\"@id\":\"https:\\\/\\\/dpress.ma\\\/fr\\\/2022\\\/12\\\/01\\\/debat-a-rabat-sur-le-role-des-femmes-dans-la-transmission-du-patrimoine-culturel-immateriel\\\/#breadcrumb\"},\"inLanguage\":\"fr-FR\",\"potentialAction\":[{\"@type\":\"ReadAction\",\"target\":[\"https:\\\/\\\/dpress.ma\\\/fr\\\/2022\\\/12\\\/01\\\/debat-a-rabat-sur-le-role-des-femmes-dans-la-transmission-du-patrimoine-culturel-immateriel\\\/\"]}]},{\"@type\":\"ImageObject\",\"inLanguage\":\"fr-FR\",\"@id\":\"https:\\\/\\\/dpress.ma\\\/fr\\\/2022\\\/12\\\/01\\\/debat-a-rabat-sur-le-role-des-femmes-dans-la-transmission-du-patrimoine-culturel-immateriel\\\/#primaryimage\",\"url\":\"https:\\\/\\\/dpress.ma\\\/fr\\\/wp-content\\\/uploads\\\/sites\\\/2\\\/2022\\\/12\\\/dimensions2-4.jpg\",\"contentUrl\":\"https:\\\/\\\/dpress.ma\\\/fr\\\/wp-content\\\/uploads\\\/sites\\\/2\\\/2022\\\/12\\\/dimensions2-4.jpg\",\"width\":2539,\"height\":1594},{\"@type\":\"BreadcrumbList\",\"@id\":\"https:\\\/\\\/dpress.ma\\\/fr\\\/2022\\\/12\\\/01\\\/debat-a-rabat-sur-le-role-des-femmes-dans-la-transmission-du-patrimoine-culturel-immateriel\\\/#breadcrumb\",\"itemListElement\":[{\"@type\":\"ListItem\",\"position\":1,\"name\":\"Home\",\"item\":\"https:\\\/\\\/dpress.ma\\\/fr\\\/\"},{\"@type\":\"ListItem\",\"position\":2,\"name\":\"D\u00e9bat \u00e0 Rabat sur le r\u00f4le des femmes dans la transmission du patrimoine culturel immat\u00e9riel\"}]},{\"@type\":\"WebSite\",\"@id\":\"https:\\\/\\\/dpress.ma\\\/fr\\\/#website\",\"url\":\"https:\\\/\\\/dpress.ma\\\/fr\\\/\",\"name\":\"Dpress.ma\\\/fr\",\"description\":\"\",\"potentialAction\":[{\"@type\":\"SearchAction\",\"target\":{\"@type\":\"EntryPoint\",\"urlTemplate\":\"https:\\\/\\\/dpress.ma\\\/fr\\\/?s={search_term_string}\"},\"query-input\":{\"@type\":\"PropertyValueSpecification\",\"valueRequired\":true,\"valueName\":\"search_term_string\"}}],\"inLanguage\":\"fr-FR\"},{\"@type\":\"Person\",\"@id\":\"https:\\\/\\\/dpress.ma\\\/fr\\\/#\\\/schema\\\/person\\\/4898febf3ccd59e6578d838656a306a0\",\"name\":\"Dpress.ma\",\"image\":{\"@type\":\"ImageObject\",\"inLanguage\":\"fr-FR\",\"@id\":\"https:\\\/\\\/secure.gravatar.com\\\/avatar\\\/72ecc30e9db047a2e0e7176561eb9d564ed77c8108376495b19bd8336405198a?s=96&d=mm&r=g\",\"url\":\"https:\\\/\\\/secure.gravatar.com\\\/avatar\\\/72ecc30e9db047a2e0e7176561eb9d564ed77c8108376495b19bd8336405198a?s=96&d=mm&r=g\",\"contentUrl\":\"https:\\\/\\\/secure.gravatar.com\\\/avatar\\\/72ecc30e9db047a2e0e7176561eb9d564ed77c8108376495b19bd8336405198a?s=96&d=mm&r=g\",\"caption\":\"Dpress.ma\"},\"sameAs\":[\"https:\\\/\\\/www.dpress.ma\"],\"url\":\"https:\\\/\\\/dpress.ma\\\/fr\\\/author\\\/dpress-ma\\\/\"}]}<\/script>\n<!-- \/ Yoast SEO plugin. -->","yoast_head_json":{"title":"D\u00e9bat \u00e0 Rabat sur le r\u00f4le des femmes dans la transmission du patrimoine culturel immat\u00e9riel - Dpress.ma\/fr","description":"Le r\u00f4le de la femme dans la transmission du patrimoine culturel immat\u00e9riel a \u00e9t\u00e9 au centre d\u2019un d\u00e9bat organis\u00e9 mercredi \u00e0 Rabat \u00e0 l\u2019occasion de la 17\u00e8 session du Comit\u00e9 intergouvernemental de sauvegarde du patrimoine culturel immat\u00e9riel de l\u2019organisation des Nations unies pour l\u2019\u00e9ducation, la science et la culture (UNESCO).","robots":{"index":"index","follow":"follow","max-snippet":"max-snippet:-1","max-image-preview":"max-image-preview:large","max-video-preview":"max-video-preview:-1"},"canonical":"https:\/\/dpress.ma\/fr\/2022\/12\/01\/debat-a-rabat-sur-le-role-des-femmes-dans-la-transmission-du-patrimoine-culturel-immateriel\/","og_locale":"fr_FR","og_type":"article","og_title":"D\u00e9bat \u00e0 Rabat sur le r\u00f4le des femmes dans la transmission du patrimoine culturel immat\u00e9riel - Dpress.ma\/fr","og_description":"Le r\u00f4le de la femme dans la transmission du patrimoine culturel immat\u00e9riel a \u00e9t\u00e9 au centre d\u2019un d\u00e9bat organis\u00e9 mercredi \u00e0 Rabat \u00e0 l\u2019occasion de la 17\u00e8 session du Comit\u00e9 intergouvernemental de sauvegarde du patrimoine culturel immat\u00e9riel de l\u2019organisation des Nations unies pour l\u2019\u00e9ducation, la science et la culture (UNESCO).","og_url":"https:\/\/dpress.ma\/fr\/2022\/12\/01\/debat-a-rabat-sur-le-role-des-femmes-dans-la-transmission-du-patrimoine-culturel-immateriel\/","og_site_name":"Dpress.ma\/fr","article_published_time":"2022-12-01T10:32:56+00:00","article_modified_time":"2022-12-01T10:32:58+00:00","og_image":[{"width":2539,"height":1594,"url":"https:\/\/dpress.ma\/fr\/wp-content\/uploads\/sites\/2\/2022\/12\/dimensions2-4.jpg","type":"image\/jpeg"}],"author":"Dpress.ma","twitter_card":"summary_large_image","twitter_misc":{"\u00c9crit par":"Dpress.ma","Dur\u00e9e de lecture estim\u00e9e":"3 minutes"},"schema":{"@context":"https:\/\/schema.org","@graph":[{"@type":"Article","@id":"https:\/\/dpress.ma\/fr\/2022\/12\/01\/debat-a-rabat-sur-le-role-des-femmes-dans-la-transmission-du-patrimoine-culturel-immateriel\/#article","isPartOf":{"@id":"https:\/\/dpress.ma\/fr\/2022\/12\/01\/debat-a-rabat-sur-le-role-des-femmes-dans-la-transmission-du-patrimoine-culturel-immateriel\/"},"author":{"name":"Dpress.ma","@id":"https:\/\/dpress.ma\/fr\/#\/schema\/person\/4898febf3ccd59e6578d838656a306a0"},"headline":"D\u00e9bat \u00e0 Rabat sur le r\u00f4le des femmes dans la transmission du patrimoine culturel immat\u00e9riel","datePublished":"2022-12-01T10:32:56+00:00","dateModified":"2022-12-01T10:32:58+00:00","mainEntityOfPage":{"@id":"https:\/\/dpress.ma\/fr\/2022\/12\/01\/debat-a-rabat-sur-le-role-des-femmes-dans-la-transmission-du-patrimoine-culturel-immateriel\/"},"wordCount":586,"commentCount":0,"image":{"@id":"https:\/\/dpress.ma\/fr\/2022\/12\/01\/debat-a-rabat-sur-le-role-des-femmes-dans-la-transmission-du-patrimoine-culturel-immateriel\/#primaryimage"},"thumbnailUrl":"https:\/\/dpress.ma\/fr\/wp-content\/uploads\/sites\/2\/2022\/12\/dimensions2-4.jpg","articleSection":["Art et Culture"],"inLanguage":"fr-FR","potentialAction":[{"@type":"CommentAction","name":"Comment","target":["https:\/\/dpress.ma\/fr\/2022\/12\/01\/debat-a-rabat-sur-le-role-des-femmes-dans-la-transmission-du-patrimoine-culturel-immateriel\/#respond"]}]},{"@type":"WebPage","@id":"https:\/\/dpress.ma\/fr\/2022\/12\/01\/debat-a-rabat-sur-le-role-des-femmes-dans-la-transmission-du-patrimoine-culturel-immateriel\/","url":"https:\/\/dpress.ma\/fr\/2022\/12\/01\/debat-a-rabat-sur-le-role-des-femmes-dans-la-transmission-du-patrimoine-culturel-immateriel\/","name":"D\u00e9bat \u00e0 Rabat sur le r\u00f4le des femmes dans la transmission du patrimoine culturel immat\u00e9riel - Dpress.ma\/fr","isPartOf":{"@id":"https:\/\/dpress.ma\/fr\/#website"},"primaryImageOfPage":{"@id":"https:\/\/dpress.ma\/fr\/2022\/12\/01\/debat-a-rabat-sur-le-role-des-femmes-dans-la-transmission-du-patrimoine-culturel-immateriel\/#primaryimage"},"image":{"@id":"https:\/\/dpress.ma\/fr\/2022\/12\/01\/debat-a-rabat-sur-le-role-des-femmes-dans-la-transmission-du-patrimoine-culturel-immateriel\/#primaryimage"},"thumbnailUrl":"https:\/\/dpress.ma\/fr\/wp-content\/uploads\/sites\/2\/2022\/12\/dimensions2-4.jpg","datePublished":"2022-12-01T10:32:56+00:00","dateModified":"2022-12-01T10:32:58+00:00","author":{"@id":"https:\/\/dpress.ma\/fr\/#\/schema\/person\/4898febf3ccd59e6578d838656a306a0"},"description":"Le r\u00f4le de la femme dans la transmission du patrimoine culturel immat\u00e9riel a \u00e9t\u00e9 au centre d\u2019un d\u00e9bat organis\u00e9 mercredi \u00e0 Rabat \u00e0 l\u2019occasion de la 17\u00e8 session du Comit\u00e9 intergouvernemental de sauvegarde du patrimoine culturel immat\u00e9riel de l\u2019organisation des Nations unies pour l\u2019\u00e9ducation, la science et la culture (UNESCO).","breadcrumb":{"@id":"https:\/\/dpress.ma\/fr\/2022\/12\/01\/debat-a-rabat-sur-le-role-des-femmes-dans-la-transmission-du-patrimoine-culturel-immateriel\/#breadcrumb"},"inLanguage":"fr-FR","potentialAction":[{"@type":"ReadAction","target":["https:\/\/dpress.ma\/fr\/2022\/12\/01\/debat-a-rabat-sur-le-role-des-femmes-dans-la-transmission-du-patrimoine-culturel-immateriel\/"]}]},{"@type":"ImageObject","inLanguage":"fr-FR","@id":"https:\/\/dpress.ma\/fr\/2022\/12\/01\/debat-a-rabat-sur-le-role-des-femmes-dans-la-transmission-du-patrimoine-culturel-immateriel\/#primaryimage","url":"https:\/\/dpress.ma\/fr\/wp-content\/uploads\/sites\/2\/2022\/12\/dimensions2-4.jpg","contentUrl":"https:\/\/dpress.ma\/fr\/wp-content\/uploads\/sites\/2\/2022\/12\/dimensions2-4.jpg","width":2539,"height":1594},{"@type":"BreadcrumbList","@id":"https:\/\/dpress.ma\/fr\/2022\/12\/01\/debat-a-rabat-sur-le-role-des-femmes-dans-la-transmission-du-patrimoine-culturel-immateriel\/#breadcrumb","itemListElement":[{"@type":"ListItem","position":1,"name":"Home","item":"https:\/\/dpress.ma\/fr\/"},{"@type":"ListItem","position":2,"name":"D\u00e9bat \u00e0 Rabat sur le r\u00f4le des femmes dans la transmission du patrimoine culturel immat\u00e9riel"}]},{"@type":"WebSite","@id":"https:\/\/dpress.ma\/fr\/#website","url":"https:\/\/dpress.ma\/fr\/","name":"Dpress.ma\/fr","description":"","potentialAction":[{"@type":"SearchAction","target":{"@type":"EntryPoint","urlTemplate":"https:\/\/dpress.ma\/fr\/?s={search_term_string}"},"query-input":{"@type":"PropertyValueSpecification","valueRequired":true,"valueName":"search_term_string"}}],"inLanguage":"fr-FR"},{"@type":"Person","@id":"https:\/\/dpress.ma\/fr\/#\/schema\/person\/4898febf3ccd59e6578d838656a306a0","name":"Dpress.ma","image":{"@type":"ImageObject","inLanguage":"fr-FR","@id":"https:\/\/secure.gravatar.com\/avatar\/72ecc30e9db047a2e0e7176561eb9d564ed77c8108376495b19bd8336405198a?s=96&d=mm&r=g","url":"https:\/\/secure.gravatar.com\/avatar\/72ecc30e9db047a2e0e7176561eb9d564ed77c8108376495b19bd8336405198a?s=96&d=mm&r=g","contentUrl":"https:\/\/secure.gravatar.com\/avatar\/72ecc30e9db047a2e0e7176561eb9d564ed77c8108376495b19bd8336405198a?s=96&d=mm&r=g","caption":"Dpress.ma"},"sameAs":["https:\/\/www.dpress.ma"],"url":"https:\/\/dpress.ma\/fr\/author\/dpress-ma\/"}]}},"amp_enabled":true,"_links":{"self":[{"href":"https:\/\/dpress.ma\/fr\/wp-json\/wp\/v2\/posts\/2719","targetHints":{"allow":["GET"]}}],"collection":[{"href":"https:\/\/dpress.ma\/fr\/wp-json\/wp\/v2\/posts"}],"about":[{"href":"https:\/\/dpress.ma\/fr\/wp-json\/wp\/v2\/types\/post"}],"author":[{"embeddable":true,"href":"https:\/\/dpress.ma\/fr\/wp-json\/wp\/v2\/users\/2"}],"replies":[{"embeddable":true,"href":"https:\/\/dpress.ma\/fr\/wp-json\/wp\/v2\/comments?post=2719"}],"version-history":[{"count":1,"href":"https:\/\/dpress.ma\/fr\/wp-json\/wp\/v2\/posts\/2719\/revisions"}],"predecessor-version":[{"id":2721,"href":"https:\/\/dpress.ma\/fr\/wp-json\/wp\/v2\/posts\/2719\/revisions\/2721"}],"wp:featuredmedia":[{"embeddable":true,"href":"https:\/\/dpress.ma\/fr\/wp-json\/wp\/v2\/media\/2720"}],"wp:attachment":[{"href":"https:\/\/dpress.ma\/fr\/wp-json\/wp\/v2\/media?parent=2719"}],"wp:term":[{"taxonomy":"category","embeddable":true,"href":"https:\/\/dpress.ma\/fr\/wp-json\/wp\/v2\/categories?post=2719"},{"taxonomy":"post_tag","embeddable":true,"href":"https:\/\/dpress.ma\/fr\/wp-json\/wp\/v2\/tags?post=2719"}],"curies":[{"name":"wp","href":"https:\/\/api.w.org\/{rel}","templated":true}]}}