{"id":2714,"date":"2022-12-01T10:16:31","date_gmt":"2022-12-01T10:16:31","guid":{"rendered":"https:\/\/dpress.ma\/fr\/?p=2714"},"modified":"2022-12-01T10:16:33","modified_gmt":"2022-12-01T10:16:33","slug":"une-exposition-a-rabat-celebre-le-caftan-marocain-dans-toute-sa-splendeur","status":"publish","type":"post","link":"https:\/\/dpress.ma\/fr\/2022\/12\/01\/une-exposition-a-rabat-celebre-le-caftan-marocain-dans-toute-sa-splendeur\/","title":{"rendered":"Une exposition \u00e0 Rabat c\u00e9l\u00e8bre le caftan marocain dans toute sa splendeur"},"content":{"rendered":"\n<p>Dpress<\/p>\n\n\n\n<p>La galerie Bab El K\u00e9bir aux Oudayas a abrit\u00e9, mardi soir, l&rsquo;inauguration d&rsquo;une exposition d\u00e9di\u00e9e au caftan marocain, en marge de la 17\u00e8me session du Comit\u00e9 intergouvernemental de l&rsquo;UNESCO pour la sauvegarde du patrimoine immat\u00e9riel, organis\u00e9e \u00e0 Rabat du 28 novembre au 3 d\u00e9cembre.<\/p>\n\n\n\n<p>Cette exposition r\u00e9unit une riche collection de caftans, port\u00e9s par les hommes et les femmes \u00e0 diverses occasions et confectionn\u00e9s par les doigts habiles des ma\u00e2lems de F\u00e8s, Mekn\u00e8s, Sefrou, Rabat, Sal\u00e9, Marrakech et l\u2019Oriental.<\/p>\n\n\n\n<p>L\u2019\u00e9v\u00e9nement a pour objectif de faire conna\u00eetre le caftan marocain qui fait partie int\u00e9grante du patrimoine immat\u00e9riel du Royaume et constitue un h\u00e9ritage culturel d\u2019un grand raffinement qui a pu, gr\u00e2ce au savoir-faire des artisans marocains, acc\u00e9der \u00e0 une notori\u00e9t\u00e9 internationale.<\/p>\n\n\n\n<p>Plus qu\u2019un habit traditionnel, le caftan est une belle illustration de la richesse culturelle et civilisationnelle du Royaume, puisque chacune des r\u00e9gions marocaines a su apporter son empreinte et sa propre mani\u00e8re de faire au niveau de la coupe, la broderie, l\u2019\u00e9toffe et les couleurs utilis\u00e9es.<\/p>\n\n\n\n<p>Parmi les variantes de caftan expos\u00e9es, figure \u00ab&nbsp;El Keswa El Kebira&nbsp;\u00bb port\u00e9e par les mari\u00e9es juives marocaines lors des c\u00e9r\u00e9monies de henn\u00e9. Cette tenue traditionnelle jud\u00e9o-marocaine est un ensemble compos\u00e9 de cinq pi\u00e8ces de velours, de soie et d\u2019or aux couleurs noir, rouge, violet, vert et bleu, soigneusement brod\u00e9es au fil d\u2019or par les ma\u00e2lems fassis. Des accessoires comme la couronne dor\u00e9e et la babouche traditionnelle (Cherbil) compl\u00e8tent le raffinement et le luxe de l\u2019ensemble.<\/p>\n\n\n\n<p>Le caftan makhz\u00e9nien, \u00e0 son tour, concentre des savoirs-faire authentiques et incarne l\u2019\u00e9l\u00e9gance \u00e0 la marocaine avec sa coupe longue et \u00e9vas\u00e9e, sa somptueuse ceinture brod\u00e9e (M\u2019damma) et les bijoux en or qui sont assortis \u00e0 cet habit de haute couture. Qu\u2019il soit pour hommes ou pour femmes, ce caftan est compos\u00e9 de deux pi\u00e8ces essentielles, la \u00ab&nbsp;Dfina&nbsp;\u00bb et la \u00ab&nbsp;Mansouria&nbsp;\u00bb, et orn\u00e9 de \u00ab&nbsp;Sfifa&nbsp;\u00bb brod\u00e9e au fil d\u2019or, d\u2019argent et de soie.<\/p>\n\n\n\n<p>L\u2019exposition met aussi \u00e0 l\u2019honneur les caftans de \u00ab&nbsp;Nta\u00e2&nbsp;\u00bb, une tenue de luxe confectionn\u00e9e \u00e0 partir de nobles tissus, notamment le velours vert royal orn\u00e9 de motifs d\u00e9coratifs tr\u00e8s diversifi\u00e9s r\u00e9alis\u00e9s au fil d\u2019or. Ce caftan est port\u00e9 par la mari\u00e9e, agr\u00e9ment\u00e9 d\u2019une ceinture dor\u00e9e et de bijoux traditionnels, lors de la c\u00e9r\u00e9monie du henn\u00e9 qui pr\u00e9c\u00e8de la f\u00eate de mariage.<\/p>\n\n\n\n<p>Quant au caftan \u00ab&nbsp;Khrib&nbsp;\u00bb, enti\u00e8rement en brocart, il se caract\u00e9rise par sa couleur jaune et par de nombreuses roses brod\u00e9es et constitue une composante essentielle de \u00ab&nbsp;Lebsa del Joher&nbsp;\u00bb ou \u00ab&nbsp;chedda fassia&nbsp;\u00bb, une tenue tout en perles port\u00e9e par la mari\u00e9e fassie.<\/p>\n\n\n\n<p>La c\u00e9r\u00e9monie d\u2019inauguration de l\u2019exposition s\u2019est d\u00e9roul\u00e9e en pr\u00e9sence du ministre de la Jeunesse, de la Culture et de la Communication, Mohamed Mehdi Bensaid, de l\u2019ambassadeur et repr\u00e9sentant permanent du Maroc aupr\u00e8s de l\u2019UNESCO, Samir Addahre et d\u2019ambassadeurs de pays membres de l\u2019UNESCO.<\/p>\n","protected":false},"excerpt":{"rendered":"<p>Dpress La galerie Bab El K\u00e9bir aux Oudayas a abrit\u00e9, mardi soir, l&rsquo;inauguration d&rsquo;une exposition d\u00e9di\u00e9e au caftan marocain, en marge de la 17\u00e8me session du Comit\u00e9 intergouvernemental de l&rsquo;UNESCO pour la sauvegarde du patrimoine immat\u00e9riel, organis\u00e9e \u00e0 Rabat du 28 novembre au 3 d\u00e9cembre. Cette exposition r\u00e9unit une riche collection de caftans, port\u00e9s par &hellip;<\/p>\n","protected":false},"author":2,"featured_media":2715,"comment_status":"open","ping_status":"open","sticky":false,"template":"","format":"standard","meta":{"footnotes":""},"categories":[31],"tags":[],"class_list":["post-2714","post","type-post","status-publish","format-standard","has-post-thumbnail","hentry","category-art-et-culture"],"yoast_head":"<!-- This site is optimized with the Yoast SEO plugin v27.5 - https:\/\/yoast.com\/product\/yoast-seo-wordpress\/ -->\n<title>Une exposition \u00e0 Rabat c\u00e9l\u00e8bre le caftan marocain dans toute sa splendeur - Dpress.ma\/fr<\/title>\n<meta name=\"description\" content=\"La galerie Bab El K\u00e9bir aux Oudayas a abrit\u00e9, mardi soir, l&#039;inauguration d&#039;une exposition d\u00e9di\u00e9e au caftan marocain, en marge de la 17\u00e8me session du Comit\u00e9 intergouvernemental de l&#039;UNESCO pour la sauvegarde du patrimoine immat\u00e9riel, organis\u00e9e \u00e0 Rabat du 28 novembre au 3 d\u00e9cembre.\" \/>\n<meta name=\"robots\" content=\"index, follow, max-snippet:-1, max-image-preview:large, max-video-preview:-1\" \/>\n<link rel=\"canonical\" href=\"https:\/\/dpress.ma\/fr\/2022\/12\/01\/une-exposition-a-rabat-celebre-le-caftan-marocain-dans-toute-sa-splendeur\/\" \/>\n<meta property=\"og:locale\" content=\"fr_FR\" \/>\n<meta property=\"og:type\" content=\"article\" \/>\n<meta property=\"og:title\" content=\"Une exposition \u00e0 Rabat c\u00e9l\u00e8bre le caftan marocain dans toute sa splendeur - Dpress.ma\/fr\" \/>\n<meta property=\"og:description\" content=\"La galerie Bab El K\u00e9bir aux Oudayas a abrit\u00e9, mardi soir, l&#039;inauguration d&#039;une exposition d\u00e9di\u00e9e au caftan marocain, en marge de la 17\u00e8me session du Comit\u00e9 intergouvernemental de l&#039;UNESCO pour la sauvegarde du patrimoine immat\u00e9riel, organis\u00e9e \u00e0 Rabat du 28 novembre au 3 d\u00e9cembre.\" \/>\n<meta property=\"og:url\" content=\"https:\/\/dpress.ma\/fr\/2022\/12\/01\/une-exposition-a-rabat-celebre-le-caftan-marocain-dans-toute-sa-splendeur\/\" \/>\n<meta property=\"og:site_name\" content=\"Dpress.ma\/fr\" \/>\n<meta property=\"article:published_time\" content=\"2022-12-01T10:16:31+00:00\" \/>\n<meta property=\"article:modified_time\" content=\"2022-12-01T10:16:33+00:00\" \/>\n<meta property=\"og:image\" content=\"https:\/\/dpress.ma\/fr\/wp-content\/uploads\/sites\/2\/2022\/12\/dimensions2-3.jpg\" \/>\n\t<meta property=\"og:image:width\" content=\"2539\" \/>\n\t<meta property=\"og:image:height\" content=\"1594\" \/>\n\t<meta property=\"og:image:type\" content=\"image\/jpeg\" \/>\n<meta name=\"author\" content=\"Dpress.ma\" \/>\n<meta name=\"twitter:card\" content=\"summary_large_image\" \/>\n<meta name=\"twitter:label1\" content=\"\u00c9crit par\" \/>\n\t<meta name=\"twitter:data1\" content=\"Dpress.ma\" \/>\n\t<meta name=\"twitter:label2\" content=\"Dur\u00e9e de lecture estim\u00e9e\" \/>\n\t<meta name=\"twitter:data2\" content=\"3 minutes\" \/>\n<script type=\"application\/ld+json\" class=\"yoast-schema-graph\">{\"@context\":\"https:\\\/\\\/schema.org\",\"@graph\":[{\"@type\":\"Article\",\"@id\":\"https:\\\/\\\/dpress.ma\\\/fr\\\/2022\\\/12\\\/01\\\/une-exposition-a-rabat-celebre-le-caftan-marocain-dans-toute-sa-splendeur\\\/#article\",\"isPartOf\":{\"@id\":\"https:\\\/\\\/dpress.ma\\\/fr\\\/2022\\\/12\\\/01\\\/une-exposition-a-rabat-celebre-le-caftan-marocain-dans-toute-sa-splendeur\\\/\"},\"author\":{\"name\":\"Dpress.ma\",\"@id\":\"https:\\\/\\\/dpress.ma\\\/fr\\\/#\\\/schema\\\/person\\\/4898febf3ccd59e6578d838656a306a0\"},\"headline\":\"Une exposition \u00e0 Rabat c\u00e9l\u00e8bre le caftan marocain dans toute sa splendeur\",\"datePublished\":\"2022-12-01T10:16:31+00:00\",\"dateModified\":\"2022-12-01T10:16:33+00:00\",\"mainEntityOfPage\":{\"@id\":\"https:\\\/\\\/dpress.ma\\\/fr\\\/2022\\\/12\\\/01\\\/une-exposition-a-rabat-celebre-le-caftan-marocain-dans-toute-sa-splendeur\\\/\"},\"wordCount\":570,\"commentCount\":0,\"image\":{\"@id\":\"https:\\\/\\\/dpress.ma\\\/fr\\\/2022\\\/12\\\/01\\\/une-exposition-a-rabat-celebre-le-caftan-marocain-dans-toute-sa-splendeur\\\/#primaryimage\"},\"thumbnailUrl\":\"https:\\\/\\\/dpress.ma\\\/fr\\\/wp-content\\\/uploads\\\/sites\\\/2\\\/2022\\\/12\\\/dimensions2-3.jpg\",\"articleSection\":[\"Art et Culture\"],\"inLanguage\":\"fr-FR\",\"potentialAction\":[{\"@type\":\"CommentAction\",\"name\":\"Comment\",\"target\":[\"https:\\\/\\\/dpress.ma\\\/fr\\\/2022\\\/12\\\/01\\\/une-exposition-a-rabat-celebre-le-caftan-marocain-dans-toute-sa-splendeur\\\/#respond\"]}]},{\"@type\":\"WebPage\",\"@id\":\"https:\\\/\\\/dpress.ma\\\/fr\\\/2022\\\/12\\\/01\\\/une-exposition-a-rabat-celebre-le-caftan-marocain-dans-toute-sa-splendeur\\\/\",\"url\":\"https:\\\/\\\/dpress.ma\\\/fr\\\/2022\\\/12\\\/01\\\/une-exposition-a-rabat-celebre-le-caftan-marocain-dans-toute-sa-splendeur\\\/\",\"name\":\"Une exposition \u00e0 Rabat c\u00e9l\u00e8bre le caftan marocain dans toute sa splendeur - Dpress.ma\\\/fr\",\"isPartOf\":{\"@id\":\"https:\\\/\\\/dpress.ma\\\/fr\\\/#website\"},\"primaryImageOfPage\":{\"@id\":\"https:\\\/\\\/dpress.ma\\\/fr\\\/2022\\\/12\\\/01\\\/une-exposition-a-rabat-celebre-le-caftan-marocain-dans-toute-sa-splendeur\\\/#primaryimage\"},\"image\":{\"@id\":\"https:\\\/\\\/dpress.ma\\\/fr\\\/2022\\\/12\\\/01\\\/une-exposition-a-rabat-celebre-le-caftan-marocain-dans-toute-sa-splendeur\\\/#primaryimage\"},\"thumbnailUrl\":\"https:\\\/\\\/dpress.ma\\\/fr\\\/wp-content\\\/uploads\\\/sites\\\/2\\\/2022\\\/12\\\/dimensions2-3.jpg\",\"datePublished\":\"2022-12-01T10:16:31+00:00\",\"dateModified\":\"2022-12-01T10:16:33+00:00\",\"author\":{\"@id\":\"https:\\\/\\\/dpress.ma\\\/fr\\\/#\\\/schema\\\/person\\\/4898febf3ccd59e6578d838656a306a0\"},\"description\":\"La galerie Bab El K\u00e9bir aux Oudayas a abrit\u00e9, mardi soir, l'inauguration d'une exposition d\u00e9di\u00e9e au caftan marocain, en marge de la 17\u00e8me session du Comit\u00e9 intergouvernemental de l'UNESCO pour la sauvegarde du patrimoine immat\u00e9riel, organis\u00e9e \u00e0 Rabat du 28 novembre au 3 d\u00e9cembre.\",\"breadcrumb\":{\"@id\":\"https:\\\/\\\/dpress.ma\\\/fr\\\/2022\\\/12\\\/01\\\/une-exposition-a-rabat-celebre-le-caftan-marocain-dans-toute-sa-splendeur\\\/#breadcrumb\"},\"inLanguage\":\"fr-FR\",\"potentialAction\":[{\"@type\":\"ReadAction\",\"target\":[\"https:\\\/\\\/dpress.ma\\\/fr\\\/2022\\\/12\\\/01\\\/une-exposition-a-rabat-celebre-le-caftan-marocain-dans-toute-sa-splendeur\\\/\"]}]},{\"@type\":\"ImageObject\",\"inLanguage\":\"fr-FR\",\"@id\":\"https:\\\/\\\/dpress.ma\\\/fr\\\/2022\\\/12\\\/01\\\/une-exposition-a-rabat-celebre-le-caftan-marocain-dans-toute-sa-splendeur\\\/#primaryimage\",\"url\":\"https:\\\/\\\/dpress.ma\\\/fr\\\/wp-content\\\/uploads\\\/sites\\\/2\\\/2022\\\/12\\\/dimensions2-3.jpg\",\"contentUrl\":\"https:\\\/\\\/dpress.ma\\\/fr\\\/wp-content\\\/uploads\\\/sites\\\/2\\\/2022\\\/12\\\/dimensions2-3.jpg\",\"width\":2539,\"height\":1594},{\"@type\":\"BreadcrumbList\",\"@id\":\"https:\\\/\\\/dpress.ma\\\/fr\\\/2022\\\/12\\\/01\\\/une-exposition-a-rabat-celebre-le-caftan-marocain-dans-toute-sa-splendeur\\\/#breadcrumb\",\"itemListElement\":[{\"@type\":\"ListItem\",\"position\":1,\"name\":\"Home\",\"item\":\"https:\\\/\\\/dpress.ma\\\/fr\\\/\"},{\"@type\":\"ListItem\",\"position\":2,\"name\":\"Une exposition \u00e0 Rabat c\u00e9l\u00e8bre le caftan marocain dans toute sa splendeur\"}]},{\"@type\":\"WebSite\",\"@id\":\"https:\\\/\\\/dpress.ma\\\/fr\\\/#website\",\"url\":\"https:\\\/\\\/dpress.ma\\\/fr\\\/\",\"name\":\"Dpress.ma\\\/fr\",\"description\":\"\",\"potentialAction\":[{\"@type\":\"SearchAction\",\"target\":{\"@type\":\"EntryPoint\",\"urlTemplate\":\"https:\\\/\\\/dpress.ma\\\/fr\\\/?s={search_term_string}\"},\"query-input\":{\"@type\":\"PropertyValueSpecification\",\"valueRequired\":true,\"valueName\":\"search_term_string\"}}],\"inLanguage\":\"fr-FR\"},{\"@type\":\"Person\",\"@id\":\"https:\\\/\\\/dpress.ma\\\/fr\\\/#\\\/schema\\\/person\\\/4898febf3ccd59e6578d838656a306a0\",\"name\":\"Dpress.ma\",\"image\":{\"@type\":\"ImageObject\",\"inLanguage\":\"fr-FR\",\"@id\":\"https:\\\/\\\/secure.gravatar.com\\\/avatar\\\/72ecc30e9db047a2e0e7176561eb9d564ed77c8108376495b19bd8336405198a?s=96&d=mm&r=g\",\"url\":\"https:\\\/\\\/secure.gravatar.com\\\/avatar\\\/72ecc30e9db047a2e0e7176561eb9d564ed77c8108376495b19bd8336405198a?s=96&d=mm&r=g\",\"contentUrl\":\"https:\\\/\\\/secure.gravatar.com\\\/avatar\\\/72ecc30e9db047a2e0e7176561eb9d564ed77c8108376495b19bd8336405198a?s=96&d=mm&r=g\",\"caption\":\"Dpress.ma\"},\"sameAs\":[\"https:\\\/\\\/www.dpress.ma\"],\"url\":\"https:\\\/\\\/dpress.ma\\\/fr\\\/author\\\/dpress-ma\\\/\"}]}<\/script>\n<!-- \/ Yoast SEO plugin. -->","yoast_head_json":{"title":"Une exposition \u00e0 Rabat c\u00e9l\u00e8bre le caftan marocain dans toute sa splendeur - Dpress.ma\/fr","description":"La galerie Bab El K\u00e9bir aux Oudayas a abrit\u00e9, mardi soir, l'inauguration d'une exposition d\u00e9di\u00e9e au caftan marocain, en marge de la 17\u00e8me session du Comit\u00e9 intergouvernemental de l'UNESCO pour la sauvegarde du patrimoine immat\u00e9riel, organis\u00e9e \u00e0 Rabat du 28 novembre au 3 d\u00e9cembre.","robots":{"index":"index","follow":"follow","max-snippet":"max-snippet:-1","max-image-preview":"max-image-preview:large","max-video-preview":"max-video-preview:-1"},"canonical":"https:\/\/dpress.ma\/fr\/2022\/12\/01\/une-exposition-a-rabat-celebre-le-caftan-marocain-dans-toute-sa-splendeur\/","og_locale":"fr_FR","og_type":"article","og_title":"Une exposition \u00e0 Rabat c\u00e9l\u00e8bre le caftan marocain dans toute sa splendeur - Dpress.ma\/fr","og_description":"La galerie Bab El K\u00e9bir aux Oudayas a abrit\u00e9, mardi soir, l'inauguration d'une exposition d\u00e9di\u00e9e au caftan marocain, en marge de la 17\u00e8me session du Comit\u00e9 intergouvernemental de l'UNESCO pour la sauvegarde du patrimoine immat\u00e9riel, organis\u00e9e \u00e0 Rabat du 28 novembre au 3 d\u00e9cembre.","og_url":"https:\/\/dpress.ma\/fr\/2022\/12\/01\/une-exposition-a-rabat-celebre-le-caftan-marocain-dans-toute-sa-splendeur\/","og_site_name":"Dpress.ma\/fr","article_published_time":"2022-12-01T10:16:31+00:00","article_modified_time":"2022-12-01T10:16:33+00:00","og_image":[{"width":2539,"height":1594,"url":"https:\/\/dpress.ma\/fr\/wp-content\/uploads\/sites\/2\/2022\/12\/dimensions2-3.jpg","type":"image\/jpeg"}],"author":"Dpress.ma","twitter_card":"summary_large_image","twitter_misc":{"\u00c9crit par":"Dpress.ma","Dur\u00e9e de lecture estim\u00e9e":"3 minutes"},"schema":{"@context":"https:\/\/schema.org","@graph":[{"@type":"Article","@id":"https:\/\/dpress.ma\/fr\/2022\/12\/01\/une-exposition-a-rabat-celebre-le-caftan-marocain-dans-toute-sa-splendeur\/#article","isPartOf":{"@id":"https:\/\/dpress.ma\/fr\/2022\/12\/01\/une-exposition-a-rabat-celebre-le-caftan-marocain-dans-toute-sa-splendeur\/"},"author":{"name":"Dpress.ma","@id":"https:\/\/dpress.ma\/fr\/#\/schema\/person\/4898febf3ccd59e6578d838656a306a0"},"headline":"Une exposition \u00e0 Rabat c\u00e9l\u00e8bre le caftan marocain dans toute sa splendeur","datePublished":"2022-12-01T10:16:31+00:00","dateModified":"2022-12-01T10:16:33+00:00","mainEntityOfPage":{"@id":"https:\/\/dpress.ma\/fr\/2022\/12\/01\/une-exposition-a-rabat-celebre-le-caftan-marocain-dans-toute-sa-splendeur\/"},"wordCount":570,"commentCount":0,"image":{"@id":"https:\/\/dpress.ma\/fr\/2022\/12\/01\/une-exposition-a-rabat-celebre-le-caftan-marocain-dans-toute-sa-splendeur\/#primaryimage"},"thumbnailUrl":"https:\/\/dpress.ma\/fr\/wp-content\/uploads\/sites\/2\/2022\/12\/dimensions2-3.jpg","articleSection":["Art et Culture"],"inLanguage":"fr-FR","potentialAction":[{"@type":"CommentAction","name":"Comment","target":["https:\/\/dpress.ma\/fr\/2022\/12\/01\/une-exposition-a-rabat-celebre-le-caftan-marocain-dans-toute-sa-splendeur\/#respond"]}]},{"@type":"WebPage","@id":"https:\/\/dpress.ma\/fr\/2022\/12\/01\/une-exposition-a-rabat-celebre-le-caftan-marocain-dans-toute-sa-splendeur\/","url":"https:\/\/dpress.ma\/fr\/2022\/12\/01\/une-exposition-a-rabat-celebre-le-caftan-marocain-dans-toute-sa-splendeur\/","name":"Une exposition \u00e0 Rabat c\u00e9l\u00e8bre le caftan marocain dans toute sa splendeur - Dpress.ma\/fr","isPartOf":{"@id":"https:\/\/dpress.ma\/fr\/#website"},"primaryImageOfPage":{"@id":"https:\/\/dpress.ma\/fr\/2022\/12\/01\/une-exposition-a-rabat-celebre-le-caftan-marocain-dans-toute-sa-splendeur\/#primaryimage"},"image":{"@id":"https:\/\/dpress.ma\/fr\/2022\/12\/01\/une-exposition-a-rabat-celebre-le-caftan-marocain-dans-toute-sa-splendeur\/#primaryimage"},"thumbnailUrl":"https:\/\/dpress.ma\/fr\/wp-content\/uploads\/sites\/2\/2022\/12\/dimensions2-3.jpg","datePublished":"2022-12-01T10:16:31+00:00","dateModified":"2022-12-01T10:16:33+00:00","author":{"@id":"https:\/\/dpress.ma\/fr\/#\/schema\/person\/4898febf3ccd59e6578d838656a306a0"},"description":"La galerie Bab El K\u00e9bir aux Oudayas a abrit\u00e9, mardi soir, l'inauguration d'une exposition d\u00e9di\u00e9e au caftan marocain, en marge de la 17\u00e8me session du Comit\u00e9 intergouvernemental de l'UNESCO pour la sauvegarde du patrimoine immat\u00e9riel, organis\u00e9e \u00e0 Rabat du 28 novembre au 3 d\u00e9cembre.","breadcrumb":{"@id":"https:\/\/dpress.ma\/fr\/2022\/12\/01\/une-exposition-a-rabat-celebre-le-caftan-marocain-dans-toute-sa-splendeur\/#breadcrumb"},"inLanguage":"fr-FR","potentialAction":[{"@type":"ReadAction","target":["https:\/\/dpress.ma\/fr\/2022\/12\/01\/une-exposition-a-rabat-celebre-le-caftan-marocain-dans-toute-sa-splendeur\/"]}]},{"@type":"ImageObject","inLanguage":"fr-FR","@id":"https:\/\/dpress.ma\/fr\/2022\/12\/01\/une-exposition-a-rabat-celebre-le-caftan-marocain-dans-toute-sa-splendeur\/#primaryimage","url":"https:\/\/dpress.ma\/fr\/wp-content\/uploads\/sites\/2\/2022\/12\/dimensions2-3.jpg","contentUrl":"https:\/\/dpress.ma\/fr\/wp-content\/uploads\/sites\/2\/2022\/12\/dimensions2-3.jpg","width":2539,"height":1594},{"@type":"BreadcrumbList","@id":"https:\/\/dpress.ma\/fr\/2022\/12\/01\/une-exposition-a-rabat-celebre-le-caftan-marocain-dans-toute-sa-splendeur\/#breadcrumb","itemListElement":[{"@type":"ListItem","position":1,"name":"Home","item":"https:\/\/dpress.ma\/fr\/"},{"@type":"ListItem","position":2,"name":"Une exposition \u00e0 Rabat c\u00e9l\u00e8bre le caftan marocain dans toute sa splendeur"}]},{"@type":"WebSite","@id":"https:\/\/dpress.ma\/fr\/#website","url":"https:\/\/dpress.ma\/fr\/","name":"Dpress.ma\/fr","description":"","potentialAction":[{"@type":"SearchAction","target":{"@type":"EntryPoint","urlTemplate":"https:\/\/dpress.ma\/fr\/?s={search_term_string}"},"query-input":{"@type":"PropertyValueSpecification","valueRequired":true,"valueName":"search_term_string"}}],"inLanguage":"fr-FR"},{"@type":"Person","@id":"https:\/\/dpress.ma\/fr\/#\/schema\/person\/4898febf3ccd59e6578d838656a306a0","name":"Dpress.ma","image":{"@type":"ImageObject","inLanguage":"fr-FR","@id":"https:\/\/secure.gravatar.com\/avatar\/72ecc30e9db047a2e0e7176561eb9d564ed77c8108376495b19bd8336405198a?s=96&d=mm&r=g","url":"https:\/\/secure.gravatar.com\/avatar\/72ecc30e9db047a2e0e7176561eb9d564ed77c8108376495b19bd8336405198a?s=96&d=mm&r=g","contentUrl":"https:\/\/secure.gravatar.com\/avatar\/72ecc30e9db047a2e0e7176561eb9d564ed77c8108376495b19bd8336405198a?s=96&d=mm&r=g","caption":"Dpress.ma"},"sameAs":["https:\/\/www.dpress.ma"],"url":"https:\/\/dpress.ma\/fr\/author\/dpress-ma\/"}]}},"amp_enabled":true,"_links":{"self":[{"href":"https:\/\/dpress.ma\/fr\/wp-json\/wp\/v2\/posts\/2714","targetHints":{"allow":["GET"]}}],"collection":[{"href":"https:\/\/dpress.ma\/fr\/wp-json\/wp\/v2\/posts"}],"about":[{"href":"https:\/\/dpress.ma\/fr\/wp-json\/wp\/v2\/types\/post"}],"author":[{"embeddable":true,"href":"https:\/\/dpress.ma\/fr\/wp-json\/wp\/v2\/users\/2"}],"replies":[{"embeddable":true,"href":"https:\/\/dpress.ma\/fr\/wp-json\/wp\/v2\/comments?post=2714"}],"version-history":[{"count":1,"href":"https:\/\/dpress.ma\/fr\/wp-json\/wp\/v2\/posts\/2714\/revisions"}],"predecessor-version":[{"id":2716,"href":"https:\/\/dpress.ma\/fr\/wp-json\/wp\/v2\/posts\/2714\/revisions\/2716"}],"wp:featuredmedia":[{"embeddable":true,"href":"https:\/\/dpress.ma\/fr\/wp-json\/wp\/v2\/media\/2715"}],"wp:attachment":[{"href":"https:\/\/dpress.ma\/fr\/wp-json\/wp\/v2\/media?parent=2714"}],"wp:term":[{"taxonomy":"category","embeddable":true,"href":"https:\/\/dpress.ma\/fr\/wp-json\/wp\/v2\/categories?post=2714"},{"taxonomy":"post_tag","embeddable":true,"href":"https:\/\/dpress.ma\/fr\/wp-json\/wp\/v2\/tags?post=2714"}],"curies":[{"name":"wp","href":"https:\/\/api.w.org\/{rel}","templated":true}]}}