{"id":2704,"date":"2022-12-01T09:31:45","date_gmt":"2022-12-01T09:31:45","guid":{"rendered":"https:\/\/dpress.ma\/fr\/?p=2704"},"modified":"2022-12-01T09:31:47","modified_gmt":"2022-12-01T09:31:47","slug":"les-perspectives-des-relations-maroco-europeennes-au-centre-dentretiens-entre-m-talbi-el-alami-et-le-rapporteur-du-groupe-du-ppe-pour-le-maroc","status":"publish","type":"post","link":"https:\/\/dpress.ma\/fr\/2022\/12\/01\/les-perspectives-des-relations-maroco-europeennes-au-centre-dentretiens-entre-m-talbi-el-alami-et-le-rapporteur-du-groupe-du-ppe-pour-le-maroc\/","title":{"rendered":"Les perspectives des relations maroco-europ\u00e9ennes au centre d\u2019entretiens entre M. Talbi El Alami et le rapporteur du groupe du PPE pour le Maroc"},"content":{"rendered":"\n<p>Dpress<\/p>\n\n\n\n<p>&nbsp;Les perspectives des relations maroco-europ\u00e9ennes ont \u00e9t\u00e9 au centre d\u2019entretiens, mardi \u00e0 Rabat, entre le pr\u00e9sident de la Chambre des repr\u00e9sentants, Rachid Talbi El Alami, et le rapporteur du groupe du Parti populaire europ\u00e9en (PPE) pour le Maroc, Andrey Kovatchev, en visite de travail dans le Royaume du 29 novembre au 1er d\u00e9cembre.<\/p>\n\n\n\n<p>Un communiqu\u00e9 de la Chambre des repr\u00e9sentants indique que les deux parties ont \u00e9voqu\u00e9 les perspectives des relations maroco-europ\u00e9ennes et l\u2019importance de renforcer les liens de coop\u00e9ration et d\u2019amiti\u00e9 entre les parlements marocain et europ\u00e9en pour relever l\u2019ensemble des d\u00e9fis, dont la migration, comme elles ont \u00e9chang\u00e9 les points de vue sur nombre de questions internationales et r\u00e9gionales d\u2019int\u00e9r\u00eat commun.<\/p>\n\n\n\n<p>M. Talbi El Alami a pr\u00e9sent\u00e9, \u00e0 cette occasion, le progr\u00e8s r\u00e9alis\u00e9 par le Royaume dans les domaines de la d\u00e9mocratie, des droits de l\u2019homme, de la transition digitale, des \u00e9nergies renouvelables, de la gestion de la pand\u00e9mie de Covid-19 et ses r\u00e9percussions, ainsi que de la consolidation de la s\u00e9curit\u00e9 et de la stabilit\u00e9 aux niveaux r\u00e9gional et international, conform\u00e9ment aux Hautes orientations de SM le Roi Mohammed VI.<\/p>\n\n\n\n<p>Il a \u00e9galement inform\u00e9 M. Kovatchev de l\u2019histoire et des nouveaut\u00e9s de la question de l\u2019int\u00e9grit\u00e9 territoriale du Royaume, mettant en avant le soutien et l\u2019appui de la communaut\u00e9 internationale au plan d\u2019autonomie pr\u00e9sent\u00e9 par le Maroc, comme solution unique et r\u00e9aliste pour r\u00e9soudre le diff\u00e9rend artificiel autour du Sahara marocain.<\/p>\n\n\n\n<p>Qualifiant le Maroc de partenaire fondamental et distingu\u00e9 de l\u2019Union europ\u00e9enne, M. Kovatchev a, de son c\u00f4t\u00e9, salu\u00e9 les efforts d\u00e9ploy\u00e9s par le Royaume pour instaurer la paix et la stabilit\u00e9 dans la r\u00e9gion du Sahel et du Sahara.<\/p>\n\n\n\n<p>Ont pris part \u00e0 cette rencontre, le pr\u00e9sident de la commission parlementaire mixte Maroc-Union europ\u00e9enne, Lahcen Haddad et les membres de la commission Hicham Ait Menna, Abdelmajid Fassi Fihri et Zina Chahim.<\/p>\n","protected":false},"excerpt":{"rendered":"<p>Dpress &nbsp;Les perspectives des relations maroco-europ\u00e9ennes ont \u00e9t\u00e9 au centre d\u2019entretiens, mardi \u00e0 Rabat, entre le pr\u00e9sident de la Chambre des repr\u00e9sentants, Rachid Talbi El Alami, et le rapporteur du groupe du Parti populaire europ\u00e9en (PPE) pour le Maroc, Andrey Kovatchev, en visite de travail dans le Royaume du 29 novembre au 1er d\u00e9cembre. Un &hellip;<\/p>\n","protected":false},"author":2,"featured_media":2705,"comment_status":"open","ping_status":"open","sticky":false,"template":"","format":"standard","meta":{"footnotes":""},"categories":[33],"tags":[],"class_list":["post-2704","post","type-post","status-publish","format-standard","has-post-thumbnail","hentry","category-diplomatie-parallele"],"yoast_head":"<!-- This site is optimized with the Yoast SEO plugin v27.5 - https:\/\/yoast.com\/product\/yoast-seo-wordpress\/ -->\n<title>Les perspectives des relations maroco-europ\u00e9ennes au centre d\u2019entretiens entre M. Talbi El Alami et le rapporteur du groupe du PPE pour le Maroc - Dpress.ma\/fr<\/title>\n<meta name=\"description\" content=\"Les perspectives des relations maroco-europ\u00e9ennes ont \u00e9t\u00e9 au centre d\u2019entretiens, mardi \u00e0 Rabat, entre le pr\u00e9sident de la Chambre des repr\u00e9sentants, Rachid Talbi El Alami, et le rapporteur du groupe du Parti populaire europ\u00e9en (PPE) pour le Maroc, Andrey Kovatchev, en visite de travail dans le Royaume du 29 novembre au 1er d\u00e9cembre.\" \/>\n<meta name=\"robots\" content=\"index, follow, max-snippet:-1, max-image-preview:large, max-video-preview:-1\" \/>\n<link rel=\"canonical\" href=\"https:\/\/dpress.ma\/fr\/2022\/12\/01\/les-perspectives-des-relations-maroco-europeennes-au-centre-dentretiens-entre-m-talbi-el-alami-et-le-rapporteur-du-groupe-du-ppe-pour-le-maroc\/\" \/>\n<meta property=\"og:locale\" content=\"fr_FR\" \/>\n<meta property=\"og:type\" content=\"article\" \/>\n<meta property=\"og:title\" content=\"Les perspectives des relations maroco-europ\u00e9ennes au centre d\u2019entretiens entre M. Talbi El Alami et le rapporteur du groupe du PPE pour le Maroc - Dpress.ma\/fr\" \/>\n<meta property=\"og:description\" content=\"Les perspectives des relations maroco-europ\u00e9ennes ont \u00e9t\u00e9 au centre d\u2019entretiens, mardi \u00e0 Rabat, entre le pr\u00e9sident de la Chambre des repr\u00e9sentants, Rachid Talbi El Alami, et le rapporteur du groupe du Parti populaire europ\u00e9en (PPE) pour le Maroc, Andrey Kovatchev, en visite de travail dans le Royaume du 29 novembre au 1er d\u00e9cembre.\" \/>\n<meta property=\"og:url\" content=\"https:\/\/dpress.ma\/fr\/2022\/12\/01\/les-perspectives-des-relations-maroco-europeennes-au-centre-dentretiens-entre-m-talbi-el-alami-et-le-rapporteur-du-groupe-du-ppe-pour-le-maroc\/\" \/>\n<meta property=\"og:site_name\" content=\"Dpress.ma\/fr\" \/>\n<meta property=\"article:published_time\" content=\"2022-12-01T09:31:45+00:00\" \/>\n<meta property=\"article:modified_time\" content=\"2022-12-01T09:31:47+00:00\" \/>\n<meta property=\"og:image\" content=\"https:\/\/dpress.ma\/fr\/wp-content\/uploads\/sites\/2\/2022\/12\/dimensions2.jpg\" \/>\n\t<meta property=\"og:image:width\" content=\"2539\" \/>\n\t<meta property=\"og:image:height\" content=\"1594\" \/>\n\t<meta property=\"og:image:type\" content=\"image\/jpeg\" \/>\n<meta name=\"author\" content=\"Dpress.ma\" \/>\n<meta name=\"twitter:card\" content=\"summary_large_image\" \/>\n<meta name=\"twitter:label1\" content=\"\u00c9crit par\" \/>\n\t<meta name=\"twitter:data1\" content=\"Dpress.ma\" \/>\n\t<meta name=\"twitter:label2\" content=\"Dur\u00e9e de lecture estim\u00e9e\" \/>\n\t<meta name=\"twitter:data2\" content=\"2 minutes\" \/>\n<script type=\"application\/ld+json\" class=\"yoast-schema-graph\">{\"@context\":\"https:\\\/\\\/schema.org\",\"@graph\":[{\"@type\":\"Article\",\"@id\":\"https:\\\/\\\/dpress.ma\\\/fr\\\/2022\\\/12\\\/01\\\/les-perspectives-des-relations-maroco-europeennes-au-centre-dentretiens-entre-m-talbi-el-alami-et-le-rapporteur-du-groupe-du-ppe-pour-le-maroc\\\/#article\",\"isPartOf\":{\"@id\":\"https:\\\/\\\/dpress.ma\\\/fr\\\/2022\\\/12\\\/01\\\/les-perspectives-des-relations-maroco-europeennes-au-centre-dentretiens-entre-m-talbi-el-alami-et-le-rapporteur-du-groupe-du-ppe-pour-le-maroc\\\/\"},\"author\":{\"name\":\"Dpress.ma\",\"@id\":\"https:\\\/\\\/dpress.ma\\\/fr\\\/#\\\/schema\\\/person\\\/4898febf3ccd59e6578d838656a306a0\"},\"headline\":\"Les perspectives des relations maroco-europ\u00e9ennes au centre d\u2019entretiens entre M. Talbi El Alami et le rapporteur du groupe du PPE pour le Maroc\",\"datePublished\":\"2022-12-01T09:31:45+00:00\",\"dateModified\":\"2022-12-01T09:31:47+00:00\",\"mainEntityOfPage\":{\"@id\":\"https:\\\/\\\/dpress.ma\\\/fr\\\/2022\\\/12\\\/01\\\/les-perspectives-des-relations-maroco-europeennes-au-centre-dentretiens-entre-m-talbi-el-alami-et-le-rapporteur-du-groupe-du-ppe-pour-le-maroc\\\/\"},\"wordCount\":374,\"commentCount\":0,\"image\":{\"@id\":\"https:\\\/\\\/dpress.ma\\\/fr\\\/2022\\\/12\\\/01\\\/les-perspectives-des-relations-maroco-europeennes-au-centre-dentretiens-entre-m-talbi-el-alami-et-le-rapporteur-du-groupe-du-ppe-pour-le-maroc\\\/#primaryimage\"},\"thumbnailUrl\":\"https:\\\/\\\/dpress.ma\\\/fr\\\/wp-content\\\/uploads\\\/sites\\\/2\\\/2022\\\/12\\\/dimensions2.jpg\",\"articleSection\":[\"Diplomatie Parall\u00e8le\"],\"inLanguage\":\"fr-FR\",\"potentialAction\":[{\"@type\":\"CommentAction\",\"name\":\"Comment\",\"target\":[\"https:\\\/\\\/dpress.ma\\\/fr\\\/2022\\\/12\\\/01\\\/les-perspectives-des-relations-maroco-europeennes-au-centre-dentretiens-entre-m-talbi-el-alami-et-le-rapporteur-du-groupe-du-ppe-pour-le-maroc\\\/#respond\"]}]},{\"@type\":\"WebPage\",\"@id\":\"https:\\\/\\\/dpress.ma\\\/fr\\\/2022\\\/12\\\/01\\\/les-perspectives-des-relations-maroco-europeennes-au-centre-dentretiens-entre-m-talbi-el-alami-et-le-rapporteur-du-groupe-du-ppe-pour-le-maroc\\\/\",\"url\":\"https:\\\/\\\/dpress.ma\\\/fr\\\/2022\\\/12\\\/01\\\/les-perspectives-des-relations-maroco-europeennes-au-centre-dentretiens-entre-m-talbi-el-alami-et-le-rapporteur-du-groupe-du-ppe-pour-le-maroc\\\/\",\"name\":\"Les perspectives des relations maroco-europ\u00e9ennes au centre d\u2019entretiens entre M. Talbi El Alami et le rapporteur du groupe du PPE pour le Maroc - Dpress.ma\\\/fr\",\"isPartOf\":{\"@id\":\"https:\\\/\\\/dpress.ma\\\/fr\\\/#website\"},\"primaryImageOfPage\":{\"@id\":\"https:\\\/\\\/dpress.ma\\\/fr\\\/2022\\\/12\\\/01\\\/les-perspectives-des-relations-maroco-europeennes-au-centre-dentretiens-entre-m-talbi-el-alami-et-le-rapporteur-du-groupe-du-ppe-pour-le-maroc\\\/#primaryimage\"},\"image\":{\"@id\":\"https:\\\/\\\/dpress.ma\\\/fr\\\/2022\\\/12\\\/01\\\/les-perspectives-des-relations-maroco-europeennes-au-centre-dentretiens-entre-m-talbi-el-alami-et-le-rapporteur-du-groupe-du-ppe-pour-le-maroc\\\/#primaryimage\"},\"thumbnailUrl\":\"https:\\\/\\\/dpress.ma\\\/fr\\\/wp-content\\\/uploads\\\/sites\\\/2\\\/2022\\\/12\\\/dimensions2.jpg\",\"datePublished\":\"2022-12-01T09:31:45+00:00\",\"dateModified\":\"2022-12-01T09:31:47+00:00\",\"author\":{\"@id\":\"https:\\\/\\\/dpress.ma\\\/fr\\\/#\\\/schema\\\/person\\\/4898febf3ccd59e6578d838656a306a0\"},\"description\":\"Les perspectives des relations maroco-europ\u00e9ennes ont \u00e9t\u00e9 au centre d\u2019entretiens, mardi \u00e0 Rabat, entre le pr\u00e9sident de la Chambre des repr\u00e9sentants, Rachid Talbi El Alami, et le rapporteur du groupe du Parti populaire europ\u00e9en (PPE) pour le Maroc, Andrey Kovatchev, en visite de travail dans le Royaume du 29 novembre au 1er d\u00e9cembre.\",\"breadcrumb\":{\"@id\":\"https:\\\/\\\/dpress.ma\\\/fr\\\/2022\\\/12\\\/01\\\/les-perspectives-des-relations-maroco-europeennes-au-centre-dentretiens-entre-m-talbi-el-alami-et-le-rapporteur-du-groupe-du-ppe-pour-le-maroc\\\/#breadcrumb\"},\"inLanguage\":\"fr-FR\",\"potentialAction\":[{\"@type\":\"ReadAction\",\"target\":[\"https:\\\/\\\/dpress.ma\\\/fr\\\/2022\\\/12\\\/01\\\/les-perspectives-des-relations-maroco-europeennes-au-centre-dentretiens-entre-m-talbi-el-alami-et-le-rapporteur-du-groupe-du-ppe-pour-le-maroc\\\/\"]}]},{\"@type\":\"ImageObject\",\"inLanguage\":\"fr-FR\",\"@id\":\"https:\\\/\\\/dpress.ma\\\/fr\\\/2022\\\/12\\\/01\\\/les-perspectives-des-relations-maroco-europeennes-au-centre-dentretiens-entre-m-talbi-el-alami-et-le-rapporteur-du-groupe-du-ppe-pour-le-maroc\\\/#primaryimage\",\"url\":\"https:\\\/\\\/dpress.ma\\\/fr\\\/wp-content\\\/uploads\\\/sites\\\/2\\\/2022\\\/12\\\/dimensions2.jpg\",\"contentUrl\":\"https:\\\/\\\/dpress.ma\\\/fr\\\/wp-content\\\/uploads\\\/sites\\\/2\\\/2022\\\/12\\\/dimensions2.jpg\",\"width\":2539,\"height\":1594},{\"@type\":\"BreadcrumbList\",\"@id\":\"https:\\\/\\\/dpress.ma\\\/fr\\\/2022\\\/12\\\/01\\\/les-perspectives-des-relations-maroco-europeennes-au-centre-dentretiens-entre-m-talbi-el-alami-et-le-rapporteur-du-groupe-du-ppe-pour-le-maroc\\\/#breadcrumb\",\"itemListElement\":[{\"@type\":\"ListItem\",\"position\":1,\"name\":\"Home\",\"item\":\"https:\\\/\\\/dpress.ma\\\/fr\\\/\"},{\"@type\":\"ListItem\",\"position\":2,\"name\":\"Les perspectives des relations maroco-europ\u00e9ennes au centre d\u2019entretiens entre M. Talbi El Alami et le rapporteur du groupe du PPE pour le Maroc\"}]},{\"@type\":\"WebSite\",\"@id\":\"https:\\\/\\\/dpress.ma\\\/fr\\\/#website\",\"url\":\"https:\\\/\\\/dpress.ma\\\/fr\\\/\",\"name\":\"Dpress.ma\\\/fr\",\"description\":\"\",\"potentialAction\":[{\"@type\":\"SearchAction\",\"target\":{\"@type\":\"EntryPoint\",\"urlTemplate\":\"https:\\\/\\\/dpress.ma\\\/fr\\\/?s={search_term_string}\"},\"query-input\":{\"@type\":\"PropertyValueSpecification\",\"valueRequired\":true,\"valueName\":\"search_term_string\"}}],\"inLanguage\":\"fr-FR\"},{\"@type\":\"Person\",\"@id\":\"https:\\\/\\\/dpress.ma\\\/fr\\\/#\\\/schema\\\/person\\\/4898febf3ccd59e6578d838656a306a0\",\"name\":\"Dpress.ma\",\"image\":{\"@type\":\"ImageObject\",\"inLanguage\":\"fr-FR\",\"@id\":\"https:\\\/\\\/secure.gravatar.com\\\/avatar\\\/72ecc30e9db047a2e0e7176561eb9d564ed77c8108376495b19bd8336405198a?s=96&d=mm&r=g\",\"url\":\"https:\\\/\\\/secure.gravatar.com\\\/avatar\\\/72ecc30e9db047a2e0e7176561eb9d564ed77c8108376495b19bd8336405198a?s=96&d=mm&r=g\",\"contentUrl\":\"https:\\\/\\\/secure.gravatar.com\\\/avatar\\\/72ecc30e9db047a2e0e7176561eb9d564ed77c8108376495b19bd8336405198a?s=96&d=mm&r=g\",\"caption\":\"Dpress.ma\"},\"sameAs\":[\"https:\\\/\\\/www.dpress.ma\"],\"url\":\"https:\\\/\\\/dpress.ma\\\/fr\\\/author\\\/dpress-ma\\\/\"}]}<\/script>\n<!-- \/ Yoast SEO plugin. -->","yoast_head_json":{"title":"Les perspectives des relations maroco-europ\u00e9ennes au centre d\u2019entretiens entre M. Talbi El Alami et le rapporteur du groupe du PPE pour le Maroc - Dpress.ma\/fr","description":"Les perspectives des relations maroco-europ\u00e9ennes ont \u00e9t\u00e9 au centre d\u2019entretiens, mardi \u00e0 Rabat, entre le pr\u00e9sident de la Chambre des repr\u00e9sentants, Rachid Talbi El Alami, et le rapporteur du groupe du Parti populaire europ\u00e9en (PPE) pour le Maroc, Andrey Kovatchev, en visite de travail dans le Royaume du 29 novembre au 1er d\u00e9cembre.","robots":{"index":"index","follow":"follow","max-snippet":"max-snippet:-1","max-image-preview":"max-image-preview:large","max-video-preview":"max-video-preview:-1"},"canonical":"https:\/\/dpress.ma\/fr\/2022\/12\/01\/les-perspectives-des-relations-maroco-europeennes-au-centre-dentretiens-entre-m-talbi-el-alami-et-le-rapporteur-du-groupe-du-ppe-pour-le-maroc\/","og_locale":"fr_FR","og_type":"article","og_title":"Les perspectives des relations maroco-europ\u00e9ennes au centre d\u2019entretiens entre M. Talbi El Alami et le rapporteur du groupe du PPE pour le Maroc - Dpress.ma\/fr","og_description":"Les perspectives des relations maroco-europ\u00e9ennes ont \u00e9t\u00e9 au centre d\u2019entretiens, mardi \u00e0 Rabat, entre le pr\u00e9sident de la Chambre des repr\u00e9sentants, Rachid Talbi El Alami, et le rapporteur du groupe du Parti populaire europ\u00e9en (PPE) pour le Maroc, Andrey Kovatchev, en visite de travail dans le Royaume du 29 novembre au 1er d\u00e9cembre.","og_url":"https:\/\/dpress.ma\/fr\/2022\/12\/01\/les-perspectives-des-relations-maroco-europeennes-au-centre-dentretiens-entre-m-talbi-el-alami-et-le-rapporteur-du-groupe-du-ppe-pour-le-maroc\/","og_site_name":"Dpress.ma\/fr","article_published_time":"2022-12-01T09:31:45+00:00","article_modified_time":"2022-12-01T09:31:47+00:00","og_image":[{"width":2539,"height":1594,"url":"https:\/\/dpress.ma\/fr\/wp-content\/uploads\/sites\/2\/2022\/12\/dimensions2.jpg","type":"image\/jpeg"}],"author":"Dpress.ma","twitter_card":"summary_large_image","twitter_misc":{"\u00c9crit par":"Dpress.ma","Dur\u00e9e de lecture estim\u00e9e":"2 minutes"},"schema":{"@context":"https:\/\/schema.org","@graph":[{"@type":"Article","@id":"https:\/\/dpress.ma\/fr\/2022\/12\/01\/les-perspectives-des-relations-maroco-europeennes-au-centre-dentretiens-entre-m-talbi-el-alami-et-le-rapporteur-du-groupe-du-ppe-pour-le-maroc\/#article","isPartOf":{"@id":"https:\/\/dpress.ma\/fr\/2022\/12\/01\/les-perspectives-des-relations-maroco-europeennes-au-centre-dentretiens-entre-m-talbi-el-alami-et-le-rapporteur-du-groupe-du-ppe-pour-le-maroc\/"},"author":{"name":"Dpress.ma","@id":"https:\/\/dpress.ma\/fr\/#\/schema\/person\/4898febf3ccd59e6578d838656a306a0"},"headline":"Les perspectives des relations maroco-europ\u00e9ennes au centre d\u2019entretiens entre M. Talbi El Alami et le rapporteur du groupe du PPE pour le Maroc","datePublished":"2022-12-01T09:31:45+00:00","dateModified":"2022-12-01T09:31:47+00:00","mainEntityOfPage":{"@id":"https:\/\/dpress.ma\/fr\/2022\/12\/01\/les-perspectives-des-relations-maroco-europeennes-au-centre-dentretiens-entre-m-talbi-el-alami-et-le-rapporteur-du-groupe-du-ppe-pour-le-maroc\/"},"wordCount":374,"commentCount":0,"image":{"@id":"https:\/\/dpress.ma\/fr\/2022\/12\/01\/les-perspectives-des-relations-maroco-europeennes-au-centre-dentretiens-entre-m-talbi-el-alami-et-le-rapporteur-du-groupe-du-ppe-pour-le-maroc\/#primaryimage"},"thumbnailUrl":"https:\/\/dpress.ma\/fr\/wp-content\/uploads\/sites\/2\/2022\/12\/dimensions2.jpg","articleSection":["Diplomatie Parall\u00e8le"],"inLanguage":"fr-FR","potentialAction":[{"@type":"CommentAction","name":"Comment","target":["https:\/\/dpress.ma\/fr\/2022\/12\/01\/les-perspectives-des-relations-maroco-europeennes-au-centre-dentretiens-entre-m-talbi-el-alami-et-le-rapporteur-du-groupe-du-ppe-pour-le-maroc\/#respond"]}]},{"@type":"WebPage","@id":"https:\/\/dpress.ma\/fr\/2022\/12\/01\/les-perspectives-des-relations-maroco-europeennes-au-centre-dentretiens-entre-m-talbi-el-alami-et-le-rapporteur-du-groupe-du-ppe-pour-le-maroc\/","url":"https:\/\/dpress.ma\/fr\/2022\/12\/01\/les-perspectives-des-relations-maroco-europeennes-au-centre-dentretiens-entre-m-talbi-el-alami-et-le-rapporteur-du-groupe-du-ppe-pour-le-maroc\/","name":"Les perspectives des relations maroco-europ\u00e9ennes au centre d\u2019entretiens entre M. Talbi El Alami et le rapporteur du groupe du PPE pour le Maroc - Dpress.ma\/fr","isPartOf":{"@id":"https:\/\/dpress.ma\/fr\/#website"},"primaryImageOfPage":{"@id":"https:\/\/dpress.ma\/fr\/2022\/12\/01\/les-perspectives-des-relations-maroco-europeennes-au-centre-dentretiens-entre-m-talbi-el-alami-et-le-rapporteur-du-groupe-du-ppe-pour-le-maroc\/#primaryimage"},"image":{"@id":"https:\/\/dpress.ma\/fr\/2022\/12\/01\/les-perspectives-des-relations-maroco-europeennes-au-centre-dentretiens-entre-m-talbi-el-alami-et-le-rapporteur-du-groupe-du-ppe-pour-le-maroc\/#primaryimage"},"thumbnailUrl":"https:\/\/dpress.ma\/fr\/wp-content\/uploads\/sites\/2\/2022\/12\/dimensions2.jpg","datePublished":"2022-12-01T09:31:45+00:00","dateModified":"2022-12-01T09:31:47+00:00","author":{"@id":"https:\/\/dpress.ma\/fr\/#\/schema\/person\/4898febf3ccd59e6578d838656a306a0"},"description":"Les perspectives des relations maroco-europ\u00e9ennes ont \u00e9t\u00e9 au centre d\u2019entretiens, mardi \u00e0 Rabat, entre le pr\u00e9sident de la Chambre des repr\u00e9sentants, Rachid Talbi El Alami, et le rapporteur du groupe du Parti populaire europ\u00e9en (PPE) pour le Maroc, Andrey Kovatchev, en visite de travail dans le Royaume du 29 novembre au 1er d\u00e9cembre.","breadcrumb":{"@id":"https:\/\/dpress.ma\/fr\/2022\/12\/01\/les-perspectives-des-relations-maroco-europeennes-au-centre-dentretiens-entre-m-talbi-el-alami-et-le-rapporteur-du-groupe-du-ppe-pour-le-maroc\/#breadcrumb"},"inLanguage":"fr-FR","potentialAction":[{"@type":"ReadAction","target":["https:\/\/dpress.ma\/fr\/2022\/12\/01\/les-perspectives-des-relations-maroco-europeennes-au-centre-dentretiens-entre-m-talbi-el-alami-et-le-rapporteur-du-groupe-du-ppe-pour-le-maroc\/"]}]},{"@type":"ImageObject","inLanguage":"fr-FR","@id":"https:\/\/dpress.ma\/fr\/2022\/12\/01\/les-perspectives-des-relations-maroco-europeennes-au-centre-dentretiens-entre-m-talbi-el-alami-et-le-rapporteur-du-groupe-du-ppe-pour-le-maroc\/#primaryimage","url":"https:\/\/dpress.ma\/fr\/wp-content\/uploads\/sites\/2\/2022\/12\/dimensions2.jpg","contentUrl":"https:\/\/dpress.ma\/fr\/wp-content\/uploads\/sites\/2\/2022\/12\/dimensions2.jpg","width":2539,"height":1594},{"@type":"BreadcrumbList","@id":"https:\/\/dpress.ma\/fr\/2022\/12\/01\/les-perspectives-des-relations-maroco-europeennes-au-centre-dentretiens-entre-m-talbi-el-alami-et-le-rapporteur-du-groupe-du-ppe-pour-le-maroc\/#breadcrumb","itemListElement":[{"@type":"ListItem","position":1,"name":"Home","item":"https:\/\/dpress.ma\/fr\/"},{"@type":"ListItem","position":2,"name":"Les perspectives des relations maroco-europ\u00e9ennes au centre d\u2019entretiens entre M. Talbi El Alami et le rapporteur du groupe du PPE pour le Maroc"}]},{"@type":"WebSite","@id":"https:\/\/dpress.ma\/fr\/#website","url":"https:\/\/dpress.ma\/fr\/","name":"Dpress.ma\/fr","description":"","potentialAction":[{"@type":"SearchAction","target":{"@type":"EntryPoint","urlTemplate":"https:\/\/dpress.ma\/fr\/?s={search_term_string}"},"query-input":{"@type":"PropertyValueSpecification","valueRequired":true,"valueName":"search_term_string"}}],"inLanguage":"fr-FR"},{"@type":"Person","@id":"https:\/\/dpress.ma\/fr\/#\/schema\/person\/4898febf3ccd59e6578d838656a306a0","name":"Dpress.ma","image":{"@type":"ImageObject","inLanguage":"fr-FR","@id":"https:\/\/secure.gravatar.com\/avatar\/72ecc30e9db047a2e0e7176561eb9d564ed77c8108376495b19bd8336405198a?s=96&d=mm&r=g","url":"https:\/\/secure.gravatar.com\/avatar\/72ecc30e9db047a2e0e7176561eb9d564ed77c8108376495b19bd8336405198a?s=96&d=mm&r=g","contentUrl":"https:\/\/secure.gravatar.com\/avatar\/72ecc30e9db047a2e0e7176561eb9d564ed77c8108376495b19bd8336405198a?s=96&d=mm&r=g","caption":"Dpress.ma"},"sameAs":["https:\/\/www.dpress.ma"],"url":"https:\/\/dpress.ma\/fr\/author\/dpress-ma\/"}]}},"amp_enabled":true,"_links":{"self":[{"href":"https:\/\/dpress.ma\/fr\/wp-json\/wp\/v2\/posts\/2704","targetHints":{"allow":["GET"]}}],"collection":[{"href":"https:\/\/dpress.ma\/fr\/wp-json\/wp\/v2\/posts"}],"about":[{"href":"https:\/\/dpress.ma\/fr\/wp-json\/wp\/v2\/types\/post"}],"author":[{"embeddable":true,"href":"https:\/\/dpress.ma\/fr\/wp-json\/wp\/v2\/users\/2"}],"replies":[{"embeddable":true,"href":"https:\/\/dpress.ma\/fr\/wp-json\/wp\/v2\/comments?post=2704"}],"version-history":[{"count":1,"href":"https:\/\/dpress.ma\/fr\/wp-json\/wp\/v2\/posts\/2704\/revisions"}],"predecessor-version":[{"id":2706,"href":"https:\/\/dpress.ma\/fr\/wp-json\/wp\/v2\/posts\/2704\/revisions\/2706"}],"wp:featuredmedia":[{"embeddable":true,"href":"https:\/\/dpress.ma\/fr\/wp-json\/wp\/v2\/media\/2705"}],"wp:attachment":[{"href":"https:\/\/dpress.ma\/fr\/wp-json\/wp\/v2\/media?parent=2704"}],"wp:term":[{"taxonomy":"category","embeddable":true,"href":"https:\/\/dpress.ma\/fr\/wp-json\/wp\/v2\/categories?post=2704"},{"taxonomy":"post_tag","embeddable":true,"href":"https:\/\/dpress.ma\/fr\/wp-json\/wp\/v2\/tags?post=2704"}],"curies":[{"name":"wp","href":"https:\/\/api.w.org\/{rel}","templated":true}]}}