{"id":2693,"date":"2022-11-30T17:01:41","date_gmt":"2022-11-30T17:01:41","guid":{"rendered":"https:\/\/dpress.ma\/fr\/?p=2693"},"modified":"2022-11-30T17:01:43","modified_gmt":"2022-11-30T17:01:43","slug":"linstitutionnalisation-du-dialogue-social-contribue-a-garantir-les-conditions-necessaires-pour-developper-la-production-m-akhannouch","status":"publish","type":"post","link":"https:\/\/dpress.ma\/fr\/2022\/11\/30\/linstitutionnalisation-du-dialogue-social-contribue-a-garantir-les-conditions-necessaires-pour-developper-la-production-m-akhannouch\/","title":{"rendered":"L\u2019institutionnalisation du dialogue social contribue \u00e0 garantir les conditions n\u00e9cessaires pour d\u00e9velopper la production (M. Akhannouch)"},"content":{"rendered":"\n<p>Dpress<\/p>\n\n\n\n<p>&nbsp;Le Chef de gouvernement, Aziz Akhannouch, a affirm\u00e9, mardi \u00e0 Rabat, que l\u2019engagement continu dans le processus de l\u2019institutionnalisation du dialogue social dans le Royaume est \u00e0 m\u00eame de donner une impulsion suppl\u00e9mentaire pour garantir les conditions n\u00e9cessaires pour d\u00e9velopper la production et permettre aux entreprises de faire face aux d\u00e9fis \u00e9conomiques.<\/p>\n\n\n\n<p>R\u00e9pondant \u00e0 une question centrale \u00e0 la Chambre des conseillers, lors de la s\u00e9ance mensuelle consacr\u00e9e \u00e0 la discussion des politiques publiques, ax\u00e9e sur le th\u00e8me \u201cle dialogue social, cons\u00e9cration de la notion de l\u2019\u00e9quit\u00e9 sociale et m\u00e9canisme pour la r\u00e9alisation du d\u00e9veloppement \u00e9conomique\u201d, M. Akhannouch a salu\u00e9 l\u2019\u00e9mergence d\u2019une nouvelle g\u00e9n\u00e9ration d\u2019acteurs \u00e9conomiques ayant une \u201cesprit solidaire et un sens patriotique sinc\u00e8re\u201d, mettant en exergue l\u2019implication et l\u2019interaction imm\u00e9diate des chefs d\u2019entreprises lors du premier round de dialogue social.<\/p>\n\n\n\n<p>Cet engagement, a-t-il poursuivi, \u201cnous incite \u00e0 l\u2019optimisme quant \u00e0 l\u2019avenir de l\u2019entreprise marocaine, en tant qu\u2019\u00e9tablissement national \u00e0 responsabilit\u00e9 sociale et partenaire sur la contribution duquel, le gouvernement compte pour mettre en \u0153uvre les objectifs de l\u2019Etat social\u201d.<\/p>\n\n\n\n<p>Le r\u00e8glement des autres questions objet du dialogue social, notamment la mise en place d\u2019un dispositif l\u00e9gal efficient relatif aux modalit\u00e9s d\u2019exercice du droit \u00e0 la gr\u00e8ve et la mise \u00e0 niveau des conventions collectives \u201cest de nature \u00e0 conforter les possibilit\u00e9s d\u2019instaurer l\u2019\u00e9quilibre requis et de consacrer la paix\u201d, a-t-il-fait remarquer.<\/p>\n\n\n\n<p>De m\u00eame, M. Akhannouch a soulign\u00e9 que le climat politique actuel a favoris\u00e9 l\u2019instauration et la promotion d\u2019un climat de confiance entre le gouvernement et les partenaires socio-\u00e9conomiques, ce qui permettra indubitablement de baliser le terrain \u00e0 un dialogue s\u00e9rieux et un consensus constructif entre les diff\u00e9rentes parties prenantes.<\/p>\n\n\n\n<p>Malgr\u00e9 les acquis r\u00e9alis\u00e9s lors du premier round de dialogue social, \u201cil y a encore de grands d\u00e9fis exigeant plus de r\u00e9silience et d\u2019audace dans les rounds qui restent, au premier rang desquels la mise en place de m\u00e9canismes pour accompagner l\u2019institutionnalisation du dialogue social via l\u2019\u00e9laboration d\u2019une vision commune pour la mise en place de l\u2019Observatoire national du dialogue social et de l\u2019Acad\u00e9mie de la formation dans le domaine du travail, de l\u2019emploi et du climat social, en tant que m\u00e9canismes d\u2019accompagnement pour l\u2019institutionnalisation du dialogue social\u201d, a-t-il ajout\u00e9.<\/p>\n\n\n\n<p>Dans cette lign\u00e9e, M. Akhannouch a fait observer que l\u2019ex\u00e9cutif a proc\u00e9d\u00e9 lors des derniers rounds au traitement d\u2019une s\u00e9rie de questions d\u2019actualit\u00e9 qui ont \u00e9t\u00e9 report\u00e9es avec les partenaires socio-\u00e9conomiques, conform\u00e9ment \u00e0 l\u2019\u00e9ch\u00e9ancier arr\u00eat\u00e9 par l\u2019accord du 30 avril 2022, portant notamment sur la r\u00e9vision du r\u00e9gime de l\u2019imp\u00f4t sur le revenu, la r\u00e9forme des r\u00e9gimes de retraite et le r\u00e9examen d\u2019un ensemble de l\u00e9gislations du travail.<\/p>\n\n\n\n<p>Dans ce sillage, il a relev\u00e9 que \u201cle gouvernement a pour la premi\u00e8re fois men\u00e9 des concertations avec les partenaires socio-\u00e9conomiques via leur implication dans la phase d\u2019\u00e9laboration du dialogue social\u201d, ajoutant que l\u2019ex\u00e9cutif a \u00e9galement tenu des r\u00e9unions avec eux avant de pr\u00e9senter le projet de Loi de finances pour discuter de leur revendication et propositions et les ins\u00e9rer dans le PLF dans la mesure du possible.<\/p>\n\n\n\n<p>Le&nbsp;chef du gouvernement a, dans ce sens, mis en exergue l\u2019importance de ces \u00e9changes lors du second round de dialogue social, permettant ainsi d\u2019introduire une s\u00e9rie de mesures fiscales visant \u00e0 all\u00e9ger la charge fiscale des retrait\u00e9s et des salari\u00e9s \u00e0 revenu moyen, faisant savoir que dans le cadre d\u2019une coordination constante avec les partenaires sociaux, le gouvernement s\u2019est engag\u00e9 \u201cen toute responsabilit\u00e9\u201d, \u00e0 entamer la mise en \u0153uvre de la r\u00e9forme du r\u00e9gime de retraites, \u00e0 compter de l\u2019ann\u00e9e 2023.<\/p>\n\n\n\n<p>Par ailleurs, il a indiqu\u00e9 qu\u2019il a \u00e9t\u00e9 convenu avec les partenaires socio-\u00e9conomiques de r\u00e9viser une s\u00e9rie de l\u00e9gislations du travail, \u00e0 travers un \u00e9ch\u00e9ancier bien d\u00e9fini, portant sur la promulgation de la loi organique d\u00e9finissant les conditions et les modalit\u00e9s d\u2019exercice du droit de gr\u00e8ve et la r\u00e9vision des dispositions du Code du travail et des mesures l\u00e9gales pour les \u00e9lections professionnelles, ainsi que l\u2019adoption de la loi relative aux organisations syndicales, selon des dates pr\u00e9cises qui seront fix\u00e9es par les diff\u00e9rents syndicats.<\/p>\n","protected":false},"excerpt":{"rendered":"<p>Dpress &nbsp;Le Chef de gouvernement, Aziz Akhannouch, a affirm\u00e9, mardi \u00e0 Rabat, que l\u2019engagement continu dans le processus de l\u2019institutionnalisation du dialogue social dans le Royaume est \u00e0 m\u00eame de donner une impulsion suppl\u00e9mentaire pour garantir les conditions n\u00e9cessaires pour d\u00e9velopper la production et permettre aux entreprises de faire face aux d\u00e9fis \u00e9conomiques. R\u00e9pondant \u00e0 &hellip;<\/p>\n","protected":false},"author":2,"featured_media":2694,"comment_status":"open","ping_status":"open","sticky":false,"template":"","format":"standard","meta":{"footnotes":""},"categories":[26],"tags":[],"class_list":["post-2693","post","type-post","status-publish","format-standard","has-post-thumbnail","hentry","category-politiques"],"yoast_head":"<!-- This site is optimized with the Yoast SEO plugin v27.5 - https:\/\/yoast.com\/product\/yoast-seo-wordpress\/ -->\n<title>L\u2019institutionnalisation du dialogue social contribue \u00e0 garantir les conditions n\u00e9cessaires pour d\u00e9velopper la production (M. Akhannouch) - Dpress.ma\/fr<\/title>\n<meta name=\"description\" content=\"Le Chef de gouvernement, Aziz Akhannouch, a affirm\u00e9, mardi \u00e0 Rabat, que l\u2019engagement continu dans le processus de l\u2019institutionnalisation du dialogue social dans le Royaume est \u00e0 m\u00eame de donner une impulsion suppl\u00e9mentaire pour garantir les conditions n\u00e9cessaires pour d\u00e9velopper la production et permettre aux entreprises de faire face aux d\u00e9fis \u00e9conomiques.\" \/>\n<meta name=\"robots\" content=\"index, follow, max-snippet:-1, max-image-preview:large, max-video-preview:-1\" \/>\n<link rel=\"canonical\" href=\"https:\/\/dpress.ma\/fr\/2022\/11\/30\/linstitutionnalisation-du-dialogue-social-contribue-a-garantir-les-conditions-necessaires-pour-developper-la-production-m-akhannouch\/\" \/>\n<meta property=\"og:locale\" content=\"fr_FR\" \/>\n<meta property=\"og:type\" content=\"article\" \/>\n<meta property=\"og:title\" content=\"L\u2019institutionnalisation du dialogue social contribue \u00e0 garantir les conditions n\u00e9cessaires pour d\u00e9velopper la production (M. Akhannouch) - Dpress.ma\/fr\" \/>\n<meta property=\"og:description\" content=\"Le Chef de gouvernement, Aziz Akhannouch, a affirm\u00e9, mardi \u00e0 Rabat, que l\u2019engagement continu dans le processus de l\u2019institutionnalisation du dialogue social dans le Royaume est \u00e0 m\u00eame de donner une impulsion suppl\u00e9mentaire pour garantir les conditions n\u00e9cessaires pour d\u00e9velopper la production et permettre aux entreprises de faire face aux d\u00e9fis \u00e9conomiques.\" \/>\n<meta property=\"og:url\" content=\"https:\/\/dpress.ma\/fr\/2022\/11\/30\/linstitutionnalisation-du-dialogue-social-contribue-a-garantir-les-conditions-necessaires-pour-developper-la-production-m-akhannouch\/\" \/>\n<meta property=\"og:site_name\" content=\"Dpress.ma\/fr\" \/>\n<meta property=\"article:published_time\" content=\"2022-11-30T17:01:41+00:00\" \/>\n<meta property=\"article:modified_time\" content=\"2022-11-30T17:01:43+00:00\" \/>\n<meta property=\"og:image\" content=\"https:\/\/dpress.ma\/fr\/wp-content\/uploads\/sites\/2\/2022\/11\/dimensions2-64.jpg\" \/>\n\t<meta property=\"og:image:width\" content=\"2539\" \/>\n\t<meta property=\"og:image:height\" content=\"1594\" \/>\n\t<meta property=\"og:image:type\" content=\"image\/jpeg\" \/>\n<meta name=\"author\" content=\"Dpress.ma\" \/>\n<meta name=\"twitter:card\" content=\"summary_large_image\" \/>\n<meta name=\"twitter:label1\" content=\"\u00c9crit par\" \/>\n\t<meta name=\"twitter:data1\" content=\"Dpress.ma\" \/>\n\t<meta name=\"twitter:label2\" content=\"Dur\u00e9e de lecture estim\u00e9e\" \/>\n\t<meta name=\"twitter:data2\" content=\"4 minutes\" \/>\n<script type=\"application\/ld+json\" class=\"yoast-schema-graph\">{\"@context\":\"https:\\\/\\\/schema.org\",\"@graph\":[{\"@type\":\"Article\",\"@id\":\"https:\\\/\\\/dpress.ma\\\/fr\\\/2022\\\/11\\\/30\\\/linstitutionnalisation-du-dialogue-social-contribue-a-garantir-les-conditions-necessaires-pour-developper-la-production-m-akhannouch\\\/#article\",\"isPartOf\":{\"@id\":\"https:\\\/\\\/dpress.ma\\\/fr\\\/2022\\\/11\\\/30\\\/linstitutionnalisation-du-dialogue-social-contribue-a-garantir-les-conditions-necessaires-pour-developper-la-production-m-akhannouch\\\/\"},\"author\":{\"name\":\"Dpress.ma\",\"@id\":\"https:\\\/\\\/dpress.ma\\\/fr\\\/#\\\/schema\\\/person\\\/4898febf3ccd59e6578d838656a306a0\"},\"headline\":\"L\u2019institutionnalisation du dialogue social contribue \u00e0 garantir les conditions n\u00e9cessaires pour d\u00e9velopper la production (M. Akhannouch)\",\"datePublished\":\"2022-11-30T17:01:41+00:00\",\"dateModified\":\"2022-11-30T17:01:43+00:00\",\"mainEntityOfPage\":{\"@id\":\"https:\\\/\\\/dpress.ma\\\/fr\\\/2022\\\/11\\\/30\\\/linstitutionnalisation-du-dialogue-social-contribue-a-garantir-les-conditions-necessaires-pour-developper-la-production-m-akhannouch\\\/\"},\"wordCount\":787,\"commentCount\":0,\"image\":{\"@id\":\"https:\\\/\\\/dpress.ma\\\/fr\\\/2022\\\/11\\\/30\\\/linstitutionnalisation-du-dialogue-social-contribue-a-garantir-les-conditions-necessaires-pour-developper-la-production-m-akhannouch\\\/#primaryimage\"},\"thumbnailUrl\":\"https:\\\/\\\/dpress.ma\\\/fr\\\/wp-content\\\/uploads\\\/sites\\\/2\\\/2022\\\/11\\\/dimensions2-64.jpg\",\"articleSection\":[\"Politiques\"],\"inLanguage\":\"fr-FR\",\"potentialAction\":[{\"@type\":\"CommentAction\",\"name\":\"Comment\",\"target\":[\"https:\\\/\\\/dpress.ma\\\/fr\\\/2022\\\/11\\\/30\\\/linstitutionnalisation-du-dialogue-social-contribue-a-garantir-les-conditions-necessaires-pour-developper-la-production-m-akhannouch\\\/#respond\"]}]},{\"@type\":\"WebPage\",\"@id\":\"https:\\\/\\\/dpress.ma\\\/fr\\\/2022\\\/11\\\/30\\\/linstitutionnalisation-du-dialogue-social-contribue-a-garantir-les-conditions-necessaires-pour-developper-la-production-m-akhannouch\\\/\",\"url\":\"https:\\\/\\\/dpress.ma\\\/fr\\\/2022\\\/11\\\/30\\\/linstitutionnalisation-du-dialogue-social-contribue-a-garantir-les-conditions-necessaires-pour-developper-la-production-m-akhannouch\\\/\",\"name\":\"L\u2019institutionnalisation du dialogue social contribue \u00e0 garantir les conditions n\u00e9cessaires pour d\u00e9velopper la production (M. Akhannouch) - Dpress.ma\\\/fr\",\"isPartOf\":{\"@id\":\"https:\\\/\\\/dpress.ma\\\/fr\\\/#website\"},\"primaryImageOfPage\":{\"@id\":\"https:\\\/\\\/dpress.ma\\\/fr\\\/2022\\\/11\\\/30\\\/linstitutionnalisation-du-dialogue-social-contribue-a-garantir-les-conditions-necessaires-pour-developper-la-production-m-akhannouch\\\/#primaryimage\"},\"image\":{\"@id\":\"https:\\\/\\\/dpress.ma\\\/fr\\\/2022\\\/11\\\/30\\\/linstitutionnalisation-du-dialogue-social-contribue-a-garantir-les-conditions-necessaires-pour-developper-la-production-m-akhannouch\\\/#primaryimage\"},\"thumbnailUrl\":\"https:\\\/\\\/dpress.ma\\\/fr\\\/wp-content\\\/uploads\\\/sites\\\/2\\\/2022\\\/11\\\/dimensions2-64.jpg\",\"datePublished\":\"2022-11-30T17:01:41+00:00\",\"dateModified\":\"2022-11-30T17:01:43+00:00\",\"author\":{\"@id\":\"https:\\\/\\\/dpress.ma\\\/fr\\\/#\\\/schema\\\/person\\\/4898febf3ccd59e6578d838656a306a0\"},\"description\":\"Le Chef de gouvernement, Aziz Akhannouch, a affirm\u00e9, mardi \u00e0 Rabat, que l\u2019engagement continu dans le processus de l\u2019institutionnalisation du dialogue social dans le Royaume est \u00e0 m\u00eame de donner une impulsion suppl\u00e9mentaire pour garantir les conditions n\u00e9cessaires pour d\u00e9velopper la production et permettre aux entreprises de faire face aux d\u00e9fis \u00e9conomiques.\",\"breadcrumb\":{\"@id\":\"https:\\\/\\\/dpress.ma\\\/fr\\\/2022\\\/11\\\/30\\\/linstitutionnalisation-du-dialogue-social-contribue-a-garantir-les-conditions-necessaires-pour-developper-la-production-m-akhannouch\\\/#breadcrumb\"},\"inLanguage\":\"fr-FR\",\"potentialAction\":[{\"@type\":\"ReadAction\",\"target\":[\"https:\\\/\\\/dpress.ma\\\/fr\\\/2022\\\/11\\\/30\\\/linstitutionnalisation-du-dialogue-social-contribue-a-garantir-les-conditions-necessaires-pour-developper-la-production-m-akhannouch\\\/\"]}]},{\"@type\":\"ImageObject\",\"inLanguage\":\"fr-FR\",\"@id\":\"https:\\\/\\\/dpress.ma\\\/fr\\\/2022\\\/11\\\/30\\\/linstitutionnalisation-du-dialogue-social-contribue-a-garantir-les-conditions-necessaires-pour-developper-la-production-m-akhannouch\\\/#primaryimage\",\"url\":\"https:\\\/\\\/dpress.ma\\\/fr\\\/wp-content\\\/uploads\\\/sites\\\/2\\\/2022\\\/11\\\/dimensions2-64.jpg\",\"contentUrl\":\"https:\\\/\\\/dpress.ma\\\/fr\\\/wp-content\\\/uploads\\\/sites\\\/2\\\/2022\\\/11\\\/dimensions2-64.jpg\",\"width\":2539,\"height\":1594},{\"@type\":\"BreadcrumbList\",\"@id\":\"https:\\\/\\\/dpress.ma\\\/fr\\\/2022\\\/11\\\/30\\\/linstitutionnalisation-du-dialogue-social-contribue-a-garantir-les-conditions-necessaires-pour-developper-la-production-m-akhannouch\\\/#breadcrumb\",\"itemListElement\":[{\"@type\":\"ListItem\",\"position\":1,\"name\":\"Home\",\"item\":\"https:\\\/\\\/dpress.ma\\\/fr\\\/\"},{\"@type\":\"ListItem\",\"position\":2,\"name\":\"L\u2019institutionnalisation du dialogue social contribue \u00e0 garantir les conditions n\u00e9cessaires pour d\u00e9velopper la production (M. Akhannouch)\"}]},{\"@type\":\"WebSite\",\"@id\":\"https:\\\/\\\/dpress.ma\\\/fr\\\/#website\",\"url\":\"https:\\\/\\\/dpress.ma\\\/fr\\\/\",\"name\":\"Dpress.ma\\\/fr\",\"description\":\"\",\"potentialAction\":[{\"@type\":\"SearchAction\",\"target\":{\"@type\":\"EntryPoint\",\"urlTemplate\":\"https:\\\/\\\/dpress.ma\\\/fr\\\/?s={search_term_string}\"},\"query-input\":{\"@type\":\"PropertyValueSpecification\",\"valueRequired\":true,\"valueName\":\"search_term_string\"}}],\"inLanguage\":\"fr-FR\"},{\"@type\":\"Person\",\"@id\":\"https:\\\/\\\/dpress.ma\\\/fr\\\/#\\\/schema\\\/person\\\/4898febf3ccd59e6578d838656a306a0\",\"name\":\"Dpress.ma\",\"image\":{\"@type\":\"ImageObject\",\"inLanguage\":\"fr-FR\",\"@id\":\"https:\\\/\\\/secure.gravatar.com\\\/avatar\\\/72ecc30e9db047a2e0e7176561eb9d564ed77c8108376495b19bd8336405198a?s=96&d=mm&r=g\",\"url\":\"https:\\\/\\\/secure.gravatar.com\\\/avatar\\\/72ecc30e9db047a2e0e7176561eb9d564ed77c8108376495b19bd8336405198a?s=96&d=mm&r=g\",\"contentUrl\":\"https:\\\/\\\/secure.gravatar.com\\\/avatar\\\/72ecc30e9db047a2e0e7176561eb9d564ed77c8108376495b19bd8336405198a?s=96&d=mm&r=g\",\"caption\":\"Dpress.ma\"},\"sameAs\":[\"https:\\\/\\\/www.dpress.ma\"],\"url\":\"https:\\\/\\\/dpress.ma\\\/fr\\\/author\\\/dpress-ma\\\/\"}]}<\/script>\n<!-- \/ Yoast SEO plugin. -->","yoast_head_json":{"title":"L\u2019institutionnalisation du dialogue social contribue \u00e0 garantir les conditions n\u00e9cessaires pour d\u00e9velopper la production (M. Akhannouch) - Dpress.ma\/fr","description":"Le Chef de gouvernement, Aziz Akhannouch, a affirm\u00e9, mardi \u00e0 Rabat, que l\u2019engagement continu dans le processus de l\u2019institutionnalisation du dialogue social dans le Royaume est \u00e0 m\u00eame de donner une impulsion suppl\u00e9mentaire pour garantir les conditions n\u00e9cessaires pour d\u00e9velopper la production et permettre aux entreprises de faire face aux d\u00e9fis \u00e9conomiques.","robots":{"index":"index","follow":"follow","max-snippet":"max-snippet:-1","max-image-preview":"max-image-preview:large","max-video-preview":"max-video-preview:-1"},"canonical":"https:\/\/dpress.ma\/fr\/2022\/11\/30\/linstitutionnalisation-du-dialogue-social-contribue-a-garantir-les-conditions-necessaires-pour-developper-la-production-m-akhannouch\/","og_locale":"fr_FR","og_type":"article","og_title":"L\u2019institutionnalisation du dialogue social contribue \u00e0 garantir les conditions n\u00e9cessaires pour d\u00e9velopper la production (M. Akhannouch) - Dpress.ma\/fr","og_description":"Le Chef de gouvernement, Aziz Akhannouch, a affirm\u00e9, mardi \u00e0 Rabat, que l\u2019engagement continu dans le processus de l\u2019institutionnalisation du dialogue social dans le Royaume est \u00e0 m\u00eame de donner une impulsion suppl\u00e9mentaire pour garantir les conditions n\u00e9cessaires pour d\u00e9velopper la production et permettre aux entreprises de faire face aux d\u00e9fis \u00e9conomiques.","og_url":"https:\/\/dpress.ma\/fr\/2022\/11\/30\/linstitutionnalisation-du-dialogue-social-contribue-a-garantir-les-conditions-necessaires-pour-developper-la-production-m-akhannouch\/","og_site_name":"Dpress.ma\/fr","article_published_time":"2022-11-30T17:01:41+00:00","article_modified_time":"2022-11-30T17:01:43+00:00","og_image":[{"width":2539,"height":1594,"url":"https:\/\/dpress.ma\/fr\/wp-content\/uploads\/sites\/2\/2022\/11\/dimensions2-64.jpg","type":"image\/jpeg"}],"author":"Dpress.ma","twitter_card":"summary_large_image","twitter_misc":{"\u00c9crit par":"Dpress.ma","Dur\u00e9e de lecture estim\u00e9e":"4 minutes"},"schema":{"@context":"https:\/\/schema.org","@graph":[{"@type":"Article","@id":"https:\/\/dpress.ma\/fr\/2022\/11\/30\/linstitutionnalisation-du-dialogue-social-contribue-a-garantir-les-conditions-necessaires-pour-developper-la-production-m-akhannouch\/#article","isPartOf":{"@id":"https:\/\/dpress.ma\/fr\/2022\/11\/30\/linstitutionnalisation-du-dialogue-social-contribue-a-garantir-les-conditions-necessaires-pour-developper-la-production-m-akhannouch\/"},"author":{"name":"Dpress.ma","@id":"https:\/\/dpress.ma\/fr\/#\/schema\/person\/4898febf3ccd59e6578d838656a306a0"},"headline":"L\u2019institutionnalisation du dialogue social contribue \u00e0 garantir les conditions n\u00e9cessaires pour d\u00e9velopper la production (M. Akhannouch)","datePublished":"2022-11-30T17:01:41+00:00","dateModified":"2022-11-30T17:01:43+00:00","mainEntityOfPage":{"@id":"https:\/\/dpress.ma\/fr\/2022\/11\/30\/linstitutionnalisation-du-dialogue-social-contribue-a-garantir-les-conditions-necessaires-pour-developper-la-production-m-akhannouch\/"},"wordCount":787,"commentCount":0,"image":{"@id":"https:\/\/dpress.ma\/fr\/2022\/11\/30\/linstitutionnalisation-du-dialogue-social-contribue-a-garantir-les-conditions-necessaires-pour-developper-la-production-m-akhannouch\/#primaryimage"},"thumbnailUrl":"https:\/\/dpress.ma\/fr\/wp-content\/uploads\/sites\/2\/2022\/11\/dimensions2-64.jpg","articleSection":["Politiques"],"inLanguage":"fr-FR","potentialAction":[{"@type":"CommentAction","name":"Comment","target":["https:\/\/dpress.ma\/fr\/2022\/11\/30\/linstitutionnalisation-du-dialogue-social-contribue-a-garantir-les-conditions-necessaires-pour-developper-la-production-m-akhannouch\/#respond"]}]},{"@type":"WebPage","@id":"https:\/\/dpress.ma\/fr\/2022\/11\/30\/linstitutionnalisation-du-dialogue-social-contribue-a-garantir-les-conditions-necessaires-pour-developper-la-production-m-akhannouch\/","url":"https:\/\/dpress.ma\/fr\/2022\/11\/30\/linstitutionnalisation-du-dialogue-social-contribue-a-garantir-les-conditions-necessaires-pour-developper-la-production-m-akhannouch\/","name":"L\u2019institutionnalisation du dialogue social contribue \u00e0 garantir les conditions n\u00e9cessaires pour d\u00e9velopper la production (M. Akhannouch) - Dpress.ma\/fr","isPartOf":{"@id":"https:\/\/dpress.ma\/fr\/#website"},"primaryImageOfPage":{"@id":"https:\/\/dpress.ma\/fr\/2022\/11\/30\/linstitutionnalisation-du-dialogue-social-contribue-a-garantir-les-conditions-necessaires-pour-developper-la-production-m-akhannouch\/#primaryimage"},"image":{"@id":"https:\/\/dpress.ma\/fr\/2022\/11\/30\/linstitutionnalisation-du-dialogue-social-contribue-a-garantir-les-conditions-necessaires-pour-developper-la-production-m-akhannouch\/#primaryimage"},"thumbnailUrl":"https:\/\/dpress.ma\/fr\/wp-content\/uploads\/sites\/2\/2022\/11\/dimensions2-64.jpg","datePublished":"2022-11-30T17:01:41+00:00","dateModified":"2022-11-30T17:01:43+00:00","author":{"@id":"https:\/\/dpress.ma\/fr\/#\/schema\/person\/4898febf3ccd59e6578d838656a306a0"},"description":"Le Chef de gouvernement, Aziz Akhannouch, a affirm\u00e9, mardi \u00e0 Rabat, que l\u2019engagement continu dans le processus de l\u2019institutionnalisation du dialogue social dans le Royaume est \u00e0 m\u00eame de donner une impulsion suppl\u00e9mentaire pour garantir les conditions n\u00e9cessaires pour d\u00e9velopper la production et permettre aux entreprises de faire face aux d\u00e9fis \u00e9conomiques.","breadcrumb":{"@id":"https:\/\/dpress.ma\/fr\/2022\/11\/30\/linstitutionnalisation-du-dialogue-social-contribue-a-garantir-les-conditions-necessaires-pour-developper-la-production-m-akhannouch\/#breadcrumb"},"inLanguage":"fr-FR","potentialAction":[{"@type":"ReadAction","target":["https:\/\/dpress.ma\/fr\/2022\/11\/30\/linstitutionnalisation-du-dialogue-social-contribue-a-garantir-les-conditions-necessaires-pour-developper-la-production-m-akhannouch\/"]}]},{"@type":"ImageObject","inLanguage":"fr-FR","@id":"https:\/\/dpress.ma\/fr\/2022\/11\/30\/linstitutionnalisation-du-dialogue-social-contribue-a-garantir-les-conditions-necessaires-pour-developper-la-production-m-akhannouch\/#primaryimage","url":"https:\/\/dpress.ma\/fr\/wp-content\/uploads\/sites\/2\/2022\/11\/dimensions2-64.jpg","contentUrl":"https:\/\/dpress.ma\/fr\/wp-content\/uploads\/sites\/2\/2022\/11\/dimensions2-64.jpg","width":2539,"height":1594},{"@type":"BreadcrumbList","@id":"https:\/\/dpress.ma\/fr\/2022\/11\/30\/linstitutionnalisation-du-dialogue-social-contribue-a-garantir-les-conditions-necessaires-pour-developper-la-production-m-akhannouch\/#breadcrumb","itemListElement":[{"@type":"ListItem","position":1,"name":"Home","item":"https:\/\/dpress.ma\/fr\/"},{"@type":"ListItem","position":2,"name":"L\u2019institutionnalisation du dialogue social contribue \u00e0 garantir les conditions n\u00e9cessaires pour d\u00e9velopper la production (M. Akhannouch)"}]},{"@type":"WebSite","@id":"https:\/\/dpress.ma\/fr\/#website","url":"https:\/\/dpress.ma\/fr\/","name":"Dpress.ma\/fr","description":"","potentialAction":[{"@type":"SearchAction","target":{"@type":"EntryPoint","urlTemplate":"https:\/\/dpress.ma\/fr\/?s={search_term_string}"},"query-input":{"@type":"PropertyValueSpecification","valueRequired":true,"valueName":"search_term_string"}}],"inLanguage":"fr-FR"},{"@type":"Person","@id":"https:\/\/dpress.ma\/fr\/#\/schema\/person\/4898febf3ccd59e6578d838656a306a0","name":"Dpress.ma","image":{"@type":"ImageObject","inLanguage":"fr-FR","@id":"https:\/\/secure.gravatar.com\/avatar\/72ecc30e9db047a2e0e7176561eb9d564ed77c8108376495b19bd8336405198a?s=96&d=mm&r=g","url":"https:\/\/secure.gravatar.com\/avatar\/72ecc30e9db047a2e0e7176561eb9d564ed77c8108376495b19bd8336405198a?s=96&d=mm&r=g","contentUrl":"https:\/\/secure.gravatar.com\/avatar\/72ecc30e9db047a2e0e7176561eb9d564ed77c8108376495b19bd8336405198a?s=96&d=mm&r=g","caption":"Dpress.ma"},"sameAs":["https:\/\/www.dpress.ma"],"url":"https:\/\/dpress.ma\/fr\/author\/dpress-ma\/"}]}},"amp_enabled":true,"_links":{"self":[{"href":"https:\/\/dpress.ma\/fr\/wp-json\/wp\/v2\/posts\/2693","targetHints":{"allow":["GET"]}}],"collection":[{"href":"https:\/\/dpress.ma\/fr\/wp-json\/wp\/v2\/posts"}],"about":[{"href":"https:\/\/dpress.ma\/fr\/wp-json\/wp\/v2\/types\/post"}],"author":[{"embeddable":true,"href":"https:\/\/dpress.ma\/fr\/wp-json\/wp\/v2\/users\/2"}],"replies":[{"embeddable":true,"href":"https:\/\/dpress.ma\/fr\/wp-json\/wp\/v2\/comments?post=2693"}],"version-history":[{"count":1,"href":"https:\/\/dpress.ma\/fr\/wp-json\/wp\/v2\/posts\/2693\/revisions"}],"predecessor-version":[{"id":2695,"href":"https:\/\/dpress.ma\/fr\/wp-json\/wp\/v2\/posts\/2693\/revisions\/2695"}],"wp:featuredmedia":[{"embeddable":true,"href":"https:\/\/dpress.ma\/fr\/wp-json\/wp\/v2\/media\/2694"}],"wp:attachment":[{"href":"https:\/\/dpress.ma\/fr\/wp-json\/wp\/v2\/media?parent=2693"}],"wp:term":[{"taxonomy":"category","embeddable":true,"href":"https:\/\/dpress.ma\/fr\/wp-json\/wp\/v2\/categories?post=2693"},{"taxonomy":"post_tag","embeddable":true,"href":"https:\/\/dpress.ma\/fr\/wp-json\/wp\/v2\/tags?post=2693"}],"curies":[{"name":"wp","href":"https:\/\/api.w.org\/{rel}","templated":true}]}}