{"id":2687,"date":"2022-11-29T17:07:36","date_gmt":"2022-11-29T17:07:36","guid":{"rendered":"https:\/\/dpress.ma\/fr\/?p=2687"},"modified":"2022-11-29T17:07:38","modified_gmt":"2022-11-29T17:07:38","slug":"protection-du-patrimoine-le-maroc-et-lunesco-scellent-un-accord-cadre-de-partenariat","status":"publish","type":"post","link":"https:\/\/dpress.ma\/fr\/2022\/11\/29\/protection-du-patrimoine-le-maroc-et-lunesco-scellent-un-accord-cadre-de-partenariat\/","title":{"rendered":"Protection du patrimoine : le Maroc et l\u2019UNESCO scellent un accord-cadre de partenariat"},"content":{"rendered":"\n<p>Dpress<\/p>\n\n\n\n<p>Le Maroc et l\u2019UNESCO ont sign\u00e9, mardi \u00e0 Rabat, un accord-cadre de partenariat visant \u00e0 mettre l\u2019expertise marocaine en mati\u00e8re de protection du patrimoine \u00e0 la disposition d\u2019autres pays d\u2019Afrique subsaharienne.<\/p>\n\n\n\n<p>En vertu de cet accord-cadre, paraph\u00e9 par le ministre de la Jeunesse, de la Culture et de la Communication, Mohammed Mehdi Bensaid, et la Directrice G\u00e9n\u00e9rale de l\u2019UNESCO, Audrey Azoulay, les deux parties conviennent d\u2019apporter leur expertise \u00e0 des activit\u00e9s de renforcement des capacit\u00e9s dans le domaine du patrimoine mondial, de celles des acteurs de la lutte contre le trafic illicite des biens culturels ainsi que des sp\u00e9cialistes des mus\u00e9es pour contribuer \u00e0 la lutte contre le trafic illicite de ces biens et \u00e0 la conservation des collections, \u00e0 l\u2019\u00e9tablissement d\u2019inventaires et \u00e0 la promotion du r\u00f4le des mus\u00e9es en Afrique pour les soci\u00e9t\u00e9s.<\/p>\n\n\n\n<p>En plus du renforcement des capacit\u00e9s, ce partenariat comporte aussi un volet de coop\u00e9ration technique avec l\u2019UNESCO \u201cpour la mise en \u0153uvre de missions de courte ou de longue dur\u00e9e d\u2019experts marocains dans les Etats b\u00e9n\u00e9ficiaires, l\u2019accueil dans des organismes publics au Maroc de fonctionnaires ou de techniciens en provenance des Etats b\u00e9n\u00e9ficiaires pour des programmes de formation, l\u2019organisation dans les Etats b\u00e9n\u00e9ficiaires de sessions de formation de courte ou de longue dur\u00e9e, ainsi que de s\u00e9minaires techniques et la participation du partenaire aux diff\u00e9rents \u00e9v\u00e9nements nationaux et internationaux organis\u00e9s par l\u2019UNESCO\u201d.<\/p>\n\n\n\n<p>Dans une d\u00e9claration \u00e0 la presse, Mme Azoulay a mis en avant l\u2019importance de ce partenariat qui vise \u00e0 apporter de l\u2019aide aux pays d\u2019Afrique subsaharienne sur les plans de la formation d\u2019experts en patrimoine, de la conservation, de la valorisation et de l\u2019inscription de nouveaux sites, notamment pour les 12 pays africains qui n\u2019ont aucun site inscrit sur la liste du patrimoine mondial.<\/p>\n\n\n\n<p>De son c\u00f4t\u00e9, M. Bensaid s\u2019est r\u00e9joui de la signature de ce partenariat avec l\u2019UNESCO, soulignant la vision Royale \u00e9clair\u00e9e pour la protection du patrimoine national ainsi que l\u2019engagement du Royaume et sa volont\u00e9 de mettre son savoir-faire et son expertise \u00e0 la disposition des pays du continent.<\/p>\n\n\n\n<p>A cette occasion, le ministre a relev\u00e9 que la cr\u00e9ation du centre national pour le patrimoine culturel immat\u00e9riel,&nbsp;annonc\u00e9e par SM le Roi Mohammed VI dans Son message adress\u00e9 aux participants \u00e0 la 17\u00e8me session du Comit\u00e9 intergouvernemental de l\u2019UNESCO pour la sauvegarde du patrimoine culturel immat\u00e9riel, s\u2019inscrit dans le cadre de cette vision de partage d\u2019exp\u00e9riences.<\/p>\n\n\n\n<p>Outre le Maroc, le Comit\u00e9 intergouvernemental de l\u2019UNESCO pour la sauvegarde du patrimoine culturel immat\u00e9riel comprend l\u2019Allemagne, l\u2019Angola, l\u2019Arabie saoudite, le Bangladesh, le Botswana, le Br\u00e9sil, le Burkina Faso, la C\u00f4te d\u2019Ivoire, l\u2019\u00c9thiopie, l\u2019Inde, la Malaisie, la Mauritanie, l\u2019Ouzb\u00e9kistan, le Panama, le Paraguay, le P\u00e9rou, la R\u00e9publique de Cor\u00e9e, le Rwanda, la Slovaquie, la Su\u00e8de, la Suisse, la Tch\u00e9quie et le Vietnam.<\/p>\n\n\n\n<p>Le Comit\u00e9 est charg\u00e9 notamment de promouvoir les objectifs de la Convention de sauvegarde du patrimoine culturel immat\u00e9riel, de donner des conseils sur les meilleures pratiques et de formuler des recommandations sur les mesures de sauvegarde du patrimoine culturel immat\u00e9riel.&nbsp;Il \u00e9tudie \u00e9galement les demandes d\u2019inscription sur les listes de l\u2019UNESCO, ainsi que des propositions de programmes ou de projets.<\/p>\n","protected":false},"excerpt":{"rendered":"<p>Dpress Le Maroc et l\u2019UNESCO ont sign\u00e9, mardi \u00e0 Rabat, un accord-cadre de partenariat visant \u00e0 mettre l\u2019expertise marocaine en mati\u00e8re de protection du patrimoine \u00e0 la disposition d\u2019autres pays d\u2019Afrique subsaharienne. En vertu de cet accord-cadre, paraph\u00e9 par le ministre de la Jeunesse, de la Culture et de la Communication, Mohammed Mehdi Bensaid, et &hellip;<\/p>\n","protected":false},"author":2,"featured_media":2688,"comment_status":"open","ping_status":"open","sticky":false,"template":"","format":"standard","meta":{"footnotes":""},"categories":[31,33],"tags":[],"class_list":["post-2687","post","type-post","status-publish","format-standard","has-post-thumbnail","hentry","category-art-et-culture","category-diplomatie-parallele"],"yoast_head":"<!-- This site is optimized with the Yoast SEO plugin v27.5 - https:\/\/yoast.com\/product\/yoast-seo-wordpress\/ -->\n<title>Protection du patrimoine : le Maroc et l\u2019UNESCO scellent un accord-cadre de partenariat - Dpress.ma\/fr<\/title>\n<meta name=\"description\" content=\"Le Maroc et l\u2019UNESCO ont sign\u00e9, mardi \u00e0 Rabat, un accord-cadre de partenariat visant \u00e0 mettre l\u2019expertise marocaine en mati\u00e8re de protection du patrimoine \u00e0 la disposition d\u2019autres pays d\u2019Afrique subsaharienne.\" \/>\n<meta name=\"robots\" content=\"index, follow, max-snippet:-1, max-image-preview:large, max-video-preview:-1\" \/>\n<link rel=\"canonical\" href=\"https:\/\/dpress.ma\/fr\/2022\/11\/29\/protection-du-patrimoine-le-maroc-et-lunesco-scellent-un-accord-cadre-de-partenariat\/\" \/>\n<meta property=\"og:locale\" content=\"fr_FR\" \/>\n<meta property=\"og:type\" content=\"article\" \/>\n<meta property=\"og:title\" content=\"Protection du patrimoine : le Maroc et l\u2019UNESCO scellent un accord-cadre de partenariat - Dpress.ma\/fr\" \/>\n<meta property=\"og:description\" content=\"Le Maroc et l\u2019UNESCO ont sign\u00e9, mardi \u00e0 Rabat, un accord-cadre de partenariat visant \u00e0 mettre l\u2019expertise marocaine en mati\u00e8re de protection du patrimoine \u00e0 la disposition d\u2019autres pays d\u2019Afrique subsaharienne.\" \/>\n<meta property=\"og:url\" content=\"https:\/\/dpress.ma\/fr\/2022\/11\/29\/protection-du-patrimoine-le-maroc-et-lunesco-scellent-un-accord-cadre-de-partenariat\/\" \/>\n<meta property=\"og:site_name\" content=\"Dpress.ma\/fr\" \/>\n<meta property=\"article:published_time\" content=\"2022-11-29T17:07:36+00:00\" \/>\n<meta property=\"article:modified_time\" content=\"2022-11-29T17:07:38+00:00\" \/>\n<meta property=\"og:image\" content=\"https:\/\/dpress.ma\/fr\/wp-content\/uploads\/sites\/2\/2022\/11\/dimensions2-63.jpg\" \/>\n\t<meta property=\"og:image:width\" content=\"2539\" \/>\n\t<meta property=\"og:image:height\" content=\"1594\" \/>\n\t<meta property=\"og:image:type\" content=\"image\/jpeg\" \/>\n<meta name=\"author\" content=\"Dpress.ma\" \/>\n<meta name=\"twitter:card\" content=\"summary_large_image\" \/>\n<meta name=\"twitter:label1\" content=\"\u00c9crit par\" \/>\n\t<meta name=\"twitter:data1\" content=\"Dpress.ma\" \/>\n\t<meta name=\"twitter:label2\" content=\"Dur\u00e9e de lecture estim\u00e9e\" \/>\n\t<meta name=\"twitter:data2\" content=\"3 minutes\" \/>\n<script type=\"application\/ld+json\" class=\"yoast-schema-graph\">{\"@context\":\"https:\\\/\\\/schema.org\",\"@graph\":[{\"@type\":\"Article\",\"@id\":\"https:\\\/\\\/dpress.ma\\\/fr\\\/2022\\\/11\\\/29\\\/protection-du-patrimoine-le-maroc-et-lunesco-scellent-un-accord-cadre-de-partenariat\\\/#article\",\"isPartOf\":{\"@id\":\"https:\\\/\\\/dpress.ma\\\/fr\\\/2022\\\/11\\\/29\\\/protection-du-patrimoine-le-maroc-et-lunesco-scellent-un-accord-cadre-de-partenariat\\\/\"},\"author\":{\"name\":\"Dpress.ma\",\"@id\":\"https:\\\/\\\/dpress.ma\\\/fr\\\/#\\\/schema\\\/person\\\/4898febf3ccd59e6578d838656a306a0\"},\"headline\":\"Protection du patrimoine : le Maroc et l\u2019UNESCO scellent un accord-cadre de partenariat\",\"datePublished\":\"2022-11-29T17:07:36+00:00\",\"dateModified\":\"2022-11-29T17:07:38+00:00\",\"mainEntityOfPage\":{\"@id\":\"https:\\\/\\\/dpress.ma\\\/fr\\\/2022\\\/11\\\/29\\\/protection-du-patrimoine-le-maroc-et-lunesco-scellent-un-accord-cadre-de-partenariat\\\/\"},\"wordCount\":601,\"commentCount\":0,\"image\":{\"@id\":\"https:\\\/\\\/dpress.ma\\\/fr\\\/2022\\\/11\\\/29\\\/protection-du-patrimoine-le-maroc-et-lunesco-scellent-un-accord-cadre-de-partenariat\\\/#primaryimage\"},\"thumbnailUrl\":\"https:\\\/\\\/dpress.ma\\\/fr\\\/wp-content\\\/uploads\\\/sites\\\/2\\\/2022\\\/11\\\/dimensions2-63.jpg\",\"articleSection\":[\"Art et Culture\",\"Diplomatie Parall\u00e8le\"],\"inLanguage\":\"fr-FR\",\"potentialAction\":[{\"@type\":\"CommentAction\",\"name\":\"Comment\",\"target\":[\"https:\\\/\\\/dpress.ma\\\/fr\\\/2022\\\/11\\\/29\\\/protection-du-patrimoine-le-maroc-et-lunesco-scellent-un-accord-cadre-de-partenariat\\\/#respond\"]}]},{\"@type\":\"WebPage\",\"@id\":\"https:\\\/\\\/dpress.ma\\\/fr\\\/2022\\\/11\\\/29\\\/protection-du-patrimoine-le-maroc-et-lunesco-scellent-un-accord-cadre-de-partenariat\\\/\",\"url\":\"https:\\\/\\\/dpress.ma\\\/fr\\\/2022\\\/11\\\/29\\\/protection-du-patrimoine-le-maroc-et-lunesco-scellent-un-accord-cadre-de-partenariat\\\/\",\"name\":\"Protection du patrimoine : le Maroc et l\u2019UNESCO scellent un accord-cadre de partenariat - Dpress.ma\\\/fr\",\"isPartOf\":{\"@id\":\"https:\\\/\\\/dpress.ma\\\/fr\\\/#website\"},\"primaryImageOfPage\":{\"@id\":\"https:\\\/\\\/dpress.ma\\\/fr\\\/2022\\\/11\\\/29\\\/protection-du-patrimoine-le-maroc-et-lunesco-scellent-un-accord-cadre-de-partenariat\\\/#primaryimage\"},\"image\":{\"@id\":\"https:\\\/\\\/dpress.ma\\\/fr\\\/2022\\\/11\\\/29\\\/protection-du-patrimoine-le-maroc-et-lunesco-scellent-un-accord-cadre-de-partenariat\\\/#primaryimage\"},\"thumbnailUrl\":\"https:\\\/\\\/dpress.ma\\\/fr\\\/wp-content\\\/uploads\\\/sites\\\/2\\\/2022\\\/11\\\/dimensions2-63.jpg\",\"datePublished\":\"2022-11-29T17:07:36+00:00\",\"dateModified\":\"2022-11-29T17:07:38+00:00\",\"author\":{\"@id\":\"https:\\\/\\\/dpress.ma\\\/fr\\\/#\\\/schema\\\/person\\\/4898febf3ccd59e6578d838656a306a0\"},\"description\":\"Le Maroc et l\u2019UNESCO ont sign\u00e9, mardi \u00e0 Rabat, un accord-cadre de partenariat visant \u00e0 mettre l\u2019expertise marocaine en mati\u00e8re de protection du patrimoine \u00e0 la disposition d\u2019autres pays d\u2019Afrique subsaharienne.\",\"breadcrumb\":{\"@id\":\"https:\\\/\\\/dpress.ma\\\/fr\\\/2022\\\/11\\\/29\\\/protection-du-patrimoine-le-maroc-et-lunesco-scellent-un-accord-cadre-de-partenariat\\\/#breadcrumb\"},\"inLanguage\":\"fr-FR\",\"potentialAction\":[{\"@type\":\"ReadAction\",\"target\":[\"https:\\\/\\\/dpress.ma\\\/fr\\\/2022\\\/11\\\/29\\\/protection-du-patrimoine-le-maroc-et-lunesco-scellent-un-accord-cadre-de-partenariat\\\/\"]}]},{\"@type\":\"ImageObject\",\"inLanguage\":\"fr-FR\",\"@id\":\"https:\\\/\\\/dpress.ma\\\/fr\\\/2022\\\/11\\\/29\\\/protection-du-patrimoine-le-maroc-et-lunesco-scellent-un-accord-cadre-de-partenariat\\\/#primaryimage\",\"url\":\"https:\\\/\\\/dpress.ma\\\/fr\\\/wp-content\\\/uploads\\\/sites\\\/2\\\/2022\\\/11\\\/dimensions2-63.jpg\",\"contentUrl\":\"https:\\\/\\\/dpress.ma\\\/fr\\\/wp-content\\\/uploads\\\/sites\\\/2\\\/2022\\\/11\\\/dimensions2-63.jpg\",\"width\":2539,\"height\":1594},{\"@type\":\"BreadcrumbList\",\"@id\":\"https:\\\/\\\/dpress.ma\\\/fr\\\/2022\\\/11\\\/29\\\/protection-du-patrimoine-le-maroc-et-lunesco-scellent-un-accord-cadre-de-partenariat\\\/#breadcrumb\",\"itemListElement\":[{\"@type\":\"ListItem\",\"position\":1,\"name\":\"Home\",\"item\":\"https:\\\/\\\/dpress.ma\\\/fr\\\/\"},{\"@type\":\"ListItem\",\"position\":2,\"name\":\"Protection du patrimoine : le Maroc et l\u2019UNESCO scellent un accord-cadre de partenariat\"}]},{\"@type\":\"WebSite\",\"@id\":\"https:\\\/\\\/dpress.ma\\\/fr\\\/#website\",\"url\":\"https:\\\/\\\/dpress.ma\\\/fr\\\/\",\"name\":\"Dpress.ma\\\/fr\",\"description\":\"\",\"potentialAction\":[{\"@type\":\"SearchAction\",\"target\":{\"@type\":\"EntryPoint\",\"urlTemplate\":\"https:\\\/\\\/dpress.ma\\\/fr\\\/?s={search_term_string}\"},\"query-input\":{\"@type\":\"PropertyValueSpecification\",\"valueRequired\":true,\"valueName\":\"search_term_string\"}}],\"inLanguage\":\"fr-FR\"},{\"@type\":\"Person\",\"@id\":\"https:\\\/\\\/dpress.ma\\\/fr\\\/#\\\/schema\\\/person\\\/4898febf3ccd59e6578d838656a306a0\",\"name\":\"Dpress.ma\",\"image\":{\"@type\":\"ImageObject\",\"inLanguage\":\"fr-FR\",\"@id\":\"https:\\\/\\\/secure.gravatar.com\\\/avatar\\\/72ecc30e9db047a2e0e7176561eb9d564ed77c8108376495b19bd8336405198a?s=96&d=mm&r=g\",\"url\":\"https:\\\/\\\/secure.gravatar.com\\\/avatar\\\/72ecc30e9db047a2e0e7176561eb9d564ed77c8108376495b19bd8336405198a?s=96&d=mm&r=g\",\"contentUrl\":\"https:\\\/\\\/secure.gravatar.com\\\/avatar\\\/72ecc30e9db047a2e0e7176561eb9d564ed77c8108376495b19bd8336405198a?s=96&d=mm&r=g\",\"caption\":\"Dpress.ma\"},\"sameAs\":[\"https:\\\/\\\/www.dpress.ma\"],\"url\":\"https:\\\/\\\/dpress.ma\\\/fr\\\/author\\\/dpress-ma\\\/\"}]}<\/script>\n<!-- \/ Yoast SEO plugin. -->","yoast_head_json":{"title":"Protection du patrimoine : le Maroc et l\u2019UNESCO scellent un accord-cadre de partenariat - Dpress.ma\/fr","description":"Le Maroc et l\u2019UNESCO ont sign\u00e9, mardi \u00e0 Rabat, un accord-cadre de partenariat visant \u00e0 mettre l\u2019expertise marocaine en mati\u00e8re de protection du patrimoine \u00e0 la disposition d\u2019autres pays d\u2019Afrique subsaharienne.","robots":{"index":"index","follow":"follow","max-snippet":"max-snippet:-1","max-image-preview":"max-image-preview:large","max-video-preview":"max-video-preview:-1"},"canonical":"https:\/\/dpress.ma\/fr\/2022\/11\/29\/protection-du-patrimoine-le-maroc-et-lunesco-scellent-un-accord-cadre-de-partenariat\/","og_locale":"fr_FR","og_type":"article","og_title":"Protection du patrimoine : le Maroc et l\u2019UNESCO scellent un accord-cadre de partenariat - Dpress.ma\/fr","og_description":"Le Maroc et l\u2019UNESCO ont sign\u00e9, mardi \u00e0 Rabat, un accord-cadre de partenariat visant \u00e0 mettre l\u2019expertise marocaine en mati\u00e8re de protection du patrimoine \u00e0 la disposition d\u2019autres pays d\u2019Afrique subsaharienne.","og_url":"https:\/\/dpress.ma\/fr\/2022\/11\/29\/protection-du-patrimoine-le-maroc-et-lunesco-scellent-un-accord-cadre-de-partenariat\/","og_site_name":"Dpress.ma\/fr","article_published_time":"2022-11-29T17:07:36+00:00","article_modified_time":"2022-11-29T17:07:38+00:00","og_image":[{"width":2539,"height":1594,"url":"https:\/\/dpress.ma\/fr\/wp-content\/uploads\/sites\/2\/2022\/11\/dimensions2-63.jpg","type":"image\/jpeg"}],"author":"Dpress.ma","twitter_card":"summary_large_image","twitter_misc":{"\u00c9crit par":"Dpress.ma","Dur\u00e9e de lecture estim\u00e9e":"3 minutes"},"schema":{"@context":"https:\/\/schema.org","@graph":[{"@type":"Article","@id":"https:\/\/dpress.ma\/fr\/2022\/11\/29\/protection-du-patrimoine-le-maroc-et-lunesco-scellent-un-accord-cadre-de-partenariat\/#article","isPartOf":{"@id":"https:\/\/dpress.ma\/fr\/2022\/11\/29\/protection-du-patrimoine-le-maroc-et-lunesco-scellent-un-accord-cadre-de-partenariat\/"},"author":{"name":"Dpress.ma","@id":"https:\/\/dpress.ma\/fr\/#\/schema\/person\/4898febf3ccd59e6578d838656a306a0"},"headline":"Protection du patrimoine : le Maroc et l\u2019UNESCO scellent un accord-cadre de partenariat","datePublished":"2022-11-29T17:07:36+00:00","dateModified":"2022-11-29T17:07:38+00:00","mainEntityOfPage":{"@id":"https:\/\/dpress.ma\/fr\/2022\/11\/29\/protection-du-patrimoine-le-maroc-et-lunesco-scellent-un-accord-cadre-de-partenariat\/"},"wordCount":601,"commentCount":0,"image":{"@id":"https:\/\/dpress.ma\/fr\/2022\/11\/29\/protection-du-patrimoine-le-maroc-et-lunesco-scellent-un-accord-cadre-de-partenariat\/#primaryimage"},"thumbnailUrl":"https:\/\/dpress.ma\/fr\/wp-content\/uploads\/sites\/2\/2022\/11\/dimensions2-63.jpg","articleSection":["Art et Culture","Diplomatie Parall\u00e8le"],"inLanguage":"fr-FR","potentialAction":[{"@type":"CommentAction","name":"Comment","target":["https:\/\/dpress.ma\/fr\/2022\/11\/29\/protection-du-patrimoine-le-maroc-et-lunesco-scellent-un-accord-cadre-de-partenariat\/#respond"]}]},{"@type":"WebPage","@id":"https:\/\/dpress.ma\/fr\/2022\/11\/29\/protection-du-patrimoine-le-maroc-et-lunesco-scellent-un-accord-cadre-de-partenariat\/","url":"https:\/\/dpress.ma\/fr\/2022\/11\/29\/protection-du-patrimoine-le-maroc-et-lunesco-scellent-un-accord-cadre-de-partenariat\/","name":"Protection du patrimoine : le Maroc et l\u2019UNESCO scellent un accord-cadre de partenariat - Dpress.ma\/fr","isPartOf":{"@id":"https:\/\/dpress.ma\/fr\/#website"},"primaryImageOfPage":{"@id":"https:\/\/dpress.ma\/fr\/2022\/11\/29\/protection-du-patrimoine-le-maroc-et-lunesco-scellent-un-accord-cadre-de-partenariat\/#primaryimage"},"image":{"@id":"https:\/\/dpress.ma\/fr\/2022\/11\/29\/protection-du-patrimoine-le-maroc-et-lunesco-scellent-un-accord-cadre-de-partenariat\/#primaryimage"},"thumbnailUrl":"https:\/\/dpress.ma\/fr\/wp-content\/uploads\/sites\/2\/2022\/11\/dimensions2-63.jpg","datePublished":"2022-11-29T17:07:36+00:00","dateModified":"2022-11-29T17:07:38+00:00","author":{"@id":"https:\/\/dpress.ma\/fr\/#\/schema\/person\/4898febf3ccd59e6578d838656a306a0"},"description":"Le Maroc et l\u2019UNESCO ont sign\u00e9, mardi \u00e0 Rabat, un accord-cadre de partenariat visant \u00e0 mettre l\u2019expertise marocaine en mati\u00e8re de protection du patrimoine \u00e0 la disposition d\u2019autres pays d\u2019Afrique subsaharienne.","breadcrumb":{"@id":"https:\/\/dpress.ma\/fr\/2022\/11\/29\/protection-du-patrimoine-le-maroc-et-lunesco-scellent-un-accord-cadre-de-partenariat\/#breadcrumb"},"inLanguage":"fr-FR","potentialAction":[{"@type":"ReadAction","target":["https:\/\/dpress.ma\/fr\/2022\/11\/29\/protection-du-patrimoine-le-maroc-et-lunesco-scellent-un-accord-cadre-de-partenariat\/"]}]},{"@type":"ImageObject","inLanguage":"fr-FR","@id":"https:\/\/dpress.ma\/fr\/2022\/11\/29\/protection-du-patrimoine-le-maroc-et-lunesco-scellent-un-accord-cadre-de-partenariat\/#primaryimage","url":"https:\/\/dpress.ma\/fr\/wp-content\/uploads\/sites\/2\/2022\/11\/dimensions2-63.jpg","contentUrl":"https:\/\/dpress.ma\/fr\/wp-content\/uploads\/sites\/2\/2022\/11\/dimensions2-63.jpg","width":2539,"height":1594},{"@type":"BreadcrumbList","@id":"https:\/\/dpress.ma\/fr\/2022\/11\/29\/protection-du-patrimoine-le-maroc-et-lunesco-scellent-un-accord-cadre-de-partenariat\/#breadcrumb","itemListElement":[{"@type":"ListItem","position":1,"name":"Home","item":"https:\/\/dpress.ma\/fr\/"},{"@type":"ListItem","position":2,"name":"Protection du patrimoine : le Maroc et l\u2019UNESCO scellent un accord-cadre de partenariat"}]},{"@type":"WebSite","@id":"https:\/\/dpress.ma\/fr\/#website","url":"https:\/\/dpress.ma\/fr\/","name":"Dpress.ma\/fr","description":"","potentialAction":[{"@type":"SearchAction","target":{"@type":"EntryPoint","urlTemplate":"https:\/\/dpress.ma\/fr\/?s={search_term_string}"},"query-input":{"@type":"PropertyValueSpecification","valueRequired":true,"valueName":"search_term_string"}}],"inLanguage":"fr-FR"},{"@type":"Person","@id":"https:\/\/dpress.ma\/fr\/#\/schema\/person\/4898febf3ccd59e6578d838656a306a0","name":"Dpress.ma","image":{"@type":"ImageObject","inLanguage":"fr-FR","@id":"https:\/\/secure.gravatar.com\/avatar\/72ecc30e9db047a2e0e7176561eb9d564ed77c8108376495b19bd8336405198a?s=96&d=mm&r=g","url":"https:\/\/secure.gravatar.com\/avatar\/72ecc30e9db047a2e0e7176561eb9d564ed77c8108376495b19bd8336405198a?s=96&d=mm&r=g","contentUrl":"https:\/\/secure.gravatar.com\/avatar\/72ecc30e9db047a2e0e7176561eb9d564ed77c8108376495b19bd8336405198a?s=96&d=mm&r=g","caption":"Dpress.ma"},"sameAs":["https:\/\/www.dpress.ma"],"url":"https:\/\/dpress.ma\/fr\/author\/dpress-ma\/"}]}},"amp_enabled":true,"_links":{"self":[{"href":"https:\/\/dpress.ma\/fr\/wp-json\/wp\/v2\/posts\/2687","targetHints":{"allow":["GET"]}}],"collection":[{"href":"https:\/\/dpress.ma\/fr\/wp-json\/wp\/v2\/posts"}],"about":[{"href":"https:\/\/dpress.ma\/fr\/wp-json\/wp\/v2\/types\/post"}],"author":[{"embeddable":true,"href":"https:\/\/dpress.ma\/fr\/wp-json\/wp\/v2\/users\/2"}],"replies":[{"embeddable":true,"href":"https:\/\/dpress.ma\/fr\/wp-json\/wp\/v2\/comments?post=2687"}],"version-history":[{"count":1,"href":"https:\/\/dpress.ma\/fr\/wp-json\/wp\/v2\/posts\/2687\/revisions"}],"predecessor-version":[{"id":2689,"href":"https:\/\/dpress.ma\/fr\/wp-json\/wp\/v2\/posts\/2687\/revisions\/2689"}],"wp:featuredmedia":[{"embeddable":true,"href":"https:\/\/dpress.ma\/fr\/wp-json\/wp\/v2\/media\/2688"}],"wp:attachment":[{"href":"https:\/\/dpress.ma\/fr\/wp-json\/wp\/v2\/media?parent=2687"}],"wp:term":[{"taxonomy":"category","embeddable":true,"href":"https:\/\/dpress.ma\/fr\/wp-json\/wp\/v2\/categories?post=2687"},{"taxonomy":"post_tag","embeddable":true,"href":"https:\/\/dpress.ma\/fr\/wp-json\/wp\/v2\/tags?post=2687"}],"curies":[{"name":"wp","href":"https:\/\/api.w.org\/{rel}","templated":true}]}}