{"id":26780,"date":"2026-03-26T13:31:20","date_gmt":"2026-03-26T13:31:20","guid":{"rendered":"https:\/\/dpress.ma\/fr\/?p=26780"},"modified":"2026-03-26T13:31:24","modified_gmt":"2026-03-26T13:31:24","slug":"prendre-la-juste-mesure-de-laggiornamento-que-connaissent-les-relations-du-maroc-et-du-vatican","status":"publish","type":"post","link":"https:\/\/dpress.ma\/fr\/2026\/03\/26\/prendre-la-juste-mesure-de-laggiornamento-que-connaissent-les-relations-du-maroc-et-du-vatican\/","title":{"rendered":"\u201cPrendre la juste mesure de l\u2019aggiornamento que connaissent les relations du Maroc et du Vatican\u201d"},"content":{"rendered":"\n<p class=\"wp-block-paragraph\">Dpress<\/p>\n\n\n\n<p class=\"wp-block-paragraph\">\u201cF\u00eater au Vatican le 50eme anniversaire des relations du Maroc avec le Saint-Si\u00e8ge n\u2019est pas seulement un rendez-vous que nous dictent nos calendriers mais l\u2019opportunit\u00e9 historique de prendre la juste mesure de l\u2019aggiornamento que vivent ces relations\u201d, a d\u00e9clar\u00e9, mercredi \u00e0 Rome, M. Andr\u00e9 Azoulay, Conseiller de SM le Roi.<\/p>\n\n\n\n<p class=\"wp-block-paragraph\">S\u2019exprimant aux c\u00f4t\u00e9s de Son \u00c9minence le Cardinal Pietro Parolin, Secr\u00e9taire d\u2019\u00c9tat du Saint-Si\u00e8ge et de Mme Rajae Naji Mekkaoui, ambassadeure du Maroc pr\u00e8s le Saint-Si\u00e8ge et l\u2019Ordre souverain militaire de Malte, le Conseiller de SM le Roi s\u2019est f\u00e9licit\u00e9 d\u2019avoir pu saluer S S le Pape Leon XIV avant que ne s\u2019ouvre la Conf\u00e9rence et d\u2019avoir entendu le Saint P\u00e8re exprimer \u201cses v\u0153ux les plus chaleureux et les plus amicaux\u201d \u00e0 l\u2019adresse de Sa Majest\u00e9 le Roi Mohammed VI, tout en se f\u00e9licitant de la dynamique et de la singuli\u00e8re proximit\u00e9 qui caract\u00e9risent les liens de la Maison Pontificale avec le Royaume du Maroc.<\/p>\n\n\n\n<p class=\"wp-block-paragraph\">Soulignant combien il \u00e9tait heureux de prendre la parole dans le cadre \u201ccombien embl\u00e9matique de l\u2019Universit\u00e9 Gr\u00e9gorienne de Rome\u201d fond\u00e9e par les J\u00e9suites il y aura bient\u00f4t 5 si\u00e8cles, M. Azoulay a invit\u00e9 l\u2019assistance \u00e0 revisiter avec lui le Maroc \u201cqui aujourd\u2019hui comme hier incarne avec lucidit\u00e9, d\u00e9termination et r\u00e9silience une lecture apais\u00e9e et riche de promesses de toutes nos spiritualit\u00e9s mises au service de ce qui nous r\u00e9unit\u201d.<\/p>\n\n\n\n<p class=\"wp-block-paragraph\">Pour le Conseiller de SM le Roi \u201cle sacr\u00e9 de l\u2019Autre chez nous est une r\u00e9v\u00e9lation de la profondeur et de la r\u00e9alit\u00e9 de l\u2019Autre\u201d.<\/p>\n\n\n\n<p class=\"wp-block-paragraph\">Dans un temps et dans un espace qui sont trop souvent ceux du \u201cd\u00e9ni de l\u2019alt\u00e9rit\u00e9 et parfois de l\u2019illusion ou de l\u2019alibi r\u00e9gressif d\u2019une soi disant fracture de nos civilisations\u201d, M. Azoulay a soulign\u00e9 que \u201cle Maroc fort du leadership de Sa Majest\u00e9 le Roi Mohammed VI incarne avec \u00e9clat et en terre d\u2019Islam une Nation qui sait dire aux autres que ce n\u2019est pas la diff\u00e9rence ou la diversit\u00e9 qui profanent le Sacr\u00e9 mais le refus de comprendre la l\u00e9gitimit\u00e9 de ces deux r\u00e9alit\u00e9s elles m\u00eame constitutives de nos humanit\u00e9s\u201d.<\/p>\n\n\n\n<p class=\"wp-block-paragraph\">Pour illustrer son propos et pour conclure, le Conseiller de SM le Roi a indiqu\u00e9 que dans quelques jours les Chr\u00e9tiens c\u00e9l\u00e9breront les f\u00eates de P\u00e2que et qu\u2019\u00e0 S\u00e9ville les processions religieuses qui pr\u00e9c\u00e8dent cette f\u00eate s\u2019ouvriront cette ann\u00e9e avec \u00e0 leur t\u00eate une Croix en thuya et en nacre de plus de 2 m offerte \u00e0 la Giralda de S\u00e9ville par les artisans d\u2019Essaouira.<\/p>\n\n\n\n<p class=\"wp-block-paragraph\">Ce geste symbolique et riche d\u2019enseignements a \u00e9t\u00e9 salu\u00e9 et chaudement applaudi par l\u2019assistance.<\/p>\n","protected":false},"excerpt":{"rendered":"<p>Dpress \u201cF\u00eater au Vatican le 50eme anniversaire des relations du Maroc avec le Saint-Si\u00e8ge n\u2019est pas seulement un rendez-vous que nous dictent nos calendriers mais l\u2019opportunit\u00e9 historique de prendre la juste mesure de l\u2019aggiornamento que vivent ces relations\u201d, a d\u00e9clar\u00e9, mercredi \u00e0 Rome, M. Andr\u00e9 Azoulay, Conseiller de SM le Roi. S\u2019exprimant aux c\u00f4t\u00e9s de &hellip;<\/p>\n","protected":false},"author":2,"featured_media":26781,"comment_status":"open","ping_status":"open","sticky":false,"template":"","format":"standard","meta":{"footnotes":""},"categories":[42],"tags":[],"class_list":["post-26780","post","type-post","status-publish","format-standard","has-post-thumbnail","hentry","category-monde"],"yoast_head":"<!-- This site is optimized with the Yoast SEO plugin v28.0 - https:\/\/yoast.com\/product\/yoast-seo-wordpress\/ -->\n<title>\u201cPrendre la juste mesure de l\u2019aggiornamento que connaissent les relations du Maroc et du Vatican\u201d - Dpress.ma\/fr<\/title>\n<meta name=\"robots\" content=\"index, follow, max-snippet:-1, max-image-preview:large, max-video-preview:-1\" \/>\n<link rel=\"canonical\" href=\"https:\/\/dpress.ma\/fr\/2026\/03\/26\/prendre-la-juste-mesure-de-laggiornamento-que-connaissent-les-relations-du-maroc-et-du-vatican\/\" \/>\n<meta property=\"og:locale\" content=\"fr_FR\" \/>\n<meta property=\"og:type\" content=\"article\" \/>\n<meta property=\"og:title\" content=\"\u201cPrendre la juste mesure de l\u2019aggiornamento que connaissent les relations du Maroc et du Vatican\u201d - Dpress.ma\/fr\" \/>\n<meta property=\"og:description\" content=\"Dpress \u201cF\u00eater au Vatican le 50eme anniversaire des relations du Maroc avec le Saint-Si\u00e8ge n\u2019est pas seulement un rendez-vous que nous dictent nos calendriers mais l\u2019opportunit\u00e9 historique de prendre la juste mesure de l\u2019aggiornamento que vivent ces relations\u201d, a d\u00e9clar\u00e9, mercredi \u00e0 Rome, M. Andr\u00e9 Azoulay, Conseiller de SM le Roi. S\u2019exprimant aux c\u00f4t\u00e9s de &hellip;\" \/>\n<meta property=\"og:url\" content=\"https:\/\/dpress.ma\/fr\/2026\/03\/26\/prendre-la-juste-mesure-de-laggiornamento-que-connaissent-les-relations-du-maroc-et-du-vatican\/\" \/>\n<meta property=\"og:site_name\" content=\"Dpress.ma\/fr\" \/>\n<meta property=\"article:published_time\" content=\"2026-03-26T13:31:20+00:00\" \/>\n<meta property=\"article:modified_time\" content=\"2026-03-26T13:31:24+00:00\" \/>\n<meta property=\"og:image\" content=\"https:\/\/dpress.ma\/fr\/wp-content\/uploads\/sites\/2\/2026\/03\/19-4.jpg\" \/>\n\t<meta property=\"og:image:width\" content=\"2539\" \/>\n\t<meta property=\"og:image:height\" content=\"1594\" \/>\n\t<meta property=\"og:image:type\" content=\"image\/jpeg\" \/>\n<meta name=\"author\" content=\"Dpress.ma\" \/>\n<meta name=\"twitter:card\" content=\"summary_large_image\" \/>\n<meta name=\"twitter:label1\" content=\"\u00c9crit par\" \/>\n\t<meta name=\"twitter:data1\" content=\"Dpress.ma\" \/>\n\t<meta name=\"twitter:label2\" content=\"Dur\u00e9e de lecture estim\u00e9e\" \/>\n\t<meta name=\"twitter:data2\" content=\"3 minutes\" \/>\n<script type=\"application\/ld+json\" class=\"yoast-schema-graph\">{\"@context\":\"https:\\\/\\\/schema.org\",\"@graph\":[{\"@type\":\"Article\",\"@id\":\"https:\\\/\\\/dpress.ma\\\/fr\\\/2026\\\/03\\\/26\\\/prendre-la-juste-mesure-de-laggiornamento-que-connaissent-les-relations-du-maroc-et-du-vatican\\\/#article\",\"isPartOf\":{\"@id\":\"https:\\\/\\\/dpress.ma\\\/fr\\\/2026\\\/03\\\/26\\\/prendre-la-juste-mesure-de-laggiornamento-que-connaissent-les-relations-du-maroc-et-du-vatican\\\/\"},\"author\":{\"name\":\"Dpress.ma\",\"@id\":\"https:\\\/\\\/dpress.ma\\\/fr\\\/#\\\/schema\\\/person\\\/4898febf3ccd59e6578d838656a306a0\"},\"headline\":\"\u201cPrendre la juste mesure de l\u2019aggiornamento que connaissent les relations du Maroc et du Vatican\u201d\",\"datePublished\":\"2026-03-26T13:31:20+00:00\",\"dateModified\":\"2026-03-26T13:31:24+00:00\",\"mainEntityOfPage\":{\"@id\":\"https:\\\/\\\/dpress.ma\\\/fr\\\/2026\\\/03\\\/26\\\/prendre-la-juste-mesure-de-laggiornamento-que-connaissent-les-relations-du-maroc-et-du-vatican\\\/\"},\"wordCount\":507,\"commentCount\":0,\"image\":{\"@id\":\"https:\\\/\\\/dpress.ma\\\/fr\\\/2026\\\/03\\\/26\\\/prendre-la-juste-mesure-de-laggiornamento-que-connaissent-les-relations-du-maroc-et-du-vatican\\\/#primaryimage\"},\"thumbnailUrl\":\"https:\\\/\\\/dpress.ma\\\/fr\\\/wp-content\\\/uploads\\\/sites\\\/2\\\/2026\\\/03\\\/19-4.jpg\",\"articleSection\":[\"monde\"],\"inLanguage\":\"fr-FR\",\"potentialAction\":[{\"@type\":\"CommentAction\",\"name\":\"Comment\",\"target\":[\"https:\\\/\\\/dpress.ma\\\/fr\\\/2026\\\/03\\\/26\\\/prendre-la-juste-mesure-de-laggiornamento-que-connaissent-les-relations-du-maroc-et-du-vatican\\\/#respond\"]}]},{\"@type\":\"WebPage\",\"@id\":\"https:\\\/\\\/dpress.ma\\\/fr\\\/2026\\\/03\\\/26\\\/prendre-la-juste-mesure-de-laggiornamento-que-connaissent-les-relations-du-maroc-et-du-vatican\\\/\",\"url\":\"https:\\\/\\\/dpress.ma\\\/fr\\\/2026\\\/03\\\/26\\\/prendre-la-juste-mesure-de-laggiornamento-que-connaissent-les-relations-du-maroc-et-du-vatican\\\/\",\"name\":\"\u201cPrendre la juste mesure de l\u2019aggiornamento que connaissent les relations du Maroc et du Vatican\u201d - Dpress.ma\\\/fr\",\"isPartOf\":{\"@id\":\"https:\\\/\\\/dpress.ma\\\/fr\\\/#website\"},\"primaryImageOfPage\":{\"@id\":\"https:\\\/\\\/dpress.ma\\\/fr\\\/2026\\\/03\\\/26\\\/prendre-la-juste-mesure-de-laggiornamento-que-connaissent-les-relations-du-maroc-et-du-vatican\\\/#primaryimage\"},\"image\":{\"@id\":\"https:\\\/\\\/dpress.ma\\\/fr\\\/2026\\\/03\\\/26\\\/prendre-la-juste-mesure-de-laggiornamento-que-connaissent-les-relations-du-maroc-et-du-vatican\\\/#primaryimage\"},\"thumbnailUrl\":\"https:\\\/\\\/dpress.ma\\\/fr\\\/wp-content\\\/uploads\\\/sites\\\/2\\\/2026\\\/03\\\/19-4.jpg\",\"datePublished\":\"2026-03-26T13:31:20+00:00\",\"dateModified\":\"2026-03-26T13:31:24+00:00\",\"author\":{\"@id\":\"https:\\\/\\\/dpress.ma\\\/fr\\\/#\\\/schema\\\/person\\\/4898febf3ccd59e6578d838656a306a0\"},\"breadcrumb\":{\"@id\":\"https:\\\/\\\/dpress.ma\\\/fr\\\/2026\\\/03\\\/26\\\/prendre-la-juste-mesure-de-laggiornamento-que-connaissent-les-relations-du-maroc-et-du-vatican\\\/#breadcrumb\"},\"inLanguage\":\"fr-FR\",\"potentialAction\":[{\"@type\":\"ReadAction\",\"target\":[\"https:\\\/\\\/dpress.ma\\\/fr\\\/2026\\\/03\\\/26\\\/prendre-la-juste-mesure-de-laggiornamento-que-connaissent-les-relations-du-maroc-et-du-vatican\\\/\"]}]},{\"@type\":\"ImageObject\",\"inLanguage\":\"fr-FR\",\"@id\":\"https:\\\/\\\/dpress.ma\\\/fr\\\/2026\\\/03\\\/26\\\/prendre-la-juste-mesure-de-laggiornamento-que-connaissent-les-relations-du-maroc-et-du-vatican\\\/#primaryimage\",\"url\":\"https:\\\/\\\/dpress.ma\\\/fr\\\/wp-content\\\/uploads\\\/sites\\\/2\\\/2026\\\/03\\\/19-4.jpg\",\"contentUrl\":\"https:\\\/\\\/dpress.ma\\\/fr\\\/wp-content\\\/uploads\\\/sites\\\/2\\\/2026\\\/03\\\/19-4.jpg\",\"width\":2539,\"height\":1594},{\"@type\":\"BreadcrumbList\",\"@id\":\"https:\\\/\\\/dpress.ma\\\/fr\\\/2026\\\/03\\\/26\\\/prendre-la-juste-mesure-de-laggiornamento-que-connaissent-les-relations-du-maroc-et-du-vatican\\\/#breadcrumb\",\"itemListElement\":[{\"@type\":\"ListItem\",\"position\":1,\"name\":\"Home\",\"item\":\"https:\\\/\\\/dpress.ma\\\/fr\\\/\"},{\"@type\":\"ListItem\",\"position\":2,\"name\":\"\u201cPrendre la juste mesure de l\u2019aggiornamento que connaissent les relations du Maroc et du Vatican\u201d\"}]},{\"@type\":\"WebSite\",\"@id\":\"https:\\\/\\\/dpress.ma\\\/fr\\\/#website\",\"url\":\"https:\\\/\\\/dpress.ma\\\/fr\\\/\",\"name\":\"Dpress.ma\\\/fr\",\"description\":\"\",\"potentialAction\":[{\"@type\":\"SearchAction\",\"target\":{\"@type\":\"EntryPoint\",\"urlTemplate\":\"https:\\\/\\\/dpress.ma\\\/fr\\\/?s={search_term_string}\"},\"query-input\":{\"@type\":\"PropertyValueSpecification\",\"valueRequired\":true,\"valueName\":\"search_term_string\"}}],\"inLanguage\":\"fr-FR\"},{\"@type\":\"Person\",\"@id\":\"https:\\\/\\\/dpress.ma\\\/fr\\\/#\\\/schema\\\/person\\\/4898febf3ccd59e6578d838656a306a0\",\"name\":\"Dpress.ma\",\"image\":{\"@type\":\"ImageObject\",\"inLanguage\":\"fr-FR\",\"@id\":\"https:\\\/\\\/secure.gravatar.com\\\/avatar\\\/72ecc30e9db047a2e0e7176561eb9d564ed77c8108376495b19bd8336405198a?s=96&d=mm&r=g\",\"url\":\"https:\\\/\\\/secure.gravatar.com\\\/avatar\\\/72ecc30e9db047a2e0e7176561eb9d564ed77c8108376495b19bd8336405198a?s=96&d=mm&r=g\",\"contentUrl\":\"https:\\\/\\\/secure.gravatar.com\\\/avatar\\\/72ecc30e9db047a2e0e7176561eb9d564ed77c8108376495b19bd8336405198a?s=96&d=mm&r=g\",\"caption\":\"Dpress.ma\"},\"sameAs\":[\"https:\\\/\\\/www.dpress.ma\"],\"url\":\"https:\\\/\\\/dpress.ma\\\/fr\\\/author\\\/dpress-ma\\\/\"}]}<\/script>\n<!-- \/ Yoast SEO plugin. -->","yoast_head_json":{"title":"\u201cPrendre la juste mesure de l\u2019aggiornamento que connaissent les relations du Maroc et du Vatican\u201d - Dpress.ma\/fr","robots":{"index":"index","follow":"follow","max-snippet":"max-snippet:-1","max-image-preview":"max-image-preview:large","max-video-preview":"max-video-preview:-1"},"canonical":"https:\/\/dpress.ma\/fr\/2026\/03\/26\/prendre-la-juste-mesure-de-laggiornamento-que-connaissent-les-relations-du-maroc-et-du-vatican\/","og_locale":"fr_FR","og_type":"article","og_title":"\u201cPrendre la juste mesure de l\u2019aggiornamento que connaissent les relations du Maroc et du Vatican\u201d - Dpress.ma\/fr","og_description":"Dpress \u201cF\u00eater au Vatican le 50eme anniversaire des relations du Maroc avec le Saint-Si\u00e8ge n\u2019est pas seulement un rendez-vous que nous dictent nos calendriers mais l\u2019opportunit\u00e9 historique de prendre la juste mesure de l\u2019aggiornamento que vivent ces relations\u201d, a d\u00e9clar\u00e9, mercredi \u00e0 Rome, M. Andr\u00e9 Azoulay, Conseiller de SM le Roi. S\u2019exprimant aux c\u00f4t\u00e9s de &hellip;","og_url":"https:\/\/dpress.ma\/fr\/2026\/03\/26\/prendre-la-juste-mesure-de-laggiornamento-que-connaissent-les-relations-du-maroc-et-du-vatican\/","og_site_name":"Dpress.ma\/fr","article_published_time":"2026-03-26T13:31:20+00:00","article_modified_time":"2026-03-26T13:31:24+00:00","og_image":[{"width":2539,"height":1594,"url":"https:\/\/dpress.ma\/fr\/wp-content\/uploads\/sites\/2\/2026\/03\/19-4.jpg","type":"image\/jpeg"}],"author":"Dpress.ma","twitter_card":"summary_large_image","twitter_misc":{"\u00c9crit par":"Dpress.ma","Dur\u00e9e de lecture estim\u00e9e":"3 minutes"},"schema":{"@context":"https:\/\/schema.org","@graph":[{"@type":"Article","@id":"https:\/\/dpress.ma\/fr\/2026\/03\/26\/prendre-la-juste-mesure-de-laggiornamento-que-connaissent-les-relations-du-maroc-et-du-vatican\/#article","isPartOf":{"@id":"https:\/\/dpress.ma\/fr\/2026\/03\/26\/prendre-la-juste-mesure-de-laggiornamento-que-connaissent-les-relations-du-maroc-et-du-vatican\/"},"author":{"name":"Dpress.ma","@id":"https:\/\/dpress.ma\/fr\/#\/schema\/person\/4898febf3ccd59e6578d838656a306a0"},"headline":"\u201cPrendre la juste mesure de l\u2019aggiornamento que connaissent les relations du Maroc et du Vatican\u201d","datePublished":"2026-03-26T13:31:20+00:00","dateModified":"2026-03-26T13:31:24+00:00","mainEntityOfPage":{"@id":"https:\/\/dpress.ma\/fr\/2026\/03\/26\/prendre-la-juste-mesure-de-laggiornamento-que-connaissent-les-relations-du-maroc-et-du-vatican\/"},"wordCount":507,"commentCount":0,"image":{"@id":"https:\/\/dpress.ma\/fr\/2026\/03\/26\/prendre-la-juste-mesure-de-laggiornamento-que-connaissent-les-relations-du-maroc-et-du-vatican\/#primaryimage"},"thumbnailUrl":"https:\/\/dpress.ma\/fr\/wp-content\/uploads\/sites\/2\/2026\/03\/19-4.jpg","articleSection":["monde"],"inLanguage":"fr-FR","potentialAction":[{"@type":"CommentAction","name":"Comment","target":["https:\/\/dpress.ma\/fr\/2026\/03\/26\/prendre-la-juste-mesure-de-laggiornamento-que-connaissent-les-relations-du-maroc-et-du-vatican\/#respond"]}]},{"@type":"WebPage","@id":"https:\/\/dpress.ma\/fr\/2026\/03\/26\/prendre-la-juste-mesure-de-laggiornamento-que-connaissent-les-relations-du-maroc-et-du-vatican\/","url":"https:\/\/dpress.ma\/fr\/2026\/03\/26\/prendre-la-juste-mesure-de-laggiornamento-que-connaissent-les-relations-du-maroc-et-du-vatican\/","name":"\u201cPrendre la juste mesure de l\u2019aggiornamento que connaissent les relations du Maroc et du Vatican\u201d - Dpress.ma\/fr","isPartOf":{"@id":"https:\/\/dpress.ma\/fr\/#website"},"primaryImageOfPage":{"@id":"https:\/\/dpress.ma\/fr\/2026\/03\/26\/prendre-la-juste-mesure-de-laggiornamento-que-connaissent-les-relations-du-maroc-et-du-vatican\/#primaryimage"},"image":{"@id":"https:\/\/dpress.ma\/fr\/2026\/03\/26\/prendre-la-juste-mesure-de-laggiornamento-que-connaissent-les-relations-du-maroc-et-du-vatican\/#primaryimage"},"thumbnailUrl":"https:\/\/dpress.ma\/fr\/wp-content\/uploads\/sites\/2\/2026\/03\/19-4.jpg","datePublished":"2026-03-26T13:31:20+00:00","dateModified":"2026-03-26T13:31:24+00:00","author":{"@id":"https:\/\/dpress.ma\/fr\/#\/schema\/person\/4898febf3ccd59e6578d838656a306a0"},"breadcrumb":{"@id":"https:\/\/dpress.ma\/fr\/2026\/03\/26\/prendre-la-juste-mesure-de-laggiornamento-que-connaissent-les-relations-du-maroc-et-du-vatican\/#breadcrumb"},"inLanguage":"fr-FR","potentialAction":[{"@type":"ReadAction","target":["https:\/\/dpress.ma\/fr\/2026\/03\/26\/prendre-la-juste-mesure-de-laggiornamento-que-connaissent-les-relations-du-maroc-et-du-vatican\/"]}]},{"@type":"ImageObject","inLanguage":"fr-FR","@id":"https:\/\/dpress.ma\/fr\/2026\/03\/26\/prendre-la-juste-mesure-de-laggiornamento-que-connaissent-les-relations-du-maroc-et-du-vatican\/#primaryimage","url":"https:\/\/dpress.ma\/fr\/wp-content\/uploads\/sites\/2\/2026\/03\/19-4.jpg","contentUrl":"https:\/\/dpress.ma\/fr\/wp-content\/uploads\/sites\/2\/2026\/03\/19-4.jpg","width":2539,"height":1594},{"@type":"BreadcrumbList","@id":"https:\/\/dpress.ma\/fr\/2026\/03\/26\/prendre-la-juste-mesure-de-laggiornamento-que-connaissent-les-relations-du-maroc-et-du-vatican\/#breadcrumb","itemListElement":[{"@type":"ListItem","position":1,"name":"Home","item":"https:\/\/dpress.ma\/fr\/"},{"@type":"ListItem","position":2,"name":"\u201cPrendre la juste mesure de l\u2019aggiornamento que connaissent les relations du Maroc et du Vatican\u201d"}]},{"@type":"WebSite","@id":"https:\/\/dpress.ma\/fr\/#website","url":"https:\/\/dpress.ma\/fr\/","name":"Dpress.ma\/fr","description":"","potentialAction":[{"@type":"SearchAction","target":{"@type":"EntryPoint","urlTemplate":"https:\/\/dpress.ma\/fr\/?s={search_term_string}"},"query-input":{"@type":"PropertyValueSpecification","valueRequired":true,"valueName":"search_term_string"}}],"inLanguage":"fr-FR"},{"@type":"Person","@id":"https:\/\/dpress.ma\/fr\/#\/schema\/person\/4898febf3ccd59e6578d838656a306a0","name":"Dpress.ma","image":{"@type":"ImageObject","inLanguage":"fr-FR","@id":"https:\/\/secure.gravatar.com\/avatar\/72ecc30e9db047a2e0e7176561eb9d564ed77c8108376495b19bd8336405198a?s=96&d=mm&r=g","url":"https:\/\/secure.gravatar.com\/avatar\/72ecc30e9db047a2e0e7176561eb9d564ed77c8108376495b19bd8336405198a?s=96&d=mm&r=g","contentUrl":"https:\/\/secure.gravatar.com\/avatar\/72ecc30e9db047a2e0e7176561eb9d564ed77c8108376495b19bd8336405198a?s=96&d=mm&r=g","caption":"Dpress.ma"},"sameAs":["https:\/\/www.dpress.ma"],"url":"https:\/\/dpress.ma\/fr\/author\/dpress-ma\/"}]}},"amp_enabled":true,"_links":{"self":[{"href":"https:\/\/dpress.ma\/fr\/wp-json\/wp\/v2\/posts\/26780","targetHints":{"allow":["GET"]}}],"collection":[{"href":"https:\/\/dpress.ma\/fr\/wp-json\/wp\/v2\/posts"}],"about":[{"href":"https:\/\/dpress.ma\/fr\/wp-json\/wp\/v2\/types\/post"}],"author":[{"embeddable":true,"href":"https:\/\/dpress.ma\/fr\/wp-json\/wp\/v2\/users\/2"}],"replies":[{"embeddable":true,"href":"https:\/\/dpress.ma\/fr\/wp-json\/wp\/v2\/comments?post=26780"}],"version-history":[{"count":1,"href":"https:\/\/dpress.ma\/fr\/wp-json\/wp\/v2\/posts\/26780\/revisions"}],"predecessor-version":[{"id":26782,"href":"https:\/\/dpress.ma\/fr\/wp-json\/wp\/v2\/posts\/26780\/revisions\/26782"}],"wp:featuredmedia":[{"embeddable":true,"href":"https:\/\/dpress.ma\/fr\/wp-json\/wp\/v2\/media\/26781"}],"wp:attachment":[{"href":"https:\/\/dpress.ma\/fr\/wp-json\/wp\/v2\/media?parent=26780"}],"wp:term":[{"taxonomy":"category","embeddable":true,"href":"https:\/\/dpress.ma\/fr\/wp-json\/wp\/v2\/categories?post=26780"},{"taxonomy":"post_tag","embeddable":true,"href":"https:\/\/dpress.ma\/fr\/wp-json\/wp\/v2\/tags?post=26780"}],"curies":[{"name":"wp","href":"https:\/\/api.w.org\/{rel}","templated":true}]}}