{"id":26777,"date":"2026-03-26T13:29:00","date_gmt":"2026-03-26T13:29:00","guid":{"rendered":"https:\/\/dpress.ma\/fr\/?p=26777"},"modified":"2026-03-26T13:29:02","modified_gmt":"2026-03-26T13:29:02","slug":"maroc-espagne-un-partenariat-securitaire-solide-et-exemplaire-pour-la-stabilite-mediterraneenne","status":"publish","type":"post","link":"https:\/\/dpress.ma\/fr\/2026\/03\/26\/maroc-espagne-un-partenariat-securitaire-solide-et-exemplaire-pour-la-stabilite-mediterraneenne\/","title":{"rendered":"Maroc-Espagne : un partenariat s\u00e9curitaire \u201csolide et exemplaire\u201d pour la stabilit\u00e9 m\u00e9diterran\u00e9enne"},"content":{"rendered":"\n<p class=\"wp-block-paragraph\">Dpress<\/p>\n\n\n\n<p class=\"wp-block-paragraph\">La coop\u00e9ration en mati\u00e8re de s\u00e9curit\u00e9 entre le Maroc et l\u2019Espagne s\u2019impose comme l\u2019un des mod\u00e8les \u00ab les plus solides, efficaces et strat\u00e9giques \u00bb de l\u2019espace eurom\u00e9diterran\u00e9en, constituant \u00ab un rempart essentiel \u00bb contre les menaces transnationales, \u00e9crit jeudi le quotidien espagnol La Raz\u00f3n.<\/p>\n\n\n\n<p class=\"wp-block-paragraph\">Sous le titre \u00ab Maroc et Espagne : une alliance exemplaire de s\u00e9curit\u00e9 au service de la stabilit\u00e9 m\u00e9diterran\u00e9enne \u00bb, le journal souligne que cette relation d\u00e9passe largement le simple voisinage ou l\u2019entente technique entre services, s\u2019affirmant comme une \u00ab association de confiance \u00bb et une \u00ab collaboration de r\u00e9f\u00e9rence \u00bb.<\/p>\n\n\n\n<p class=\"wp-block-paragraph\">Le quotidien rel\u00e8ve que, dans un contexte marqu\u00e9 par l\u2019\u00e9volution rapide du terrorisme et de la criminalit\u00e9 organis\u00e9e, Rabat et Madrid ont su mettre en place un syst\u00e8me dont la valeur r\u00e9side dans la qualit\u00e9 du lien op\u00e9rationnel et la fluidit\u00e9 de l\u2019\u00e9change d\u2019informations.<\/p>\n\n\n\n<p class=\"wp-block-paragraph\">\u00ab L\u2019essence des alliances de s\u00e9curit\u00e9 les plus matures n\u2019est pas de r\u00e9agir tardivement, mais de pr\u00e9venir \u00e0 temps \u00bb, pr\u00e9cise La Raz\u00f3n, ajoutant que la collaboration entre la Police nationale espagnole et la Direction g\u00e9n\u00e9rale de la surveillance du territoire (DGST) a d\u00e9montr\u00e9 une \u00ab efficacit\u00e9 exceptionnelle \u00bb.<\/p>\n\n\n\n<p class=\"wp-block-paragraph\">La publication rappelle que, depuis 2014, les deux pays ont men\u00e9 des dizaines d\u2019op\u00e9rations conjointes, citant l\u2019op\u00e9ration \u00ab Azteca \u00bb comme le point d\u2019inflexion ayant scell\u00e9 cet engagement commun contre le recrutement djihadiste.<\/p>\n\n\n\n<p class=\"wp-block-paragraph\">Le quotidien souligne \u00e9galement que les r\u00e9centes distinctions du directeur g\u00e9n\u00e9ral de la S\u00fbret\u00e9 nationale et de la Surveillance du territoire, Abdellatif Hammouchi, par les autorit\u00e9s espagnoles ne sont pas de simples gestes protocolaires, mais la reconnaissance d\u2019une \u00ab trajectoire exceptionnelle au service de la s\u00e9curit\u00e9 et de la modernisation institutionnelle \u00bb.<\/p>\n\n\n\n<p class=\"wp-block-paragraph\">La s\u00e9curit\u00e9 entre le Maroc et l\u2019Espagne ne rel\u00e8ve pas uniquement du bilat\u00e9ral, mais constitue une \u00ab pi\u00e8ce essentielle de la stabilit\u00e9 m\u00e9diterran\u00e9enne, europ\u00e9enne et africaine \u00bb, indique le journal, qualifiant cette coop\u00e9ration de \u00ab success story strat\u00e9gique \u00bb, d\u00e9montrant que la coop\u00e9ration intelligente demeure l\u2019outil le plus efficace pour pr\u00e9server la paix face aux incertitudes mondiales.<\/p>\n","protected":false},"excerpt":{"rendered":"<p>Dpress La coop\u00e9ration en mati\u00e8re de s\u00e9curit\u00e9 entre le Maroc et l\u2019Espagne s\u2019impose comme l\u2019un des mod\u00e8les \u00ab les plus solides, efficaces et strat\u00e9giques \u00bb de l\u2019espace eurom\u00e9diterran\u00e9en, constituant \u00ab un rempart essentiel \u00bb contre les menaces transnationales, \u00e9crit jeudi le quotidien espagnol La Raz\u00f3n. Sous le titre \u00ab Maroc et Espagne : une alliance &hellip;<\/p>\n","protected":false},"author":2,"featured_media":26778,"comment_status":"open","ping_status":"open","sticky":false,"template":"","format":"standard","meta":{"footnotes":""},"categories":[42],"tags":[],"class_list":["post-26777","post","type-post","status-publish","format-standard","has-post-thumbnail","hentry","category-monde"],"yoast_head":"<!-- This site is optimized with the Yoast SEO plugin v28.0 - https:\/\/yoast.com\/product\/yoast-seo-wordpress\/ -->\n<title>Maroc-Espagne : un partenariat s\u00e9curitaire \u201csolide et exemplaire\u201d pour la stabilit\u00e9 m\u00e9diterran\u00e9enne - Dpress.ma\/fr<\/title>\n<meta name=\"robots\" content=\"index, follow, max-snippet:-1, max-image-preview:large, max-video-preview:-1\" \/>\n<link rel=\"canonical\" href=\"https:\/\/dpress.ma\/fr\/2026\/03\/26\/maroc-espagne-un-partenariat-securitaire-solide-et-exemplaire-pour-la-stabilite-mediterraneenne\/\" \/>\n<meta property=\"og:locale\" content=\"fr_FR\" \/>\n<meta property=\"og:type\" content=\"article\" \/>\n<meta property=\"og:title\" content=\"Maroc-Espagne : un partenariat s\u00e9curitaire \u201csolide et exemplaire\u201d pour la stabilit\u00e9 m\u00e9diterran\u00e9enne - Dpress.ma\/fr\" \/>\n<meta property=\"og:description\" content=\"Dpress La coop\u00e9ration en mati\u00e8re de s\u00e9curit\u00e9 entre le Maroc et l\u2019Espagne s\u2019impose comme l\u2019un des mod\u00e8les \u00ab les plus solides, efficaces et strat\u00e9giques \u00bb de l\u2019espace eurom\u00e9diterran\u00e9en, constituant \u00ab un rempart essentiel \u00bb contre les menaces transnationales, \u00e9crit jeudi le quotidien espagnol La Raz\u00f3n. Sous le titre \u00ab Maroc et Espagne : une alliance &hellip;\" \/>\n<meta property=\"og:url\" content=\"https:\/\/dpress.ma\/fr\/2026\/03\/26\/maroc-espagne-un-partenariat-securitaire-solide-et-exemplaire-pour-la-stabilite-mediterraneenne\/\" \/>\n<meta property=\"og:site_name\" content=\"Dpress.ma\/fr\" \/>\n<meta property=\"article:published_time\" content=\"2026-03-26T13:29:00+00:00\" \/>\n<meta property=\"article:modified_time\" content=\"2026-03-26T13:29:02+00:00\" \/>\n<meta property=\"og:image\" content=\"https:\/\/dpress.ma\/fr\/wp-content\/uploads\/sites\/2\/2026\/03\/18-4.jpg\" \/>\n\t<meta property=\"og:image:width\" content=\"2539\" \/>\n\t<meta property=\"og:image:height\" content=\"1594\" \/>\n\t<meta property=\"og:image:type\" content=\"image\/jpeg\" \/>\n<meta name=\"author\" content=\"Dpress.ma\" \/>\n<meta name=\"twitter:card\" content=\"summary_large_image\" \/>\n<meta name=\"twitter:label1\" content=\"\u00c9crit par\" \/>\n\t<meta name=\"twitter:data1\" content=\"Dpress.ma\" \/>\n\t<meta name=\"twitter:label2\" content=\"Dur\u00e9e de lecture estim\u00e9e\" \/>\n\t<meta name=\"twitter:data2\" content=\"2 minutes\" \/>\n<script type=\"application\/ld+json\" class=\"yoast-schema-graph\">{\"@context\":\"https:\\\/\\\/schema.org\",\"@graph\":[{\"@type\":\"Article\",\"@id\":\"https:\\\/\\\/dpress.ma\\\/fr\\\/2026\\\/03\\\/26\\\/maroc-espagne-un-partenariat-securitaire-solide-et-exemplaire-pour-la-stabilite-mediterraneenne\\\/#article\",\"isPartOf\":{\"@id\":\"https:\\\/\\\/dpress.ma\\\/fr\\\/2026\\\/03\\\/26\\\/maroc-espagne-un-partenariat-securitaire-solide-et-exemplaire-pour-la-stabilite-mediterraneenne\\\/\"},\"author\":{\"name\":\"Dpress.ma\",\"@id\":\"https:\\\/\\\/dpress.ma\\\/fr\\\/#\\\/schema\\\/person\\\/4898febf3ccd59e6578d838656a306a0\"},\"headline\":\"Maroc-Espagne : un partenariat s\u00e9curitaire \u201csolide et exemplaire\u201d pour la stabilit\u00e9 m\u00e9diterran\u00e9enne\",\"datePublished\":\"2026-03-26T13:29:00+00:00\",\"dateModified\":\"2026-03-26T13:29:02+00:00\",\"mainEntityOfPage\":{\"@id\":\"https:\\\/\\\/dpress.ma\\\/fr\\\/2026\\\/03\\\/26\\\/maroc-espagne-un-partenariat-securitaire-solide-et-exemplaire-pour-la-stabilite-mediterraneenne\\\/\"},\"wordCount\":384,\"commentCount\":0,\"image\":{\"@id\":\"https:\\\/\\\/dpress.ma\\\/fr\\\/2026\\\/03\\\/26\\\/maroc-espagne-un-partenariat-securitaire-solide-et-exemplaire-pour-la-stabilite-mediterraneenne\\\/#primaryimage\"},\"thumbnailUrl\":\"https:\\\/\\\/dpress.ma\\\/fr\\\/wp-content\\\/uploads\\\/sites\\\/2\\\/2026\\\/03\\\/18-4.jpg\",\"articleSection\":[\"monde\"],\"inLanguage\":\"fr-FR\",\"potentialAction\":[{\"@type\":\"CommentAction\",\"name\":\"Comment\",\"target\":[\"https:\\\/\\\/dpress.ma\\\/fr\\\/2026\\\/03\\\/26\\\/maroc-espagne-un-partenariat-securitaire-solide-et-exemplaire-pour-la-stabilite-mediterraneenne\\\/#respond\"]}]},{\"@type\":\"WebPage\",\"@id\":\"https:\\\/\\\/dpress.ma\\\/fr\\\/2026\\\/03\\\/26\\\/maroc-espagne-un-partenariat-securitaire-solide-et-exemplaire-pour-la-stabilite-mediterraneenne\\\/\",\"url\":\"https:\\\/\\\/dpress.ma\\\/fr\\\/2026\\\/03\\\/26\\\/maroc-espagne-un-partenariat-securitaire-solide-et-exemplaire-pour-la-stabilite-mediterraneenne\\\/\",\"name\":\"Maroc-Espagne : un partenariat s\u00e9curitaire \u201csolide et exemplaire\u201d pour la stabilit\u00e9 m\u00e9diterran\u00e9enne - Dpress.ma\\\/fr\",\"isPartOf\":{\"@id\":\"https:\\\/\\\/dpress.ma\\\/fr\\\/#website\"},\"primaryImageOfPage\":{\"@id\":\"https:\\\/\\\/dpress.ma\\\/fr\\\/2026\\\/03\\\/26\\\/maroc-espagne-un-partenariat-securitaire-solide-et-exemplaire-pour-la-stabilite-mediterraneenne\\\/#primaryimage\"},\"image\":{\"@id\":\"https:\\\/\\\/dpress.ma\\\/fr\\\/2026\\\/03\\\/26\\\/maroc-espagne-un-partenariat-securitaire-solide-et-exemplaire-pour-la-stabilite-mediterraneenne\\\/#primaryimage\"},\"thumbnailUrl\":\"https:\\\/\\\/dpress.ma\\\/fr\\\/wp-content\\\/uploads\\\/sites\\\/2\\\/2026\\\/03\\\/18-4.jpg\",\"datePublished\":\"2026-03-26T13:29:00+00:00\",\"dateModified\":\"2026-03-26T13:29:02+00:00\",\"author\":{\"@id\":\"https:\\\/\\\/dpress.ma\\\/fr\\\/#\\\/schema\\\/person\\\/4898febf3ccd59e6578d838656a306a0\"},\"breadcrumb\":{\"@id\":\"https:\\\/\\\/dpress.ma\\\/fr\\\/2026\\\/03\\\/26\\\/maroc-espagne-un-partenariat-securitaire-solide-et-exemplaire-pour-la-stabilite-mediterraneenne\\\/#breadcrumb\"},\"inLanguage\":\"fr-FR\",\"potentialAction\":[{\"@type\":\"ReadAction\",\"target\":[\"https:\\\/\\\/dpress.ma\\\/fr\\\/2026\\\/03\\\/26\\\/maroc-espagne-un-partenariat-securitaire-solide-et-exemplaire-pour-la-stabilite-mediterraneenne\\\/\"]}]},{\"@type\":\"ImageObject\",\"inLanguage\":\"fr-FR\",\"@id\":\"https:\\\/\\\/dpress.ma\\\/fr\\\/2026\\\/03\\\/26\\\/maroc-espagne-un-partenariat-securitaire-solide-et-exemplaire-pour-la-stabilite-mediterraneenne\\\/#primaryimage\",\"url\":\"https:\\\/\\\/dpress.ma\\\/fr\\\/wp-content\\\/uploads\\\/sites\\\/2\\\/2026\\\/03\\\/18-4.jpg\",\"contentUrl\":\"https:\\\/\\\/dpress.ma\\\/fr\\\/wp-content\\\/uploads\\\/sites\\\/2\\\/2026\\\/03\\\/18-4.jpg\",\"width\":2539,\"height\":1594},{\"@type\":\"BreadcrumbList\",\"@id\":\"https:\\\/\\\/dpress.ma\\\/fr\\\/2026\\\/03\\\/26\\\/maroc-espagne-un-partenariat-securitaire-solide-et-exemplaire-pour-la-stabilite-mediterraneenne\\\/#breadcrumb\",\"itemListElement\":[{\"@type\":\"ListItem\",\"position\":1,\"name\":\"Home\",\"item\":\"https:\\\/\\\/dpress.ma\\\/fr\\\/\"},{\"@type\":\"ListItem\",\"position\":2,\"name\":\"Maroc-Espagne : un partenariat s\u00e9curitaire \u201csolide et exemplaire\u201d pour la stabilit\u00e9 m\u00e9diterran\u00e9enne\"}]},{\"@type\":\"WebSite\",\"@id\":\"https:\\\/\\\/dpress.ma\\\/fr\\\/#website\",\"url\":\"https:\\\/\\\/dpress.ma\\\/fr\\\/\",\"name\":\"Dpress.ma\\\/fr\",\"description\":\"\",\"potentialAction\":[{\"@type\":\"SearchAction\",\"target\":{\"@type\":\"EntryPoint\",\"urlTemplate\":\"https:\\\/\\\/dpress.ma\\\/fr\\\/?s={search_term_string}\"},\"query-input\":{\"@type\":\"PropertyValueSpecification\",\"valueRequired\":true,\"valueName\":\"search_term_string\"}}],\"inLanguage\":\"fr-FR\"},{\"@type\":\"Person\",\"@id\":\"https:\\\/\\\/dpress.ma\\\/fr\\\/#\\\/schema\\\/person\\\/4898febf3ccd59e6578d838656a306a0\",\"name\":\"Dpress.ma\",\"image\":{\"@type\":\"ImageObject\",\"inLanguage\":\"fr-FR\",\"@id\":\"https:\\\/\\\/secure.gravatar.com\\\/avatar\\\/72ecc30e9db047a2e0e7176561eb9d564ed77c8108376495b19bd8336405198a?s=96&d=mm&r=g\",\"url\":\"https:\\\/\\\/secure.gravatar.com\\\/avatar\\\/72ecc30e9db047a2e0e7176561eb9d564ed77c8108376495b19bd8336405198a?s=96&d=mm&r=g\",\"contentUrl\":\"https:\\\/\\\/secure.gravatar.com\\\/avatar\\\/72ecc30e9db047a2e0e7176561eb9d564ed77c8108376495b19bd8336405198a?s=96&d=mm&r=g\",\"caption\":\"Dpress.ma\"},\"sameAs\":[\"https:\\\/\\\/www.dpress.ma\"],\"url\":\"https:\\\/\\\/dpress.ma\\\/fr\\\/author\\\/dpress-ma\\\/\"}]}<\/script>\n<!-- \/ Yoast SEO plugin. -->","yoast_head_json":{"title":"Maroc-Espagne : un partenariat s\u00e9curitaire \u201csolide et exemplaire\u201d pour la stabilit\u00e9 m\u00e9diterran\u00e9enne - Dpress.ma\/fr","robots":{"index":"index","follow":"follow","max-snippet":"max-snippet:-1","max-image-preview":"max-image-preview:large","max-video-preview":"max-video-preview:-1"},"canonical":"https:\/\/dpress.ma\/fr\/2026\/03\/26\/maroc-espagne-un-partenariat-securitaire-solide-et-exemplaire-pour-la-stabilite-mediterraneenne\/","og_locale":"fr_FR","og_type":"article","og_title":"Maroc-Espagne : un partenariat s\u00e9curitaire \u201csolide et exemplaire\u201d pour la stabilit\u00e9 m\u00e9diterran\u00e9enne - Dpress.ma\/fr","og_description":"Dpress La coop\u00e9ration en mati\u00e8re de s\u00e9curit\u00e9 entre le Maroc et l\u2019Espagne s\u2019impose comme l\u2019un des mod\u00e8les \u00ab les plus solides, efficaces et strat\u00e9giques \u00bb de l\u2019espace eurom\u00e9diterran\u00e9en, constituant \u00ab un rempart essentiel \u00bb contre les menaces transnationales, \u00e9crit jeudi le quotidien espagnol La Raz\u00f3n. Sous le titre \u00ab Maroc et Espagne : une alliance &hellip;","og_url":"https:\/\/dpress.ma\/fr\/2026\/03\/26\/maroc-espagne-un-partenariat-securitaire-solide-et-exemplaire-pour-la-stabilite-mediterraneenne\/","og_site_name":"Dpress.ma\/fr","article_published_time":"2026-03-26T13:29:00+00:00","article_modified_time":"2026-03-26T13:29:02+00:00","og_image":[{"width":2539,"height":1594,"url":"https:\/\/dpress.ma\/fr\/wp-content\/uploads\/sites\/2\/2026\/03\/18-4.jpg","type":"image\/jpeg"}],"author":"Dpress.ma","twitter_card":"summary_large_image","twitter_misc":{"\u00c9crit par":"Dpress.ma","Dur\u00e9e de lecture estim\u00e9e":"2 minutes"},"schema":{"@context":"https:\/\/schema.org","@graph":[{"@type":"Article","@id":"https:\/\/dpress.ma\/fr\/2026\/03\/26\/maroc-espagne-un-partenariat-securitaire-solide-et-exemplaire-pour-la-stabilite-mediterraneenne\/#article","isPartOf":{"@id":"https:\/\/dpress.ma\/fr\/2026\/03\/26\/maroc-espagne-un-partenariat-securitaire-solide-et-exemplaire-pour-la-stabilite-mediterraneenne\/"},"author":{"name":"Dpress.ma","@id":"https:\/\/dpress.ma\/fr\/#\/schema\/person\/4898febf3ccd59e6578d838656a306a0"},"headline":"Maroc-Espagne : un partenariat s\u00e9curitaire \u201csolide et exemplaire\u201d pour la stabilit\u00e9 m\u00e9diterran\u00e9enne","datePublished":"2026-03-26T13:29:00+00:00","dateModified":"2026-03-26T13:29:02+00:00","mainEntityOfPage":{"@id":"https:\/\/dpress.ma\/fr\/2026\/03\/26\/maroc-espagne-un-partenariat-securitaire-solide-et-exemplaire-pour-la-stabilite-mediterraneenne\/"},"wordCount":384,"commentCount":0,"image":{"@id":"https:\/\/dpress.ma\/fr\/2026\/03\/26\/maroc-espagne-un-partenariat-securitaire-solide-et-exemplaire-pour-la-stabilite-mediterraneenne\/#primaryimage"},"thumbnailUrl":"https:\/\/dpress.ma\/fr\/wp-content\/uploads\/sites\/2\/2026\/03\/18-4.jpg","articleSection":["monde"],"inLanguage":"fr-FR","potentialAction":[{"@type":"CommentAction","name":"Comment","target":["https:\/\/dpress.ma\/fr\/2026\/03\/26\/maroc-espagne-un-partenariat-securitaire-solide-et-exemplaire-pour-la-stabilite-mediterraneenne\/#respond"]}]},{"@type":"WebPage","@id":"https:\/\/dpress.ma\/fr\/2026\/03\/26\/maroc-espagne-un-partenariat-securitaire-solide-et-exemplaire-pour-la-stabilite-mediterraneenne\/","url":"https:\/\/dpress.ma\/fr\/2026\/03\/26\/maroc-espagne-un-partenariat-securitaire-solide-et-exemplaire-pour-la-stabilite-mediterraneenne\/","name":"Maroc-Espagne : un partenariat s\u00e9curitaire \u201csolide et exemplaire\u201d pour la stabilit\u00e9 m\u00e9diterran\u00e9enne - Dpress.ma\/fr","isPartOf":{"@id":"https:\/\/dpress.ma\/fr\/#website"},"primaryImageOfPage":{"@id":"https:\/\/dpress.ma\/fr\/2026\/03\/26\/maroc-espagne-un-partenariat-securitaire-solide-et-exemplaire-pour-la-stabilite-mediterraneenne\/#primaryimage"},"image":{"@id":"https:\/\/dpress.ma\/fr\/2026\/03\/26\/maroc-espagne-un-partenariat-securitaire-solide-et-exemplaire-pour-la-stabilite-mediterraneenne\/#primaryimage"},"thumbnailUrl":"https:\/\/dpress.ma\/fr\/wp-content\/uploads\/sites\/2\/2026\/03\/18-4.jpg","datePublished":"2026-03-26T13:29:00+00:00","dateModified":"2026-03-26T13:29:02+00:00","author":{"@id":"https:\/\/dpress.ma\/fr\/#\/schema\/person\/4898febf3ccd59e6578d838656a306a0"},"breadcrumb":{"@id":"https:\/\/dpress.ma\/fr\/2026\/03\/26\/maroc-espagne-un-partenariat-securitaire-solide-et-exemplaire-pour-la-stabilite-mediterraneenne\/#breadcrumb"},"inLanguage":"fr-FR","potentialAction":[{"@type":"ReadAction","target":["https:\/\/dpress.ma\/fr\/2026\/03\/26\/maroc-espagne-un-partenariat-securitaire-solide-et-exemplaire-pour-la-stabilite-mediterraneenne\/"]}]},{"@type":"ImageObject","inLanguage":"fr-FR","@id":"https:\/\/dpress.ma\/fr\/2026\/03\/26\/maroc-espagne-un-partenariat-securitaire-solide-et-exemplaire-pour-la-stabilite-mediterraneenne\/#primaryimage","url":"https:\/\/dpress.ma\/fr\/wp-content\/uploads\/sites\/2\/2026\/03\/18-4.jpg","contentUrl":"https:\/\/dpress.ma\/fr\/wp-content\/uploads\/sites\/2\/2026\/03\/18-4.jpg","width":2539,"height":1594},{"@type":"BreadcrumbList","@id":"https:\/\/dpress.ma\/fr\/2026\/03\/26\/maroc-espagne-un-partenariat-securitaire-solide-et-exemplaire-pour-la-stabilite-mediterraneenne\/#breadcrumb","itemListElement":[{"@type":"ListItem","position":1,"name":"Home","item":"https:\/\/dpress.ma\/fr\/"},{"@type":"ListItem","position":2,"name":"Maroc-Espagne : un partenariat s\u00e9curitaire \u201csolide et exemplaire\u201d pour la stabilit\u00e9 m\u00e9diterran\u00e9enne"}]},{"@type":"WebSite","@id":"https:\/\/dpress.ma\/fr\/#website","url":"https:\/\/dpress.ma\/fr\/","name":"Dpress.ma\/fr","description":"","potentialAction":[{"@type":"SearchAction","target":{"@type":"EntryPoint","urlTemplate":"https:\/\/dpress.ma\/fr\/?s={search_term_string}"},"query-input":{"@type":"PropertyValueSpecification","valueRequired":true,"valueName":"search_term_string"}}],"inLanguage":"fr-FR"},{"@type":"Person","@id":"https:\/\/dpress.ma\/fr\/#\/schema\/person\/4898febf3ccd59e6578d838656a306a0","name":"Dpress.ma","image":{"@type":"ImageObject","inLanguage":"fr-FR","@id":"https:\/\/secure.gravatar.com\/avatar\/72ecc30e9db047a2e0e7176561eb9d564ed77c8108376495b19bd8336405198a?s=96&d=mm&r=g","url":"https:\/\/secure.gravatar.com\/avatar\/72ecc30e9db047a2e0e7176561eb9d564ed77c8108376495b19bd8336405198a?s=96&d=mm&r=g","contentUrl":"https:\/\/secure.gravatar.com\/avatar\/72ecc30e9db047a2e0e7176561eb9d564ed77c8108376495b19bd8336405198a?s=96&d=mm&r=g","caption":"Dpress.ma"},"sameAs":["https:\/\/www.dpress.ma"],"url":"https:\/\/dpress.ma\/fr\/author\/dpress-ma\/"}]}},"amp_enabled":true,"_links":{"self":[{"href":"https:\/\/dpress.ma\/fr\/wp-json\/wp\/v2\/posts\/26777","targetHints":{"allow":["GET"]}}],"collection":[{"href":"https:\/\/dpress.ma\/fr\/wp-json\/wp\/v2\/posts"}],"about":[{"href":"https:\/\/dpress.ma\/fr\/wp-json\/wp\/v2\/types\/post"}],"author":[{"embeddable":true,"href":"https:\/\/dpress.ma\/fr\/wp-json\/wp\/v2\/users\/2"}],"replies":[{"embeddable":true,"href":"https:\/\/dpress.ma\/fr\/wp-json\/wp\/v2\/comments?post=26777"}],"version-history":[{"count":1,"href":"https:\/\/dpress.ma\/fr\/wp-json\/wp\/v2\/posts\/26777\/revisions"}],"predecessor-version":[{"id":26779,"href":"https:\/\/dpress.ma\/fr\/wp-json\/wp\/v2\/posts\/26777\/revisions\/26779"}],"wp:featuredmedia":[{"embeddable":true,"href":"https:\/\/dpress.ma\/fr\/wp-json\/wp\/v2\/media\/26778"}],"wp:attachment":[{"href":"https:\/\/dpress.ma\/fr\/wp-json\/wp\/v2\/media?parent=26777"}],"wp:term":[{"taxonomy":"category","embeddable":true,"href":"https:\/\/dpress.ma\/fr\/wp-json\/wp\/v2\/categories?post=26777"},{"taxonomy":"post_tag","embeddable":true,"href":"https:\/\/dpress.ma\/fr\/wp-json\/wp\/v2\/tags?post=26777"}],"curies":[{"name":"wp","href":"https:\/\/api.w.org\/{rel}","templated":true}]}}