{"id":26774,"date":"2026-03-26T13:26:19","date_gmt":"2026-03-26T13:26:19","guid":{"rendered":"https:\/\/dpress.ma\/fr\/?p=26774"},"modified":"2026-03-26T13:26:22","modified_gmt":"2026-03-26T13:26:22","slug":"settat-focus-sur-les-enjeux-du-developpement-des-sciences-et-technologies-de-la-sante","status":"publish","type":"post","link":"https:\/\/dpress.ma\/fr\/2026\/03\/26\/settat-focus-sur-les-enjeux-du-developpement-des-sciences-et-technologies-de-la-sante\/","title":{"rendered":"Settat : Focus sur les enjeux du d\u00e9veloppement des sciences et technologies de la sant\u00e9"},"content":{"rendered":"\n<p class=\"wp-block-paragraph\">Dpress<\/p>\n\n\n\n<p class=\"wp-block-paragraph\">Les enjeux du d\u00e9veloppement des sciences et technologies de la sant\u00e9 ont \u00e9t\u00e9 au centre de la s\u00e9ance d\u2019ouverture du Congr\u00e8s international des sciences et technologies de la sant\u00e9, tenue mercredi \u00e0 Settat.<\/p>\n\n\n\n<p class=\"wp-block-paragraph\">Organis\u00e9 \u00e0 l\u2019initiative de l\u2019Universit\u00e9 Hassan 1er de Settat et l\u2019Institut sup\u00e9rieur des sciences de la sant\u00e9, en partenariat avec l\u2019Association marocaine des sciences et technologies de la sant\u00e9, ce congr\u00e8s de deux jours r\u00e9unit une panoplie de chercheurs et d\u2019experts marocains et internationaux autour des nouveaut\u00e9s mondiales, notamment celles li\u00e9es aux \u00e9volutions de l\u2019intelligence artificielle et aux questions \u00e9thiques et de souverainet\u00e9 sanitaire.<\/p>\n\n\n\n<p class=\"wp-block-paragraph\">\u00c0 cette occasion, le directeur de l\u2019Institut sup\u00e9rieur des sciences de la sant\u00e9 \u00e0 l\u2019Universit\u00e9 Hassan Ier, Saad El Madani, a d\u00e9clar\u00e9 \u00e0 la MAP que l\u2019organisation de cette rencontre vise \u00e0 rapprocher la recherche scientifique dans le domaine des technologies de la sant\u00e9 des diff\u00e9rents acteurs et \u00e0 renforcer les ponts de communication entre chercheurs et praticiens.<\/p>\n\n\n\n<p class=\"wp-block-paragraph\">Il a soulign\u00e9 que ce congr\u00e8s accompagne les transformations rapides que conna\u00eet le secteur de la sant\u00e9, notamment \u00e0 travers l\u2019utilisation de l\u2019intelligence artificielle comme technologie moderne contribuant de plus en plus \u00e0 am\u00e9liorer les processus de diagnostic et de pr\u00e9vention des maladies.<\/p>\n\n\n\n<p class=\"wp-block-paragraph\">Il a \u00e9galement indiqu\u00e9 que les technologies modernes sont d\u00e9sormais largement utilis\u00e9es, que ce soit en milieu urbain ou rural, ce qui renforce les opportunit\u00e9s d\u2019acc\u00e8s \u00e0 des services de sant\u00e9 plus avanc\u00e9s et efficaces.<\/p>\n\n\n\n<p class=\"wp-block-paragraph\">Dans une d\u00e9claration similaire, le coordinateur du Congr\u00e8s international sur les sciences et technologies de la sant\u00e9, Jawad Bouzid, a expliqu\u00e9 que l\u2019organisation de cet \u00e9v\u00e9nement vise \u00e0 rassembler des experts et chercheurs marocains et internationaux pour discuter des enjeux actuels li\u00e9s au domaine de la sant\u00e9, dans le contexte des transformations structurelles que conna\u00eet ce secteur au Maroc.<\/p>\n\n\n\n<p class=\"wp-block-paragraph\">Il a affirm\u00e9 que ce congr\u00e8s constitue une occasion de renforcer la contribution des acteurs acad\u00e9miques et scientifiques \u00e0 l\u2019am\u00e9lioration des services de sant\u00e9, \u00e0 travers des recommandations pratiques.<\/p>\n\n\n\n<p class=\"wp-block-paragraph\">Le programme scientifique de cet \u00e9v\u00e9nement comprend des pr\u00e9sentations orales et des sessions d\u2019affiches scientifiques, visant \u00e0 discuter des principales transformations que conna\u00eet le secteur de la sant\u00e9 aux niveaux national et international.<\/p>\n\n\n\n<p class=\"wp-block-paragraph\">Ce congr\u00e8s rev\u00eat un caract\u00e8re international, avec la participation de personnalit\u00e9s scientifiques de renom et de sp\u00e9cialistes de divers domaines li\u00e9s aux sciences et technologies de la sant\u00e9, refl\u00e9tant la diversit\u00e9 et l\u2019int\u00e9gration des approches pour accompagner les d\u00e9fis actuels de ce secteur vital.<\/p>\n","protected":false},"excerpt":{"rendered":"<p>Dpress Les enjeux du d\u00e9veloppement des sciences et technologies de la sant\u00e9 ont \u00e9t\u00e9 au centre de la s\u00e9ance d\u2019ouverture du Congr\u00e8s international des sciences et technologies de la sant\u00e9, tenue mercredi \u00e0 Settat. Organis\u00e9 \u00e0 l\u2019initiative de l\u2019Universit\u00e9 Hassan 1er de Settat et l\u2019Institut sup\u00e9rieur des sciences de la sant\u00e9, en partenariat avec l\u2019Association &hellip;<\/p>\n","protected":false},"author":2,"featured_media":26775,"comment_status":"open","ping_status":"open","sticky":false,"template":"","format":"standard","meta":{"footnotes":""},"categories":[40],"tags":[],"class_list":["post-26774","post","type-post","status-publish","format-standard","has-post-thumbnail","hentry","category-societe-et-regions"],"yoast_head":"<!-- This site is optimized with the Yoast SEO plugin v28.0 - https:\/\/yoast.com\/product\/yoast-seo-wordpress\/ -->\n<title>Settat : Focus sur les enjeux du d\u00e9veloppement des sciences et technologies de la sant\u00e9 - Dpress.ma\/fr<\/title>\n<meta name=\"robots\" content=\"index, follow, max-snippet:-1, max-image-preview:large, max-video-preview:-1\" \/>\n<link rel=\"canonical\" href=\"https:\/\/dpress.ma\/fr\/2026\/03\/26\/settat-focus-sur-les-enjeux-du-developpement-des-sciences-et-technologies-de-la-sante\/\" \/>\n<meta property=\"og:locale\" content=\"fr_FR\" \/>\n<meta property=\"og:type\" content=\"article\" \/>\n<meta property=\"og:title\" content=\"Settat : Focus sur les enjeux du d\u00e9veloppement des sciences et technologies de la sant\u00e9 - Dpress.ma\/fr\" \/>\n<meta property=\"og:description\" content=\"Dpress Les enjeux du d\u00e9veloppement des sciences et technologies de la sant\u00e9 ont \u00e9t\u00e9 au centre de la s\u00e9ance d\u2019ouverture du Congr\u00e8s international des sciences et technologies de la sant\u00e9, tenue mercredi \u00e0 Settat. Organis\u00e9 \u00e0 l\u2019initiative de l\u2019Universit\u00e9 Hassan 1er de Settat et l\u2019Institut sup\u00e9rieur des sciences de la sant\u00e9, en partenariat avec l\u2019Association &hellip;\" \/>\n<meta property=\"og:url\" content=\"https:\/\/dpress.ma\/fr\/2026\/03\/26\/settat-focus-sur-les-enjeux-du-developpement-des-sciences-et-technologies-de-la-sante\/\" \/>\n<meta property=\"og:site_name\" content=\"Dpress.ma\/fr\" \/>\n<meta property=\"article:published_time\" content=\"2026-03-26T13:26:19+00:00\" \/>\n<meta property=\"article:modified_time\" content=\"2026-03-26T13:26:22+00:00\" \/>\n<meta property=\"og:image\" content=\"https:\/\/dpress.ma\/fr\/wp-content\/uploads\/sites\/2\/2026\/03\/17-6.jpg\" \/>\n\t<meta property=\"og:image:width\" content=\"2539\" \/>\n\t<meta property=\"og:image:height\" content=\"1594\" \/>\n\t<meta property=\"og:image:type\" content=\"image\/jpeg\" \/>\n<meta name=\"author\" content=\"Dpress.ma\" \/>\n<meta name=\"twitter:card\" content=\"summary_large_image\" \/>\n<meta name=\"twitter:label1\" content=\"\u00c9crit par\" \/>\n\t<meta name=\"twitter:data1\" content=\"Dpress.ma\" \/>\n\t<meta name=\"twitter:label2\" content=\"Dur\u00e9e de lecture estim\u00e9e\" \/>\n\t<meta name=\"twitter:data2\" content=\"3 minutes\" \/>\n<script type=\"application\/ld+json\" class=\"yoast-schema-graph\">{\"@context\":\"https:\\\/\\\/schema.org\",\"@graph\":[{\"@type\":\"Article\",\"@id\":\"https:\\\/\\\/dpress.ma\\\/fr\\\/2026\\\/03\\\/26\\\/settat-focus-sur-les-enjeux-du-developpement-des-sciences-et-technologies-de-la-sante\\\/#article\",\"isPartOf\":{\"@id\":\"https:\\\/\\\/dpress.ma\\\/fr\\\/2026\\\/03\\\/26\\\/settat-focus-sur-les-enjeux-du-developpement-des-sciences-et-technologies-de-la-sante\\\/\"},\"author\":{\"name\":\"Dpress.ma\",\"@id\":\"https:\\\/\\\/dpress.ma\\\/fr\\\/#\\\/schema\\\/person\\\/4898febf3ccd59e6578d838656a306a0\"},\"headline\":\"Settat : Focus sur les enjeux du d\u00e9veloppement des sciences et technologies de la sant\u00e9\",\"datePublished\":\"2026-03-26T13:26:19+00:00\",\"dateModified\":\"2026-03-26T13:26:22+00:00\",\"mainEntityOfPage\":{\"@id\":\"https:\\\/\\\/dpress.ma\\\/fr\\\/2026\\\/03\\\/26\\\/settat-focus-sur-les-enjeux-du-developpement-des-sciences-et-technologies-de-la-sante\\\/\"},\"wordCount\":457,\"commentCount\":0,\"image\":{\"@id\":\"https:\\\/\\\/dpress.ma\\\/fr\\\/2026\\\/03\\\/26\\\/settat-focus-sur-les-enjeux-du-developpement-des-sciences-et-technologies-de-la-sante\\\/#primaryimage\"},\"thumbnailUrl\":\"https:\\\/\\\/dpress.ma\\\/fr\\\/wp-content\\\/uploads\\\/sites\\\/2\\\/2026\\\/03\\\/17-6.jpg\",\"articleSection\":[\"societe et regions\"],\"inLanguage\":\"fr-FR\",\"potentialAction\":[{\"@type\":\"CommentAction\",\"name\":\"Comment\",\"target\":[\"https:\\\/\\\/dpress.ma\\\/fr\\\/2026\\\/03\\\/26\\\/settat-focus-sur-les-enjeux-du-developpement-des-sciences-et-technologies-de-la-sante\\\/#respond\"]}]},{\"@type\":\"WebPage\",\"@id\":\"https:\\\/\\\/dpress.ma\\\/fr\\\/2026\\\/03\\\/26\\\/settat-focus-sur-les-enjeux-du-developpement-des-sciences-et-technologies-de-la-sante\\\/\",\"url\":\"https:\\\/\\\/dpress.ma\\\/fr\\\/2026\\\/03\\\/26\\\/settat-focus-sur-les-enjeux-du-developpement-des-sciences-et-technologies-de-la-sante\\\/\",\"name\":\"Settat : Focus sur les enjeux du d\u00e9veloppement des sciences et technologies de la sant\u00e9 - Dpress.ma\\\/fr\",\"isPartOf\":{\"@id\":\"https:\\\/\\\/dpress.ma\\\/fr\\\/#website\"},\"primaryImageOfPage\":{\"@id\":\"https:\\\/\\\/dpress.ma\\\/fr\\\/2026\\\/03\\\/26\\\/settat-focus-sur-les-enjeux-du-developpement-des-sciences-et-technologies-de-la-sante\\\/#primaryimage\"},\"image\":{\"@id\":\"https:\\\/\\\/dpress.ma\\\/fr\\\/2026\\\/03\\\/26\\\/settat-focus-sur-les-enjeux-du-developpement-des-sciences-et-technologies-de-la-sante\\\/#primaryimage\"},\"thumbnailUrl\":\"https:\\\/\\\/dpress.ma\\\/fr\\\/wp-content\\\/uploads\\\/sites\\\/2\\\/2026\\\/03\\\/17-6.jpg\",\"datePublished\":\"2026-03-26T13:26:19+00:00\",\"dateModified\":\"2026-03-26T13:26:22+00:00\",\"author\":{\"@id\":\"https:\\\/\\\/dpress.ma\\\/fr\\\/#\\\/schema\\\/person\\\/4898febf3ccd59e6578d838656a306a0\"},\"breadcrumb\":{\"@id\":\"https:\\\/\\\/dpress.ma\\\/fr\\\/2026\\\/03\\\/26\\\/settat-focus-sur-les-enjeux-du-developpement-des-sciences-et-technologies-de-la-sante\\\/#breadcrumb\"},\"inLanguage\":\"fr-FR\",\"potentialAction\":[{\"@type\":\"ReadAction\",\"target\":[\"https:\\\/\\\/dpress.ma\\\/fr\\\/2026\\\/03\\\/26\\\/settat-focus-sur-les-enjeux-du-developpement-des-sciences-et-technologies-de-la-sante\\\/\"]}]},{\"@type\":\"ImageObject\",\"inLanguage\":\"fr-FR\",\"@id\":\"https:\\\/\\\/dpress.ma\\\/fr\\\/2026\\\/03\\\/26\\\/settat-focus-sur-les-enjeux-du-developpement-des-sciences-et-technologies-de-la-sante\\\/#primaryimage\",\"url\":\"https:\\\/\\\/dpress.ma\\\/fr\\\/wp-content\\\/uploads\\\/sites\\\/2\\\/2026\\\/03\\\/17-6.jpg\",\"contentUrl\":\"https:\\\/\\\/dpress.ma\\\/fr\\\/wp-content\\\/uploads\\\/sites\\\/2\\\/2026\\\/03\\\/17-6.jpg\",\"width\":2539,\"height\":1594},{\"@type\":\"BreadcrumbList\",\"@id\":\"https:\\\/\\\/dpress.ma\\\/fr\\\/2026\\\/03\\\/26\\\/settat-focus-sur-les-enjeux-du-developpement-des-sciences-et-technologies-de-la-sante\\\/#breadcrumb\",\"itemListElement\":[{\"@type\":\"ListItem\",\"position\":1,\"name\":\"Home\",\"item\":\"https:\\\/\\\/dpress.ma\\\/fr\\\/\"},{\"@type\":\"ListItem\",\"position\":2,\"name\":\"Settat : Focus sur les enjeux du d\u00e9veloppement des sciences et technologies de la sant\u00e9\"}]},{\"@type\":\"WebSite\",\"@id\":\"https:\\\/\\\/dpress.ma\\\/fr\\\/#website\",\"url\":\"https:\\\/\\\/dpress.ma\\\/fr\\\/\",\"name\":\"Dpress.ma\\\/fr\",\"description\":\"\",\"potentialAction\":[{\"@type\":\"SearchAction\",\"target\":{\"@type\":\"EntryPoint\",\"urlTemplate\":\"https:\\\/\\\/dpress.ma\\\/fr\\\/?s={search_term_string}\"},\"query-input\":{\"@type\":\"PropertyValueSpecification\",\"valueRequired\":true,\"valueName\":\"search_term_string\"}}],\"inLanguage\":\"fr-FR\"},{\"@type\":\"Person\",\"@id\":\"https:\\\/\\\/dpress.ma\\\/fr\\\/#\\\/schema\\\/person\\\/4898febf3ccd59e6578d838656a306a0\",\"name\":\"Dpress.ma\",\"image\":{\"@type\":\"ImageObject\",\"inLanguage\":\"fr-FR\",\"@id\":\"https:\\\/\\\/secure.gravatar.com\\\/avatar\\\/72ecc30e9db047a2e0e7176561eb9d564ed77c8108376495b19bd8336405198a?s=96&d=mm&r=g\",\"url\":\"https:\\\/\\\/secure.gravatar.com\\\/avatar\\\/72ecc30e9db047a2e0e7176561eb9d564ed77c8108376495b19bd8336405198a?s=96&d=mm&r=g\",\"contentUrl\":\"https:\\\/\\\/secure.gravatar.com\\\/avatar\\\/72ecc30e9db047a2e0e7176561eb9d564ed77c8108376495b19bd8336405198a?s=96&d=mm&r=g\",\"caption\":\"Dpress.ma\"},\"sameAs\":[\"https:\\\/\\\/www.dpress.ma\"],\"url\":\"https:\\\/\\\/dpress.ma\\\/fr\\\/author\\\/dpress-ma\\\/\"}]}<\/script>\n<!-- \/ Yoast SEO plugin. -->","yoast_head_json":{"title":"Settat : Focus sur les enjeux du d\u00e9veloppement des sciences et technologies de la sant\u00e9 - Dpress.ma\/fr","robots":{"index":"index","follow":"follow","max-snippet":"max-snippet:-1","max-image-preview":"max-image-preview:large","max-video-preview":"max-video-preview:-1"},"canonical":"https:\/\/dpress.ma\/fr\/2026\/03\/26\/settat-focus-sur-les-enjeux-du-developpement-des-sciences-et-technologies-de-la-sante\/","og_locale":"fr_FR","og_type":"article","og_title":"Settat : Focus sur les enjeux du d\u00e9veloppement des sciences et technologies de la sant\u00e9 - Dpress.ma\/fr","og_description":"Dpress Les enjeux du d\u00e9veloppement des sciences et technologies de la sant\u00e9 ont \u00e9t\u00e9 au centre de la s\u00e9ance d\u2019ouverture du Congr\u00e8s international des sciences et technologies de la sant\u00e9, tenue mercredi \u00e0 Settat. Organis\u00e9 \u00e0 l\u2019initiative de l\u2019Universit\u00e9 Hassan 1er de Settat et l\u2019Institut sup\u00e9rieur des sciences de la sant\u00e9, en partenariat avec l\u2019Association &hellip;","og_url":"https:\/\/dpress.ma\/fr\/2026\/03\/26\/settat-focus-sur-les-enjeux-du-developpement-des-sciences-et-technologies-de-la-sante\/","og_site_name":"Dpress.ma\/fr","article_published_time":"2026-03-26T13:26:19+00:00","article_modified_time":"2026-03-26T13:26:22+00:00","og_image":[{"width":2539,"height":1594,"url":"https:\/\/dpress.ma\/fr\/wp-content\/uploads\/sites\/2\/2026\/03\/17-6.jpg","type":"image\/jpeg"}],"author":"Dpress.ma","twitter_card":"summary_large_image","twitter_misc":{"\u00c9crit par":"Dpress.ma","Dur\u00e9e de lecture estim\u00e9e":"3 minutes"},"schema":{"@context":"https:\/\/schema.org","@graph":[{"@type":"Article","@id":"https:\/\/dpress.ma\/fr\/2026\/03\/26\/settat-focus-sur-les-enjeux-du-developpement-des-sciences-et-technologies-de-la-sante\/#article","isPartOf":{"@id":"https:\/\/dpress.ma\/fr\/2026\/03\/26\/settat-focus-sur-les-enjeux-du-developpement-des-sciences-et-technologies-de-la-sante\/"},"author":{"name":"Dpress.ma","@id":"https:\/\/dpress.ma\/fr\/#\/schema\/person\/4898febf3ccd59e6578d838656a306a0"},"headline":"Settat : Focus sur les enjeux du d\u00e9veloppement des sciences et technologies de la sant\u00e9","datePublished":"2026-03-26T13:26:19+00:00","dateModified":"2026-03-26T13:26:22+00:00","mainEntityOfPage":{"@id":"https:\/\/dpress.ma\/fr\/2026\/03\/26\/settat-focus-sur-les-enjeux-du-developpement-des-sciences-et-technologies-de-la-sante\/"},"wordCount":457,"commentCount":0,"image":{"@id":"https:\/\/dpress.ma\/fr\/2026\/03\/26\/settat-focus-sur-les-enjeux-du-developpement-des-sciences-et-technologies-de-la-sante\/#primaryimage"},"thumbnailUrl":"https:\/\/dpress.ma\/fr\/wp-content\/uploads\/sites\/2\/2026\/03\/17-6.jpg","articleSection":["societe et regions"],"inLanguage":"fr-FR","potentialAction":[{"@type":"CommentAction","name":"Comment","target":["https:\/\/dpress.ma\/fr\/2026\/03\/26\/settat-focus-sur-les-enjeux-du-developpement-des-sciences-et-technologies-de-la-sante\/#respond"]}]},{"@type":"WebPage","@id":"https:\/\/dpress.ma\/fr\/2026\/03\/26\/settat-focus-sur-les-enjeux-du-developpement-des-sciences-et-technologies-de-la-sante\/","url":"https:\/\/dpress.ma\/fr\/2026\/03\/26\/settat-focus-sur-les-enjeux-du-developpement-des-sciences-et-technologies-de-la-sante\/","name":"Settat : Focus sur les enjeux du d\u00e9veloppement des sciences et technologies de la sant\u00e9 - Dpress.ma\/fr","isPartOf":{"@id":"https:\/\/dpress.ma\/fr\/#website"},"primaryImageOfPage":{"@id":"https:\/\/dpress.ma\/fr\/2026\/03\/26\/settat-focus-sur-les-enjeux-du-developpement-des-sciences-et-technologies-de-la-sante\/#primaryimage"},"image":{"@id":"https:\/\/dpress.ma\/fr\/2026\/03\/26\/settat-focus-sur-les-enjeux-du-developpement-des-sciences-et-technologies-de-la-sante\/#primaryimage"},"thumbnailUrl":"https:\/\/dpress.ma\/fr\/wp-content\/uploads\/sites\/2\/2026\/03\/17-6.jpg","datePublished":"2026-03-26T13:26:19+00:00","dateModified":"2026-03-26T13:26:22+00:00","author":{"@id":"https:\/\/dpress.ma\/fr\/#\/schema\/person\/4898febf3ccd59e6578d838656a306a0"},"breadcrumb":{"@id":"https:\/\/dpress.ma\/fr\/2026\/03\/26\/settat-focus-sur-les-enjeux-du-developpement-des-sciences-et-technologies-de-la-sante\/#breadcrumb"},"inLanguage":"fr-FR","potentialAction":[{"@type":"ReadAction","target":["https:\/\/dpress.ma\/fr\/2026\/03\/26\/settat-focus-sur-les-enjeux-du-developpement-des-sciences-et-technologies-de-la-sante\/"]}]},{"@type":"ImageObject","inLanguage":"fr-FR","@id":"https:\/\/dpress.ma\/fr\/2026\/03\/26\/settat-focus-sur-les-enjeux-du-developpement-des-sciences-et-technologies-de-la-sante\/#primaryimage","url":"https:\/\/dpress.ma\/fr\/wp-content\/uploads\/sites\/2\/2026\/03\/17-6.jpg","contentUrl":"https:\/\/dpress.ma\/fr\/wp-content\/uploads\/sites\/2\/2026\/03\/17-6.jpg","width":2539,"height":1594},{"@type":"BreadcrumbList","@id":"https:\/\/dpress.ma\/fr\/2026\/03\/26\/settat-focus-sur-les-enjeux-du-developpement-des-sciences-et-technologies-de-la-sante\/#breadcrumb","itemListElement":[{"@type":"ListItem","position":1,"name":"Home","item":"https:\/\/dpress.ma\/fr\/"},{"@type":"ListItem","position":2,"name":"Settat : Focus sur les enjeux du d\u00e9veloppement des sciences et technologies de la sant\u00e9"}]},{"@type":"WebSite","@id":"https:\/\/dpress.ma\/fr\/#website","url":"https:\/\/dpress.ma\/fr\/","name":"Dpress.ma\/fr","description":"","potentialAction":[{"@type":"SearchAction","target":{"@type":"EntryPoint","urlTemplate":"https:\/\/dpress.ma\/fr\/?s={search_term_string}"},"query-input":{"@type":"PropertyValueSpecification","valueRequired":true,"valueName":"search_term_string"}}],"inLanguage":"fr-FR"},{"@type":"Person","@id":"https:\/\/dpress.ma\/fr\/#\/schema\/person\/4898febf3ccd59e6578d838656a306a0","name":"Dpress.ma","image":{"@type":"ImageObject","inLanguage":"fr-FR","@id":"https:\/\/secure.gravatar.com\/avatar\/72ecc30e9db047a2e0e7176561eb9d564ed77c8108376495b19bd8336405198a?s=96&d=mm&r=g","url":"https:\/\/secure.gravatar.com\/avatar\/72ecc30e9db047a2e0e7176561eb9d564ed77c8108376495b19bd8336405198a?s=96&d=mm&r=g","contentUrl":"https:\/\/secure.gravatar.com\/avatar\/72ecc30e9db047a2e0e7176561eb9d564ed77c8108376495b19bd8336405198a?s=96&d=mm&r=g","caption":"Dpress.ma"},"sameAs":["https:\/\/www.dpress.ma"],"url":"https:\/\/dpress.ma\/fr\/author\/dpress-ma\/"}]}},"amp_enabled":true,"_links":{"self":[{"href":"https:\/\/dpress.ma\/fr\/wp-json\/wp\/v2\/posts\/26774","targetHints":{"allow":["GET"]}}],"collection":[{"href":"https:\/\/dpress.ma\/fr\/wp-json\/wp\/v2\/posts"}],"about":[{"href":"https:\/\/dpress.ma\/fr\/wp-json\/wp\/v2\/types\/post"}],"author":[{"embeddable":true,"href":"https:\/\/dpress.ma\/fr\/wp-json\/wp\/v2\/users\/2"}],"replies":[{"embeddable":true,"href":"https:\/\/dpress.ma\/fr\/wp-json\/wp\/v2\/comments?post=26774"}],"version-history":[{"count":1,"href":"https:\/\/dpress.ma\/fr\/wp-json\/wp\/v2\/posts\/26774\/revisions"}],"predecessor-version":[{"id":26776,"href":"https:\/\/dpress.ma\/fr\/wp-json\/wp\/v2\/posts\/26774\/revisions\/26776"}],"wp:featuredmedia":[{"embeddable":true,"href":"https:\/\/dpress.ma\/fr\/wp-json\/wp\/v2\/media\/26775"}],"wp:attachment":[{"href":"https:\/\/dpress.ma\/fr\/wp-json\/wp\/v2\/media?parent=26774"}],"wp:term":[{"taxonomy":"category","embeddable":true,"href":"https:\/\/dpress.ma\/fr\/wp-json\/wp\/v2\/categories?post=26774"},{"taxonomy":"post_tag","embeddable":true,"href":"https:\/\/dpress.ma\/fr\/wp-json\/wp\/v2\/tags?post=26774"}],"curies":[{"name":"wp","href":"https:\/\/api.w.org\/{rel}","templated":true}]}}