{"id":26735,"date":"2026-03-26T09:15:11","date_gmt":"2026-03-26T09:15:11","guid":{"rendered":"https:\/\/dpress.ma\/fr\/?p=26735"},"modified":"2026-03-26T09:15:13","modified_gmt":"2026-03-26T09:15:13","slug":"lircam-celebre-la-journee-mondiale-de-la-poesie","status":"publish","type":"post","link":"https:\/\/dpress.ma\/fr\/2026\/03\/26\/lircam-celebre-la-journee-mondiale-de-la-poesie\/","title":{"rendered":"L\u2019IRCAM c\u00e9l\u00e8bre la Journ\u00e9e mondiale de la po\u00e9sie"},"content":{"rendered":"\n<p class=\"wp-block-paragraph\">Dpress<\/p>\n\n\n\n<p class=\"wp-block-paragraph\">L\u2019Institut Royal de la Culture Amazighe (IRCAM) a c\u00e9l\u00e9br\u00e9, mercredi \u00e0 Rabat, la Journ\u00e9e mondiale de la po\u00e9sie, comm\u00e9mor\u00e9e le 21 mars de chaque ann\u00e9e, en pr\u00e9sence d\u2019un parterre de po\u00e8tes et de chercheurs.<\/p>\n\n\n\n<p class=\"wp-block-paragraph\">Cette c\u00e9l\u00e9bration vise \u00e0 ancrer une culture de reconnaissance, \u00e0 travers la mise \u00e0 l\u2019honneur de plusieurs po\u00e8tes et l\u2019organisation d\u2019une soir\u00e9e po\u00e9tique marqu\u00e9e par la d\u00e9clamation de po\u00e8mes en langue amazighe.<\/p>\n\n\n\n<p class=\"wp-block-paragraph\">Dans une d\u00e9claration \u00e0 la MAP, le chercheur \u00e0 l\u2019IRCAM, Youssef Taoufik, a indiqu\u00e9 que cette initiative s\u2019inscrit dans le cadre de la c\u00e9l\u00e9bration, par l\u2019Institut, de plusieurs journ\u00e9es nationales et internationales, soulignant que l\u2019\u00e9dition de cette ann\u00e9e se distingue par la convergence entre la po\u00e9sie et le cin\u00e9ma, \u00e0 travers la projection du film documentaire \u201cQu\u2019Allah b\u00e9nisse Mora\u201d, retra\u00e7ant le parcours d\u2019une figure embl\u00e9matique li\u00e9e \u00e0 l\u2019immigration vers la France.<\/p>\n\n\n\n<p class=\"wp-block-paragraph\">Et d\u2019ajouter que l\u2019IRCAM accorde une importance particuli\u00e8re \u00e0 la po\u00e9sie et aux po\u00e8tes, en encourageant la cr\u00e9ativit\u00e9 et en mettant en place un prix annuel d\u00e9di\u00e9 \u00e0 la po\u00e9sie.<\/p>\n\n\n\n<p class=\"wp-block-paragraph\">De son c\u00f4t\u00e9, Said Akdad a affirm\u00e9, au nom des personnes honor\u00e9es, que \u201ccette c\u00e9l\u00e9bration constitue un hommage \u00e0 la cr\u00e9ativit\u00e9 et une reconnaissance de l\u2019esprit du po\u00e8te amazigh, profond\u00e9ment enracin\u00e9 dans l\u2019histoire\u201d, mettant en avant l\u2019importance de la r\u00e9daction et de la pr\u00e9servation de la po\u00e9sie traditionnelle en tant que patrimoine culturel refl\u00e9tant la m\u00e9moire collective soci\u00e9tale.<\/p>\n\n\n\n<p class=\"wp-block-paragraph\">Cette manifestation a \u00e9t\u00e9 marqu\u00e9e par des lectures de jeunes po\u00e8tes, \u00e0 savoir Abdelkarim Amhref, Khadija Marki, Aziza Nafia et Hassan Oubrahim, ainsi que par l\u2019hommage rendu \u00e0 Said Akdad, Fatiha Belkhir, Mohamed El Idrissi, Ito Aghachoui, Mohamed Idboufker et Hayat Benmoussa.<\/p>\n\n\n\n<p class=\"wp-block-paragraph\">Ces po\u00e8mes ont port\u00e9 notamment sur l\u2019amour de la langue et de la terre, la c\u00e9l\u00e9bration de la beaut\u00e9 de la nature outre les th\u00e9matiques de la vie et de la mort.<\/p>\n","protected":false},"excerpt":{"rendered":"<p>Dpress L\u2019Institut Royal de la Culture Amazighe (IRCAM) a c\u00e9l\u00e9br\u00e9, mercredi \u00e0 Rabat, la Journ\u00e9e mondiale de la po\u00e9sie, comm\u00e9mor\u00e9e le 21 mars de chaque ann\u00e9e, en pr\u00e9sence d\u2019un parterre de po\u00e8tes et de chercheurs. Cette c\u00e9l\u00e9bration vise \u00e0 ancrer une culture de reconnaissance, \u00e0 travers la mise \u00e0 l\u2019honneur de plusieurs po\u00e8tes et l\u2019organisation &hellip;<\/p>\n","protected":false},"author":2,"featured_media":26736,"comment_status":"open","ping_status":"open","sticky":false,"template":"","format":"standard","meta":{"footnotes":""},"categories":[31],"tags":[],"class_list":["post-26735","post","type-post","status-publish","format-standard","has-post-thumbnail","hentry","category-art-et-culture"],"yoast_head":"<!-- This site is optimized with the Yoast SEO plugin v28.0 - https:\/\/yoast.com\/product\/yoast-seo-wordpress\/ -->\n<title>L\u2019IRCAM c\u00e9l\u00e8bre la Journ\u00e9e mondiale de la po\u00e9sie - Dpress.ma\/fr<\/title>\n<meta name=\"robots\" content=\"index, follow, max-snippet:-1, max-image-preview:large, max-video-preview:-1\" \/>\n<link rel=\"canonical\" href=\"https:\/\/dpress.ma\/fr\/2026\/03\/26\/lircam-celebre-la-journee-mondiale-de-la-poesie\/\" \/>\n<meta property=\"og:locale\" content=\"fr_FR\" \/>\n<meta property=\"og:type\" content=\"article\" \/>\n<meta property=\"og:title\" content=\"L\u2019IRCAM c\u00e9l\u00e8bre la Journ\u00e9e mondiale de la po\u00e9sie - Dpress.ma\/fr\" \/>\n<meta property=\"og:description\" content=\"Dpress L\u2019Institut Royal de la Culture Amazighe (IRCAM) a c\u00e9l\u00e9br\u00e9, mercredi \u00e0 Rabat, la Journ\u00e9e mondiale de la po\u00e9sie, comm\u00e9mor\u00e9e le 21 mars de chaque ann\u00e9e, en pr\u00e9sence d\u2019un parterre de po\u00e8tes et de chercheurs. Cette c\u00e9l\u00e9bration vise \u00e0 ancrer une culture de reconnaissance, \u00e0 travers la mise \u00e0 l\u2019honneur de plusieurs po\u00e8tes et l\u2019organisation &hellip;\" \/>\n<meta property=\"og:url\" content=\"https:\/\/dpress.ma\/fr\/2026\/03\/26\/lircam-celebre-la-journee-mondiale-de-la-poesie\/\" \/>\n<meta property=\"og:site_name\" content=\"Dpress.ma\/fr\" \/>\n<meta property=\"article:published_time\" content=\"2026-03-26T09:15:11+00:00\" \/>\n<meta property=\"article:modified_time\" content=\"2026-03-26T09:15:13+00:00\" \/>\n<meta property=\"og:image\" content=\"https:\/\/dpress.ma\/fr\/wp-content\/uploads\/sites\/2\/2026\/03\/27-7.jpg\" \/>\n\t<meta property=\"og:image:width\" content=\"2539\" \/>\n\t<meta property=\"og:image:height\" content=\"1594\" \/>\n\t<meta property=\"og:image:type\" content=\"image\/jpeg\" \/>\n<meta name=\"author\" content=\"Dpress.ma\" \/>\n<meta name=\"twitter:card\" content=\"summary_large_image\" \/>\n<meta name=\"twitter:label1\" content=\"\u00c9crit par\" \/>\n\t<meta name=\"twitter:data1\" content=\"Dpress.ma\" \/>\n\t<meta name=\"twitter:label2\" content=\"Dur\u00e9e de lecture estim\u00e9e\" \/>\n\t<meta name=\"twitter:data2\" content=\"2 minutes\" \/>\n<script type=\"application\/ld+json\" class=\"yoast-schema-graph\">{\"@context\":\"https:\\\/\\\/schema.org\",\"@graph\":[{\"@type\":\"Article\",\"@id\":\"https:\\\/\\\/dpress.ma\\\/fr\\\/2026\\\/03\\\/26\\\/lircam-celebre-la-journee-mondiale-de-la-poesie\\\/#article\",\"isPartOf\":{\"@id\":\"https:\\\/\\\/dpress.ma\\\/fr\\\/2026\\\/03\\\/26\\\/lircam-celebre-la-journee-mondiale-de-la-poesie\\\/\"},\"author\":{\"name\":\"Dpress.ma\",\"@id\":\"https:\\\/\\\/dpress.ma\\\/fr\\\/#\\\/schema\\\/person\\\/4898febf3ccd59e6578d838656a306a0\"},\"headline\":\"L\u2019IRCAM c\u00e9l\u00e8bre la Journ\u00e9e mondiale de la po\u00e9sie\",\"datePublished\":\"2026-03-26T09:15:11+00:00\",\"dateModified\":\"2026-03-26T09:15:13+00:00\",\"mainEntityOfPage\":{\"@id\":\"https:\\\/\\\/dpress.ma\\\/fr\\\/2026\\\/03\\\/26\\\/lircam-celebre-la-journee-mondiale-de-la-poesie\\\/\"},\"wordCount\":371,\"commentCount\":0,\"image\":{\"@id\":\"https:\\\/\\\/dpress.ma\\\/fr\\\/2026\\\/03\\\/26\\\/lircam-celebre-la-journee-mondiale-de-la-poesie\\\/#primaryimage\"},\"thumbnailUrl\":\"https:\\\/\\\/dpress.ma\\\/fr\\\/wp-content\\\/uploads\\\/sites\\\/2\\\/2026\\\/03\\\/27-7.jpg\",\"articleSection\":[\"Art et Culture\"],\"inLanguage\":\"fr-FR\",\"potentialAction\":[{\"@type\":\"CommentAction\",\"name\":\"Comment\",\"target\":[\"https:\\\/\\\/dpress.ma\\\/fr\\\/2026\\\/03\\\/26\\\/lircam-celebre-la-journee-mondiale-de-la-poesie\\\/#respond\"]}]},{\"@type\":\"WebPage\",\"@id\":\"https:\\\/\\\/dpress.ma\\\/fr\\\/2026\\\/03\\\/26\\\/lircam-celebre-la-journee-mondiale-de-la-poesie\\\/\",\"url\":\"https:\\\/\\\/dpress.ma\\\/fr\\\/2026\\\/03\\\/26\\\/lircam-celebre-la-journee-mondiale-de-la-poesie\\\/\",\"name\":\"L\u2019IRCAM c\u00e9l\u00e8bre la Journ\u00e9e mondiale de la po\u00e9sie - Dpress.ma\\\/fr\",\"isPartOf\":{\"@id\":\"https:\\\/\\\/dpress.ma\\\/fr\\\/#website\"},\"primaryImageOfPage\":{\"@id\":\"https:\\\/\\\/dpress.ma\\\/fr\\\/2026\\\/03\\\/26\\\/lircam-celebre-la-journee-mondiale-de-la-poesie\\\/#primaryimage\"},\"image\":{\"@id\":\"https:\\\/\\\/dpress.ma\\\/fr\\\/2026\\\/03\\\/26\\\/lircam-celebre-la-journee-mondiale-de-la-poesie\\\/#primaryimage\"},\"thumbnailUrl\":\"https:\\\/\\\/dpress.ma\\\/fr\\\/wp-content\\\/uploads\\\/sites\\\/2\\\/2026\\\/03\\\/27-7.jpg\",\"datePublished\":\"2026-03-26T09:15:11+00:00\",\"dateModified\":\"2026-03-26T09:15:13+00:00\",\"author\":{\"@id\":\"https:\\\/\\\/dpress.ma\\\/fr\\\/#\\\/schema\\\/person\\\/4898febf3ccd59e6578d838656a306a0\"},\"breadcrumb\":{\"@id\":\"https:\\\/\\\/dpress.ma\\\/fr\\\/2026\\\/03\\\/26\\\/lircam-celebre-la-journee-mondiale-de-la-poesie\\\/#breadcrumb\"},\"inLanguage\":\"fr-FR\",\"potentialAction\":[{\"@type\":\"ReadAction\",\"target\":[\"https:\\\/\\\/dpress.ma\\\/fr\\\/2026\\\/03\\\/26\\\/lircam-celebre-la-journee-mondiale-de-la-poesie\\\/\"]}]},{\"@type\":\"ImageObject\",\"inLanguage\":\"fr-FR\",\"@id\":\"https:\\\/\\\/dpress.ma\\\/fr\\\/2026\\\/03\\\/26\\\/lircam-celebre-la-journee-mondiale-de-la-poesie\\\/#primaryimage\",\"url\":\"https:\\\/\\\/dpress.ma\\\/fr\\\/wp-content\\\/uploads\\\/sites\\\/2\\\/2026\\\/03\\\/27-7.jpg\",\"contentUrl\":\"https:\\\/\\\/dpress.ma\\\/fr\\\/wp-content\\\/uploads\\\/sites\\\/2\\\/2026\\\/03\\\/27-7.jpg\",\"width\":2539,\"height\":1594},{\"@type\":\"BreadcrumbList\",\"@id\":\"https:\\\/\\\/dpress.ma\\\/fr\\\/2026\\\/03\\\/26\\\/lircam-celebre-la-journee-mondiale-de-la-poesie\\\/#breadcrumb\",\"itemListElement\":[{\"@type\":\"ListItem\",\"position\":1,\"name\":\"Home\",\"item\":\"https:\\\/\\\/dpress.ma\\\/fr\\\/\"},{\"@type\":\"ListItem\",\"position\":2,\"name\":\"L\u2019IRCAM c\u00e9l\u00e8bre la Journ\u00e9e mondiale de la po\u00e9sie\"}]},{\"@type\":\"WebSite\",\"@id\":\"https:\\\/\\\/dpress.ma\\\/fr\\\/#website\",\"url\":\"https:\\\/\\\/dpress.ma\\\/fr\\\/\",\"name\":\"Dpress.ma\\\/fr\",\"description\":\"\",\"potentialAction\":[{\"@type\":\"SearchAction\",\"target\":{\"@type\":\"EntryPoint\",\"urlTemplate\":\"https:\\\/\\\/dpress.ma\\\/fr\\\/?s={search_term_string}\"},\"query-input\":{\"@type\":\"PropertyValueSpecification\",\"valueRequired\":true,\"valueName\":\"search_term_string\"}}],\"inLanguage\":\"fr-FR\"},{\"@type\":\"Person\",\"@id\":\"https:\\\/\\\/dpress.ma\\\/fr\\\/#\\\/schema\\\/person\\\/4898febf3ccd59e6578d838656a306a0\",\"name\":\"Dpress.ma\",\"image\":{\"@type\":\"ImageObject\",\"inLanguage\":\"fr-FR\",\"@id\":\"https:\\\/\\\/secure.gravatar.com\\\/avatar\\\/72ecc30e9db047a2e0e7176561eb9d564ed77c8108376495b19bd8336405198a?s=96&d=mm&r=g\",\"url\":\"https:\\\/\\\/secure.gravatar.com\\\/avatar\\\/72ecc30e9db047a2e0e7176561eb9d564ed77c8108376495b19bd8336405198a?s=96&d=mm&r=g\",\"contentUrl\":\"https:\\\/\\\/secure.gravatar.com\\\/avatar\\\/72ecc30e9db047a2e0e7176561eb9d564ed77c8108376495b19bd8336405198a?s=96&d=mm&r=g\",\"caption\":\"Dpress.ma\"},\"sameAs\":[\"https:\\\/\\\/www.dpress.ma\"],\"url\":\"https:\\\/\\\/dpress.ma\\\/fr\\\/author\\\/dpress-ma\\\/\"}]}<\/script>\n<!-- \/ Yoast SEO plugin. -->","yoast_head_json":{"title":"L\u2019IRCAM c\u00e9l\u00e8bre la Journ\u00e9e mondiale de la po\u00e9sie - Dpress.ma\/fr","robots":{"index":"index","follow":"follow","max-snippet":"max-snippet:-1","max-image-preview":"max-image-preview:large","max-video-preview":"max-video-preview:-1"},"canonical":"https:\/\/dpress.ma\/fr\/2026\/03\/26\/lircam-celebre-la-journee-mondiale-de-la-poesie\/","og_locale":"fr_FR","og_type":"article","og_title":"L\u2019IRCAM c\u00e9l\u00e8bre la Journ\u00e9e mondiale de la po\u00e9sie - Dpress.ma\/fr","og_description":"Dpress L\u2019Institut Royal de la Culture Amazighe (IRCAM) a c\u00e9l\u00e9br\u00e9, mercredi \u00e0 Rabat, la Journ\u00e9e mondiale de la po\u00e9sie, comm\u00e9mor\u00e9e le 21 mars de chaque ann\u00e9e, en pr\u00e9sence d\u2019un parterre de po\u00e8tes et de chercheurs. Cette c\u00e9l\u00e9bration vise \u00e0 ancrer une culture de reconnaissance, \u00e0 travers la mise \u00e0 l\u2019honneur de plusieurs po\u00e8tes et l\u2019organisation &hellip;","og_url":"https:\/\/dpress.ma\/fr\/2026\/03\/26\/lircam-celebre-la-journee-mondiale-de-la-poesie\/","og_site_name":"Dpress.ma\/fr","article_published_time":"2026-03-26T09:15:11+00:00","article_modified_time":"2026-03-26T09:15:13+00:00","og_image":[{"width":2539,"height":1594,"url":"https:\/\/dpress.ma\/fr\/wp-content\/uploads\/sites\/2\/2026\/03\/27-7.jpg","type":"image\/jpeg"}],"author":"Dpress.ma","twitter_card":"summary_large_image","twitter_misc":{"\u00c9crit par":"Dpress.ma","Dur\u00e9e de lecture estim\u00e9e":"2 minutes"},"schema":{"@context":"https:\/\/schema.org","@graph":[{"@type":"Article","@id":"https:\/\/dpress.ma\/fr\/2026\/03\/26\/lircam-celebre-la-journee-mondiale-de-la-poesie\/#article","isPartOf":{"@id":"https:\/\/dpress.ma\/fr\/2026\/03\/26\/lircam-celebre-la-journee-mondiale-de-la-poesie\/"},"author":{"name":"Dpress.ma","@id":"https:\/\/dpress.ma\/fr\/#\/schema\/person\/4898febf3ccd59e6578d838656a306a0"},"headline":"L\u2019IRCAM c\u00e9l\u00e8bre la Journ\u00e9e mondiale de la po\u00e9sie","datePublished":"2026-03-26T09:15:11+00:00","dateModified":"2026-03-26T09:15:13+00:00","mainEntityOfPage":{"@id":"https:\/\/dpress.ma\/fr\/2026\/03\/26\/lircam-celebre-la-journee-mondiale-de-la-poesie\/"},"wordCount":371,"commentCount":0,"image":{"@id":"https:\/\/dpress.ma\/fr\/2026\/03\/26\/lircam-celebre-la-journee-mondiale-de-la-poesie\/#primaryimage"},"thumbnailUrl":"https:\/\/dpress.ma\/fr\/wp-content\/uploads\/sites\/2\/2026\/03\/27-7.jpg","articleSection":["Art et Culture"],"inLanguage":"fr-FR","potentialAction":[{"@type":"CommentAction","name":"Comment","target":["https:\/\/dpress.ma\/fr\/2026\/03\/26\/lircam-celebre-la-journee-mondiale-de-la-poesie\/#respond"]}]},{"@type":"WebPage","@id":"https:\/\/dpress.ma\/fr\/2026\/03\/26\/lircam-celebre-la-journee-mondiale-de-la-poesie\/","url":"https:\/\/dpress.ma\/fr\/2026\/03\/26\/lircam-celebre-la-journee-mondiale-de-la-poesie\/","name":"L\u2019IRCAM c\u00e9l\u00e8bre la Journ\u00e9e mondiale de la po\u00e9sie - Dpress.ma\/fr","isPartOf":{"@id":"https:\/\/dpress.ma\/fr\/#website"},"primaryImageOfPage":{"@id":"https:\/\/dpress.ma\/fr\/2026\/03\/26\/lircam-celebre-la-journee-mondiale-de-la-poesie\/#primaryimage"},"image":{"@id":"https:\/\/dpress.ma\/fr\/2026\/03\/26\/lircam-celebre-la-journee-mondiale-de-la-poesie\/#primaryimage"},"thumbnailUrl":"https:\/\/dpress.ma\/fr\/wp-content\/uploads\/sites\/2\/2026\/03\/27-7.jpg","datePublished":"2026-03-26T09:15:11+00:00","dateModified":"2026-03-26T09:15:13+00:00","author":{"@id":"https:\/\/dpress.ma\/fr\/#\/schema\/person\/4898febf3ccd59e6578d838656a306a0"},"breadcrumb":{"@id":"https:\/\/dpress.ma\/fr\/2026\/03\/26\/lircam-celebre-la-journee-mondiale-de-la-poesie\/#breadcrumb"},"inLanguage":"fr-FR","potentialAction":[{"@type":"ReadAction","target":["https:\/\/dpress.ma\/fr\/2026\/03\/26\/lircam-celebre-la-journee-mondiale-de-la-poesie\/"]}]},{"@type":"ImageObject","inLanguage":"fr-FR","@id":"https:\/\/dpress.ma\/fr\/2026\/03\/26\/lircam-celebre-la-journee-mondiale-de-la-poesie\/#primaryimage","url":"https:\/\/dpress.ma\/fr\/wp-content\/uploads\/sites\/2\/2026\/03\/27-7.jpg","contentUrl":"https:\/\/dpress.ma\/fr\/wp-content\/uploads\/sites\/2\/2026\/03\/27-7.jpg","width":2539,"height":1594},{"@type":"BreadcrumbList","@id":"https:\/\/dpress.ma\/fr\/2026\/03\/26\/lircam-celebre-la-journee-mondiale-de-la-poesie\/#breadcrumb","itemListElement":[{"@type":"ListItem","position":1,"name":"Home","item":"https:\/\/dpress.ma\/fr\/"},{"@type":"ListItem","position":2,"name":"L\u2019IRCAM c\u00e9l\u00e8bre la Journ\u00e9e mondiale de la po\u00e9sie"}]},{"@type":"WebSite","@id":"https:\/\/dpress.ma\/fr\/#website","url":"https:\/\/dpress.ma\/fr\/","name":"Dpress.ma\/fr","description":"","potentialAction":[{"@type":"SearchAction","target":{"@type":"EntryPoint","urlTemplate":"https:\/\/dpress.ma\/fr\/?s={search_term_string}"},"query-input":{"@type":"PropertyValueSpecification","valueRequired":true,"valueName":"search_term_string"}}],"inLanguage":"fr-FR"},{"@type":"Person","@id":"https:\/\/dpress.ma\/fr\/#\/schema\/person\/4898febf3ccd59e6578d838656a306a0","name":"Dpress.ma","image":{"@type":"ImageObject","inLanguage":"fr-FR","@id":"https:\/\/secure.gravatar.com\/avatar\/72ecc30e9db047a2e0e7176561eb9d564ed77c8108376495b19bd8336405198a?s=96&d=mm&r=g","url":"https:\/\/secure.gravatar.com\/avatar\/72ecc30e9db047a2e0e7176561eb9d564ed77c8108376495b19bd8336405198a?s=96&d=mm&r=g","contentUrl":"https:\/\/secure.gravatar.com\/avatar\/72ecc30e9db047a2e0e7176561eb9d564ed77c8108376495b19bd8336405198a?s=96&d=mm&r=g","caption":"Dpress.ma"},"sameAs":["https:\/\/www.dpress.ma"],"url":"https:\/\/dpress.ma\/fr\/author\/dpress-ma\/"}]}},"amp_enabled":true,"_links":{"self":[{"href":"https:\/\/dpress.ma\/fr\/wp-json\/wp\/v2\/posts\/26735","targetHints":{"allow":["GET"]}}],"collection":[{"href":"https:\/\/dpress.ma\/fr\/wp-json\/wp\/v2\/posts"}],"about":[{"href":"https:\/\/dpress.ma\/fr\/wp-json\/wp\/v2\/types\/post"}],"author":[{"embeddable":true,"href":"https:\/\/dpress.ma\/fr\/wp-json\/wp\/v2\/users\/2"}],"replies":[{"embeddable":true,"href":"https:\/\/dpress.ma\/fr\/wp-json\/wp\/v2\/comments?post=26735"}],"version-history":[{"count":1,"href":"https:\/\/dpress.ma\/fr\/wp-json\/wp\/v2\/posts\/26735\/revisions"}],"predecessor-version":[{"id":26737,"href":"https:\/\/dpress.ma\/fr\/wp-json\/wp\/v2\/posts\/26735\/revisions\/26737"}],"wp:featuredmedia":[{"embeddable":true,"href":"https:\/\/dpress.ma\/fr\/wp-json\/wp\/v2\/media\/26736"}],"wp:attachment":[{"href":"https:\/\/dpress.ma\/fr\/wp-json\/wp\/v2\/media?parent=26735"}],"wp:term":[{"taxonomy":"category","embeddable":true,"href":"https:\/\/dpress.ma\/fr\/wp-json\/wp\/v2\/categories?post=26735"},{"taxonomy":"post_tag","embeddable":true,"href":"https:\/\/dpress.ma\/fr\/wp-json\/wp\/v2\/tags?post=26735"}],"curies":[{"name":"wp","href":"https:\/\/api.w.org\/{rel}","templated":true}]}}