{"id":26729,"date":"2026-03-26T09:11:24","date_gmt":"2026-03-26T09:11:24","guid":{"rendered":"https:\/\/dpress.ma\/fr\/?p=26729"},"modified":"2026-03-26T09:11:29","modified_gmt":"2026-03-26T09:11:29","slug":"le-cese-tient-la-180e-session-ordinaire-de-son-assemblee-generale","status":"publish","type":"post","link":"https:\/\/dpress.ma\/fr\/2026\/03\/26\/le-cese-tient-la-180e-session-ordinaire-de-son-assemblee-generale\/","title":{"rendered":"Le CESE tient la 180e session ordinaire de son Assembl\u00e9e g\u00e9n\u00e9rale"},"content":{"rendered":"\n<p class=\"wp-block-paragraph\">Dpress<\/p>\n\n\n\n<p class=\"wp-block-paragraph\">Le Conseil \u00e9conomique, social et environnemental (CESE) a tenu, le 25 mars 2026, la cent quatre-vingti\u00e8me (180\u1d49) session ordinaire de son Assembl\u00e9e g\u00e9n\u00e9rale, sous la pr\u00e9sidence de M. Abdelkader Amara, Pr\u00e9sident du Conseil.<\/p>\n\n\n\n<p class=\"wp-block-paragraph\">Le premier point inscrit \u00e0 l\u2019ordre du jour de cette session a \u00e9t\u00e9 consacr\u00e9 \u00e0 l\u2019examen et \u00e0 l\u2019adoption du projet d\u2019avis du Conseil relatif au \u201cprojet de loi n\u00b016.22 relatif \u00e0 l\u2019organisation de la profession d\u2019Adoul\u201d, objet de la saisine \u00e9manant de la Chambre des repr\u00e9sentants en date du 21 janvier 2026, rel\u00e8ve le CESE dans un communiqu\u00e9.<\/p>\n\n\n\n<p class=\"wp-block-paragraph\">Le Conseil a examin\u00e9 ce projet de loi conform\u00e9ment \u00e0 son approche participative, fond\u00e9e sur l\u2019\u00e9coute des diff\u00e9rents acteurs et parties prenantes, ainsi que sur l\u2019analyse de ses dispositions \u00e0 la lumi\u00e8re de celles de la Constitution, du cadre l\u00e9gislatif national, des recommandations de la Charte nationale de r\u00e9forme du syst\u00e8me de la justice, et des normes internationales pertinentes, selon une approche int\u00e9gr\u00e9e prenant en compte les dimensions \u00e9conomiques et sociales ainsi que les principes de bonne gouvernance et de qualit\u00e9 du service public.<\/p>\n\n\n\n<p class=\"wp-block-paragraph\">\u00c0 l\u2019issue d\u2019un d\u00e9bat riche et approfondi, l\u2019Assembl\u00e9e g\u00e9n\u00e9rale a adopt\u00e9 l\u2019avis du Conseil relatif audit projet de loi.<\/p>\n\n\n\n<p class=\"wp-block-paragraph\">Lors de cette m\u00eame session, l\u2019Assembl\u00e9e g\u00e9n\u00e9rale a \u00e9galement adopt\u00e9 le projet d\u2019avis portant sur le th\u00e8me \u201cR\u00e9forme de la formation continue dans le secteur priv\u00e9 : valoriser le capital humain et renforcer la comp\u00e9titivit\u00e9 de l\u2019entreprise\u201d, ajoute la m\u00eame source.<\/p>\n\n\n\n<p class=\"wp-block-paragraph\">Elabor\u00e9 dans le cadre d\u2019une auto-saisine, ce projet d\u2019avis souligne l\u2019importance de la formation continue pour valoriser le capital humain, accompagner les transformations du march\u00e9 du travail, am\u00e9liorer la productivit\u00e9 et renforcer la comp\u00e9titivit\u00e9 de l\u2019\u00e9conomie nationale.<\/p>\n\n\n\n<p class=\"wp-block-paragraph\">Il propose \u00e9galement des leviers d\u2019action pour consolider le syst\u00e8me de formation continue dans le secteur priv\u00e9, garantir l\u2019\u00e9quit\u00e9 d\u2019acc\u00e8s aux opportunit\u00e9s de d\u00e9veloppement des comp\u00e9tences et soutenir les parcours professionnels des travailleuses et des travailleurs, conclut le communiqu\u00e9.<\/p>\n","protected":false},"excerpt":{"rendered":"<p>Dpress Le Conseil \u00e9conomique, social et environnemental (CESE) a tenu, le 25 mars 2026, la cent quatre-vingti\u00e8me (180\u1d49) session ordinaire de son Assembl\u00e9e g\u00e9n\u00e9rale, sous la pr\u00e9sidence de M. Abdelkader Amara, Pr\u00e9sident du Conseil. Le premier point inscrit \u00e0 l\u2019ordre du jour de cette session a \u00e9t\u00e9 consacr\u00e9 \u00e0 l\u2019examen et \u00e0 l\u2019adoption du projet &hellip;<\/p>\n","protected":false},"author":2,"featured_media":26730,"comment_status":"open","ping_status":"open","sticky":false,"template":"","format":"standard","meta":{"footnotes":""},"categories":[25],"tags":[],"class_list":["post-26729","post","type-post","status-publish","format-standard","has-post-thumbnail","hentry","category-economie"],"yoast_head":"<!-- This site is optimized with the Yoast SEO plugin v28.0 - https:\/\/yoast.com\/product\/yoast-seo-wordpress\/ -->\n<title>Le CESE tient la 180e session ordinaire de son Assembl\u00e9e g\u00e9n\u00e9rale - Dpress.ma\/fr<\/title>\n<meta name=\"robots\" content=\"index, follow, max-snippet:-1, max-image-preview:large, max-video-preview:-1\" \/>\n<link rel=\"canonical\" href=\"https:\/\/dpress.ma\/fr\/2026\/03\/26\/le-cese-tient-la-180e-session-ordinaire-de-son-assemblee-generale\/\" \/>\n<meta property=\"og:locale\" content=\"fr_FR\" \/>\n<meta property=\"og:type\" content=\"article\" \/>\n<meta property=\"og:title\" content=\"Le CESE tient la 180e session ordinaire de son Assembl\u00e9e g\u00e9n\u00e9rale - Dpress.ma\/fr\" \/>\n<meta property=\"og:description\" content=\"Dpress Le Conseil \u00e9conomique, social et environnemental (CESE) a tenu, le 25 mars 2026, la cent quatre-vingti\u00e8me (180\u1d49) session ordinaire de son Assembl\u00e9e g\u00e9n\u00e9rale, sous la pr\u00e9sidence de M. Abdelkader Amara, Pr\u00e9sident du Conseil. Le premier point inscrit \u00e0 l\u2019ordre du jour de cette session a \u00e9t\u00e9 consacr\u00e9 \u00e0 l\u2019examen et \u00e0 l\u2019adoption du projet &hellip;\" \/>\n<meta property=\"og:url\" content=\"https:\/\/dpress.ma\/fr\/2026\/03\/26\/le-cese-tient-la-180e-session-ordinaire-de-son-assemblee-generale\/\" \/>\n<meta property=\"og:site_name\" content=\"Dpress.ma\/fr\" \/>\n<meta property=\"article:published_time\" content=\"2026-03-26T09:11:24+00:00\" \/>\n<meta property=\"article:modified_time\" content=\"2026-03-26T09:11:29+00:00\" \/>\n<meta property=\"og:image\" content=\"https:\/\/dpress.ma\/fr\/wp-content\/uploads\/sites\/2\/2026\/03\/25-8.jpg\" \/>\n\t<meta property=\"og:image:width\" content=\"2539\" \/>\n\t<meta property=\"og:image:height\" content=\"1594\" \/>\n\t<meta property=\"og:image:type\" content=\"image\/jpeg\" \/>\n<meta name=\"author\" content=\"Dpress.ma\" \/>\n<meta name=\"twitter:card\" content=\"summary_large_image\" \/>\n<meta name=\"twitter:label1\" content=\"\u00c9crit par\" \/>\n\t<meta name=\"twitter:data1\" content=\"Dpress.ma\" \/>\n\t<meta name=\"twitter:label2\" content=\"Dur\u00e9e de lecture estim\u00e9e\" \/>\n\t<meta name=\"twitter:data2\" content=\"2 minutes\" \/>\n<script type=\"application\/ld+json\" class=\"yoast-schema-graph\">{\"@context\":\"https:\\\/\\\/schema.org\",\"@graph\":[{\"@type\":\"Article\",\"@id\":\"https:\\\/\\\/dpress.ma\\\/fr\\\/2026\\\/03\\\/26\\\/le-cese-tient-la-180e-session-ordinaire-de-son-assemblee-generale\\\/#article\",\"isPartOf\":{\"@id\":\"https:\\\/\\\/dpress.ma\\\/fr\\\/2026\\\/03\\\/26\\\/le-cese-tient-la-180e-session-ordinaire-de-son-assemblee-generale\\\/\"},\"author\":{\"name\":\"Dpress.ma\",\"@id\":\"https:\\\/\\\/dpress.ma\\\/fr\\\/#\\\/schema\\\/person\\\/4898febf3ccd59e6578d838656a306a0\"},\"headline\":\"Le CESE tient la 180e session ordinaire de son Assembl\u00e9e g\u00e9n\u00e9rale\",\"datePublished\":\"2026-03-26T09:11:24+00:00\",\"dateModified\":\"2026-03-26T09:11:29+00:00\",\"mainEntityOfPage\":{\"@id\":\"https:\\\/\\\/dpress.ma\\\/fr\\\/2026\\\/03\\\/26\\\/le-cese-tient-la-180e-session-ordinaire-de-son-assemblee-generale\\\/\"},\"wordCount\":372,\"commentCount\":0,\"image\":{\"@id\":\"https:\\\/\\\/dpress.ma\\\/fr\\\/2026\\\/03\\\/26\\\/le-cese-tient-la-180e-session-ordinaire-de-son-assemblee-generale\\\/#primaryimage\"},\"thumbnailUrl\":\"https:\\\/\\\/dpress.ma\\\/fr\\\/wp-content\\\/uploads\\\/sites\\\/2\\\/2026\\\/03\\\/25-8.jpg\",\"articleSection\":[\"\u00c9conomie\"],\"inLanguage\":\"fr-FR\",\"potentialAction\":[{\"@type\":\"CommentAction\",\"name\":\"Comment\",\"target\":[\"https:\\\/\\\/dpress.ma\\\/fr\\\/2026\\\/03\\\/26\\\/le-cese-tient-la-180e-session-ordinaire-de-son-assemblee-generale\\\/#respond\"]}]},{\"@type\":\"WebPage\",\"@id\":\"https:\\\/\\\/dpress.ma\\\/fr\\\/2026\\\/03\\\/26\\\/le-cese-tient-la-180e-session-ordinaire-de-son-assemblee-generale\\\/\",\"url\":\"https:\\\/\\\/dpress.ma\\\/fr\\\/2026\\\/03\\\/26\\\/le-cese-tient-la-180e-session-ordinaire-de-son-assemblee-generale\\\/\",\"name\":\"Le CESE tient la 180e session ordinaire de son Assembl\u00e9e g\u00e9n\u00e9rale - Dpress.ma\\\/fr\",\"isPartOf\":{\"@id\":\"https:\\\/\\\/dpress.ma\\\/fr\\\/#website\"},\"primaryImageOfPage\":{\"@id\":\"https:\\\/\\\/dpress.ma\\\/fr\\\/2026\\\/03\\\/26\\\/le-cese-tient-la-180e-session-ordinaire-de-son-assemblee-generale\\\/#primaryimage\"},\"image\":{\"@id\":\"https:\\\/\\\/dpress.ma\\\/fr\\\/2026\\\/03\\\/26\\\/le-cese-tient-la-180e-session-ordinaire-de-son-assemblee-generale\\\/#primaryimage\"},\"thumbnailUrl\":\"https:\\\/\\\/dpress.ma\\\/fr\\\/wp-content\\\/uploads\\\/sites\\\/2\\\/2026\\\/03\\\/25-8.jpg\",\"datePublished\":\"2026-03-26T09:11:24+00:00\",\"dateModified\":\"2026-03-26T09:11:29+00:00\",\"author\":{\"@id\":\"https:\\\/\\\/dpress.ma\\\/fr\\\/#\\\/schema\\\/person\\\/4898febf3ccd59e6578d838656a306a0\"},\"breadcrumb\":{\"@id\":\"https:\\\/\\\/dpress.ma\\\/fr\\\/2026\\\/03\\\/26\\\/le-cese-tient-la-180e-session-ordinaire-de-son-assemblee-generale\\\/#breadcrumb\"},\"inLanguage\":\"fr-FR\",\"potentialAction\":[{\"@type\":\"ReadAction\",\"target\":[\"https:\\\/\\\/dpress.ma\\\/fr\\\/2026\\\/03\\\/26\\\/le-cese-tient-la-180e-session-ordinaire-de-son-assemblee-generale\\\/\"]}]},{\"@type\":\"ImageObject\",\"inLanguage\":\"fr-FR\",\"@id\":\"https:\\\/\\\/dpress.ma\\\/fr\\\/2026\\\/03\\\/26\\\/le-cese-tient-la-180e-session-ordinaire-de-son-assemblee-generale\\\/#primaryimage\",\"url\":\"https:\\\/\\\/dpress.ma\\\/fr\\\/wp-content\\\/uploads\\\/sites\\\/2\\\/2026\\\/03\\\/25-8.jpg\",\"contentUrl\":\"https:\\\/\\\/dpress.ma\\\/fr\\\/wp-content\\\/uploads\\\/sites\\\/2\\\/2026\\\/03\\\/25-8.jpg\",\"width\":2539,\"height\":1594},{\"@type\":\"BreadcrumbList\",\"@id\":\"https:\\\/\\\/dpress.ma\\\/fr\\\/2026\\\/03\\\/26\\\/le-cese-tient-la-180e-session-ordinaire-de-son-assemblee-generale\\\/#breadcrumb\",\"itemListElement\":[{\"@type\":\"ListItem\",\"position\":1,\"name\":\"Home\",\"item\":\"https:\\\/\\\/dpress.ma\\\/fr\\\/\"},{\"@type\":\"ListItem\",\"position\":2,\"name\":\"Le CESE tient la 180e session ordinaire de son Assembl\u00e9e g\u00e9n\u00e9rale\"}]},{\"@type\":\"WebSite\",\"@id\":\"https:\\\/\\\/dpress.ma\\\/fr\\\/#website\",\"url\":\"https:\\\/\\\/dpress.ma\\\/fr\\\/\",\"name\":\"Dpress.ma\\\/fr\",\"description\":\"\",\"potentialAction\":[{\"@type\":\"SearchAction\",\"target\":{\"@type\":\"EntryPoint\",\"urlTemplate\":\"https:\\\/\\\/dpress.ma\\\/fr\\\/?s={search_term_string}\"},\"query-input\":{\"@type\":\"PropertyValueSpecification\",\"valueRequired\":true,\"valueName\":\"search_term_string\"}}],\"inLanguage\":\"fr-FR\"},{\"@type\":\"Person\",\"@id\":\"https:\\\/\\\/dpress.ma\\\/fr\\\/#\\\/schema\\\/person\\\/4898febf3ccd59e6578d838656a306a0\",\"name\":\"Dpress.ma\",\"image\":{\"@type\":\"ImageObject\",\"inLanguage\":\"fr-FR\",\"@id\":\"https:\\\/\\\/secure.gravatar.com\\\/avatar\\\/72ecc30e9db047a2e0e7176561eb9d564ed77c8108376495b19bd8336405198a?s=96&d=mm&r=g\",\"url\":\"https:\\\/\\\/secure.gravatar.com\\\/avatar\\\/72ecc30e9db047a2e0e7176561eb9d564ed77c8108376495b19bd8336405198a?s=96&d=mm&r=g\",\"contentUrl\":\"https:\\\/\\\/secure.gravatar.com\\\/avatar\\\/72ecc30e9db047a2e0e7176561eb9d564ed77c8108376495b19bd8336405198a?s=96&d=mm&r=g\",\"caption\":\"Dpress.ma\"},\"sameAs\":[\"https:\\\/\\\/www.dpress.ma\"],\"url\":\"https:\\\/\\\/dpress.ma\\\/fr\\\/author\\\/dpress-ma\\\/\"}]}<\/script>\n<!-- \/ Yoast SEO plugin. -->","yoast_head_json":{"title":"Le CESE tient la 180e session ordinaire de son Assembl\u00e9e g\u00e9n\u00e9rale - Dpress.ma\/fr","robots":{"index":"index","follow":"follow","max-snippet":"max-snippet:-1","max-image-preview":"max-image-preview:large","max-video-preview":"max-video-preview:-1"},"canonical":"https:\/\/dpress.ma\/fr\/2026\/03\/26\/le-cese-tient-la-180e-session-ordinaire-de-son-assemblee-generale\/","og_locale":"fr_FR","og_type":"article","og_title":"Le CESE tient la 180e session ordinaire de son Assembl\u00e9e g\u00e9n\u00e9rale - Dpress.ma\/fr","og_description":"Dpress Le Conseil \u00e9conomique, social et environnemental (CESE) a tenu, le 25 mars 2026, la cent quatre-vingti\u00e8me (180\u1d49) session ordinaire de son Assembl\u00e9e g\u00e9n\u00e9rale, sous la pr\u00e9sidence de M. Abdelkader Amara, Pr\u00e9sident du Conseil. Le premier point inscrit \u00e0 l\u2019ordre du jour de cette session a \u00e9t\u00e9 consacr\u00e9 \u00e0 l\u2019examen et \u00e0 l\u2019adoption du projet &hellip;","og_url":"https:\/\/dpress.ma\/fr\/2026\/03\/26\/le-cese-tient-la-180e-session-ordinaire-de-son-assemblee-generale\/","og_site_name":"Dpress.ma\/fr","article_published_time":"2026-03-26T09:11:24+00:00","article_modified_time":"2026-03-26T09:11:29+00:00","og_image":[{"width":2539,"height":1594,"url":"https:\/\/dpress.ma\/fr\/wp-content\/uploads\/sites\/2\/2026\/03\/25-8.jpg","type":"image\/jpeg"}],"author":"Dpress.ma","twitter_card":"summary_large_image","twitter_misc":{"\u00c9crit par":"Dpress.ma","Dur\u00e9e de lecture estim\u00e9e":"2 minutes"},"schema":{"@context":"https:\/\/schema.org","@graph":[{"@type":"Article","@id":"https:\/\/dpress.ma\/fr\/2026\/03\/26\/le-cese-tient-la-180e-session-ordinaire-de-son-assemblee-generale\/#article","isPartOf":{"@id":"https:\/\/dpress.ma\/fr\/2026\/03\/26\/le-cese-tient-la-180e-session-ordinaire-de-son-assemblee-generale\/"},"author":{"name":"Dpress.ma","@id":"https:\/\/dpress.ma\/fr\/#\/schema\/person\/4898febf3ccd59e6578d838656a306a0"},"headline":"Le CESE tient la 180e session ordinaire de son Assembl\u00e9e g\u00e9n\u00e9rale","datePublished":"2026-03-26T09:11:24+00:00","dateModified":"2026-03-26T09:11:29+00:00","mainEntityOfPage":{"@id":"https:\/\/dpress.ma\/fr\/2026\/03\/26\/le-cese-tient-la-180e-session-ordinaire-de-son-assemblee-generale\/"},"wordCount":372,"commentCount":0,"image":{"@id":"https:\/\/dpress.ma\/fr\/2026\/03\/26\/le-cese-tient-la-180e-session-ordinaire-de-son-assemblee-generale\/#primaryimage"},"thumbnailUrl":"https:\/\/dpress.ma\/fr\/wp-content\/uploads\/sites\/2\/2026\/03\/25-8.jpg","articleSection":["\u00c9conomie"],"inLanguage":"fr-FR","potentialAction":[{"@type":"CommentAction","name":"Comment","target":["https:\/\/dpress.ma\/fr\/2026\/03\/26\/le-cese-tient-la-180e-session-ordinaire-de-son-assemblee-generale\/#respond"]}]},{"@type":"WebPage","@id":"https:\/\/dpress.ma\/fr\/2026\/03\/26\/le-cese-tient-la-180e-session-ordinaire-de-son-assemblee-generale\/","url":"https:\/\/dpress.ma\/fr\/2026\/03\/26\/le-cese-tient-la-180e-session-ordinaire-de-son-assemblee-generale\/","name":"Le CESE tient la 180e session ordinaire de son Assembl\u00e9e g\u00e9n\u00e9rale - Dpress.ma\/fr","isPartOf":{"@id":"https:\/\/dpress.ma\/fr\/#website"},"primaryImageOfPage":{"@id":"https:\/\/dpress.ma\/fr\/2026\/03\/26\/le-cese-tient-la-180e-session-ordinaire-de-son-assemblee-generale\/#primaryimage"},"image":{"@id":"https:\/\/dpress.ma\/fr\/2026\/03\/26\/le-cese-tient-la-180e-session-ordinaire-de-son-assemblee-generale\/#primaryimage"},"thumbnailUrl":"https:\/\/dpress.ma\/fr\/wp-content\/uploads\/sites\/2\/2026\/03\/25-8.jpg","datePublished":"2026-03-26T09:11:24+00:00","dateModified":"2026-03-26T09:11:29+00:00","author":{"@id":"https:\/\/dpress.ma\/fr\/#\/schema\/person\/4898febf3ccd59e6578d838656a306a0"},"breadcrumb":{"@id":"https:\/\/dpress.ma\/fr\/2026\/03\/26\/le-cese-tient-la-180e-session-ordinaire-de-son-assemblee-generale\/#breadcrumb"},"inLanguage":"fr-FR","potentialAction":[{"@type":"ReadAction","target":["https:\/\/dpress.ma\/fr\/2026\/03\/26\/le-cese-tient-la-180e-session-ordinaire-de-son-assemblee-generale\/"]}]},{"@type":"ImageObject","inLanguage":"fr-FR","@id":"https:\/\/dpress.ma\/fr\/2026\/03\/26\/le-cese-tient-la-180e-session-ordinaire-de-son-assemblee-generale\/#primaryimage","url":"https:\/\/dpress.ma\/fr\/wp-content\/uploads\/sites\/2\/2026\/03\/25-8.jpg","contentUrl":"https:\/\/dpress.ma\/fr\/wp-content\/uploads\/sites\/2\/2026\/03\/25-8.jpg","width":2539,"height":1594},{"@type":"BreadcrumbList","@id":"https:\/\/dpress.ma\/fr\/2026\/03\/26\/le-cese-tient-la-180e-session-ordinaire-de-son-assemblee-generale\/#breadcrumb","itemListElement":[{"@type":"ListItem","position":1,"name":"Home","item":"https:\/\/dpress.ma\/fr\/"},{"@type":"ListItem","position":2,"name":"Le CESE tient la 180e session ordinaire de son Assembl\u00e9e g\u00e9n\u00e9rale"}]},{"@type":"WebSite","@id":"https:\/\/dpress.ma\/fr\/#website","url":"https:\/\/dpress.ma\/fr\/","name":"Dpress.ma\/fr","description":"","potentialAction":[{"@type":"SearchAction","target":{"@type":"EntryPoint","urlTemplate":"https:\/\/dpress.ma\/fr\/?s={search_term_string}"},"query-input":{"@type":"PropertyValueSpecification","valueRequired":true,"valueName":"search_term_string"}}],"inLanguage":"fr-FR"},{"@type":"Person","@id":"https:\/\/dpress.ma\/fr\/#\/schema\/person\/4898febf3ccd59e6578d838656a306a0","name":"Dpress.ma","image":{"@type":"ImageObject","inLanguage":"fr-FR","@id":"https:\/\/secure.gravatar.com\/avatar\/72ecc30e9db047a2e0e7176561eb9d564ed77c8108376495b19bd8336405198a?s=96&d=mm&r=g","url":"https:\/\/secure.gravatar.com\/avatar\/72ecc30e9db047a2e0e7176561eb9d564ed77c8108376495b19bd8336405198a?s=96&d=mm&r=g","contentUrl":"https:\/\/secure.gravatar.com\/avatar\/72ecc30e9db047a2e0e7176561eb9d564ed77c8108376495b19bd8336405198a?s=96&d=mm&r=g","caption":"Dpress.ma"},"sameAs":["https:\/\/www.dpress.ma"],"url":"https:\/\/dpress.ma\/fr\/author\/dpress-ma\/"}]}},"amp_enabled":true,"_links":{"self":[{"href":"https:\/\/dpress.ma\/fr\/wp-json\/wp\/v2\/posts\/26729","targetHints":{"allow":["GET"]}}],"collection":[{"href":"https:\/\/dpress.ma\/fr\/wp-json\/wp\/v2\/posts"}],"about":[{"href":"https:\/\/dpress.ma\/fr\/wp-json\/wp\/v2\/types\/post"}],"author":[{"embeddable":true,"href":"https:\/\/dpress.ma\/fr\/wp-json\/wp\/v2\/users\/2"}],"replies":[{"embeddable":true,"href":"https:\/\/dpress.ma\/fr\/wp-json\/wp\/v2\/comments?post=26729"}],"version-history":[{"count":1,"href":"https:\/\/dpress.ma\/fr\/wp-json\/wp\/v2\/posts\/26729\/revisions"}],"predecessor-version":[{"id":26731,"href":"https:\/\/dpress.ma\/fr\/wp-json\/wp\/v2\/posts\/26729\/revisions\/26731"}],"wp:featuredmedia":[{"embeddable":true,"href":"https:\/\/dpress.ma\/fr\/wp-json\/wp\/v2\/media\/26730"}],"wp:attachment":[{"href":"https:\/\/dpress.ma\/fr\/wp-json\/wp\/v2\/media?parent=26729"}],"wp:term":[{"taxonomy":"category","embeddable":true,"href":"https:\/\/dpress.ma\/fr\/wp-json\/wp\/v2\/categories?post=26729"},{"taxonomy":"post_tag","embeddable":true,"href":"https:\/\/dpress.ma\/fr\/wp-json\/wp\/v2\/tags?post=26729"}],"curies":[{"name":"wp","href":"https:\/\/api.w.org\/{rel}","templated":true}]}}