{"id":26670,"date":"2026-03-25T13:32:28","date_gmt":"2026-03-25T13:32:28","guid":{"rendered":"https:\/\/dpress.ma\/fr\/?p=26670"},"modified":"2026-03-25T13:32:31","modified_gmt":"2026-03-25T13:32:31","slug":"m-amara-appelle-a-lelaboration-dun-plan-integre-et-durable-du-transport-en-milieu-rural","status":"publish","type":"post","link":"https:\/\/dpress.ma\/fr\/2026\/03\/25\/m-amara-appelle-a-lelaboration-dun-plan-integre-et-durable-du-transport-en-milieu-rural\/","title":{"rendered":"M. Amara appelle \u00e0 l\u2019\u00e9laboration d\u2019un plan int\u00e9gr\u00e9 et durable du transport en milieu rural"},"content":{"rendered":"\n<p class=\"wp-block-paragraph\">Dpress<\/p>\n\n\n\n<p class=\"wp-block-paragraph\">Le pr\u00e9sident du Conseil \u00e9conomique, social et environnemental (CESE) a appel\u00e9, mercredi \u00e0 Rabat, \u00e0 l\u2019\u00e9laboration d\u2019un plan int\u00e9gr\u00e9 et durable du transport en milieu rural afin d\u2019en faire un levier strat\u00e9gique du d\u00e9veloppement territorial.<\/p>\n\n\n\n<p class=\"wp-block-paragraph\">Lors d\u2019un atelier de restitution consacr\u00e9 \u00e0 la pr\u00e9sentation des principales conclusions et recommandations de l\u2019avis du Conseil intitul\u00e9 \u201cVers un transport rural inclusif, durable et r\u00e9silient au service des populations et territoires\u201d, M. Amara a insist\u00e9 sur le r\u00f4le du transport rural dans le repositionnement du douar comme unit\u00e9 territoriale de r\u00e9f\u00e9rence pour rapprocher les populations rurales des services de proximit\u00e9.<\/p>\n\n\n\n<p class=\"wp-block-paragraph\">Il a, \u00e0 cet \u00e9gard, mis l\u2019accent sur la n\u00e9cessit\u00e9 de moderniser et renforcer le r\u00e9seau routier rural, en proc\u00e9dant au classement progressif des routes non class\u00e9es et en connectant les axes ruraux aux r\u00e9seaux provinciaux et r\u00e9gionaux, en assurant la p\u00e9rennit\u00e9 des investissements r\u00e9alis\u00e9s dans les programmes de d\u00e9senclavement, tout en portant une attention particuli\u00e8re aux zones isol\u00e9es et aux douars \u00e9loign\u00e9s, afin de garantir une connectivit\u00e9 optimale et un acc\u00e8s \u00e9quitable aux services pour toutes les populations rurales.<\/p>\n\n\n\n<p class=\"wp-block-paragraph\">En outre, le pr\u00e9sident du CESE a plaid\u00e9 pour l\u2019int\u00e9gration dans le code de la route des dispositions sp\u00e9cifiques encadrant la circulation sur les routes non class\u00e9es et la conduite des v\u00e9hicules en milieu rural, appelant \u00e0 r\u00e9viser le cahier des charges du transport mixte pour y int\u00e9grer des exigences de qualit\u00e9 et de s\u00e9curit\u00e9, en mettant en place un m\u00e9canisme de subventions adapt\u00e9 pour soutenir son d\u00e9ploiement en milieu rural.<\/p>\n\n\n\n<p class=\"wp-block-paragraph\">De m\u00eame, il a appel\u00e9 \u00e0 promouvoir une offre de v\u00e9hicules utilitaires, con\u00e7us et industrialis\u00e9s au niveau national, adapt\u00e9s aux sp\u00e9cificit\u00e9s du transport mixte ainsi qu\u2019aux contraintes g\u00e9ographiques des territoires ruraux, insistant sur la n\u00e9cessit\u00e9 de moderniser et de p\u00e9renniser les infrastructures, de garantir la s\u00e9curit\u00e9 des populations et de leurs biens, d\u2019assurer un financement durable des infrastructures et des services de transport, et de d\u00e9ployer un syst\u00e8me de transport connect\u00e9 et performant, alliant infrastructures physiques de qualit\u00e9 et outils num\u00e9riques.<\/p>\n\n\n\n<p class=\"wp-block-paragraph\">D\u2019autre part, M. Amara a rappel\u00e9 que des transports s\u00fbrs et durables constituent un levier essentiel pour le d\u00e9veloppement des zones rurales, l\u2019acc\u00e8s de leurs habitants aux services et aux opportunit\u00e9s, ainsi que pour l\u2019effectivit\u00e9 des droits fondamentaux, notamment en mati\u00e8re d\u2019acc\u00e8s \u00e0 l\u2019\u00e9ducation, \u00e0 la sant\u00e9, \u00e0 l\u2019emploi et au logement.<\/p>\n\n\n\n<p class=\"wp-block-paragraph\">Le pr\u00e9sident du Conseil a, dans ce sens, relev\u00e9 que les programmes de d\u00e9senclavement mis en \u0153uvre ont am\u00e9lior\u00e9 la mobilit\u00e9 et le transport des personnes et des biens, portant le taux d\u2019accessibilit\u00e9 \u00e0 une route praticable toute l\u2019ann\u00e9e de 54\u202f% en 2005 \u00e0 81\u202f% en 2022.<\/p>\n\n\n\n<p class=\"wp-block-paragraph\">Toutefois, ces progr\u00e8s demeurent in\u00e9galement r\u00e9partis, les zones montagneuses, enclav\u00e9es ou \u00e0 habitat dispers\u00e9 restent encore marqu\u00e9es par des poches d\u2019isolement, a t-il fait observer, notant que la d\u00e9gradation des routes non class\u00e9es, l\u2019absence d\u2019un entretien p\u00e9renne de ces routes et pistes rurales compromettent la continuit\u00e9 des services, tout en accroissant le caract\u00e8re accidentel.<\/p>\n\n\n\n<p class=\"wp-block-paragraph\">\u00c9labore dans le cadre d\u2019une auto-saisine, cet avis traduit l\u2019int\u00e9r\u00eat constant que le Conseil porte aux enjeux du monde rural, en tant que composante essentielle du chantier de la r\u00e9gionalisation avanc\u00e9e et de la mise en \u0153uvre de la gouvernance territoriale, compte tenu de son poids spatial et d\u00e9mographique couvrant plus de 90 % du territoire national et abritant plus de 13,7 millions d\u2019habitants, soit 37,2 % de la population totale.<\/p>\n\n\n\n<p class=\"wp-block-paragraph\">Cette rencontre s\u2019est tenue en pr\u00e9sence des acteurs concern\u00e9s, notamment des repr\u00e9sentants des d\u00e9partements gouvernementaux, des institutions publiques, des organisations nationales et internationales, de la soci\u00e9t\u00e9 civile, ainsi que des experts.<\/p>\n","protected":false},"excerpt":{"rendered":"<p>Dpress Le pr\u00e9sident du Conseil \u00e9conomique, social et environnemental (CESE) a appel\u00e9, mercredi \u00e0 Rabat, \u00e0 l\u2019\u00e9laboration d\u2019un plan int\u00e9gr\u00e9 et durable du transport en milieu rural afin d\u2019en faire un levier strat\u00e9gique du d\u00e9veloppement territorial. Lors d\u2019un atelier de restitution consacr\u00e9 \u00e0 la pr\u00e9sentation des principales conclusions et recommandations de l\u2019avis du Conseil intitul\u00e9 &hellip;<\/p>\n","protected":false},"author":2,"featured_media":26671,"comment_status":"open","ping_status":"open","sticky":false,"template":"","format":"standard","meta":{"footnotes":""},"categories":[41],"tags":[],"class_list":["post-26670","post","type-post","status-publish","format-standard","has-post-thumbnail","hentry","category-opinions-et-debats"],"yoast_head":"<!-- This site is optimized with the Yoast SEO plugin v28.0 - https:\/\/yoast.com\/product\/yoast-seo-wordpress\/ -->\n<title>M. Amara appelle \u00e0 l\u2019\u00e9laboration d\u2019un plan int\u00e9gr\u00e9 et durable du transport en milieu rural - Dpress.ma\/fr<\/title>\n<meta name=\"robots\" content=\"index, follow, max-snippet:-1, max-image-preview:large, max-video-preview:-1\" \/>\n<link rel=\"canonical\" href=\"https:\/\/dpress.ma\/fr\/2026\/03\/25\/m-amara-appelle-a-lelaboration-dun-plan-integre-et-durable-du-transport-en-milieu-rural\/\" \/>\n<meta property=\"og:locale\" content=\"fr_FR\" \/>\n<meta property=\"og:type\" content=\"article\" \/>\n<meta property=\"og:title\" content=\"M. Amara appelle \u00e0 l\u2019\u00e9laboration d\u2019un plan int\u00e9gr\u00e9 et durable du transport en milieu rural - Dpress.ma\/fr\" \/>\n<meta property=\"og:description\" content=\"Dpress Le pr\u00e9sident du Conseil \u00e9conomique, social et environnemental (CESE) a appel\u00e9, mercredi \u00e0 Rabat, \u00e0 l\u2019\u00e9laboration d\u2019un plan int\u00e9gr\u00e9 et durable du transport en milieu rural afin d\u2019en faire un levier strat\u00e9gique du d\u00e9veloppement territorial. Lors d\u2019un atelier de restitution consacr\u00e9 \u00e0 la pr\u00e9sentation des principales conclusions et recommandations de l\u2019avis du Conseil intitul\u00e9 &hellip;\" \/>\n<meta property=\"og:url\" content=\"https:\/\/dpress.ma\/fr\/2026\/03\/25\/m-amara-appelle-a-lelaboration-dun-plan-integre-et-durable-du-transport-en-milieu-rural\/\" \/>\n<meta property=\"og:site_name\" content=\"Dpress.ma\/fr\" \/>\n<meta property=\"article:published_time\" content=\"2026-03-25T13:32:28+00:00\" \/>\n<meta property=\"article:modified_time\" content=\"2026-03-25T13:32:31+00:00\" \/>\n<meta property=\"og:image\" content=\"https:\/\/dpress.ma\/fr\/wp-content\/uploads\/sites\/2\/2026\/03\/68-2.jpg\" \/>\n\t<meta property=\"og:image:width\" content=\"2539\" \/>\n\t<meta property=\"og:image:height\" content=\"1594\" \/>\n\t<meta property=\"og:image:type\" content=\"image\/jpeg\" \/>\n<meta name=\"author\" content=\"Dpress.ma\" \/>\n<meta name=\"twitter:card\" content=\"summary_large_image\" \/>\n<meta name=\"twitter:label1\" content=\"\u00c9crit par\" \/>\n\t<meta name=\"twitter:data1\" content=\"Dpress.ma\" \/>\n\t<meta name=\"twitter:label2\" content=\"Dur\u00e9e de lecture estim\u00e9e\" \/>\n\t<meta name=\"twitter:data2\" content=\"4 minutes\" \/>\n<script type=\"application\/ld+json\" class=\"yoast-schema-graph\">{\"@context\":\"https:\\\/\\\/schema.org\",\"@graph\":[{\"@type\":\"Article\",\"@id\":\"https:\\\/\\\/dpress.ma\\\/fr\\\/2026\\\/03\\\/25\\\/m-amara-appelle-a-lelaboration-dun-plan-integre-et-durable-du-transport-en-milieu-rural\\\/#article\",\"isPartOf\":{\"@id\":\"https:\\\/\\\/dpress.ma\\\/fr\\\/2026\\\/03\\\/25\\\/m-amara-appelle-a-lelaboration-dun-plan-integre-et-durable-du-transport-en-milieu-rural\\\/\"},\"author\":{\"name\":\"Dpress.ma\",\"@id\":\"https:\\\/\\\/dpress.ma\\\/fr\\\/#\\\/schema\\\/person\\\/4898febf3ccd59e6578d838656a306a0\"},\"headline\":\"M. Amara appelle \u00e0 l\u2019\u00e9laboration d\u2019un plan int\u00e9gr\u00e9 et durable du transport en milieu rural\",\"datePublished\":\"2026-03-25T13:32:28+00:00\",\"dateModified\":\"2026-03-25T13:32:31+00:00\",\"mainEntityOfPage\":{\"@id\":\"https:\\\/\\\/dpress.ma\\\/fr\\\/2026\\\/03\\\/25\\\/m-amara-appelle-a-lelaboration-dun-plan-integre-et-durable-du-transport-en-milieu-rural\\\/\"},\"wordCount\":681,\"commentCount\":0,\"image\":{\"@id\":\"https:\\\/\\\/dpress.ma\\\/fr\\\/2026\\\/03\\\/25\\\/m-amara-appelle-a-lelaboration-dun-plan-integre-et-durable-du-transport-en-milieu-rural\\\/#primaryimage\"},\"thumbnailUrl\":\"https:\\\/\\\/dpress.ma\\\/fr\\\/wp-content\\\/uploads\\\/sites\\\/2\\\/2026\\\/03\\\/68-2.jpg\",\"articleSection\":[\"opinions-et-debats\"],\"inLanguage\":\"fr-FR\",\"potentialAction\":[{\"@type\":\"CommentAction\",\"name\":\"Comment\",\"target\":[\"https:\\\/\\\/dpress.ma\\\/fr\\\/2026\\\/03\\\/25\\\/m-amara-appelle-a-lelaboration-dun-plan-integre-et-durable-du-transport-en-milieu-rural\\\/#respond\"]}]},{\"@type\":\"WebPage\",\"@id\":\"https:\\\/\\\/dpress.ma\\\/fr\\\/2026\\\/03\\\/25\\\/m-amara-appelle-a-lelaboration-dun-plan-integre-et-durable-du-transport-en-milieu-rural\\\/\",\"url\":\"https:\\\/\\\/dpress.ma\\\/fr\\\/2026\\\/03\\\/25\\\/m-amara-appelle-a-lelaboration-dun-plan-integre-et-durable-du-transport-en-milieu-rural\\\/\",\"name\":\"M. Amara appelle \u00e0 l\u2019\u00e9laboration d\u2019un plan int\u00e9gr\u00e9 et durable du transport en milieu rural - Dpress.ma\\\/fr\",\"isPartOf\":{\"@id\":\"https:\\\/\\\/dpress.ma\\\/fr\\\/#website\"},\"primaryImageOfPage\":{\"@id\":\"https:\\\/\\\/dpress.ma\\\/fr\\\/2026\\\/03\\\/25\\\/m-amara-appelle-a-lelaboration-dun-plan-integre-et-durable-du-transport-en-milieu-rural\\\/#primaryimage\"},\"image\":{\"@id\":\"https:\\\/\\\/dpress.ma\\\/fr\\\/2026\\\/03\\\/25\\\/m-amara-appelle-a-lelaboration-dun-plan-integre-et-durable-du-transport-en-milieu-rural\\\/#primaryimage\"},\"thumbnailUrl\":\"https:\\\/\\\/dpress.ma\\\/fr\\\/wp-content\\\/uploads\\\/sites\\\/2\\\/2026\\\/03\\\/68-2.jpg\",\"datePublished\":\"2026-03-25T13:32:28+00:00\",\"dateModified\":\"2026-03-25T13:32:31+00:00\",\"author\":{\"@id\":\"https:\\\/\\\/dpress.ma\\\/fr\\\/#\\\/schema\\\/person\\\/4898febf3ccd59e6578d838656a306a0\"},\"breadcrumb\":{\"@id\":\"https:\\\/\\\/dpress.ma\\\/fr\\\/2026\\\/03\\\/25\\\/m-amara-appelle-a-lelaboration-dun-plan-integre-et-durable-du-transport-en-milieu-rural\\\/#breadcrumb\"},\"inLanguage\":\"fr-FR\",\"potentialAction\":[{\"@type\":\"ReadAction\",\"target\":[\"https:\\\/\\\/dpress.ma\\\/fr\\\/2026\\\/03\\\/25\\\/m-amara-appelle-a-lelaboration-dun-plan-integre-et-durable-du-transport-en-milieu-rural\\\/\"]}]},{\"@type\":\"ImageObject\",\"inLanguage\":\"fr-FR\",\"@id\":\"https:\\\/\\\/dpress.ma\\\/fr\\\/2026\\\/03\\\/25\\\/m-amara-appelle-a-lelaboration-dun-plan-integre-et-durable-du-transport-en-milieu-rural\\\/#primaryimage\",\"url\":\"https:\\\/\\\/dpress.ma\\\/fr\\\/wp-content\\\/uploads\\\/sites\\\/2\\\/2026\\\/03\\\/68-2.jpg\",\"contentUrl\":\"https:\\\/\\\/dpress.ma\\\/fr\\\/wp-content\\\/uploads\\\/sites\\\/2\\\/2026\\\/03\\\/68-2.jpg\",\"width\":2539,\"height\":1594},{\"@type\":\"BreadcrumbList\",\"@id\":\"https:\\\/\\\/dpress.ma\\\/fr\\\/2026\\\/03\\\/25\\\/m-amara-appelle-a-lelaboration-dun-plan-integre-et-durable-du-transport-en-milieu-rural\\\/#breadcrumb\",\"itemListElement\":[{\"@type\":\"ListItem\",\"position\":1,\"name\":\"Home\",\"item\":\"https:\\\/\\\/dpress.ma\\\/fr\\\/\"},{\"@type\":\"ListItem\",\"position\":2,\"name\":\"M. Amara appelle \u00e0 l\u2019\u00e9laboration d\u2019un plan int\u00e9gr\u00e9 et durable du transport en milieu rural\"}]},{\"@type\":\"WebSite\",\"@id\":\"https:\\\/\\\/dpress.ma\\\/fr\\\/#website\",\"url\":\"https:\\\/\\\/dpress.ma\\\/fr\\\/\",\"name\":\"Dpress.ma\\\/fr\",\"description\":\"\",\"potentialAction\":[{\"@type\":\"SearchAction\",\"target\":{\"@type\":\"EntryPoint\",\"urlTemplate\":\"https:\\\/\\\/dpress.ma\\\/fr\\\/?s={search_term_string}\"},\"query-input\":{\"@type\":\"PropertyValueSpecification\",\"valueRequired\":true,\"valueName\":\"search_term_string\"}}],\"inLanguage\":\"fr-FR\"},{\"@type\":\"Person\",\"@id\":\"https:\\\/\\\/dpress.ma\\\/fr\\\/#\\\/schema\\\/person\\\/4898febf3ccd59e6578d838656a306a0\",\"name\":\"Dpress.ma\",\"image\":{\"@type\":\"ImageObject\",\"inLanguage\":\"fr-FR\",\"@id\":\"https:\\\/\\\/secure.gravatar.com\\\/avatar\\\/72ecc30e9db047a2e0e7176561eb9d564ed77c8108376495b19bd8336405198a?s=96&d=mm&r=g\",\"url\":\"https:\\\/\\\/secure.gravatar.com\\\/avatar\\\/72ecc30e9db047a2e0e7176561eb9d564ed77c8108376495b19bd8336405198a?s=96&d=mm&r=g\",\"contentUrl\":\"https:\\\/\\\/secure.gravatar.com\\\/avatar\\\/72ecc30e9db047a2e0e7176561eb9d564ed77c8108376495b19bd8336405198a?s=96&d=mm&r=g\",\"caption\":\"Dpress.ma\"},\"sameAs\":[\"https:\\\/\\\/www.dpress.ma\"],\"url\":\"https:\\\/\\\/dpress.ma\\\/fr\\\/author\\\/dpress-ma\\\/\"}]}<\/script>\n<!-- \/ Yoast SEO plugin. -->","yoast_head_json":{"title":"M. Amara appelle \u00e0 l\u2019\u00e9laboration d\u2019un plan int\u00e9gr\u00e9 et durable du transport en milieu rural - Dpress.ma\/fr","robots":{"index":"index","follow":"follow","max-snippet":"max-snippet:-1","max-image-preview":"max-image-preview:large","max-video-preview":"max-video-preview:-1"},"canonical":"https:\/\/dpress.ma\/fr\/2026\/03\/25\/m-amara-appelle-a-lelaboration-dun-plan-integre-et-durable-du-transport-en-milieu-rural\/","og_locale":"fr_FR","og_type":"article","og_title":"M. Amara appelle \u00e0 l\u2019\u00e9laboration d\u2019un plan int\u00e9gr\u00e9 et durable du transport en milieu rural - Dpress.ma\/fr","og_description":"Dpress Le pr\u00e9sident du Conseil \u00e9conomique, social et environnemental (CESE) a appel\u00e9, mercredi \u00e0 Rabat, \u00e0 l\u2019\u00e9laboration d\u2019un plan int\u00e9gr\u00e9 et durable du transport en milieu rural afin d\u2019en faire un levier strat\u00e9gique du d\u00e9veloppement territorial. Lors d\u2019un atelier de restitution consacr\u00e9 \u00e0 la pr\u00e9sentation des principales conclusions et recommandations de l\u2019avis du Conseil intitul\u00e9 &hellip;","og_url":"https:\/\/dpress.ma\/fr\/2026\/03\/25\/m-amara-appelle-a-lelaboration-dun-plan-integre-et-durable-du-transport-en-milieu-rural\/","og_site_name":"Dpress.ma\/fr","article_published_time":"2026-03-25T13:32:28+00:00","article_modified_time":"2026-03-25T13:32:31+00:00","og_image":[{"width":2539,"height":1594,"url":"https:\/\/dpress.ma\/fr\/wp-content\/uploads\/sites\/2\/2026\/03\/68-2.jpg","type":"image\/jpeg"}],"author":"Dpress.ma","twitter_card":"summary_large_image","twitter_misc":{"\u00c9crit par":"Dpress.ma","Dur\u00e9e de lecture estim\u00e9e":"4 minutes"},"schema":{"@context":"https:\/\/schema.org","@graph":[{"@type":"Article","@id":"https:\/\/dpress.ma\/fr\/2026\/03\/25\/m-amara-appelle-a-lelaboration-dun-plan-integre-et-durable-du-transport-en-milieu-rural\/#article","isPartOf":{"@id":"https:\/\/dpress.ma\/fr\/2026\/03\/25\/m-amara-appelle-a-lelaboration-dun-plan-integre-et-durable-du-transport-en-milieu-rural\/"},"author":{"name":"Dpress.ma","@id":"https:\/\/dpress.ma\/fr\/#\/schema\/person\/4898febf3ccd59e6578d838656a306a0"},"headline":"M. Amara appelle \u00e0 l\u2019\u00e9laboration d\u2019un plan int\u00e9gr\u00e9 et durable du transport en milieu rural","datePublished":"2026-03-25T13:32:28+00:00","dateModified":"2026-03-25T13:32:31+00:00","mainEntityOfPage":{"@id":"https:\/\/dpress.ma\/fr\/2026\/03\/25\/m-amara-appelle-a-lelaboration-dun-plan-integre-et-durable-du-transport-en-milieu-rural\/"},"wordCount":681,"commentCount":0,"image":{"@id":"https:\/\/dpress.ma\/fr\/2026\/03\/25\/m-amara-appelle-a-lelaboration-dun-plan-integre-et-durable-du-transport-en-milieu-rural\/#primaryimage"},"thumbnailUrl":"https:\/\/dpress.ma\/fr\/wp-content\/uploads\/sites\/2\/2026\/03\/68-2.jpg","articleSection":["opinions-et-debats"],"inLanguage":"fr-FR","potentialAction":[{"@type":"CommentAction","name":"Comment","target":["https:\/\/dpress.ma\/fr\/2026\/03\/25\/m-amara-appelle-a-lelaboration-dun-plan-integre-et-durable-du-transport-en-milieu-rural\/#respond"]}]},{"@type":"WebPage","@id":"https:\/\/dpress.ma\/fr\/2026\/03\/25\/m-amara-appelle-a-lelaboration-dun-plan-integre-et-durable-du-transport-en-milieu-rural\/","url":"https:\/\/dpress.ma\/fr\/2026\/03\/25\/m-amara-appelle-a-lelaboration-dun-plan-integre-et-durable-du-transport-en-milieu-rural\/","name":"M. Amara appelle \u00e0 l\u2019\u00e9laboration d\u2019un plan int\u00e9gr\u00e9 et durable du transport en milieu rural - Dpress.ma\/fr","isPartOf":{"@id":"https:\/\/dpress.ma\/fr\/#website"},"primaryImageOfPage":{"@id":"https:\/\/dpress.ma\/fr\/2026\/03\/25\/m-amara-appelle-a-lelaboration-dun-plan-integre-et-durable-du-transport-en-milieu-rural\/#primaryimage"},"image":{"@id":"https:\/\/dpress.ma\/fr\/2026\/03\/25\/m-amara-appelle-a-lelaboration-dun-plan-integre-et-durable-du-transport-en-milieu-rural\/#primaryimage"},"thumbnailUrl":"https:\/\/dpress.ma\/fr\/wp-content\/uploads\/sites\/2\/2026\/03\/68-2.jpg","datePublished":"2026-03-25T13:32:28+00:00","dateModified":"2026-03-25T13:32:31+00:00","author":{"@id":"https:\/\/dpress.ma\/fr\/#\/schema\/person\/4898febf3ccd59e6578d838656a306a0"},"breadcrumb":{"@id":"https:\/\/dpress.ma\/fr\/2026\/03\/25\/m-amara-appelle-a-lelaboration-dun-plan-integre-et-durable-du-transport-en-milieu-rural\/#breadcrumb"},"inLanguage":"fr-FR","potentialAction":[{"@type":"ReadAction","target":["https:\/\/dpress.ma\/fr\/2026\/03\/25\/m-amara-appelle-a-lelaboration-dun-plan-integre-et-durable-du-transport-en-milieu-rural\/"]}]},{"@type":"ImageObject","inLanguage":"fr-FR","@id":"https:\/\/dpress.ma\/fr\/2026\/03\/25\/m-amara-appelle-a-lelaboration-dun-plan-integre-et-durable-du-transport-en-milieu-rural\/#primaryimage","url":"https:\/\/dpress.ma\/fr\/wp-content\/uploads\/sites\/2\/2026\/03\/68-2.jpg","contentUrl":"https:\/\/dpress.ma\/fr\/wp-content\/uploads\/sites\/2\/2026\/03\/68-2.jpg","width":2539,"height":1594},{"@type":"BreadcrumbList","@id":"https:\/\/dpress.ma\/fr\/2026\/03\/25\/m-amara-appelle-a-lelaboration-dun-plan-integre-et-durable-du-transport-en-milieu-rural\/#breadcrumb","itemListElement":[{"@type":"ListItem","position":1,"name":"Home","item":"https:\/\/dpress.ma\/fr\/"},{"@type":"ListItem","position":2,"name":"M. Amara appelle \u00e0 l\u2019\u00e9laboration d\u2019un plan int\u00e9gr\u00e9 et durable du transport en milieu rural"}]},{"@type":"WebSite","@id":"https:\/\/dpress.ma\/fr\/#website","url":"https:\/\/dpress.ma\/fr\/","name":"Dpress.ma\/fr","description":"","potentialAction":[{"@type":"SearchAction","target":{"@type":"EntryPoint","urlTemplate":"https:\/\/dpress.ma\/fr\/?s={search_term_string}"},"query-input":{"@type":"PropertyValueSpecification","valueRequired":true,"valueName":"search_term_string"}}],"inLanguage":"fr-FR"},{"@type":"Person","@id":"https:\/\/dpress.ma\/fr\/#\/schema\/person\/4898febf3ccd59e6578d838656a306a0","name":"Dpress.ma","image":{"@type":"ImageObject","inLanguage":"fr-FR","@id":"https:\/\/secure.gravatar.com\/avatar\/72ecc30e9db047a2e0e7176561eb9d564ed77c8108376495b19bd8336405198a?s=96&d=mm&r=g","url":"https:\/\/secure.gravatar.com\/avatar\/72ecc30e9db047a2e0e7176561eb9d564ed77c8108376495b19bd8336405198a?s=96&d=mm&r=g","contentUrl":"https:\/\/secure.gravatar.com\/avatar\/72ecc30e9db047a2e0e7176561eb9d564ed77c8108376495b19bd8336405198a?s=96&d=mm&r=g","caption":"Dpress.ma"},"sameAs":["https:\/\/www.dpress.ma"],"url":"https:\/\/dpress.ma\/fr\/author\/dpress-ma\/"}]}},"amp_enabled":true,"_links":{"self":[{"href":"https:\/\/dpress.ma\/fr\/wp-json\/wp\/v2\/posts\/26670","targetHints":{"allow":["GET"]}}],"collection":[{"href":"https:\/\/dpress.ma\/fr\/wp-json\/wp\/v2\/posts"}],"about":[{"href":"https:\/\/dpress.ma\/fr\/wp-json\/wp\/v2\/types\/post"}],"author":[{"embeddable":true,"href":"https:\/\/dpress.ma\/fr\/wp-json\/wp\/v2\/users\/2"}],"replies":[{"embeddable":true,"href":"https:\/\/dpress.ma\/fr\/wp-json\/wp\/v2\/comments?post=26670"}],"version-history":[{"count":1,"href":"https:\/\/dpress.ma\/fr\/wp-json\/wp\/v2\/posts\/26670\/revisions"}],"predecessor-version":[{"id":26672,"href":"https:\/\/dpress.ma\/fr\/wp-json\/wp\/v2\/posts\/26670\/revisions\/26672"}],"wp:featuredmedia":[{"embeddable":true,"href":"https:\/\/dpress.ma\/fr\/wp-json\/wp\/v2\/media\/26671"}],"wp:attachment":[{"href":"https:\/\/dpress.ma\/fr\/wp-json\/wp\/v2\/media?parent=26670"}],"wp:term":[{"taxonomy":"category","embeddable":true,"href":"https:\/\/dpress.ma\/fr\/wp-json\/wp\/v2\/categories?post=26670"},{"taxonomy":"post_tag","embeddable":true,"href":"https:\/\/dpress.ma\/fr\/wp-json\/wp\/v2\/tags?post=26670"}],"curies":[{"name":"wp","href":"https:\/\/api.w.org\/{rel}","templated":true}]}}