{"id":26667,"date":"2026-03-25T13:29:49","date_gmt":"2026-03-25T13:29:49","guid":{"rendered":"https:\/\/dpress.ma\/fr\/?p=26667"},"modified":"2026-03-25T13:29:53","modified_gmt":"2026-03-25T13:29:53","slug":"concours-officiel-de-saut-dobstacles-4-etoiles-de-la-garde-royale-du-03-au-05-avril-a-rabat","status":"publish","type":"post","link":"https:\/\/dpress.ma\/fr\/2026\/03\/25\/concours-officiel-de-saut-dobstacles-4-etoiles-de-la-garde-royale-du-03-au-05-avril-a-rabat\/","title":{"rendered":"Concours officiel de saut d\u2019obstacles 4 \u00e9toiles de la Garde Royale du 03 au 05 avril \u00e0 Rabat"},"content":{"rendered":"\n<p class=\"wp-block-paragraph\">Dpress<\/p>\n\n\n\n<p class=\"wp-block-paragraph\">Sous le Haut Patronage de Sa Majest\u00e9 le Roi Mohammed VI, que Dieu L\u2019assiste, Chef Supr\u00eame et Chef d\u2019\u00c9tat-Major G\u00e9n\u00e9ral des Forces Arm\u00e9es Royales, la Garde Royale organisera, les 03, 04 et 05 avril \u00e0 la carri\u00e8re Hassan II de la Garde Royale au M\u00e9chouar \u00e0 Rabat, le Concours officiel de saut d\u2019obstacles quatre \u00e9toiles.<\/p>\n\n\n\n<p class=\"wp-block-paragraph\">Ce concours conna\u00eetra la participation des plus \u00e9minents cavaliers des clubs \u00e9questres nationaux affili\u00e9s \u00e0 la F\u00e9d\u00e9ration Royale Marocaine des Sports Equestres, indique un communiqu\u00e9 de la Garde Royale.<\/p>\n\n\n\n<p class=\"wp-block-paragraph\">Cette manifestation sportive comprendra le d\u00e9roulement de 13 \u00e9preuves, dont le point d\u2019orgue sera le prestigieux Grand Prix de Sa Majest\u00e9 le Roi Mohammed VI, que Dieu L\u2019assiste, pr\u00e9vu le dimanche 05 avril 2026.<\/p>\n","protected":false},"excerpt":{"rendered":"<p>Dpress Sous le Haut Patronage de Sa Majest\u00e9 le Roi Mohammed VI, que Dieu L\u2019assiste, Chef Supr\u00eame et Chef d\u2019\u00c9tat-Major G\u00e9n\u00e9ral des Forces Arm\u00e9es Royales, la Garde Royale organisera, les 03, 04 et 05 avril \u00e0 la carri\u00e8re Hassan II de la Garde Royale au M\u00e9chouar \u00e0 Rabat, le Concours officiel de saut d\u2019obstacles quatre &hellip;<\/p>\n","protected":false},"author":2,"featured_media":26668,"comment_status":"open","ping_status":"open","sticky":false,"template":"","format":"standard","meta":{"footnotes":""},"categories":[27],"tags":[],"class_list":["post-26667","post","type-post","status-publish","format-standard","has-post-thumbnail","hentry","category-sport"],"yoast_head":"<!-- This site is optimized with the Yoast SEO plugin v28.0 - https:\/\/yoast.com\/product\/yoast-seo-wordpress\/ -->\n<title>Concours officiel de saut d\u2019obstacles 4 \u00e9toiles de la Garde Royale du 03 au 05 avril \u00e0 Rabat - Dpress.ma\/fr<\/title>\n<meta name=\"robots\" content=\"index, follow, max-snippet:-1, max-image-preview:large, max-video-preview:-1\" \/>\n<link rel=\"canonical\" href=\"https:\/\/dpress.ma\/fr\/2026\/03\/25\/concours-officiel-de-saut-dobstacles-4-etoiles-de-la-garde-royale-du-03-au-05-avril-a-rabat\/\" \/>\n<meta property=\"og:locale\" content=\"fr_FR\" \/>\n<meta property=\"og:type\" content=\"article\" \/>\n<meta property=\"og:title\" content=\"Concours officiel de saut d\u2019obstacles 4 \u00e9toiles de la Garde Royale du 03 au 05 avril \u00e0 Rabat - Dpress.ma\/fr\" \/>\n<meta property=\"og:description\" content=\"Dpress Sous le Haut Patronage de Sa Majest\u00e9 le Roi Mohammed VI, que Dieu L\u2019assiste, Chef Supr\u00eame et Chef d\u2019\u00c9tat-Major G\u00e9n\u00e9ral des Forces Arm\u00e9es Royales, la Garde Royale organisera, les 03, 04 et 05 avril \u00e0 la carri\u00e8re Hassan II de la Garde Royale au M\u00e9chouar \u00e0 Rabat, le Concours officiel de saut d\u2019obstacles quatre &hellip;\" \/>\n<meta property=\"og:url\" content=\"https:\/\/dpress.ma\/fr\/2026\/03\/25\/concours-officiel-de-saut-dobstacles-4-etoiles-de-la-garde-royale-du-03-au-05-avril-a-rabat\/\" \/>\n<meta property=\"og:site_name\" content=\"Dpress.ma\/fr\" \/>\n<meta property=\"article:published_time\" content=\"2026-03-25T13:29:49+00:00\" \/>\n<meta property=\"article:modified_time\" content=\"2026-03-25T13:29:53+00:00\" \/>\n<meta property=\"og:image\" content=\"https:\/\/dpress.ma\/fr\/wp-content\/uploads\/sites\/2\/2026\/03\/67-2.jpg\" \/>\n\t<meta property=\"og:image:width\" content=\"2539\" \/>\n\t<meta property=\"og:image:height\" content=\"1594\" \/>\n\t<meta property=\"og:image:type\" content=\"image\/jpeg\" \/>\n<meta name=\"author\" content=\"Dpress.ma\" \/>\n<meta name=\"twitter:card\" content=\"summary_large_image\" \/>\n<meta name=\"twitter:label1\" content=\"\u00c9crit par\" \/>\n\t<meta name=\"twitter:data1\" content=\"Dpress.ma\" \/>\n\t<meta name=\"twitter:label2\" content=\"Dur\u00e9e de lecture estim\u00e9e\" \/>\n\t<meta name=\"twitter:data2\" content=\"1 minute\" \/>\n<script type=\"application\/ld+json\" class=\"yoast-schema-graph\">{\"@context\":\"https:\\\/\\\/schema.org\",\"@graph\":[{\"@type\":\"Article\",\"@id\":\"https:\\\/\\\/dpress.ma\\\/fr\\\/2026\\\/03\\\/25\\\/concours-officiel-de-saut-dobstacles-4-etoiles-de-la-garde-royale-du-03-au-05-avril-a-rabat\\\/#article\",\"isPartOf\":{\"@id\":\"https:\\\/\\\/dpress.ma\\\/fr\\\/2026\\\/03\\\/25\\\/concours-officiel-de-saut-dobstacles-4-etoiles-de-la-garde-royale-du-03-au-05-avril-a-rabat\\\/\"},\"author\":{\"name\":\"Dpress.ma\",\"@id\":\"https:\\\/\\\/dpress.ma\\\/fr\\\/#\\\/schema\\\/person\\\/4898febf3ccd59e6578d838656a306a0\"},\"headline\":\"Concours officiel de saut d\u2019obstacles 4 \u00e9toiles de la Garde Royale du 03 au 05 avril \u00e0 Rabat\",\"datePublished\":\"2026-03-25T13:29:49+00:00\",\"dateModified\":\"2026-03-25T13:29:53+00:00\",\"mainEntityOfPage\":{\"@id\":\"https:\\\/\\\/dpress.ma\\\/fr\\\/2026\\\/03\\\/25\\\/concours-officiel-de-saut-dobstacles-4-etoiles-de-la-garde-royale-du-03-au-05-avril-a-rabat\\\/\"},\"wordCount\":142,\"commentCount\":0,\"image\":{\"@id\":\"https:\\\/\\\/dpress.ma\\\/fr\\\/2026\\\/03\\\/25\\\/concours-officiel-de-saut-dobstacles-4-etoiles-de-la-garde-royale-du-03-au-05-avril-a-rabat\\\/#primaryimage\"},\"thumbnailUrl\":\"https:\\\/\\\/dpress.ma\\\/fr\\\/wp-content\\\/uploads\\\/sites\\\/2\\\/2026\\\/03\\\/67-2.jpg\",\"articleSection\":[\"Sport\"],\"inLanguage\":\"fr-FR\",\"potentialAction\":[{\"@type\":\"CommentAction\",\"name\":\"Comment\",\"target\":[\"https:\\\/\\\/dpress.ma\\\/fr\\\/2026\\\/03\\\/25\\\/concours-officiel-de-saut-dobstacles-4-etoiles-de-la-garde-royale-du-03-au-05-avril-a-rabat\\\/#respond\"]}]},{\"@type\":\"WebPage\",\"@id\":\"https:\\\/\\\/dpress.ma\\\/fr\\\/2026\\\/03\\\/25\\\/concours-officiel-de-saut-dobstacles-4-etoiles-de-la-garde-royale-du-03-au-05-avril-a-rabat\\\/\",\"url\":\"https:\\\/\\\/dpress.ma\\\/fr\\\/2026\\\/03\\\/25\\\/concours-officiel-de-saut-dobstacles-4-etoiles-de-la-garde-royale-du-03-au-05-avril-a-rabat\\\/\",\"name\":\"Concours officiel de saut d\u2019obstacles 4 \u00e9toiles de la Garde Royale du 03 au 05 avril \u00e0 Rabat - Dpress.ma\\\/fr\",\"isPartOf\":{\"@id\":\"https:\\\/\\\/dpress.ma\\\/fr\\\/#website\"},\"primaryImageOfPage\":{\"@id\":\"https:\\\/\\\/dpress.ma\\\/fr\\\/2026\\\/03\\\/25\\\/concours-officiel-de-saut-dobstacles-4-etoiles-de-la-garde-royale-du-03-au-05-avril-a-rabat\\\/#primaryimage\"},\"image\":{\"@id\":\"https:\\\/\\\/dpress.ma\\\/fr\\\/2026\\\/03\\\/25\\\/concours-officiel-de-saut-dobstacles-4-etoiles-de-la-garde-royale-du-03-au-05-avril-a-rabat\\\/#primaryimage\"},\"thumbnailUrl\":\"https:\\\/\\\/dpress.ma\\\/fr\\\/wp-content\\\/uploads\\\/sites\\\/2\\\/2026\\\/03\\\/67-2.jpg\",\"datePublished\":\"2026-03-25T13:29:49+00:00\",\"dateModified\":\"2026-03-25T13:29:53+00:00\",\"author\":{\"@id\":\"https:\\\/\\\/dpress.ma\\\/fr\\\/#\\\/schema\\\/person\\\/4898febf3ccd59e6578d838656a306a0\"},\"breadcrumb\":{\"@id\":\"https:\\\/\\\/dpress.ma\\\/fr\\\/2026\\\/03\\\/25\\\/concours-officiel-de-saut-dobstacles-4-etoiles-de-la-garde-royale-du-03-au-05-avril-a-rabat\\\/#breadcrumb\"},\"inLanguage\":\"fr-FR\",\"potentialAction\":[{\"@type\":\"ReadAction\",\"target\":[\"https:\\\/\\\/dpress.ma\\\/fr\\\/2026\\\/03\\\/25\\\/concours-officiel-de-saut-dobstacles-4-etoiles-de-la-garde-royale-du-03-au-05-avril-a-rabat\\\/\"]}]},{\"@type\":\"ImageObject\",\"inLanguage\":\"fr-FR\",\"@id\":\"https:\\\/\\\/dpress.ma\\\/fr\\\/2026\\\/03\\\/25\\\/concours-officiel-de-saut-dobstacles-4-etoiles-de-la-garde-royale-du-03-au-05-avril-a-rabat\\\/#primaryimage\",\"url\":\"https:\\\/\\\/dpress.ma\\\/fr\\\/wp-content\\\/uploads\\\/sites\\\/2\\\/2026\\\/03\\\/67-2.jpg\",\"contentUrl\":\"https:\\\/\\\/dpress.ma\\\/fr\\\/wp-content\\\/uploads\\\/sites\\\/2\\\/2026\\\/03\\\/67-2.jpg\",\"width\":2539,\"height\":1594},{\"@type\":\"BreadcrumbList\",\"@id\":\"https:\\\/\\\/dpress.ma\\\/fr\\\/2026\\\/03\\\/25\\\/concours-officiel-de-saut-dobstacles-4-etoiles-de-la-garde-royale-du-03-au-05-avril-a-rabat\\\/#breadcrumb\",\"itemListElement\":[{\"@type\":\"ListItem\",\"position\":1,\"name\":\"Home\",\"item\":\"https:\\\/\\\/dpress.ma\\\/fr\\\/\"},{\"@type\":\"ListItem\",\"position\":2,\"name\":\"Concours officiel de saut d\u2019obstacles 4 \u00e9toiles de la Garde Royale du 03 au 05 avril \u00e0 Rabat\"}]},{\"@type\":\"WebSite\",\"@id\":\"https:\\\/\\\/dpress.ma\\\/fr\\\/#website\",\"url\":\"https:\\\/\\\/dpress.ma\\\/fr\\\/\",\"name\":\"Dpress.ma\\\/fr\",\"description\":\"\",\"potentialAction\":[{\"@type\":\"SearchAction\",\"target\":{\"@type\":\"EntryPoint\",\"urlTemplate\":\"https:\\\/\\\/dpress.ma\\\/fr\\\/?s={search_term_string}\"},\"query-input\":{\"@type\":\"PropertyValueSpecification\",\"valueRequired\":true,\"valueName\":\"search_term_string\"}}],\"inLanguage\":\"fr-FR\"},{\"@type\":\"Person\",\"@id\":\"https:\\\/\\\/dpress.ma\\\/fr\\\/#\\\/schema\\\/person\\\/4898febf3ccd59e6578d838656a306a0\",\"name\":\"Dpress.ma\",\"image\":{\"@type\":\"ImageObject\",\"inLanguage\":\"fr-FR\",\"@id\":\"https:\\\/\\\/secure.gravatar.com\\\/avatar\\\/72ecc30e9db047a2e0e7176561eb9d564ed77c8108376495b19bd8336405198a?s=96&d=mm&r=g\",\"url\":\"https:\\\/\\\/secure.gravatar.com\\\/avatar\\\/72ecc30e9db047a2e0e7176561eb9d564ed77c8108376495b19bd8336405198a?s=96&d=mm&r=g\",\"contentUrl\":\"https:\\\/\\\/secure.gravatar.com\\\/avatar\\\/72ecc30e9db047a2e0e7176561eb9d564ed77c8108376495b19bd8336405198a?s=96&d=mm&r=g\",\"caption\":\"Dpress.ma\"},\"sameAs\":[\"https:\\\/\\\/www.dpress.ma\"],\"url\":\"https:\\\/\\\/dpress.ma\\\/fr\\\/author\\\/dpress-ma\\\/\"}]}<\/script>\n<!-- \/ Yoast SEO plugin. -->","yoast_head_json":{"title":"Concours officiel de saut d\u2019obstacles 4 \u00e9toiles de la Garde Royale du 03 au 05 avril \u00e0 Rabat - Dpress.ma\/fr","robots":{"index":"index","follow":"follow","max-snippet":"max-snippet:-1","max-image-preview":"max-image-preview:large","max-video-preview":"max-video-preview:-1"},"canonical":"https:\/\/dpress.ma\/fr\/2026\/03\/25\/concours-officiel-de-saut-dobstacles-4-etoiles-de-la-garde-royale-du-03-au-05-avril-a-rabat\/","og_locale":"fr_FR","og_type":"article","og_title":"Concours officiel de saut d\u2019obstacles 4 \u00e9toiles de la Garde Royale du 03 au 05 avril \u00e0 Rabat - Dpress.ma\/fr","og_description":"Dpress Sous le Haut Patronage de Sa Majest\u00e9 le Roi Mohammed VI, que Dieu L\u2019assiste, Chef Supr\u00eame et Chef d\u2019\u00c9tat-Major G\u00e9n\u00e9ral des Forces Arm\u00e9es Royales, la Garde Royale organisera, les 03, 04 et 05 avril \u00e0 la carri\u00e8re Hassan II de la Garde Royale au M\u00e9chouar \u00e0 Rabat, le Concours officiel de saut d\u2019obstacles quatre &hellip;","og_url":"https:\/\/dpress.ma\/fr\/2026\/03\/25\/concours-officiel-de-saut-dobstacles-4-etoiles-de-la-garde-royale-du-03-au-05-avril-a-rabat\/","og_site_name":"Dpress.ma\/fr","article_published_time":"2026-03-25T13:29:49+00:00","article_modified_time":"2026-03-25T13:29:53+00:00","og_image":[{"width":2539,"height":1594,"url":"https:\/\/dpress.ma\/fr\/wp-content\/uploads\/sites\/2\/2026\/03\/67-2.jpg","type":"image\/jpeg"}],"author":"Dpress.ma","twitter_card":"summary_large_image","twitter_misc":{"\u00c9crit par":"Dpress.ma","Dur\u00e9e de lecture estim\u00e9e":"1 minute"},"schema":{"@context":"https:\/\/schema.org","@graph":[{"@type":"Article","@id":"https:\/\/dpress.ma\/fr\/2026\/03\/25\/concours-officiel-de-saut-dobstacles-4-etoiles-de-la-garde-royale-du-03-au-05-avril-a-rabat\/#article","isPartOf":{"@id":"https:\/\/dpress.ma\/fr\/2026\/03\/25\/concours-officiel-de-saut-dobstacles-4-etoiles-de-la-garde-royale-du-03-au-05-avril-a-rabat\/"},"author":{"name":"Dpress.ma","@id":"https:\/\/dpress.ma\/fr\/#\/schema\/person\/4898febf3ccd59e6578d838656a306a0"},"headline":"Concours officiel de saut d\u2019obstacles 4 \u00e9toiles de la Garde Royale du 03 au 05 avril \u00e0 Rabat","datePublished":"2026-03-25T13:29:49+00:00","dateModified":"2026-03-25T13:29:53+00:00","mainEntityOfPage":{"@id":"https:\/\/dpress.ma\/fr\/2026\/03\/25\/concours-officiel-de-saut-dobstacles-4-etoiles-de-la-garde-royale-du-03-au-05-avril-a-rabat\/"},"wordCount":142,"commentCount":0,"image":{"@id":"https:\/\/dpress.ma\/fr\/2026\/03\/25\/concours-officiel-de-saut-dobstacles-4-etoiles-de-la-garde-royale-du-03-au-05-avril-a-rabat\/#primaryimage"},"thumbnailUrl":"https:\/\/dpress.ma\/fr\/wp-content\/uploads\/sites\/2\/2026\/03\/67-2.jpg","articleSection":["Sport"],"inLanguage":"fr-FR","potentialAction":[{"@type":"CommentAction","name":"Comment","target":["https:\/\/dpress.ma\/fr\/2026\/03\/25\/concours-officiel-de-saut-dobstacles-4-etoiles-de-la-garde-royale-du-03-au-05-avril-a-rabat\/#respond"]}]},{"@type":"WebPage","@id":"https:\/\/dpress.ma\/fr\/2026\/03\/25\/concours-officiel-de-saut-dobstacles-4-etoiles-de-la-garde-royale-du-03-au-05-avril-a-rabat\/","url":"https:\/\/dpress.ma\/fr\/2026\/03\/25\/concours-officiel-de-saut-dobstacles-4-etoiles-de-la-garde-royale-du-03-au-05-avril-a-rabat\/","name":"Concours officiel de saut d\u2019obstacles 4 \u00e9toiles de la Garde Royale du 03 au 05 avril \u00e0 Rabat - Dpress.ma\/fr","isPartOf":{"@id":"https:\/\/dpress.ma\/fr\/#website"},"primaryImageOfPage":{"@id":"https:\/\/dpress.ma\/fr\/2026\/03\/25\/concours-officiel-de-saut-dobstacles-4-etoiles-de-la-garde-royale-du-03-au-05-avril-a-rabat\/#primaryimage"},"image":{"@id":"https:\/\/dpress.ma\/fr\/2026\/03\/25\/concours-officiel-de-saut-dobstacles-4-etoiles-de-la-garde-royale-du-03-au-05-avril-a-rabat\/#primaryimage"},"thumbnailUrl":"https:\/\/dpress.ma\/fr\/wp-content\/uploads\/sites\/2\/2026\/03\/67-2.jpg","datePublished":"2026-03-25T13:29:49+00:00","dateModified":"2026-03-25T13:29:53+00:00","author":{"@id":"https:\/\/dpress.ma\/fr\/#\/schema\/person\/4898febf3ccd59e6578d838656a306a0"},"breadcrumb":{"@id":"https:\/\/dpress.ma\/fr\/2026\/03\/25\/concours-officiel-de-saut-dobstacles-4-etoiles-de-la-garde-royale-du-03-au-05-avril-a-rabat\/#breadcrumb"},"inLanguage":"fr-FR","potentialAction":[{"@type":"ReadAction","target":["https:\/\/dpress.ma\/fr\/2026\/03\/25\/concours-officiel-de-saut-dobstacles-4-etoiles-de-la-garde-royale-du-03-au-05-avril-a-rabat\/"]}]},{"@type":"ImageObject","inLanguage":"fr-FR","@id":"https:\/\/dpress.ma\/fr\/2026\/03\/25\/concours-officiel-de-saut-dobstacles-4-etoiles-de-la-garde-royale-du-03-au-05-avril-a-rabat\/#primaryimage","url":"https:\/\/dpress.ma\/fr\/wp-content\/uploads\/sites\/2\/2026\/03\/67-2.jpg","contentUrl":"https:\/\/dpress.ma\/fr\/wp-content\/uploads\/sites\/2\/2026\/03\/67-2.jpg","width":2539,"height":1594},{"@type":"BreadcrumbList","@id":"https:\/\/dpress.ma\/fr\/2026\/03\/25\/concours-officiel-de-saut-dobstacles-4-etoiles-de-la-garde-royale-du-03-au-05-avril-a-rabat\/#breadcrumb","itemListElement":[{"@type":"ListItem","position":1,"name":"Home","item":"https:\/\/dpress.ma\/fr\/"},{"@type":"ListItem","position":2,"name":"Concours officiel de saut d\u2019obstacles 4 \u00e9toiles de la Garde Royale du 03 au 05 avril \u00e0 Rabat"}]},{"@type":"WebSite","@id":"https:\/\/dpress.ma\/fr\/#website","url":"https:\/\/dpress.ma\/fr\/","name":"Dpress.ma\/fr","description":"","potentialAction":[{"@type":"SearchAction","target":{"@type":"EntryPoint","urlTemplate":"https:\/\/dpress.ma\/fr\/?s={search_term_string}"},"query-input":{"@type":"PropertyValueSpecification","valueRequired":true,"valueName":"search_term_string"}}],"inLanguage":"fr-FR"},{"@type":"Person","@id":"https:\/\/dpress.ma\/fr\/#\/schema\/person\/4898febf3ccd59e6578d838656a306a0","name":"Dpress.ma","image":{"@type":"ImageObject","inLanguage":"fr-FR","@id":"https:\/\/secure.gravatar.com\/avatar\/72ecc30e9db047a2e0e7176561eb9d564ed77c8108376495b19bd8336405198a?s=96&d=mm&r=g","url":"https:\/\/secure.gravatar.com\/avatar\/72ecc30e9db047a2e0e7176561eb9d564ed77c8108376495b19bd8336405198a?s=96&d=mm&r=g","contentUrl":"https:\/\/secure.gravatar.com\/avatar\/72ecc30e9db047a2e0e7176561eb9d564ed77c8108376495b19bd8336405198a?s=96&d=mm&r=g","caption":"Dpress.ma"},"sameAs":["https:\/\/www.dpress.ma"],"url":"https:\/\/dpress.ma\/fr\/author\/dpress-ma\/"}]}},"amp_enabled":true,"_links":{"self":[{"href":"https:\/\/dpress.ma\/fr\/wp-json\/wp\/v2\/posts\/26667","targetHints":{"allow":["GET"]}}],"collection":[{"href":"https:\/\/dpress.ma\/fr\/wp-json\/wp\/v2\/posts"}],"about":[{"href":"https:\/\/dpress.ma\/fr\/wp-json\/wp\/v2\/types\/post"}],"author":[{"embeddable":true,"href":"https:\/\/dpress.ma\/fr\/wp-json\/wp\/v2\/users\/2"}],"replies":[{"embeddable":true,"href":"https:\/\/dpress.ma\/fr\/wp-json\/wp\/v2\/comments?post=26667"}],"version-history":[{"count":1,"href":"https:\/\/dpress.ma\/fr\/wp-json\/wp\/v2\/posts\/26667\/revisions"}],"predecessor-version":[{"id":26669,"href":"https:\/\/dpress.ma\/fr\/wp-json\/wp\/v2\/posts\/26667\/revisions\/26669"}],"wp:featuredmedia":[{"embeddable":true,"href":"https:\/\/dpress.ma\/fr\/wp-json\/wp\/v2\/media\/26668"}],"wp:attachment":[{"href":"https:\/\/dpress.ma\/fr\/wp-json\/wp\/v2\/media?parent=26667"}],"wp:term":[{"taxonomy":"category","embeddable":true,"href":"https:\/\/dpress.ma\/fr\/wp-json\/wp\/v2\/categories?post=26667"},{"taxonomy":"post_tag","embeddable":true,"href":"https:\/\/dpress.ma\/fr\/wp-json\/wp\/v2\/tags?post=26667"}],"curies":[{"name":"wp","href":"https:\/\/api.w.org\/{rel}","templated":true}]}}