{"id":2623,"date":"2022-11-23T10:59:56","date_gmt":"2022-11-23T10:59:56","guid":{"rendered":"https:\/\/dpress.ma\/fr\/?p=2623"},"modified":"2022-11-23T10:59:59","modified_gmt":"2022-11-23T10:59:59","slug":"signature-dun-memorandum-dentente-entre-le-parlement-marocain-et-le-parlement-du-mercosur","status":"publish","type":"post","link":"https:\/\/dpress.ma\/fr\/2022\/11\/23\/signature-dun-memorandum-dentente-entre-le-parlement-marocain-et-le-parlement-du-mercosur\/","title":{"rendered":"Signature d\u2019un m\u00e9morandum d\u2019entente entre le parlement marocain et le parlement du Mercosur"},"content":{"rendered":"\n<p>Dpress<\/p>\n\n\n\n<p>&nbsp;Le parlement marocain a sign\u00e9, mardi \u00e0 la Chambre des conseillers, un m\u00e9morandum d\u2019entente avec le parlement du march\u00e9 commun du sud (Mercosur) en vue de renforcer les canaux de communication et la coop\u00e9ration parlementaire.<\/p>\n\n\n\n<p>Sign\u00e9 du c\u00f4t\u00e9 marocain par le pr\u00e9sident de la Chambre des conseillers, Naama Mayara et le vice-pr\u00e9sident de la Chambre des repr\u00e9sentants, Hassan Benomar, au nom du pr\u00e9sident de la Chambre, et par le pr\u00e9sident du parlement du Mercosur (Parlasur), Tomas Bittar Navarro, ce m\u00e9morandum vise \u00e0 renforcer les canaux de communication et la coop\u00e9ration parlementaire \u00e0 travers l\u2019\u00e9change de visites, d\u2019expertises, d\u2019informations et de documents entre les deux parties.<\/p>\n\n\n\n<p>En vertu de ce m\u00e9morandum, le Parlasur adresse une invitation aux deux Chambres du parlement marocain \u00e0 participer aux travaux de son assembl\u00e9e g\u00e9n\u00e9rale et de ses commissions permanentes, tout en ayant le droit d\u2019exprimer leurs opinions mais sans pour autant jouir du droit de vote, conform\u00e9ment aux conditions \u00e9nonc\u00e9es dans les protocoles et les dispositions du statut g\u00e9n\u00e9ral du Parlasur.<\/p>\n\n\n\n<p>Le m\u00e9morandum stipule \u00e9galement que le parlement marocain invite, \u00e0 son tour, le parlasur \u00e0 assister aux forums arabes et africains et les manifestations multipartites qu\u2019il organise.<\/p>\n\n\n\n<p>Les deux parties ont convenu de cr\u00e9er un forum parlementaire \u00e9conomique annuel entre le parlasur et le parlement du Royaume du Maroc, dont les structures et les m\u00e9canismes de mise en \u0153uvre sont encadr\u00e9s par un accord sp\u00e9cial.<\/p>\n\n\n\n<p>Les deux parties peuvent, le cas \u00e9ch\u00e9ant, apporter des contributions, soit en \u00e9quipements audiovisuels, en infrastructures mat\u00e9rielles et financi\u00e8res, soit dans le domaine de formation et de qualification des ressources humaines, afin de coop\u00e9rer \u00e0 l\u2019ex\u00e9cution des accords y aff\u00e9rents qui pourraient \u00eatre conclus \u00e0 l\u2019avenir, \u00e0 l\u2019instar de cette convention.<\/p>\n\n\n\n<p>La signature de ce m\u00e9morandum intervient dans le cadre des liens d\u2019entente, d\u2019amiti\u00e9 et de coop\u00e9ration existant entre le Royaume du Maroc et les pays membres du Mercosur, eu \u00e9gard aux efforts d\u00e9ploy\u00e9s pour la consolidation de la d\u00e9mocratie, la promotion des droits de l\u2019Homme et l\u2019\u00e9galit\u00e9 des sexes, et la cons\u00e9cration des valeurs de tol\u00e9rance et de paix.<\/p>\n\n\n\n<p>Elle intervient \u00e9galement dans le cadre de l\u2019engagement des deux parties \u00e0 d\u00e9fendre les valeurs des droits de l\u2019Homme, de la d\u00e9mocratie et du d\u00e9veloppement durable, partag\u00e9es et d\u00e9fendues par les peuples du monde. A cet \u00e9gard, les deux parties s\u2019engagent \u00e0 pr\u00e9coniser le dialogue et la diplomatie parlementaire, dans le but de raffermir les liens d\u2019amiti\u00e9 et de coop\u00e9ration existant entre les deux institutions l\u00e9gislatives, outre le renforcement de la solidarit\u00e9 entre les peuples et la saisie des opportunit\u00e9s dans les domaines politique, \u00e9conomique et culturel.<\/p>\n\n\n\n<p>M. Benomar s\u2019est entretenu, ce mardi, avec M. Bittar Navarro, actuellement en visite dans le Royaume.<\/p>\n","protected":false},"excerpt":{"rendered":"<p>Dpress &nbsp;Le parlement marocain a sign\u00e9, mardi \u00e0 la Chambre des conseillers, un m\u00e9morandum d\u2019entente avec le parlement du march\u00e9 commun du sud (Mercosur) en vue de renforcer les canaux de communication et la coop\u00e9ration parlementaire. Sign\u00e9 du c\u00f4t\u00e9 marocain par le pr\u00e9sident de la Chambre des conseillers, Naama Mayara et le vice-pr\u00e9sident de la &hellip;<\/p>\n","protected":false},"author":2,"featured_media":1920,"comment_status":"open","ping_status":"open","sticky":false,"template":"","format":"standard","meta":{"footnotes":""},"categories":[34],"tags":[],"class_list":["post-2623","post","type-post","status-publish","format-standard","has-post-thumbnail","hentry","category-diplomatie-parlementaire"],"yoast_head":"<!-- This site is optimized with the Yoast SEO plugin v27.5 - https:\/\/yoast.com\/product\/yoast-seo-wordpress\/ -->\n<title>Signature d\u2019un m\u00e9morandum d\u2019entente entre le parlement marocain et le parlement du Mercosur - Dpress.ma\/fr<\/title>\n<meta name=\"description\" content=\"Le parlement marocain a sign\u00e9, mardi \u00e0 la Chambre des conseillers, un m\u00e9morandum d\u2019entente avec le parlement du march\u00e9 commun du sud (Mercosur) en vue de renforcer les canaux de communication et la coop\u00e9ration parlementaire.\" \/>\n<meta name=\"robots\" content=\"index, follow, max-snippet:-1, max-image-preview:large, max-video-preview:-1\" \/>\n<link rel=\"canonical\" href=\"https:\/\/dpress.ma\/fr\/2022\/11\/23\/signature-dun-memorandum-dentente-entre-le-parlement-marocain-et-le-parlement-du-mercosur\/\" \/>\n<meta property=\"og:locale\" content=\"fr_FR\" \/>\n<meta property=\"og:type\" content=\"article\" \/>\n<meta property=\"og:title\" content=\"Signature d\u2019un m\u00e9morandum d\u2019entente entre le parlement marocain et le parlement du Mercosur - Dpress.ma\/fr\" \/>\n<meta property=\"og:description\" content=\"Le parlement marocain a sign\u00e9, mardi \u00e0 la Chambre des conseillers, un m\u00e9morandum d\u2019entente avec le parlement du march\u00e9 commun du sud (Mercosur) en vue de renforcer les canaux de communication et la coop\u00e9ration parlementaire.\" \/>\n<meta property=\"og:url\" content=\"https:\/\/dpress.ma\/fr\/2022\/11\/23\/signature-dun-memorandum-dentente-entre-le-parlement-marocain-et-le-parlement-du-mercosur\/\" \/>\n<meta property=\"og:site_name\" content=\"Dpress.ma\/fr\" \/>\n<meta property=\"article:published_time\" content=\"2022-11-23T10:59:56+00:00\" \/>\n<meta property=\"article:modified_time\" content=\"2022-11-23T10:59:59+00:00\" \/>\n<meta property=\"og:image\" content=\"https:\/\/dpress.ma\/fr\/wp-content\/uploads\/sites\/2\/2022\/07\/sdfdsf.jpg\" \/>\n\t<meta property=\"og:image:width\" content=\"2539\" \/>\n\t<meta property=\"og:image:height\" content=\"1594\" \/>\n\t<meta property=\"og:image:type\" content=\"image\/jpeg\" \/>\n<meta name=\"author\" content=\"Dpress.ma\" \/>\n<meta name=\"twitter:card\" content=\"summary_large_image\" \/>\n<meta name=\"twitter:label1\" content=\"\u00c9crit par\" \/>\n\t<meta name=\"twitter:data1\" content=\"Dpress.ma\" \/>\n\t<meta name=\"twitter:label2\" content=\"Dur\u00e9e de lecture estim\u00e9e\" \/>\n\t<meta name=\"twitter:data2\" content=\"3 minutes\" \/>\n<script type=\"application\/ld+json\" class=\"yoast-schema-graph\">{\"@context\":\"https:\\\/\\\/schema.org\",\"@graph\":[{\"@type\":\"Article\",\"@id\":\"https:\\\/\\\/dpress.ma\\\/fr\\\/2022\\\/11\\\/23\\\/signature-dun-memorandum-dentente-entre-le-parlement-marocain-et-le-parlement-du-mercosur\\\/#article\",\"isPartOf\":{\"@id\":\"https:\\\/\\\/dpress.ma\\\/fr\\\/2022\\\/11\\\/23\\\/signature-dun-memorandum-dentente-entre-le-parlement-marocain-et-le-parlement-du-mercosur\\\/\"},\"author\":{\"name\":\"Dpress.ma\",\"@id\":\"https:\\\/\\\/dpress.ma\\\/fr\\\/#\\\/schema\\\/person\\\/4898febf3ccd59e6578d838656a306a0\"},\"headline\":\"Signature d\u2019un m\u00e9morandum d\u2019entente entre le parlement marocain et le parlement du Mercosur\",\"datePublished\":\"2022-11-23T10:59:56+00:00\",\"dateModified\":\"2022-11-23T10:59:59+00:00\",\"mainEntityOfPage\":{\"@id\":\"https:\\\/\\\/dpress.ma\\\/fr\\\/2022\\\/11\\\/23\\\/signature-dun-memorandum-dentente-entre-le-parlement-marocain-et-le-parlement-du-mercosur\\\/\"},\"wordCount\":514,\"commentCount\":0,\"image\":{\"@id\":\"https:\\\/\\\/dpress.ma\\\/fr\\\/2022\\\/11\\\/23\\\/signature-dun-memorandum-dentente-entre-le-parlement-marocain-et-le-parlement-du-mercosur\\\/#primaryimage\"},\"thumbnailUrl\":\"https:\\\/\\\/dpress.ma\\\/fr\\\/wp-content\\\/uploads\\\/sites\\\/2\\\/2022\\\/07\\\/sdfdsf.jpg\",\"articleSection\":[\"Diplomatie Parlementaire\"],\"inLanguage\":\"fr-FR\",\"potentialAction\":[{\"@type\":\"CommentAction\",\"name\":\"Comment\",\"target\":[\"https:\\\/\\\/dpress.ma\\\/fr\\\/2022\\\/11\\\/23\\\/signature-dun-memorandum-dentente-entre-le-parlement-marocain-et-le-parlement-du-mercosur\\\/#respond\"]}]},{\"@type\":\"WebPage\",\"@id\":\"https:\\\/\\\/dpress.ma\\\/fr\\\/2022\\\/11\\\/23\\\/signature-dun-memorandum-dentente-entre-le-parlement-marocain-et-le-parlement-du-mercosur\\\/\",\"url\":\"https:\\\/\\\/dpress.ma\\\/fr\\\/2022\\\/11\\\/23\\\/signature-dun-memorandum-dentente-entre-le-parlement-marocain-et-le-parlement-du-mercosur\\\/\",\"name\":\"Signature d\u2019un m\u00e9morandum d\u2019entente entre le parlement marocain et le parlement du Mercosur - Dpress.ma\\\/fr\",\"isPartOf\":{\"@id\":\"https:\\\/\\\/dpress.ma\\\/fr\\\/#website\"},\"primaryImageOfPage\":{\"@id\":\"https:\\\/\\\/dpress.ma\\\/fr\\\/2022\\\/11\\\/23\\\/signature-dun-memorandum-dentente-entre-le-parlement-marocain-et-le-parlement-du-mercosur\\\/#primaryimage\"},\"image\":{\"@id\":\"https:\\\/\\\/dpress.ma\\\/fr\\\/2022\\\/11\\\/23\\\/signature-dun-memorandum-dentente-entre-le-parlement-marocain-et-le-parlement-du-mercosur\\\/#primaryimage\"},\"thumbnailUrl\":\"https:\\\/\\\/dpress.ma\\\/fr\\\/wp-content\\\/uploads\\\/sites\\\/2\\\/2022\\\/07\\\/sdfdsf.jpg\",\"datePublished\":\"2022-11-23T10:59:56+00:00\",\"dateModified\":\"2022-11-23T10:59:59+00:00\",\"author\":{\"@id\":\"https:\\\/\\\/dpress.ma\\\/fr\\\/#\\\/schema\\\/person\\\/4898febf3ccd59e6578d838656a306a0\"},\"description\":\"Le parlement marocain a sign\u00e9, mardi \u00e0 la Chambre des conseillers, un m\u00e9morandum d\u2019entente avec le parlement du march\u00e9 commun du sud (Mercosur) en vue de renforcer les canaux de communication et la coop\u00e9ration parlementaire.\",\"breadcrumb\":{\"@id\":\"https:\\\/\\\/dpress.ma\\\/fr\\\/2022\\\/11\\\/23\\\/signature-dun-memorandum-dentente-entre-le-parlement-marocain-et-le-parlement-du-mercosur\\\/#breadcrumb\"},\"inLanguage\":\"fr-FR\",\"potentialAction\":[{\"@type\":\"ReadAction\",\"target\":[\"https:\\\/\\\/dpress.ma\\\/fr\\\/2022\\\/11\\\/23\\\/signature-dun-memorandum-dentente-entre-le-parlement-marocain-et-le-parlement-du-mercosur\\\/\"]}]},{\"@type\":\"ImageObject\",\"inLanguage\":\"fr-FR\",\"@id\":\"https:\\\/\\\/dpress.ma\\\/fr\\\/2022\\\/11\\\/23\\\/signature-dun-memorandum-dentente-entre-le-parlement-marocain-et-le-parlement-du-mercosur\\\/#primaryimage\",\"url\":\"https:\\\/\\\/dpress.ma\\\/fr\\\/wp-content\\\/uploads\\\/sites\\\/2\\\/2022\\\/07\\\/sdfdsf.jpg\",\"contentUrl\":\"https:\\\/\\\/dpress.ma\\\/fr\\\/wp-content\\\/uploads\\\/sites\\\/2\\\/2022\\\/07\\\/sdfdsf.jpg\",\"width\":2539,\"height\":1594},{\"@type\":\"BreadcrumbList\",\"@id\":\"https:\\\/\\\/dpress.ma\\\/fr\\\/2022\\\/11\\\/23\\\/signature-dun-memorandum-dentente-entre-le-parlement-marocain-et-le-parlement-du-mercosur\\\/#breadcrumb\",\"itemListElement\":[{\"@type\":\"ListItem\",\"position\":1,\"name\":\"Home\",\"item\":\"https:\\\/\\\/dpress.ma\\\/fr\\\/\"},{\"@type\":\"ListItem\",\"position\":2,\"name\":\"Signature d\u2019un m\u00e9morandum d\u2019entente entre le parlement marocain et le parlement du Mercosur\"}]},{\"@type\":\"WebSite\",\"@id\":\"https:\\\/\\\/dpress.ma\\\/fr\\\/#website\",\"url\":\"https:\\\/\\\/dpress.ma\\\/fr\\\/\",\"name\":\"Dpress.ma\\\/fr\",\"description\":\"\",\"potentialAction\":[{\"@type\":\"SearchAction\",\"target\":{\"@type\":\"EntryPoint\",\"urlTemplate\":\"https:\\\/\\\/dpress.ma\\\/fr\\\/?s={search_term_string}\"},\"query-input\":{\"@type\":\"PropertyValueSpecification\",\"valueRequired\":true,\"valueName\":\"search_term_string\"}}],\"inLanguage\":\"fr-FR\"},{\"@type\":\"Person\",\"@id\":\"https:\\\/\\\/dpress.ma\\\/fr\\\/#\\\/schema\\\/person\\\/4898febf3ccd59e6578d838656a306a0\",\"name\":\"Dpress.ma\",\"image\":{\"@type\":\"ImageObject\",\"inLanguage\":\"fr-FR\",\"@id\":\"https:\\\/\\\/secure.gravatar.com\\\/avatar\\\/72ecc30e9db047a2e0e7176561eb9d564ed77c8108376495b19bd8336405198a?s=96&d=mm&r=g\",\"url\":\"https:\\\/\\\/secure.gravatar.com\\\/avatar\\\/72ecc30e9db047a2e0e7176561eb9d564ed77c8108376495b19bd8336405198a?s=96&d=mm&r=g\",\"contentUrl\":\"https:\\\/\\\/secure.gravatar.com\\\/avatar\\\/72ecc30e9db047a2e0e7176561eb9d564ed77c8108376495b19bd8336405198a?s=96&d=mm&r=g\",\"caption\":\"Dpress.ma\"},\"sameAs\":[\"https:\\\/\\\/www.dpress.ma\"],\"url\":\"https:\\\/\\\/dpress.ma\\\/fr\\\/author\\\/dpress-ma\\\/\"}]}<\/script>\n<!-- \/ Yoast SEO plugin. -->","yoast_head_json":{"title":"Signature d\u2019un m\u00e9morandum d\u2019entente entre le parlement marocain et le parlement du Mercosur - Dpress.ma\/fr","description":"Le parlement marocain a sign\u00e9, mardi \u00e0 la Chambre des conseillers, un m\u00e9morandum d\u2019entente avec le parlement du march\u00e9 commun du sud (Mercosur) en vue de renforcer les canaux de communication et la coop\u00e9ration parlementaire.","robots":{"index":"index","follow":"follow","max-snippet":"max-snippet:-1","max-image-preview":"max-image-preview:large","max-video-preview":"max-video-preview:-1"},"canonical":"https:\/\/dpress.ma\/fr\/2022\/11\/23\/signature-dun-memorandum-dentente-entre-le-parlement-marocain-et-le-parlement-du-mercosur\/","og_locale":"fr_FR","og_type":"article","og_title":"Signature d\u2019un m\u00e9morandum d\u2019entente entre le parlement marocain et le parlement du Mercosur - Dpress.ma\/fr","og_description":"Le parlement marocain a sign\u00e9, mardi \u00e0 la Chambre des conseillers, un m\u00e9morandum d\u2019entente avec le parlement du march\u00e9 commun du sud (Mercosur) en vue de renforcer les canaux de communication et la coop\u00e9ration parlementaire.","og_url":"https:\/\/dpress.ma\/fr\/2022\/11\/23\/signature-dun-memorandum-dentente-entre-le-parlement-marocain-et-le-parlement-du-mercosur\/","og_site_name":"Dpress.ma\/fr","article_published_time":"2022-11-23T10:59:56+00:00","article_modified_time":"2022-11-23T10:59:59+00:00","og_image":[{"width":2539,"height":1594,"url":"https:\/\/dpress.ma\/fr\/wp-content\/uploads\/sites\/2\/2022\/07\/sdfdsf.jpg","type":"image\/jpeg"}],"author":"Dpress.ma","twitter_card":"summary_large_image","twitter_misc":{"\u00c9crit par":"Dpress.ma","Dur\u00e9e de lecture estim\u00e9e":"3 minutes"},"schema":{"@context":"https:\/\/schema.org","@graph":[{"@type":"Article","@id":"https:\/\/dpress.ma\/fr\/2022\/11\/23\/signature-dun-memorandum-dentente-entre-le-parlement-marocain-et-le-parlement-du-mercosur\/#article","isPartOf":{"@id":"https:\/\/dpress.ma\/fr\/2022\/11\/23\/signature-dun-memorandum-dentente-entre-le-parlement-marocain-et-le-parlement-du-mercosur\/"},"author":{"name":"Dpress.ma","@id":"https:\/\/dpress.ma\/fr\/#\/schema\/person\/4898febf3ccd59e6578d838656a306a0"},"headline":"Signature d\u2019un m\u00e9morandum d\u2019entente entre le parlement marocain et le parlement du Mercosur","datePublished":"2022-11-23T10:59:56+00:00","dateModified":"2022-11-23T10:59:59+00:00","mainEntityOfPage":{"@id":"https:\/\/dpress.ma\/fr\/2022\/11\/23\/signature-dun-memorandum-dentente-entre-le-parlement-marocain-et-le-parlement-du-mercosur\/"},"wordCount":514,"commentCount":0,"image":{"@id":"https:\/\/dpress.ma\/fr\/2022\/11\/23\/signature-dun-memorandum-dentente-entre-le-parlement-marocain-et-le-parlement-du-mercosur\/#primaryimage"},"thumbnailUrl":"https:\/\/dpress.ma\/fr\/wp-content\/uploads\/sites\/2\/2022\/07\/sdfdsf.jpg","articleSection":["Diplomatie Parlementaire"],"inLanguage":"fr-FR","potentialAction":[{"@type":"CommentAction","name":"Comment","target":["https:\/\/dpress.ma\/fr\/2022\/11\/23\/signature-dun-memorandum-dentente-entre-le-parlement-marocain-et-le-parlement-du-mercosur\/#respond"]}]},{"@type":"WebPage","@id":"https:\/\/dpress.ma\/fr\/2022\/11\/23\/signature-dun-memorandum-dentente-entre-le-parlement-marocain-et-le-parlement-du-mercosur\/","url":"https:\/\/dpress.ma\/fr\/2022\/11\/23\/signature-dun-memorandum-dentente-entre-le-parlement-marocain-et-le-parlement-du-mercosur\/","name":"Signature d\u2019un m\u00e9morandum d\u2019entente entre le parlement marocain et le parlement du Mercosur - Dpress.ma\/fr","isPartOf":{"@id":"https:\/\/dpress.ma\/fr\/#website"},"primaryImageOfPage":{"@id":"https:\/\/dpress.ma\/fr\/2022\/11\/23\/signature-dun-memorandum-dentente-entre-le-parlement-marocain-et-le-parlement-du-mercosur\/#primaryimage"},"image":{"@id":"https:\/\/dpress.ma\/fr\/2022\/11\/23\/signature-dun-memorandum-dentente-entre-le-parlement-marocain-et-le-parlement-du-mercosur\/#primaryimage"},"thumbnailUrl":"https:\/\/dpress.ma\/fr\/wp-content\/uploads\/sites\/2\/2022\/07\/sdfdsf.jpg","datePublished":"2022-11-23T10:59:56+00:00","dateModified":"2022-11-23T10:59:59+00:00","author":{"@id":"https:\/\/dpress.ma\/fr\/#\/schema\/person\/4898febf3ccd59e6578d838656a306a0"},"description":"Le parlement marocain a sign\u00e9, mardi \u00e0 la Chambre des conseillers, un m\u00e9morandum d\u2019entente avec le parlement du march\u00e9 commun du sud (Mercosur) en vue de renforcer les canaux de communication et la coop\u00e9ration parlementaire.","breadcrumb":{"@id":"https:\/\/dpress.ma\/fr\/2022\/11\/23\/signature-dun-memorandum-dentente-entre-le-parlement-marocain-et-le-parlement-du-mercosur\/#breadcrumb"},"inLanguage":"fr-FR","potentialAction":[{"@type":"ReadAction","target":["https:\/\/dpress.ma\/fr\/2022\/11\/23\/signature-dun-memorandum-dentente-entre-le-parlement-marocain-et-le-parlement-du-mercosur\/"]}]},{"@type":"ImageObject","inLanguage":"fr-FR","@id":"https:\/\/dpress.ma\/fr\/2022\/11\/23\/signature-dun-memorandum-dentente-entre-le-parlement-marocain-et-le-parlement-du-mercosur\/#primaryimage","url":"https:\/\/dpress.ma\/fr\/wp-content\/uploads\/sites\/2\/2022\/07\/sdfdsf.jpg","contentUrl":"https:\/\/dpress.ma\/fr\/wp-content\/uploads\/sites\/2\/2022\/07\/sdfdsf.jpg","width":2539,"height":1594},{"@type":"BreadcrumbList","@id":"https:\/\/dpress.ma\/fr\/2022\/11\/23\/signature-dun-memorandum-dentente-entre-le-parlement-marocain-et-le-parlement-du-mercosur\/#breadcrumb","itemListElement":[{"@type":"ListItem","position":1,"name":"Home","item":"https:\/\/dpress.ma\/fr\/"},{"@type":"ListItem","position":2,"name":"Signature d\u2019un m\u00e9morandum d\u2019entente entre le parlement marocain et le parlement du Mercosur"}]},{"@type":"WebSite","@id":"https:\/\/dpress.ma\/fr\/#website","url":"https:\/\/dpress.ma\/fr\/","name":"Dpress.ma\/fr","description":"","potentialAction":[{"@type":"SearchAction","target":{"@type":"EntryPoint","urlTemplate":"https:\/\/dpress.ma\/fr\/?s={search_term_string}"},"query-input":{"@type":"PropertyValueSpecification","valueRequired":true,"valueName":"search_term_string"}}],"inLanguage":"fr-FR"},{"@type":"Person","@id":"https:\/\/dpress.ma\/fr\/#\/schema\/person\/4898febf3ccd59e6578d838656a306a0","name":"Dpress.ma","image":{"@type":"ImageObject","inLanguage":"fr-FR","@id":"https:\/\/secure.gravatar.com\/avatar\/72ecc30e9db047a2e0e7176561eb9d564ed77c8108376495b19bd8336405198a?s=96&d=mm&r=g","url":"https:\/\/secure.gravatar.com\/avatar\/72ecc30e9db047a2e0e7176561eb9d564ed77c8108376495b19bd8336405198a?s=96&d=mm&r=g","contentUrl":"https:\/\/secure.gravatar.com\/avatar\/72ecc30e9db047a2e0e7176561eb9d564ed77c8108376495b19bd8336405198a?s=96&d=mm&r=g","caption":"Dpress.ma"},"sameAs":["https:\/\/www.dpress.ma"],"url":"https:\/\/dpress.ma\/fr\/author\/dpress-ma\/"}]}},"amp_enabled":true,"_links":{"self":[{"href":"https:\/\/dpress.ma\/fr\/wp-json\/wp\/v2\/posts\/2623","targetHints":{"allow":["GET"]}}],"collection":[{"href":"https:\/\/dpress.ma\/fr\/wp-json\/wp\/v2\/posts"}],"about":[{"href":"https:\/\/dpress.ma\/fr\/wp-json\/wp\/v2\/types\/post"}],"author":[{"embeddable":true,"href":"https:\/\/dpress.ma\/fr\/wp-json\/wp\/v2\/users\/2"}],"replies":[{"embeddable":true,"href":"https:\/\/dpress.ma\/fr\/wp-json\/wp\/v2\/comments?post=2623"}],"version-history":[{"count":1,"href":"https:\/\/dpress.ma\/fr\/wp-json\/wp\/v2\/posts\/2623\/revisions"}],"predecessor-version":[{"id":2624,"href":"https:\/\/dpress.ma\/fr\/wp-json\/wp\/v2\/posts\/2623\/revisions\/2624"}],"wp:featuredmedia":[{"embeddable":true,"href":"https:\/\/dpress.ma\/fr\/wp-json\/wp\/v2\/media\/1920"}],"wp:attachment":[{"href":"https:\/\/dpress.ma\/fr\/wp-json\/wp\/v2\/media?parent=2623"}],"wp:term":[{"taxonomy":"category","embeddable":true,"href":"https:\/\/dpress.ma\/fr\/wp-json\/wp\/v2\/categories?post=2623"},{"taxonomy":"post_tag","embeddable":true,"href":"https:\/\/dpress.ma\/fr\/wp-json\/wp\/v2\/tags?post=2623"}],"curies":[{"name":"wp","href":"https:\/\/api.w.org\/{rel}","templated":true}]}}