{"id":26160,"date":"2026-03-16T12:23:39","date_gmt":"2026-03-16T12:23:39","guid":{"rendered":"https:\/\/dpress.ma\/fr\/?p=26160"},"modified":"2026-03-16T12:23:43","modified_gmt":"2026-03-16T12:23:43","slug":"le-conseil-de-la-ligue-des-etats-arabes-au-niveau-ministeriel-souligne-le-role-central-du-comite-al-qods-preside-par-sm-le-roi-et-soutient-les-efforts-du-comite-et-de-lagence-bayt-mal-al-qo","status":"publish","type":"post","link":"https:\/\/dpress.ma\/fr\/2026\/03\/16\/le-conseil-de-la-ligue-des-etats-arabes-au-niveau-ministeriel-souligne-le-role-central-du-comite-al-qods-preside-par-sm-le-roi-et-soutient-les-efforts-du-comite-et-de-lagence-bayt-mal-al-qo\/","title":{"rendered":"Le Conseil de la Ligue des Etats arabes, au niveau minist\u00e9riel, souligne le r\u00f4le central du Comit\u00e9 Al-Qods pr\u00e9sid\u00e9 par SM le Roi et soutient les efforts du Comit\u00e9 et de l\u2019Agence Bayt Mal Al-Qods"},"content":{"rendered":"\n<p>Dpress<\/p>\n\n\n\n<p>Le Conseil de la Ligue des Etats arabes, au niveau des ministres des Affaires \u00e9trang\u00e8res, a soulign\u00e9 la place centrale du Comit\u00e9 Al-Qods, pr\u00e9sid\u00e9 par Sa Majest\u00e9 le Roi Mohammed VI, que Dieu L\u2019assiste, saluant le r\u00f4le majeur de l\u2019Agence Bayt Mal Al-Qods Acharif, bras ex\u00e9cutif du Comit\u00e9.<\/p>\n\n\n\n<p>Dans un communiqu\u00e9 adopt\u00e9 dimanche soir, les \u00c9tats membres ont unanimement insist\u00e9 sur \u201cl\u2019importance du r\u00f4le du Comit\u00e9 Al-Qods et de l\u2019Agence Bayt Mal Al-Qods Acharif, son bras ex\u00e9cutif\u201d, exprimant leur soutien \u00e0 tous les efforts entrepris par le Comit\u00e9 pour la protection de la Ville Sainte et la pr\u00e9servation de son identit\u00e9 arabe, islamique et chr\u00e9tienne.<\/p>\n\n\n\n<p>Cette r\u00e9affirmation de l\u2019importance du r\u00f4le du Comit\u00e9 Al-Qods et de l\u2019Agence Bayt Mal Al-Qods intervient dans un contexte marqu\u00e9 par une position arabe unifi\u00e9e face aux d\u00e9veloppements dangereux dans la Ville Sainte.<\/p>\n\n\n\n<p>A cet \u00e9gard, le communiqu\u00e9 met notamment en garde contre toute mesure isra\u00e9lienne visant \u00e0 emp\u00eacher les musulmans d\u2019accomplir leurs rites, ainsi que contre les graves r\u00e9percussions de telles actions sur la paix et la s\u00e9curit\u00e9 r\u00e9gionale et internationale.<\/p>\n\n\n\n<p>Dans ce cadre, le communiqu\u00e9 a exhort\u00e9 la communaut\u00e9 internationale, y compris le Conseil de S\u00e9curit\u00e9 de l\u2019ONU, \u00e0 assumer ses responsabilit\u00e9s et \u00e0 adopter une position internationale ferme obligeant Isra\u00ebl, en tant que puissance occupante, \u00e0 cesser ses violations et pratiques ill\u00e9gales et ill\u00e9gitimes continues \u00e0 l\u2019encontre des lieux saints islamiques et chr\u00e9tiens \u00e0 Al-Qods.<\/p>\n\n\n\n<p>Il a \u00e9galement appel\u00e9 au respect de la libert\u00e9 de culte et du statut historique et juridique de la Ville Sainte, \u00e0 la lev\u00e9e de toutes les restrictions d\u2019acc\u00e8s \u00e0 Al-Qods impos\u00e9es aux Palestiniens ainsi qu\u2019au respect des r\u00e9solutions pertinentes des Nations unie<\/p>\n\n\n\n<p><\/p>\n","protected":false},"excerpt":{"rendered":"<p>Dpress Le Conseil de la Ligue des Etats arabes, au niveau des ministres des Affaires \u00e9trang\u00e8res, a soulign\u00e9 la place centrale du Comit\u00e9 Al-Qods, pr\u00e9sid\u00e9 par Sa Majest\u00e9 le Roi Mohammed VI, que Dieu L\u2019assiste, saluant le r\u00f4le majeur de l\u2019Agence Bayt Mal Al-Qods Acharif, bras ex\u00e9cutif du Comit\u00e9. Dans un communiqu\u00e9 adopt\u00e9 dimanche soir, &hellip;<\/p>\n","protected":false},"author":2,"featured_media":26161,"comment_status":"open","ping_status":"open","sticky":false,"template":"","format":"standard","meta":{"footnotes":""},"categories":[42],"tags":[],"class_list":["post-26160","post","type-post","status-publish","format-standard","has-post-thumbnail","hentry","category-monde"],"yoast_head":"<!-- This site is optimized with the Yoast SEO plugin v27.5 - https:\/\/yoast.com\/product\/yoast-seo-wordpress\/ -->\n<title>Le Conseil de la Ligue des Etats arabes, au niveau minist\u00e9riel, souligne le r\u00f4le central du Comit\u00e9 Al-Qods pr\u00e9sid\u00e9 par SM le Roi et soutient les efforts du Comit\u00e9 et de l\u2019Agence Bayt Mal Al-Qods - Dpress.ma\/fr<\/title>\n<meta name=\"robots\" content=\"index, follow, max-snippet:-1, max-image-preview:large, max-video-preview:-1\" \/>\n<link rel=\"canonical\" href=\"https:\/\/dpress.ma\/fr\/2026\/03\/16\/le-conseil-de-la-ligue-des-etats-arabes-au-niveau-ministeriel-souligne-le-role-central-du-comite-al-qods-preside-par-sm-le-roi-et-soutient-les-efforts-du-comite-et-de-lagence-bayt-mal-al-qo\/\" \/>\n<meta property=\"og:locale\" content=\"fr_FR\" \/>\n<meta property=\"og:type\" content=\"article\" \/>\n<meta property=\"og:title\" content=\"Le Conseil de la Ligue des Etats arabes, au niveau minist\u00e9riel, souligne le r\u00f4le central du Comit\u00e9 Al-Qods pr\u00e9sid\u00e9 par SM le Roi et soutient les efforts du Comit\u00e9 et de l\u2019Agence Bayt Mal Al-Qods - Dpress.ma\/fr\" \/>\n<meta property=\"og:description\" content=\"Dpress Le Conseil de la Ligue des Etats arabes, au niveau des ministres des Affaires \u00e9trang\u00e8res, a soulign\u00e9 la place centrale du Comit\u00e9 Al-Qods, pr\u00e9sid\u00e9 par Sa Majest\u00e9 le Roi Mohammed VI, que Dieu L\u2019assiste, saluant le r\u00f4le majeur de l\u2019Agence Bayt Mal Al-Qods Acharif, bras ex\u00e9cutif du Comit\u00e9. Dans un communiqu\u00e9 adopt\u00e9 dimanche soir, &hellip;\" \/>\n<meta property=\"og:url\" content=\"https:\/\/dpress.ma\/fr\/2026\/03\/16\/le-conseil-de-la-ligue-des-etats-arabes-au-niveau-ministeriel-souligne-le-role-central-du-comite-al-qods-preside-par-sm-le-roi-et-soutient-les-efforts-du-comite-et-de-lagence-bayt-mal-al-qo\/\" \/>\n<meta property=\"og:site_name\" content=\"Dpress.ma\/fr\" \/>\n<meta property=\"article:published_time\" content=\"2026-03-16T12:23:39+00:00\" \/>\n<meta property=\"article:modified_time\" content=\"2026-03-16T12:23:43+00:00\" \/>\n<meta property=\"og:image\" content=\"https:\/\/dpress.ma\/fr\/wp-content\/uploads\/sites\/2\/2026\/03\/47-6.jpg\" \/>\n\t<meta property=\"og:image:width\" content=\"2539\" \/>\n\t<meta property=\"og:image:height\" content=\"1594\" \/>\n\t<meta property=\"og:image:type\" content=\"image\/jpeg\" \/>\n<meta name=\"author\" content=\"Dpress.ma\" \/>\n<meta name=\"twitter:card\" content=\"summary_large_image\" \/>\n<meta name=\"twitter:label1\" content=\"\u00c9crit par\" \/>\n\t<meta name=\"twitter:data1\" content=\"Dpress.ma\" \/>\n\t<meta name=\"twitter:label2\" content=\"Dur\u00e9e de lecture estim\u00e9e\" \/>\n\t<meta name=\"twitter:data2\" content=\"2 minutes\" \/>\n<script type=\"application\/ld+json\" class=\"yoast-schema-graph\">{\"@context\":\"https:\\\/\\\/schema.org\",\"@graph\":[{\"@type\":\"Article\",\"@id\":\"https:\\\/\\\/dpress.ma\\\/fr\\\/2026\\\/03\\\/16\\\/le-conseil-de-la-ligue-des-etats-arabes-au-niveau-ministeriel-souligne-le-role-central-du-comite-al-qods-preside-par-sm-le-roi-et-soutient-les-efforts-du-comite-et-de-lagence-bayt-mal-al-qo\\\/#article\",\"isPartOf\":{\"@id\":\"https:\\\/\\\/dpress.ma\\\/fr\\\/2026\\\/03\\\/16\\\/le-conseil-de-la-ligue-des-etats-arabes-au-niveau-ministeriel-souligne-le-role-central-du-comite-al-qods-preside-par-sm-le-roi-et-soutient-les-efforts-du-comite-et-de-lagence-bayt-mal-al-qo\\\/\"},\"author\":{\"name\":\"Dpress.ma\",\"@id\":\"https:\\\/\\\/dpress.ma\\\/fr\\\/#\\\/schema\\\/person\\\/4898febf3ccd59e6578d838656a306a0\"},\"headline\":\"Le Conseil de la Ligue des Etats arabes, au niveau minist\u00e9riel, souligne le r\u00f4le central du Comit\u00e9 Al-Qods pr\u00e9sid\u00e9 par SM le Roi et soutient les efforts du Comit\u00e9 et de l\u2019Agence Bayt Mal Al-Qods\",\"datePublished\":\"2026-03-16T12:23:39+00:00\",\"dateModified\":\"2026-03-16T12:23:43+00:00\",\"mainEntityOfPage\":{\"@id\":\"https:\\\/\\\/dpress.ma\\\/fr\\\/2026\\\/03\\\/16\\\/le-conseil-de-la-ligue-des-etats-arabes-au-niveau-ministeriel-souligne-le-role-central-du-comite-al-qods-preside-par-sm-le-roi-et-soutient-les-efforts-du-comite-et-de-lagence-bayt-mal-al-qo\\\/\"},\"wordCount\":345,\"commentCount\":0,\"image\":{\"@id\":\"https:\\\/\\\/dpress.ma\\\/fr\\\/2026\\\/03\\\/16\\\/le-conseil-de-la-ligue-des-etats-arabes-au-niveau-ministeriel-souligne-le-role-central-du-comite-al-qods-preside-par-sm-le-roi-et-soutient-les-efforts-du-comite-et-de-lagence-bayt-mal-al-qo\\\/#primaryimage\"},\"thumbnailUrl\":\"https:\\\/\\\/dpress.ma\\\/fr\\\/wp-content\\\/uploads\\\/sites\\\/2\\\/2026\\\/03\\\/47-6.jpg\",\"articleSection\":[\"monde\"],\"inLanguage\":\"fr-FR\",\"potentialAction\":[{\"@type\":\"CommentAction\",\"name\":\"Comment\",\"target\":[\"https:\\\/\\\/dpress.ma\\\/fr\\\/2026\\\/03\\\/16\\\/le-conseil-de-la-ligue-des-etats-arabes-au-niveau-ministeriel-souligne-le-role-central-du-comite-al-qods-preside-par-sm-le-roi-et-soutient-les-efforts-du-comite-et-de-lagence-bayt-mal-al-qo\\\/#respond\"]}]},{\"@type\":\"WebPage\",\"@id\":\"https:\\\/\\\/dpress.ma\\\/fr\\\/2026\\\/03\\\/16\\\/le-conseil-de-la-ligue-des-etats-arabes-au-niveau-ministeriel-souligne-le-role-central-du-comite-al-qods-preside-par-sm-le-roi-et-soutient-les-efforts-du-comite-et-de-lagence-bayt-mal-al-qo\\\/\",\"url\":\"https:\\\/\\\/dpress.ma\\\/fr\\\/2026\\\/03\\\/16\\\/le-conseil-de-la-ligue-des-etats-arabes-au-niveau-ministeriel-souligne-le-role-central-du-comite-al-qods-preside-par-sm-le-roi-et-soutient-les-efforts-du-comite-et-de-lagence-bayt-mal-al-qo\\\/\",\"name\":\"Le Conseil de la Ligue des Etats arabes, au niveau minist\u00e9riel, souligne le r\u00f4le central du Comit\u00e9 Al-Qods pr\u00e9sid\u00e9 par SM le Roi et soutient les efforts du Comit\u00e9 et de l\u2019Agence Bayt Mal Al-Qods - Dpress.ma\\\/fr\",\"isPartOf\":{\"@id\":\"https:\\\/\\\/dpress.ma\\\/fr\\\/#website\"},\"primaryImageOfPage\":{\"@id\":\"https:\\\/\\\/dpress.ma\\\/fr\\\/2026\\\/03\\\/16\\\/le-conseil-de-la-ligue-des-etats-arabes-au-niveau-ministeriel-souligne-le-role-central-du-comite-al-qods-preside-par-sm-le-roi-et-soutient-les-efforts-du-comite-et-de-lagence-bayt-mal-al-qo\\\/#primaryimage\"},\"image\":{\"@id\":\"https:\\\/\\\/dpress.ma\\\/fr\\\/2026\\\/03\\\/16\\\/le-conseil-de-la-ligue-des-etats-arabes-au-niveau-ministeriel-souligne-le-role-central-du-comite-al-qods-preside-par-sm-le-roi-et-soutient-les-efforts-du-comite-et-de-lagence-bayt-mal-al-qo\\\/#primaryimage\"},\"thumbnailUrl\":\"https:\\\/\\\/dpress.ma\\\/fr\\\/wp-content\\\/uploads\\\/sites\\\/2\\\/2026\\\/03\\\/47-6.jpg\",\"datePublished\":\"2026-03-16T12:23:39+00:00\",\"dateModified\":\"2026-03-16T12:23:43+00:00\",\"author\":{\"@id\":\"https:\\\/\\\/dpress.ma\\\/fr\\\/#\\\/schema\\\/person\\\/4898febf3ccd59e6578d838656a306a0\"},\"breadcrumb\":{\"@id\":\"https:\\\/\\\/dpress.ma\\\/fr\\\/2026\\\/03\\\/16\\\/le-conseil-de-la-ligue-des-etats-arabes-au-niveau-ministeriel-souligne-le-role-central-du-comite-al-qods-preside-par-sm-le-roi-et-soutient-les-efforts-du-comite-et-de-lagence-bayt-mal-al-qo\\\/#breadcrumb\"},\"inLanguage\":\"fr-FR\",\"potentialAction\":[{\"@type\":\"ReadAction\",\"target\":[\"https:\\\/\\\/dpress.ma\\\/fr\\\/2026\\\/03\\\/16\\\/le-conseil-de-la-ligue-des-etats-arabes-au-niveau-ministeriel-souligne-le-role-central-du-comite-al-qods-preside-par-sm-le-roi-et-soutient-les-efforts-du-comite-et-de-lagence-bayt-mal-al-qo\\\/\"]}]},{\"@type\":\"ImageObject\",\"inLanguage\":\"fr-FR\",\"@id\":\"https:\\\/\\\/dpress.ma\\\/fr\\\/2026\\\/03\\\/16\\\/le-conseil-de-la-ligue-des-etats-arabes-au-niveau-ministeriel-souligne-le-role-central-du-comite-al-qods-preside-par-sm-le-roi-et-soutient-les-efforts-du-comite-et-de-lagence-bayt-mal-al-qo\\\/#primaryimage\",\"url\":\"https:\\\/\\\/dpress.ma\\\/fr\\\/wp-content\\\/uploads\\\/sites\\\/2\\\/2026\\\/03\\\/47-6.jpg\",\"contentUrl\":\"https:\\\/\\\/dpress.ma\\\/fr\\\/wp-content\\\/uploads\\\/sites\\\/2\\\/2026\\\/03\\\/47-6.jpg\",\"width\":2539,\"height\":1594},{\"@type\":\"BreadcrumbList\",\"@id\":\"https:\\\/\\\/dpress.ma\\\/fr\\\/2026\\\/03\\\/16\\\/le-conseil-de-la-ligue-des-etats-arabes-au-niveau-ministeriel-souligne-le-role-central-du-comite-al-qods-preside-par-sm-le-roi-et-soutient-les-efforts-du-comite-et-de-lagence-bayt-mal-al-qo\\\/#breadcrumb\",\"itemListElement\":[{\"@type\":\"ListItem\",\"position\":1,\"name\":\"Home\",\"item\":\"https:\\\/\\\/dpress.ma\\\/fr\\\/\"},{\"@type\":\"ListItem\",\"position\":2,\"name\":\"Le Conseil de la Ligue des Etats arabes, au niveau minist\u00e9riel, souligne le r\u00f4le central du Comit\u00e9 Al-Qods pr\u00e9sid\u00e9 par SM le Roi et soutient les efforts du Comit\u00e9 et de l\u2019Agence Bayt Mal Al-Qods\"}]},{\"@type\":\"WebSite\",\"@id\":\"https:\\\/\\\/dpress.ma\\\/fr\\\/#website\",\"url\":\"https:\\\/\\\/dpress.ma\\\/fr\\\/\",\"name\":\"Dpress.ma\\\/fr\",\"description\":\"\",\"potentialAction\":[{\"@type\":\"SearchAction\",\"target\":{\"@type\":\"EntryPoint\",\"urlTemplate\":\"https:\\\/\\\/dpress.ma\\\/fr\\\/?s={search_term_string}\"},\"query-input\":{\"@type\":\"PropertyValueSpecification\",\"valueRequired\":true,\"valueName\":\"search_term_string\"}}],\"inLanguage\":\"fr-FR\"},{\"@type\":\"Person\",\"@id\":\"https:\\\/\\\/dpress.ma\\\/fr\\\/#\\\/schema\\\/person\\\/4898febf3ccd59e6578d838656a306a0\",\"name\":\"Dpress.ma\",\"image\":{\"@type\":\"ImageObject\",\"inLanguage\":\"fr-FR\",\"@id\":\"https:\\\/\\\/secure.gravatar.com\\\/avatar\\\/72ecc30e9db047a2e0e7176561eb9d564ed77c8108376495b19bd8336405198a?s=96&d=mm&r=g\",\"url\":\"https:\\\/\\\/secure.gravatar.com\\\/avatar\\\/72ecc30e9db047a2e0e7176561eb9d564ed77c8108376495b19bd8336405198a?s=96&d=mm&r=g\",\"contentUrl\":\"https:\\\/\\\/secure.gravatar.com\\\/avatar\\\/72ecc30e9db047a2e0e7176561eb9d564ed77c8108376495b19bd8336405198a?s=96&d=mm&r=g\",\"caption\":\"Dpress.ma\"},\"sameAs\":[\"https:\\\/\\\/www.dpress.ma\"],\"url\":\"https:\\\/\\\/dpress.ma\\\/fr\\\/author\\\/dpress-ma\\\/\"}]}<\/script>\n<!-- \/ Yoast SEO plugin. -->","yoast_head_json":{"title":"Le Conseil de la Ligue des Etats arabes, au niveau minist\u00e9riel, souligne le r\u00f4le central du Comit\u00e9 Al-Qods pr\u00e9sid\u00e9 par SM le Roi et soutient les efforts du Comit\u00e9 et de l\u2019Agence Bayt Mal Al-Qods - Dpress.ma\/fr","robots":{"index":"index","follow":"follow","max-snippet":"max-snippet:-1","max-image-preview":"max-image-preview:large","max-video-preview":"max-video-preview:-1"},"canonical":"https:\/\/dpress.ma\/fr\/2026\/03\/16\/le-conseil-de-la-ligue-des-etats-arabes-au-niveau-ministeriel-souligne-le-role-central-du-comite-al-qods-preside-par-sm-le-roi-et-soutient-les-efforts-du-comite-et-de-lagence-bayt-mal-al-qo\/","og_locale":"fr_FR","og_type":"article","og_title":"Le Conseil de la Ligue des Etats arabes, au niveau minist\u00e9riel, souligne le r\u00f4le central du Comit\u00e9 Al-Qods pr\u00e9sid\u00e9 par SM le Roi et soutient les efforts du Comit\u00e9 et de l\u2019Agence Bayt Mal Al-Qods - Dpress.ma\/fr","og_description":"Dpress Le Conseil de la Ligue des Etats arabes, au niveau des ministres des Affaires \u00e9trang\u00e8res, a soulign\u00e9 la place centrale du Comit\u00e9 Al-Qods, pr\u00e9sid\u00e9 par Sa Majest\u00e9 le Roi Mohammed VI, que Dieu L\u2019assiste, saluant le r\u00f4le majeur de l\u2019Agence Bayt Mal Al-Qods Acharif, bras ex\u00e9cutif du Comit\u00e9. Dans un communiqu\u00e9 adopt\u00e9 dimanche soir, &hellip;","og_url":"https:\/\/dpress.ma\/fr\/2026\/03\/16\/le-conseil-de-la-ligue-des-etats-arabes-au-niveau-ministeriel-souligne-le-role-central-du-comite-al-qods-preside-par-sm-le-roi-et-soutient-les-efforts-du-comite-et-de-lagence-bayt-mal-al-qo\/","og_site_name":"Dpress.ma\/fr","article_published_time":"2026-03-16T12:23:39+00:00","article_modified_time":"2026-03-16T12:23:43+00:00","og_image":[{"width":2539,"height":1594,"url":"https:\/\/dpress.ma\/fr\/wp-content\/uploads\/sites\/2\/2026\/03\/47-6.jpg","type":"image\/jpeg"}],"author":"Dpress.ma","twitter_card":"summary_large_image","twitter_misc":{"\u00c9crit par":"Dpress.ma","Dur\u00e9e de lecture estim\u00e9e":"2 minutes"},"schema":{"@context":"https:\/\/schema.org","@graph":[{"@type":"Article","@id":"https:\/\/dpress.ma\/fr\/2026\/03\/16\/le-conseil-de-la-ligue-des-etats-arabes-au-niveau-ministeriel-souligne-le-role-central-du-comite-al-qods-preside-par-sm-le-roi-et-soutient-les-efforts-du-comite-et-de-lagence-bayt-mal-al-qo\/#article","isPartOf":{"@id":"https:\/\/dpress.ma\/fr\/2026\/03\/16\/le-conseil-de-la-ligue-des-etats-arabes-au-niveau-ministeriel-souligne-le-role-central-du-comite-al-qods-preside-par-sm-le-roi-et-soutient-les-efforts-du-comite-et-de-lagence-bayt-mal-al-qo\/"},"author":{"name":"Dpress.ma","@id":"https:\/\/dpress.ma\/fr\/#\/schema\/person\/4898febf3ccd59e6578d838656a306a0"},"headline":"Le Conseil de la Ligue des Etats arabes, au niveau minist\u00e9riel, souligne le r\u00f4le central du Comit\u00e9 Al-Qods pr\u00e9sid\u00e9 par SM le Roi et soutient les efforts du Comit\u00e9 et de l\u2019Agence Bayt Mal Al-Qods","datePublished":"2026-03-16T12:23:39+00:00","dateModified":"2026-03-16T12:23:43+00:00","mainEntityOfPage":{"@id":"https:\/\/dpress.ma\/fr\/2026\/03\/16\/le-conseil-de-la-ligue-des-etats-arabes-au-niveau-ministeriel-souligne-le-role-central-du-comite-al-qods-preside-par-sm-le-roi-et-soutient-les-efforts-du-comite-et-de-lagence-bayt-mal-al-qo\/"},"wordCount":345,"commentCount":0,"image":{"@id":"https:\/\/dpress.ma\/fr\/2026\/03\/16\/le-conseil-de-la-ligue-des-etats-arabes-au-niveau-ministeriel-souligne-le-role-central-du-comite-al-qods-preside-par-sm-le-roi-et-soutient-les-efforts-du-comite-et-de-lagence-bayt-mal-al-qo\/#primaryimage"},"thumbnailUrl":"https:\/\/dpress.ma\/fr\/wp-content\/uploads\/sites\/2\/2026\/03\/47-6.jpg","articleSection":["monde"],"inLanguage":"fr-FR","potentialAction":[{"@type":"CommentAction","name":"Comment","target":["https:\/\/dpress.ma\/fr\/2026\/03\/16\/le-conseil-de-la-ligue-des-etats-arabes-au-niveau-ministeriel-souligne-le-role-central-du-comite-al-qods-preside-par-sm-le-roi-et-soutient-les-efforts-du-comite-et-de-lagence-bayt-mal-al-qo\/#respond"]}]},{"@type":"WebPage","@id":"https:\/\/dpress.ma\/fr\/2026\/03\/16\/le-conseil-de-la-ligue-des-etats-arabes-au-niveau-ministeriel-souligne-le-role-central-du-comite-al-qods-preside-par-sm-le-roi-et-soutient-les-efforts-du-comite-et-de-lagence-bayt-mal-al-qo\/","url":"https:\/\/dpress.ma\/fr\/2026\/03\/16\/le-conseil-de-la-ligue-des-etats-arabes-au-niveau-ministeriel-souligne-le-role-central-du-comite-al-qods-preside-par-sm-le-roi-et-soutient-les-efforts-du-comite-et-de-lagence-bayt-mal-al-qo\/","name":"Le Conseil de la Ligue des Etats arabes, au niveau minist\u00e9riel, souligne le r\u00f4le central du Comit\u00e9 Al-Qods pr\u00e9sid\u00e9 par SM le Roi et soutient les efforts du Comit\u00e9 et de l\u2019Agence Bayt Mal Al-Qods - Dpress.ma\/fr","isPartOf":{"@id":"https:\/\/dpress.ma\/fr\/#website"},"primaryImageOfPage":{"@id":"https:\/\/dpress.ma\/fr\/2026\/03\/16\/le-conseil-de-la-ligue-des-etats-arabes-au-niveau-ministeriel-souligne-le-role-central-du-comite-al-qods-preside-par-sm-le-roi-et-soutient-les-efforts-du-comite-et-de-lagence-bayt-mal-al-qo\/#primaryimage"},"image":{"@id":"https:\/\/dpress.ma\/fr\/2026\/03\/16\/le-conseil-de-la-ligue-des-etats-arabes-au-niveau-ministeriel-souligne-le-role-central-du-comite-al-qods-preside-par-sm-le-roi-et-soutient-les-efforts-du-comite-et-de-lagence-bayt-mal-al-qo\/#primaryimage"},"thumbnailUrl":"https:\/\/dpress.ma\/fr\/wp-content\/uploads\/sites\/2\/2026\/03\/47-6.jpg","datePublished":"2026-03-16T12:23:39+00:00","dateModified":"2026-03-16T12:23:43+00:00","author":{"@id":"https:\/\/dpress.ma\/fr\/#\/schema\/person\/4898febf3ccd59e6578d838656a306a0"},"breadcrumb":{"@id":"https:\/\/dpress.ma\/fr\/2026\/03\/16\/le-conseil-de-la-ligue-des-etats-arabes-au-niveau-ministeriel-souligne-le-role-central-du-comite-al-qods-preside-par-sm-le-roi-et-soutient-les-efforts-du-comite-et-de-lagence-bayt-mal-al-qo\/#breadcrumb"},"inLanguage":"fr-FR","potentialAction":[{"@type":"ReadAction","target":["https:\/\/dpress.ma\/fr\/2026\/03\/16\/le-conseil-de-la-ligue-des-etats-arabes-au-niveau-ministeriel-souligne-le-role-central-du-comite-al-qods-preside-par-sm-le-roi-et-soutient-les-efforts-du-comite-et-de-lagence-bayt-mal-al-qo\/"]}]},{"@type":"ImageObject","inLanguage":"fr-FR","@id":"https:\/\/dpress.ma\/fr\/2026\/03\/16\/le-conseil-de-la-ligue-des-etats-arabes-au-niveau-ministeriel-souligne-le-role-central-du-comite-al-qods-preside-par-sm-le-roi-et-soutient-les-efforts-du-comite-et-de-lagence-bayt-mal-al-qo\/#primaryimage","url":"https:\/\/dpress.ma\/fr\/wp-content\/uploads\/sites\/2\/2026\/03\/47-6.jpg","contentUrl":"https:\/\/dpress.ma\/fr\/wp-content\/uploads\/sites\/2\/2026\/03\/47-6.jpg","width":2539,"height":1594},{"@type":"BreadcrumbList","@id":"https:\/\/dpress.ma\/fr\/2026\/03\/16\/le-conseil-de-la-ligue-des-etats-arabes-au-niveau-ministeriel-souligne-le-role-central-du-comite-al-qods-preside-par-sm-le-roi-et-soutient-les-efforts-du-comite-et-de-lagence-bayt-mal-al-qo\/#breadcrumb","itemListElement":[{"@type":"ListItem","position":1,"name":"Home","item":"https:\/\/dpress.ma\/fr\/"},{"@type":"ListItem","position":2,"name":"Le Conseil de la Ligue des Etats arabes, au niveau minist\u00e9riel, souligne le r\u00f4le central du Comit\u00e9 Al-Qods pr\u00e9sid\u00e9 par SM le Roi et soutient les efforts du Comit\u00e9 et de l\u2019Agence Bayt Mal Al-Qods"}]},{"@type":"WebSite","@id":"https:\/\/dpress.ma\/fr\/#website","url":"https:\/\/dpress.ma\/fr\/","name":"Dpress.ma\/fr","description":"","potentialAction":[{"@type":"SearchAction","target":{"@type":"EntryPoint","urlTemplate":"https:\/\/dpress.ma\/fr\/?s={search_term_string}"},"query-input":{"@type":"PropertyValueSpecification","valueRequired":true,"valueName":"search_term_string"}}],"inLanguage":"fr-FR"},{"@type":"Person","@id":"https:\/\/dpress.ma\/fr\/#\/schema\/person\/4898febf3ccd59e6578d838656a306a0","name":"Dpress.ma","image":{"@type":"ImageObject","inLanguage":"fr-FR","@id":"https:\/\/secure.gravatar.com\/avatar\/72ecc30e9db047a2e0e7176561eb9d564ed77c8108376495b19bd8336405198a?s=96&d=mm&r=g","url":"https:\/\/secure.gravatar.com\/avatar\/72ecc30e9db047a2e0e7176561eb9d564ed77c8108376495b19bd8336405198a?s=96&d=mm&r=g","contentUrl":"https:\/\/secure.gravatar.com\/avatar\/72ecc30e9db047a2e0e7176561eb9d564ed77c8108376495b19bd8336405198a?s=96&d=mm&r=g","caption":"Dpress.ma"},"sameAs":["https:\/\/www.dpress.ma"],"url":"https:\/\/dpress.ma\/fr\/author\/dpress-ma\/"}]}},"amp_enabled":true,"_links":{"self":[{"href":"https:\/\/dpress.ma\/fr\/wp-json\/wp\/v2\/posts\/26160","targetHints":{"allow":["GET"]}}],"collection":[{"href":"https:\/\/dpress.ma\/fr\/wp-json\/wp\/v2\/posts"}],"about":[{"href":"https:\/\/dpress.ma\/fr\/wp-json\/wp\/v2\/types\/post"}],"author":[{"embeddable":true,"href":"https:\/\/dpress.ma\/fr\/wp-json\/wp\/v2\/users\/2"}],"replies":[{"embeddable":true,"href":"https:\/\/dpress.ma\/fr\/wp-json\/wp\/v2\/comments?post=26160"}],"version-history":[{"count":1,"href":"https:\/\/dpress.ma\/fr\/wp-json\/wp\/v2\/posts\/26160\/revisions"}],"predecessor-version":[{"id":26162,"href":"https:\/\/dpress.ma\/fr\/wp-json\/wp\/v2\/posts\/26160\/revisions\/26162"}],"wp:featuredmedia":[{"embeddable":true,"href":"https:\/\/dpress.ma\/fr\/wp-json\/wp\/v2\/media\/26161"}],"wp:attachment":[{"href":"https:\/\/dpress.ma\/fr\/wp-json\/wp\/v2\/media?parent=26160"}],"wp:term":[{"taxonomy":"category","embeddable":true,"href":"https:\/\/dpress.ma\/fr\/wp-json\/wp\/v2\/categories?post=26160"},{"taxonomy":"post_tag","embeddable":true,"href":"https:\/\/dpress.ma\/fr\/wp-json\/wp\/v2\/tags?post=26160"}],"curies":[{"name":"wp","href":"https:\/\/api.w.org\/{rel}","templated":true}]}}