{"id":2616,"date":"2022-11-22T09:31:38","date_gmt":"2022-11-22T09:31:38","guid":{"rendered":"https:\/\/dpress.ma\/fr\/?p=2616"},"modified":"2022-11-22T09:31:39","modified_gmt":"2022-11-22T09:31:39","slug":"9eme-forum-de-lalliance-des-civilisations-le-maroc-un-pays-de-dialogue-et-un-modele-du-pluralisme-et-de-la-diversite-boussouf","status":"publish","type":"post","link":"https:\/\/dpress.ma\/fr\/2022\/11\/22\/9eme-forum-de-lalliance-des-civilisations-le-maroc-un-pays-de-dialogue-et-un-modele-du-pluralisme-et-de-la-diversite-boussouf\/","title":{"rendered":"9\u00e8me Forum de l\u2019Alliance des Civilisations: le Maroc, un pays de dialogue et un mod\u00e8le du pluralisme et de la diversit\u00e9 (Boussouf)"},"content":{"rendered":"\n<p>Dpress<\/p>\n\n\n\n<p>&#8211;&nbsp;L\u2019organisation, les 22 et 23 novembre \u00e0 F\u00e8s, du 9\u00e8me Forum de l\u2019Alliance des Civilisations des Nations Unies vient confirmer, si besoin est, que le Maroc est un pays de dialogue et un mod\u00e8le du pluralisme, de la diversit\u00e9 et du respect de la diff\u00e9rence, a affirm\u00e9 l\u2019historien et secr\u00e9taire g\u00e9n\u00e9ral du Conseil de la communaut\u00e9 marocaine \u00e0 l\u2019\u00e9tranger, Abdellah Boussouf.<\/p>\n\n\n\n<p>\u201cLe Maroc, qui est un pays de dialogue par excellence, se distingue par la d\u00e9fense et la promotion des principes humains tels que le pluralisme, la diversit\u00e9 et le respect de la diff\u00e9rence\u201d, a relev\u00e9 M. Boussouf dans un entretien accord\u00e9 \u00e0 M24, la cha\u00eene d\u2019information en continu en la MAP, \u00e0 la veille de l\u2019ouverture de cet \u00e9v\u00e9nement majeur, estimant que ces facteurs sont un gage de r\u00e9ussite des travaux de ce Forum.<\/p>\n\n\n\n<p>Le Royaume a toujours accord\u00e9 une importance capitale au dialogue des cultures, des civilisations et des religions, a-t-il soulign\u00e9, rappelant, \u00e0 cet \u00e9gard, l\u2019accueil r\u00e9serv\u00e9 par feu Sa Majest\u00e9 Hassan II au Pape Jean Paul II, ainsi que la visite effectu\u00e9e en 2019 par le Pape Fran\u00e7ois \u00e0 l\u2019invitation de SM le Roi Mohammed VI.<\/p>\n\n\n\n<p>M. Boussouf a aussi relev\u00e9 que le Souverain n\u2019a eu de cesse d\u2019appeler dans Ses diff\u00e9rents discours \u00e0 l\u2019importance de promouvoir les valeurs de dialogue, de rapprochement et de coexistence.<\/p>\n\n\n\n<p>La ville de F\u00e8s, qui abrite ce forum, est l\u2019une des cit\u00e9s mill\u00e9naires qui a d\u00e9j\u00e0 accueilli, par le pass\u00e9, des rencontres d\u00e9di\u00e9es au dialogue des cultures, des religions et des civilisations, a-t-il tenu \u00e0 rappeler.<\/p>\n\n\n\n<p>\u201cF\u00e8s est une ville de dialogue et de rencontres entre les religions et les cultures\u201d, a-t-il poursuivi, notant qu\u2019\u00e9minentes personnalit\u00e9s de confession juive ou chr\u00e9tienne ont \u00e9tudi\u00e9 ou enseign\u00e9 \u00e0 l\u2019universit\u00e9 Al Quaraouiyine.<\/p>\n\n\n\n<p>\u00c9voquant la th\u00e9matique de ce 9\u00e8me forum, en l\u2019occurrence, le vivre-ensemble, M. Boussouf a indiqu\u00e9 que le Maroc est un mod\u00e8le singulier de coexistence entre les diff\u00e9rentes religions monoth\u00e9istes, mettant l\u2019accent sur les efforts inlassables de SM le Roi, Amir Al Mouminine, pour la pr\u00e9servation des droits des musulmans et des non-musulmans sans distinction entre eux.<\/p>\n\n\n\n<p>Il a, dans ce sens, fait remarquer qu\u2019un Dahir portant organisation de la communaut\u00e9 juive marocaine vient de para\u00eetre au bulletin officiel, soulignant que la Constitution du Royaume consacre le pluralisme et la diversit\u00e9 de l\u2019identit\u00e9 nationale, ce qui fait du Maroc un mod\u00e8le pionnier dans sa r\u00e9gion.<\/p>\n\n\n\n<p>\u201cLe Maroc est le seul pays musulman qui abrite plusieurs mus\u00e9es d\u00e9di\u00e9s au juda\u00efsme\u201d, a-t-il indiqu\u00e9, \u00e9voquant aussi la restauration de plusieurs synagogues et cimeti\u00e8res juifs dans le Royaume.<\/p>\n\n\n\n<p>M. Boussouf s\u2019est \u00e9galement attard\u00e9 sur le r\u00f4le de la Commanderie des Croyants comme socle de la paix spirituelle dans le pays, rappelant la D\u00e9claration de Marrakech, adopt\u00e9e \u00e0 l\u2019issue de la conf\u00e9rence internationale tenue en 2016 \u00e0 Marrakech sur les droits des minorit\u00e9s religieuses dans le monde islamique, qui insiste sur l\u2019importance de la coexistence et de la pr\u00e9servation des droits des minorit\u00e9s.<\/p>\n\n\n\n<p>Il a aussi fait observer que plusieurs cath\u00e9drales ont \u00e9t\u00e9 construites dans diff\u00e9rentes r\u00e9gions du Royaume avant m\u00eame le Protectorat, notant que le monde reconna\u00eet aujourd\u2019hui les efforts et actions du Royaume en faveur de la promotion du vivre-ensemble.<\/p>\n\n\n\n<p>Le secr\u00e9taire g\u00e9n\u00e9ral du CCME a, d\u2019autre part, mis en \u00e9vidence les initiatives prises par les Marocains du monde pour promouvoir le dialogue des civilisations, mettant l\u2019accent en particulier sur le r\u00f4le des imams marocains et des Marocains de confession juive dans la cons\u00e9cration du dialogue interreligieux dans leur pays d\u2019accueil.<\/p>\n\n\n\n<p>Pour ce qui est des enjeux du Forum de F\u00e8s, M. Boussouf a fait remarquer que ce conclave se tient dans une conjoncture internationale difficile marqu\u00e9e par les r\u00e9percussions du conflit russo-ukrainien et de la crise sanitaire li\u00e9e au Covid 19, plaidant pour plus d\u2019audace \u00e0 m\u00eame de relever le d\u00e9fi de promouvoir le vivre-ensemble.<\/p>\n","protected":false},"excerpt":{"rendered":"<p>Dpress &#8211;&nbsp;L\u2019organisation, les 22 et 23 novembre \u00e0 F\u00e8s, du 9\u00e8me Forum de l\u2019Alliance des Civilisations des Nations Unies vient confirmer, si besoin est, que le Maroc est un pays de dialogue et un mod\u00e8le du pluralisme, de la diversit\u00e9 et du respect de la diff\u00e9rence, a affirm\u00e9 l\u2019historien et secr\u00e9taire g\u00e9n\u00e9ral du Conseil de &hellip;<\/p>\n","protected":false},"author":2,"featured_media":2617,"comment_status":"open","ping_status":"open","sticky":false,"template":"","format":"standard","meta":{"footnotes":""},"categories":[31],"tags":[],"class_list":["post-2616","post","type-post","status-publish","format-standard","has-post-thumbnail","hentry","category-art-et-culture"],"yoast_head":"<!-- This site is optimized with the Yoast SEO plugin v27.5 - https:\/\/yoast.com\/product\/yoast-seo-wordpress\/ -->\n<title>9\u00e8me Forum de l\u2019Alliance des Civilisations: le Maroc, un pays de dialogue et un mod\u00e8le du pluralisme et de la diversit\u00e9 (Boussouf) - Dpress.ma\/fr<\/title>\n<meta name=\"description\" content=\"L\u2019organisation, les 22 et 23 novembre \u00e0 F\u00e8s, du 9\u00e8me Forum de l\u2019Alliance des Civilisations des Nations Unies vient confirmer, si besoin est, que le Maroc est un pays de dialogue et un mod\u00e8le du pluralisme, de la diversit\u00e9 et du respect de la diff\u00e9rence, a affirm\u00e9 l\u2019historien et secr\u00e9taire g\u00e9n\u00e9ral du Conseil de la communaut\u00e9 marocaine \u00e0 l\u2019\u00e9tranger, Abdellah Boussouf.\" \/>\n<meta name=\"robots\" content=\"index, follow, max-snippet:-1, max-image-preview:large, max-video-preview:-1\" \/>\n<link rel=\"canonical\" href=\"https:\/\/dpress.ma\/fr\/2022\/11\/22\/9eme-forum-de-lalliance-des-civilisations-le-maroc-un-pays-de-dialogue-et-un-modele-du-pluralisme-et-de-la-diversite-boussouf\/\" \/>\n<meta property=\"og:locale\" content=\"fr_FR\" \/>\n<meta property=\"og:type\" content=\"article\" \/>\n<meta property=\"og:title\" content=\"9\u00e8me Forum de l\u2019Alliance des Civilisations: le Maroc, un pays de dialogue et un mod\u00e8le du pluralisme et de la diversit\u00e9 (Boussouf) - Dpress.ma\/fr\" \/>\n<meta property=\"og:description\" content=\"L\u2019organisation, les 22 et 23 novembre \u00e0 F\u00e8s, du 9\u00e8me Forum de l\u2019Alliance des Civilisations des Nations Unies vient confirmer, si besoin est, que le Maroc est un pays de dialogue et un mod\u00e8le du pluralisme, de la diversit\u00e9 et du respect de la diff\u00e9rence, a affirm\u00e9 l\u2019historien et secr\u00e9taire g\u00e9n\u00e9ral du Conseil de la communaut\u00e9 marocaine \u00e0 l\u2019\u00e9tranger, Abdellah Boussouf.\" \/>\n<meta property=\"og:url\" content=\"https:\/\/dpress.ma\/fr\/2022\/11\/22\/9eme-forum-de-lalliance-des-civilisations-le-maroc-un-pays-de-dialogue-et-un-modele-du-pluralisme-et-de-la-diversite-boussouf\/\" \/>\n<meta property=\"og:site_name\" content=\"Dpress.ma\/fr\" \/>\n<meta property=\"article:published_time\" content=\"2022-11-22T09:31:38+00:00\" \/>\n<meta property=\"article:modified_time\" content=\"2022-11-22T09:31:39+00:00\" \/>\n<meta property=\"og:image\" content=\"https:\/\/dpress.ma\/fr\/wp-content\/uploads\/sites\/2\/2022\/11\/dimensions2-47.jpg\" \/>\n\t<meta property=\"og:image:width\" content=\"2539\" \/>\n\t<meta property=\"og:image:height\" content=\"1594\" \/>\n\t<meta property=\"og:image:type\" content=\"image\/jpeg\" \/>\n<meta name=\"author\" content=\"Dpress.ma\" \/>\n<meta name=\"twitter:card\" content=\"summary_large_image\" \/>\n<meta name=\"twitter:label1\" content=\"\u00c9crit par\" \/>\n\t<meta name=\"twitter:data1\" content=\"Dpress.ma\" \/>\n\t<meta name=\"twitter:label2\" content=\"Dur\u00e9e de lecture estim\u00e9e\" \/>\n\t<meta name=\"twitter:data2\" content=\"4 minutes\" \/>\n<script type=\"application\/ld+json\" class=\"yoast-schema-graph\">{\"@context\":\"https:\\\/\\\/schema.org\",\"@graph\":[{\"@type\":\"Article\",\"@id\":\"https:\\\/\\\/dpress.ma\\\/fr\\\/2022\\\/11\\\/22\\\/9eme-forum-de-lalliance-des-civilisations-le-maroc-un-pays-de-dialogue-et-un-modele-du-pluralisme-et-de-la-diversite-boussouf\\\/#article\",\"isPartOf\":{\"@id\":\"https:\\\/\\\/dpress.ma\\\/fr\\\/2022\\\/11\\\/22\\\/9eme-forum-de-lalliance-des-civilisations-le-maroc-un-pays-de-dialogue-et-un-modele-du-pluralisme-et-de-la-diversite-boussouf\\\/\"},\"author\":{\"name\":\"Dpress.ma\",\"@id\":\"https:\\\/\\\/dpress.ma\\\/fr\\\/#\\\/schema\\\/person\\\/4898febf3ccd59e6578d838656a306a0\"},\"headline\":\"9\u00e8me Forum de l\u2019Alliance des Civilisations: le Maroc, un pays de dialogue et un mod\u00e8le du pluralisme et de la diversit\u00e9 (Boussouf)\",\"datePublished\":\"2022-11-22T09:31:38+00:00\",\"dateModified\":\"2022-11-22T09:31:39+00:00\",\"mainEntityOfPage\":{\"@id\":\"https:\\\/\\\/dpress.ma\\\/fr\\\/2022\\\/11\\\/22\\\/9eme-forum-de-lalliance-des-civilisations-le-maroc-un-pays-de-dialogue-et-un-modele-du-pluralisme-et-de-la-diversite-boussouf\\\/\"},\"wordCount\":727,\"commentCount\":0,\"image\":{\"@id\":\"https:\\\/\\\/dpress.ma\\\/fr\\\/2022\\\/11\\\/22\\\/9eme-forum-de-lalliance-des-civilisations-le-maroc-un-pays-de-dialogue-et-un-modele-du-pluralisme-et-de-la-diversite-boussouf\\\/#primaryimage\"},\"thumbnailUrl\":\"https:\\\/\\\/dpress.ma\\\/fr\\\/wp-content\\\/uploads\\\/sites\\\/2\\\/2022\\\/11\\\/dimensions2-47.jpg\",\"articleSection\":[\"Art et Culture\"],\"inLanguage\":\"fr-FR\",\"potentialAction\":[{\"@type\":\"CommentAction\",\"name\":\"Comment\",\"target\":[\"https:\\\/\\\/dpress.ma\\\/fr\\\/2022\\\/11\\\/22\\\/9eme-forum-de-lalliance-des-civilisations-le-maroc-un-pays-de-dialogue-et-un-modele-du-pluralisme-et-de-la-diversite-boussouf\\\/#respond\"]}]},{\"@type\":\"WebPage\",\"@id\":\"https:\\\/\\\/dpress.ma\\\/fr\\\/2022\\\/11\\\/22\\\/9eme-forum-de-lalliance-des-civilisations-le-maroc-un-pays-de-dialogue-et-un-modele-du-pluralisme-et-de-la-diversite-boussouf\\\/\",\"url\":\"https:\\\/\\\/dpress.ma\\\/fr\\\/2022\\\/11\\\/22\\\/9eme-forum-de-lalliance-des-civilisations-le-maroc-un-pays-de-dialogue-et-un-modele-du-pluralisme-et-de-la-diversite-boussouf\\\/\",\"name\":\"9\u00e8me Forum de l\u2019Alliance des Civilisations: le Maroc, un pays de dialogue et un mod\u00e8le du pluralisme et de la diversit\u00e9 (Boussouf) - Dpress.ma\\\/fr\",\"isPartOf\":{\"@id\":\"https:\\\/\\\/dpress.ma\\\/fr\\\/#website\"},\"primaryImageOfPage\":{\"@id\":\"https:\\\/\\\/dpress.ma\\\/fr\\\/2022\\\/11\\\/22\\\/9eme-forum-de-lalliance-des-civilisations-le-maroc-un-pays-de-dialogue-et-un-modele-du-pluralisme-et-de-la-diversite-boussouf\\\/#primaryimage\"},\"image\":{\"@id\":\"https:\\\/\\\/dpress.ma\\\/fr\\\/2022\\\/11\\\/22\\\/9eme-forum-de-lalliance-des-civilisations-le-maroc-un-pays-de-dialogue-et-un-modele-du-pluralisme-et-de-la-diversite-boussouf\\\/#primaryimage\"},\"thumbnailUrl\":\"https:\\\/\\\/dpress.ma\\\/fr\\\/wp-content\\\/uploads\\\/sites\\\/2\\\/2022\\\/11\\\/dimensions2-47.jpg\",\"datePublished\":\"2022-11-22T09:31:38+00:00\",\"dateModified\":\"2022-11-22T09:31:39+00:00\",\"author\":{\"@id\":\"https:\\\/\\\/dpress.ma\\\/fr\\\/#\\\/schema\\\/person\\\/4898febf3ccd59e6578d838656a306a0\"},\"description\":\"L\u2019organisation, les 22 et 23 novembre \u00e0 F\u00e8s, du 9\u00e8me Forum de l\u2019Alliance des Civilisations des Nations Unies vient confirmer, si besoin est, que le Maroc est un pays de dialogue et un mod\u00e8le du pluralisme, de la diversit\u00e9 et du respect de la diff\u00e9rence, a affirm\u00e9 l\u2019historien et secr\u00e9taire g\u00e9n\u00e9ral du Conseil de la communaut\u00e9 marocaine \u00e0 l\u2019\u00e9tranger, Abdellah Boussouf.\",\"breadcrumb\":{\"@id\":\"https:\\\/\\\/dpress.ma\\\/fr\\\/2022\\\/11\\\/22\\\/9eme-forum-de-lalliance-des-civilisations-le-maroc-un-pays-de-dialogue-et-un-modele-du-pluralisme-et-de-la-diversite-boussouf\\\/#breadcrumb\"},\"inLanguage\":\"fr-FR\",\"potentialAction\":[{\"@type\":\"ReadAction\",\"target\":[\"https:\\\/\\\/dpress.ma\\\/fr\\\/2022\\\/11\\\/22\\\/9eme-forum-de-lalliance-des-civilisations-le-maroc-un-pays-de-dialogue-et-un-modele-du-pluralisme-et-de-la-diversite-boussouf\\\/\"]}]},{\"@type\":\"ImageObject\",\"inLanguage\":\"fr-FR\",\"@id\":\"https:\\\/\\\/dpress.ma\\\/fr\\\/2022\\\/11\\\/22\\\/9eme-forum-de-lalliance-des-civilisations-le-maroc-un-pays-de-dialogue-et-un-modele-du-pluralisme-et-de-la-diversite-boussouf\\\/#primaryimage\",\"url\":\"https:\\\/\\\/dpress.ma\\\/fr\\\/wp-content\\\/uploads\\\/sites\\\/2\\\/2022\\\/11\\\/dimensions2-47.jpg\",\"contentUrl\":\"https:\\\/\\\/dpress.ma\\\/fr\\\/wp-content\\\/uploads\\\/sites\\\/2\\\/2022\\\/11\\\/dimensions2-47.jpg\",\"width\":2539,\"height\":1594},{\"@type\":\"BreadcrumbList\",\"@id\":\"https:\\\/\\\/dpress.ma\\\/fr\\\/2022\\\/11\\\/22\\\/9eme-forum-de-lalliance-des-civilisations-le-maroc-un-pays-de-dialogue-et-un-modele-du-pluralisme-et-de-la-diversite-boussouf\\\/#breadcrumb\",\"itemListElement\":[{\"@type\":\"ListItem\",\"position\":1,\"name\":\"Home\",\"item\":\"https:\\\/\\\/dpress.ma\\\/fr\\\/\"},{\"@type\":\"ListItem\",\"position\":2,\"name\":\"9\u00e8me Forum de l\u2019Alliance des Civilisations: le Maroc, un pays de dialogue et un mod\u00e8le du pluralisme et de la diversit\u00e9 (Boussouf)\"}]},{\"@type\":\"WebSite\",\"@id\":\"https:\\\/\\\/dpress.ma\\\/fr\\\/#website\",\"url\":\"https:\\\/\\\/dpress.ma\\\/fr\\\/\",\"name\":\"Dpress.ma\\\/fr\",\"description\":\"\",\"potentialAction\":[{\"@type\":\"SearchAction\",\"target\":{\"@type\":\"EntryPoint\",\"urlTemplate\":\"https:\\\/\\\/dpress.ma\\\/fr\\\/?s={search_term_string}\"},\"query-input\":{\"@type\":\"PropertyValueSpecification\",\"valueRequired\":true,\"valueName\":\"search_term_string\"}}],\"inLanguage\":\"fr-FR\"},{\"@type\":\"Person\",\"@id\":\"https:\\\/\\\/dpress.ma\\\/fr\\\/#\\\/schema\\\/person\\\/4898febf3ccd59e6578d838656a306a0\",\"name\":\"Dpress.ma\",\"image\":{\"@type\":\"ImageObject\",\"inLanguage\":\"fr-FR\",\"@id\":\"https:\\\/\\\/secure.gravatar.com\\\/avatar\\\/72ecc30e9db047a2e0e7176561eb9d564ed77c8108376495b19bd8336405198a?s=96&d=mm&r=g\",\"url\":\"https:\\\/\\\/secure.gravatar.com\\\/avatar\\\/72ecc30e9db047a2e0e7176561eb9d564ed77c8108376495b19bd8336405198a?s=96&d=mm&r=g\",\"contentUrl\":\"https:\\\/\\\/secure.gravatar.com\\\/avatar\\\/72ecc30e9db047a2e0e7176561eb9d564ed77c8108376495b19bd8336405198a?s=96&d=mm&r=g\",\"caption\":\"Dpress.ma\"},\"sameAs\":[\"https:\\\/\\\/www.dpress.ma\"],\"url\":\"https:\\\/\\\/dpress.ma\\\/fr\\\/author\\\/dpress-ma\\\/\"}]}<\/script>\n<!-- \/ Yoast SEO plugin. -->","yoast_head_json":{"title":"9\u00e8me Forum de l\u2019Alliance des Civilisations: le Maroc, un pays de dialogue et un mod\u00e8le du pluralisme et de la diversit\u00e9 (Boussouf) - Dpress.ma\/fr","description":"L\u2019organisation, les 22 et 23 novembre \u00e0 F\u00e8s, du 9\u00e8me Forum de l\u2019Alliance des Civilisations des Nations Unies vient confirmer, si besoin est, que le Maroc est un pays de dialogue et un mod\u00e8le du pluralisme, de la diversit\u00e9 et du respect de la diff\u00e9rence, a affirm\u00e9 l\u2019historien et secr\u00e9taire g\u00e9n\u00e9ral du Conseil de la communaut\u00e9 marocaine \u00e0 l\u2019\u00e9tranger, Abdellah Boussouf.","robots":{"index":"index","follow":"follow","max-snippet":"max-snippet:-1","max-image-preview":"max-image-preview:large","max-video-preview":"max-video-preview:-1"},"canonical":"https:\/\/dpress.ma\/fr\/2022\/11\/22\/9eme-forum-de-lalliance-des-civilisations-le-maroc-un-pays-de-dialogue-et-un-modele-du-pluralisme-et-de-la-diversite-boussouf\/","og_locale":"fr_FR","og_type":"article","og_title":"9\u00e8me Forum de l\u2019Alliance des Civilisations: le Maroc, un pays de dialogue et un mod\u00e8le du pluralisme et de la diversit\u00e9 (Boussouf) - Dpress.ma\/fr","og_description":"L\u2019organisation, les 22 et 23 novembre \u00e0 F\u00e8s, du 9\u00e8me Forum de l\u2019Alliance des Civilisations des Nations Unies vient confirmer, si besoin est, que le Maroc est un pays de dialogue et un mod\u00e8le du pluralisme, de la diversit\u00e9 et du respect de la diff\u00e9rence, a affirm\u00e9 l\u2019historien et secr\u00e9taire g\u00e9n\u00e9ral du Conseil de la communaut\u00e9 marocaine \u00e0 l\u2019\u00e9tranger, Abdellah Boussouf.","og_url":"https:\/\/dpress.ma\/fr\/2022\/11\/22\/9eme-forum-de-lalliance-des-civilisations-le-maroc-un-pays-de-dialogue-et-un-modele-du-pluralisme-et-de-la-diversite-boussouf\/","og_site_name":"Dpress.ma\/fr","article_published_time":"2022-11-22T09:31:38+00:00","article_modified_time":"2022-11-22T09:31:39+00:00","og_image":[{"width":2539,"height":1594,"url":"https:\/\/dpress.ma\/fr\/wp-content\/uploads\/sites\/2\/2022\/11\/dimensions2-47.jpg","type":"image\/jpeg"}],"author":"Dpress.ma","twitter_card":"summary_large_image","twitter_misc":{"\u00c9crit par":"Dpress.ma","Dur\u00e9e de lecture estim\u00e9e":"4 minutes"},"schema":{"@context":"https:\/\/schema.org","@graph":[{"@type":"Article","@id":"https:\/\/dpress.ma\/fr\/2022\/11\/22\/9eme-forum-de-lalliance-des-civilisations-le-maroc-un-pays-de-dialogue-et-un-modele-du-pluralisme-et-de-la-diversite-boussouf\/#article","isPartOf":{"@id":"https:\/\/dpress.ma\/fr\/2022\/11\/22\/9eme-forum-de-lalliance-des-civilisations-le-maroc-un-pays-de-dialogue-et-un-modele-du-pluralisme-et-de-la-diversite-boussouf\/"},"author":{"name":"Dpress.ma","@id":"https:\/\/dpress.ma\/fr\/#\/schema\/person\/4898febf3ccd59e6578d838656a306a0"},"headline":"9\u00e8me Forum de l\u2019Alliance des Civilisations: le Maroc, un pays de dialogue et un mod\u00e8le du pluralisme et de la diversit\u00e9 (Boussouf)","datePublished":"2022-11-22T09:31:38+00:00","dateModified":"2022-11-22T09:31:39+00:00","mainEntityOfPage":{"@id":"https:\/\/dpress.ma\/fr\/2022\/11\/22\/9eme-forum-de-lalliance-des-civilisations-le-maroc-un-pays-de-dialogue-et-un-modele-du-pluralisme-et-de-la-diversite-boussouf\/"},"wordCount":727,"commentCount":0,"image":{"@id":"https:\/\/dpress.ma\/fr\/2022\/11\/22\/9eme-forum-de-lalliance-des-civilisations-le-maroc-un-pays-de-dialogue-et-un-modele-du-pluralisme-et-de-la-diversite-boussouf\/#primaryimage"},"thumbnailUrl":"https:\/\/dpress.ma\/fr\/wp-content\/uploads\/sites\/2\/2022\/11\/dimensions2-47.jpg","articleSection":["Art et Culture"],"inLanguage":"fr-FR","potentialAction":[{"@type":"CommentAction","name":"Comment","target":["https:\/\/dpress.ma\/fr\/2022\/11\/22\/9eme-forum-de-lalliance-des-civilisations-le-maroc-un-pays-de-dialogue-et-un-modele-du-pluralisme-et-de-la-diversite-boussouf\/#respond"]}]},{"@type":"WebPage","@id":"https:\/\/dpress.ma\/fr\/2022\/11\/22\/9eme-forum-de-lalliance-des-civilisations-le-maroc-un-pays-de-dialogue-et-un-modele-du-pluralisme-et-de-la-diversite-boussouf\/","url":"https:\/\/dpress.ma\/fr\/2022\/11\/22\/9eme-forum-de-lalliance-des-civilisations-le-maroc-un-pays-de-dialogue-et-un-modele-du-pluralisme-et-de-la-diversite-boussouf\/","name":"9\u00e8me Forum de l\u2019Alliance des Civilisations: le Maroc, un pays de dialogue et un mod\u00e8le du pluralisme et de la diversit\u00e9 (Boussouf) - Dpress.ma\/fr","isPartOf":{"@id":"https:\/\/dpress.ma\/fr\/#website"},"primaryImageOfPage":{"@id":"https:\/\/dpress.ma\/fr\/2022\/11\/22\/9eme-forum-de-lalliance-des-civilisations-le-maroc-un-pays-de-dialogue-et-un-modele-du-pluralisme-et-de-la-diversite-boussouf\/#primaryimage"},"image":{"@id":"https:\/\/dpress.ma\/fr\/2022\/11\/22\/9eme-forum-de-lalliance-des-civilisations-le-maroc-un-pays-de-dialogue-et-un-modele-du-pluralisme-et-de-la-diversite-boussouf\/#primaryimage"},"thumbnailUrl":"https:\/\/dpress.ma\/fr\/wp-content\/uploads\/sites\/2\/2022\/11\/dimensions2-47.jpg","datePublished":"2022-11-22T09:31:38+00:00","dateModified":"2022-11-22T09:31:39+00:00","author":{"@id":"https:\/\/dpress.ma\/fr\/#\/schema\/person\/4898febf3ccd59e6578d838656a306a0"},"description":"L\u2019organisation, les 22 et 23 novembre \u00e0 F\u00e8s, du 9\u00e8me Forum de l\u2019Alliance des Civilisations des Nations Unies vient confirmer, si besoin est, que le Maroc est un pays de dialogue et un mod\u00e8le du pluralisme, de la diversit\u00e9 et du respect de la diff\u00e9rence, a affirm\u00e9 l\u2019historien et secr\u00e9taire g\u00e9n\u00e9ral du Conseil de la communaut\u00e9 marocaine \u00e0 l\u2019\u00e9tranger, Abdellah Boussouf.","breadcrumb":{"@id":"https:\/\/dpress.ma\/fr\/2022\/11\/22\/9eme-forum-de-lalliance-des-civilisations-le-maroc-un-pays-de-dialogue-et-un-modele-du-pluralisme-et-de-la-diversite-boussouf\/#breadcrumb"},"inLanguage":"fr-FR","potentialAction":[{"@type":"ReadAction","target":["https:\/\/dpress.ma\/fr\/2022\/11\/22\/9eme-forum-de-lalliance-des-civilisations-le-maroc-un-pays-de-dialogue-et-un-modele-du-pluralisme-et-de-la-diversite-boussouf\/"]}]},{"@type":"ImageObject","inLanguage":"fr-FR","@id":"https:\/\/dpress.ma\/fr\/2022\/11\/22\/9eme-forum-de-lalliance-des-civilisations-le-maroc-un-pays-de-dialogue-et-un-modele-du-pluralisme-et-de-la-diversite-boussouf\/#primaryimage","url":"https:\/\/dpress.ma\/fr\/wp-content\/uploads\/sites\/2\/2022\/11\/dimensions2-47.jpg","contentUrl":"https:\/\/dpress.ma\/fr\/wp-content\/uploads\/sites\/2\/2022\/11\/dimensions2-47.jpg","width":2539,"height":1594},{"@type":"BreadcrumbList","@id":"https:\/\/dpress.ma\/fr\/2022\/11\/22\/9eme-forum-de-lalliance-des-civilisations-le-maroc-un-pays-de-dialogue-et-un-modele-du-pluralisme-et-de-la-diversite-boussouf\/#breadcrumb","itemListElement":[{"@type":"ListItem","position":1,"name":"Home","item":"https:\/\/dpress.ma\/fr\/"},{"@type":"ListItem","position":2,"name":"9\u00e8me Forum de l\u2019Alliance des Civilisations: le Maroc, un pays de dialogue et un mod\u00e8le du pluralisme et de la diversit\u00e9 (Boussouf)"}]},{"@type":"WebSite","@id":"https:\/\/dpress.ma\/fr\/#website","url":"https:\/\/dpress.ma\/fr\/","name":"Dpress.ma\/fr","description":"","potentialAction":[{"@type":"SearchAction","target":{"@type":"EntryPoint","urlTemplate":"https:\/\/dpress.ma\/fr\/?s={search_term_string}"},"query-input":{"@type":"PropertyValueSpecification","valueRequired":true,"valueName":"search_term_string"}}],"inLanguage":"fr-FR"},{"@type":"Person","@id":"https:\/\/dpress.ma\/fr\/#\/schema\/person\/4898febf3ccd59e6578d838656a306a0","name":"Dpress.ma","image":{"@type":"ImageObject","inLanguage":"fr-FR","@id":"https:\/\/secure.gravatar.com\/avatar\/72ecc30e9db047a2e0e7176561eb9d564ed77c8108376495b19bd8336405198a?s=96&d=mm&r=g","url":"https:\/\/secure.gravatar.com\/avatar\/72ecc30e9db047a2e0e7176561eb9d564ed77c8108376495b19bd8336405198a?s=96&d=mm&r=g","contentUrl":"https:\/\/secure.gravatar.com\/avatar\/72ecc30e9db047a2e0e7176561eb9d564ed77c8108376495b19bd8336405198a?s=96&d=mm&r=g","caption":"Dpress.ma"},"sameAs":["https:\/\/www.dpress.ma"],"url":"https:\/\/dpress.ma\/fr\/author\/dpress-ma\/"}]}},"amp_enabled":true,"_links":{"self":[{"href":"https:\/\/dpress.ma\/fr\/wp-json\/wp\/v2\/posts\/2616","targetHints":{"allow":["GET"]}}],"collection":[{"href":"https:\/\/dpress.ma\/fr\/wp-json\/wp\/v2\/posts"}],"about":[{"href":"https:\/\/dpress.ma\/fr\/wp-json\/wp\/v2\/types\/post"}],"author":[{"embeddable":true,"href":"https:\/\/dpress.ma\/fr\/wp-json\/wp\/v2\/users\/2"}],"replies":[{"embeddable":true,"href":"https:\/\/dpress.ma\/fr\/wp-json\/wp\/v2\/comments?post=2616"}],"version-history":[{"count":1,"href":"https:\/\/dpress.ma\/fr\/wp-json\/wp\/v2\/posts\/2616\/revisions"}],"predecessor-version":[{"id":2618,"href":"https:\/\/dpress.ma\/fr\/wp-json\/wp\/v2\/posts\/2616\/revisions\/2618"}],"wp:featuredmedia":[{"embeddable":true,"href":"https:\/\/dpress.ma\/fr\/wp-json\/wp\/v2\/media\/2617"}],"wp:attachment":[{"href":"https:\/\/dpress.ma\/fr\/wp-json\/wp\/v2\/media?parent=2616"}],"wp:term":[{"taxonomy":"category","embeddable":true,"href":"https:\/\/dpress.ma\/fr\/wp-json\/wp\/v2\/categories?post=2616"},{"taxonomy":"post_tag","embeddable":true,"href":"https:\/\/dpress.ma\/fr\/wp-json\/wp\/v2\/tags?post=2616"}],"curies":[{"name":"wp","href":"https:\/\/api.w.org\/{rel}","templated":true}]}}