{"id":26157,"date":"2026-03-16T12:21:11","date_gmt":"2026-03-16T12:21:11","guid":{"rendered":"https:\/\/dpress.ma\/fr\/?p=26157"},"modified":"2026-03-16T12:21:14","modified_gmt":"2026-03-16T12:21:14","slug":"a-lapproche-de-laid-le-marche-des-tenues-traditionnelles-a-errachidia-en-pleine-effervescence","status":"publish","type":"post","link":"https:\/\/dpress.ma\/fr\/2026\/03\/16\/a-lapproche-de-laid-le-marche-des-tenues-traditionnelles-a-errachidia-en-pleine-effervescence\/","title":{"rendered":"A l\u2019approche de l\u2019A\u00efd, le march\u00e9 des tenues traditionnelles \u00e0 Errachidia en pleine effervescence"},"content":{"rendered":"\n<p>Dpress<\/p>\n\n\n\n<p>\u00c0 l\u2019approche de l\u2019A\u00efd Al Fitr, les march\u00e9s et les boutiques de v\u00eatements \u00e0 Errachidia, en particulier ceux sp\u00e9cialis\u00e9s dans les tenues traditionnelles, connaissent une forte affluence. Comme chaque ann\u00e9e, de nombreuses familles profitent de cette f\u00eate religieuse pour s\u2019offrir de nouveaux habits, une tradition profond\u00e9ment ancr\u00e9e dans le paysage religieux-culturel des Marocains.<\/p>\n\n\n\n<p>Caftans \u00e9l\u00e9gants, djellabas aux couleurs vari\u00e9es, gandouras raffin\u00e9es, Ensembles traditionnels aux broderies soign\u00e9es\u2026Au march\u00e9 \u201cLoued El Ahmar,\u201d les clients ont l\u2019embarras du choix devant la profusion des articles pr\u00e9sent\u00e9s.<\/p>\n\n\n\n<p>Des mod\u00e8les adapt\u00e9s \u00e0 tous les styles, \u00e0 tous les \u00e2ges et \u00e0 toutes les bourses garnissent les \u00e9tals des \u00e9choppes et les all\u00e9es du march\u00e9 qui fait plein surtout apr\u00e8s la pri\u00e8re des Tarawih.<\/p>\n\n\n\n<p>Pour les commer\u00e7ants, ces jours qui pr\u00e9c\u00e8dent l\u2019Aid repr\u00e9sentent une part importante de leur chiffre d\u2019affaires annuel, tandis que pour les familles, l\u2019achat de nouveaux v\u00eatements demeure un symbole de joie et de comm\u00e9moration festive \u00e0 l\u2019occasion de la f\u00eate.<\/p>\n\n\n\n<p>\u201cL\u2019A\u00efd est l\u2019une des p\u00e9riodes les plus importantes pour notre activit\u00e9. Les clients affluent en masse en qu\u00eate de v\u00eatements neufs exprimant ainsi leur attachement \u00e0 l\u2019authenticit\u00e9 et aux traditions marocaines \u201c, explique Mohamed Yadani, un vendeur de v\u00eatements traditionnels.<\/p>\n\n\n\n<p>\u201cL\u2019activit\u00e9 commerciale augmente au fur et \u00e0 mesure que le jour de l\u2019Aid approche\u201d, a-t-il dit dans une d\u00e9claration \u00e0 la MAP, notant que les couleurs vives, les tissus raffin\u00e9s et les mod\u00e8les traditionnels revisit\u00e9s s\u00e9duisent de plus en plus les clients et font le bonheur des petits comme des grands.<\/p>\n\n\n\n<p>Pour leur part, plusieurs clients ont fait part dans des d\u00e9clarations similaires de leur joie de c\u00e9l\u00e9brer la f\u00eate dans une ambiance de convivialit\u00e9 et de partage tout en portant des accoutrements traditionnels qui varient entre mod\u00e8les classiques et cr\u00e9ations modernes inspir\u00e9es du patrimoine marocain.<\/p>\n\n\n\n<p>Dans cette atmosph\u00e8re festive et chaleureuse, le march\u00e9 se mue aussi en un lieu de rencontre. Les familles prennent le temps de comparer les mod\u00e8les, de n\u00e9gocier les prix et de partager ces moments sp\u00e9ciaux dans la convivialit\u00e9 et la joie.<\/p>\n\n\n\n<p>Bien plus qu\u2019un simple v\u00eatement, l\u2019habit traditionnel, ce v\u00e9ritable \u0153uvre d\u2019art, est devenu le symbole d\u2019une m\u00e9moire vivante et d\u2019une identit\u00e9 ancr\u00e9e \u00e0 travers l\u2019histoire.<\/p>\n\n\n\n<p>Au march\u00e9 \u201cLoued El Ahmer\u201d, les djellabas \u00e9l\u00e9gantes, les caftans finement brod\u00e9s, les takchitas aux couleurs chatoyantes et les babouches faites main, racontent chacun une histoire, celle d\u2019un savoir-faire transmis de g\u00e9n\u00e9ration en g\u00e9n\u00e9ration.<\/p>\n","protected":false},"excerpt":{"rendered":"<p>Dpress \u00c0 l\u2019approche de l\u2019A\u00efd Al Fitr, les march\u00e9s et les boutiques de v\u00eatements \u00e0 Errachidia, en particulier ceux sp\u00e9cialis\u00e9s dans les tenues traditionnelles, connaissent une forte affluence. Comme chaque ann\u00e9e, de nombreuses familles profitent de cette f\u00eate religieuse pour s\u2019offrir de nouveaux habits, une tradition profond\u00e9ment ancr\u00e9e dans le paysage religieux-culturel des Marocains. Caftans &hellip;<\/p>\n","protected":false},"author":2,"featured_media":26158,"comment_status":"open","ping_status":"open","sticky":false,"template":"","format":"standard","meta":{"footnotes":""},"categories":[40],"tags":[],"class_list":["post-26157","post","type-post","status-publish","format-standard","has-post-thumbnail","hentry","category-societe-et-regions"],"yoast_head":"<!-- This site is optimized with the Yoast SEO plugin v27.5 - https:\/\/yoast.com\/product\/yoast-seo-wordpress\/ -->\n<title>A l\u2019approche de l\u2019A\u00efd, le march\u00e9 des tenues traditionnelles \u00e0 Errachidia en pleine effervescence - Dpress.ma\/fr<\/title>\n<meta name=\"robots\" content=\"index, follow, max-snippet:-1, max-image-preview:large, max-video-preview:-1\" \/>\n<link rel=\"canonical\" href=\"https:\/\/dpress.ma\/fr\/2026\/03\/16\/a-lapproche-de-laid-le-marche-des-tenues-traditionnelles-a-errachidia-en-pleine-effervescence\/\" \/>\n<meta property=\"og:locale\" content=\"fr_FR\" \/>\n<meta property=\"og:type\" content=\"article\" \/>\n<meta property=\"og:title\" content=\"A l\u2019approche de l\u2019A\u00efd, le march\u00e9 des tenues traditionnelles \u00e0 Errachidia en pleine effervescence - Dpress.ma\/fr\" \/>\n<meta property=\"og:description\" content=\"Dpress \u00c0 l\u2019approche de l\u2019A\u00efd Al Fitr, les march\u00e9s et les boutiques de v\u00eatements \u00e0 Errachidia, en particulier ceux sp\u00e9cialis\u00e9s dans les tenues traditionnelles, connaissent une forte affluence. Comme chaque ann\u00e9e, de nombreuses familles profitent de cette f\u00eate religieuse pour s\u2019offrir de nouveaux habits, une tradition profond\u00e9ment ancr\u00e9e dans le paysage religieux-culturel des Marocains. Caftans &hellip;\" \/>\n<meta property=\"og:url\" content=\"https:\/\/dpress.ma\/fr\/2026\/03\/16\/a-lapproche-de-laid-le-marche-des-tenues-traditionnelles-a-errachidia-en-pleine-effervescence\/\" \/>\n<meta property=\"og:site_name\" content=\"Dpress.ma\/fr\" \/>\n<meta property=\"article:published_time\" content=\"2026-03-16T12:21:11+00:00\" \/>\n<meta property=\"article:modified_time\" content=\"2026-03-16T12:21:14+00:00\" \/>\n<meta property=\"og:image\" content=\"https:\/\/dpress.ma\/fr\/wp-content\/uploads\/sites\/2\/2026\/03\/46-7.jpg\" \/>\n\t<meta property=\"og:image:width\" content=\"2539\" \/>\n\t<meta property=\"og:image:height\" content=\"1594\" \/>\n\t<meta property=\"og:image:type\" content=\"image\/jpeg\" \/>\n<meta name=\"author\" content=\"Dpress.ma\" \/>\n<meta name=\"twitter:card\" content=\"summary_large_image\" \/>\n<meta name=\"twitter:label1\" content=\"\u00c9crit par\" \/>\n\t<meta name=\"twitter:data1\" content=\"Dpress.ma\" \/>\n\t<meta name=\"twitter:label2\" content=\"Dur\u00e9e de lecture estim\u00e9e\" \/>\n\t<meta name=\"twitter:data2\" content=\"3 minutes\" \/>\n<script type=\"application\/ld+json\" class=\"yoast-schema-graph\">{\"@context\":\"https:\\\/\\\/schema.org\",\"@graph\":[{\"@type\":\"Article\",\"@id\":\"https:\\\/\\\/dpress.ma\\\/fr\\\/2026\\\/03\\\/16\\\/a-lapproche-de-laid-le-marche-des-tenues-traditionnelles-a-errachidia-en-pleine-effervescence\\\/#article\",\"isPartOf\":{\"@id\":\"https:\\\/\\\/dpress.ma\\\/fr\\\/2026\\\/03\\\/16\\\/a-lapproche-de-laid-le-marche-des-tenues-traditionnelles-a-errachidia-en-pleine-effervescence\\\/\"},\"author\":{\"name\":\"Dpress.ma\",\"@id\":\"https:\\\/\\\/dpress.ma\\\/fr\\\/#\\\/schema\\\/person\\\/4898febf3ccd59e6578d838656a306a0\"},\"headline\":\"A l\u2019approche de l\u2019A\u00efd, le march\u00e9 des tenues traditionnelles \u00e0 Errachidia en pleine effervescence\",\"datePublished\":\"2026-03-16T12:21:11+00:00\",\"dateModified\":\"2026-03-16T12:21:14+00:00\",\"mainEntityOfPage\":{\"@id\":\"https:\\\/\\\/dpress.ma\\\/fr\\\/2026\\\/03\\\/16\\\/a-lapproche-de-laid-le-marche-des-tenues-traditionnelles-a-errachidia-en-pleine-effervescence\\\/\"},\"wordCount\":478,\"commentCount\":0,\"image\":{\"@id\":\"https:\\\/\\\/dpress.ma\\\/fr\\\/2026\\\/03\\\/16\\\/a-lapproche-de-laid-le-marche-des-tenues-traditionnelles-a-errachidia-en-pleine-effervescence\\\/#primaryimage\"},\"thumbnailUrl\":\"https:\\\/\\\/dpress.ma\\\/fr\\\/wp-content\\\/uploads\\\/sites\\\/2\\\/2026\\\/03\\\/46-7.jpg\",\"articleSection\":[\"societe et regions\"],\"inLanguage\":\"fr-FR\",\"potentialAction\":[{\"@type\":\"CommentAction\",\"name\":\"Comment\",\"target\":[\"https:\\\/\\\/dpress.ma\\\/fr\\\/2026\\\/03\\\/16\\\/a-lapproche-de-laid-le-marche-des-tenues-traditionnelles-a-errachidia-en-pleine-effervescence\\\/#respond\"]}]},{\"@type\":\"WebPage\",\"@id\":\"https:\\\/\\\/dpress.ma\\\/fr\\\/2026\\\/03\\\/16\\\/a-lapproche-de-laid-le-marche-des-tenues-traditionnelles-a-errachidia-en-pleine-effervescence\\\/\",\"url\":\"https:\\\/\\\/dpress.ma\\\/fr\\\/2026\\\/03\\\/16\\\/a-lapproche-de-laid-le-marche-des-tenues-traditionnelles-a-errachidia-en-pleine-effervescence\\\/\",\"name\":\"A l\u2019approche de l\u2019A\u00efd, le march\u00e9 des tenues traditionnelles \u00e0 Errachidia en pleine effervescence - Dpress.ma\\\/fr\",\"isPartOf\":{\"@id\":\"https:\\\/\\\/dpress.ma\\\/fr\\\/#website\"},\"primaryImageOfPage\":{\"@id\":\"https:\\\/\\\/dpress.ma\\\/fr\\\/2026\\\/03\\\/16\\\/a-lapproche-de-laid-le-marche-des-tenues-traditionnelles-a-errachidia-en-pleine-effervescence\\\/#primaryimage\"},\"image\":{\"@id\":\"https:\\\/\\\/dpress.ma\\\/fr\\\/2026\\\/03\\\/16\\\/a-lapproche-de-laid-le-marche-des-tenues-traditionnelles-a-errachidia-en-pleine-effervescence\\\/#primaryimage\"},\"thumbnailUrl\":\"https:\\\/\\\/dpress.ma\\\/fr\\\/wp-content\\\/uploads\\\/sites\\\/2\\\/2026\\\/03\\\/46-7.jpg\",\"datePublished\":\"2026-03-16T12:21:11+00:00\",\"dateModified\":\"2026-03-16T12:21:14+00:00\",\"author\":{\"@id\":\"https:\\\/\\\/dpress.ma\\\/fr\\\/#\\\/schema\\\/person\\\/4898febf3ccd59e6578d838656a306a0\"},\"breadcrumb\":{\"@id\":\"https:\\\/\\\/dpress.ma\\\/fr\\\/2026\\\/03\\\/16\\\/a-lapproche-de-laid-le-marche-des-tenues-traditionnelles-a-errachidia-en-pleine-effervescence\\\/#breadcrumb\"},\"inLanguage\":\"fr-FR\",\"potentialAction\":[{\"@type\":\"ReadAction\",\"target\":[\"https:\\\/\\\/dpress.ma\\\/fr\\\/2026\\\/03\\\/16\\\/a-lapproche-de-laid-le-marche-des-tenues-traditionnelles-a-errachidia-en-pleine-effervescence\\\/\"]}]},{\"@type\":\"ImageObject\",\"inLanguage\":\"fr-FR\",\"@id\":\"https:\\\/\\\/dpress.ma\\\/fr\\\/2026\\\/03\\\/16\\\/a-lapproche-de-laid-le-marche-des-tenues-traditionnelles-a-errachidia-en-pleine-effervescence\\\/#primaryimage\",\"url\":\"https:\\\/\\\/dpress.ma\\\/fr\\\/wp-content\\\/uploads\\\/sites\\\/2\\\/2026\\\/03\\\/46-7.jpg\",\"contentUrl\":\"https:\\\/\\\/dpress.ma\\\/fr\\\/wp-content\\\/uploads\\\/sites\\\/2\\\/2026\\\/03\\\/46-7.jpg\",\"width\":2539,\"height\":1594},{\"@type\":\"BreadcrumbList\",\"@id\":\"https:\\\/\\\/dpress.ma\\\/fr\\\/2026\\\/03\\\/16\\\/a-lapproche-de-laid-le-marche-des-tenues-traditionnelles-a-errachidia-en-pleine-effervescence\\\/#breadcrumb\",\"itemListElement\":[{\"@type\":\"ListItem\",\"position\":1,\"name\":\"Home\",\"item\":\"https:\\\/\\\/dpress.ma\\\/fr\\\/\"},{\"@type\":\"ListItem\",\"position\":2,\"name\":\"A l\u2019approche de l\u2019A\u00efd, le march\u00e9 des tenues traditionnelles \u00e0 Errachidia en pleine effervescence\"}]},{\"@type\":\"WebSite\",\"@id\":\"https:\\\/\\\/dpress.ma\\\/fr\\\/#website\",\"url\":\"https:\\\/\\\/dpress.ma\\\/fr\\\/\",\"name\":\"Dpress.ma\\\/fr\",\"description\":\"\",\"potentialAction\":[{\"@type\":\"SearchAction\",\"target\":{\"@type\":\"EntryPoint\",\"urlTemplate\":\"https:\\\/\\\/dpress.ma\\\/fr\\\/?s={search_term_string}\"},\"query-input\":{\"@type\":\"PropertyValueSpecification\",\"valueRequired\":true,\"valueName\":\"search_term_string\"}}],\"inLanguage\":\"fr-FR\"},{\"@type\":\"Person\",\"@id\":\"https:\\\/\\\/dpress.ma\\\/fr\\\/#\\\/schema\\\/person\\\/4898febf3ccd59e6578d838656a306a0\",\"name\":\"Dpress.ma\",\"image\":{\"@type\":\"ImageObject\",\"inLanguage\":\"fr-FR\",\"@id\":\"https:\\\/\\\/secure.gravatar.com\\\/avatar\\\/72ecc30e9db047a2e0e7176561eb9d564ed77c8108376495b19bd8336405198a?s=96&d=mm&r=g\",\"url\":\"https:\\\/\\\/secure.gravatar.com\\\/avatar\\\/72ecc30e9db047a2e0e7176561eb9d564ed77c8108376495b19bd8336405198a?s=96&d=mm&r=g\",\"contentUrl\":\"https:\\\/\\\/secure.gravatar.com\\\/avatar\\\/72ecc30e9db047a2e0e7176561eb9d564ed77c8108376495b19bd8336405198a?s=96&d=mm&r=g\",\"caption\":\"Dpress.ma\"},\"sameAs\":[\"https:\\\/\\\/www.dpress.ma\"],\"url\":\"https:\\\/\\\/dpress.ma\\\/fr\\\/author\\\/dpress-ma\\\/\"}]}<\/script>\n<!-- \/ Yoast SEO plugin. -->","yoast_head_json":{"title":"A l\u2019approche de l\u2019A\u00efd, le march\u00e9 des tenues traditionnelles \u00e0 Errachidia en pleine effervescence - Dpress.ma\/fr","robots":{"index":"index","follow":"follow","max-snippet":"max-snippet:-1","max-image-preview":"max-image-preview:large","max-video-preview":"max-video-preview:-1"},"canonical":"https:\/\/dpress.ma\/fr\/2026\/03\/16\/a-lapproche-de-laid-le-marche-des-tenues-traditionnelles-a-errachidia-en-pleine-effervescence\/","og_locale":"fr_FR","og_type":"article","og_title":"A l\u2019approche de l\u2019A\u00efd, le march\u00e9 des tenues traditionnelles \u00e0 Errachidia en pleine effervescence - Dpress.ma\/fr","og_description":"Dpress \u00c0 l\u2019approche de l\u2019A\u00efd Al Fitr, les march\u00e9s et les boutiques de v\u00eatements \u00e0 Errachidia, en particulier ceux sp\u00e9cialis\u00e9s dans les tenues traditionnelles, connaissent une forte affluence. Comme chaque ann\u00e9e, de nombreuses familles profitent de cette f\u00eate religieuse pour s\u2019offrir de nouveaux habits, une tradition profond\u00e9ment ancr\u00e9e dans le paysage religieux-culturel des Marocains. Caftans &hellip;","og_url":"https:\/\/dpress.ma\/fr\/2026\/03\/16\/a-lapproche-de-laid-le-marche-des-tenues-traditionnelles-a-errachidia-en-pleine-effervescence\/","og_site_name":"Dpress.ma\/fr","article_published_time":"2026-03-16T12:21:11+00:00","article_modified_time":"2026-03-16T12:21:14+00:00","og_image":[{"width":2539,"height":1594,"url":"https:\/\/dpress.ma\/fr\/wp-content\/uploads\/sites\/2\/2026\/03\/46-7.jpg","type":"image\/jpeg"}],"author":"Dpress.ma","twitter_card":"summary_large_image","twitter_misc":{"\u00c9crit par":"Dpress.ma","Dur\u00e9e de lecture estim\u00e9e":"3 minutes"},"schema":{"@context":"https:\/\/schema.org","@graph":[{"@type":"Article","@id":"https:\/\/dpress.ma\/fr\/2026\/03\/16\/a-lapproche-de-laid-le-marche-des-tenues-traditionnelles-a-errachidia-en-pleine-effervescence\/#article","isPartOf":{"@id":"https:\/\/dpress.ma\/fr\/2026\/03\/16\/a-lapproche-de-laid-le-marche-des-tenues-traditionnelles-a-errachidia-en-pleine-effervescence\/"},"author":{"name":"Dpress.ma","@id":"https:\/\/dpress.ma\/fr\/#\/schema\/person\/4898febf3ccd59e6578d838656a306a0"},"headline":"A l\u2019approche de l\u2019A\u00efd, le march\u00e9 des tenues traditionnelles \u00e0 Errachidia en pleine effervescence","datePublished":"2026-03-16T12:21:11+00:00","dateModified":"2026-03-16T12:21:14+00:00","mainEntityOfPage":{"@id":"https:\/\/dpress.ma\/fr\/2026\/03\/16\/a-lapproche-de-laid-le-marche-des-tenues-traditionnelles-a-errachidia-en-pleine-effervescence\/"},"wordCount":478,"commentCount":0,"image":{"@id":"https:\/\/dpress.ma\/fr\/2026\/03\/16\/a-lapproche-de-laid-le-marche-des-tenues-traditionnelles-a-errachidia-en-pleine-effervescence\/#primaryimage"},"thumbnailUrl":"https:\/\/dpress.ma\/fr\/wp-content\/uploads\/sites\/2\/2026\/03\/46-7.jpg","articleSection":["societe et regions"],"inLanguage":"fr-FR","potentialAction":[{"@type":"CommentAction","name":"Comment","target":["https:\/\/dpress.ma\/fr\/2026\/03\/16\/a-lapproche-de-laid-le-marche-des-tenues-traditionnelles-a-errachidia-en-pleine-effervescence\/#respond"]}]},{"@type":"WebPage","@id":"https:\/\/dpress.ma\/fr\/2026\/03\/16\/a-lapproche-de-laid-le-marche-des-tenues-traditionnelles-a-errachidia-en-pleine-effervescence\/","url":"https:\/\/dpress.ma\/fr\/2026\/03\/16\/a-lapproche-de-laid-le-marche-des-tenues-traditionnelles-a-errachidia-en-pleine-effervescence\/","name":"A l\u2019approche de l\u2019A\u00efd, le march\u00e9 des tenues traditionnelles \u00e0 Errachidia en pleine effervescence - Dpress.ma\/fr","isPartOf":{"@id":"https:\/\/dpress.ma\/fr\/#website"},"primaryImageOfPage":{"@id":"https:\/\/dpress.ma\/fr\/2026\/03\/16\/a-lapproche-de-laid-le-marche-des-tenues-traditionnelles-a-errachidia-en-pleine-effervescence\/#primaryimage"},"image":{"@id":"https:\/\/dpress.ma\/fr\/2026\/03\/16\/a-lapproche-de-laid-le-marche-des-tenues-traditionnelles-a-errachidia-en-pleine-effervescence\/#primaryimage"},"thumbnailUrl":"https:\/\/dpress.ma\/fr\/wp-content\/uploads\/sites\/2\/2026\/03\/46-7.jpg","datePublished":"2026-03-16T12:21:11+00:00","dateModified":"2026-03-16T12:21:14+00:00","author":{"@id":"https:\/\/dpress.ma\/fr\/#\/schema\/person\/4898febf3ccd59e6578d838656a306a0"},"breadcrumb":{"@id":"https:\/\/dpress.ma\/fr\/2026\/03\/16\/a-lapproche-de-laid-le-marche-des-tenues-traditionnelles-a-errachidia-en-pleine-effervescence\/#breadcrumb"},"inLanguage":"fr-FR","potentialAction":[{"@type":"ReadAction","target":["https:\/\/dpress.ma\/fr\/2026\/03\/16\/a-lapproche-de-laid-le-marche-des-tenues-traditionnelles-a-errachidia-en-pleine-effervescence\/"]}]},{"@type":"ImageObject","inLanguage":"fr-FR","@id":"https:\/\/dpress.ma\/fr\/2026\/03\/16\/a-lapproche-de-laid-le-marche-des-tenues-traditionnelles-a-errachidia-en-pleine-effervescence\/#primaryimage","url":"https:\/\/dpress.ma\/fr\/wp-content\/uploads\/sites\/2\/2026\/03\/46-7.jpg","contentUrl":"https:\/\/dpress.ma\/fr\/wp-content\/uploads\/sites\/2\/2026\/03\/46-7.jpg","width":2539,"height":1594},{"@type":"BreadcrumbList","@id":"https:\/\/dpress.ma\/fr\/2026\/03\/16\/a-lapproche-de-laid-le-marche-des-tenues-traditionnelles-a-errachidia-en-pleine-effervescence\/#breadcrumb","itemListElement":[{"@type":"ListItem","position":1,"name":"Home","item":"https:\/\/dpress.ma\/fr\/"},{"@type":"ListItem","position":2,"name":"A l\u2019approche de l\u2019A\u00efd, le march\u00e9 des tenues traditionnelles \u00e0 Errachidia en pleine effervescence"}]},{"@type":"WebSite","@id":"https:\/\/dpress.ma\/fr\/#website","url":"https:\/\/dpress.ma\/fr\/","name":"Dpress.ma\/fr","description":"","potentialAction":[{"@type":"SearchAction","target":{"@type":"EntryPoint","urlTemplate":"https:\/\/dpress.ma\/fr\/?s={search_term_string}"},"query-input":{"@type":"PropertyValueSpecification","valueRequired":true,"valueName":"search_term_string"}}],"inLanguage":"fr-FR"},{"@type":"Person","@id":"https:\/\/dpress.ma\/fr\/#\/schema\/person\/4898febf3ccd59e6578d838656a306a0","name":"Dpress.ma","image":{"@type":"ImageObject","inLanguage":"fr-FR","@id":"https:\/\/secure.gravatar.com\/avatar\/72ecc30e9db047a2e0e7176561eb9d564ed77c8108376495b19bd8336405198a?s=96&d=mm&r=g","url":"https:\/\/secure.gravatar.com\/avatar\/72ecc30e9db047a2e0e7176561eb9d564ed77c8108376495b19bd8336405198a?s=96&d=mm&r=g","contentUrl":"https:\/\/secure.gravatar.com\/avatar\/72ecc30e9db047a2e0e7176561eb9d564ed77c8108376495b19bd8336405198a?s=96&d=mm&r=g","caption":"Dpress.ma"},"sameAs":["https:\/\/www.dpress.ma"],"url":"https:\/\/dpress.ma\/fr\/author\/dpress-ma\/"}]}},"amp_enabled":true,"_links":{"self":[{"href":"https:\/\/dpress.ma\/fr\/wp-json\/wp\/v2\/posts\/26157","targetHints":{"allow":["GET"]}}],"collection":[{"href":"https:\/\/dpress.ma\/fr\/wp-json\/wp\/v2\/posts"}],"about":[{"href":"https:\/\/dpress.ma\/fr\/wp-json\/wp\/v2\/types\/post"}],"author":[{"embeddable":true,"href":"https:\/\/dpress.ma\/fr\/wp-json\/wp\/v2\/users\/2"}],"replies":[{"embeddable":true,"href":"https:\/\/dpress.ma\/fr\/wp-json\/wp\/v2\/comments?post=26157"}],"version-history":[{"count":1,"href":"https:\/\/dpress.ma\/fr\/wp-json\/wp\/v2\/posts\/26157\/revisions"}],"predecessor-version":[{"id":26159,"href":"https:\/\/dpress.ma\/fr\/wp-json\/wp\/v2\/posts\/26157\/revisions\/26159"}],"wp:featuredmedia":[{"embeddable":true,"href":"https:\/\/dpress.ma\/fr\/wp-json\/wp\/v2\/media\/26158"}],"wp:attachment":[{"href":"https:\/\/dpress.ma\/fr\/wp-json\/wp\/v2\/media?parent=26157"}],"wp:term":[{"taxonomy":"category","embeddable":true,"href":"https:\/\/dpress.ma\/fr\/wp-json\/wp\/v2\/categories?post=26157"},{"taxonomy":"post_tag","embeddable":true,"href":"https:\/\/dpress.ma\/fr\/wp-json\/wp\/v2\/tags?post=26157"}],"curies":[{"name":"wp","href":"https:\/\/api.w.org\/{rel}","templated":true}]}}