{"id":26148,"date":"2026-03-16T09:44:51","date_gmt":"2026-03-16T09:44:51","guid":{"rendered":"https:\/\/dpress.ma\/fr\/?p=26148"},"modified":"2026-03-16T09:44:55","modified_gmt":"2026-03-16T09:44:55","slug":"le-consulat-general-du-maroc-a-paris-organise-une-nouvelle-operation-portes-ouvertes-au-profit-des-usagers","status":"publish","type":"post","link":"https:\/\/dpress.ma\/fr\/2026\/03\/16\/le-consulat-general-du-maroc-a-paris-organise-une-nouvelle-operation-portes-ouvertes-au-profit-des-usagers\/","title":{"rendered":"Le consulat g\u00e9n\u00e9ral du Maroc \u00e0 Paris organise une nouvelle op\u00e9ration \u201cportes ouvertes\u201d au profit des usagers"},"content":{"rendered":"\n<p>Dpress<\/p>\n\n\n\n<p>Le consulat g\u00e9n\u00e9ral du Maroc \u00e0 Paris a organis\u00e9, samedi, une op\u00e9ration \u201cportes ouvertes\u201d au profit des membres de la communaut\u00e9 marocaine, la deuxi\u00e8me du genre durant le mois de Ramadan et la troisi\u00e8me depuis le d\u00e9but de l\u2019ann\u00e9e.<br>Cette initiative s\u2019inscrit dans le cadre des efforts visant \u00e0 am\u00e9liorer l\u2019accueil et la qualit\u00e9 des services consulaires, en permettant aux usagers d\u2019effectuer leurs d\u00e9marches administratives dans des conditions plus souples.<br>Le Consulat g\u00e9n\u00e9ral du Royaume a instaur\u00e9, dans ce sens, un nouveau rythme pour ces op\u00e9rations, qui seront d\u00e9sormais organis\u00e9es \u00e0 raison d\u2019une fois par mois, g\u00e9n\u00e9ralement le dernier samedi de chaque mois, a pr\u00e9cis\u00e9 \u00e0 la MAP, la consule g\u00e9n\u00e9rale du Maroc \u00e0 Paris, Habiba Zemmouri.<br>Ces journ\u00e9es, qui s\u2019inscrivent dans le cadre des Hautes Orientations de Sa Majest\u00e9 le Roi Mohammed VI, visant \u00e0 promouvoir l\u2019accompagnement des Marocains dans leurs d\u00e9marches administratives, sont initi\u00e9es dans le but de faciliter l\u2019acc\u00e8s aux diff\u00e9rents services consulaires et r\u00e9pondre aux sollicitations des membres de la communaut\u00e9 marocaine, a-t-elle dit.<br>\u00abCette op\u00e9ration de proximit\u00e9 destin\u00e9e \u00e0 nos concitoyens qui ne peuvent se d\u00e9placer durant les heures de travail, permet non seulement de leur offrir des prestations consulaires, mais aussi de favoriser une interaction directe avec les services du consulat, notamment \u00e0 travers des conseils juridiques et une assistance dans la prise de rendez-vous \u00e9lectroniques \u00bb, a-t-elle ajout\u00e9.<\/p>\n","protected":false},"excerpt":{"rendered":"<p>Dpress Le consulat g\u00e9n\u00e9ral du Maroc \u00e0 Paris a organis\u00e9, samedi, une op\u00e9ration \u201cportes ouvertes\u201d au profit des membres de la communaut\u00e9 marocaine, la deuxi\u00e8me du genre durant le mois de Ramadan et la troisi\u00e8me depuis le d\u00e9but de l\u2019ann\u00e9e.Cette initiative s\u2019inscrit dans le cadre des efforts visant \u00e0 am\u00e9liorer l\u2019accueil et la qualit\u00e9 des &hellip;<\/p>\n","protected":false},"author":2,"featured_media":26149,"comment_status":"open","ping_status":"open","sticky":false,"template":"","format":"standard","meta":{"footnotes":""},"categories":[42],"tags":[],"class_list":["post-26148","post","type-post","status-publish","format-standard","has-post-thumbnail","hentry","category-monde"],"yoast_head":"<!-- This site is optimized with the Yoast SEO plugin v27.5 - https:\/\/yoast.com\/product\/yoast-seo-wordpress\/ -->\n<title>Le consulat g\u00e9n\u00e9ral du Maroc \u00e0 Paris organise une nouvelle op\u00e9ration \u201cportes ouvertes\u201d au profit des usagers - Dpress.ma\/fr<\/title>\n<meta name=\"robots\" content=\"index, follow, max-snippet:-1, max-image-preview:large, max-video-preview:-1\" \/>\n<link rel=\"canonical\" href=\"https:\/\/dpress.ma\/fr\/2026\/03\/16\/le-consulat-general-du-maroc-a-paris-organise-une-nouvelle-operation-portes-ouvertes-au-profit-des-usagers\/\" \/>\n<meta property=\"og:locale\" content=\"fr_FR\" \/>\n<meta property=\"og:type\" content=\"article\" \/>\n<meta property=\"og:title\" content=\"Le consulat g\u00e9n\u00e9ral du Maroc \u00e0 Paris organise une nouvelle op\u00e9ration \u201cportes ouvertes\u201d au profit des usagers - Dpress.ma\/fr\" \/>\n<meta property=\"og:description\" content=\"Dpress Le consulat g\u00e9n\u00e9ral du Maroc \u00e0 Paris a organis\u00e9, samedi, une op\u00e9ration \u201cportes ouvertes\u201d au profit des membres de la communaut\u00e9 marocaine, la deuxi\u00e8me du genre durant le mois de Ramadan et la troisi\u00e8me depuis le d\u00e9but de l\u2019ann\u00e9e.Cette initiative s\u2019inscrit dans le cadre des efforts visant \u00e0 am\u00e9liorer l\u2019accueil et la qualit\u00e9 des &hellip;\" \/>\n<meta property=\"og:url\" content=\"https:\/\/dpress.ma\/fr\/2026\/03\/16\/le-consulat-general-du-maroc-a-paris-organise-une-nouvelle-operation-portes-ouvertes-au-profit-des-usagers\/\" \/>\n<meta property=\"og:site_name\" content=\"Dpress.ma\/fr\" \/>\n<meta property=\"article:published_time\" content=\"2026-03-16T09:44:51+00:00\" \/>\n<meta property=\"article:modified_time\" content=\"2026-03-16T09:44:55+00:00\" \/>\n<meta property=\"og:image\" content=\"https:\/\/dpress.ma\/fr\/wp-content\/uploads\/sites\/2\/2026\/03\/10-2.jpg\" \/>\n\t<meta property=\"og:image:width\" content=\"2539\" \/>\n\t<meta property=\"og:image:height\" content=\"1594\" \/>\n\t<meta property=\"og:image:type\" content=\"image\/jpeg\" \/>\n<meta name=\"author\" content=\"Dpress.ma\" \/>\n<meta name=\"twitter:card\" content=\"summary_large_image\" \/>\n<meta name=\"twitter:label1\" content=\"\u00c9crit par\" \/>\n\t<meta name=\"twitter:data1\" content=\"Dpress.ma\" \/>\n\t<meta name=\"twitter:label2\" content=\"Dur\u00e9e de lecture estim\u00e9e\" \/>\n\t<meta name=\"twitter:data2\" content=\"2 minutes\" \/>\n<script type=\"application\/ld+json\" class=\"yoast-schema-graph\">{\"@context\":\"https:\\\/\\\/schema.org\",\"@graph\":[{\"@type\":\"Article\",\"@id\":\"https:\\\/\\\/dpress.ma\\\/fr\\\/2026\\\/03\\\/16\\\/le-consulat-general-du-maroc-a-paris-organise-une-nouvelle-operation-portes-ouvertes-au-profit-des-usagers\\\/#article\",\"isPartOf\":{\"@id\":\"https:\\\/\\\/dpress.ma\\\/fr\\\/2026\\\/03\\\/16\\\/le-consulat-general-du-maroc-a-paris-organise-une-nouvelle-operation-portes-ouvertes-au-profit-des-usagers\\\/\"},\"author\":{\"name\":\"Dpress.ma\",\"@id\":\"https:\\\/\\\/dpress.ma\\\/fr\\\/#\\\/schema\\\/person\\\/4898febf3ccd59e6578d838656a306a0\"},\"headline\":\"Le consulat g\u00e9n\u00e9ral du Maroc \u00e0 Paris organise une nouvelle op\u00e9ration \u201cportes ouvertes\u201d au profit des usagers\",\"datePublished\":\"2026-03-16T09:44:51+00:00\",\"dateModified\":\"2026-03-16T09:44:55+00:00\",\"mainEntityOfPage\":{\"@id\":\"https:\\\/\\\/dpress.ma\\\/fr\\\/2026\\\/03\\\/16\\\/le-consulat-general-du-maroc-a-paris-organise-une-nouvelle-operation-portes-ouvertes-au-profit-des-usagers\\\/\"},\"wordCount\":272,\"commentCount\":0,\"image\":{\"@id\":\"https:\\\/\\\/dpress.ma\\\/fr\\\/2026\\\/03\\\/16\\\/le-consulat-general-du-maroc-a-paris-organise-une-nouvelle-operation-portes-ouvertes-au-profit-des-usagers\\\/#primaryimage\"},\"thumbnailUrl\":\"https:\\\/\\\/dpress.ma\\\/fr\\\/wp-content\\\/uploads\\\/sites\\\/2\\\/2026\\\/03\\\/10-2.jpg\",\"articleSection\":[\"monde\"],\"inLanguage\":\"fr-FR\",\"potentialAction\":[{\"@type\":\"CommentAction\",\"name\":\"Comment\",\"target\":[\"https:\\\/\\\/dpress.ma\\\/fr\\\/2026\\\/03\\\/16\\\/le-consulat-general-du-maroc-a-paris-organise-une-nouvelle-operation-portes-ouvertes-au-profit-des-usagers\\\/#respond\"]}]},{\"@type\":\"WebPage\",\"@id\":\"https:\\\/\\\/dpress.ma\\\/fr\\\/2026\\\/03\\\/16\\\/le-consulat-general-du-maroc-a-paris-organise-une-nouvelle-operation-portes-ouvertes-au-profit-des-usagers\\\/\",\"url\":\"https:\\\/\\\/dpress.ma\\\/fr\\\/2026\\\/03\\\/16\\\/le-consulat-general-du-maroc-a-paris-organise-une-nouvelle-operation-portes-ouvertes-au-profit-des-usagers\\\/\",\"name\":\"Le consulat g\u00e9n\u00e9ral du Maroc \u00e0 Paris organise une nouvelle op\u00e9ration \u201cportes ouvertes\u201d au profit des usagers - Dpress.ma\\\/fr\",\"isPartOf\":{\"@id\":\"https:\\\/\\\/dpress.ma\\\/fr\\\/#website\"},\"primaryImageOfPage\":{\"@id\":\"https:\\\/\\\/dpress.ma\\\/fr\\\/2026\\\/03\\\/16\\\/le-consulat-general-du-maroc-a-paris-organise-une-nouvelle-operation-portes-ouvertes-au-profit-des-usagers\\\/#primaryimage\"},\"image\":{\"@id\":\"https:\\\/\\\/dpress.ma\\\/fr\\\/2026\\\/03\\\/16\\\/le-consulat-general-du-maroc-a-paris-organise-une-nouvelle-operation-portes-ouvertes-au-profit-des-usagers\\\/#primaryimage\"},\"thumbnailUrl\":\"https:\\\/\\\/dpress.ma\\\/fr\\\/wp-content\\\/uploads\\\/sites\\\/2\\\/2026\\\/03\\\/10-2.jpg\",\"datePublished\":\"2026-03-16T09:44:51+00:00\",\"dateModified\":\"2026-03-16T09:44:55+00:00\",\"author\":{\"@id\":\"https:\\\/\\\/dpress.ma\\\/fr\\\/#\\\/schema\\\/person\\\/4898febf3ccd59e6578d838656a306a0\"},\"breadcrumb\":{\"@id\":\"https:\\\/\\\/dpress.ma\\\/fr\\\/2026\\\/03\\\/16\\\/le-consulat-general-du-maroc-a-paris-organise-une-nouvelle-operation-portes-ouvertes-au-profit-des-usagers\\\/#breadcrumb\"},\"inLanguage\":\"fr-FR\",\"potentialAction\":[{\"@type\":\"ReadAction\",\"target\":[\"https:\\\/\\\/dpress.ma\\\/fr\\\/2026\\\/03\\\/16\\\/le-consulat-general-du-maroc-a-paris-organise-une-nouvelle-operation-portes-ouvertes-au-profit-des-usagers\\\/\"]}]},{\"@type\":\"ImageObject\",\"inLanguage\":\"fr-FR\",\"@id\":\"https:\\\/\\\/dpress.ma\\\/fr\\\/2026\\\/03\\\/16\\\/le-consulat-general-du-maroc-a-paris-organise-une-nouvelle-operation-portes-ouvertes-au-profit-des-usagers\\\/#primaryimage\",\"url\":\"https:\\\/\\\/dpress.ma\\\/fr\\\/wp-content\\\/uploads\\\/sites\\\/2\\\/2026\\\/03\\\/10-2.jpg\",\"contentUrl\":\"https:\\\/\\\/dpress.ma\\\/fr\\\/wp-content\\\/uploads\\\/sites\\\/2\\\/2026\\\/03\\\/10-2.jpg\",\"width\":2539,\"height\":1594},{\"@type\":\"BreadcrumbList\",\"@id\":\"https:\\\/\\\/dpress.ma\\\/fr\\\/2026\\\/03\\\/16\\\/le-consulat-general-du-maroc-a-paris-organise-une-nouvelle-operation-portes-ouvertes-au-profit-des-usagers\\\/#breadcrumb\",\"itemListElement\":[{\"@type\":\"ListItem\",\"position\":1,\"name\":\"Home\",\"item\":\"https:\\\/\\\/dpress.ma\\\/fr\\\/\"},{\"@type\":\"ListItem\",\"position\":2,\"name\":\"Le consulat g\u00e9n\u00e9ral du Maroc \u00e0 Paris organise une nouvelle op\u00e9ration \u201cportes ouvertes\u201d au profit des usagers\"}]},{\"@type\":\"WebSite\",\"@id\":\"https:\\\/\\\/dpress.ma\\\/fr\\\/#website\",\"url\":\"https:\\\/\\\/dpress.ma\\\/fr\\\/\",\"name\":\"Dpress.ma\\\/fr\",\"description\":\"\",\"potentialAction\":[{\"@type\":\"SearchAction\",\"target\":{\"@type\":\"EntryPoint\",\"urlTemplate\":\"https:\\\/\\\/dpress.ma\\\/fr\\\/?s={search_term_string}\"},\"query-input\":{\"@type\":\"PropertyValueSpecification\",\"valueRequired\":true,\"valueName\":\"search_term_string\"}}],\"inLanguage\":\"fr-FR\"},{\"@type\":\"Person\",\"@id\":\"https:\\\/\\\/dpress.ma\\\/fr\\\/#\\\/schema\\\/person\\\/4898febf3ccd59e6578d838656a306a0\",\"name\":\"Dpress.ma\",\"image\":{\"@type\":\"ImageObject\",\"inLanguage\":\"fr-FR\",\"@id\":\"https:\\\/\\\/secure.gravatar.com\\\/avatar\\\/72ecc30e9db047a2e0e7176561eb9d564ed77c8108376495b19bd8336405198a?s=96&d=mm&r=g\",\"url\":\"https:\\\/\\\/secure.gravatar.com\\\/avatar\\\/72ecc30e9db047a2e0e7176561eb9d564ed77c8108376495b19bd8336405198a?s=96&d=mm&r=g\",\"contentUrl\":\"https:\\\/\\\/secure.gravatar.com\\\/avatar\\\/72ecc30e9db047a2e0e7176561eb9d564ed77c8108376495b19bd8336405198a?s=96&d=mm&r=g\",\"caption\":\"Dpress.ma\"},\"sameAs\":[\"https:\\\/\\\/www.dpress.ma\"],\"url\":\"https:\\\/\\\/dpress.ma\\\/fr\\\/author\\\/dpress-ma\\\/\"}]}<\/script>\n<!-- \/ Yoast SEO plugin. -->","yoast_head_json":{"title":"Le consulat g\u00e9n\u00e9ral du Maroc \u00e0 Paris organise une nouvelle op\u00e9ration \u201cportes ouvertes\u201d au profit des usagers - Dpress.ma\/fr","robots":{"index":"index","follow":"follow","max-snippet":"max-snippet:-1","max-image-preview":"max-image-preview:large","max-video-preview":"max-video-preview:-1"},"canonical":"https:\/\/dpress.ma\/fr\/2026\/03\/16\/le-consulat-general-du-maroc-a-paris-organise-une-nouvelle-operation-portes-ouvertes-au-profit-des-usagers\/","og_locale":"fr_FR","og_type":"article","og_title":"Le consulat g\u00e9n\u00e9ral du Maroc \u00e0 Paris organise une nouvelle op\u00e9ration \u201cportes ouvertes\u201d au profit des usagers - Dpress.ma\/fr","og_description":"Dpress Le consulat g\u00e9n\u00e9ral du Maroc \u00e0 Paris a organis\u00e9, samedi, une op\u00e9ration \u201cportes ouvertes\u201d au profit des membres de la communaut\u00e9 marocaine, la deuxi\u00e8me du genre durant le mois de Ramadan et la troisi\u00e8me depuis le d\u00e9but de l\u2019ann\u00e9e.Cette initiative s\u2019inscrit dans le cadre des efforts visant \u00e0 am\u00e9liorer l\u2019accueil et la qualit\u00e9 des &hellip;","og_url":"https:\/\/dpress.ma\/fr\/2026\/03\/16\/le-consulat-general-du-maroc-a-paris-organise-une-nouvelle-operation-portes-ouvertes-au-profit-des-usagers\/","og_site_name":"Dpress.ma\/fr","article_published_time":"2026-03-16T09:44:51+00:00","article_modified_time":"2026-03-16T09:44:55+00:00","og_image":[{"width":2539,"height":1594,"url":"https:\/\/dpress.ma\/fr\/wp-content\/uploads\/sites\/2\/2026\/03\/10-2.jpg","type":"image\/jpeg"}],"author":"Dpress.ma","twitter_card":"summary_large_image","twitter_misc":{"\u00c9crit par":"Dpress.ma","Dur\u00e9e de lecture estim\u00e9e":"2 minutes"},"schema":{"@context":"https:\/\/schema.org","@graph":[{"@type":"Article","@id":"https:\/\/dpress.ma\/fr\/2026\/03\/16\/le-consulat-general-du-maroc-a-paris-organise-une-nouvelle-operation-portes-ouvertes-au-profit-des-usagers\/#article","isPartOf":{"@id":"https:\/\/dpress.ma\/fr\/2026\/03\/16\/le-consulat-general-du-maroc-a-paris-organise-une-nouvelle-operation-portes-ouvertes-au-profit-des-usagers\/"},"author":{"name":"Dpress.ma","@id":"https:\/\/dpress.ma\/fr\/#\/schema\/person\/4898febf3ccd59e6578d838656a306a0"},"headline":"Le consulat g\u00e9n\u00e9ral du Maroc \u00e0 Paris organise une nouvelle op\u00e9ration \u201cportes ouvertes\u201d au profit des usagers","datePublished":"2026-03-16T09:44:51+00:00","dateModified":"2026-03-16T09:44:55+00:00","mainEntityOfPage":{"@id":"https:\/\/dpress.ma\/fr\/2026\/03\/16\/le-consulat-general-du-maroc-a-paris-organise-une-nouvelle-operation-portes-ouvertes-au-profit-des-usagers\/"},"wordCount":272,"commentCount":0,"image":{"@id":"https:\/\/dpress.ma\/fr\/2026\/03\/16\/le-consulat-general-du-maroc-a-paris-organise-une-nouvelle-operation-portes-ouvertes-au-profit-des-usagers\/#primaryimage"},"thumbnailUrl":"https:\/\/dpress.ma\/fr\/wp-content\/uploads\/sites\/2\/2026\/03\/10-2.jpg","articleSection":["monde"],"inLanguage":"fr-FR","potentialAction":[{"@type":"CommentAction","name":"Comment","target":["https:\/\/dpress.ma\/fr\/2026\/03\/16\/le-consulat-general-du-maroc-a-paris-organise-une-nouvelle-operation-portes-ouvertes-au-profit-des-usagers\/#respond"]}]},{"@type":"WebPage","@id":"https:\/\/dpress.ma\/fr\/2026\/03\/16\/le-consulat-general-du-maroc-a-paris-organise-une-nouvelle-operation-portes-ouvertes-au-profit-des-usagers\/","url":"https:\/\/dpress.ma\/fr\/2026\/03\/16\/le-consulat-general-du-maroc-a-paris-organise-une-nouvelle-operation-portes-ouvertes-au-profit-des-usagers\/","name":"Le consulat g\u00e9n\u00e9ral du Maroc \u00e0 Paris organise une nouvelle op\u00e9ration \u201cportes ouvertes\u201d au profit des usagers - Dpress.ma\/fr","isPartOf":{"@id":"https:\/\/dpress.ma\/fr\/#website"},"primaryImageOfPage":{"@id":"https:\/\/dpress.ma\/fr\/2026\/03\/16\/le-consulat-general-du-maroc-a-paris-organise-une-nouvelle-operation-portes-ouvertes-au-profit-des-usagers\/#primaryimage"},"image":{"@id":"https:\/\/dpress.ma\/fr\/2026\/03\/16\/le-consulat-general-du-maroc-a-paris-organise-une-nouvelle-operation-portes-ouvertes-au-profit-des-usagers\/#primaryimage"},"thumbnailUrl":"https:\/\/dpress.ma\/fr\/wp-content\/uploads\/sites\/2\/2026\/03\/10-2.jpg","datePublished":"2026-03-16T09:44:51+00:00","dateModified":"2026-03-16T09:44:55+00:00","author":{"@id":"https:\/\/dpress.ma\/fr\/#\/schema\/person\/4898febf3ccd59e6578d838656a306a0"},"breadcrumb":{"@id":"https:\/\/dpress.ma\/fr\/2026\/03\/16\/le-consulat-general-du-maroc-a-paris-organise-une-nouvelle-operation-portes-ouvertes-au-profit-des-usagers\/#breadcrumb"},"inLanguage":"fr-FR","potentialAction":[{"@type":"ReadAction","target":["https:\/\/dpress.ma\/fr\/2026\/03\/16\/le-consulat-general-du-maroc-a-paris-organise-une-nouvelle-operation-portes-ouvertes-au-profit-des-usagers\/"]}]},{"@type":"ImageObject","inLanguage":"fr-FR","@id":"https:\/\/dpress.ma\/fr\/2026\/03\/16\/le-consulat-general-du-maroc-a-paris-organise-une-nouvelle-operation-portes-ouvertes-au-profit-des-usagers\/#primaryimage","url":"https:\/\/dpress.ma\/fr\/wp-content\/uploads\/sites\/2\/2026\/03\/10-2.jpg","contentUrl":"https:\/\/dpress.ma\/fr\/wp-content\/uploads\/sites\/2\/2026\/03\/10-2.jpg","width":2539,"height":1594},{"@type":"BreadcrumbList","@id":"https:\/\/dpress.ma\/fr\/2026\/03\/16\/le-consulat-general-du-maroc-a-paris-organise-une-nouvelle-operation-portes-ouvertes-au-profit-des-usagers\/#breadcrumb","itemListElement":[{"@type":"ListItem","position":1,"name":"Home","item":"https:\/\/dpress.ma\/fr\/"},{"@type":"ListItem","position":2,"name":"Le consulat g\u00e9n\u00e9ral du Maroc \u00e0 Paris organise une nouvelle op\u00e9ration \u201cportes ouvertes\u201d au profit des usagers"}]},{"@type":"WebSite","@id":"https:\/\/dpress.ma\/fr\/#website","url":"https:\/\/dpress.ma\/fr\/","name":"Dpress.ma\/fr","description":"","potentialAction":[{"@type":"SearchAction","target":{"@type":"EntryPoint","urlTemplate":"https:\/\/dpress.ma\/fr\/?s={search_term_string}"},"query-input":{"@type":"PropertyValueSpecification","valueRequired":true,"valueName":"search_term_string"}}],"inLanguage":"fr-FR"},{"@type":"Person","@id":"https:\/\/dpress.ma\/fr\/#\/schema\/person\/4898febf3ccd59e6578d838656a306a0","name":"Dpress.ma","image":{"@type":"ImageObject","inLanguage":"fr-FR","@id":"https:\/\/secure.gravatar.com\/avatar\/72ecc30e9db047a2e0e7176561eb9d564ed77c8108376495b19bd8336405198a?s=96&d=mm&r=g","url":"https:\/\/secure.gravatar.com\/avatar\/72ecc30e9db047a2e0e7176561eb9d564ed77c8108376495b19bd8336405198a?s=96&d=mm&r=g","contentUrl":"https:\/\/secure.gravatar.com\/avatar\/72ecc30e9db047a2e0e7176561eb9d564ed77c8108376495b19bd8336405198a?s=96&d=mm&r=g","caption":"Dpress.ma"},"sameAs":["https:\/\/www.dpress.ma"],"url":"https:\/\/dpress.ma\/fr\/author\/dpress-ma\/"}]}},"amp_enabled":true,"_links":{"self":[{"href":"https:\/\/dpress.ma\/fr\/wp-json\/wp\/v2\/posts\/26148","targetHints":{"allow":["GET"]}}],"collection":[{"href":"https:\/\/dpress.ma\/fr\/wp-json\/wp\/v2\/posts"}],"about":[{"href":"https:\/\/dpress.ma\/fr\/wp-json\/wp\/v2\/types\/post"}],"author":[{"embeddable":true,"href":"https:\/\/dpress.ma\/fr\/wp-json\/wp\/v2\/users\/2"}],"replies":[{"embeddable":true,"href":"https:\/\/dpress.ma\/fr\/wp-json\/wp\/v2\/comments?post=26148"}],"version-history":[{"count":1,"href":"https:\/\/dpress.ma\/fr\/wp-json\/wp\/v2\/posts\/26148\/revisions"}],"predecessor-version":[{"id":26150,"href":"https:\/\/dpress.ma\/fr\/wp-json\/wp\/v2\/posts\/26148\/revisions\/26150"}],"wp:featuredmedia":[{"embeddable":true,"href":"https:\/\/dpress.ma\/fr\/wp-json\/wp\/v2\/media\/26149"}],"wp:attachment":[{"href":"https:\/\/dpress.ma\/fr\/wp-json\/wp\/v2\/media?parent=26148"}],"wp:term":[{"taxonomy":"category","embeddable":true,"href":"https:\/\/dpress.ma\/fr\/wp-json\/wp\/v2\/categories?post=26148"},{"taxonomy":"post_tag","embeddable":true,"href":"https:\/\/dpress.ma\/fr\/wp-json\/wp\/v2\/tags?post=26148"}],"curies":[{"name":"wp","href":"https:\/\/api.w.org\/{rel}","templated":true}]}}