{"id":26145,"date":"2026-03-16T09:40:29","date_gmt":"2026-03-16T09:40:29","guid":{"rendered":"https:\/\/dpress.ma\/fr\/?p=26145"},"modified":"2026-03-16T09:40:31","modified_gmt":"2026-03-16T09:40:31","slug":"casablanca-remise-des-prix-aux-vainqueurs-de-la-2%e1%b5%89-gymnasiade-nationale-scolaire","status":"publish","type":"post","link":"https:\/\/dpress.ma\/fr\/2026\/03\/16\/casablanca-remise-des-prix-aux-vainqueurs-de-la-2%e1%b5%89-gymnasiade-nationale-scolaire\/","title":{"rendered":"Casablanca : Remise des prix aux vainqueurs de la 2\u1d49 Gymnasiade nationale scolaire"},"content":{"rendered":"\n<p>Dpress<\/p>\n\n\n\n<p>Les laur\u00e9ates et laur\u00e9ats de la 2<sup>\u00e8me<\/sup> \u00e9dition de la Gymnasiade nationale scolaire, au titre de l\u2019ann\u00e9e scolaire 2025-2026, ont \u00e9t\u00e9 prim\u00e9s, samedi \u00e0 Casablanca.<\/p>\n\n\n\n<p>Organis\u00e9 par le minist\u00e8re de l\u2019\u00c9ducation nationale, du Pr\u00e9scolaire et des Sports en collaboration avec la F\u00e9d\u00e9ration Royale Marocaine du Sport Scolaire (FRMSS) et en coordination avec l\u2019Acad\u00e9mie R\u00e9gionale de l\u2019Education et de la Formation de la r\u00e9gion Casablanca-Settat, cet \u00e9v\u00e9nement sportif et \u00e9ducatif, s\u2019est tenu du 12 au 14 mars \u00e0 Casablanca et Mohammedia et constitue une manifestation nationale d\u2019envergure ayant r\u00e9uni une \u00e9lite d\u2019\u00e9l\u00e8ves pratiquant le sport scolaire, repr\u00e9sentant diff\u00e9rentes r\u00e9gions du Royaume.<\/p>\n\n\n\n<p>Cette rencontre sportive nationale vise \u00e0 promouvoir les valeurs du \u201cfair-play\u201d, \u00e0 renforcer l\u2019esprit de citoyennet\u00e9 et du travail collectif chez les apprenants, ainsi qu\u2019\u00e0 d\u00e9tecter les jeunes talents sportifs et \u00e0 d\u00e9velopper leurs aptitudes dans un cadre \u00e9ducatif structur\u00e9 conciliant r\u00e9ussite scolaire et pratique sportive.<\/p>\n\n\n\n<p>Cette \u00e9dition a \u00e9t\u00e9 marqu\u00e9e par l\u2019organisation de plusieurs comp\u00e9titions dans diverses disciplines sportives, offrant un espace de confrontation entre les participants et contribuant au renforcement du r\u00f4le \u00e9ducatif du sport scolaire, consid\u00e9r\u00e9 comme un levier essentiel pour le d\u00e9veloppement des capacit\u00e9s physiques, psychologiques et sociales des \u00e9l\u00e8ves, ainsi que pour la diffusion de la culture de la pratique sportive en milieu scolaire.<\/p>\n\n\n\n<p>Les comp\u00e9titions ont abouti au sacre d\u2019\u00e9l\u00e8ves issus de diff\u00e9rents \u00e9tablissements scolaires, qualifi\u00e9s \u00e0 l\u2019issue des championnats r\u00e9gionaux, dans les disciplines programm\u00e9es.<\/p>\n\n\n\n<p>Dans les \u00e9preuves de volleyball de plage (cat\u00e9gorie non affili\u00e9e aux clubs \/ filles), l\u2019\u00e9quipe de l\u2019Acad\u00e9mie de Souss-Massa a remport\u00e9 la premi\u00e8re place, suivie de celle de Casablanca-Settat, tandis que l\u2019Acad\u00e9mie de F\u00e8s-Mekn\u00e8s s\u2019est class\u00e9e troisi\u00e8me.<\/p>\n\n\n\n<p>Dans la cat\u00e9gorie masculine, l\u2019\u00e9quipe de l\u2019Acad\u00e9mie de Guelmim-Oued Noun s\u2019est adjug\u00e9 la premi\u00e8re place, suivie de celles de Souss-Massa et de Tanger-T\u00e9touan-Al Hoceima.<\/p>\n\n\n\n<p>Dans la cat\u00e9gorie \u201csport-\u00e9tudes\u201d (filles), l\u2019Acad\u00e9mie de Rabat-Sal\u00e9-K\u00e9nitra a remport\u00e9 le titre apr\u00e8s sa victoire face \u00e0 celle de F\u00e8s-Mekn\u00e8s, tandis que la troisi\u00e8me place est revenue \u00e0 l\u2019\u00e9quipe de Casablanca-Settat.<\/p>\n\n\n\n<p>Au niveau masculin, le repr\u00e9sentant de l\u2019Acad\u00e9mie de Rabat-Sal\u00e9-K\u00e9nitra a \u00e9galement remport\u00e9 le titre apr\u00e8s sa victoire en finale face \u00e0 l\u2019\u00e9quipe de Casablanca-Settat, la troisi\u00e8me place revenant \u00e0 Tanger-T\u00e9touan-Al Hoceima.<\/p>\n\n\n\n<p>En handball de plage (cat\u00e9gorie non affili\u00e9e aux clubs, sport-\u00e9tudes\/filles), la premi\u00e8re place est revenue au coll\u00e8ge Abdelkarim Raiss relevant de l\u2019Acad\u00e9mie de F\u00e8s-Mekn\u00e8s, suivi du lyc\u00e9e Hassan II de Rabat-Sal\u00e9-K\u00e9nitra, tandis que la troisi\u00e8me place est revenue au lyc\u00e9e Aboubakr Seddik de Casablanca-Settat.<\/p>\n\n\n\n<p>Dans les \u00e9preuves masculines, l\u2019\u00e9tablissement priv\u00e9 Al Qalam 2 relevant de l\u2019Acad\u00e9mie de Souss-Massa a remport\u00e9 la premi\u00e8re place, suivi du lyc\u00e9e Aboubakr Seddik de Casablanca-Settat et du coll\u00e8ge Ibn Rochd de F\u00e8s-Mekn\u00e8s.<\/p>\n\n\n\n<p>En judo (moins de 60 kg), Youssef Boukia de l\u2019Acad\u00e9mie de Casablanca-Settat a remport\u00e9 le titre, suivi d\u2019Amine El Massoudi de l\u2019Acad\u00e9mie de Rabat-Sal\u00e9-K\u00e9nitra, tandis que la troisi\u00e8me place est revenue \u00e0 Mohamed Amine Aghraba de Dr\u00e2a-Tafilalet.<\/p>\n\n\n\n<p>Dans la discipline du darts (individuel \/ gar\u00e7ons), la premi\u00e8re place est revenue \u00e0 Abdelghani El Youssfi de l\u2019Acad\u00e9mie de Rabat-Sal\u00e9-K\u00e9nitra, devan\u00e7ant Nizar Moumni de Casablanca-Settat et Mohamed Attouf de Souss-Massa.<\/p>\n\n\n\n<p>En karat\u00e9 (moins de 55 kg \/ gar\u00e7ons), le titre est revenu \u00e0 Louay El Fassih de l\u2019Acad\u00e9mie de Rabat-Sal\u00e9-K\u00e9nitra, suivi de Mohamed Reda El Kourbani de l\u2019Acad\u00e9mie de Tanger-T\u00e9touan-Al Hoceima et d\u2019Oussama Boua\u00e2kaz de Marrakech-Safi.<\/p>\n\n\n\n<p>En tangsudo (cat\u00e9gorie Yonk \/ filles), Hajar El Batouli de l\u2019Acad\u00e9mie de Rabat-Sal\u00e9-K\u00e9nitra a remport\u00e9 la premi\u00e8re place, suivie d\u2019Assia Akrine de la m\u00eame acad\u00e9mie et de Khadija Ait El Kaid de Casablanca-Settat.<\/p>\n\n\n\n<p>Dans la cat\u00e9gorie masculine, le titre est revenu \u00e0 Hassan Hammou de l\u2019Acad\u00e9mie de Rabat-Sal\u00e9-K\u00e9nitra, devan\u00e7ant Haitham Ezzahouani de la m\u00eame acad\u00e9mie et Sohaib El Aroussi de Marrakech-Safi.<\/p>\n\n\n\n<p>En taekwondo (plus de 73 kg), Anas El Aoufi de l\u2019Acad\u00e9mie de Rabat-Sal\u00e9-K\u00e9nitra a remport\u00e9 la premi\u00e8re place, devant Zakaria Dalil de Marrakech-Safi et Rayan El Ghorba de Casablanca-Settat.<\/p>\n\n\n\n<p>En judo (plus de 73 kg), Souhail Errahouhi de l\u2019Acad\u00e9mie de Rabat-Sal\u00e9-K\u00e9nitra s\u2019est class\u00e9 premier, suivi d\u2019Ibrahim Bouiba de Casablanca-Settat.<\/p>\n\n\n\n<p>\u00c0 cette occasion, le directeur de la promotion du sport scolaire au minist\u00e8re de l\u2019\u00c9ducation nationale, du Pr\u00e9scolaire et des Sports, Abdeslam Mili, a indiqu\u00e9 que cette manifestation consacre la vision du minist\u00e8re visant \u00e0 faire du sport scolaire un vivier pour la formation des champions de demain et un vecteur des valeurs \u00e9ducatives et sportives.<\/p>\n\n\n\n<p>M. Mili, \u00e9galement pr\u00e9sident d\u00e9l\u00e9gu\u00e9 de la FRMSS, a ajout\u00e9 que cette \u00e9dition constitue une \u00e9tape strat\u00e9gique dans la mise en \u0153uvre de la feuille de route de r\u00e9forme de l\u2019\u00e9cole marocaine, soulignant qu\u2019elle a offert aux \u00e9l\u00e8ves l\u2019opportunit\u00e9 de mettre en valeur leurs talents sportifs et de consacrer les valeurs de citoyennet\u00e9 et d\u2019esprit sportif.<\/p>\n\n\n\n<p>Il a en outre relev\u00e9 que des activit\u00e9s culturelles et environnementales ainsi que des sorties p\u00e9dagogiques ont \u00e9t\u00e9 organis\u00e9es en marge de cet \u00e9v\u00e9nement au profit des \u00e9l\u00e8ves, dans le but de renforcer les valeurs \u00e9ducatives, l\u2019esprit de citoyennet\u00e9, le travail collectif et l\u2019ouverture, ainsi que la promotion des nobles valeurs olympiques, notamment l\u2019excellence sportive.<\/p>\n\n\n\n<p>La c\u00e9r\u00e9monie de cl\u00f4ture, organis\u00e9e \u00e0 la salle couverte de Lissasfa \u00e0 Casablanca en pr\u00e9sence de plusieurs responsables du syst\u00e8me d\u2019\u00e9ducation et de formation ainsi que d\u2019acteurs sportifs, a \u00e9t\u00e9 marqu\u00e9e par la remise des m\u00e9dailles et troph\u00e9es aux \u00e9quipes victorieuses, l\u2019hommage rendu \u00e0 certaines personnalit\u00e9s sportives, ainsi que la pr\u00e9sentation de spectacles artistiques lors d\u2019une soir\u00e9e d\u00e9di\u00e9e aux arts cr\u00e9atifs et aux disciplines martiales.<\/p>\n","protected":false},"excerpt":{"rendered":"<p>Dpress Les laur\u00e9ates et laur\u00e9ats de la 2\u00e8me \u00e9dition de la Gymnasiade nationale scolaire, au titre de l\u2019ann\u00e9e scolaire 2025-2026, ont \u00e9t\u00e9 prim\u00e9s, samedi \u00e0 Casablanca. Organis\u00e9 par le minist\u00e8re de l\u2019\u00c9ducation nationale, du Pr\u00e9scolaire et des Sports en collaboration avec la F\u00e9d\u00e9ration Royale Marocaine du Sport Scolaire (FRMSS) et en coordination avec l\u2019Acad\u00e9mie R\u00e9gionale &hellip;<\/p>\n","protected":false},"author":2,"featured_media":26146,"comment_status":"open","ping_status":"open","sticky":false,"template":"","format":"standard","meta":{"footnotes":""},"categories":[27],"tags":[],"class_list":["post-26145","post","type-post","status-publish","format-standard","has-post-thumbnail","hentry","category-sport"],"yoast_head":"<!-- This site is optimized with the Yoast SEO plugin v27.5 - https:\/\/yoast.com\/product\/yoast-seo-wordpress\/ -->\n<title>Casablanca : Remise des prix aux vainqueurs de la 2\u1d49 Gymnasiade nationale scolaire - Dpress.ma\/fr<\/title>\n<meta name=\"robots\" content=\"index, follow, max-snippet:-1, max-image-preview:large, max-video-preview:-1\" \/>\n<link rel=\"canonical\" href=\"https:\/\/dpress.ma\/fr\/2026\/03\/16\/casablanca-remise-des-prix-aux-vainqueurs-de-la-2\u1d49-gymnasiade-nationale-scolaire\/\" \/>\n<meta property=\"og:locale\" content=\"fr_FR\" \/>\n<meta property=\"og:type\" content=\"article\" \/>\n<meta property=\"og:title\" content=\"Casablanca : Remise des prix aux vainqueurs de la 2\u1d49 Gymnasiade nationale scolaire - Dpress.ma\/fr\" \/>\n<meta property=\"og:description\" content=\"Dpress Les laur\u00e9ates et laur\u00e9ats de la 2\u00e8me \u00e9dition de la Gymnasiade nationale scolaire, au titre de l\u2019ann\u00e9e scolaire 2025-2026, ont \u00e9t\u00e9 prim\u00e9s, samedi \u00e0 Casablanca. Organis\u00e9 par le minist\u00e8re de l\u2019\u00c9ducation nationale, du Pr\u00e9scolaire et des Sports en collaboration avec la F\u00e9d\u00e9ration Royale Marocaine du Sport Scolaire (FRMSS) et en coordination avec l\u2019Acad\u00e9mie R\u00e9gionale &hellip;\" \/>\n<meta property=\"og:url\" content=\"https:\/\/dpress.ma\/fr\/2026\/03\/16\/casablanca-remise-des-prix-aux-vainqueurs-de-la-2\u1d49-gymnasiade-nationale-scolaire\/\" \/>\n<meta property=\"og:site_name\" content=\"Dpress.ma\/fr\" \/>\n<meta property=\"article:published_time\" content=\"2026-03-16T09:40:29+00:00\" \/>\n<meta property=\"article:modified_time\" content=\"2026-03-16T09:40:31+00:00\" \/>\n<meta property=\"og:image\" content=\"https:\/\/dpress.ma\/fr\/wp-content\/uploads\/sites\/2\/2026\/03\/9-3.jpg\" \/>\n\t<meta property=\"og:image:width\" content=\"2539\" \/>\n\t<meta property=\"og:image:height\" content=\"1594\" \/>\n\t<meta property=\"og:image:type\" content=\"image\/jpeg\" \/>\n<meta name=\"author\" content=\"Dpress.ma\" \/>\n<meta name=\"twitter:card\" content=\"summary_large_image\" \/>\n<meta name=\"twitter:label1\" content=\"\u00c9crit par\" \/>\n\t<meta name=\"twitter:data1\" content=\"Dpress.ma\" \/>\n\t<meta name=\"twitter:label2\" content=\"Dur\u00e9e de lecture estim\u00e9e\" \/>\n\t<meta name=\"twitter:data2\" content=\"5 minutes\" \/>\n<script type=\"application\/ld+json\" class=\"yoast-schema-graph\">{\"@context\":\"https:\\\/\\\/schema.org\",\"@graph\":[{\"@type\":\"Article\",\"@id\":\"https:\\\/\\\/dpress.ma\\\/fr\\\/2026\\\/03\\\/16\\\/casablanca-remise-des-prix-aux-vainqueurs-de-la-2%e1%b5%89-gymnasiade-nationale-scolaire\\\/#article\",\"isPartOf\":{\"@id\":\"https:\\\/\\\/dpress.ma\\\/fr\\\/2026\\\/03\\\/16\\\/casablanca-remise-des-prix-aux-vainqueurs-de-la-2%e1%b5%89-gymnasiade-nationale-scolaire\\\/\"},\"author\":{\"name\":\"Dpress.ma\",\"@id\":\"https:\\\/\\\/dpress.ma\\\/fr\\\/#\\\/schema\\\/person\\\/4898febf3ccd59e6578d838656a306a0\"},\"headline\":\"Casablanca : Remise des prix aux vainqueurs de la 2\u1d49 Gymnasiade nationale scolaire\",\"datePublished\":\"2026-03-16T09:40:29+00:00\",\"dateModified\":\"2026-03-16T09:40:31+00:00\",\"mainEntityOfPage\":{\"@id\":\"https:\\\/\\\/dpress.ma\\\/fr\\\/2026\\\/03\\\/16\\\/casablanca-remise-des-prix-aux-vainqueurs-de-la-2%e1%b5%89-gymnasiade-nationale-scolaire\\\/\"},\"wordCount\":1061,\"commentCount\":0,\"image\":{\"@id\":\"https:\\\/\\\/dpress.ma\\\/fr\\\/2026\\\/03\\\/16\\\/casablanca-remise-des-prix-aux-vainqueurs-de-la-2%e1%b5%89-gymnasiade-nationale-scolaire\\\/#primaryimage\"},\"thumbnailUrl\":\"https:\\\/\\\/dpress.ma\\\/fr\\\/wp-content\\\/uploads\\\/sites\\\/2\\\/2026\\\/03\\\/9-3.jpg\",\"articleSection\":[\"Sport\"],\"inLanguage\":\"fr-FR\",\"potentialAction\":[{\"@type\":\"CommentAction\",\"name\":\"Comment\",\"target\":[\"https:\\\/\\\/dpress.ma\\\/fr\\\/2026\\\/03\\\/16\\\/casablanca-remise-des-prix-aux-vainqueurs-de-la-2%e1%b5%89-gymnasiade-nationale-scolaire\\\/#respond\"]}]},{\"@type\":\"WebPage\",\"@id\":\"https:\\\/\\\/dpress.ma\\\/fr\\\/2026\\\/03\\\/16\\\/casablanca-remise-des-prix-aux-vainqueurs-de-la-2%e1%b5%89-gymnasiade-nationale-scolaire\\\/\",\"url\":\"https:\\\/\\\/dpress.ma\\\/fr\\\/2026\\\/03\\\/16\\\/casablanca-remise-des-prix-aux-vainqueurs-de-la-2%e1%b5%89-gymnasiade-nationale-scolaire\\\/\",\"name\":\"Casablanca : Remise des prix aux vainqueurs de la 2\u1d49 Gymnasiade nationale scolaire - Dpress.ma\\\/fr\",\"isPartOf\":{\"@id\":\"https:\\\/\\\/dpress.ma\\\/fr\\\/#website\"},\"primaryImageOfPage\":{\"@id\":\"https:\\\/\\\/dpress.ma\\\/fr\\\/2026\\\/03\\\/16\\\/casablanca-remise-des-prix-aux-vainqueurs-de-la-2%e1%b5%89-gymnasiade-nationale-scolaire\\\/#primaryimage\"},\"image\":{\"@id\":\"https:\\\/\\\/dpress.ma\\\/fr\\\/2026\\\/03\\\/16\\\/casablanca-remise-des-prix-aux-vainqueurs-de-la-2%e1%b5%89-gymnasiade-nationale-scolaire\\\/#primaryimage\"},\"thumbnailUrl\":\"https:\\\/\\\/dpress.ma\\\/fr\\\/wp-content\\\/uploads\\\/sites\\\/2\\\/2026\\\/03\\\/9-3.jpg\",\"datePublished\":\"2026-03-16T09:40:29+00:00\",\"dateModified\":\"2026-03-16T09:40:31+00:00\",\"author\":{\"@id\":\"https:\\\/\\\/dpress.ma\\\/fr\\\/#\\\/schema\\\/person\\\/4898febf3ccd59e6578d838656a306a0\"},\"breadcrumb\":{\"@id\":\"https:\\\/\\\/dpress.ma\\\/fr\\\/2026\\\/03\\\/16\\\/casablanca-remise-des-prix-aux-vainqueurs-de-la-2%e1%b5%89-gymnasiade-nationale-scolaire\\\/#breadcrumb\"},\"inLanguage\":\"fr-FR\",\"potentialAction\":[{\"@type\":\"ReadAction\",\"target\":[\"https:\\\/\\\/dpress.ma\\\/fr\\\/2026\\\/03\\\/16\\\/casablanca-remise-des-prix-aux-vainqueurs-de-la-2%e1%b5%89-gymnasiade-nationale-scolaire\\\/\"]}]},{\"@type\":\"ImageObject\",\"inLanguage\":\"fr-FR\",\"@id\":\"https:\\\/\\\/dpress.ma\\\/fr\\\/2026\\\/03\\\/16\\\/casablanca-remise-des-prix-aux-vainqueurs-de-la-2%e1%b5%89-gymnasiade-nationale-scolaire\\\/#primaryimage\",\"url\":\"https:\\\/\\\/dpress.ma\\\/fr\\\/wp-content\\\/uploads\\\/sites\\\/2\\\/2026\\\/03\\\/9-3.jpg\",\"contentUrl\":\"https:\\\/\\\/dpress.ma\\\/fr\\\/wp-content\\\/uploads\\\/sites\\\/2\\\/2026\\\/03\\\/9-3.jpg\",\"width\":2539,\"height\":1594},{\"@type\":\"BreadcrumbList\",\"@id\":\"https:\\\/\\\/dpress.ma\\\/fr\\\/2026\\\/03\\\/16\\\/casablanca-remise-des-prix-aux-vainqueurs-de-la-2%e1%b5%89-gymnasiade-nationale-scolaire\\\/#breadcrumb\",\"itemListElement\":[{\"@type\":\"ListItem\",\"position\":1,\"name\":\"Home\",\"item\":\"https:\\\/\\\/dpress.ma\\\/fr\\\/\"},{\"@type\":\"ListItem\",\"position\":2,\"name\":\"Casablanca : Remise des prix aux vainqueurs de la 2\u1d49 Gymnasiade nationale scolaire\"}]},{\"@type\":\"WebSite\",\"@id\":\"https:\\\/\\\/dpress.ma\\\/fr\\\/#website\",\"url\":\"https:\\\/\\\/dpress.ma\\\/fr\\\/\",\"name\":\"Dpress.ma\\\/fr\",\"description\":\"\",\"potentialAction\":[{\"@type\":\"SearchAction\",\"target\":{\"@type\":\"EntryPoint\",\"urlTemplate\":\"https:\\\/\\\/dpress.ma\\\/fr\\\/?s={search_term_string}\"},\"query-input\":{\"@type\":\"PropertyValueSpecification\",\"valueRequired\":true,\"valueName\":\"search_term_string\"}}],\"inLanguage\":\"fr-FR\"},{\"@type\":\"Person\",\"@id\":\"https:\\\/\\\/dpress.ma\\\/fr\\\/#\\\/schema\\\/person\\\/4898febf3ccd59e6578d838656a306a0\",\"name\":\"Dpress.ma\",\"image\":{\"@type\":\"ImageObject\",\"inLanguage\":\"fr-FR\",\"@id\":\"https:\\\/\\\/secure.gravatar.com\\\/avatar\\\/72ecc30e9db047a2e0e7176561eb9d564ed77c8108376495b19bd8336405198a?s=96&d=mm&r=g\",\"url\":\"https:\\\/\\\/secure.gravatar.com\\\/avatar\\\/72ecc30e9db047a2e0e7176561eb9d564ed77c8108376495b19bd8336405198a?s=96&d=mm&r=g\",\"contentUrl\":\"https:\\\/\\\/secure.gravatar.com\\\/avatar\\\/72ecc30e9db047a2e0e7176561eb9d564ed77c8108376495b19bd8336405198a?s=96&d=mm&r=g\",\"caption\":\"Dpress.ma\"},\"sameAs\":[\"https:\\\/\\\/www.dpress.ma\"],\"url\":\"https:\\\/\\\/dpress.ma\\\/fr\\\/author\\\/dpress-ma\\\/\"}]}<\/script>\n<!-- \/ Yoast SEO plugin. -->","yoast_head_json":{"title":"Casablanca : Remise des prix aux vainqueurs de la 2\u1d49 Gymnasiade nationale scolaire - Dpress.ma\/fr","robots":{"index":"index","follow":"follow","max-snippet":"max-snippet:-1","max-image-preview":"max-image-preview:large","max-video-preview":"max-video-preview:-1"},"canonical":"https:\/\/dpress.ma\/fr\/2026\/03\/16\/casablanca-remise-des-prix-aux-vainqueurs-de-la-2\u1d49-gymnasiade-nationale-scolaire\/","og_locale":"fr_FR","og_type":"article","og_title":"Casablanca : Remise des prix aux vainqueurs de la 2\u1d49 Gymnasiade nationale scolaire - Dpress.ma\/fr","og_description":"Dpress Les laur\u00e9ates et laur\u00e9ats de la 2\u00e8me \u00e9dition de la Gymnasiade nationale scolaire, au titre de l\u2019ann\u00e9e scolaire 2025-2026, ont \u00e9t\u00e9 prim\u00e9s, samedi \u00e0 Casablanca. Organis\u00e9 par le minist\u00e8re de l\u2019\u00c9ducation nationale, du Pr\u00e9scolaire et des Sports en collaboration avec la F\u00e9d\u00e9ration Royale Marocaine du Sport Scolaire (FRMSS) et en coordination avec l\u2019Acad\u00e9mie R\u00e9gionale &hellip;","og_url":"https:\/\/dpress.ma\/fr\/2026\/03\/16\/casablanca-remise-des-prix-aux-vainqueurs-de-la-2\u1d49-gymnasiade-nationale-scolaire\/","og_site_name":"Dpress.ma\/fr","article_published_time":"2026-03-16T09:40:29+00:00","article_modified_time":"2026-03-16T09:40:31+00:00","og_image":[{"width":2539,"height":1594,"url":"https:\/\/dpress.ma\/fr\/wp-content\/uploads\/sites\/2\/2026\/03\/9-3.jpg","type":"image\/jpeg"}],"author":"Dpress.ma","twitter_card":"summary_large_image","twitter_misc":{"\u00c9crit par":"Dpress.ma","Dur\u00e9e de lecture estim\u00e9e":"5 minutes"},"schema":{"@context":"https:\/\/schema.org","@graph":[{"@type":"Article","@id":"https:\/\/dpress.ma\/fr\/2026\/03\/16\/casablanca-remise-des-prix-aux-vainqueurs-de-la-2%e1%b5%89-gymnasiade-nationale-scolaire\/#article","isPartOf":{"@id":"https:\/\/dpress.ma\/fr\/2026\/03\/16\/casablanca-remise-des-prix-aux-vainqueurs-de-la-2%e1%b5%89-gymnasiade-nationale-scolaire\/"},"author":{"name":"Dpress.ma","@id":"https:\/\/dpress.ma\/fr\/#\/schema\/person\/4898febf3ccd59e6578d838656a306a0"},"headline":"Casablanca : Remise des prix aux vainqueurs de la 2\u1d49 Gymnasiade nationale scolaire","datePublished":"2026-03-16T09:40:29+00:00","dateModified":"2026-03-16T09:40:31+00:00","mainEntityOfPage":{"@id":"https:\/\/dpress.ma\/fr\/2026\/03\/16\/casablanca-remise-des-prix-aux-vainqueurs-de-la-2%e1%b5%89-gymnasiade-nationale-scolaire\/"},"wordCount":1061,"commentCount":0,"image":{"@id":"https:\/\/dpress.ma\/fr\/2026\/03\/16\/casablanca-remise-des-prix-aux-vainqueurs-de-la-2%e1%b5%89-gymnasiade-nationale-scolaire\/#primaryimage"},"thumbnailUrl":"https:\/\/dpress.ma\/fr\/wp-content\/uploads\/sites\/2\/2026\/03\/9-3.jpg","articleSection":["Sport"],"inLanguage":"fr-FR","potentialAction":[{"@type":"CommentAction","name":"Comment","target":["https:\/\/dpress.ma\/fr\/2026\/03\/16\/casablanca-remise-des-prix-aux-vainqueurs-de-la-2%e1%b5%89-gymnasiade-nationale-scolaire\/#respond"]}]},{"@type":"WebPage","@id":"https:\/\/dpress.ma\/fr\/2026\/03\/16\/casablanca-remise-des-prix-aux-vainqueurs-de-la-2%e1%b5%89-gymnasiade-nationale-scolaire\/","url":"https:\/\/dpress.ma\/fr\/2026\/03\/16\/casablanca-remise-des-prix-aux-vainqueurs-de-la-2%e1%b5%89-gymnasiade-nationale-scolaire\/","name":"Casablanca : Remise des prix aux vainqueurs de la 2\u1d49 Gymnasiade nationale scolaire - Dpress.ma\/fr","isPartOf":{"@id":"https:\/\/dpress.ma\/fr\/#website"},"primaryImageOfPage":{"@id":"https:\/\/dpress.ma\/fr\/2026\/03\/16\/casablanca-remise-des-prix-aux-vainqueurs-de-la-2%e1%b5%89-gymnasiade-nationale-scolaire\/#primaryimage"},"image":{"@id":"https:\/\/dpress.ma\/fr\/2026\/03\/16\/casablanca-remise-des-prix-aux-vainqueurs-de-la-2%e1%b5%89-gymnasiade-nationale-scolaire\/#primaryimage"},"thumbnailUrl":"https:\/\/dpress.ma\/fr\/wp-content\/uploads\/sites\/2\/2026\/03\/9-3.jpg","datePublished":"2026-03-16T09:40:29+00:00","dateModified":"2026-03-16T09:40:31+00:00","author":{"@id":"https:\/\/dpress.ma\/fr\/#\/schema\/person\/4898febf3ccd59e6578d838656a306a0"},"breadcrumb":{"@id":"https:\/\/dpress.ma\/fr\/2026\/03\/16\/casablanca-remise-des-prix-aux-vainqueurs-de-la-2%e1%b5%89-gymnasiade-nationale-scolaire\/#breadcrumb"},"inLanguage":"fr-FR","potentialAction":[{"@type":"ReadAction","target":["https:\/\/dpress.ma\/fr\/2026\/03\/16\/casablanca-remise-des-prix-aux-vainqueurs-de-la-2%e1%b5%89-gymnasiade-nationale-scolaire\/"]}]},{"@type":"ImageObject","inLanguage":"fr-FR","@id":"https:\/\/dpress.ma\/fr\/2026\/03\/16\/casablanca-remise-des-prix-aux-vainqueurs-de-la-2%e1%b5%89-gymnasiade-nationale-scolaire\/#primaryimage","url":"https:\/\/dpress.ma\/fr\/wp-content\/uploads\/sites\/2\/2026\/03\/9-3.jpg","contentUrl":"https:\/\/dpress.ma\/fr\/wp-content\/uploads\/sites\/2\/2026\/03\/9-3.jpg","width":2539,"height":1594},{"@type":"BreadcrumbList","@id":"https:\/\/dpress.ma\/fr\/2026\/03\/16\/casablanca-remise-des-prix-aux-vainqueurs-de-la-2%e1%b5%89-gymnasiade-nationale-scolaire\/#breadcrumb","itemListElement":[{"@type":"ListItem","position":1,"name":"Home","item":"https:\/\/dpress.ma\/fr\/"},{"@type":"ListItem","position":2,"name":"Casablanca : Remise des prix aux vainqueurs de la 2\u1d49 Gymnasiade nationale scolaire"}]},{"@type":"WebSite","@id":"https:\/\/dpress.ma\/fr\/#website","url":"https:\/\/dpress.ma\/fr\/","name":"Dpress.ma\/fr","description":"","potentialAction":[{"@type":"SearchAction","target":{"@type":"EntryPoint","urlTemplate":"https:\/\/dpress.ma\/fr\/?s={search_term_string}"},"query-input":{"@type":"PropertyValueSpecification","valueRequired":true,"valueName":"search_term_string"}}],"inLanguage":"fr-FR"},{"@type":"Person","@id":"https:\/\/dpress.ma\/fr\/#\/schema\/person\/4898febf3ccd59e6578d838656a306a0","name":"Dpress.ma","image":{"@type":"ImageObject","inLanguage":"fr-FR","@id":"https:\/\/secure.gravatar.com\/avatar\/72ecc30e9db047a2e0e7176561eb9d564ed77c8108376495b19bd8336405198a?s=96&d=mm&r=g","url":"https:\/\/secure.gravatar.com\/avatar\/72ecc30e9db047a2e0e7176561eb9d564ed77c8108376495b19bd8336405198a?s=96&d=mm&r=g","contentUrl":"https:\/\/secure.gravatar.com\/avatar\/72ecc30e9db047a2e0e7176561eb9d564ed77c8108376495b19bd8336405198a?s=96&d=mm&r=g","caption":"Dpress.ma"},"sameAs":["https:\/\/www.dpress.ma"],"url":"https:\/\/dpress.ma\/fr\/author\/dpress-ma\/"}]}},"amp_enabled":true,"_links":{"self":[{"href":"https:\/\/dpress.ma\/fr\/wp-json\/wp\/v2\/posts\/26145","targetHints":{"allow":["GET"]}}],"collection":[{"href":"https:\/\/dpress.ma\/fr\/wp-json\/wp\/v2\/posts"}],"about":[{"href":"https:\/\/dpress.ma\/fr\/wp-json\/wp\/v2\/types\/post"}],"author":[{"embeddable":true,"href":"https:\/\/dpress.ma\/fr\/wp-json\/wp\/v2\/users\/2"}],"replies":[{"embeddable":true,"href":"https:\/\/dpress.ma\/fr\/wp-json\/wp\/v2\/comments?post=26145"}],"version-history":[{"count":1,"href":"https:\/\/dpress.ma\/fr\/wp-json\/wp\/v2\/posts\/26145\/revisions"}],"predecessor-version":[{"id":26147,"href":"https:\/\/dpress.ma\/fr\/wp-json\/wp\/v2\/posts\/26145\/revisions\/26147"}],"wp:featuredmedia":[{"embeddable":true,"href":"https:\/\/dpress.ma\/fr\/wp-json\/wp\/v2\/media\/26146"}],"wp:attachment":[{"href":"https:\/\/dpress.ma\/fr\/wp-json\/wp\/v2\/media?parent=26145"}],"wp:term":[{"taxonomy":"category","embeddable":true,"href":"https:\/\/dpress.ma\/fr\/wp-json\/wp\/v2\/categories?post=26145"},{"taxonomy":"post_tag","embeddable":true,"href":"https:\/\/dpress.ma\/fr\/wp-json\/wp\/v2\/tags?post=26145"}],"curies":[{"name":"wp","href":"https:\/\/api.w.org\/{rel}","templated":true}]}}