{"id":26131,"date":"2026-03-14T22:05:00","date_gmt":"2026-03-14T22:05:00","guid":{"rendered":"https:\/\/dpress.ma\/fr\/?p=26131"},"modified":"2026-03-15T09:09:12","modified_gmt":"2026-03-15T09:09:12","slug":"casablanca-fatima-ezzahra-el-youmi-remporte-le-1er-prix-du-concours-national-de-memorisation-du-coran-des-enfants-et-orphelins-de-la-famille-de-la-surete-nationale","status":"publish","type":"post","link":"https:\/\/dpress.ma\/fr\/2026\/03\/14\/casablanca-fatima-ezzahra-el-youmi-remporte-le-1er-prix-du-concours-national-de-memorisation-du-coran-des-enfants-et-orphelins-de-la-famille-de-la-surete-nationale\/","title":{"rendered":"Casablanca: Fatima-Ezzahra El Youmi remporte le 1er prix du concours national de m\u00e9morisation du Coran des enfants et orphelins de la famille de la S\u00fbret\u00e9 nationale"},"content":{"rendered":"\n<p>Dpress<\/p>\n\n\n\n<p>&nbsp;Fatima-Ezzahra Elyoumi a remport\u00e9 samedi \u00e0 Casablanca le 1er prix de la premi\u00e8re \u00e9dition du concours national de m\u00e9morisation et de d\u00e9clamation du Coran des enfants et orphelins de la famille de la s\u00fbret\u00e9 nationale dans la cat\u00e9gorie m\u00e9morisation.<\/p>\n\n\n\n<p>A l\u2019issue de cette comp\u00e9tition coranique organis\u00e9e par la Fondation Mohammed VI pour les \u0153uvres sociales des fonctionnaires de la S\u00fbret\u00e9 nationale, en partenariat avec la pr\u00e9fecture de police de Casablanca, la seconde place est revenue \u00e0 Aymen Herouan (Marrakeh), suivi en troisi\u00e8me place par Driss Hanati Idrissi (F\u00e8s).<\/p>\n\n\n\n<p>Dans la cat\u00e9gorie d\u00e9clamation de ce concours avec en lice 142 participants, la premi\u00e8re place a \u00e9t\u00e9 d\u00e9croch\u00e9e par Hosna Bourmia (Mekn\u00e8s), talonn\u00e9e par Safa\u00e2 Zine (Marrakech) et, en troisi\u00e8me place, Abdellah El Youmi (Casablanca).<\/p>\n\n\n\n<p>Dans une d\u00e9claration \u00e0 la MAP, Mohamed Mechmachi, Secr\u00e9taire g\u00e9n\u00e9ral de la Fondation Mohammed VI pour les \u0153uvres sociales des fonctionnaires de la S\u00fbret\u00e9 nationale, a indiqu\u00e9 que l\u2019organisation de concours sur instructions du Directeur G\u00e9n\u00e9ral de la S\u00fbret\u00e9 Nationale et de la surveillance du territoire, s\u2019inscrit dans le cadre de la diversification des prestations destin\u00e9es aux enfants des adh\u00e9rents de la Fondation, avant d\u2019ajouter que cette comp\u00e9tition cherche \u00e0 promouvoir les valeurs religieuses chez les fils et filles de la famille de la S\u00fbret\u00e9 nationale ainsi que leur attachement au Saint Coran.<\/p>\n\n\n\n<p>Il a aussi salu\u00e9 les prestations de participants lors de la phase des qualifications, 142 au total dont 34 ont d\u00e9croch\u00e9 leur ticket pour la finale.<\/p>\n\n\n\n<p>M. Mechmachi a \u00e9galement mis en avant le r\u00f4le agissant des conseils locaux des oul\u00e9mas ainsi que les services r\u00e9gionaux du minist\u00e8re des Habous et des Affaires islamiques dans le succ\u00e8s de ce concours tout comme la contribution des parents des participants ainsi que leurs ma\u00eetres et leurs ma\u00eetresses.<\/p>\n\n\n\n<p>Pour sa part, Mohamed Guerraoui, du conseil local des oul\u00e9mas \u00e0 Nouaceur, membre du jury, a salu\u00e9 cette initiative de la Direction G\u00e9n\u00e9rale de la S\u00fbret\u00e9 Nationale en cela qu\u2019elle permet de d\u00e9couvrir des talents et des vocations dans le registre de la m\u00e9morisation et de la d\u00e9clamation du Saint Coran.<\/p>\n\n\n\n<p>Les laur\u00e9ats ainsi que les 34 finalistes ont re\u00e7u des prix d\u2019excellence et d\u2019encouragement, outre un hommage rendu aux membres du jury de cette premi\u00e8re \u00e9dition qui s\u2019est d\u00e9roul\u00e9e en pr\u00e9sence notamment du Wali de la r\u00e9gion de Casablanca-Settat, Mohamed Mhidia, le pr\u00e9sident du Conseil de la r\u00e9gion de Casablanca-Settat, Abdellatif Ma\u00e2zouz, le Pr\u00e9fet de police de Casablanca, Abdellah El Wardi ainsi que les parents des participants.<\/p>\n","protected":false},"excerpt":{"rendered":"<p>Dpress &nbsp;Fatima-Ezzahra Elyoumi a remport\u00e9 samedi \u00e0 Casablanca le 1er prix de la premi\u00e8re \u00e9dition du concours national de m\u00e9morisation et de d\u00e9clamation du Coran des enfants et orphelins de la famille de la s\u00fbret\u00e9 nationale dans la cat\u00e9gorie m\u00e9morisation. A l\u2019issue de cette comp\u00e9tition coranique organis\u00e9e par la Fondation Mohammed VI pour les \u0153uvres &hellip;<\/p>\n","protected":false},"author":2,"featured_media":26132,"comment_status":"open","ping_status":"open","sticky":false,"template":"","format":"standard","meta":{"footnotes":""},"categories":[40],"tags":[],"class_list":["post-26131","post","type-post","status-publish","format-standard","has-post-thumbnail","hentry","category-societe-et-regions"],"yoast_head":"<!-- This site is optimized with the Yoast SEO plugin v27.5 - https:\/\/yoast.com\/product\/yoast-seo-wordpress\/ -->\n<title>Casablanca: Fatima-Ezzahra El Youmi remporte le 1er prix du concours national de m\u00e9morisation du Coran des enfants et orphelins de la famille de la S\u00fbret\u00e9 nationale - Dpress.ma\/fr<\/title>\n<meta name=\"robots\" content=\"index, follow, max-snippet:-1, max-image-preview:large, max-video-preview:-1\" \/>\n<link rel=\"canonical\" href=\"https:\/\/dpress.ma\/fr\/2026\/03\/14\/casablanca-fatima-ezzahra-el-youmi-remporte-le-1er-prix-du-concours-national-de-memorisation-du-coran-des-enfants-et-orphelins-de-la-famille-de-la-surete-nationale\/\" \/>\n<meta property=\"og:locale\" content=\"fr_FR\" \/>\n<meta property=\"og:type\" content=\"article\" \/>\n<meta property=\"og:title\" content=\"Casablanca: Fatima-Ezzahra El Youmi remporte le 1er prix du concours national de m\u00e9morisation du Coran des enfants et orphelins de la famille de la S\u00fbret\u00e9 nationale - Dpress.ma\/fr\" \/>\n<meta property=\"og:description\" content=\"Dpress &nbsp;Fatima-Ezzahra Elyoumi a remport\u00e9 samedi \u00e0 Casablanca le 1er prix de la premi\u00e8re \u00e9dition du concours national de m\u00e9morisation et de d\u00e9clamation du Coran des enfants et orphelins de la famille de la s\u00fbret\u00e9 nationale dans la cat\u00e9gorie m\u00e9morisation. A l\u2019issue de cette comp\u00e9tition coranique organis\u00e9e par la Fondation Mohammed VI pour les \u0153uvres &hellip;\" \/>\n<meta property=\"og:url\" content=\"https:\/\/dpress.ma\/fr\/2026\/03\/14\/casablanca-fatima-ezzahra-el-youmi-remporte-le-1er-prix-du-concours-national-de-memorisation-du-coran-des-enfants-et-orphelins-de-la-famille-de-la-surete-nationale\/\" \/>\n<meta property=\"og:site_name\" content=\"Dpress.ma\/fr\" \/>\n<meta property=\"article:published_time\" content=\"2026-03-14T22:05:00+00:00\" \/>\n<meta property=\"article:modified_time\" content=\"2026-03-15T09:09:12+00:00\" \/>\n<meta property=\"og:image\" content=\"https:\/\/dpress.ma\/fr\/wp-content\/uploads\/sites\/2\/2026\/03\/79I.png\" \/>\n\t<meta property=\"og:image:width\" content=\"780\" \/>\n\t<meta property=\"og:image:height\" content=\"470\" \/>\n\t<meta property=\"og:image:type\" content=\"image\/png\" \/>\n<meta name=\"author\" content=\"Dpress.ma\" \/>\n<meta name=\"twitter:card\" content=\"summary_large_image\" \/>\n<meta name=\"twitter:label1\" content=\"\u00c9crit par\" \/>\n\t<meta name=\"twitter:data1\" content=\"Dpress.ma\" \/>\n\t<meta name=\"twitter:label2\" content=\"Dur\u00e9e de lecture estim\u00e9e\" \/>\n\t<meta name=\"twitter:data2\" content=\"3 minutes\" \/>\n<script type=\"application\/ld+json\" class=\"yoast-schema-graph\">{\"@context\":\"https:\\\/\\\/schema.org\",\"@graph\":[{\"@type\":\"Article\",\"@id\":\"https:\\\/\\\/dpress.ma\\\/fr\\\/2026\\\/03\\\/14\\\/casablanca-fatima-ezzahra-el-youmi-remporte-le-1er-prix-du-concours-national-de-memorisation-du-coran-des-enfants-et-orphelins-de-la-famille-de-la-surete-nationale\\\/#article\",\"isPartOf\":{\"@id\":\"https:\\\/\\\/dpress.ma\\\/fr\\\/2026\\\/03\\\/14\\\/casablanca-fatima-ezzahra-el-youmi-remporte-le-1er-prix-du-concours-national-de-memorisation-du-coran-des-enfants-et-orphelins-de-la-famille-de-la-surete-nationale\\\/\"},\"author\":{\"name\":\"Dpress.ma\",\"@id\":\"https:\\\/\\\/dpress.ma\\\/fr\\\/#\\\/schema\\\/person\\\/4898febf3ccd59e6578d838656a306a0\"},\"headline\":\"Casablanca: Fatima-Ezzahra El Youmi remporte le 1er prix du concours national de m\u00e9morisation du Coran des enfants et orphelins de la famille de la S\u00fbret\u00e9 nationale\",\"datePublished\":\"2026-03-14T22:05:00+00:00\",\"dateModified\":\"2026-03-15T09:09:12+00:00\",\"mainEntityOfPage\":{\"@id\":\"https:\\\/\\\/dpress.ma\\\/fr\\\/2026\\\/03\\\/14\\\/casablanca-fatima-ezzahra-el-youmi-remporte-le-1er-prix-du-concours-national-de-memorisation-du-coran-des-enfants-et-orphelins-de-la-famille-de-la-surete-nationale\\\/\"},\"wordCount\":496,\"commentCount\":0,\"image\":{\"@id\":\"https:\\\/\\\/dpress.ma\\\/fr\\\/2026\\\/03\\\/14\\\/casablanca-fatima-ezzahra-el-youmi-remporte-le-1er-prix-du-concours-national-de-memorisation-du-coran-des-enfants-et-orphelins-de-la-famille-de-la-surete-nationale\\\/#primaryimage\"},\"thumbnailUrl\":\"https:\\\/\\\/dpress.ma\\\/fr\\\/wp-content\\\/uploads\\\/sites\\\/2\\\/2026\\\/03\\\/79I.png\",\"articleSection\":[\"societe et regions\"],\"inLanguage\":\"fr-FR\",\"potentialAction\":[{\"@type\":\"CommentAction\",\"name\":\"Comment\",\"target\":[\"https:\\\/\\\/dpress.ma\\\/fr\\\/2026\\\/03\\\/14\\\/casablanca-fatima-ezzahra-el-youmi-remporte-le-1er-prix-du-concours-national-de-memorisation-du-coran-des-enfants-et-orphelins-de-la-famille-de-la-surete-nationale\\\/#respond\"]}]},{\"@type\":\"WebPage\",\"@id\":\"https:\\\/\\\/dpress.ma\\\/fr\\\/2026\\\/03\\\/14\\\/casablanca-fatima-ezzahra-el-youmi-remporte-le-1er-prix-du-concours-national-de-memorisation-du-coran-des-enfants-et-orphelins-de-la-famille-de-la-surete-nationale\\\/\",\"url\":\"https:\\\/\\\/dpress.ma\\\/fr\\\/2026\\\/03\\\/14\\\/casablanca-fatima-ezzahra-el-youmi-remporte-le-1er-prix-du-concours-national-de-memorisation-du-coran-des-enfants-et-orphelins-de-la-famille-de-la-surete-nationale\\\/\",\"name\":\"Casablanca: Fatima-Ezzahra El Youmi remporte le 1er prix du concours national de m\u00e9morisation du Coran des enfants et orphelins de la famille de la S\u00fbret\u00e9 nationale - Dpress.ma\\\/fr\",\"isPartOf\":{\"@id\":\"https:\\\/\\\/dpress.ma\\\/fr\\\/#website\"},\"primaryImageOfPage\":{\"@id\":\"https:\\\/\\\/dpress.ma\\\/fr\\\/2026\\\/03\\\/14\\\/casablanca-fatima-ezzahra-el-youmi-remporte-le-1er-prix-du-concours-national-de-memorisation-du-coran-des-enfants-et-orphelins-de-la-famille-de-la-surete-nationale\\\/#primaryimage\"},\"image\":{\"@id\":\"https:\\\/\\\/dpress.ma\\\/fr\\\/2026\\\/03\\\/14\\\/casablanca-fatima-ezzahra-el-youmi-remporte-le-1er-prix-du-concours-national-de-memorisation-du-coran-des-enfants-et-orphelins-de-la-famille-de-la-surete-nationale\\\/#primaryimage\"},\"thumbnailUrl\":\"https:\\\/\\\/dpress.ma\\\/fr\\\/wp-content\\\/uploads\\\/sites\\\/2\\\/2026\\\/03\\\/79I.png\",\"datePublished\":\"2026-03-14T22:05:00+00:00\",\"dateModified\":\"2026-03-15T09:09:12+00:00\",\"author\":{\"@id\":\"https:\\\/\\\/dpress.ma\\\/fr\\\/#\\\/schema\\\/person\\\/4898febf3ccd59e6578d838656a306a0\"},\"breadcrumb\":{\"@id\":\"https:\\\/\\\/dpress.ma\\\/fr\\\/2026\\\/03\\\/14\\\/casablanca-fatima-ezzahra-el-youmi-remporte-le-1er-prix-du-concours-national-de-memorisation-du-coran-des-enfants-et-orphelins-de-la-famille-de-la-surete-nationale\\\/#breadcrumb\"},\"inLanguage\":\"fr-FR\",\"potentialAction\":[{\"@type\":\"ReadAction\",\"target\":[\"https:\\\/\\\/dpress.ma\\\/fr\\\/2026\\\/03\\\/14\\\/casablanca-fatima-ezzahra-el-youmi-remporte-le-1er-prix-du-concours-national-de-memorisation-du-coran-des-enfants-et-orphelins-de-la-famille-de-la-surete-nationale\\\/\"]}]},{\"@type\":\"ImageObject\",\"inLanguage\":\"fr-FR\",\"@id\":\"https:\\\/\\\/dpress.ma\\\/fr\\\/2026\\\/03\\\/14\\\/casablanca-fatima-ezzahra-el-youmi-remporte-le-1er-prix-du-concours-national-de-memorisation-du-coran-des-enfants-et-orphelins-de-la-famille-de-la-surete-nationale\\\/#primaryimage\",\"url\":\"https:\\\/\\\/dpress.ma\\\/fr\\\/wp-content\\\/uploads\\\/sites\\\/2\\\/2026\\\/03\\\/79I.png\",\"contentUrl\":\"https:\\\/\\\/dpress.ma\\\/fr\\\/wp-content\\\/uploads\\\/sites\\\/2\\\/2026\\\/03\\\/79I.png\",\"width\":780,\"height\":470},{\"@type\":\"BreadcrumbList\",\"@id\":\"https:\\\/\\\/dpress.ma\\\/fr\\\/2026\\\/03\\\/14\\\/casablanca-fatima-ezzahra-el-youmi-remporte-le-1er-prix-du-concours-national-de-memorisation-du-coran-des-enfants-et-orphelins-de-la-famille-de-la-surete-nationale\\\/#breadcrumb\",\"itemListElement\":[{\"@type\":\"ListItem\",\"position\":1,\"name\":\"Home\",\"item\":\"https:\\\/\\\/dpress.ma\\\/fr\\\/\"},{\"@type\":\"ListItem\",\"position\":2,\"name\":\"Casablanca: Fatima-Ezzahra El Youmi remporte le 1er prix du concours national de m\u00e9morisation du Coran des enfants et orphelins de la famille de la S\u00fbret\u00e9 nationale\"}]},{\"@type\":\"WebSite\",\"@id\":\"https:\\\/\\\/dpress.ma\\\/fr\\\/#website\",\"url\":\"https:\\\/\\\/dpress.ma\\\/fr\\\/\",\"name\":\"Dpress.ma\\\/fr\",\"description\":\"\",\"potentialAction\":[{\"@type\":\"SearchAction\",\"target\":{\"@type\":\"EntryPoint\",\"urlTemplate\":\"https:\\\/\\\/dpress.ma\\\/fr\\\/?s={search_term_string}\"},\"query-input\":{\"@type\":\"PropertyValueSpecification\",\"valueRequired\":true,\"valueName\":\"search_term_string\"}}],\"inLanguage\":\"fr-FR\"},{\"@type\":\"Person\",\"@id\":\"https:\\\/\\\/dpress.ma\\\/fr\\\/#\\\/schema\\\/person\\\/4898febf3ccd59e6578d838656a306a0\",\"name\":\"Dpress.ma\",\"image\":{\"@type\":\"ImageObject\",\"inLanguage\":\"fr-FR\",\"@id\":\"https:\\\/\\\/secure.gravatar.com\\\/avatar\\\/72ecc30e9db047a2e0e7176561eb9d564ed77c8108376495b19bd8336405198a?s=96&d=mm&r=g\",\"url\":\"https:\\\/\\\/secure.gravatar.com\\\/avatar\\\/72ecc30e9db047a2e0e7176561eb9d564ed77c8108376495b19bd8336405198a?s=96&d=mm&r=g\",\"contentUrl\":\"https:\\\/\\\/secure.gravatar.com\\\/avatar\\\/72ecc30e9db047a2e0e7176561eb9d564ed77c8108376495b19bd8336405198a?s=96&d=mm&r=g\",\"caption\":\"Dpress.ma\"},\"sameAs\":[\"https:\\\/\\\/www.dpress.ma\"],\"url\":\"https:\\\/\\\/dpress.ma\\\/fr\\\/author\\\/dpress-ma\\\/\"}]}<\/script>\n<!-- \/ Yoast SEO plugin. -->","yoast_head_json":{"title":"Casablanca: Fatima-Ezzahra El Youmi remporte le 1er prix du concours national de m\u00e9morisation du Coran des enfants et orphelins de la famille de la S\u00fbret\u00e9 nationale - Dpress.ma\/fr","robots":{"index":"index","follow":"follow","max-snippet":"max-snippet:-1","max-image-preview":"max-image-preview:large","max-video-preview":"max-video-preview:-1"},"canonical":"https:\/\/dpress.ma\/fr\/2026\/03\/14\/casablanca-fatima-ezzahra-el-youmi-remporte-le-1er-prix-du-concours-national-de-memorisation-du-coran-des-enfants-et-orphelins-de-la-famille-de-la-surete-nationale\/","og_locale":"fr_FR","og_type":"article","og_title":"Casablanca: Fatima-Ezzahra El Youmi remporte le 1er prix du concours national de m\u00e9morisation du Coran des enfants et orphelins de la famille de la S\u00fbret\u00e9 nationale - Dpress.ma\/fr","og_description":"Dpress &nbsp;Fatima-Ezzahra Elyoumi a remport\u00e9 samedi \u00e0 Casablanca le 1er prix de la premi\u00e8re \u00e9dition du concours national de m\u00e9morisation et de d\u00e9clamation du Coran des enfants et orphelins de la famille de la s\u00fbret\u00e9 nationale dans la cat\u00e9gorie m\u00e9morisation. A l\u2019issue de cette comp\u00e9tition coranique organis\u00e9e par la Fondation Mohammed VI pour les \u0153uvres &hellip;","og_url":"https:\/\/dpress.ma\/fr\/2026\/03\/14\/casablanca-fatima-ezzahra-el-youmi-remporte-le-1er-prix-du-concours-national-de-memorisation-du-coran-des-enfants-et-orphelins-de-la-famille-de-la-surete-nationale\/","og_site_name":"Dpress.ma\/fr","article_published_time":"2026-03-14T22:05:00+00:00","article_modified_time":"2026-03-15T09:09:12+00:00","og_image":[{"width":780,"height":470,"url":"https:\/\/dpress.ma\/fr\/wp-content\/uploads\/sites\/2\/2026\/03\/79I.png","type":"image\/png"}],"author":"Dpress.ma","twitter_card":"summary_large_image","twitter_misc":{"\u00c9crit par":"Dpress.ma","Dur\u00e9e de lecture estim\u00e9e":"3 minutes"},"schema":{"@context":"https:\/\/schema.org","@graph":[{"@type":"Article","@id":"https:\/\/dpress.ma\/fr\/2026\/03\/14\/casablanca-fatima-ezzahra-el-youmi-remporte-le-1er-prix-du-concours-national-de-memorisation-du-coran-des-enfants-et-orphelins-de-la-famille-de-la-surete-nationale\/#article","isPartOf":{"@id":"https:\/\/dpress.ma\/fr\/2026\/03\/14\/casablanca-fatima-ezzahra-el-youmi-remporte-le-1er-prix-du-concours-national-de-memorisation-du-coran-des-enfants-et-orphelins-de-la-famille-de-la-surete-nationale\/"},"author":{"name":"Dpress.ma","@id":"https:\/\/dpress.ma\/fr\/#\/schema\/person\/4898febf3ccd59e6578d838656a306a0"},"headline":"Casablanca: Fatima-Ezzahra El Youmi remporte le 1er prix du concours national de m\u00e9morisation du Coran des enfants et orphelins de la famille de la S\u00fbret\u00e9 nationale","datePublished":"2026-03-14T22:05:00+00:00","dateModified":"2026-03-15T09:09:12+00:00","mainEntityOfPage":{"@id":"https:\/\/dpress.ma\/fr\/2026\/03\/14\/casablanca-fatima-ezzahra-el-youmi-remporte-le-1er-prix-du-concours-national-de-memorisation-du-coran-des-enfants-et-orphelins-de-la-famille-de-la-surete-nationale\/"},"wordCount":496,"commentCount":0,"image":{"@id":"https:\/\/dpress.ma\/fr\/2026\/03\/14\/casablanca-fatima-ezzahra-el-youmi-remporte-le-1er-prix-du-concours-national-de-memorisation-du-coran-des-enfants-et-orphelins-de-la-famille-de-la-surete-nationale\/#primaryimage"},"thumbnailUrl":"https:\/\/dpress.ma\/fr\/wp-content\/uploads\/sites\/2\/2026\/03\/79I.png","articleSection":["societe et regions"],"inLanguage":"fr-FR","potentialAction":[{"@type":"CommentAction","name":"Comment","target":["https:\/\/dpress.ma\/fr\/2026\/03\/14\/casablanca-fatima-ezzahra-el-youmi-remporte-le-1er-prix-du-concours-national-de-memorisation-du-coran-des-enfants-et-orphelins-de-la-famille-de-la-surete-nationale\/#respond"]}]},{"@type":"WebPage","@id":"https:\/\/dpress.ma\/fr\/2026\/03\/14\/casablanca-fatima-ezzahra-el-youmi-remporte-le-1er-prix-du-concours-national-de-memorisation-du-coran-des-enfants-et-orphelins-de-la-famille-de-la-surete-nationale\/","url":"https:\/\/dpress.ma\/fr\/2026\/03\/14\/casablanca-fatima-ezzahra-el-youmi-remporte-le-1er-prix-du-concours-national-de-memorisation-du-coran-des-enfants-et-orphelins-de-la-famille-de-la-surete-nationale\/","name":"Casablanca: Fatima-Ezzahra El Youmi remporte le 1er prix du concours national de m\u00e9morisation du Coran des enfants et orphelins de la famille de la S\u00fbret\u00e9 nationale - Dpress.ma\/fr","isPartOf":{"@id":"https:\/\/dpress.ma\/fr\/#website"},"primaryImageOfPage":{"@id":"https:\/\/dpress.ma\/fr\/2026\/03\/14\/casablanca-fatima-ezzahra-el-youmi-remporte-le-1er-prix-du-concours-national-de-memorisation-du-coran-des-enfants-et-orphelins-de-la-famille-de-la-surete-nationale\/#primaryimage"},"image":{"@id":"https:\/\/dpress.ma\/fr\/2026\/03\/14\/casablanca-fatima-ezzahra-el-youmi-remporte-le-1er-prix-du-concours-national-de-memorisation-du-coran-des-enfants-et-orphelins-de-la-famille-de-la-surete-nationale\/#primaryimage"},"thumbnailUrl":"https:\/\/dpress.ma\/fr\/wp-content\/uploads\/sites\/2\/2026\/03\/79I.png","datePublished":"2026-03-14T22:05:00+00:00","dateModified":"2026-03-15T09:09:12+00:00","author":{"@id":"https:\/\/dpress.ma\/fr\/#\/schema\/person\/4898febf3ccd59e6578d838656a306a0"},"breadcrumb":{"@id":"https:\/\/dpress.ma\/fr\/2026\/03\/14\/casablanca-fatima-ezzahra-el-youmi-remporte-le-1er-prix-du-concours-national-de-memorisation-du-coran-des-enfants-et-orphelins-de-la-famille-de-la-surete-nationale\/#breadcrumb"},"inLanguage":"fr-FR","potentialAction":[{"@type":"ReadAction","target":["https:\/\/dpress.ma\/fr\/2026\/03\/14\/casablanca-fatima-ezzahra-el-youmi-remporte-le-1er-prix-du-concours-national-de-memorisation-du-coran-des-enfants-et-orphelins-de-la-famille-de-la-surete-nationale\/"]}]},{"@type":"ImageObject","inLanguage":"fr-FR","@id":"https:\/\/dpress.ma\/fr\/2026\/03\/14\/casablanca-fatima-ezzahra-el-youmi-remporte-le-1er-prix-du-concours-national-de-memorisation-du-coran-des-enfants-et-orphelins-de-la-famille-de-la-surete-nationale\/#primaryimage","url":"https:\/\/dpress.ma\/fr\/wp-content\/uploads\/sites\/2\/2026\/03\/79I.png","contentUrl":"https:\/\/dpress.ma\/fr\/wp-content\/uploads\/sites\/2\/2026\/03\/79I.png","width":780,"height":470},{"@type":"BreadcrumbList","@id":"https:\/\/dpress.ma\/fr\/2026\/03\/14\/casablanca-fatima-ezzahra-el-youmi-remporte-le-1er-prix-du-concours-national-de-memorisation-du-coran-des-enfants-et-orphelins-de-la-famille-de-la-surete-nationale\/#breadcrumb","itemListElement":[{"@type":"ListItem","position":1,"name":"Home","item":"https:\/\/dpress.ma\/fr\/"},{"@type":"ListItem","position":2,"name":"Casablanca: Fatima-Ezzahra El Youmi remporte le 1er prix du concours national de m\u00e9morisation du Coran des enfants et orphelins de la famille de la S\u00fbret\u00e9 nationale"}]},{"@type":"WebSite","@id":"https:\/\/dpress.ma\/fr\/#website","url":"https:\/\/dpress.ma\/fr\/","name":"Dpress.ma\/fr","description":"","potentialAction":[{"@type":"SearchAction","target":{"@type":"EntryPoint","urlTemplate":"https:\/\/dpress.ma\/fr\/?s={search_term_string}"},"query-input":{"@type":"PropertyValueSpecification","valueRequired":true,"valueName":"search_term_string"}}],"inLanguage":"fr-FR"},{"@type":"Person","@id":"https:\/\/dpress.ma\/fr\/#\/schema\/person\/4898febf3ccd59e6578d838656a306a0","name":"Dpress.ma","image":{"@type":"ImageObject","inLanguage":"fr-FR","@id":"https:\/\/secure.gravatar.com\/avatar\/72ecc30e9db047a2e0e7176561eb9d564ed77c8108376495b19bd8336405198a?s=96&d=mm&r=g","url":"https:\/\/secure.gravatar.com\/avatar\/72ecc30e9db047a2e0e7176561eb9d564ed77c8108376495b19bd8336405198a?s=96&d=mm&r=g","contentUrl":"https:\/\/secure.gravatar.com\/avatar\/72ecc30e9db047a2e0e7176561eb9d564ed77c8108376495b19bd8336405198a?s=96&d=mm&r=g","caption":"Dpress.ma"},"sameAs":["https:\/\/www.dpress.ma"],"url":"https:\/\/dpress.ma\/fr\/author\/dpress-ma\/"}]}},"amp_enabled":true,"_links":{"self":[{"href":"https:\/\/dpress.ma\/fr\/wp-json\/wp\/v2\/posts\/26131","targetHints":{"allow":["GET"]}}],"collection":[{"href":"https:\/\/dpress.ma\/fr\/wp-json\/wp\/v2\/posts"}],"about":[{"href":"https:\/\/dpress.ma\/fr\/wp-json\/wp\/v2\/types\/post"}],"author":[{"embeddable":true,"href":"https:\/\/dpress.ma\/fr\/wp-json\/wp\/v2\/users\/2"}],"replies":[{"embeddable":true,"href":"https:\/\/dpress.ma\/fr\/wp-json\/wp\/v2\/comments?post=26131"}],"version-history":[{"count":1,"href":"https:\/\/dpress.ma\/fr\/wp-json\/wp\/v2\/posts\/26131\/revisions"}],"predecessor-version":[{"id":26133,"href":"https:\/\/dpress.ma\/fr\/wp-json\/wp\/v2\/posts\/26131\/revisions\/26133"}],"wp:featuredmedia":[{"embeddable":true,"href":"https:\/\/dpress.ma\/fr\/wp-json\/wp\/v2\/media\/26132"}],"wp:attachment":[{"href":"https:\/\/dpress.ma\/fr\/wp-json\/wp\/v2\/media?parent=26131"}],"wp:term":[{"taxonomy":"category","embeddable":true,"href":"https:\/\/dpress.ma\/fr\/wp-json\/wp\/v2\/categories?post=26131"},{"taxonomy":"post_tag","embeddable":true,"href":"https:\/\/dpress.ma\/fr\/wp-json\/wp\/v2\/tags?post=26131"}],"curies":[{"name":"wp","href":"https:\/\/api.w.org\/{rel}","templated":true}]}}