{"id":2612,"date":"2022-11-22T08:44:59","date_gmt":"2022-11-22T08:44:59","guid":{"rendered":"https:\/\/dpress.ma\/fr\/?p=2612"},"modified":"2022-11-22T08:45:02","modified_gmt":"2022-11-22T08:45:02","slug":"reunion-jeudi-du-conseil-de-gouvernement-9","status":"publish","type":"post","link":"https:\/\/dpress.ma\/fr\/2022\/11\/22\/reunion-jeudi-du-conseil-de-gouvernement-9\/","title":{"rendered":"R\u00e9union jeudi du Conseil de gouvernement"},"content":{"rendered":"\n<p>Dpress<\/p>\n\n\n\n<p>&nbsp;Un Conseil de gouvernement se tiendra, jeudi prochain, sous la pr\u00e9sidence du Chef du gouvernement, Aziz Akhannouch.<\/p>\n\n\n\n<p>Au d\u00e9but de ses travaux, le Conseil examinera un projet de loi portant approbation d\u2019un projet de d\u00e9cret fixant les dispositions relatives au Conseil national de la presse, indique lundi un communiqu\u00e9 du d\u00e9partement du chef de gouvernement.<\/p>\n\n\n\n<p>Le Conseil examinera par la suite trois projets de d\u00e9cret, dont le premier porte sur la prolongation de la dur\u00e9e d\u2019effet de l\u2019\u00e9tat d\u2019urgence sanitaire sur l\u2019ensemble du territoire national pour lutter contre la propagation du Covid-19, tandis que le deuxi\u00e8me porte sur la d\u00e9termination du seuil du R\u00e9gime d\u2019assurance maladie obligatoire pour les personnes incapables de couvrir les frais de souscription.<\/p>\n\n\n\n<p>Le troisi\u00e8me projet de d\u00e9cret est relatif au Conseil d\u2019administration de la Caisse Nationale de S\u00e9curit\u00e9 Sociale (CNSS) concernant notamment le r\u00e9gime d\u2019assurance maladie obligatoire pour les personnes incapables de couvrir les frais de souscription, selon la m\u00eame source.<\/p>\n\n\n\n<p>Le Conseil poursuivra ses travaux par l\u2019examen de la Convention 118 sur l\u2019\u00e9galit\u00e9 de traitement des nationaux et des non-nationaux en mati\u00e8re de s\u00e9curit\u00e9 sociale, adopt\u00e9e par la Conf\u00e9rence g\u00e9n\u00e9rale de l\u2019Organisation internationale du travail \u00e0 sa quarante-sixi\u00e8me session tenue \u00e0 Gen\u00e8ve le 28 juin 1962, avec un projet de loi en vertu duquel il approuve cette Convention, ajoute-t-on<\/p>\n\n\n\n<p>Le Conseil ach\u00e8vera ses travaux par l\u2019examen de propositions de nomination \u00e0 de hautes fonctions conform\u00e9ment aux dispositions de l\u2019article 92 de la Constitution.<\/p>\n\n\n\n<p>Le gouvernement tiendra, \u00e0 l\u2019issue des travaux du Conseil, une r\u00e9union d\u00e9di\u00e9e \u00e0 l\u2019examen de quelques propositions de loi, conclut le communiqu\u00e9.<\/p>\n","protected":false},"excerpt":{"rendered":"<p>Dpress &nbsp;Un Conseil de gouvernement se tiendra, jeudi prochain, sous la pr\u00e9sidence du Chef du gouvernement, Aziz Akhannouch. Au d\u00e9but de ses travaux, le Conseil examinera un projet de loi portant approbation d\u2019un projet de d\u00e9cret fixant les dispositions relatives au Conseil national de la presse, indique lundi un communiqu\u00e9 du d\u00e9partement du chef de &hellip;<\/p>\n","protected":false},"author":2,"featured_media":2457,"comment_status":"open","ping_status":"open","sticky":false,"template":"","format":"standard","meta":{"footnotes":""},"categories":[26],"tags":[],"class_list":["post-2612","post","type-post","status-publish","format-standard","has-post-thumbnail","hentry","category-politiques"],"yoast_head":"<!-- This site is optimized with the Yoast SEO plugin v27.5 - https:\/\/yoast.com\/product\/yoast-seo-wordpress\/ -->\n<title>R\u00e9union jeudi du Conseil de gouvernement - Dpress.ma\/fr<\/title>\n<meta name=\"description\" content=\"Un Conseil de gouvernement se tiendra, jeudi prochain, sous la pr\u00e9sidence du Chef du gouvernement, Aziz Akhannouch.\" \/>\n<meta name=\"robots\" content=\"index, follow, max-snippet:-1, max-image-preview:large, max-video-preview:-1\" \/>\n<link rel=\"canonical\" href=\"https:\/\/dpress.ma\/fr\/2022\/11\/22\/reunion-jeudi-du-conseil-de-gouvernement-9\/\" \/>\n<meta property=\"og:locale\" content=\"fr_FR\" \/>\n<meta property=\"og:type\" content=\"article\" \/>\n<meta property=\"og:title\" content=\"R\u00e9union jeudi du Conseil de gouvernement - Dpress.ma\/fr\" \/>\n<meta property=\"og:description\" content=\"Un Conseil de gouvernement se tiendra, jeudi prochain, sous la pr\u00e9sidence du Chef du gouvernement, Aziz Akhannouch.\" \/>\n<meta property=\"og:url\" content=\"https:\/\/dpress.ma\/fr\/2022\/11\/22\/reunion-jeudi-du-conseil-de-gouvernement-9\/\" \/>\n<meta property=\"og:site_name\" content=\"Dpress.ma\/fr\" \/>\n<meta property=\"article:published_time\" content=\"2022-11-22T08:44:59+00:00\" \/>\n<meta property=\"article:modified_time\" content=\"2022-11-22T08:45:02+00:00\" \/>\n<meta property=\"og:image\" content=\"https:\/\/dpress.ma\/fr\/wp-content\/uploads\/sites\/2\/2022\/11\/dimensions2-13.jpg\" \/>\n\t<meta property=\"og:image:width\" content=\"2539\" \/>\n\t<meta property=\"og:image:height\" content=\"1594\" \/>\n\t<meta property=\"og:image:type\" content=\"image\/jpeg\" \/>\n<meta name=\"author\" content=\"Dpress.ma\" \/>\n<meta name=\"twitter:card\" content=\"summary_large_image\" \/>\n<meta name=\"twitter:label1\" content=\"\u00c9crit par\" \/>\n\t<meta name=\"twitter:data1\" content=\"Dpress.ma\" \/>\n\t<meta name=\"twitter:label2\" content=\"Dur\u00e9e de lecture estim\u00e9e\" \/>\n\t<meta name=\"twitter:data2\" content=\"2 minutes\" \/>\n<script type=\"application\/ld+json\" class=\"yoast-schema-graph\">{\"@context\":\"https:\\\/\\\/schema.org\",\"@graph\":[{\"@type\":\"Article\",\"@id\":\"https:\\\/\\\/dpress.ma\\\/fr\\\/2022\\\/11\\\/22\\\/reunion-jeudi-du-conseil-de-gouvernement-9\\\/#article\",\"isPartOf\":{\"@id\":\"https:\\\/\\\/dpress.ma\\\/fr\\\/2022\\\/11\\\/22\\\/reunion-jeudi-du-conseil-de-gouvernement-9\\\/\"},\"author\":{\"name\":\"Dpress.ma\",\"@id\":\"https:\\\/\\\/dpress.ma\\\/fr\\\/#\\\/schema\\\/person\\\/4898febf3ccd59e6578d838656a306a0\"},\"headline\":\"R\u00e9union jeudi du Conseil de gouvernement\",\"datePublished\":\"2022-11-22T08:44:59+00:00\",\"dateModified\":\"2022-11-22T08:45:02+00:00\",\"mainEntityOfPage\":{\"@id\":\"https:\\\/\\\/dpress.ma\\\/fr\\\/2022\\\/11\\\/22\\\/reunion-jeudi-du-conseil-de-gouvernement-9\\\/\"},\"wordCount\":303,\"commentCount\":0,\"image\":{\"@id\":\"https:\\\/\\\/dpress.ma\\\/fr\\\/2022\\\/11\\\/22\\\/reunion-jeudi-du-conseil-de-gouvernement-9\\\/#primaryimage\"},\"thumbnailUrl\":\"https:\\\/\\\/dpress.ma\\\/fr\\\/wp-content\\\/uploads\\\/sites\\\/2\\\/2022\\\/11\\\/dimensions2-13.jpg\",\"articleSection\":[\"Politiques\"],\"inLanguage\":\"fr-FR\",\"potentialAction\":[{\"@type\":\"CommentAction\",\"name\":\"Comment\",\"target\":[\"https:\\\/\\\/dpress.ma\\\/fr\\\/2022\\\/11\\\/22\\\/reunion-jeudi-du-conseil-de-gouvernement-9\\\/#respond\"]}]},{\"@type\":\"WebPage\",\"@id\":\"https:\\\/\\\/dpress.ma\\\/fr\\\/2022\\\/11\\\/22\\\/reunion-jeudi-du-conseil-de-gouvernement-9\\\/\",\"url\":\"https:\\\/\\\/dpress.ma\\\/fr\\\/2022\\\/11\\\/22\\\/reunion-jeudi-du-conseil-de-gouvernement-9\\\/\",\"name\":\"R\u00e9union jeudi du Conseil de gouvernement - Dpress.ma\\\/fr\",\"isPartOf\":{\"@id\":\"https:\\\/\\\/dpress.ma\\\/fr\\\/#website\"},\"primaryImageOfPage\":{\"@id\":\"https:\\\/\\\/dpress.ma\\\/fr\\\/2022\\\/11\\\/22\\\/reunion-jeudi-du-conseil-de-gouvernement-9\\\/#primaryimage\"},\"image\":{\"@id\":\"https:\\\/\\\/dpress.ma\\\/fr\\\/2022\\\/11\\\/22\\\/reunion-jeudi-du-conseil-de-gouvernement-9\\\/#primaryimage\"},\"thumbnailUrl\":\"https:\\\/\\\/dpress.ma\\\/fr\\\/wp-content\\\/uploads\\\/sites\\\/2\\\/2022\\\/11\\\/dimensions2-13.jpg\",\"datePublished\":\"2022-11-22T08:44:59+00:00\",\"dateModified\":\"2022-11-22T08:45:02+00:00\",\"author\":{\"@id\":\"https:\\\/\\\/dpress.ma\\\/fr\\\/#\\\/schema\\\/person\\\/4898febf3ccd59e6578d838656a306a0\"},\"description\":\"Un Conseil de gouvernement se tiendra, jeudi prochain, sous la pr\u00e9sidence du Chef du gouvernement, Aziz Akhannouch.\",\"breadcrumb\":{\"@id\":\"https:\\\/\\\/dpress.ma\\\/fr\\\/2022\\\/11\\\/22\\\/reunion-jeudi-du-conseil-de-gouvernement-9\\\/#breadcrumb\"},\"inLanguage\":\"fr-FR\",\"potentialAction\":[{\"@type\":\"ReadAction\",\"target\":[\"https:\\\/\\\/dpress.ma\\\/fr\\\/2022\\\/11\\\/22\\\/reunion-jeudi-du-conseil-de-gouvernement-9\\\/\"]}]},{\"@type\":\"ImageObject\",\"inLanguage\":\"fr-FR\",\"@id\":\"https:\\\/\\\/dpress.ma\\\/fr\\\/2022\\\/11\\\/22\\\/reunion-jeudi-du-conseil-de-gouvernement-9\\\/#primaryimage\",\"url\":\"https:\\\/\\\/dpress.ma\\\/fr\\\/wp-content\\\/uploads\\\/sites\\\/2\\\/2022\\\/11\\\/dimensions2-13.jpg\",\"contentUrl\":\"https:\\\/\\\/dpress.ma\\\/fr\\\/wp-content\\\/uploads\\\/sites\\\/2\\\/2022\\\/11\\\/dimensions2-13.jpg\",\"width\":2539,\"height\":1594},{\"@type\":\"BreadcrumbList\",\"@id\":\"https:\\\/\\\/dpress.ma\\\/fr\\\/2022\\\/11\\\/22\\\/reunion-jeudi-du-conseil-de-gouvernement-9\\\/#breadcrumb\",\"itemListElement\":[{\"@type\":\"ListItem\",\"position\":1,\"name\":\"Home\",\"item\":\"https:\\\/\\\/dpress.ma\\\/fr\\\/\"},{\"@type\":\"ListItem\",\"position\":2,\"name\":\"R\u00e9union jeudi du Conseil de gouvernement\"}]},{\"@type\":\"WebSite\",\"@id\":\"https:\\\/\\\/dpress.ma\\\/fr\\\/#website\",\"url\":\"https:\\\/\\\/dpress.ma\\\/fr\\\/\",\"name\":\"Dpress.ma\\\/fr\",\"description\":\"\",\"potentialAction\":[{\"@type\":\"SearchAction\",\"target\":{\"@type\":\"EntryPoint\",\"urlTemplate\":\"https:\\\/\\\/dpress.ma\\\/fr\\\/?s={search_term_string}\"},\"query-input\":{\"@type\":\"PropertyValueSpecification\",\"valueRequired\":true,\"valueName\":\"search_term_string\"}}],\"inLanguage\":\"fr-FR\"},{\"@type\":\"Person\",\"@id\":\"https:\\\/\\\/dpress.ma\\\/fr\\\/#\\\/schema\\\/person\\\/4898febf3ccd59e6578d838656a306a0\",\"name\":\"Dpress.ma\",\"image\":{\"@type\":\"ImageObject\",\"inLanguage\":\"fr-FR\",\"@id\":\"https:\\\/\\\/secure.gravatar.com\\\/avatar\\\/72ecc30e9db047a2e0e7176561eb9d564ed77c8108376495b19bd8336405198a?s=96&d=mm&r=g\",\"url\":\"https:\\\/\\\/secure.gravatar.com\\\/avatar\\\/72ecc30e9db047a2e0e7176561eb9d564ed77c8108376495b19bd8336405198a?s=96&d=mm&r=g\",\"contentUrl\":\"https:\\\/\\\/secure.gravatar.com\\\/avatar\\\/72ecc30e9db047a2e0e7176561eb9d564ed77c8108376495b19bd8336405198a?s=96&d=mm&r=g\",\"caption\":\"Dpress.ma\"},\"sameAs\":[\"https:\\\/\\\/www.dpress.ma\"],\"url\":\"https:\\\/\\\/dpress.ma\\\/fr\\\/author\\\/dpress-ma\\\/\"}]}<\/script>\n<!-- \/ Yoast SEO plugin. -->","yoast_head_json":{"title":"R\u00e9union jeudi du Conseil de gouvernement - Dpress.ma\/fr","description":"Un Conseil de gouvernement se tiendra, jeudi prochain, sous la pr\u00e9sidence du Chef du gouvernement, Aziz Akhannouch.","robots":{"index":"index","follow":"follow","max-snippet":"max-snippet:-1","max-image-preview":"max-image-preview:large","max-video-preview":"max-video-preview:-1"},"canonical":"https:\/\/dpress.ma\/fr\/2022\/11\/22\/reunion-jeudi-du-conseil-de-gouvernement-9\/","og_locale":"fr_FR","og_type":"article","og_title":"R\u00e9union jeudi du Conseil de gouvernement - Dpress.ma\/fr","og_description":"Un Conseil de gouvernement se tiendra, jeudi prochain, sous la pr\u00e9sidence du Chef du gouvernement, Aziz Akhannouch.","og_url":"https:\/\/dpress.ma\/fr\/2022\/11\/22\/reunion-jeudi-du-conseil-de-gouvernement-9\/","og_site_name":"Dpress.ma\/fr","article_published_time":"2022-11-22T08:44:59+00:00","article_modified_time":"2022-11-22T08:45:02+00:00","og_image":[{"width":2539,"height":1594,"url":"https:\/\/dpress.ma\/fr\/wp-content\/uploads\/sites\/2\/2022\/11\/dimensions2-13.jpg","type":"image\/jpeg"}],"author":"Dpress.ma","twitter_card":"summary_large_image","twitter_misc":{"\u00c9crit par":"Dpress.ma","Dur\u00e9e de lecture estim\u00e9e":"2 minutes"},"schema":{"@context":"https:\/\/schema.org","@graph":[{"@type":"Article","@id":"https:\/\/dpress.ma\/fr\/2022\/11\/22\/reunion-jeudi-du-conseil-de-gouvernement-9\/#article","isPartOf":{"@id":"https:\/\/dpress.ma\/fr\/2022\/11\/22\/reunion-jeudi-du-conseil-de-gouvernement-9\/"},"author":{"name":"Dpress.ma","@id":"https:\/\/dpress.ma\/fr\/#\/schema\/person\/4898febf3ccd59e6578d838656a306a0"},"headline":"R\u00e9union jeudi du Conseil de gouvernement","datePublished":"2022-11-22T08:44:59+00:00","dateModified":"2022-11-22T08:45:02+00:00","mainEntityOfPage":{"@id":"https:\/\/dpress.ma\/fr\/2022\/11\/22\/reunion-jeudi-du-conseil-de-gouvernement-9\/"},"wordCount":303,"commentCount":0,"image":{"@id":"https:\/\/dpress.ma\/fr\/2022\/11\/22\/reunion-jeudi-du-conseil-de-gouvernement-9\/#primaryimage"},"thumbnailUrl":"https:\/\/dpress.ma\/fr\/wp-content\/uploads\/sites\/2\/2022\/11\/dimensions2-13.jpg","articleSection":["Politiques"],"inLanguage":"fr-FR","potentialAction":[{"@type":"CommentAction","name":"Comment","target":["https:\/\/dpress.ma\/fr\/2022\/11\/22\/reunion-jeudi-du-conseil-de-gouvernement-9\/#respond"]}]},{"@type":"WebPage","@id":"https:\/\/dpress.ma\/fr\/2022\/11\/22\/reunion-jeudi-du-conseil-de-gouvernement-9\/","url":"https:\/\/dpress.ma\/fr\/2022\/11\/22\/reunion-jeudi-du-conseil-de-gouvernement-9\/","name":"R\u00e9union jeudi du Conseil de gouvernement - Dpress.ma\/fr","isPartOf":{"@id":"https:\/\/dpress.ma\/fr\/#website"},"primaryImageOfPage":{"@id":"https:\/\/dpress.ma\/fr\/2022\/11\/22\/reunion-jeudi-du-conseil-de-gouvernement-9\/#primaryimage"},"image":{"@id":"https:\/\/dpress.ma\/fr\/2022\/11\/22\/reunion-jeudi-du-conseil-de-gouvernement-9\/#primaryimage"},"thumbnailUrl":"https:\/\/dpress.ma\/fr\/wp-content\/uploads\/sites\/2\/2022\/11\/dimensions2-13.jpg","datePublished":"2022-11-22T08:44:59+00:00","dateModified":"2022-11-22T08:45:02+00:00","author":{"@id":"https:\/\/dpress.ma\/fr\/#\/schema\/person\/4898febf3ccd59e6578d838656a306a0"},"description":"Un Conseil de gouvernement se tiendra, jeudi prochain, sous la pr\u00e9sidence du Chef du gouvernement, Aziz Akhannouch.","breadcrumb":{"@id":"https:\/\/dpress.ma\/fr\/2022\/11\/22\/reunion-jeudi-du-conseil-de-gouvernement-9\/#breadcrumb"},"inLanguage":"fr-FR","potentialAction":[{"@type":"ReadAction","target":["https:\/\/dpress.ma\/fr\/2022\/11\/22\/reunion-jeudi-du-conseil-de-gouvernement-9\/"]}]},{"@type":"ImageObject","inLanguage":"fr-FR","@id":"https:\/\/dpress.ma\/fr\/2022\/11\/22\/reunion-jeudi-du-conseil-de-gouvernement-9\/#primaryimage","url":"https:\/\/dpress.ma\/fr\/wp-content\/uploads\/sites\/2\/2022\/11\/dimensions2-13.jpg","contentUrl":"https:\/\/dpress.ma\/fr\/wp-content\/uploads\/sites\/2\/2022\/11\/dimensions2-13.jpg","width":2539,"height":1594},{"@type":"BreadcrumbList","@id":"https:\/\/dpress.ma\/fr\/2022\/11\/22\/reunion-jeudi-du-conseil-de-gouvernement-9\/#breadcrumb","itemListElement":[{"@type":"ListItem","position":1,"name":"Home","item":"https:\/\/dpress.ma\/fr\/"},{"@type":"ListItem","position":2,"name":"R\u00e9union jeudi du Conseil de gouvernement"}]},{"@type":"WebSite","@id":"https:\/\/dpress.ma\/fr\/#website","url":"https:\/\/dpress.ma\/fr\/","name":"Dpress.ma\/fr","description":"","potentialAction":[{"@type":"SearchAction","target":{"@type":"EntryPoint","urlTemplate":"https:\/\/dpress.ma\/fr\/?s={search_term_string}"},"query-input":{"@type":"PropertyValueSpecification","valueRequired":true,"valueName":"search_term_string"}}],"inLanguage":"fr-FR"},{"@type":"Person","@id":"https:\/\/dpress.ma\/fr\/#\/schema\/person\/4898febf3ccd59e6578d838656a306a0","name":"Dpress.ma","image":{"@type":"ImageObject","inLanguage":"fr-FR","@id":"https:\/\/secure.gravatar.com\/avatar\/72ecc30e9db047a2e0e7176561eb9d564ed77c8108376495b19bd8336405198a?s=96&d=mm&r=g","url":"https:\/\/secure.gravatar.com\/avatar\/72ecc30e9db047a2e0e7176561eb9d564ed77c8108376495b19bd8336405198a?s=96&d=mm&r=g","contentUrl":"https:\/\/secure.gravatar.com\/avatar\/72ecc30e9db047a2e0e7176561eb9d564ed77c8108376495b19bd8336405198a?s=96&d=mm&r=g","caption":"Dpress.ma"},"sameAs":["https:\/\/www.dpress.ma"],"url":"https:\/\/dpress.ma\/fr\/author\/dpress-ma\/"}]}},"amp_enabled":true,"_links":{"self":[{"href":"https:\/\/dpress.ma\/fr\/wp-json\/wp\/v2\/posts\/2612","targetHints":{"allow":["GET"]}}],"collection":[{"href":"https:\/\/dpress.ma\/fr\/wp-json\/wp\/v2\/posts"}],"about":[{"href":"https:\/\/dpress.ma\/fr\/wp-json\/wp\/v2\/types\/post"}],"author":[{"embeddable":true,"href":"https:\/\/dpress.ma\/fr\/wp-json\/wp\/v2\/users\/2"}],"replies":[{"embeddable":true,"href":"https:\/\/dpress.ma\/fr\/wp-json\/wp\/v2\/comments?post=2612"}],"version-history":[{"count":1,"href":"https:\/\/dpress.ma\/fr\/wp-json\/wp\/v2\/posts\/2612\/revisions"}],"predecessor-version":[{"id":2613,"href":"https:\/\/dpress.ma\/fr\/wp-json\/wp\/v2\/posts\/2612\/revisions\/2613"}],"wp:featuredmedia":[{"embeddable":true,"href":"https:\/\/dpress.ma\/fr\/wp-json\/wp\/v2\/media\/2457"}],"wp:attachment":[{"href":"https:\/\/dpress.ma\/fr\/wp-json\/wp\/v2\/media?parent=2612"}],"wp:term":[{"taxonomy":"category","embeddable":true,"href":"https:\/\/dpress.ma\/fr\/wp-json\/wp\/v2\/categories?post=2612"},{"taxonomy":"post_tag","embeddable":true,"href":"https:\/\/dpress.ma\/fr\/wp-json\/wp\/v2\/tags?post=2612"}],"curies":[{"name":"wp","href":"https:\/\/api.w.org\/{rel}","templated":true}]}}