{"id":26117,"date":"2026-03-14T11:27:31","date_gmt":"2026-03-14T11:27:31","guid":{"rendered":"https:\/\/dpress.ma\/fr\/?p=26117"},"modified":"2026-03-14T11:27:37","modified_gmt":"2026-03-14T11:27:37","slug":"larmee-americaine-frappe-lile-iranienne-de-kharg-les-cibles-militaires-completement-detruites","status":"publish","type":"post","link":"https:\/\/dpress.ma\/fr\/2026\/03\/14\/larmee-americaine-frappe-lile-iranienne-de-kharg-les-cibles-militaires-completement-detruites\/","title":{"rendered":"L\u2019arm\u00e9e am\u00e9ricaine frappe l\u2019\u00eele iranienne de Kharg, les cibles militaires \u201ccompl\u00e8tement d\u00e9truites\u201d"},"content":{"rendered":"\n<p class=\"wp-block-paragraph\">Dpress<\/p>\n\n\n\n<p class=\"wp-block-paragraph\">L\u2019arm\u00e9e am\u00e9ricaine a \u201ccompl\u00e8tement d\u00e9truit\u201d les cibles militaires sur l\u2019\u00eele de Kharg, le hub p\u00e9trolier de l\u2019Iran, a annonc\u00e9 vendredi soir le pr\u00e9sident&nbsp; Donald Trump, qui a menac\u00e9 de s\u2019en prendre aux infrastructures p\u00e9troli\u00e8res de l\u2019\u00eele si le r\u00e9gime iranien entrave la libre circulation des navires dans le d\u00e9troit strat\u00e9gique d\u2019Ormuz.<\/p>\n\n\n\n<p class=\"wp-block-paragraph\">\u201cJ\u2019ai choisi de ne pas d\u00e9truire les infrastructures p\u00e9troli\u00e8res de l\u2019\u00eele. Cependant si l\u2019Iran, ou quiconque d\u2019autre venait \u00e0 faire quoi que ce soit pour entraver le passage libre et s\u00fbr des navires dans le d\u00e9troit d\u2019Ormuz, je reconsid\u00e9rerais imm\u00e9diatement ma d\u00e9cision\u201d, a \u00e9crit le pr\u00e9sident am\u00e9ricain sur sa plateforme Truth Social.<\/p>\n\n\n\n<p class=\"wp-block-paragraph\">Le locataire de la Maison Blanche a affirm\u00e9 que l\u2019arm\u00e9e am\u00e9ricaine \u201ca men\u00e9 l\u2019un des raids a\u00e9riens les plus puissants de l\u2019histoire au Moyen-Orient, et a totalement d\u00e9truit toutes les cibles militaires\u201d sur Kharg.<\/p>\n\n\n\n<p class=\"wp-block-paragraph\">Le pr\u00e9sident Trump a \u00e9galement d\u00e9clar\u00e9 que la marine am\u00e9ricaine allait commencer \u201ctr\u00e8s bient\u00f4t\u201d \u00e0 escorter des p\u00e9troliers dans le d\u00e9troit d\u2019Ormuz, par o\u00f9 transite 20% de la production mondiale d\u2019hydrocarbures.<\/p>\n\n\n\n<p class=\"wp-block-paragraph\">Bande de terre broussailleuse situ\u00e9e dans le nord du Golfe, \u00e0 environ 30 kilom\u00e8tres des c\u00f4tes, Kharg abrite le plus grand terminal d\u2019exportation de p\u00e9trole brut de l\u2019Iran.<\/p>\n\n\n\n<p class=\"wp-block-paragraph\">Plus t\u00f4t dans la journ\u00e9e, les Etats-Unis ont annonc\u00e9 offrir 10 millions de dollars en \u00e9change d\u2019informations qui permettront de savoir o\u00f9 sont dix des plus hauts dirigeants iraniens, dont le nouveau guide supr\u00eame, Mojtaba Khamenei.<\/p>\n\n\n\n<p class=\"wp-block-paragraph\">L\u2019\u00e9tat de sant\u00e9 de Mojtaba Khamenei reste incertain apr\u00e8s qu\u2019il a \u00e9t\u00e9 lui-m\u00eame bless\u00e9 dans un bombardement. Le secr\u00e9taire am\u00e9ricain \u00e0 la Guerre Pete Hegseth a avanc\u00e9 qu\u2019il \u00e9tait \u201cprobablement d\u00e9figur\u00e9\u201d.<\/p>\n\n\n\n<p class=\"wp-block-paragraph\">Selon plusieurs m\u00e9dias am\u00e9ricains, les Etats-Unis vont envoyer prochainement des renforts au Moyen-Orient, dont 2.500 Marines et trois navires de plus.<\/p>\n","protected":false},"excerpt":{"rendered":"<p>Dpress L\u2019arm\u00e9e am\u00e9ricaine a \u201ccompl\u00e8tement d\u00e9truit\u201d les cibles militaires sur l\u2019\u00eele de Kharg, le hub p\u00e9trolier de l\u2019Iran, a annonc\u00e9 vendredi soir le pr\u00e9sident&nbsp; Donald Trump, qui a menac\u00e9 de s\u2019en prendre aux infrastructures p\u00e9troli\u00e8res de l\u2019\u00eele si le r\u00e9gime iranien entrave la libre circulation des navires dans le d\u00e9troit strat\u00e9gique d\u2019Ormuz. \u201cJ\u2019ai choisi de &hellip;<\/p>\n","protected":false},"author":2,"featured_media":26118,"comment_status":"open","ping_status":"open","sticky":false,"template":"","format":"standard","meta":{"footnotes":""},"categories":[42],"tags":[],"class_list":["post-26117","post","type-post","status-publish","format-standard","has-post-thumbnail","hentry","category-monde"],"yoast_head":"<!-- This site is optimized with the Yoast SEO plugin v28.0 - https:\/\/yoast.com\/product\/yoast-seo-wordpress\/ -->\n<title>L\u2019arm\u00e9e am\u00e9ricaine frappe l\u2019\u00eele iranienne de Kharg, les cibles militaires \u201ccompl\u00e8tement d\u00e9truites\u201d - Dpress.ma\/fr<\/title>\n<meta name=\"robots\" content=\"index, follow, max-snippet:-1, max-image-preview:large, max-video-preview:-1\" \/>\n<link rel=\"canonical\" href=\"https:\/\/dpress.ma\/fr\/2026\/03\/14\/larmee-americaine-frappe-lile-iranienne-de-kharg-les-cibles-militaires-completement-detruites\/\" \/>\n<meta property=\"og:locale\" content=\"fr_FR\" \/>\n<meta property=\"og:type\" content=\"article\" \/>\n<meta property=\"og:title\" content=\"L\u2019arm\u00e9e am\u00e9ricaine frappe l\u2019\u00eele iranienne de Kharg, les cibles militaires \u201ccompl\u00e8tement d\u00e9truites\u201d - Dpress.ma\/fr\" \/>\n<meta property=\"og:description\" content=\"Dpress L\u2019arm\u00e9e am\u00e9ricaine a \u201ccompl\u00e8tement d\u00e9truit\u201d les cibles militaires sur l\u2019\u00eele de Kharg, le hub p\u00e9trolier de l\u2019Iran, a annonc\u00e9 vendredi soir le pr\u00e9sident&nbsp; Donald Trump, qui a menac\u00e9 de s\u2019en prendre aux infrastructures p\u00e9troli\u00e8res de l\u2019\u00eele si le r\u00e9gime iranien entrave la libre circulation des navires dans le d\u00e9troit strat\u00e9gique d\u2019Ormuz. \u201cJ\u2019ai choisi de &hellip;\" \/>\n<meta property=\"og:url\" content=\"https:\/\/dpress.ma\/fr\/2026\/03\/14\/larmee-americaine-frappe-lile-iranienne-de-kharg-les-cibles-militaires-completement-detruites\/\" \/>\n<meta property=\"og:site_name\" content=\"Dpress.ma\/fr\" \/>\n<meta property=\"article:published_time\" content=\"2026-03-14T11:27:31+00:00\" \/>\n<meta property=\"article:modified_time\" content=\"2026-03-14T11:27:37+00:00\" \/>\n<meta property=\"og:image\" content=\"https:\/\/dpress.ma\/fr\/wp-content\/uploads\/sites\/2\/2026\/03\/51-5.jpg\" \/>\n\t<meta property=\"og:image:width\" content=\"2539\" \/>\n\t<meta property=\"og:image:height\" content=\"1594\" \/>\n\t<meta property=\"og:image:type\" content=\"image\/jpeg\" \/>\n<meta name=\"author\" content=\"Dpress.ma\" \/>\n<meta name=\"twitter:card\" content=\"summary_large_image\" \/>\n<meta name=\"twitter:label1\" content=\"\u00c9crit par\" \/>\n\t<meta name=\"twitter:data1\" content=\"Dpress.ma\" \/>\n\t<meta name=\"twitter:label2\" content=\"Dur\u00e9e de lecture estim\u00e9e\" \/>\n\t<meta name=\"twitter:data2\" content=\"2 minutes\" \/>\n<script type=\"application\/ld+json\" class=\"yoast-schema-graph\">{\"@context\":\"https:\\\/\\\/schema.org\",\"@graph\":[{\"@type\":\"Article\",\"@id\":\"https:\\\/\\\/dpress.ma\\\/fr\\\/2026\\\/03\\\/14\\\/larmee-americaine-frappe-lile-iranienne-de-kharg-les-cibles-militaires-completement-detruites\\\/#article\",\"isPartOf\":{\"@id\":\"https:\\\/\\\/dpress.ma\\\/fr\\\/2026\\\/03\\\/14\\\/larmee-americaine-frappe-lile-iranienne-de-kharg-les-cibles-militaires-completement-detruites\\\/\"},\"author\":{\"name\":\"Dpress.ma\",\"@id\":\"https:\\\/\\\/dpress.ma\\\/fr\\\/#\\\/schema\\\/person\\\/4898febf3ccd59e6578d838656a306a0\"},\"headline\":\"L\u2019arm\u00e9e am\u00e9ricaine frappe l\u2019\u00eele iranienne de Kharg, les cibles militaires \u201ccompl\u00e8tement d\u00e9truites\u201d\",\"datePublished\":\"2026-03-14T11:27:31+00:00\",\"dateModified\":\"2026-03-14T11:27:37+00:00\",\"mainEntityOfPage\":{\"@id\":\"https:\\\/\\\/dpress.ma\\\/fr\\\/2026\\\/03\\\/14\\\/larmee-americaine-frappe-lile-iranienne-de-kharg-les-cibles-militaires-completement-detruites\\\/\"},\"wordCount\":364,\"commentCount\":0,\"image\":{\"@id\":\"https:\\\/\\\/dpress.ma\\\/fr\\\/2026\\\/03\\\/14\\\/larmee-americaine-frappe-lile-iranienne-de-kharg-les-cibles-militaires-completement-detruites\\\/#primaryimage\"},\"thumbnailUrl\":\"https:\\\/\\\/dpress.ma\\\/fr\\\/wp-content\\\/uploads\\\/sites\\\/2\\\/2026\\\/03\\\/51-5.jpg\",\"articleSection\":[\"monde\"],\"inLanguage\":\"fr-FR\",\"potentialAction\":[{\"@type\":\"CommentAction\",\"name\":\"Comment\",\"target\":[\"https:\\\/\\\/dpress.ma\\\/fr\\\/2026\\\/03\\\/14\\\/larmee-americaine-frappe-lile-iranienne-de-kharg-les-cibles-militaires-completement-detruites\\\/#respond\"]}]},{\"@type\":\"WebPage\",\"@id\":\"https:\\\/\\\/dpress.ma\\\/fr\\\/2026\\\/03\\\/14\\\/larmee-americaine-frappe-lile-iranienne-de-kharg-les-cibles-militaires-completement-detruites\\\/\",\"url\":\"https:\\\/\\\/dpress.ma\\\/fr\\\/2026\\\/03\\\/14\\\/larmee-americaine-frappe-lile-iranienne-de-kharg-les-cibles-militaires-completement-detruites\\\/\",\"name\":\"L\u2019arm\u00e9e am\u00e9ricaine frappe l\u2019\u00eele iranienne de Kharg, les cibles militaires \u201ccompl\u00e8tement d\u00e9truites\u201d - Dpress.ma\\\/fr\",\"isPartOf\":{\"@id\":\"https:\\\/\\\/dpress.ma\\\/fr\\\/#website\"},\"primaryImageOfPage\":{\"@id\":\"https:\\\/\\\/dpress.ma\\\/fr\\\/2026\\\/03\\\/14\\\/larmee-americaine-frappe-lile-iranienne-de-kharg-les-cibles-militaires-completement-detruites\\\/#primaryimage\"},\"image\":{\"@id\":\"https:\\\/\\\/dpress.ma\\\/fr\\\/2026\\\/03\\\/14\\\/larmee-americaine-frappe-lile-iranienne-de-kharg-les-cibles-militaires-completement-detruites\\\/#primaryimage\"},\"thumbnailUrl\":\"https:\\\/\\\/dpress.ma\\\/fr\\\/wp-content\\\/uploads\\\/sites\\\/2\\\/2026\\\/03\\\/51-5.jpg\",\"datePublished\":\"2026-03-14T11:27:31+00:00\",\"dateModified\":\"2026-03-14T11:27:37+00:00\",\"author\":{\"@id\":\"https:\\\/\\\/dpress.ma\\\/fr\\\/#\\\/schema\\\/person\\\/4898febf3ccd59e6578d838656a306a0\"},\"breadcrumb\":{\"@id\":\"https:\\\/\\\/dpress.ma\\\/fr\\\/2026\\\/03\\\/14\\\/larmee-americaine-frappe-lile-iranienne-de-kharg-les-cibles-militaires-completement-detruites\\\/#breadcrumb\"},\"inLanguage\":\"fr-FR\",\"potentialAction\":[{\"@type\":\"ReadAction\",\"target\":[\"https:\\\/\\\/dpress.ma\\\/fr\\\/2026\\\/03\\\/14\\\/larmee-americaine-frappe-lile-iranienne-de-kharg-les-cibles-militaires-completement-detruites\\\/\"]}]},{\"@type\":\"ImageObject\",\"inLanguage\":\"fr-FR\",\"@id\":\"https:\\\/\\\/dpress.ma\\\/fr\\\/2026\\\/03\\\/14\\\/larmee-americaine-frappe-lile-iranienne-de-kharg-les-cibles-militaires-completement-detruites\\\/#primaryimage\",\"url\":\"https:\\\/\\\/dpress.ma\\\/fr\\\/wp-content\\\/uploads\\\/sites\\\/2\\\/2026\\\/03\\\/51-5.jpg\",\"contentUrl\":\"https:\\\/\\\/dpress.ma\\\/fr\\\/wp-content\\\/uploads\\\/sites\\\/2\\\/2026\\\/03\\\/51-5.jpg\",\"width\":2539,\"height\":1594},{\"@type\":\"BreadcrumbList\",\"@id\":\"https:\\\/\\\/dpress.ma\\\/fr\\\/2026\\\/03\\\/14\\\/larmee-americaine-frappe-lile-iranienne-de-kharg-les-cibles-militaires-completement-detruites\\\/#breadcrumb\",\"itemListElement\":[{\"@type\":\"ListItem\",\"position\":1,\"name\":\"Home\",\"item\":\"https:\\\/\\\/dpress.ma\\\/fr\\\/\"},{\"@type\":\"ListItem\",\"position\":2,\"name\":\"L\u2019arm\u00e9e am\u00e9ricaine frappe l\u2019\u00eele iranienne de Kharg, les cibles militaires \u201ccompl\u00e8tement d\u00e9truites\u201d\"}]},{\"@type\":\"WebSite\",\"@id\":\"https:\\\/\\\/dpress.ma\\\/fr\\\/#website\",\"url\":\"https:\\\/\\\/dpress.ma\\\/fr\\\/\",\"name\":\"Dpress.ma\\\/fr\",\"description\":\"\",\"potentialAction\":[{\"@type\":\"SearchAction\",\"target\":{\"@type\":\"EntryPoint\",\"urlTemplate\":\"https:\\\/\\\/dpress.ma\\\/fr\\\/?s={search_term_string}\"},\"query-input\":{\"@type\":\"PropertyValueSpecification\",\"valueRequired\":true,\"valueName\":\"search_term_string\"}}],\"inLanguage\":\"fr-FR\"},{\"@type\":\"Person\",\"@id\":\"https:\\\/\\\/dpress.ma\\\/fr\\\/#\\\/schema\\\/person\\\/4898febf3ccd59e6578d838656a306a0\",\"name\":\"Dpress.ma\",\"image\":{\"@type\":\"ImageObject\",\"inLanguage\":\"fr-FR\",\"@id\":\"https:\\\/\\\/secure.gravatar.com\\\/avatar\\\/72ecc30e9db047a2e0e7176561eb9d564ed77c8108376495b19bd8336405198a?s=96&d=mm&r=g\",\"url\":\"https:\\\/\\\/secure.gravatar.com\\\/avatar\\\/72ecc30e9db047a2e0e7176561eb9d564ed77c8108376495b19bd8336405198a?s=96&d=mm&r=g\",\"contentUrl\":\"https:\\\/\\\/secure.gravatar.com\\\/avatar\\\/72ecc30e9db047a2e0e7176561eb9d564ed77c8108376495b19bd8336405198a?s=96&d=mm&r=g\",\"caption\":\"Dpress.ma\"},\"sameAs\":[\"https:\\\/\\\/www.dpress.ma\"],\"url\":\"https:\\\/\\\/dpress.ma\\\/fr\\\/author\\\/dpress-ma\\\/\"}]}<\/script>\n<!-- \/ Yoast SEO plugin. -->","yoast_head_json":{"title":"L\u2019arm\u00e9e am\u00e9ricaine frappe l\u2019\u00eele iranienne de Kharg, les cibles militaires \u201ccompl\u00e8tement d\u00e9truites\u201d - Dpress.ma\/fr","robots":{"index":"index","follow":"follow","max-snippet":"max-snippet:-1","max-image-preview":"max-image-preview:large","max-video-preview":"max-video-preview:-1"},"canonical":"https:\/\/dpress.ma\/fr\/2026\/03\/14\/larmee-americaine-frappe-lile-iranienne-de-kharg-les-cibles-militaires-completement-detruites\/","og_locale":"fr_FR","og_type":"article","og_title":"L\u2019arm\u00e9e am\u00e9ricaine frappe l\u2019\u00eele iranienne de Kharg, les cibles militaires \u201ccompl\u00e8tement d\u00e9truites\u201d - Dpress.ma\/fr","og_description":"Dpress L\u2019arm\u00e9e am\u00e9ricaine a \u201ccompl\u00e8tement d\u00e9truit\u201d les cibles militaires sur l\u2019\u00eele de Kharg, le hub p\u00e9trolier de l\u2019Iran, a annonc\u00e9 vendredi soir le pr\u00e9sident&nbsp; Donald Trump, qui a menac\u00e9 de s\u2019en prendre aux infrastructures p\u00e9troli\u00e8res de l\u2019\u00eele si le r\u00e9gime iranien entrave la libre circulation des navires dans le d\u00e9troit strat\u00e9gique d\u2019Ormuz. \u201cJ\u2019ai choisi de &hellip;","og_url":"https:\/\/dpress.ma\/fr\/2026\/03\/14\/larmee-americaine-frappe-lile-iranienne-de-kharg-les-cibles-militaires-completement-detruites\/","og_site_name":"Dpress.ma\/fr","article_published_time":"2026-03-14T11:27:31+00:00","article_modified_time":"2026-03-14T11:27:37+00:00","og_image":[{"width":2539,"height":1594,"url":"https:\/\/dpress.ma\/fr\/wp-content\/uploads\/sites\/2\/2026\/03\/51-5.jpg","type":"image\/jpeg"}],"author":"Dpress.ma","twitter_card":"summary_large_image","twitter_misc":{"\u00c9crit par":"Dpress.ma","Dur\u00e9e de lecture estim\u00e9e":"2 minutes"},"schema":{"@context":"https:\/\/schema.org","@graph":[{"@type":"Article","@id":"https:\/\/dpress.ma\/fr\/2026\/03\/14\/larmee-americaine-frappe-lile-iranienne-de-kharg-les-cibles-militaires-completement-detruites\/#article","isPartOf":{"@id":"https:\/\/dpress.ma\/fr\/2026\/03\/14\/larmee-americaine-frappe-lile-iranienne-de-kharg-les-cibles-militaires-completement-detruites\/"},"author":{"name":"Dpress.ma","@id":"https:\/\/dpress.ma\/fr\/#\/schema\/person\/4898febf3ccd59e6578d838656a306a0"},"headline":"L\u2019arm\u00e9e am\u00e9ricaine frappe l\u2019\u00eele iranienne de Kharg, les cibles militaires \u201ccompl\u00e8tement d\u00e9truites\u201d","datePublished":"2026-03-14T11:27:31+00:00","dateModified":"2026-03-14T11:27:37+00:00","mainEntityOfPage":{"@id":"https:\/\/dpress.ma\/fr\/2026\/03\/14\/larmee-americaine-frappe-lile-iranienne-de-kharg-les-cibles-militaires-completement-detruites\/"},"wordCount":364,"commentCount":0,"image":{"@id":"https:\/\/dpress.ma\/fr\/2026\/03\/14\/larmee-americaine-frappe-lile-iranienne-de-kharg-les-cibles-militaires-completement-detruites\/#primaryimage"},"thumbnailUrl":"https:\/\/dpress.ma\/fr\/wp-content\/uploads\/sites\/2\/2026\/03\/51-5.jpg","articleSection":["monde"],"inLanguage":"fr-FR","potentialAction":[{"@type":"CommentAction","name":"Comment","target":["https:\/\/dpress.ma\/fr\/2026\/03\/14\/larmee-americaine-frappe-lile-iranienne-de-kharg-les-cibles-militaires-completement-detruites\/#respond"]}]},{"@type":"WebPage","@id":"https:\/\/dpress.ma\/fr\/2026\/03\/14\/larmee-americaine-frappe-lile-iranienne-de-kharg-les-cibles-militaires-completement-detruites\/","url":"https:\/\/dpress.ma\/fr\/2026\/03\/14\/larmee-americaine-frappe-lile-iranienne-de-kharg-les-cibles-militaires-completement-detruites\/","name":"L\u2019arm\u00e9e am\u00e9ricaine frappe l\u2019\u00eele iranienne de Kharg, les cibles militaires \u201ccompl\u00e8tement d\u00e9truites\u201d - Dpress.ma\/fr","isPartOf":{"@id":"https:\/\/dpress.ma\/fr\/#website"},"primaryImageOfPage":{"@id":"https:\/\/dpress.ma\/fr\/2026\/03\/14\/larmee-americaine-frappe-lile-iranienne-de-kharg-les-cibles-militaires-completement-detruites\/#primaryimage"},"image":{"@id":"https:\/\/dpress.ma\/fr\/2026\/03\/14\/larmee-americaine-frappe-lile-iranienne-de-kharg-les-cibles-militaires-completement-detruites\/#primaryimage"},"thumbnailUrl":"https:\/\/dpress.ma\/fr\/wp-content\/uploads\/sites\/2\/2026\/03\/51-5.jpg","datePublished":"2026-03-14T11:27:31+00:00","dateModified":"2026-03-14T11:27:37+00:00","author":{"@id":"https:\/\/dpress.ma\/fr\/#\/schema\/person\/4898febf3ccd59e6578d838656a306a0"},"breadcrumb":{"@id":"https:\/\/dpress.ma\/fr\/2026\/03\/14\/larmee-americaine-frappe-lile-iranienne-de-kharg-les-cibles-militaires-completement-detruites\/#breadcrumb"},"inLanguage":"fr-FR","potentialAction":[{"@type":"ReadAction","target":["https:\/\/dpress.ma\/fr\/2026\/03\/14\/larmee-americaine-frappe-lile-iranienne-de-kharg-les-cibles-militaires-completement-detruites\/"]}]},{"@type":"ImageObject","inLanguage":"fr-FR","@id":"https:\/\/dpress.ma\/fr\/2026\/03\/14\/larmee-americaine-frappe-lile-iranienne-de-kharg-les-cibles-militaires-completement-detruites\/#primaryimage","url":"https:\/\/dpress.ma\/fr\/wp-content\/uploads\/sites\/2\/2026\/03\/51-5.jpg","contentUrl":"https:\/\/dpress.ma\/fr\/wp-content\/uploads\/sites\/2\/2026\/03\/51-5.jpg","width":2539,"height":1594},{"@type":"BreadcrumbList","@id":"https:\/\/dpress.ma\/fr\/2026\/03\/14\/larmee-americaine-frappe-lile-iranienne-de-kharg-les-cibles-militaires-completement-detruites\/#breadcrumb","itemListElement":[{"@type":"ListItem","position":1,"name":"Home","item":"https:\/\/dpress.ma\/fr\/"},{"@type":"ListItem","position":2,"name":"L\u2019arm\u00e9e am\u00e9ricaine frappe l\u2019\u00eele iranienne de Kharg, les cibles militaires \u201ccompl\u00e8tement d\u00e9truites\u201d"}]},{"@type":"WebSite","@id":"https:\/\/dpress.ma\/fr\/#website","url":"https:\/\/dpress.ma\/fr\/","name":"Dpress.ma\/fr","description":"","potentialAction":[{"@type":"SearchAction","target":{"@type":"EntryPoint","urlTemplate":"https:\/\/dpress.ma\/fr\/?s={search_term_string}"},"query-input":{"@type":"PropertyValueSpecification","valueRequired":true,"valueName":"search_term_string"}}],"inLanguage":"fr-FR"},{"@type":"Person","@id":"https:\/\/dpress.ma\/fr\/#\/schema\/person\/4898febf3ccd59e6578d838656a306a0","name":"Dpress.ma","image":{"@type":"ImageObject","inLanguage":"fr-FR","@id":"https:\/\/secure.gravatar.com\/avatar\/72ecc30e9db047a2e0e7176561eb9d564ed77c8108376495b19bd8336405198a?s=96&d=mm&r=g","url":"https:\/\/secure.gravatar.com\/avatar\/72ecc30e9db047a2e0e7176561eb9d564ed77c8108376495b19bd8336405198a?s=96&d=mm&r=g","contentUrl":"https:\/\/secure.gravatar.com\/avatar\/72ecc30e9db047a2e0e7176561eb9d564ed77c8108376495b19bd8336405198a?s=96&d=mm&r=g","caption":"Dpress.ma"},"sameAs":["https:\/\/www.dpress.ma"],"url":"https:\/\/dpress.ma\/fr\/author\/dpress-ma\/"}]}},"amp_enabled":true,"_links":{"self":[{"href":"https:\/\/dpress.ma\/fr\/wp-json\/wp\/v2\/posts\/26117","targetHints":{"allow":["GET"]}}],"collection":[{"href":"https:\/\/dpress.ma\/fr\/wp-json\/wp\/v2\/posts"}],"about":[{"href":"https:\/\/dpress.ma\/fr\/wp-json\/wp\/v2\/types\/post"}],"author":[{"embeddable":true,"href":"https:\/\/dpress.ma\/fr\/wp-json\/wp\/v2\/users\/2"}],"replies":[{"embeddable":true,"href":"https:\/\/dpress.ma\/fr\/wp-json\/wp\/v2\/comments?post=26117"}],"version-history":[{"count":1,"href":"https:\/\/dpress.ma\/fr\/wp-json\/wp\/v2\/posts\/26117\/revisions"}],"predecessor-version":[{"id":26119,"href":"https:\/\/dpress.ma\/fr\/wp-json\/wp\/v2\/posts\/26117\/revisions\/26119"}],"wp:featuredmedia":[{"embeddable":true,"href":"https:\/\/dpress.ma\/fr\/wp-json\/wp\/v2\/media\/26118"}],"wp:attachment":[{"href":"https:\/\/dpress.ma\/fr\/wp-json\/wp\/v2\/media?parent=26117"}],"wp:term":[{"taxonomy":"category","embeddable":true,"href":"https:\/\/dpress.ma\/fr\/wp-json\/wp\/v2\/categories?post=26117"},{"taxonomy":"post_tag","embeddable":true,"href":"https:\/\/dpress.ma\/fr\/wp-json\/wp\/v2\/tags?post=26117"}],"curies":[{"name":"wp","href":"https:\/\/api.w.org\/{rel}","templated":true}]}}