{"id":26111,"date":"2026-03-14T10:06:12","date_gmt":"2026-03-14T10:06:12","guid":{"rendered":"https:\/\/dpress.ma\/fr\/?p=26111"},"modified":"2026-03-14T10:06:15","modified_gmt":"2026-03-14T10:06:15","slug":"previsions-meteorologiques-pour-le-samedi-14-mars-2026","status":"publish","type":"post","link":"https:\/\/dpress.ma\/fr\/2026\/03\/14\/previsions-meteorologiques-pour-le-samedi-14-mars-2026\/","title":{"rendered":"Pr\u00e9visions m\u00e9t\u00e9orologiques pour le samedi 14 mars 2026"},"content":{"rendered":"\n<p class=\"wp-block-paragraph\">Dpress<\/p>\n\n\n\n<p class=\"wp-block-paragraph\">Voici les pr\u00e9visions&nbsp;m\u00e9t\u00e9orologiques pour le samedi 14 mars 2026, \u00e9tablies par la Direction g\u00e9n\u00e9rale de la m\u00e9t\u00e9orologie:<\/p>\n\n\n\n<p class=\"wp-block-paragraph\">\u2013&nbsp;Temps assez froid sur l\u2019Atlas et ses versants est, les Hauts plateaux orientaux et le Rif.<\/p>\n\n\n\n<p class=\"wp-block-paragraph\">\u2013 Faibles pluies \u00e9parses sur le Rif, le Moyen Atlas et le nord de l\u2019Oriental.<\/p>\n\n\n\n<p class=\"wp-block-paragraph\">\u2013 Ond\u00e9es \u00e9parses sur le Tang\u00e9rois, Loukkos et les plaines atlantiques nord.<\/p>\n\n\n\n<p class=\"wp-block-paragraph\">\u2013 Ciel passag\u00e8rement nuageux sur l\u2019extr\u00eame sud du Royaume.<\/p>\n\n\n\n<p class=\"wp-block-paragraph\">\u2013 Rafales de vent assez fortes sur la M\u00e9diterran\u00e9e, l\u2019Oriental, les c\u00f4tes centre et les&nbsp;provinces sahariennes avec chasse-poussi\u00e8res par endroits.<\/p>\n\n\n\n<p class=\"wp-block-paragraph\">\u2013 Temp\u00e9ratures minimales de l\u2019ordre de -06\/-03\u00b0C sur l\u2019Atlas, de 02\/08\u00b0C sur le Rif et les Hauts&nbsp;plateaux, de 15\/17\u00b0C localement sur les provinces sahariennes et de 08\/13\u00b0C partout&nbsp;ailleurs.<\/p>\n\n\n\n<p class=\"wp-block-paragraph\">\u2013 Temp\u00e9rature diurne en hausse sur le Sud-Est et l\u2019extr\u00eame sud du pays et en baisse partout&nbsp;ailleurs.<\/p>\n\n\n\n<p class=\"wp-block-paragraph\">\u2013 Mer peu agit\u00e9e \u00e0 agit\u00e9e en M\u00e9diterran\u00e9e, sur le D\u00e9troit et le long du littoral atlantique.<\/p>\n","protected":false},"excerpt":{"rendered":"<p>Dpress Voici les pr\u00e9visions&nbsp;m\u00e9t\u00e9orologiques pour le samedi 14 mars 2026, \u00e9tablies par la Direction g\u00e9n\u00e9rale de la m\u00e9t\u00e9orologie: \u2013&nbsp;Temps assez froid sur l\u2019Atlas et ses versants est, les Hauts plateaux orientaux et le Rif. \u2013 Faibles pluies \u00e9parses sur le Rif, le Moyen Atlas et le nord de l\u2019Oriental. \u2013 Ond\u00e9es \u00e9parses sur le Tang\u00e9rois, &hellip;<\/p>\n","protected":false},"author":2,"featured_media":26112,"comment_status":"open","ping_status":"open","sticky":false,"template":"","format":"standard","meta":{"footnotes":""},"categories":[40],"tags":[],"class_list":["post-26111","post","type-post","status-publish","format-standard","has-post-thumbnail","hentry","category-societe-et-regions"],"yoast_head":"<!-- This site is optimized with the Yoast SEO plugin v28.0 - https:\/\/yoast.com\/product\/yoast-seo-wordpress\/ -->\n<title>Pr\u00e9visions m\u00e9t\u00e9orologiques pour le samedi 14 mars 2026 - Dpress.ma\/fr<\/title>\n<meta name=\"robots\" content=\"index, follow, max-snippet:-1, max-image-preview:large, max-video-preview:-1\" \/>\n<link rel=\"canonical\" href=\"https:\/\/dpress.ma\/fr\/2026\/03\/14\/previsions-meteorologiques-pour-le-samedi-14-mars-2026\/\" \/>\n<meta property=\"og:locale\" content=\"fr_FR\" \/>\n<meta property=\"og:type\" content=\"article\" \/>\n<meta property=\"og:title\" content=\"Pr\u00e9visions m\u00e9t\u00e9orologiques pour le samedi 14 mars 2026 - Dpress.ma\/fr\" \/>\n<meta property=\"og:description\" content=\"Dpress Voici les pr\u00e9visions&nbsp;m\u00e9t\u00e9orologiques pour le samedi 14 mars 2026, \u00e9tablies par la Direction g\u00e9n\u00e9rale de la m\u00e9t\u00e9orologie: \u2013&nbsp;Temps assez froid sur l\u2019Atlas et ses versants est, les Hauts plateaux orientaux et le Rif. \u2013 Faibles pluies \u00e9parses sur le Rif, le Moyen Atlas et le nord de l\u2019Oriental. \u2013 Ond\u00e9es \u00e9parses sur le Tang\u00e9rois, &hellip;\" \/>\n<meta property=\"og:url\" content=\"https:\/\/dpress.ma\/fr\/2026\/03\/14\/previsions-meteorologiques-pour-le-samedi-14-mars-2026\/\" \/>\n<meta property=\"og:site_name\" content=\"Dpress.ma\/fr\" \/>\n<meta property=\"article:published_time\" content=\"2026-03-14T10:06:12+00:00\" \/>\n<meta property=\"article:modified_time\" content=\"2026-03-14T10:06:15+00:00\" \/>\n<meta property=\"og:image\" content=\"https:\/\/dpress.ma\/fr\/wp-content\/uploads\/sites\/2\/2026\/03\/25-4.jpg\" \/>\n\t<meta property=\"og:image:width\" content=\"2539\" \/>\n\t<meta property=\"og:image:height\" content=\"1594\" \/>\n\t<meta property=\"og:image:type\" content=\"image\/jpeg\" \/>\n<meta name=\"author\" content=\"Dpress.ma\" \/>\n<meta name=\"twitter:card\" content=\"summary_large_image\" \/>\n<meta name=\"twitter:label1\" content=\"\u00c9crit par\" \/>\n\t<meta name=\"twitter:data1\" content=\"Dpress.ma\" \/>\n\t<meta name=\"twitter:label2\" content=\"Dur\u00e9e de lecture estim\u00e9e\" \/>\n\t<meta name=\"twitter:data2\" content=\"1 minute\" \/>\n<script type=\"application\/ld+json\" class=\"yoast-schema-graph\">{\"@context\":\"https:\\\/\\\/schema.org\",\"@graph\":[{\"@type\":\"Article\",\"@id\":\"https:\\\/\\\/dpress.ma\\\/fr\\\/2026\\\/03\\\/14\\\/previsions-meteorologiques-pour-le-samedi-14-mars-2026\\\/#article\",\"isPartOf\":{\"@id\":\"https:\\\/\\\/dpress.ma\\\/fr\\\/2026\\\/03\\\/14\\\/previsions-meteorologiques-pour-le-samedi-14-mars-2026\\\/\"},\"author\":{\"name\":\"Dpress.ma\",\"@id\":\"https:\\\/\\\/dpress.ma\\\/fr\\\/#\\\/schema\\\/person\\\/4898febf3ccd59e6578d838656a306a0\"},\"headline\":\"Pr\u00e9visions m\u00e9t\u00e9orologiques pour le samedi 14 mars 2026\",\"datePublished\":\"2026-03-14T10:06:12+00:00\",\"dateModified\":\"2026-03-14T10:06:15+00:00\",\"mainEntityOfPage\":{\"@id\":\"https:\\\/\\\/dpress.ma\\\/fr\\\/2026\\\/03\\\/14\\\/previsions-meteorologiques-pour-le-samedi-14-mars-2026\\\/\"},\"wordCount\":194,\"commentCount\":0,\"image\":{\"@id\":\"https:\\\/\\\/dpress.ma\\\/fr\\\/2026\\\/03\\\/14\\\/previsions-meteorologiques-pour-le-samedi-14-mars-2026\\\/#primaryimage\"},\"thumbnailUrl\":\"https:\\\/\\\/dpress.ma\\\/fr\\\/wp-content\\\/uploads\\\/sites\\\/2\\\/2026\\\/03\\\/25-4.jpg\",\"articleSection\":[\"societe et regions\"],\"inLanguage\":\"fr-FR\",\"potentialAction\":[{\"@type\":\"CommentAction\",\"name\":\"Comment\",\"target\":[\"https:\\\/\\\/dpress.ma\\\/fr\\\/2026\\\/03\\\/14\\\/previsions-meteorologiques-pour-le-samedi-14-mars-2026\\\/#respond\"]}]},{\"@type\":\"WebPage\",\"@id\":\"https:\\\/\\\/dpress.ma\\\/fr\\\/2026\\\/03\\\/14\\\/previsions-meteorologiques-pour-le-samedi-14-mars-2026\\\/\",\"url\":\"https:\\\/\\\/dpress.ma\\\/fr\\\/2026\\\/03\\\/14\\\/previsions-meteorologiques-pour-le-samedi-14-mars-2026\\\/\",\"name\":\"Pr\u00e9visions m\u00e9t\u00e9orologiques pour le samedi 14 mars 2026 - Dpress.ma\\\/fr\",\"isPartOf\":{\"@id\":\"https:\\\/\\\/dpress.ma\\\/fr\\\/#website\"},\"primaryImageOfPage\":{\"@id\":\"https:\\\/\\\/dpress.ma\\\/fr\\\/2026\\\/03\\\/14\\\/previsions-meteorologiques-pour-le-samedi-14-mars-2026\\\/#primaryimage\"},\"image\":{\"@id\":\"https:\\\/\\\/dpress.ma\\\/fr\\\/2026\\\/03\\\/14\\\/previsions-meteorologiques-pour-le-samedi-14-mars-2026\\\/#primaryimage\"},\"thumbnailUrl\":\"https:\\\/\\\/dpress.ma\\\/fr\\\/wp-content\\\/uploads\\\/sites\\\/2\\\/2026\\\/03\\\/25-4.jpg\",\"datePublished\":\"2026-03-14T10:06:12+00:00\",\"dateModified\":\"2026-03-14T10:06:15+00:00\",\"author\":{\"@id\":\"https:\\\/\\\/dpress.ma\\\/fr\\\/#\\\/schema\\\/person\\\/4898febf3ccd59e6578d838656a306a0\"},\"breadcrumb\":{\"@id\":\"https:\\\/\\\/dpress.ma\\\/fr\\\/2026\\\/03\\\/14\\\/previsions-meteorologiques-pour-le-samedi-14-mars-2026\\\/#breadcrumb\"},\"inLanguage\":\"fr-FR\",\"potentialAction\":[{\"@type\":\"ReadAction\",\"target\":[\"https:\\\/\\\/dpress.ma\\\/fr\\\/2026\\\/03\\\/14\\\/previsions-meteorologiques-pour-le-samedi-14-mars-2026\\\/\"]}]},{\"@type\":\"ImageObject\",\"inLanguage\":\"fr-FR\",\"@id\":\"https:\\\/\\\/dpress.ma\\\/fr\\\/2026\\\/03\\\/14\\\/previsions-meteorologiques-pour-le-samedi-14-mars-2026\\\/#primaryimage\",\"url\":\"https:\\\/\\\/dpress.ma\\\/fr\\\/wp-content\\\/uploads\\\/sites\\\/2\\\/2026\\\/03\\\/25-4.jpg\",\"contentUrl\":\"https:\\\/\\\/dpress.ma\\\/fr\\\/wp-content\\\/uploads\\\/sites\\\/2\\\/2026\\\/03\\\/25-4.jpg\",\"width\":2539,\"height\":1594},{\"@type\":\"BreadcrumbList\",\"@id\":\"https:\\\/\\\/dpress.ma\\\/fr\\\/2026\\\/03\\\/14\\\/previsions-meteorologiques-pour-le-samedi-14-mars-2026\\\/#breadcrumb\",\"itemListElement\":[{\"@type\":\"ListItem\",\"position\":1,\"name\":\"Home\",\"item\":\"https:\\\/\\\/dpress.ma\\\/fr\\\/\"},{\"@type\":\"ListItem\",\"position\":2,\"name\":\"Pr\u00e9visions m\u00e9t\u00e9orologiques pour le samedi 14 mars 2026\"}]},{\"@type\":\"WebSite\",\"@id\":\"https:\\\/\\\/dpress.ma\\\/fr\\\/#website\",\"url\":\"https:\\\/\\\/dpress.ma\\\/fr\\\/\",\"name\":\"Dpress.ma\\\/fr\",\"description\":\"\",\"potentialAction\":[{\"@type\":\"SearchAction\",\"target\":{\"@type\":\"EntryPoint\",\"urlTemplate\":\"https:\\\/\\\/dpress.ma\\\/fr\\\/?s={search_term_string}\"},\"query-input\":{\"@type\":\"PropertyValueSpecification\",\"valueRequired\":true,\"valueName\":\"search_term_string\"}}],\"inLanguage\":\"fr-FR\"},{\"@type\":\"Person\",\"@id\":\"https:\\\/\\\/dpress.ma\\\/fr\\\/#\\\/schema\\\/person\\\/4898febf3ccd59e6578d838656a306a0\",\"name\":\"Dpress.ma\",\"image\":{\"@type\":\"ImageObject\",\"inLanguage\":\"fr-FR\",\"@id\":\"https:\\\/\\\/secure.gravatar.com\\\/avatar\\\/72ecc30e9db047a2e0e7176561eb9d564ed77c8108376495b19bd8336405198a?s=96&d=mm&r=g\",\"url\":\"https:\\\/\\\/secure.gravatar.com\\\/avatar\\\/72ecc30e9db047a2e0e7176561eb9d564ed77c8108376495b19bd8336405198a?s=96&d=mm&r=g\",\"contentUrl\":\"https:\\\/\\\/secure.gravatar.com\\\/avatar\\\/72ecc30e9db047a2e0e7176561eb9d564ed77c8108376495b19bd8336405198a?s=96&d=mm&r=g\",\"caption\":\"Dpress.ma\"},\"sameAs\":[\"https:\\\/\\\/www.dpress.ma\"],\"url\":\"https:\\\/\\\/dpress.ma\\\/fr\\\/author\\\/dpress-ma\\\/\"}]}<\/script>\n<!-- \/ Yoast SEO plugin. -->","yoast_head_json":{"title":"Pr\u00e9visions m\u00e9t\u00e9orologiques pour le samedi 14 mars 2026 - Dpress.ma\/fr","robots":{"index":"index","follow":"follow","max-snippet":"max-snippet:-1","max-image-preview":"max-image-preview:large","max-video-preview":"max-video-preview:-1"},"canonical":"https:\/\/dpress.ma\/fr\/2026\/03\/14\/previsions-meteorologiques-pour-le-samedi-14-mars-2026\/","og_locale":"fr_FR","og_type":"article","og_title":"Pr\u00e9visions m\u00e9t\u00e9orologiques pour le samedi 14 mars 2026 - Dpress.ma\/fr","og_description":"Dpress Voici les pr\u00e9visions&nbsp;m\u00e9t\u00e9orologiques pour le samedi 14 mars 2026, \u00e9tablies par la Direction g\u00e9n\u00e9rale de la m\u00e9t\u00e9orologie: \u2013&nbsp;Temps assez froid sur l\u2019Atlas et ses versants est, les Hauts plateaux orientaux et le Rif. \u2013 Faibles pluies \u00e9parses sur le Rif, le Moyen Atlas et le nord de l\u2019Oriental. \u2013 Ond\u00e9es \u00e9parses sur le Tang\u00e9rois, &hellip;","og_url":"https:\/\/dpress.ma\/fr\/2026\/03\/14\/previsions-meteorologiques-pour-le-samedi-14-mars-2026\/","og_site_name":"Dpress.ma\/fr","article_published_time":"2026-03-14T10:06:12+00:00","article_modified_time":"2026-03-14T10:06:15+00:00","og_image":[{"width":2539,"height":1594,"url":"https:\/\/dpress.ma\/fr\/wp-content\/uploads\/sites\/2\/2026\/03\/25-4.jpg","type":"image\/jpeg"}],"author":"Dpress.ma","twitter_card":"summary_large_image","twitter_misc":{"\u00c9crit par":"Dpress.ma","Dur\u00e9e de lecture estim\u00e9e":"1 minute"},"schema":{"@context":"https:\/\/schema.org","@graph":[{"@type":"Article","@id":"https:\/\/dpress.ma\/fr\/2026\/03\/14\/previsions-meteorologiques-pour-le-samedi-14-mars-2026\/#article","isPartOf":{"@id":"https:\/\/dpress.ma\/fr\/2026\/03\/14\/previsions-meteorologiques-pour-le-samedi-14-mars-2026\/"},"author":{"name":"Dpress.ma","@id":"https:\/\/dpress.ma\/fr\/#\/schema\/person\/4898febf3ccd59e6578d838656a306a0"},"headline":"Pr\u00e9visions m\u00e9t\u00e9orologiques pour le samedi 14 mars 2026","datePublished":"2026-03-14T10:06:12+00:00","dateModified":"2026-03-14T10:06:15+00:00","mainEntityOfPage":{"@id":"https:\/\/dpress.ma\/fr\/2026\/03\/14\/previsions-meteorologiques-pour-le-samedi-14-mars-2026\/"},"wordCount":194,"commentCount":0,"image":{"@id":"https:\/\/dpress.ma\/fr\/2026\/03\/14\/previsions-meteorologiques-pour-le-samedi-14-mars-2026\/#primaryimage"},"thumbnailUrl":"https:\/\/dpress.ma\/fr\/wp-content\/uploads\/sites\/2\/2026\/03\/25-4.jpg","articleSection":["societe et regions"],"inLanguage":"fr-FR","potentialAction":[{"@type":"CommentAction","name":"Comment","target":["https:\/\/dpress.ma\/fr\/2026\/03\/14\/previsions-meteorologiques-pour-le-samedi-14-mars-2026\/#respond"]}]},{"@type":"WebPage","@id":"https:\/\/dpress.ma\/fr\/2026\/03\/14\/previsions-meteorologiques-pour-le-samedi-14-mars-2026\/","url":"https:\/\/dpress.ma\/fr\/2026\/03\/14\/previsions-meteorologiques-pour-le-samedi-14-mars-2026\/","name":"Pr\u00e9visions m\u00e9t\u00e9orologiques pour le samedi 14 mars 2026 - Dpress.ma\/fr","isPartOf":{"@id":"https:\/\/dpress.ma\/fr\/#website"},"primaryImageOfPage":{"@id":"https:\/\/dpress.ma\/fr\/2026\/03\/14\/previsions-meteorologiques-pour-le-samedi-14-mars-2026\/#primaryimage"},"image":{"@id":"https:\/\/dpress.ma\/fr\/2026\/03\/14\/previsions-meteorologiques-pour-le-samedi-14-mars-2026\/#primaryimage"},"thumbnailUrl":"https:\/\/dpress.ma\/fr\/wp-content\/uploads\/sites\/2\/2026\/03\/25-4.jpg","datePublished":"2026-03-14T10:06:12+00:00","dateModified":"2026-03-14T10:06:15+00:00","author":{"@id":"https:\/\/dpress.ma\/fr\/#\/schema\/person\/4898febf3ccd59e6578d838656a306a0"},"breadcrumb":{"@id":"https:\/\/dpress.ma\/fr\/2026\/03\/14\/previsions-meteorologiques-pour-le-samedi-14-mars-2026\/#breadcrumb"},"inLanguage":"fr-FR","potentialAction":[{"@type":"ReadAction","target":["https:\/\/dpress.ma\/fr\/2026\/03\/14\/previsions-meteorologiques-pour-le-samedi-14-mars-2026\/"]}]},{"@type":"ImageObject","inLanguage":"fr-FR","@id":"https:\/\/dpress.ma\/fr\/2026\/03\/14\/previsions-meteorologiques-pour-le-samedi-14-mars-2026\/#primaryimage","url":"https:\/\/dpress.ma\/fr\/wp-content\/uploads\/sites\/2\/2026\/03\/25-4.jpg","contentUrl":"https:\/\/dpress.ma\/fr\/wp-content\/uploads\/sites\/2\/2026\/03\/25-4.jpg","width":2539,"height":1594},{"@type":"BreadcrumbList","@id":"https:\/\/dpress.ma\/fr\/2026\/03\/14\/previsions-meteorologiques-pour-le-samedi-14-mars-2026\/#breadcrumb","itemListElement":[{"@type":"ListItem","position":1,"name":"Home","item":"https:\/\/dpress.ma\/fr\/"},{"@type":"ListItem","position":2,"name":"Pr\u00e9visions m\u00e9t\u00e9orologiques pour le samedi 14 mars 2026"}]},{"@type":"WebSite","@id":"https:\/\/dpress.ma\/fr\/#website","url":"https:\/\/dpress.ma\/fr\/","name":"Dpress.ma\/fr","description":"","potentialAction":[{"@type":"SearchAction","target":{"@type":"EntryPoint","urlTemplate":"https:\/\/dpress.ma\/fr\/?s={search_term_string}"},"query-input":{"@type":"PropertyValueSpecification","valueRequired":true,"valueName":"search_term_string"}}],"inLanguage":"fr-FR"},{"@type":"Person","@id":"https:\/\/dpress.ma\/fr\/#\/schema\/person\/4898febf3ccd59e6578d838656a306a0","name":"Dpress.ma","image":{"@type":"ImageObject","inLanguage":"fr-FR","@id":"https:\/\/secure.gravatar.com\/avatar\/72ecc30e9db047a2e0e7176561eb9d564ed77c8108376495b19bd8336405198a?s=96&d=mm&r=g","url":"https:\/\/secure.gravatar.com\/avatar\/72ecc30e9db047a2e0e7176561eb9d564ed77c8108376495b19bd8336405198a?s=96&d=mm&r=g","contentUrl":"https:\/\/secure.gravatar.com\/avatar\/72ecc30e9db047a2e0e7176561eb9d564ed77c8108376495b19bd8336405198a?s=96&d=mm&r=g","caption":"Dpress.ma"},"sameAs":["https:\/\/www.dpress.ma"],"url":"https:\/\/dpress.ma\/fr\/author\/dpress-ma\/"}]}},"amp_enabled":true,"_links":{"self":[{"href":"https:\/\/dpress.ma\/fr\/wp-json\/wp\/v2\/posts\/26111","targetHints":{"allow":["GET"]}}],"collection":[{"href":"https:\/\/dpress.ma\/fr\/wp-json\/wp\/v2\/posts"}],"about":[{"href":"https:\/\/dpress.ma\/fr\/wp-json\/wp\/v2\/types\/post"}],"author":[{"embeddable":true,"href":"https:\/\/dpress.ma\/fr\/wp-json\/wp\/v2\/users\/2"}],"replies":[{"embeddable":true,"href":"https:\/\/dpress.ma\/fr\/wp-json\/wp\/v2\/comments?post=26111"}],"version-history":[{"count":1,"href":"https:\/\/dpress.ma\/fr\/wp-json\/wp\/v2\/posts\/26111\/revisions"}],"predecessor-version":[{"id":26113,"href":"https:\/\/dpress.ma\/fr\/wp-json\/wp\/v2\/posts\/26111\/revisions\/26113"}],"wp:featuredmedia":[{"embeddable":true,"href":"https:\/\/dpress.ma\/fr\/wp-json\/wp\/v2\/media\/26112"}],"wp:attachment":[{"href":"https:\/\/dpress.ma\/fr\/wp-json\/wp\/v2\/media?parent=26111"}],"wp:term":[{"taxonomy":"category","embeddable":true,"href":"https:\/\/dpress.ma\/fr\/wp-json\/wp\/v2\/categories?post=26111"},{"taxonomy":"post_tag","embeddable":true,"href":"https:\/\/dpress.ma\/fr\/wp-json\/wp\/v2\/tags?post=26111"}],"curies":[{"name":"wp","href":"https:\/\/api.w.org\/{rel}","templated":true}]}}