{"id":26108,"date":"2026-03-14T10:02:37","date_gmt":"2026-03-14T10:02:37","guid":{"rendered":"https:\/\/dpress.ma\/fr\/?p=26108"},"modified":"2026-03-14T10:02:38","modified_gmt":"2026-03-14T10:02:38","slug":"un-iftar-ramadanesque-reunit-les-marocains-damsterdam-dans-un-esprit-de-communion-et-de-fraternite","status":"publish","type":"post","link":"https:\/\/dpress.ma\/fr\/2026\/03\/14\/un-iftar-ramadanesque-reunit-les-marocains-damsterdam-dans-un-esprit-de-communion-et-de-fraternite\/","title":{"rendered":"Un Iftar ramadanesque r\u00e9unit les Marocains d\u2019Amsterdam dans un esprit de communion et de fraternit\u00e9"},"content":{"rendered":"\n<p class=\"wp-block-paragraph\">Dpress<\/p>\n\n\n\n<p class=\"wp-block-paragraph\">Le Consulat g\u00e9n\u00e9ral du Maroc \u00e0 Amsterdam a organis\u00e9, vendredi, une c\u00e9r\u00e9monie d\u2019Iftar qui a r\u00e9uni des membres de la communaut\u00e9 marocaine install\u00e9e aux Pays-Bas, dans un esprit de communion, de fraternit\u00e9 et de solidarit\u00e9 propre au mois sacr\u00e9 du Ramadan.<\/p>\n\n\n\n<p class=\"wp-block-paragraph\">Cette rencontre, qui a connu la participation d\u2019acteurs associatifs, de personnalit\u00e9s du monde de la culture et des cadres du Consulat g\u00e9n\u00e9ral, a mis en exergue la solidit\u00e9 des liens qui unissent les Marocains \u00e9tablis aux Pays-Bas avec la M\u00e8re Patrie.<\/p>\n\n\n\n<p class=\"wp-block-paragraph\">Ont \u00e9galement pris part \u00e0 cette initiative des imams, pr\u00e9dicateurs et pr\u00e9dicatrices, membres de la mission religieuse marocaine d\u00e9ploy\u00e9e aux Pays-Bas par le minist\u00e8re des Habous et des Affaires islamiques ainsi que par la Fondation Hassan II pour les Marocains r\u00e9sidant \u00e0 l\u2019\u00e9tranger, afin d\u2019accompagner et d\u2019encadrer les membres de la communaut\u00e9 marocaine \u00e0 l\u2019occasion du mois de Ramadan.<\/p>\n\n\n\n<p class=\"wp-block-paragraph\">Cet Iftar s\u2019inscrit dans le cadre des efforts d\u00e9ploy\u00e9s par le Consulat en vue de renforcer la communication avec les membres de la communaut\u00e9 marocaine et \u00eatre \u00e0 l\u2019\u00e9coute de leurs pr\u00e9occupations et de leurs attentes, afin de contribuer au renforcement de leur attachement \u00e0 leur identit\u00e9 nationale et \u00e0 la pr\u00e9servation des valeurs marocaines authentiques.<\/p>\n\n\n\n<p class=\"wp-block-paragraph\">Dans une allocution \u00e0 cette occasion, le Consul g\u00e9n\u00e9ral du Royaume \u00e0 Amsterdam, Salim Lahjomri, a indiqu\u00e9 que le mois de Ramadan offre l\u2019occasion de promouvoir l\u2019esprit de solidarit\u00e9 et de fraternit\u00e9 au sein de la diaspora marocaine et r\u00e9affirmer les liens ind\u00e9fectibles avec le pays d\u2019origine.<\/p>\n\n\n\n<p class=\"wp-block-paragraph\">Les initiatives de ce genre s\u2019inscrivent dans le cadre d\u2019une approche de proximit\u00e9 et de communication permanente avec les membres de la communaut\u00e9 marocaine, a-t-il soulign\u00e9, mettant l\u2019accent sur le r\u00f4le essentiel que jouent les Marocains du Monde dans le rayonnement du Maroc et la mise en avant de ses valeurs civilisationnelles dans les pays de r\u00e9sidence.<\/p>\n\n\n\n<p class=\"wp-block-paragraph\">Par ailleurs, M. Lahjomri a relev\u00e9 que le Maroc, sous la conduite \u00e9clair\u00e9e de SM le Roi Mohammed VI, continue de consolider son mod\u00e8le religieux fond\u00e9 sur la mod\u00e9ration, la tol\u00e9rance et l\u2019ouverture, un mod\u00e8le qui puise sa force dans le r\u00e9f\u00e9rentiel religieux du Royaume bas\u00e9 sur l\u2019institution d\u2019Imarat Al Mouminine, qui permet l\u2019unit\u00e9 de la doctrine et du rite et consacre un Islam du juste milieu.<\/p>\n\n\n\n<p class=\"wp-block-paragraph\">Ce mod\u00e8le religieux marocain, bas\u00e9 sur rite mal\u00e9kite, la doctrine ach\u2019arite et le soufisme sunnite, offre un cadre spirituel qui favorise les valeurs de coexistence et de dialogue entre les culture et les religions, et fait de l\u2019exp\u00e9rience marocaine un mod\u00e8le singulier en mati\u00e8re de promotion de la culture de mod\u00e9ration et de la s\u00e9curit\u00e9 spirituelle, a-t-il ajout\u00e9.<\/p>\n\n\n\n<p class=\"wp-block-paragraph\">Les participants \u00e0 cette rencontre ramadanesque ont \u00e9galement insist\u00e9 sur l\u2019importance de la solidarit\u00e9 au sein de la communaut\u00e9 marocaine \u00e0 l\u2019\u00e9tranger et de la pr\u00e9servation de son identit\u00e9 culturelle et religieuse, tout en soulignant son r\u00f4le en tant que passerelle de dialogue civilisationnel et humain entre le Maroc et le pays d\u2019accueil.<\/p>\n","protected":false},"excerpt":{"rendered":"<p>Dpress Le Consulat g\u00e9n\u00e9ral du Maroc \u00e0 Amsterdam a organis\u00e9, vendredi, une c\u00e9r\u00e9monie d\u2019Iftar qui a r\u00e9uni des membres de la communaut\u00e9 marocaine install\u00e9e aux Pays-Bas, dans un esprit de communion, de fraternit\u00e9 et de solidarit\u00e9 propre au mois sacr\u00e9 du Ramadan. Cette rencontre, qui a connu la participation d\u2019acteurs associatifs, de personnalit\u00e9s du monde &hellip;<\/p>\n","protected":false},"author":2,"featured_media":26109,"comment_status":"open","ping_status":"open","sticky":false,"template":"","format":"standard","meta":{"footnotes":""},"categories":[32,42],"tags":[],"class_list":["post-26108","post","type-post","status-publish","format-standard","has-post-thumbnail","hentry","category-espace-marocain-du-monde","category-monde"],"yoast_head":"<!-- This site is optimized with the Yoast SEO plugin v28.0 - https:\/\/yoast.com\/product\/yoast-seo-wordpress\/ -->\n<title>Un Iftar ramadanesque r\u00e9unit les Marocains d\u2019Amsterdam dans un esprit de communion et de fraternit\u00e9 - Dpress.ma\/fr<\/title>\n<meta name=\"robots\" content=\"index, follow, max-snippet:-1, max-image-preview:large, max-video-preview:-1\" \/>\n<link rel=\"canonical\" href=\"https:\/\/dpress.ma\/fr\/2026\/03\/14\/un-iftar-ramadanesque-reunit-les-marocains-damsterdam-dans-un-esprit-de-communion-et-de-fraternite\/\" \/>\n<meta property=\"og:locale\" content=\"fr_FR\" \/>\n<meta property=\"og:type\" content=\"article\" \/>\n<meta property=\"og:title\" content=\"Un Iftar ramadanesque r\u00e9unit les Marocains d\u2019Amsterdam dans un esprit de communion et de fraternit\u00e9 - Dpress.ma\/fr\" \/>\n<meta property=\"og:description\" content=\"Dpress Le Consulat g\u00e9n\u00e9ral du Maroc \u00e0 Amsterdam a organis\u00e9, vendredi, une c\u00e9r\u00e9monie d\u2019Iftar qui a r\u00e9uni des membres de la communaut\u00e9 marocaine install\u00e9e aux Pays-Bas, dans un esprit de communion, de fraternit\u00e9 et de solidarit\u00e9 propre au mois sacr\u00e9 du Ramadan. Cette rencontre, qui a connu la participation d\u2019acteurs associatifs, de personnalit\u00e9s du monde &hellip;\" \/>\n<meta property=\"og:url\" content=\"https:\/\/dpress.ma\/fr\/2026\/03\/14\/un-iftar-ramadanesque-reunit-les-marocains-damsterdam-dans-un-esprit-de-communion-et-de-fraternite\/\" \/>\n<meta property=\"og:site_name\" content=\"Dpress.ma\/fr\" \/>\n<meta property=\"article:published_time\" content=\"2026-03-14T10:02:37+00:00\" \/>\n<meta property=\"article:modified_time\" content=\"2026-03-14T10:02:38+00:00\" \/>\n<meta property=\"og:image\" content=\"https:\/\/dpress.ma\/fr\/wp-content\/uploads\/sites\/2\/2026\/03\/246.jpg\" \/>\n\t<meta property=\"og:image:width\" content=\"2539\" \/>\n\t<meta property=\"og:image:height\" content=\"1594\" \/>\n\t<meta property=\"og:image:type\" content=\"image\/jpeg\" \/>\n<meta name=\"author\" content=\"Dpress.ma\" \/>\n<meta name=\"twitter:card\" content=\"summary_large_image\" \/>\n<meta name=\"twitter:label1\" content=\"\u00c9crit par\" \/>\n\t<meta name=\"twitter:data1\" content=\"Dpress.ma\" \/>\n\t<meta name=\"twitter:label2\" content=\"Dur\u00e9e de lecture estim\u00e9e\" \/>\n\t<meta name=\"twitter:data2\" content=\"3 minutes\" \/>\n<script type=\"application\/ld+json\" class=\"yoast-schema-graph\">{\"@context\":\"https:\\\/\\\/schema.org\",\"@graph\":[{\"@type\":\"Article\",\"@id\":\"https:\\\/\\\/dpress.ma\\\/fr\\\/2026\\\/03\\\/14\\\/un-iftar-ramadanesque-reunit-les-marocains-damsterdam-dans-un-esprit-de-communion-et-de-fraternite\\\/#article\",\"isPartOf\":{\"@id\":\"https:\\\/\\\/dpress.ma\\\/fr\\\/2026\\\/03\\\/14\\\/un-iftar-ramadanesque-reunit-les-marocains-damsterdam-dans-un-esprit-de-communion-et-de-fraternite\\\/\"},\"author\":{\"name\":\"Dpress.ma\",\"@id\":\"https:\\\/\\\/dpress.ma\\\/fr\\\/#\\\/schema\\\/person\\\/4898febf3ccd59e6578d838656a306a0\"},\"headline\":\"Un Iftar ramadanesque r\u00e9unit les Marocains d\u2019Amsterdam dans un esprit de communion et de fraternit\u00e9\",\"datePublished\":\"2026-03-14T10:02:37+00:00\",\"dateModified\":\"2026-03-14T10:02:38+00:00\",\"mainEntityOfPage\":{\"@id\":\"https:\\\/\\\/dpress.ma\\\/fr\\\/2026\\\/03\\\/14\\\/un-iftar-ramadanesque-reunit-les-marocains-damsterdam-dans-un-esprit-de-communion-et-de-fraternite\\\/\"},\"wordCount\":551,\"commentCount\":0,\"image\":{\"@id\":\"https:\\\/\\\/dpress.ma\\\/fr\\\/2026\\\/03\\\/14\\\/un-iftar-ramadanesque-reunit-les-marocains-damsterdam-dans-un-esprit-de-communion-et-de-fraternite\\\/#primaryimage\"},\"thumbnailUrl\":\"https:\\\/\\\/dpress.ma\\\/fr\\\/wp-content\\\/uploads\\\/sites\\\/2\\\/2026\\\/03\\\/246.jpg\",\"articleSection\":[\"Espace Marocain du Monde\",\"monde\"],\"inLanguage\":\"fr-FR\",\"potentialAction\":[{\"@type\":\"CommentAction\",\"name\":\"Comment\",\"target\":[\"https:\\\/\\\/dpress.ma\\\/fr\\\/2026\\\/03\\\/14\\\/un-iftar-ramadanesque-reunit-les-marocains-damsterdam-dans-un-esprit-de-communion-et-de-fraternite\\\/#respond\"]}]},{\"@type\":\"WebPage\",\"@id\":\"https:\\\/\\\/dpress.ma\\\/fr\\\/2026\\\/03\\\/14\\\/un-iftar-ramadanesque-reunit-les-marocains-damsterdam-dans-un-esprit-de-communion-et-de-fraternite\\\/\",\"url\":\"https:\\\/\\\/dpress.ma\\\/fr\\\/2026\\\/03\\\/14\\\/un-iftar-ramadanesque-reunit-les-marocains-damsterdam-dans-un-esprit-de-communion-et-de-fraternite\\\/\",\"name\":\"Un Iftar ramadanesque r\u00e9unit les Marocains d\u2019Amsterdam dans un esprit de communion et de fraternit\u00e9 - Dpress.ma\\\/fr\",\"isPartOf\":{\"@id\":\"https:\\\/\\\/dpress.ma\\\/fr\\\/#website\"},\"primaryImageOfPage\":{\"@id\":\"https:\\\/\\\/dpress.ma\\\/fr\\\/2026\\\/03\\\/14\\\/un-iftar-ramadanesque-reunit-les-marocains-damsterdam-dans-un-esprit-de-communion-et-de-fraternite\\\/#primaryimage\"},\"image\":{\"@id\":\"https:\\\/\\\/dpress.ma\\\/fr\\\/2026\\\/03\\\/14\\\/un-iftar-ramadanesque-reunit-les-marocains-damsterdam-dans-un-esprit-de-communion-et-de-fraternite\\\/#primaryimage\"},\"thumbnailUrl\":\"https:\\\/\\\/dpress.ma\\\/fr\\\/wp-content\\\/uploads\\\/sites\\\/2\\\/2026\\\/03\\\/246.jpg\",\"datePublished\":\"2026-03-14T10:02:37+00:00\",\"dateModified\":\"2026-03-14T10:02:38+00:00\",\"author\":{\"@id\":\"https:\\\/\\\/dpress.ma\\\/fr\\\/#\\\/schema\\\/person\\\/4898febf3ccd59e6578d838656a306a0\"},\"breadcrumb\":{\"@id\":\"https:\\\/\\\/dpress.ma\\\/fr\\\/2026\\\/03\\\/14\\\/un-iftar-ramadanesque-reunit-les-marocains-damsterdam-dans-un-esprit-de-communion-et-de-fraternite\\\/#breadcrumb\"},\"inLanguage\":\"fr-FR\",\"potentialAction\":[{\"@type\":\"ReadAction\",\"target\":[\"https:\\\/\\\/dpress.ma\\\/fr\\\/2026\\\/03\\\/14\\\/un-iftar-ramadanesque-reunit-les-marocains-damsterdam-dans-un-esprit-de-communion-et-de-fraternite\\\/\"]}]},{\"@type\":\"ImageObject\",\"inLanguage\":\"fr-FR\",\"@id\":\"https:\\\/\\\/dpress.ma\\\/fr\\\/2026\\\/03\\\/14\\\/un-iftar-ramadanesque-reunit-les-marocains-damsterdam-dans-un-esprit-de-communion-et-de-fraternite\\\/#primaryimage\",\"url\":\"https:\\\/\\\/dpress.ma\\\/fr\\\/wp-content\\\/uploads\\\/sites\\\/2\\\/2026\\\/03\\\/246.jpg\",\"contentUrl\":\"https:\\\/\\\/dpress.ma\\\/fr\\\/wp-content\\\/uploads\\\/sites\\\/2\\\/2026\\\/03\\\/246.jpg\",\"width\":2539,\"height\":1594},{\"@type\":\"BreadcrumbList\",\"@id\":\"https:\\\/\\\/dpress.ma\\\/fr\\\/2026\\\/03\\\/14\\\/un-iftar-ramadanesque-reunit-les-marocains-damsterdam-dans-un-esprit-de-communion-et-de-fraternite\\\/#breadcrumb\",\"itemListElement\":[{\"@type\":\"ListItem\",\"position\":1,\"name\":\"Home\",\"item\":\"https:\\\/\\\/dpress.ma\\\/fr\\\/\"},{\"@type\":\"ListItem\",\"position\":2,\"name\":\"Un Iftar ramadanesque r\u00e9unit les Marocains d\u2019Amsterdam dans un esprit de communion et de fraternit\u00e9\"}]},{\"@type\":\"WebSite\",\"@id\":\"https:\\\/\\\/dpress.ma\\\/fr\\\/#website\",\"url\":\"https:\\\/\\\/dpress.ma\\\/fr\\\/\",\"name\":\"Dpress.ma\\\/fr\",\"description\":\"\",\"potentialAction\":[{\"@type\":\"SearchAction\",\"target\":{\"@type\":\"EntryPoint\",\"urlTemplate\":\"https:\\\/\\\/dpress.ma\\\/fr\\\/?s={search_term_string}\"},\"query-input\":{\"@type\":\"PropertyValueSpecification\",\"valueRequired\":true,\"valueName\":\"search_term_string\"}}],\"inLanguage\":\"fr-FR\"},{\"@type\":\"Person\",\"@id\":\"https:\\\/\\\/dpress.ma\\\/fr\\\/#\\\/schema\\\/person\\\/4898febf3ccd59e6578d838656a306a0\",\"name\":\"Dpress.ma\",\"image\":{\"@type\":\"ImageObject\",\"inLanguage\":\"fr-FR\",\"@id\":\"https:\\\/\\\/secure.gravatar.com\\\/avatar\\\/72ecc30e9db047a2e0e7176561eb9d564ed77c8108376495b19bd8336405198a?s=96&d=mm&r=g\",\"url\":\"https:\\\/\\\/secure.gravatar.com\\\/avatar\\\/72ecc30e9db047a2e0e7176561eb9d564ed77c8108376495b19bd8336405198a?s=96&d=mm&r=g\",\"contentUrl\":\"https:\\\/\\\/secure.gravatar.com\\\/avatar\\\/72ecc30e9db047a2e0e7176561eb9d564ed77c8108376495b19bd8336405198a?s=96&d=mm&r=g\",\"caption\":\"Dpress.ma\"},\"sameAs\":[\"https:\\\/\\\/www.dpress.ma\"],\"url\":\"https:\\\/\\\/dpress.ma\\\/fr\\\/author\\\/dpress-ma\\\/\"}]}<\/script>\n<!-- \/ Yoast SEO plugin. -->","yoast_head_json":{"title":"Un Iftar ramadanesque r\u00e9unit les Marocains d\u2019Amsterdam dans un esprit de communion et de fraternit\u00e9 - Dpress.ma\/fr","robots":{"index":"index","follow":"follow","max-snippet":"max-snippet:-1","max-image-preview":"max-image-preview:large","max-video-preview":"max-video-preview:-1"},"canonical":"https:\/\/dpress.ma\/fr\/2026\/03\/14\/un-iftar-ramadanesque-reunit-les-marocains-damsterdam-dans-un-esprit-de-communion-et-de-fraternite\/","og_locale":"fr_FR","og_type":"article","og_title":"Un Iftar ramadanesque r\u00e9unit les Marocains d\u2019Amsterdam dans un esprit de communion et de fraternit\u00e9 - Dpress.ma\/fr","og_description":"Dpress Le Consulat g\u00e9n\u00e9ral du Maroc \u00e0 Amsterdam a organis\u00e9, vendredi, une c\u00e9r\u00e9monie d\u2019Iftar qui a r\u00e9uni des membres de la communaut\u00e9 marocaine install\u00e9e aux Pays-Bas, dans un esprit de communion, de fraternit\u00e9 et de solidarit\u00e9 propre au mois sacr\u00e9 du Ramadan. Cette rencontre, qui a connu la participation d\u2019acteurs associatifs, de personnalit\u00e9s du monde &hellip;","og_url":"https:\/\/dpress.ma\/fr\/2026\/03\/14\/un-iftar-ramadanesque-reunit-les-marocains-damsterdam-dans-un-esprit-de-communion-et-de-fraternite\/","og_site_name":"Dpress.ma\/fr","article_published_time":"2026-03-14T10:02:37+00:00","article_modified_time":"2026-03-14T10:02:38+00:00","og_image":[{"width":2539,"height":1594,"url":"https:\/\/dpress.ma\/fr\/wp-content\/uploads\/sites\/2\/2026\/03\/246.jpg","type":"image\/jpeg"}],"author":"Dpress.ma","twitter_card":"summary_large_image","twitter_misc":{"\u00c9crit par":"Dpress.ma","Dur\u00e9e de lecture estim\u00e9e":"3 minutes"},"schema":{"@context":"https:\/\/schema.org","@graph":[{"@type":"Article","@id":"https:\/\/dpress.ma\/fr\/2026\/03\/14\/un-iftar-ramadanesque-reunit-les-marocains-damsterdam-dans-un-esprit-de-communion-et-de-fraternite\/#article","isPartOf":{"@id":"https:\/\/dpress.ma\/fr\/2026\/03\/14\/un-iftar-ramadanesque-reunit-les-marocains-damsterdam-dans-un-esprit-de-communion-et-de-fraternite\/"},"author":{"name":"Dpress.ma","@id":"https:\/\/dpress.ma\/fr\/#\/schema\/person\/4898febf3ccd59e6578d838656a306a0"},"headline":"Un Iftar ramadanesque r\u00e9unit les Marocains d\u2019Amsterdam dans un esprit de communion et de fraternit\u00e9","datePublished":"2026-03-14T10:02:37+00:00","dateModified":"2026-03-14T10:02:38+00:00","mainEntityOfPage":{"@id":"https:\/\/dpress.ma\/fr\/2026\/03\/14\/un-iftar-ramadanesque-reunit-les-marocains-damsterdam-dans-un-esprit-de-communion-et-de-fraternite\/"},"wordCount":551,"commentCount":0,"image":{"@id":"https:\/\/dpress.ma\/fr\/2026\/03\/14\/un-iftar-ramadanesque-reunit-les-marocains-damsterdam-dans-un-esprit-de-communion-et-de-fraternite\/#primaryimage"},"thumbnailUrl":"https:\/\/dpress.ma\/fr\/wp-content\/uploads\/sites\/2\/2026\/03\/246.jpg","articleSection":["Espace Marocain du Monde","monde"],"inLanguage":"fr-FR","potentialAction":[{"@type":"CommentAction","name":"Comment","target":["https:\/\/dpress.ma\/fr\/2026\/03\/14\/un-iftar-ramadanesque-reunit-les-marocains-damsterdam-dans-un-esprit-de-communion-et-de-fraternite\/#respond"]}]},{"@type":"WebPage","@id":"https:\/\/dpress.ma\/fr\/2026\/03\/14\/un-iftar-ramadanesque-reunit-les-marocains-damsterdam-dans-un-esprit-de-communion-et-de-fraternite\/","url":"https:\/\/dpress.ma\/fr\/2026\/03\/14\/un-iftar-ramadanesque-reunit-les-marocains-damsterdam-dans-un-esprit-de-communion-et-de-fraternite\/","name":"Un Iftar ramadanesque r\u00e9unit les Marocains d\u2019Amsterdam dans un esprit de communion et de fraternit\u00e9 - Dpress.ma\/fr","isPartOf":{"@id":"https:\/\/dpress.ma\/fr\/#website"},"primaryImageOfPage":{"@id":"https:\/\/dpress.ma\/fr\/2026\/03\/14\/un-iftar-ramadanesque-reunit-les-marocains-damsterdam-dans-un-esprit-de-communion-et-de-fraternite\/#primaryimage"},"image":{"@id":"https:\/\/dpress.ma\/fr\/2026\/03\/14\/un-iftar-ramadanesque-reunit-les-marocains-damsterdam-dans-un-esprit-de-communion-et-de-fraternite\/#primaryimage"},"thumbnailUrl":"https:\/\/dpress.ma\/fr\/wp-content\/uploads\/sites\/2\/2026\/03\/246.jpg","datePublished":"2026-03-14T10:02:37+00:00","dateModified":"2026-03-14T10:02:38+00:00","author":{"@id":"https:\/\/dpress.ma\/fr\/#\/schema\/person\/4898febf3ccd59e6578d838656a306a0"},"breadcrumb":{"@id":"https:\/\/dpress.ma\/fr\/2026\/03\/14\/un-iftar-ramadanesque-reunit-les-marocains-damsterdam-dans-un-esprit-de-communion-et-de-fraternite\/#breadcrumb"},"inLanguage":"fr-FR","potentialAction":[{"@type":"ReadAction","target":["https:\/\/dpress.ma\/fr\/2026\/03\/14\/un-iftar-ramadanesque-reunit-les-marocains-damsterdam-dans-un-esprit-de-communion-et-de-fraternite\/"]}]},{"@type":"ImageObject","inLanguage":"fr-FR","@id":"https:\/\/dpress.ma\/fr\/2026\/03\/14\/un-iftar-ramadanesque-reunit-les-marocains-damsterdam-dans-un-esprit-de-communion-et-de-fraternite\/#primaryimage","url":"https:\/\/dpress.ma\/fr\/wp-content\/uploads\/sites\/2\/2026\/03\/246.jpg","contentUrl":"https:\/\/dpress.ma\/fr\/wp-content\/uploads\/sites\/2\/2026\/03\/246.jpg","width":2539,"height":1594},{"@type":"BreadcrumbList","@id":"https:\/\/dpress.ma\/fr\/2026\/03\/14\/un-iftar-ramadanesque-reunit-les-marocains-damsterdam-dans-un-esprit-de-communion-et-de-fraternite\/#breadcrumb","itemListElement":[{"@type":"ListItem","position":1,"name":"Home","item":"https:\/\/dpress.ma\/fr\/"},{"@type":"ListItem","position":2,"name":"Un Iftar ramadanesque r\u00e9unit les Marocains d\u2019Amsterdam dans un esprit de communion et de fraternit\u00e9"}]},{"@type":"WebSite","@id":"https:\/\/dpress.ma\/fr\/#website","url":"https:\/\/dpress.ma\/fr\/","name":"Dpress.ma\/fr","description":"","potentialAction":[{"@type":"SearchAction","target":{"@type":"EntryPoint","urlTemplate":"https:\/\/dpress.ma\/fr\/?s={search_term_string}"},"query-input":{"@type":"PropertyValueSpecification","valueRequired":true,"valueName":"search_term_string"}}],"inLanguage":"fr-FR"},{"@type":"Person","@id":"https:\/\/dpress.ma\/fr\/#\/schema\/person\/4898febf3ccd59e6578d838656a306a0","name":"Dpress.ma","image":{"@type":"ImageObject","inLanguage":"fr-FR","@id":"https:\/\/secure.gravatar.com\/avatar\/72ecc30e9db047a2e0e7176561eb9d564ed77c8108376495b19bd8336405198a?s=96&d=mm&r=g","url":"https:\/\/secure.gravatar.com\/avatar\/72ecc30e9db047a2e0e7176561eb9d564ed77c8108376495b19bd8336405198a?s=96&d=mm&r=g","contentUrl":"https:\/\/secure.gravatar.com\/avatar\/72ecc30e9db047a2e0e7176561eb9d564ed77c8108376495b19bd8336405198a?s=96&d=mm&r=g","caption":"Dpress.ma"},"sameAs":["https:\/\/www.dpress.ma"],"url":"https:\/\/dpress.ma\/fr\/author\/dpress-ma\/"}]}},"amp_enabled":true,"_links":{"self":[{"href":"https:\/\/dpress.ma\/fr\/wp-json\/wp\/v2\/posts\/26108","targetHints":{"allow":["GET"]}}],"collection":[{"href":"https:\/\/dpress.ma\/fr\/wp-json\/wp\/v2\/posts"}],"about":[{"href":"https:\/\/dpress.ma\/fr\/wp-json\/wp\/v2\/types\/post"}],"author":[{"embeddable":true,"href":"https:\/\/dpress.ma\/fr\/wp-json\/wp\/v2\/users\/2"}],"replies":[{"embeddable":true,"href":"https:\/\/dpress.ma\/fr\/wp-json\/wp\/v2\/comments?post=26108"}],"version-history":[{"count":1,"href":"https:\/\/dpress.ma\/fr\/wp-json\/wp\/v2\/posts\/26108\/revisions"}],"predecessor-version":[{"id":26110,"href":"https:\/\/dpress.ma\/fr\/wp-json\/wp\/v2\/posts\/26108\/revisions\/26110"}],"wp:featuredmedia":[{"embeddable":true,"href":"https:\/\/dpress.ma\/fr\/wp-json\/wp\/v2\/media\/26109"}],"wp:attachment":[{"href":"https:\/\/dpress.ma\/fr\/wp-json\/wp\/v2\/media?parent=26108"}],"wp:term":[{"taxonomy":"category","embeddable":true,"href":"https:\/\/dpress.ma\/fr\/wp-json\/wp\/v2\/categories?post=26108"},{"taxonomy":"post_tag","embeddable":true,"href":"https:\/\/dpress.ma\/fr\/wp-json\/wp\/v2\/tags?post=26108"}],"curies":[{"name":"wp","href":"https:\/\/api.w.org\/{rel}","templated":true}]}}