{"id":26099,"date":"2026-03-14T09:55:04","date_gmt":"2026-03-14T09:55:04","guid":{"rendered":"https:\/\/dpress.ma\/fr\/?p=26099"},"modified":"2026-03-14T09:55:06","modified_gmt":"2026-03-14T09:55:06","slug":"botola-pro-d2-inwi-la-lnfp-annonce-la-suspension-provisoire-des-competitions","status":"publish","type":"post","link":"https:\/\/dpress.ma\/fr\/2026\/03\/14\/botola-pro-d2-inwi-la-lnfp-annonce-la-suspension-provisoire-des-competitions\/","title":{"rendered":"Botola Pro D2 \u201cInwi\u201d: La LNFP annonce la suspension provisoire des comp\u00e9titions"},"content":{"rendered":"\n<p class=\"wp-block-paragraph\">Dpress<\/p>\n\n\n\n<p class=\"wp-block-paragraph\">La Ligue nationale de football professionnel (LNFP) a annonc\u00e9, vendredi, la suspension des comp\u00e9titions de la Botola Pro D2 \u201cInwi\u201d les 21 et 22 mars.<\/p>\n\n\n\n<p class=\"wp-block-paragraph\">Dans un communiqu\u00e9 publi\u00e9 sur ses r\u00e9seaux sociaux, la LNFP annonce \u201cla suspension provisoire des comp\u00e9titions de la Botola Pro D2 les 21 et 22 mars en raison de la p\u00e9riode de l\u2019A\u00efd Al-Fitr\u201d.<\/p>\n\n\n\n<p class=\"wp-block-paragraph\">Les comp\u00e9titions de la Botola Pro D2 reprendront les 28 et 29 mars, pr\u00e9cise la m\u00eame source.<\/p>\n","protected":false},"excerpt":{"rendered":"<p>Dpress La Ligue nationale de football professionnel (LNFP) a annonc\u00e9, vendredi, la suspension des comp\u00e9titions de la Botola Pro D2 \u201cInwi\u201d les 21 et 22 mars. Dans un communiqu\u00e9 publi\u00e9 sur ses r\u00e9seaux sociaux, la LNFP annonce \u201cla suspension provisoire des comp\u00e9titions de la Botola Pro D2 les 21 et 22 mars en raison de &hellip;<\/p>\n","protected":false},"author":2,"featured_media":26100,"comment_status":"open","ping_status":"open","sticky":false,"template":"","format":"standard","meta":{"footnotes":""},"categories":[27],"tags":[],"class_list":["post-26099","post","type-post","status-publish","format-standard","has-post-thumbnail","hentry","category-sport"],"yoast_head":"<!-- This site is optimized with the Yoast SEO plugin v28.0 - https:\/\/yoast.com\/product\/yoast-seo-wordpress\/ -->\n<title>Botola Pro D2 \u201cInwi\u201d: La LNFP annonce la suspension provisoire des comp\u00e9titions - Dpress.ma\/fr<\/title>\n<meta name=\"robots\" content=\"index, follow, max-snippet:-1, max-image-preview:large, max-video-preview:-1\" \/>\n<link rel=\"canonical\" href=\"https:\/\/dpress.ma\/fr\/2026\/03\/14\/botola-pro-d2-inwi-la-lnfp-annonce-la-suspension-provisoire-des-competitions\/\" \/>\n<meta property=\"og:locale\" content=\"fr_FR\" \/>\n<meta property=\"og:type\" content=\"article\" \/>\n<meta property=\"og:title\" content=\"Botola Pro D2 \u201cInwi\u201d: La LNFP annonce la suspension provisoire des comp\u00e9titions - Dpress.ma\/fr\" \/>\n<meta property=\"og:description\" content=\"Dpress La Ligue nationale de football professionnel (LNFP) a annonc\u00e9, vendredi, la suspension des comp\u00e9titions de la Botola Pro D2 \u201cInwi\u201d les 21 et 22 mars. Dans un communiqu\u00e9 publi\u00e9 sur ses r\u00e9seaux sociaux, la LNFP annonce \u201cla suspension provisoire des comp\u00e9titions de la Botola Pro D2 les 21 et 22 mars en raison de &hellip;\" \/>\n<meta property=\"og:url\" content=\"https:\/\/dpress.ma\/fr\/2026\/03\/14\/botola-pro-d2-inwi-la-lnfp-annonce-la-suspension-provisoire-des-competitions\/\" \/>\n<meta property=\"og:site_name\" content=\"Dpress.ma\/fr\" \/>\n<meta property=\"article:published_time\" content=\"2026-03-14T09:55:04+00:00\" \/>\n<meta property=\"article:modified_time\" content=\"2026-03-14T09:55:06+00:00\" \/>\n<meta property=\"og:image\" content=\"https:\/\/dpress.ma\/fr\/wp-content\/uploads\/sites\/2\/2026\/03\/21-3.jpg\" \/>\n\t<meta property=\"og:image:width\" content=\"2539\" \/>\n\t<meta property=\"og:image:height\" content=\"1594\" \/>\n\t<meta property=\"og:image:type\" content=\"image\/jpeg\" \/>\n<meta name=\"author\" content=\"Dpress.ma\" \/>\n<meta name=\"twitter:card\" content=\"summary_large_image\" \/>\n<meta name=\"twitter:label1\" content=\"\u00c9crit par\" \/>\n\t<meta name=\"twitter:data1\" content=\"Dpress.ma\" \/>\n\t<meta name=\"twitter:label2\" content=\"Dur\u00e9e de lecture estim\u00e9e\" \/>\n\t<meta name=\"twitter:data2\" content=\"1 minute\" \/>\n<script type=\"application\/ld+json\" class=\"yoast-schema-graph\">{\"@context\":\"https:\\\/\\\/schema.org\",\"@graph\":[{\"@type\":\"Article\",\"@id\":\"https:\\\/\\\/dpress.ma\\\/fr\\\/2026\\\/03\\\/14\\\/botola-pro-d2-inwi-la-lnfp-annonce-la-suspension-provisoire-des-competitions\\\/#article\",\"isPartOf\":{\"@id\":\"https:\\\/\\\/dpress.ma\\\/fr\\\/2026\\\/03\\\/14\\\/botola-pro-d2-inwi-la-lnfp-annonce-la-suspension-provisoire-des-competitions\\\/\"},\"author\":{\"name\":\"Dpress.ma\",\"@id\":\"https:\\\/\\\/dpress.ma\\\/fr\\\/#\\\/schema\\\/person\\\/4898febf3ccd59e6578d838656a306a0\"},\"headline\":\"Botola Pro D2 \u201cInwi\u201d: La LNFP annonce la suspension provisoire des comp\u00e9titions\",\"datePublished\":\"2026-03-14T09:55:04+00:00\",\"dateModified\":\"2026-03-14T09:55:06+00:00\",\"mainEntityOfPage\":{\"@id\":\"https:\\\/\\\/dpress.ma\\\/fr\\\/2026\\\/03\\\/14\\\/botola-pro-d2-inwi-la-lnfp-annonce-la-suspension-provisoire-des-competitions\\\/\"},\"wordCount\":93,\"commentCount\":0,\"image\":{\"@id\":\"https:\\\/\\\/dpress.ma\\\/fr\\\/2026\\\/03\\\/14\\\/botola-pro-d2-inwi-la-lnfp-annonce-la-suspension-provisoire-des-competitions\\\/#primaryimage\"},\"thumbnailUrl\":\"https:\\\/\\\/dpress.ma\\\/fr\\\/wp-content\\\/uploads\\\/sites\\\/2\\\/2026\\\/03\\\/21-3.jpg\",\"articleSection\":[\"Sport\"],\"inLanguage\":\"fr-FR\",\"potentialAction\":[{\"@type\":\"CommentAction\",\"name\":\"Comment\",\"target\":[\"https:\\\/\\\/dpress.ma\\\/fr\\\/2026\\\/03\\\/14\\\/botola-pro-d2-inwi-la-lnfp-annonce-la-suspension-provisoire-des-competitions\\\/#respond\"]}]},{\"@type\":\"WebPage\",\"@id\":\"https:\\\/\\\/dpress.ma\\\/fr\\\/2026\\\/03\\\/14\\\/botola-pro-d2-inwi-la-lnfp-annonce-la-suspension-provisoire-des-competitions\\\/\",\"url\":\"https:\\\/\\\/dpress.ma\\\/fr\\\/2026\\\/03\\\/14\\\/botola-pro-d2-inwi-la-lnfp-annonce-la-suspension-provisoire-des-competitions\\\/\",\"name\":\"Botola Pro D2 \u201cInwi\u201d: La LNFP annonce la suspension provisoire des comp\u00e9titions - Dpress.ma\\\/fr\",\"isPartOf\":{\"@id\":\"https:\\\/\\\/dpress.ma\\\/fr\\\/#website\"},\"primaryImageOfPage\":{\"@id\":\"https:\\\/\\\/dpress.ma\\\/fr\\\/2026\\\/03\\\/14\\\/botola-pro-d2-inwi-la-lnfp-annonce-la-suspension-provisoire-des-competitions\\\/#primaryimage\"},\"image\":{\"@id\":\"https:\\\/\\\/dpress.ma\\\/fr\\\/2026\\\/03\\\/14\\\/botola-pro-d2-inwi-la-lnfp-annonce-la-suspension-provisoire-des-competitions\\\/#primaryimage\"},\"thumbnailUrl\":\"https:\\\/\\\/dpress.ma\\\/fr\\\/wp-content\\\/uploads\\\/sites\\\/2\\\/2026\\\/03\\\/21-3.jpg\",\"datePublished\":\"2026-03-14T09:55:04+00:00\",\"dateModified\":\"2026-03-14T09:55:06+00:00\",\"author\":{\"@id\":\"https:\\\/\\\/dpress.ma\\\/fr\\\/#\\\/schema\\\/person\\\/4898febf3ccd59e6578d838656a306a0\"},\"breadcrumb\":{\"@id\":\"https:\\\/\\\/dpress.ma\\\/fr\\\/2026\\\/03\\\/14\\\/botola-pro-d2-inwi-la-lnfp-annonce-la-suspension-provisoire-des-competitions\\\/#breadcrumb\"},\"inLanguage\":\"fr-FR\",\"potentialAction\":[{\"@type\":\"ReadAction\",\"target\":[\"https:\\\/\\\/dpress.ma\\\/fr\\\/2026\\\/03\\\/14\\\/botola-pro-d2-inwi-la-lnfp-annonce-la-suspension-provisoire-des-competitions\\\/\"]}]},{\"@type\":\"ImageObject\",\"inLanguage\":\"fr-FR\",\"@id\":\"https:\\\/\\\/dpress.ma\\\/fr\\\/2026\\\/03\\\/14\\\/botola-pro-d2-inwi-la-lnfp-annonce-la-suspension-provisoire-des-competitions\\\/#primaryimage\",\"url\":\"https:\\\/\\\/dpress.ma\\\/fr\\\/wp-content\\\/uploads\\\/sites\\\/2\\\/2026\\\/03\\\/21-3.jpg\",\"contentUrl\":\"https:\\\/\\\/dpress.ma\\\/fr\\\/wp-content\\\/uploads\\\/sites\\\/2\\\/2026\\\/03\\\/21-3.jpg\",\"width\":2539,\"height\":1594},{\"@type\":\"BreadcrumbList\",\"@id\":\"https:\\\/\\\/dpress.ma\\\/fr\\\/2026\\\/03\\\/14\\\/botola-pro-d2-inwi-la-lnfp-annonce-la-suspension-provisoire-des-competitions\\\/#breadcrumb\",\"itemListElement\":[{\"@type\":\"ListItem\",\"position\":1,\"name\":\"Home\",\"item\":\"https:\\\/\\\/dpress.ma\\\/fr\\\/\"},{\"@type\":\"ListItem\",\"position\":2,\"name\":\"Botola Pro D2 \u201cInwi\u201d: La LNFP annonce la suspension provisoire des comp\u00e9titions\"}]},{\"@type\":\"WebSite\",\"@id\":\"https:\\\/\\\/dpress.ma\\\/fr\\\/#website\",\"url\":\"https:\\\/\\\/dpress.ma\\\/fr\\\/\",\"name\":\"Dpress.ma\\\/fr\",\"description\":\"\",\"potentialAction\":[{\"@type\":\"SearchAction\",\"target\":{\"@type\":\"EntryPoint\",\"urlTemplate\":\"https:\\\/\\\/dpress.ma\\\/fr\\\/?s={search_term_string}\"},\"query-input\":{\"@type\":\"PropertyValueSpecification\",\"valueRequired\":true,\"valueName\":\"search_term_string\"}}],\"inLanguage\":\"fr-FR\"},{\"@type\":\"Person\",\"@id\":\"https:\\\/\\\/dpress.ma\\\/fr\\\/#\\\/schema\\\/person\\\/4898febf3ccd59e6578d838656a306a0\",\"name\":\"Dpress.ma\",\"image\":{\"@type\":\"ImageObject\",\"inLanguage\":\"fr-FR\",\"@id\":\"https:\\\/\\\/secure.gravatar.com\\\/avatar\\\/72ecc30e9db047a2e0e7176561eb9d564ed77c8108376495b19bd8336405198a?s=96&d=mm&r=g\",\"url\":\"https:\\\/\\\/secure.gravatar.com\\\/avatar\\\/72ecc30e9db047a2e0e7176561eb9d564ed77c8108376495b19bd8336405198a?s=96&d=mm&r=g\",\"contentUrl\":\"https:\\\/\\\/secure.gravatar.com\\\/avatar\\\/72ecc30e9db047a2e0e7176561eb9d564ed77c8108376495b19bd8336405198a?s=96&d=mm&r=g\",\"caption\":\"Dpress.ma\"},\"sameAs\":[\"https:\\\/\\\/www.dpress.ma\"],\"url\":\"https:\\\/\\\/dpress.ma\\\/fr\\\/author\\\/dpress-ma\\\/\"}]}<\/script>\n<!-- \/ Yoast SEO plugin. -->","yoast_head_json":{"title":"Botola Pro D2 \u201cInwi\u201d: La LNFP annonce la suspension provisoire des comp\u00e9titions - Dpress.ma\/fr","robots":{"index":"index","follow":"follow","max-snippet":"max-snippet:-1","max-image-preview":"max-image-preview:large","max-video-preview":"max-video-preview:-1"},"canonical":"https:\/\/dpress.ma\/fr\/2026\/03\/14\/botola-pro-d2-inwi-la-lnfp-annonce-la-suspension-provisoire-des-competitions\/","og_locale":"fr_FR","og_type":"article","og_title":"Botola Pro D2 \u201cInwi\u201d: La LNFP annonce la suspension provisoire des comp\u00e9titions - Dpress.ma\/fr","og_description":"Dpress La Ligue nationale de football professionnel (LNFP) a annonc\u00e9, vendredi, la suspension des comp\u00e9titions de la Botola Pro D2 \u201cInwi\u201d les 21 et 22 mars. Dans un communiqu\u00e9 publi\u00e9 sur ses r\u00e9seaux sociaux, la LNFP annonce \u201cla suspension provisoire des comp\u00e9titions de la Botola Pro D2 les 21 et 22 mars en raison de &hellip;","og_url":"https:\/\/dpress.ma\/fr\/2026\/03\/14\/botola-pro-d2-inwi-la-lnfp-annonce-la-suspension-provisoire-des-competitions\/","og_site_name":"Dpress.ma\/fr","article_published_time":"2026-03-14T09:55:04+00:00","article_modified_time":"2026-03-14T09:55:06+00:00","og_image":[{"width":2539,"height":1594,"url":"https:\/\/dpress.ma\/fr\/wp-content\/uploads\/sites\/2\/2026\/03\/21-3.jpg","type":"image\/jpeg"}],"author":"Dpress.ma","twitter_card":"summary_large_image","twitter_misc":{"\u00c9crit par":"Dpress.ma","Dur\u00e9e de lecture estim\u00e9e":"1 minute"},"schema":{"@context":"https:\/\/schema.org","@graph":[{"@type":"Article","@id":"https:\/\/dpress.ma\/fr\/2026\/03\/14\/botola-pro-d2-inwi-la-lnfp-annonce-la-suspension-provisoire-des-competitions\/#article","isPartOf":{"@id":"https:\/\/dpress.ma\/fr\/2026\/03\/14\/botola-pro-d2-inwi-la-lnfp-annonce-la-suspension-provisoire-des-competitions\/"},"author":{"name":"Dpress.ma","@id":"https:\/\/dpress.ma\/fr\/#\/schema\/person\/4898febf3ccd59e6578d838656a306a0"},"headline":"Botola Pro D2 \u201cInwi\u201d: La LNFP annonce la suspension provisoire des comp\u00e9titions","datePublished":"2026-03-14T09:55:04+00:00","dateModified":"2026-03-14T09:55:06+00:00","mainEntityOfPage":{"@id":"https:\/\/dpress.ma\/fr\/2026\/03\/14\/botola-pro-d2-inwi-la-lnfp-annonce-la-suspension-provisoire-des-competitions\/"},"wordCount":93,"commentCount":0,"image":{"@id":"https:\/\/dpress.ma\/fr\/2026\/03\/14\/botola-pro-d2-inwi-la-lnfp-annonce-la-suspension-provisoire-des-competitions\/#primaryimage"},"thumbnailUrl":"https:\/\/dpress.ma\/fr\/wp-content\/uploads\/sites\/2\/2026\/03\/21-3.jpg","articleSection":["Sport"],"inLanguage":"fr-FR","potentialAction":[{"@type":"CommentAction","name":"Comment","target":["https:\/\/dpress.ma\/fr\/2026\/03\/14\/botola-pro-d2-inwi-la-lnfp-annonce-la-suspension-provisoire-des-competitions\/#respond"]}]},{"@type":"WebPage","@id":"https:\/\/dpress.ma\/fr\/2026\/03\/14\/botola-pro-d2-inwi-la-lnfp-annonce-la-suspension-provisoire-des-competitions\/","url":"https:\/\/dpress.ma\/fr\/2026\/03\/14\/botola-pro-d2-inwi-la-lnfp-annonce-la-suspension-provisoire-des-competitions\/","name":"Botola Pro D2 \u201cInwi\u201d: La LNFP annonce la suspension provisoire des comp\u00e9titions - Dpress.ma\/fr","isPartOf":{"@id":"https:\/\/dpress.ma\/fr\/#website"},"primaryImageOfPage":{"@id":"https:\/\/dpress.ma\/fr\/2026\/03\/14\/botola-pro-d2-inwi-la-lnfp-annonce-la-suspension-provisoire-des-competitions\/#primaryimage"},"image":{"@id":"https:\/\/dpress.ma\/fr\/2026\/03\/14\/botola-pro-d2-inwi-la-lnfp-annonce-la-suspension-provisoire-des-competitions\/#primaryimage"},"thumbnailUrl":"https:\/\/dpress.ma\/fr\/wp-content\/uploads\/sites\/2\/2026\/03\/21-3.jpg","datePublished":"2026-03-14T09:55:04+00:00","dateModified":"2026-03-14T09:55:06+00:00","author":{"@id":"https:\/\/dpress.ma\/fr\/#\/schema\/person\/4898febf3ccd59e6578d838656a306a0"},"breadcrumb":{"@id":"https:\/\/dpress.ma\/fr\/2026\/03\/14\/botola-pro-d2-inwi-la-lnfp-annonce-la-suspension-provisoire-des-competitions\/#breadcrumb"},"inLanguage":"fr-FR","potentialAction":[{"@type":"ReadAction","target":["https:\/\/dpress.ma\/fr\/2026\/03\/14\/botola-pro-d2-inwi-la-lnfp-annonce-la-suspension-provisoire-des-competitions\/"]}]},{"@type":"ImageObject","inLanguage":"fr-FR","@id":"https:\/\/dpress.ma\/fr\/2026\/03\/14\/botola-pro-d2-inwi-la-lnfp-annonce-la-suspension-provisoire-des-competitions\/#primaryimage","url":"https:\/\/dpress.ma\/fr\/wp-content\/uploads\/sites\/2\/2026\/03\/21-3.jpg","contentUrl":"https:\/\/dpress.ma\/fr\/wp-content\/uploads\/sites\/2\/2026\/03\/21-3.jpg","width":2539,"height":1594},{"@type":"BreadcrumbList","@id":"https:\/\/dpress.ma\/fr\/2026\/03\/14\/botola-pro-d2-inwi-la-lnfp-annonce-la-suspension-provisoire-des-competitions\/#breadcrumb","itemListElement":[{"@type":"ListItem","position":1,"name":"Home","item":"https:\/\/dpress.ma\/fr\/"},{"@type":"ListItem","position":2,"name":"Botola Pro D2 \u201cInwi\u201d: La LNFP annonce la suspension provisoire des comp\u00e9titions"}]},{"@type":"WebSite","@id":"https:\/\/dpress.ma\/fr\/#website","url":"https:\/\/dpress.ma\/fr\/","name":"Dpress.ma\/fr","description":"","potentialAction":[{"@type":"SearchAction","target":{"@type":"EntryPoint","urlTemplate":"https:\/\/dpress.ma\/fr\/?s={search_term_string}"},"query-input":{"@type":"PropertyValueSpecification","valueRequired":true,"valueName":"search_term_string"}}],"inLanguage":"fr-FR"},{"@type":"Person","@id":"https:\/\/dpress.ma\/fr\/#\/schema\/person\/4898febf3ccd59e6578d838656a306a0","name":"Dpress.ma","image":{"@type":"ImageObject","inLanguage":"fr-FR","@id":"https:\/\/secure.gravatar.com\/avatar\/72ecc30e9db047a2e0e7176561eb9d564ed77c8108376495b19bd8336405198a?s=96&d=mm&r=g","url":"https:\/\/secure.gravatar.com\/avatar\/72ecc30e9db047a2e0e7176561eb9d564ed77c8108376495b19bd8336405198a?s=96&d=mm&r=g","contentUrl":"https:\/\/secure.gravatar.com\/avatar\/72ecc30e9db047a2e0e7176561eb9d564ed77c8108376495b19bd8336405198a?s=96&d=mm&r=g","caption":"Dpress.ma"},"sameAs":["https:\/\/www.dpress.ma"],"url":"https:\/\/dpress.ma\/fr\/author\/dpress-ma\/"}]}},"amp_enabled":true,"_links":{"self":[{"href":"https:\/\/dpress.ma\/fr\/wp-json\/wp\/v2\/posts\/26099","targetHints":{"allow":["GET"]}}],"collection":[{"href":"https:\/\/dpress.ma\/fr\/wp-json\/wp\/v2\/posts"}],"about":[{"href":"https:\/\/dpress.ma\/fr\/wp-json\/wp\/v2\/types\/post"}],"author":[{"embeddable":true,"href":"https:\/\/dpress.ma\/fr\/wp-json\/wp\/v2\/users\/2"}],"replies":[{"embeddable":true,"href":"https:\/\/dpress.ma\/fr\/wp-json\/wp\/v2\/comments?post=26099"}],"version-history":[{"count":1,"href":"https:\/\/dpress.ma\/fr\/wp-json\/wp\/v2\/posts\/26099\/revisions"}],"predecessor-version":[{"id":26101,"href":"https:\/\/dpress.ma\/fr\/wp-json\/wp\/v2\/posts\/26099\/revisions\/26101"}],"wp:featuredmedia":[{"embeddable":true,"href":"https:\/\/dpress.ma\/fr\/wp-json\/wp\/v2\/media\/26100"}],"wp:attachment":[{"href":"https:\/\/dpress.ma\/fr\/wp-json\/wp\/v2\/media?parent=26099"}],"wp:term":[{"taxonomy":"category","embeddable":true,"href":"https:\/\/dpress.ma\/fr\/wp-json\/wp\/v2\/categories?post=26099"},{"taxonomy":"post_tag","embeddable":true,"href":"https:\/\/dpress.ma\/fr\/wp-json\/wp\/v2\/tags?post=26099"}],"curies":[{"name":"wp","href":"https:\/\/api.w.org\/{rel}","templated":true}]}}