{"id":26093,"date":"2026-03-14T09:49:26","date_gmt":"2026-03-14T09:49:26","guid":{"rendered":"https:\/\/dpress.ma\/fr\/?p=26093"},"modified":"2026-03-14T09:49:29","modified_gmt":"2026-03-14T09:49:29","slug":"propriete-intellectuelle-et-industrielle-le-maroc-confirme-pour-la-4eme-annee-consecutive-son-leadership-en-afrique-et-dans-les-pays-arabes","status":"publish","type":"post","link":"https:\/\/dpress.ma\/fr\/2026\/03\/14\/propriete-intellectuelle-et-industrielle-le-maroc-confirme-pour-la-4eme-annee-consecutive-son-leadership-en-afrique-et-dans-les-pays-arabes\/","title":{"rendered":"Propri\u00e9t\u00e9 intellectuelle et industrielle : le Maroc confirme pour la 4\u00e8me ann\u00e9e cons\u00e9cutive son leadership en Afrique et dans les pays arabes"},"content":{"rendered":"\n<p class=\"wp-block-paragraph\">Dpress<\/p>\n\n\n\n<p class=\"wp-block-paragraph\">Le Maroc&nbsp;s\u2019est class\u00e9 22\u00e8me dans l\u2019\u00e9dition 2026 de l\u2019Indice International de la Propri\u00e9t\u00e9 Intellectuelle,&nbsp;publi\u00e9 le 11 mars 2026 par la Chambre de Commerce Am\u00e9ricaine,&nbsp;confirmant pour la 4\u00e8me ann\u00e9e cons\u00e9cutive son leadership en Afrique et dans les pays arabes en mati\u00e8re de propri\u00e9t\u00e9 intellectuelle et industrielle, rapporte l\u2019Office marocain de la propri\u00e9t\u00e9 industrielle et commerciale (OMPIC).<\/p>\n\n\n\n<p class=\"wp-block-paragraph\">Ce r\u00e9sultat t\u00e9moigne des progr\u00e8s r\u00e9alis\u00e9s ces derni\u00e8res ann\u00e9es pour renforcer l\u2019environnement national de la propri\u00e9t\u00e9 intellectuelle et industrielle, et soutenir la dynamique d\u2019innovation, indique l\u2019OMPIC dans un communiqu\u00e9, pr\u00e9cisant que le Royaume a obtenu un score global de 59.19 points dans cette \u00e9dition.<\/p>\n\n\n\n<p class=\"wp-block-paragraph\">\u201cSelon la Chambre Am\u00e9ricaine, ce classement est le r\u00e9sultat des efforts continus et structur\u00e9s d\u00e9ploy\u00e9s par le Maroc pour renforcer son cadre juridique et institutionnel. Plusieurs avanc\u00e9es majeures sont notamment mises en avant, parmi lesquelles l\u2019adh\u00e9sion \u00e0 de nouveaux trait\u00e9s internationaux, tels que le Trait\u00e9 de Singapour sur le droit des marques et l\u2019Acte de Gen\u00e8ve de l\u2019Arrangement de La Haye sur les dessins et mod\u00e8les industriels\u201d, fait savoir la m\u00eame source.<\/p>\n\n\n\n<p class=\"wp-block-paragraph\">Le rapport souligne \u00e9galement le niveau solide de protection des brevets, ainsi que la mise en place de m\u00e9canismes de coop\u00e9ration internationale en mati\u00e8re d\u2019examen des brevets. \u00c0 cet \u00e9gard, l\u2019OMPIC a mis en place le syst\u00e8me de validation des brevets en collaboration avec l\u2019Office Europ\u00e9en des Brevets ainsi que des programmes PPH (Patent Prosecution Highway) en partenariat avec plusieurs offices de propri\u00e9t\u00e9 industrielle, permettant d\u2019acc\u00e9l\u00e9rer le traitement des demandes de brevets en s\u2019appuyant sur les r\u00e9sultats d\u2019examen r\u00e9alis\u00e9s par les offices partenaires.<\/p>\n\n\n\n<p class=\"wp-block-paragraph\">Par ailleurs, les accords commerciaux internationaux conclus par le Maroc ont contribu\u00e9 \u00e0 renforcer l\u2019environnement national de la propri\u00e9t\u00e9 intellectuelle et industrielle conform\u00e9ment aux standards internationaux.<\/p>\n\n\n\n<p class=\"wp-block-paragraph\">Enfin, l\u2019indice met en \u00e9vidence que le Maroc dispose aujourd\u2019hui d\u2019un syst\u00e8me national&nbsp;de la&nbsp;propri\u00e9t\u00e9 intellectuelle et industrielle&nbsp;d\u00e9velopp\u00e9, ce qui lui permet de se positionner comme l\u2019\u00e9conomie \u00e0 revenu interm\u00e9diaire la plus performante dans le classement.<\/p>\n\n\n\n<p class=\"wp-block-paragraph\">Cette reconnaissance internationale t\u00e9moigne de la dynamique positive que conna\u00eet le Maroc en mati\u00e8re de propri\u00e9t\u00e9 industrielle, comme en atteste l\u2019\u00e9volution constante des d\u00e9p\u00f4ts de marques, de brevets d\u2019invention et de dessins et mod\u00e8les industriels, confirmant le r\u00f4le croissant de la propri\u00e9t\u00e9 industrielle dans le d\u00e9veloppement de l\u2019innovation et le renforcement de la comp\u00e9titivit\u00e9 \u00e9conomique.<\/p>\n","protected":false},"excerpt":{"rendered":"<p>Dpress Le Maroc&nbsp;s\u2019est class\u00e9 22\u00e8me dans l\u2019\u00e9dition 2026 de l\u2019Indice International de la Propri\u00e9t\u00e9 Intellectuelle,&nbsp;publi\u00e9 le 11 mars 2026 par la Chambre de Commerce Am\u00e9ricaine,&nbsp;confirmant pour la 4\u00e8me ann\u00e9e cons\u00e9cutive son leadership en Afrique et dans les pays arabes en mati\u00e8re de propri\u00e9t\u00e9 intellectuelle et industrielle, rapporte l\u2019Office marocain de la propri\u00e9t\u00e9 industrielle et commerciale &hellip;<\/p>\n","protected":false},"author":2,"featured_media":26094,"comment_status":"open","ping_status":"open","sticky":false,"template":"","format":"standard","meta":{"footnotes":""},"categories":[25],"tags":[],"class_list":["post-26093","post","type-post","status-publish","format-standard","has-post-thumbnail","hentry","category-economie"],"yoast_head":"<!-- This site is optimized with the Yoast SEO plugin v28.0 - https:\/\/yoast.com\/product\/yoast-seo-wordpress\/ -->\n<title>Propri\u00e9t\u00e9 intellectuelle et industrielle : le Maroc confirme pour la 4\u00e8me ann\u00e9e cons\u00e9cutive son leadership en Afrique et dans les pays arabes - Dpress.ma\/fr<\/title>\n<meta name=\"robots\" content=\"index, follow, max-snippet:-1, max-image-preview:large, max-video-preview:-1\" \/>\n<link rel=\"canonical\" href=\"https:\/\/dpress.ma\/fr\/2026\/03\/14\/propriete-intellectuelle-et-industrielle-le-maroc-confirme-pour-la-4eme-annee-consecutive-son-leadership-en-afrique-et-dans-les-pays-arabes\/\" \/>\n<meta property=\"og:locale\" content=\"fr_FR\" \/>\n<meta property=\"og:type\" content=\"article\" \/>\n<meta property=\"og:title\" content=\"Propri\u00e9t\u00e9 intellectuelle et industrielle : le Maroc confirme pour la 4\u00e8me ann\u00e9e cons\u00e9cutive son leadership en Afrique et dans les pays arabes - Dpress.ma\/fr\" \/>\n<meta property=\"og:description\" content=\"Dpress Le Maroc&nbsp;s\u2019est class\u00e9 22\u00e8me dans l\u2019\u00e9dition 2026 de l\u2019Indice International de la Propri\u00e9t\u00e9 Intellectuelle,&nbsp;publi\u00e9 le 11 mars 2026 par la Chambre de Commerce Am\u00e9ricaine,&nbsp;confirmant pour la 4\u00e8me ann\u00e9e cons\u00e9cutive son leadership en Afrique et dans les pays arabes en mati\u00e8re de propri\u00e9t\u00e9 intellectuelle et industrielle, rapporte l\u2019Office marocain de la propri\u00e9t\u00e9 industrielle et commerciale &hellip;\" \/>\n<meta property=\"og:url\" content=\"https:\/\/dpress.ma\/fr\/2026\/03\/14\/propriete-intellectuelle-et-industrielle-le-maroc-confirme-pour-la-4eme-annee-consecutive-son-leadership-en-afrique-et-dans-les-pays-arabes\/\" \/>\n<meta property=\"og:site_name\" content=\"Dpress.ma\/fr\" \/>\n<meta property=\"article:published_time\" content=\"2026-03-14T09:49:26+00:00\" \/>\n<meta property=\"article:modified_time\" content=\"2026-03-14T09:49:29+00:00\" \/>\n<meta property=\"og:image\" content=\"https:\/\/dpress.ma\/fr\/wp-content\/uploads\/sites\/2\/2026\/03\/19-2.jpg\" \/>\n\t<meta property=\"og:image:width\" content=\"2539\" \/>\n\t<meta property=\"og:image:height\" content=\"1594\" \/>\n\t<meta property=\"og:image:type\" content=\"image\/jpeg\" \/>\n<meta name=\"author\" content=\"Dpress.ma\" \/>\n<meta name=\"twitter:card\" content=\"summary_large_image\" \/>\n<meta name=\"twitter:label1\" content=\"\u00c9crit par\" \/>\n\t<meta name=\"twitter:data1\" content=\"Dpress.ma\" \/>\n\t<meta name=\"twitter:label2\" content=\"Dur\u00e9e de lecture estim\u00e9e\" \/>\n\t<meta name=\"twitter:data2\" content=\"3 minutes\" \/>\n<script type=\"application\/ld+json\" class=\"yoast-schema-graph\">{\"@context\":\"https:\\\/\\\/schema.org\",\"@graph\":[{\"@type\":\"Article\",\"@id\":\"https:\\\/\\\/dpress.ma\\\/fr\\\/2026\\\/03\\\/14\\\/propriete-intellectuelle-et-industrielle-le-maroc-confirme-pour-la-4eme-annee-consecutive-son-leadership-en-afrique-et-dans-les-pays-arabes\\\/#article\",\"isPartOf\":{\"@id\":\"https:\\\/\\\/dpress.ma\\\/fr\\\/2026\\\/03\\\/14\\\/propriete-intellectuelle-et-industrielle-le-maroc-confirme-pour-la-4eme-annee-consecutive-son-leadership-en-afrique-et-dans-les-pays-arabes\\\/\"},\"author\":{\"name\":\"Dpress.ma\",\"@id\":\"https:\\\/\\\/dpress.ma\\\/fr\\\/#\\\/schema\\\/person\\\/4898febf3ccd59e6578d838656a306a0\"},\"headline\":\"Propri\u00e9t\u00e9 intellectuelle et industrielle : le Maroc confirme pour la 4\u00e8me ann\u00e9e cons\u00e9cutive son leadership en Afrique et dans les pays arabes\",\"datePublished\":\"2026-03-14T09:49:26+00:00\",\"dateModified\":\"2026-03-14T09:49:29+00:00\",\"mainEntityOfPage\":{\"@id\":\"https:\\\/\\\/dpress.ma\\\/fr\\\/2026\\\/03\\\/14\\\/propriete-intellectuelle-et-industrielle-le-maroc-confirme-pour-la-4eme-annee-consecutive-son-leadership-en-afrique-et-dans-les-pays-arabes\\\/\"},\"wordCount\":478,\"commentCount\":0,\"image\":{\"@id\":\"https:\\\/\\\/dpress.ma\\\/fr\\\/2026\\\/03\\\/14\\\/propriete-intellectuelle-et-industrielle-le-maroc-confirme-pour-la-4eme-annee-consecutive-son-leadership-en-afrique-et-dans-les-pays-arabes\\\/#primaryimage\"},\"thumbnailUrl\":\"https:\\\/\\\/dpress.ma\\\/fr\\\/wp-content\\\/uploads\\\/sites\\\/2\\\/2026\\\/03\\\/19-2.jpg\",\"articleSection\":[\"\u00c9conomie\"],\"inLanguage\":\"fr-FR\",\"potentialAction\":[{\"@type\":\"CommentAction\",\"name\":\"Comment\",\"target\":[\"https:\\\/\\\/dpress.ma\\\/fr\\\/2026\\\/03\\\/14\\\/propriete-intellectuelle-et-industrielle-le-maroc-confirme-pour-la-4eme-annee-consecutive-son-leadership-en-afrique-et-dans-les-pays-arabes\\\/#respond\"]}]},{\"@type\":\"WebPage\",\"@id\":\"https:\\\/\\\/dpress.ma\\\/fr\\\/2026\\\/03\\\/14\\\/propriete-intellectuelle-et-industrielle-le-maroc-confirme-pour-la-4eme-annee-consecutive-son-leadership-en-afrique-et-dans-les-pays-arabes\\\/\",\"url\":\"https:\\\/\\\/dpress.ma\\\/fr\\\/2026\\\/03\\\/14\\\/propriete-intellectuelle-et-industrielle-le-maroc-confirme-pour-la-4eme-annee-consecutive-son-leadership-en-afrique-et-dans-les-pays-arabes\\\/\",\"name\":\"Propri\u00e9t\u00e9 intellectuelle et industrielle : le Maroc confirme pour la 4\u00e8me ann\u00e9e cons\u00e9cutive son leadership en Afrique et dans les pays arabes - Dpress.ma\\\/fr\",\"isPartOf\":{\"@id\":\"https:\\\/\\\/dpress.ma\\\/fr\\\/#website\"},\"primaryImageOfPage\":{\"@id\":\"https:\\\/\\\/dpress.ma\\\/fr\\\/2026\\\/03\\\/14\\\/propriete-intellectuelle-et-industrielle-le-maroc-confirme-pour-la-4eme-annee-consecutive-son-leadership-en-afrique-et-dans-les-pays-arabes\\\/#primaryimage\"},\"image\":{\"@id\":\"https:\\\/\\\/dpress.ma\\\/fr\\\/2026\\\/03\\\/14\\\/propriete-intellectuelle-et-industrielle-le-maroc-confirme-pour-la-4eme-annee-consecutive-son-leadership-en-afrique-et-dans-les-pays-arabes\\\/#primaryimage\"},\"thumbnailUrl\":\"https:\\\/\\\/dpress.ma\\\/fr\\\/wp-content\\\/uploads\\\/sites\\\/2\\\/2026\\\/03\\\/19-2.jpg\",\"datePublished\":\"2026-03-14T09:49:26+00:00\",\"dateModified\":\"2026-03-14T09:49:29+00:00\",\"author\":{\"@id\":\"https:\\\/\\\/dpress.ma\\\/fr\\\/#\\\/schema\\\/person\\\/4898febf3ccd59e6578d838656a306a0\"},\"breadcrumb\":{\"@id\":\"https:\\\/\\\/dpress.ma\\\/fr\\\/2026\\\/03\\\/14\\\/propriete-intellectuelle-et-industrielle-le-maroc-confirme-pour-la-4eme-annee-consecutive-son-leadership-en-afrique-et-dans-les-pays-arabes\\\/#breadcrumb\"},\"inLanguage\":\"fr-FR\",\"potentialAction\":[{\"@type\":\"ReadAction\",\"target\":[\"https:\\\/\\\/dpress.ma\\\/fr\\\/2026\\\/03\\\/14\\\/propriete-intellectuelle-et-industrielle-le-maroc-confirme-pour-la-4eme-annee-consecutive-son-leadership-en-afrique-et-dans-les-pays-arabes\\\/\"]}]},{\"@type\":\"ImageObject\",\"inLanguage\":\"fr-FR\",\"@id\":\"https:\\\/\\\/dpress.ma\\\/fr\\\/2026\\\/03\\\/14\\\/propriete-intellectuelle-et-industrielle-le-maroc-confirme-pour-la-4eme-annee-consecutive-son-leadership-en-afrique-et-dans-les-pays-arabes\\\/#primaryimage\",\"url\":\"https:\\\/\\\/dpress.ma\\\/fr\\\/wp-content\\\/uploads\\\/sites\\\/2\\\/2026\\\/03\\\/19-2.jpg\",\"contentUrl\":\"https:\\\/\\\/dpress.ma\\\/fr\\\/wp-content\\\/uploads\\\/sites\\\/2\\\/2026\\\/03\\\/19-2.jpg\",\"width\":2539,\"height\":1594},{\"@type\":\"BreadcrumbList\",\"@id\":\"https:\\\/\\\/dpress.ma\\\/fr\\\/2026\\\/03\\\/14\\\/propriete-intellectuelle-et-industrielle-le-maroc-confirme-pour-la-4eme-annee-consecutive-son-leadership-en-afrique-et-dans-les-pays-arabes\\\/#breadcrumb\",\"itemListElement\":[{\"@type\":\"ListItem\",\"position\":1,\"name\":\"Home\",\"item\":\"https:\\\/\\\/dpress.ma\\\/fr\\\/\"},{\"@type\":\"ListItem\",\"position\":2,\"name\":\"Propri\u00e9t\u00e9 intellectuelle et industrielle : le Maroc confirme pour la 4\u00e8me ann\u00e9e cons\u00e9cutive son leadership en Afrique et dans les pays arabes\"}]},{\"@type\":\"WebSite\",\"@id\":\"https:\\\/\\\/dpress.ma\\\/fr\\\/#website\",\"url\":\"https:\\\/\\\/dpress.ma\\\/fr\\\/\",\"name\":\"Dpress.ma\\\/fr\",\"description\":\"\",\"potentialAction\":[{\"@type\":\"SearchAction\",\"target\":{\"@type\":\"EntryPoint\",\"urlTemplate\":\"https:\\\/\\\/dpress.ma\\\/fr\\\/?s={search_term_string}\"},\"query-input\":{\"@type\":\"PropertyValueSpecification\",\"valueRequired\":true,\"valueName\":\"search_term_string\"}}],\"inLanguage\":\"fr-FR\"},{\"@type\":\"Person\",\"@id\":\"https:\\\/\\\/dpress.ma\\\/fr\\\/#\\\/schema\\\/person\\\/4898febf3ccd59e6578d838656a306a0\",\"name\":\"Dpress.ma\",\"image\":{\"@type\":\"ImageObject\",\"inLanguage\":\"fr-FR\",\"@id\":\"https:\\\/\\\/secure.gravatar.com\\\/avatar\\\/72ecc30e9db047a2e0e7176561eb9d564ed77c8108376495b19bd8336405198a?s=96&d=mm&r=g\",\"url\":\"https:\\\/\\\/secure.gravatar.com\\\/avatar\\\/72ecc30e9db047a2e0e7176561eb9d564ed77c8108376495b19bd8336405198a?s=96&d=mm&r=g\",\"contentUrl\":\"https:\\\/\\\/secure.gravatar.com\\\/avatar\\\/72ecc30e9db047a2e0e7176561eb9d564ed77c8108376495b19bd8336405198a?s=96&d=mm&r=g\",\"caption\":\"Dpress.ma\"},\"sameAs\":[\"https:\\\/\\\/www.dpress.ma\"],\"url\":\"https:\\\/\\\/dpress.ma\\\/fr\\\/author\\\/dpress-ma\\\/\"}]}<\/script>\n<!-- \/ Yoast SEO plugin. -->","yoast_head_json":{"title":"Propri\u00e9t\u00e9 intellectuelle et industrielle : le Maroc confirme pour la 4\u00e8me ann\u00e9e cons\u00e9cutive son leadership en Afrique et dans les pays arabes - Dpress.ma\/fr","robots":{"index":"index","follow":"follow","max-snippet":"max-snippet:-1","max-image-preview":"max-image-preview:large","max-video-preview":"max-video-preview:-1"},"canonical":"https:\/\/dpress.ma\/fr\/2026\/03\/14\/propriete-intellectuelle-et-industrielle-le-maroc-confirme-pour-la-4eme-annee-consecutive-son-leadership-en-afrique-et-dans-les-pays-arabes\/","og_locale":"fr_FR","og_type":"article","og_title":"Propri\u00e9t\u00e9 intellectuelle et industrielle : le Maroc confirme pour la 4\u00e8me ann\u00e9e cons\u00e9cutive son leadership en Afrique et dans les pays arabes - Dpress.ma\/fr","og_description":"Dpress Le Maroc&nbsp;s\u2019est class\u00e9 22\u00e8me dans l\u2019\u00e9dition 2026 de l\u2019Indice International de la Propri\u00e9t\u00e9 Intellectuelle,&nbsp;publi\u00e9 le 11 mars 2026 par la Chambre de Commerce Am\u00e9ricaine,&nbsp;confirmant pour la 4\u00e8me ann\u00e9e cons\u00e9cutive son leadership en Afrique et dans les pays arabes en mati\u00e8re de propri\u00e9t\u00e9 intellectuelle et industrielle, rapporte l\u2019Office marocain de la propri\u00e9t\u00e9 industrielle et commerciale &hellip;","og_url":"https:\/\/dpress.ma\/fr\/2026\/03\/14\/propriete-intellectuelle-et-industrielle-le-maroc-confirme-pour-la-4eme-annee-consecutive-son-leadership-en-afrique-et-dans-les-pays-arabes\/","og_site_name":"Dpress.ma\/fr","article_published_time":"2026-03-14T09:49:26+00:00","article_modified_time":"2026-03-14T09:49:29+00:00","og_image":[{"width":2539,"height":1594,"url":"https:\/\/dpress.ma\/fr\/wp-content\/uploads\/sites\/2\/2026\/03\/19-2.jpg","type":"image\/jpeg"}],"author":"Dpress.ma","twitter_card":"summary_large_image","twitter_misc":{"\u00c9crit par":"Dpress.ma","Dur\u00e9e de lecture estim\u00e9e":"3 minutes"},"schema":{"@context":"https:\/\/schema.org","@graph":[{"@type":"Article","@id":"https:\/\/dpress.ma\/fr\/2026\/03\/14\/propriete-intellectuelle-et-industrielle-le-maroc-confirme-pour-la-4eme-annee-consecutive-son-leadership-en-afrique-et-dans-les-pays-arabes\/#article","isPartOf":{"@id":"https:\/\/dpress.ma\/fr\/2026\/03\/14\/propriete-intellectuelle-et-industrielle-le-maroc-confirme-pour-la-4eme-annee-consecutive-son-leadership-en-afrique-et-dans-les-pays-arabes\/"},"author":{"name":"Dpress.ma","@id":"https:\/\/dpress.ma\/fr\/#\/schema\/person\/4898febf3ccd59e6578d838656a306a0"},"headline":"Propri\u00e9t\u00e9 intellectuelle et industrielle : le Maroc confirme pour la 4\u00e8me ann\u00e9e cons\u00e9cutive son leadership en Afrique et dans les pays arabes","datePublished":"2026-03-14T09:49:26+00:00","dateModified":"2026-03-14T09:49:29+00:00","mainEntityOfPage":{"@id":"https:\/\/dpress.ma\/fr\/2026\/03\/14\/propriete-intellectuelle-et-industrielle-le-maroc-confirme-pour-la-4eme-annee-consecutive-son-leadership-en-afrique-et-dans-les-pays-arabes\/"},"wordCount":478,"commentCount":0,"image":{"@id":"https:\/\/dpress.ma\/fr\/2026\/03\/14\/propriete-intellectuelle-et-industrielle-le-maroc-confirme-pour-la-4eme-annee-consecutive-son-leadership-en-afrique-et-dans-les-pays-arabes\/#primaryimage"},"thumbnailUrl":"https:\/\/dpress.ma\/fr\/wp-content\/uploads\/sites\/2\/2026\/03\/19-2.jpg","articleSection":["\u00c9conomie"],"inLanguage":"fr-FR","potentialAction":[{"@type":"CommentAction","name":"Comment","target":["https:\/\/dpress.ma\/fr\/2026\/03\/14\/propriete-intellectuelle-et-industrielle-le-maroc-confirme-pour-la-4eme-annee-consecutive-son-leadership-en-afrique-et-dans-les-pays-arabes\/#respond"]}]},{"@type":"WebPage","@id":"https:\/\/dpress.ma\/fr\/2026\/03\/14\/propriete-intellectuelle-et-industrielle-le-maroc-confirme-pour-la-4eme-annee-consecutive-son-leadership-en-afrique-et-dans-les-pays-arabes\/","url":"https:\/\/dpress.ma\/fr\/2026\/03\/14\/propriete-intellectuelle-et-industrielle-le-maroc-confirme-pour-la-4eme-annee-consecutive-son-leadership-en-afrique-et-dans-les-pays-arabes\/","name":"Propri\u00e9t\u00e9 intellectuelle et industrielle : le Maroc confirme pour la 4\u00e8me ann\u00e9e cons\u00e9cutive son leadership en Afrique et dans les pays arabes - Dpress.ma\/fr","isPartOf":{"@id":"https:\/\/dpress.ma\/fr\/#website"},"primaryImageOfPage":{"@id":"https:\/\/dpress.ma\/fr\/2026\/03\/14\/propriete-intellectuelle-et-industrielle-le-maroc-confirme-pour-la-4eme-annee-consecutive-son-leadership-en-afrique-et-dans-les-pays-arabes\/#primaryimage"},"image":{"@id":"https:\/\/dpress.ma\/fr\/2026\/03\/14\/propriete-intellectuelle-et-industrielle-le-maroc-confirme-pour-la-4eme-annee-consecutive-son-leadership-en-afrique-et-dans-les-pays-arabes\/#primaryimage"},"thumbnailUrl":"https:\/\/dpress.ma\/fr\/wp-content\/uploads\/sites\/2\/2026\/03\/19-2.jpg","datePublished":"2026-03-14T09:49:26+00:00","dateModified":"2026-03-14T09:49:29+00:00","author":{"@id":"https:\/\/dpress.ma\/fr\/#\/schema\/person\/4898febf3ccd59e6578d838656a306a0"},"breadcrumb":{"@id":"https:\/\/dpress.ma\/fr\/2026\/03\/14\/propriete-intellectuelle-et-industrielle-le-maroc-confirme-pour-la-4eme-annee-consecutive-son-leadership-en-afrique-et-dans-les-pays-arabes\/#breadcrumb"},"inLanguage":"fr-FR","potentialAction":[{"@type":"ReadAction","target":["https:\/\/dpress.ma\/fr\/2026\/03\/14\/propriete-intellectuelle-et-industrielle-le-maroc-confirme-pour-la-4eme-annee-consecutive-son-leadership-en-afrique-et-dans-les-pays-arabes\/"]}]},{"@type":"ImageObject","inLanguage":"fr-FR","@id":"https:\/\/dpress.ma\/fr\/2026\/03\/14\/propriete-intellectuelle-et-industrielle-le-maroc-confirme-pour-la-4eme-annee-consecutive-son-leadership-en-afrique-et-dans-les-pays-arabes\/#primaryimage","url":"https:\/\/dpress.ma\/fr\/wp-content\/uploads\/sites\/2\/2026\/03\/19-2.jpg","contentUrl":"https:\/\/dpress.ma\/fr\/wp-content\/uploads\/sites\/2\/2026\/03\/19-2.jpg","width":2539,"height":1594},{"@type":"BreadcrumbList","@id":"https:\/\/dpress.ma\/fr\/2026\/03\/14\/propriete-intellectuelle-et-industrielle-le-maroc-confirme-pour-la-4eme-annee-consecutive-son-leadership-en-afrique-et-dans-les-pays-arabes\/#breadcrumb","itemListElement":[{"@type":"ListItem","position":1,"name":"Home","item":"https:\/\/dpress.ma\/fr\/"},{"@type":"ListItem","position":2,"name":"Propri\u00e9t\u00e9 intellectuelle et industrielle : le Maroc confirme pour la 4\u00e8me ann\u00e9e cons\u00e9cutive son leadership en Afrique et dans les pays arabes"}]},{"@type":"WebSite","@id":"https:\/\/dpress.ma\/fr\/#website","url":"https:\/\/dpress.ma\/fr\/","name":"Dpress.ma\/fr","description":"","potentialAction":[{"@type":"SearchAction","target":{"@type":"EntryPoint","urlTemplate":"https:\/\/dpress.ma\/fr\/?s={search_term_string}"},"query-input":{"@type":"PropertyValueSpecification","valueRequired":true,"valueName":"search_term_string"}}],"inLanguage":"fr-FR"},{"@type":"Person","@id":"https:\/\/dpress.ma\/fr\/#\/schema\/person\/4898febf3ccd59e6578d838656a306a0","name":"Dpress.ma","image":{"@type":"ImageObject","inLanguage":"fr-FR","@id":"https:\/\/secure.gravatar.com\/avatar\/72ecc30e9db047a2e0e7176561eb9d564ed77c8108376495b19bd8336405198a?s=96&d=mm&r=g","url":"https:\/\/secure.gravatar.com\/avatar\/72ecc30e9db047a2e0e7176561eb9d564ed77c8108376495b19bd8336405198a?s=96&d=mm&r=g","contentUrl":"https:\/\/secure.gravatar.com\/avatar\/72ecc30e9db047a2e0e7176561eb9d564ed77c8108376495b19bd8336405198a?s=96&d=mm&r=g","caption":"Dpress.ma"},"sameAs":["https:\/\/www.dpress.ma"],"url":"https:\/\/dpress.ma\/fr\/author\/dpress-ma\/"}]}},"amp_enabled":true,"_links":{"self":[{"href":"https:\/\/dpress.ma\/fr\/wp-json\/wp\/v2\/posts\/26093","targetHints":{"allow":["GET"]}}],"collection":[{"href":"https:\/\/dpress.ma\/fr\/wp-json\/wp\/v2\/posts"}],"about":[{"href":"https:\/\/dpress.ma\/fr\/wp-json\/wp\/v2\/types\/post"}],"author":[{"embeddable":true,"href":"https:\/\/dpress.ma\/fr\/wp-json\/wp\/v2\/users\/2"}],"replies":[{"embeddable":true,"href":"https:\/\/dpress.ma\/fr\/wp-json\/wp\/v2\/comments?post=26093"}],"version-history":[{"count":1,"href":"https:\/\/dpress.ma\/fr\/wp-json\/wp\/v2\/posts\/26093\/revisions"}],"predecessor-version":[{"id":26095,"href":"https:\/\/dpress.ma\/fr\/wp-json\/wp\/v2\/posts\/26093\/revisions\/26095"}],"wp:featuredmedia":[{"embeddable":true,"href":"https:\/\/dpress.ma\/fr\/wp-json\/wp\/v2\/media\/26094"}],"wp:attachment":[{"href":"https:\/\/dpress.ma\/fr\/wp-json\/wp\/v2\/media?parent=26093"}],"wp:term":[{"taxonomy":"category","embeddable":true,"href":"https:\/\/dpress.ma\/fr\/wp-json\/wp\/v2\/categories?post=26093"},{"taxonomy":"post_tag","embeddable":true,"href":"https:\/\/dpress.ma\/fr\/wp-json\/wp\/v2\/tags?post=26093"}],"curies":[{"name":"wp","href":"https:\/\/api.w.org\/{rel}","templated":true}]}}