{"id":2609,"date":"2022-11-21T17:20:18","date_gmt":"2022-11-21T17:20:18","guid":{"rendered":"https:\/\/dpress.ma\/fr\/?p=2609"},"modified":"2022-11-21T17:20:19","modified_gmt":"2022-11-21T17:20:19","slug":"sar-la-princesse-lalla-meryem-recoit-la-representante-speciale-du-secretaire-general-des-nations-unies-chargee-de-la-question-de-la-violence-a-legard-des-enfants","status":"publish","type":"post","link":"https:\/\/dpress.ma\/fr\/2022\/11\/21\/sar-la-princesse-lalla-meryem-recoit-la-representante-speciale-du-secretaire-general-des-nations-unies-chargee-de-la-question-de-la-violence-a-legard-des-enfants\/","title":{"rendered":"SAR la Princesse Lalla Meryem re\u00e7oit la Repr\u00e9sentante sp\u00e9ciale du Secr\u00e9taire g\u00e9n\u00e9ral des Nations Unies, charg\u00e9e de la question de la violence \u00e0 l\u2019\u00e9gard des enfants"},"content":{"rendered":"\n<p>Dpress<\/p>\n\n\n\n<p>Son Altesse Royale la Princesse Lalla Meryem a re\u00e7u, lundi \u00e0 Rabat, Mme Najat Maalla M\u2019jid, Repr\u00e9sentante sp\u00e9ciale du Secr\u00e9taire g\u00e9n\u00e9ral des Nations Unies, charg\u00e9e de la question de la violence \u00e0 l\u2019\u00e9gard des enfants.<\/p>\n\n\n\n<p>Lors de cette audience, Son Altesse Royale, Pr\u00e9sidente de l\u2019Observatoire National des Droits de l\u2019Enfant, a mis en exergue la vision de Sa Majest\u00e9 le Roi Mohammed VI, d\u00e9clin\u00e9e durant ces deux derni\u00e8res d\u00e9cennies pour promouvoir les droits de l\u2019enfant, et laquelle s\u2019est traduite sur le terrain par diverses r\u00e9formes, m\u00e9canismes et instruments de protection des enfants, ainsi que l\u2019adoption de politiques publiques int\u00e9gr\u00e9es.<\/p>\n\n\n\n<p>Son Altesse Royale la Princesse Lalla Meryem a r\u00e9it\u00e9r\u00e9 la disposition du Royaume du Maroc \u00e0 apporter son soutien et \u00e0 accompagner les initiatives et projets des Nations Unies afin de consolider les droits de l\u2019enfant.<\/p>\n\n\n\n<p>Son Altesse Royale la Princesse Lalla Meryem a \u00e9galement abord\u00e9 le r\u00f4le historique, incontestable et fondamental de l\u2019Observatoire National des Droits de l\u2019Enfant, plac\u00e9 sous Sa pr\u00e9sidence effective, en tant que catalyseur et f\u00e9d\u00e9rateur des initiatives de promotion et de consolidation des droits des enfants au Maroc.<\/p>\n\n\n\n<p>Mme Najat Maalla M\u2019jid a, par la suite, pr\u00e9sent\u00e9 \u00e0 Son Altesse Royale la Princesse Lalla Meryem, la strat\u00e9gie de travail d\u00e9ploy\u00e9e par l\u2019organisme onusien dans divers pays et a exprim\u00e9 sa forte volont\u00e9 de consolider la coop\u00e9ration des Nations Unies avec le Royaume du Maroc dans le domaine de la protection de l\u2019enfance.<\/p>\n\n\n\n<p>L\u2019audience s\u2019est d\u00e9roul\u00e9e en pr\u00e9sence de Mme Lamia Bazir, Directrice ex\u00e9cutive de l\u2019Observatoire National des Droits de l\u2019Enfant.<\/p>\n","protected":false},"excerpt":{"rendered":"<p>Dpress Son Altesse Royale la Princesse Lalla Meryem a re\u00e7u, lundi \u00e0 Rabat, Mme Najat Maalla M\u2019jid, Repr\u00e9sentante sp\u00e9ciale du Secr\u00e9taire g\u00e9n\u00e9ral des Nations Unies, charg\u00e9e de la question de la violence \u00e0 l\u2019\u00e9gard des enfants. Lors de cette audience, Son Altesse Royale, Pr\u00e9sidente de l\u2019Observatoire National des Droits de l\u2019Enfant, a mis en exergue &hellip;<\/p>\n","protected":false},"author":2,"featured_media":2610,"comment_status":"open","ping_status":"open","sticky":false,"template":"","format":"standard","meta":{"footnotes":""},"categories":[29],"tags":[],"class_list":["post-2609","post","type-post","status-publish","format-standard","has-post-thumbnail","hentry","category-activites-royales"],"yoast_head":"<!-- This site is optimized with the Yoast SEO plugin v27.5 - https:\/\/yoast.com\/product\/yoast-seo-wordpress\/ -->\n<title>SAR la Princesse Lalla Meryem re\u00e7oit la Repr\u00e9sentante sp\u00e9ciale du Secr\u00e9taire g\u00e9n\u00e9ral des Nations Unies, charg\u00e9e de la question de la violence \u00e0 l\u2019\u00e9gard des enfants - Dpress.ma\/fr<\/title>\n<meta name=\"description\" content=\"Son Altesse Royale la Princesse Lalla Meryem a re\u00e7u, lundi \u00e0 Rabat, Mme Najat Maalla M\u2019jid, Repr\u00e9sentante sp\u00e9ciale du Secr\u00e9taire g\u00e9n\u00e9ral des Nations Unies, charg\u00e9e de la question de la violence \u00e0 l\u2019\u00e9gard des enfants.\" \/>\n<meta name=\"robots\" content=\"index, follow, max-snippet:-1, max-image-preview:large, max-video-preview:-1\" \/>\n<link rel=\"canonical\" href=\"https:\/\/dpress.ma\/fr\/2022\/11\/21\/sar-la-princesse-lalla-meryem-recoit-la-representante-speciale-du-secretaire-general-des-nations-unies-chargee-de-la-question-de-la-violence-a-legard-des-enfants\/\" \/>\n<meta property=\"og:locale\" content=\"fr_FR\" \/>\n<meta property=\"og:type\" content=\"article\" \/>\n<meta property=\"og:title\" content=\"SAR la Princesse Lalla Meryem re\u00e7oit la Repr\u00e9sentante sp\u00e9ciale du Secr\u00e9taire g\u00e9n\u00e9ral des Nations Unies, charg\u00e9e de la question de la violence \u00e0 l\u2019\u00e9gard des enfants - Dpress.ma\/fr\" \/>\n<meta property=\"og:description\" content=\"Son Altesse Royale la Princesse Lalla Meryem a re\u00e7u, lundi \u00e0 Rabat, Mme Najat Maalla M\u2019jid, Repr\u00e9sentante sp\u00e9ciale du Secr\u00e9taire g\u00e9n\u00e9ral des Nations Unies, charg\u00e9e de la question de la violence \u00e0 l\u2019\u00e9gard des enfants.\" \/>\n<meta property=\"og:url\" content=\"https:\/\/dpress.ma\/fr\/2022\/11\/21\/sar-la-princesse-lalla-meryem-recoit-la-representante-speciale-du-secretaire-general-des-nations-unies-chargee-de-la-question-de-la-violence-a-legard-des-enfants\/\" \/>\n<meta property=\"og:site_name\" content=\"Dpress.ma\/fr\" \/>\n<meta property=\"article:published_time\" content=\"2022-11-21T17:20:18+00:00\" \/>\n<meta property=\"article:modified_time\" content=\"2022-11-21T17:20:19+00:00\" \/>\n<meta property=\"og:image\" content=\"https:\/\/dpress.ma\/fr\/wp-content\/uploads\/sites\/2\/2022\/11\/dimensions2-46.jpg\" \/>\n\t<meta property=\"og:image:width\" content=\"2539\" \/>\n\t<meta property=\"og:image:height\" content=\"1594\" \/>\n\t<meta property=\"og:image:type\" content=\"image\/jpeg\" \/>\n<meta name=\"author\" content=\"Dpress.ma\" \/>\n<meta name=\"twitter:card\" content=\"summary_large_image\" \/>\n<meta name=\"twitter:label1\" content=\"\u00c9crit par\" \/>\n\t<meta name=\"twitter:data1\" content=\"Dpress.ma\" \/>\n\t<meta name=\"twitter:label2\" content=\"Dur\u00e9e de lecture estim\u00e9e\" \/>\n\t<meta name=\"twitter:data2\" content=\"2 minutes\" \/>\n<script type=\"application\/ld+json\" class=\"yoast-schema-graph\">{\"@context\":\"https:\\\/\\\/schema.org\",\"@graph\":[{\"@type\":\"Article\",\"@id\":\"https:\\\/\\\/dpress.ma\\\/fr\\\/2022\\\/11\\\/21\\\/sar-la-princesse-lalla-meryem-recoit-la-representante-speciale-du-secretaire-general-des-nations-unies-chargee-de-la-question-de-la-violence-a-legard-des-enfants\\\/#article\",\"isPartOf\":{\"@id\":\"https:\\\/\\\/dpress.ma\\\/fr\\\/2022\\\/11\\\/21\\\/sar-la-princesse-lalla-meryem-recoit-la-representante-speciale-du-secretaire-general-des-nations-unies-chargee-de-la-question-de-la-violence-a-legard-des-enfants\\\/\"},\"author\":{\"name\":\"Dpress.ma\",\"@id\":\"https:\\\/\\\/dpress.ma\\\/fr\\\/#\\\/schema\\\/person\\\/4898febf3ccd59e6578d838656a306a0\"},\"headline\":\"SAR la Princesse Lalla Meryem re\u00e7oit la Repr\u00e9sentante sp\u00e9ciale du Secr\u00e9taire g\u00e9n\u00e9ral des Nations Unies, charg\u00e9e de la question de la violence \u00e0 l\u2019\u00e9gard des enfants\",\"datePublished\":\"2022-11-21T17:20:18+00:00\",\"dateModified\":\"2022-11-21T17:20:19+00:00\",\"mainEntityOfPage\":{\"@id\":\"https:\\\/\\\/dpress.ma\\\/fr\\\/2022\\\/11\\\/21\\\/sar-la-princesse-lalla-meryem-recoit-la-representante-speciale-du-secretaire-general-des-nations-unies-chargee-de-la-question-de-la-violence-a-legard-des-enfants\\\/\"},\"wordCount\":331,\"commentCount\":0,\"image\":{\"@id\":\"https:\\\/\\\/dpress.ma\\\/fr\\\/2022\\\/11\\\/21\\\/sar-la-princesse-lalla-meryem-recoit-la-representante-speciale-du-secretaire-general-des-nations-unies-chargee-de-la-question-de-la-violence-a-legard-des-enfants\\\/#primaryimage\"},\"thumbnailUrl\":\"https:\\\/\\\/dpress.ma\\\/fr\\\/wp-content\\\/uploads\\\/sites\\\/2\\\/2022\\\/11\\\/dimensions2-46.jpg\",\"articleSection\":[\"Activit\u00e9s Royales\"],\"inLanguage\":\"fr-FR\",\"potentialAction\":[{\"@type\":\"CommentAction\",\"name\":\"Comment\",\"target\":[\"https:\\\/\\\/dpress.ma\\\/fr\\\/2022\\\/11\\\/21\\\/sar-la-princesse-lalla-meryem-recoit-la-representante-speciale-du-secretaire-general-des-nations-unies-chargee-de-la-question-de-la-violence-a-legard-des-enfants\\\/#respond\"]}]},{\"@type\":\"WebPage\",\"@id\":\"https:\\\/\\\/dpress.ma\\\/fr\\\/2022\\\/11\\\/21\\\/sar-la-princesse-lalla-meryem-recoit-la-representante-speciale-du-secretaire-general-des-nations-unies-chargee-de-la-question-de-la-violence-a-legard-des-enfants\\\/\",\"url\":\"https:\\\/\\\/dpress.ma\\\/fr\\\/2022\\\/11\\\/21\\\/sar-la-princesse-lalla-meryem-recoit-la-representante-speciale-du-secretaire-general-des-nations-unies-chargee-de-la-question-de-la-violence-a-legard-des-enfants\\\/\",\"name\":\"SAR la Princesse Lalla Meryem re\u00e7oit la Repr\u00e9sentante sp\u00e9ciale du Secr\u00e9taire g\u00e9n\u00e9ral des Nations Unies, charg\u00e9e de la question de la violence \u00e0 l\u2019\u00e9gard des enfants - Dpress.ma\\\/fr\",\"isPartOf\":{\"@id\":\"https:\\\/\\\/dpress.ma\\\/fr\\\/#website\"},\"primaryImageOfPage\":{\"@id\":\"https:\\\/\\\/dpress.ma\\\/fr\\\/2022\\\/11\\\/21\\\/sar-la-princesse-lalla-meryem-recoit-la-representante-speciale-du-secretaire-general-des-nations-unies-chargee-de-la-question-de-la-violence-a-legard-des-enfants\\\/#primaryimage\"},\"image\":{\"@id\":\"https:\\\/\\\/dpress.ma\\\/fr\\\/2022\\\/11\\\/21\\\/sar-la-princesse-lalla-meryem-recoit-la-representante-speciale-du-secretaire-general-des-nations-unies-chargee-de-la-question-de-la-violence-a-legard-des-enfants\\\/#primaryimage\"},\"thumbnailUrl\":\"https:\\\/\\\/dpress.ma\\\/fr\\\/wp-content\\\/uploads\\\/sites\\\/2\\\/2022\\\/11\\\/dimensions2-46.jpg\",\"datePublished\":\"2022-11-21T17:20:18+00:00\",\"dateModified\":\"2022-11-21T17:20:19+00:00\",\"author\":{\"@id\":\"https:\\\/\\\/dpress.ma\\\/fr\\\/#\\\/schema\\\/person\\\/4898febf3ccd59e6578d838656a306a0\"},\"description\":\"Son Altesse Royale la Princesse Lalla Meryem a re\u00e7u, lundi \u00e0 Rabat, Mme Najat Maalla M\u2019jid, Repr\u00e9sentante sp\u00e9ciale du Secr\u00e9taire g\u00e9n\u00e9ral des Nations Unies, charg\u00e9e de la question de la violence \u00e0 l\u2019\u00e9gard des enfants.\",\"breadcrumb\":{\"@id\":\"https:\\\/\\\/dpress.ma\\\/fr\\\/2022\\\/11\\\/21\\\/sar-la-princesse-lalla-meryem-recoit-la-representante-speciale-du-secretaire-general-des-nations-unies-chargee-de-la-question-de-la-violence-a-legard-des-enfants\\\/#breadcrumb\"},\"inLanguage\":\"fr-FR\",\"potentialAction\":[{\"@type\":\"ReadAction\",\"target\":[\"https:\\\/\\\/dpress.ma\\\/fr\\\/2022\\\/11\\\/21\\\/sar-la-princesse-lalla-meryem-recoit-la-representante-speciale-du-secretaire-general-des-nations-unies-chargee-de-la-question-de-la-violence-a-legard-des-enfants\\\/\"]}]},{\"@type\":\"ImageObject\",\"inLanguage\":\"fr-FR\",\"@id\":\"https:\\\/\\\/dpress.ma\\\/fr\\\/2022\\\/11\\\/21\\\/sar-la-princesse-lalla-meryem-recoit-la-representante-speciale-du-secretaire-general-des-nations-unies-chargee-de-la-question-de-la-violence-a-legard-des-enfants\\\/#primaryimage\",\"url\":\"https:\\\/\\\/dpress.ma\\\/fr\\\/wp-content\\\/uploads\\\/sites\\\/2\\\/2022\\\/11\\\/dimensions2-46.jpg\",\"contentUrl\":\"https:\\\/\\\/dpress.ma\\\/fr\\\/wp-content\\\/uploads\\\/sites\\\/2\\\/2022\\\/11\\\/dimensions2-46.jpg\",\"width\":2539,\"height\":1594},{\"@type\":\"BreadcrumbList\",\"@id\":\"https:\\\/\\\/dpress.ma\\\/fr\\\/2022\\\/11\\\/21\\\/sar-la-princesse-lalla-meryem-recoit-la-representante-speciale-du-secretaire-general-des-nations-unies-chargee-de-la-question-de-la-violence-a-legard-des-enfants\\\/#breadcrumb\",\"itemListElement\":[{\"@type\":\"ListItem\",\"position\":1,\"name\":\"Home\",\"item\":\"https:\\\/\\\/dpress.ma\\\/fr\\\/\"},{\"@type\":\"ListItem\",\"position\":2,\"name\":\"SAR la Princesse Lalla Meryem re\u00e7oit la Repr\u00e9sentante sp\u00e9ciale du Secr\u00e9taire g\u00e9n\u00e9ral des Nations Unies, charg\u00e9e de la question de la violence \u00e0 l\u2019\u00e9gard des enfants\"}]},{\"@type\":\"WebSite\",\"@id\":\"https:\\\/\\\/dpress.ma\\\/fr\\\/#website\",\"url\":\"https:\\\/\\\/dpress.ma\\\/fr\\\/\",\"name\":\"Dpress.ma\\\/fr\",\"description\":\"\",\"potentialAction\":[{\"@type\":\"SearchAction\",\"target\":{\"@type\":\"EntryPoint\",\"urlTemplate\":\"https:\\\/\\\/dpress.ma\\\/fr\\\/?s={search_term_string}\"},\"query-input\":{\"@type\":\"PropertyValueSpecification\",\"valueRequired\":true,\"valueName\":\"search_term_string\"}}],\"inLanguage\":\"fr-FR\"},{\"@type\":\"Person\",\"@id\":\"https:\\\/\\\/dpress.ma\\\/fr\\\/#\\\/schema\\\/person\\\/4898febf3ccd59e6578d838656a306a0\",\"name\":\"Dpress.ma\",\"image\":{\"@type\":\"ImageObject\",\"inLanguage\":\"fr-FR\",\"@id\":\"https:\\\/\\\/secure.gravatar.com\\\/avatar\\\/72ecc30e9db047a2e0e7176561eb9d564ed77c8108376495b19bd8336405198a?s=96&d=mm&r=g\",\"url\":\"https:\\\/\\\/secure.gravatar.com\\\/avatar\\\/72ecc30e9db047a2e0e7176561eb9d564ed77c8108376495b19bd8336405198a?s=96&d=mm&r=g\",\"contentUrl\":\"https:\\\/\\\/secure.gravatar.com\\\/avatar\\\/72ecc30e9db047a2e0e7176561eb9d564ed77c8108376495b19bd8336405198a?s=96&d=mm&r=g\",\"caption\":\"Dpress.ma\"},\"sameAs\":[\"https:\\\/\\\/www.dpress.ma\"],\"url\":\"https:\\\/\\\/dpress.ma\\\/fr\\\/author\\\/dpress-ma\\\/\"}]}<\/script>\n<!-- \/ Yoast SEO plugin. -->","yoast_head_json":{"title":"SAR la Princesse Lalla Meryem re\u00e7oit la Repr\u00e9sentante sp\u00e9ciale du Secr\u00e9taire g\u00e9n\u00e9ral des Nations Unies, charg\u00e9e de la question de la violence \u00e0 l\u2019\u00e9gard des enfants - Dpress.ma\/fr","description":"Son Altesse Royale la Princesse Lalla Meryem a re\u00e7u, lundi \u00e0 Rabat, Mme Najat Maalla M\u2019jid, Repr\u00e9sentante sp\u00e9ciale du Secr\u00e9taire g\u00e9n\u00e9ral des Nations Unies, charg\u00e9e de la question de la violence \u00e0 l\u2019\u00e9gard des enfants.","robots":{"index":"index","follow":"follow","max-snippet":"max-snippet:-1","max-image-preview":"max-image-preview:large","max-video-preview":"max-video-preview:-1"},"canonical":"https:\/\/dpress.ma\/fr\/2022\/11\/21\/sar-la-princesse-lalla-meryem-recoit-la-representante-speciale-du-secretaire-general-des-nations-unies-chargee-de-la-question-de-la-violence-a-legard-des-enfants\/","og_locale":"fr_FR","og_type":"article","og_title":"SAR la Princesse Lalla Meryem re\u00e7oit la Repr\u00e9sentante sp\u00e9ciale du Secr\u00e9taire g\u00e9n\u00e9ral des Nations Unies, charg\u00e9e de la question de la violence \u00e0 l\u2019\u00e9gard des enfants - Dpress.ma\/fr","og_description":"Son Altesse Royale la Princesse Lalla Meryem a re\u00e7u, lundi \u00e0 Rabat, Mme Najat Maalla M\u2019jid, Repr\u00e9sentante sp\u00e9ciale du Secr\u00e9taire g\u00e9n\u00e9ral des Nations Unies, charg\u00e9e de la question de la violence \u00e0 l\u2019\u00e9gard des enfants.","og_url":"https:\/\/dpress.ma\/fr\/2022\/11\/21\/sar-la-princesse-lalla-meryem-recoit-la-representante-speciale-du-secretaire-general-des-nations-unies-chargee-de-la-question-de-la-violence-a-legard-des-enfants\/","og_site_name":"Dpress.ma\/fr","article_published_time":"2022-11-21T17:20:18+00:00","article_modified_time":"2022-11-21T17:20:19+00:00","og_image":[{"width":2539,"height":1594,"url":"https:\/\/dpress.ma\/fr\/wp-content\/uploads\/sites\/2\/2022\/11\/dimensions2-46.jpg","type":"image\/jpeg"}],"author":"Dpress.ma","twitter_card":"summary_large_image","twitter_misc":{"\u00c9crit par":"Dpress.ma","Dur\u00e9e de lecture estim\u00e9e":"2 minutes"},"schema":{"@context":"https:\/\/schema.org","@graph":[{"@type":"Article","@id":"https:\/\/dpress.ma\/fr\/2022\/11\/21\/sar-la-princesse-lalla-meryem-recoit-la-representante-speciale-du-secretaire-general-des-nations-unies-chargee-de-la-question-de-la-violence-a-legard-des-enfants\/#article","isPartOf":{"@id":"https:\/\/dpress.ma\/fr\/2022\/11\/21\/sar-la-princesse-lalla-meryem-recoit-la-representante-speciale-du-secretaire-general-des-nations-unies-chargee-de-la-question-de-la-violence-a-legard-des-enfants\/"},"author":{"name":"Dpress.ma","@id":"https:\/\/dpress.ma\/fr\/#\/schema\/person\/4898febf3ccd59e6578d838656a306a0"},"headline":"SAR la Princesse Lalla Meryem re\u00e7oit la Repr\u00e9sentante sp\u00e9ciale du Secr\u00e9taire g\u00e9n\u00e9ral des Nations Unies, charg\u00e9e de la question de la violence \u00e0 l\u2019\u00e9gard des enfants","datePublished":"2022-11-21T17:20:18+00:00","dateModified":"2022-11-21T17:20:19+00:00","mainEntityOfPage":{"@id":"https:\/\/dpress.ma\/fr\/2022\/11\/21\/sar-la-princesse-lalla-meryem-recoit-la-representante-speciale-du-secretaire-general-des-nations-unies-chargee-de-la-question-de-la-violence-a-legard-des-enfants\/"},"wordCount":331,"commentCount":0,"image":{"@id":"https:\/\/dpress.ma\/fr\/2022\/11\/21\/sar-la-princesse-lalla-meryem-recoit-la-representante-speciale-du-secretaire-general-des-nations-unies-chargee-de-la-question-de-la-violence-a-legard-des-enfants\/#primaryimage"},"thumbnailUrl":"https:\/\/dpress.ma\/fr\/wp-content\/uploads\/sites\/2\/2022\/11\/dimensions2-46.jpg","articleSection":["Activit\u00e9s Royales"],"inLanguage":"fr-FR","potentialAction":[{"@type":"CommentAction","name":"Comment","target":["https:\/\/dpress.ma\/fr\/2022\/11\/21\/sar-la-princesse-lalla-meryem-recoit-la-representante-speciale-du-secretaire-general-des-nations-unies-chargee-de-la-question-de-la-violence-a-legard-des-enfants\/#respond"]}]},{"@type":"WebPage","@id":"https:\/\/dpress.ma\/fr\/2022\/11\/21\/sar-la-princesse-lalla-meryem-recoit-la-representante-speciale-du-secretaire-general-des-nations-unies-chargee-de-la-question-de-la-violence-a-legard-des-enfants\/","url":"https:\/\/dpress.ma\/fr\/2022\/11\/21\/sar-la-princesse-lalla-meryem-recoit-la-representante-speciale-du-secretaire-general-des-nations-unies-chargee-de-la-question-de-la-violence-a-legard-des-enfants\/","name":"SAR la Princesse Lalla Meryem re\u00e7oit la Repr\u00e9sentante sp\u00e9ciale du Secr\u00e9taire g\u00e9n\u00e9ral des Nations Unies, charg\u00e9e de la question de la violence \u00e0 l\u2019\u00e9gard des enfants - Dpress.ma\/fr","isPartOf":{"@id":"https:\/\/dpress.ma\/fr\/#website"},"primaryImageOfPage":{"@id":"https:\/\/dpress.ma\/fr\/2022\/11\/21\/sar-la-princesse-lalla-meryem-recoit-la-representante-speciale-du-secretaire-general-des-nations-unies-chargee-de-la-question-de-la-violence-a-legard-des-enfants\/#primaryimage"},"image":{"@id":"https:\/\/dpress.ma\/fr\/2022\/11\/21\/sar-la-princesse-lalla-meryem-recoit-la-representante-speciale-du-secretaire-general-des-nations-unies-chargee-de-la-question-de-la-violence-a-legard-des-enfants\/#primaryimage"},"thumbnailUrl":"https:\/\/dpress.ma\/fr\/wp-content\/uploads\/sites\/2\/2022\/11\/dimensions2-46.jpg","datePublished":"2022-11-21T17:20:18+00:00","dateModified":"2022-11-21T17:20:19+00:00","author":{"@id":"https:\/\/dpress.ma\/fr\/#\/schema\/person\/4898febf3ccd59e6578d838656a306a0"},"description":"Son Altesse Royale la Princesse Lalla Meryem a re\u00e7u, lundi \u00e0 Rabat, Mme Najat Maalla M\u2019jid, Repr\u00e9sentante sp\u00e9ciale du Secr\u00e9taire g\u00e9n\u00e9ral des Nations Unies, charg\u00e9e de la question de la violence \u00e0 l\u2019\u00e9gard des enfants.","breadcrumb":{"@id":"https:\/\/dpress.ma\/fr\/2022\/11\/21\/sar-la-princesse-lalla-meryem-recoit-la-representante-speciale-du-secretaire-general-des-nations-unies-chargee-de-la-question-de-la-violence-a-legard-des-enfants\/#breadcrumb"},"inLanguage":"fr-FR","potentialAction":[{"@type":"ReadAction","target":["https:\/\/dpress.ma\/fr\/2022\/11\/21\/sar-la-princesse-lalla-meryem-recoit-la-representante-speciale-du-secretaire-general-des-nations-unies-chargee-de-la-question-de-la-violence-a-legard-des-enfants\/"]}]},{"@type":"ImageObject","inLanguage":"fr-FR","@id":"https:\/\/dpress.ma\/fr\/2022\/11\/21\/sar-la-princesse-lalla-meryem-recoit-la-representante-speciale-du-secretaire-general-des-nations-unies-chargee-de-la-question-de-la-violence-a-legard-des-enfants\/#primaryimage","url":"https:\/\/dpress.ma\/fr\/wp-content\/uploads\/sites\/2\/2022\/11\/dimensions2-46.jpg","contentUrl":"https:\/\/dpress.ma\/fr\/wp-content\/uploads\/sites\/2\/2022\/11\/dimensions2-46.jpg","width":2539,"height":1594},{"@type":"BreadcrumbList","@id":"https:\/\/dpress.ma\/fr\/2022\/11\/21\/sar-la-princesse-lalla-meryem-recoit-la-representante-speciale-du-secretaire-general-des-nations-unies-chargee-de-la-question-de-la-violence-a-legard-des-enfants\/#breadcrumb","itemListElement":[{"@type":"ListItem","position":1,"name":"Home","item":"https:\/\/dpress.ma\/fr\/"},{"@type":"ListItem","position":2,"name":"SAR la Princesse Lalla Meryem re\u00e7oit la Repr\u00e9sentante sp\u00e9ciale du Secr\u00e9taire g\u00e9n\u00e9ral des Nations Unies, charg\u00e9e de la question de la violence \u00e0 l\u2019\u00e9gard des enfants"}]},{"@type":"WebSite","@id":"https:\/\/dpress.ma\/fr\/#website","url":"https:\/\/dpress.ma\/fr\/","name":"Dpress.ma\/fr","description":"","potentialAction":[{"@type":"SearchAction","target":{"@type":"EntryPoint","urlTemplate":"https:\/\/dpress.ma\/fr\/?s={search_term_string}"},"query-input":{"@type":"PropertyValueSpecification","valueRequired":true,"valueName":"search_term_string"}}],"inLanguage":"fr-FR"},{"@type":"Person","@id":"https:\/\/dpress.ma\/fr\/#\/schema\/person\/4898febf3ccd59e6578d838656a306a0","name":"Dpress.ma","image":{"@type":"ImageObject","inLanguage":"fr-FR","@id":"https:\/\/secure.gravatar.com\/avatar\/72ecc30e9db047a2e0e7176561eb9d564ed77c8108376495b19bd8336405198a?s=96&d=mm&r=g","url":"https:\/\/secure.gravatar.com\/avatar\/72ecc30e9db047a2e0e7176561eb9d564ed77c8108376495b19bd8336405198a?s=96&d=mm&r=g","contentUrl":"https:\/\/secure.gravatar.com\/avatar\/72ecc30e9db047a2e0e7176561eb9d564ed77c8108376495b19bd8336405198a?s=96&d=mm&r=g","caption":"Dpress.ma"},"sameAs":["https:\/\/www.dpress.ma"],"url":"https:\/\/dpress.ma\/fr\/author\/dpress-ma\/"}]}},"amp_enabled":true,"_links":{"self":[{"href":"https:\/\/dpress.ma\/fr\/wp-json\/wp\/v2\/posts\/2609","targetHints":{"allow":["GET"]}}],"collection":[{"href":"https:\/\/dpress.ma\/fr\/wp-json\/wp\/v2\/posts"}],"about":[{"href":"https:\/\/dpress.ma\/fr\/wp-json\/wp\/v2\/types\/post"}],"author":[{"embeddable":true,"href":"https:\/\/dpress.ma\/fr\/wp-json\/wp\/v2\/users\/2"}],"replies":[{"embeddable":true,"href":"https:\/\/dpress.ma\/fr\/wp-json\/wp\/v2\/comments?post=2609"}],"version-history":[{"count":1,"href":"https:\/\/dpress.ma\/fr\/wp-json\/wp\/v2\/posts\/2609\/revisions"}],"predecessor-version":[{"id":2611,"href":"https:\/\/dpress.ma\/fr\/wp-json\/wp\/v2\/posts\/2609\/revisions\/2611"}],"wp:featuredmedia":[{"embeddable":true,"href":"https:\/\/dpress.ma\/fr\/wp-json\/wp\/v2\/media\/2610"}],"wp:attachment":[{"href":"https:\/\/dpress.ma\/fr\/wp-json\/wp\/v2\/media?parent=2609"}],"wp:term":[{"taxonomy":"category","embeddable":true,"href":"https:\/\/dpress.ma\/fr\/wp-json\/wp\/v2\/categories?post=2609"},{"taxonomy":"post_tag","embeddable":true,"href":"https:\/\/dpress.ma\/fr\/wp-json\/wp\/v2\/tags?post=2609"}],"curies":[{"name":"wp","href":"https:\/\/api.w.org\/{rel}","templated":true}]}}