{"id":26087,"date":"2026-03-14T09:46:34","date_gmt":"2026-03-14T09:46:34","guid":{"rendered":"https:\/\/dpress.ma\/fr\/?p=26087"},"modified":"2026-03-14T09:46:38","modified_gmt":"2026-03-14T09:46:38","slug":"archives-du-maroc-adhere-au-portail-national-du-droit-dacces-a-linformation","status":"publish","type":"post","link":"https:\/\/dpress.ma\/fr\/2026\/03\/14\/archives-du-maroc-adhere-au-portail-national-du-droit-dacces-a-linformation\/","title":{"rendered":"Archives du Maroc adh\u00e8re au Portail national du droit d\u2019acc\u00e8s \u00e0 l\u2019information"},"content":{"rendered":"\n<p class=\"wp-block-paragraph\">Dpress<\/p>\n\n\n\n<p class=\"wp-block-paragraph\">L\u2019institution Archives du Maroc et la Commission du droit d\u2019acc\u00e8s \u00e0 l\u2019information (CDAI) ont sign\u00e9, jeudi \u00e0 Rabat, une convention pour l\u2019adh\u00e9sion des Archives du Maroc au Portail national du droit d\u2019acc\u00e8s \u00e0 l\u2019information (PNDAI).<\/p>\n\n\n\n<p class=\"wp-block-paragraph\">Sign\u00e9e par la directrice des Archives du Maroc, Latifa Moftaqir et le Pr\u00e9sident de la CDAI, Omar Seghrouchni, cette convention co\u00efncide avec la c\u00e9l\u00e9bration du 7e anniversaire de l\u2019entr\u00e9e en vigueur de la loi 31.13 relative au droit d\u2019acc\u00e8s \u00e0 l\u2019information, indique un communiqu\u00e9 conjoint des deux parties.<\/p>\n\n\n\n<p class=\"wp-block-paragraph\">G\u00e9r\u00e9 par la CDAI, le PNDAI est une plateforme num\u00e9rique qui permet aux citoyennes et citoyens, ainsi qu\u2019aux personnes \u00e9trang\u00e8res r\u00e9sidant l\u00e9galement au Maroc, de d\u00e9poser et de suivre les demandes d\u2019acc\u00e8s \u00e0 l\u2019information, ainsi que les r\u00e9clamations y aff\u00e9rentes, conform\u00e9ment aux dispositions pr\u00e9vues par la loi n\u00b0 31.13.<\/p>\n\n\n\n<p class=\"wp-block-paragraph\">L\u2019institution adh\u00e9rente a ainsi acc\u00e8s \u00e0 des indicateurs lui permettant de d\u00e9velopper la qualit\u00e9 de ses services et de renforcer le syst\u00e8me du droit d\u2019acc\u00e8s \u00e0 l\u2019information, pr\u00e9cise le communiqu\u00e9.<\/p>\n\n\n\n<p class=\"wp-block-paragraph\">L\u2019adh\u00e9sion des Archives du Maroc au PNDAI s\u2019inscrit dans le cadre de sa volont\u00e9 de contribuer au renforcement des m\u00e9canismes de la communication institutionnelle et la diffusion d\u2019informations, \u00e0 m\u00eame de garantir la valorisation du patrimoine archivistique national et de faciliter l\u2019acc\u00e8s des citoyens et des chercheurs aux archives, conform\u00e9ment \u00e0 la loi.<\/p>\n\n\n\n<p class=\"wp-block-paragraph\">Cette initiative t\u00e9moigne aussi de l\u2019engagement des parties \u00e0 renforcer la mise en \u0153uvre effective du droit d\u2019acc\u00e8s \u00e0 l\u2019information et sa facilitation aux demandeurs d\u2019informations, en plus de soutenir une administration moderne et ouverte fond\u00e9e sur la transparence et pla\u00e7ant le citoyen au centre des politiques publiques, conclut le communiqu\u00e9<\/p>\n","protected":false},"excerpt":{"rendered":"<p>Dpress L\u2019institution Archives du Maroc et la Commission du droit d\u2019acc\u00e8s \u00e0 l\u2019information (CDAI) ont sign\u00e9, jeudi \u00e0 Rabat, une convention pour l\u2019adh\u00e9sion des Archives du Maroc au Portail national du droit d\u2019acc\u00e8s \u00e0 l\u2019information (PNDAI). Sign\u00e9e par la directrice des Archives du Maroc, Latifa Moftaqir et le Pr\u00e9sident de la CDAI, Omar Seghrouchni, cette &hellip;<\/p>\n","protected":false},"author":2,"featured_media":26088,"comment_status":"open","ping_status":"open","sticky":false,"template":"","format":"standard","meta":{"footnotes":""},"categories":[25],"tags":[],"class_list":["post-26087","post","type-post","status-publish","format-standard","has-post-thumbnail","hentry","category-economie"],"yoast_head":"<!-- This site is optimized with the Yoast SEO plugin v28.0 - https:\/\/yoast.com\/product\/yoast-seo-wordpress\/ -->\n<title>Archives du Maroc adh\u00e8re au Portail national du droit d\u2019acc\u00e8s \u00e0 l\u2019information - Dpress.ma\/fr<\/title>\n<meta name=\"robots\" content=\"index, follow, max-snippet:-1, max-image-preview:large, max-video-preview:-1\" \/>\n<link rel=\"canonical\" href=\"https:\/\/dpress.ma\/fr\/2026\/03\/14\/archives-du-maroc-adhere-au-portail-national-du-droit-dacces-a-linformation\/\" \/>\n<meta property=\"og:locale\" content=\"fr_FR\" \/>\n<meta property=\"og:type\" content=\"article\" \/>\n<meta property=\"og:title\" content=\"Archives du Maroc adh\u00e8re au Portail national du droit d\u2019acc\u00e8s \u00e0 l\u2019information - Dpress.ma\/fr\" \/>\n<meta property=\"og:description\" content=\"Dpress L\u2019institution Archives du Maroc et la Commission du droit d\u2019acc\u00e8s \u00e0 l\u2019information (CDAI) ont sign\u00e9, jeudi \u00e0 Rabat, une convention pour l\u2019adh\u00e9sion des Archives du Maroc au Portail national du droit d\u2019acc\u00e8s \u00e0 l\u2019information (PNDAI). Sign\u00e9e par la directrice des Archives du Maroc, Latifa Moftaqir et le Pr\u00e9sident de la CDAI, Omar Seghrouchni, cette &hellip;\" \/>\n<meta property=\"og:url\" content=\"https:\/\/dpress.ma\/fr\/2026\/03\/14\/archives-du-maroc-adhere-au-portail-national-du-droit-dacces-a-linformation\/\" \/>\n<meta property=\"og:site_name\" content=\"Dpress.ma\/fr\" \/>\n<meta property=\"article:published_time\" content=\"2026-03-14T09:46:34+00:00\" \/>\n<meta property=\"article:modified_time\" content=\"2026-03-14T09:46:38+00:00\" \/>\n<meta property=\"og:image\" content=\"https:\/\/dpress.ma\/fr\/wp-content\/uploads\/sites\/2\/2026\/03\/17-3.jpg\" \/>\n\t<meta property=\"og:image:width\" content=\"2539\" \/>\n\t<meta property=\"og:image:height\" content=\"1594\" \/>\n\t<meta property=\"og:image:type\" content=\"image\/jpeg\" \/>\n<meta name=\"author\" content=\"Dpress.ma\" \/>\n<meta name=\"twitter:card\" content=\"summary_large_image\" \/>\n<meta name=\"twitter:label1\" content=\"\u00c9crit par\" \/>\n\t<meta name=\"twitter:data1\" content=\"Dpress.ma\" \/>\n\t<meta name=\"twitter:label2\" content=\"Dur\u00e9e de lecture estim\u00e9e\" \/>\n\t<meta name=\"twitter:data2\" content=\"2 minutes\" \/>\n<script type=\"application\/ld+json\" class=\"yoast-schema-graph\">{\"@context\":\"https:\\\/\\\/schema.org\",\"@graph\":[{\"@type\":\"Article\",\"@id\":\"https:\\\/\\\/dpress.ma\\\/fr\\\/2026\\\/03\\\/14\\\/archives-du-maroc-adhere-au-portail-national-du-droit-dacces-a-linformation\\\/#article\",\"isPartOf\":{\"@id\":\"https:\\\/\\\/dpress.ma\\\/fr\\\/2026\\\/03\\\/14\\\/archives-du-maroc-adhere-au-portail-national-du-droit-dacces-a-linformation\\\/\"},\"author\":{\"name\":\"Dpress.ma\",\"@id\":\"https:\\\/\\\/dpress.ma\\\/fr\\\/#\\\/schema\\\/person\\\/4898febf3ccd59e6578d838656a306a0\"},\"headline\":\"Archives du Maroc adh\u00e8re au Portail national du droit d\u2019acc\u00e8s \u00e0 l\u2019information\",\"datePublished\":\"2026-03-14T09:46:34+00:00\",\"dateModified\":\"2026-03-14T09:46:38+00:00\",\"mainEntityOfPage\":{\"@id\":\"https:\\\/\\\/dpress.ma\\\/fr\\\/2026\\\/03\\\/14\\\/archives-du-maroc-adhere-au-portail-national-du-droit-dacces-a-linformation\\\/\"},\"wordCount\":328,\"commentCount\":0,\"image\":{\"@id\":\"https:\\\/\\\/dpress.ma\\\/fr\\\/2026\\\/03\\\/14\\\/archives-du-maroc-adhere-au-portail-national-du-droit-dacces-a-linformation\\\/#primaryimage\"},\"thumbnailUrl\":\"https:\\\/\\\/dpress.ma\\\/fr\\\/wp-content\\\/uploads\\\/sites\\\/2\\\/2026\\\/03\\\/17-3.jpg\",\"articleSection\":[\"\u00c9conomie\"],\"inLanguage\":\"fr-FR\",\"potentialAction\":[{\"@type\":\"CommentAction\",\"name\":\"Comment\",\"target\":[\"https:\\\/\\\/dpress.ma\\\/fr\\\/2026\\\/03\\\/14\\\/archives-du-maroc-adhere-au-portail-national-du-droit-dacces-a-linformation\\\/#respond\"]}]},{\"@type\":\"WebPage\",\"@id\":\"https:\\\/\\\/dpress.ma\\\/fr\\\/2026\\\/03\\\/14\\\/archives-du-maroc-adhere-au-portail-national-du-droit-dacces-a-linformation\\\/\",\"url\":\"https:\\\/\\\/dpress.ma\\\/fr\\\/2026\\\/03\\\/14\\\/archives-du-maroc-adhere-au-portail-national-du-droit-dacces-a-linformation\\\/\",\"name\":\"Archives du Maroc adh\u00e8re au Portail national du droit d\u2019acc\u00e8s \u00e0 l\u2019information - Dpress.ma\\\/fr\",\"isPartOf\":{\"@id\":\"https:\\\/\\\/dpress.ma\\\/fr\\\/#website\"},\"primaryImageOfPage\":{\"@id\":\"https:\\\/\\\/dpress.ma\\\/fr\\\/2026\\\/03\\\/14\\\/archives-du-maroc-adhere-au-portail-national-du-droit-dacces-a-linformation\\\/#primaryimage\"},\"image\":{\"@id\":\"https:\\\/\\\/dpress.ma\\\/fr\\\/2026\\\/03\\\/14\\\/archives-du-maroc-adhere-au-portail-national-du-droit-dacces-a-linformation\\\/#primaryimage\"},\"thumbnailUrl\":\"https:\\\/\\\/dpress.ma\\\/fr\\\/wp-content\\\/uploads\\\/sites\\\/2\\\/2026\\\/03\\\/17-3.jpg\",\"datePublished\":\"2026-03-14T09:46:34+00:00\",\"dateModified\":\"2026-03-14T09:46:38+00:00\",\"author\":{\"@id\":\"https:\\\/\\\/dpress.ma\\\/fr\\\/#\\\/schema\\\/person\\\/4898febf3ccd59e6578d838656a306a0\"},\"breadcrumb\":{\"@id\":\"https:\\\/\\\/dpress.ma\\\/fr\\\/2026\\\/03\\\/14\\\/archives-du-maroc-adhere-au-portail-national-du-droit-dacces-a-linformation\\\/#breadcrumb\"},\"inLanguage\":\"fr-FR\",\"potentialAction\":[{\"@type\":\"ReadAction\",\"target\":[\"https:\\\/\\\/dpress.ma\\\/fr\\\/2026\\\/03\\\/14\\\/archives-du-maroc-adhere-au-portail-national-du-droit-dacces-a-linformation\\\/\"]}]},{\"@type\":\"ImageObject\",\"inLanguage\":\"fr-FR\",\"@id\":\"https:\\\/\\\/dpress.ma\\\/fr\\\/2026\\\/03\\\/14\\\/archives-du-maroc-adhere-au-portail-national-du-droit-dacces-a-linformation\\\/#primaryimage\",\"url\":\"https:\\\/\\\/dpress.ma\\\/fr\\\/wp-content\\\/uploads\\\/sites\\\/2\\\/2026\\\/03\\\/17-3.jpg\",\"contentUrl\":\"https:\\\/\\\/dpress.ma\\\/fr\\\/wp-content\\\/uploads\\\/sites\\\/2\\\/2026\\\/03\\\/17-3.jpg\",\"width\":2539,\"height\":1594},{\"@type\":\"BreadcrumbList\",\"@id\":\"https:\\\/\\\/dpress.ma\\\/fr\\\/2026\\\/03\\\/14\\\/archives-du-maroc-adhere-au-portail-national-du-droit-dacces-a-linformation\\\/#breadcrumb\",\"itemListElement\":[{\"@type\":\"ListItem\",\"position\":1,\"name\":\"Home\",\"item\":\"https:\\\/\\\/dpress.ma\\\/fr\\\/\"},{\"@type\":\"ListItem\",\"position\":2,\"name\":\"Archives du Maroc adh\u00e8re au Portail national du droit d\u2019acc\u00e8s \u00e0 l\u2019information\"}]},{\"@type\":\"WebSite\",\"@id\":\"https:\\\/\\\/dpress.ma\\\/fr\\\/#website\",\"url\":\"https:\\\/\\\/dpress.ma\\\/fr\\\/\",\"name\":\"Dpress.ma\\\/fr\",\"description\":\"\",\"potentialAction\":[{\"@type\":\"SearchAction\",\"target\":{\"@type\":\"EntryPoint\",\"urlTemplate\":\"https:\\\/\\\/dpress.ma\\\/fr\\\/?s={search_term_string}\"},\"query-input\":{\"@type\":\"PropertyValueSpecification\",\"valueRequired\":true,\"valueName\":\"search_term_string\"}}],\"inLanguage\":\"fr-FR\"},{\"@type\":\"Person\",\"@id\":\"https:\\\/\\\/dpress.ma\\\/fr\\\/#\\\/schema\\\/person\\\/4898febf3ccd59e6578d838656a306a0\",\"name\":\"Dpress.ma\",\"image\":{\"@type\":\"ImageObject\",\"inLanguage\":\"fr-FR\",\"@id\":\"https:\\\/\\\/secure.gravatar.com\\\/avatar\\\/72ecc30e9db047a2e0e7176561eb9d564ed77c8108376495b19bd8336405198a?s=96&d=mm&r=g\",\"url\":\"https:\\\/\\\/secure.gravatar.com\\\/avatar\\\/72ecc30e9db047a2e0e7176561eb9d564ed77c8108376495b19bd8336405198a?s=96&d=mm&r=g\",\"contentUrl\":\"https:\\\/\\\/secure.gravatar.com\\\/avatar\\\/72ecc30e9db047a2e0e7176561eb9d564ed77c8108376495b19bd8336405198a?s=96&d=mm&r=g\",\"caption\":\"Dpress.ma\"},\"sameAs\":[\"https:\\\/\\\/www.dpress.ma\"],\"url\":\"https:\\\/\\\/dpress.ma\\\/fr\\\/author\\\/dpress-ma\\\/\"}]}<\/script>\n<!-- \/ Yoast SEO plugin. -->","yoast_head_json":{"title":"Archives du Maroc adh\u00e8re au Portail national du droit d\u2019acc\u00e8s \u00e0 l\u2019information - Dpress.ma\/fr","robots":{"index":"index","follow":"follow","max-snippet":"max-snippet:-1","max-image-preview":"max-image-preview:large","max-video-preview":"max-video-preview:-1"},"canonical":"https:\/\/dpress.ma\/fr\/2026\/03\/14\/archives-du-maroc-adhere-au-portail-national-du-droit-dacces-a-linformation\/","og_locale":"fr_FR","og_type":"article","og_title":"Archives du Maroc adh\u00e8re au Portail national du droit d\u2019acc\u00e8s \u00e0 l\u2019information - Dpress.ma\/fr","og_description":"Dpress L\u2019institution Archives du Maroc et la Commission du droit d\u2019acc\u00e8s \u00e0 l\u2019information (CDAI) ont sign\u00e9, jeudi \u00e0 Rabat, une convention pour l\u2019adh\u00e9sion des Archives du Maroc au Portail national du droit d\u2019acc\u00e8s \u00e0 l\u2019information (PNDAI). Sign\u00e9e par la directrice des Archives du Maroc, Latifa Moftaqir et le Pr\u00e9sident de la CDAI, Omar Seghrouchni, cette &hellip;","og_url":"https:\/\/dpress.ma\/fr\/2026\/03\/14\/archives-du-maroc-adhere-au-portail-national-du-droit-dacces-a-linformation\/","og_site_name":"Dpress.ma\/fr","article_published_time":"2026-03-14T09:46:34+00:00","article_modified_time":"2026-03-14T09:46:38+00:00","og_image":[{"width":2539,"height":1594,"url":"https:\/\/dpress.ma\/fr\/wp-content\/uploads\/sites\/2\/2026\/03\/17-3.jpg","type":"image\/jpeg"}],"author":"Dpress.ma","twitter_card":"summary_large_image","twitter_misc":{"\u00c9crit par":"Dpress.ma","Dur\u00e9e de lecture estim\u00e9e":"2 minutes"},"schema":{"@context":"https:\/\/schema.org","@graph":[{"@type":"Article","@id":"https:\/\/dpress.ma\/fr\/2026\/03\/14\/archives-du-maroc-adhere-au-portail-national-du-droit-dacces-a-linformation\/#article","isPartOf":{"@id":"https:\/\/dpress.ma\/fr\/2026\/03\/14\/archives-du-maroc-adhere-au-portail-national-du-droit-dacces-a-linformation\/"},"author":{"name":"Dpress.ma","@id":"https:\/\/dpress.ma\/fr\/#\/schema\/person\/4898febf3ccd59e6578d838656a306a0"},"headline":"Archives du Maroc adh\u00e8re au Portail national du droit d\u2019acc\u00e8s \u00e0 l\u2019information","datePublished":"2026-03-14T09:46:34+00:00","dateModified":"2026-03-14T09:46:38+00:00","mainEntityOfPage":{"@id":"https:\/\/dpress.ma\/fr\/2026\/03\/14\/archives-du-maroc-adhere-au-portail-national-du-droit-dacces-a-linformation\/"},"wordCount":328,"commentCount":0,"image":{"@id":"https:\/\/dpress.ma\/fr\/2026\/03\/14\/archives-du-maroc-adhere-au-portail-national-du-droit-dacces-a-linformation\/#primaryimage"},"thumbnailUrl":"https:\/\/dpress.ma\/fr\/wp-content\/uploads\/sites\/2\/2026\/03\/17-3.jpg","articleSection":["\u00c9conomie"],"inLanguage":"fr-FR","potentialAction":[{"@type":"CommentAction","name":"Comment","target":["https:\/\/dpress.ma\/fr\/2026\/03\/14\/archives-du-maroc-adhere-au-portail-national-du-droit-dacces-a-linformation\/#respond"]}]},{"@type":"WebPage","@id":"https:\/\/dpress.ma\/fr\/2026\/03\/14\/archives-du-maroc-adhere-au-portail-national-du-droit-dacces-a-linformation\/","url":"https:\/\/dpress.ma\/fr\/2026\/03\/14\/archives-du-maroc-adhere-au-portail-national-du-droit-dacces-a-linformation\/","name":"Archives du Maroc adh\u00e8re au Portail national du droit d\u2019acc\u00e8s \u00e0 l\u2019information - Dpress.ma\/fr","isPartOf":{"@id":"https:\/\/dpress.ma\/fr\/#website"},"primaryImageOfPage":{"@id":"https:\/\/dpress.ma\/fr\/2026\/03\/14\/archives-du-maroc-adhere-au-portail-national-du-droit-dacces-a-linformation\/#primaryimage"},"image":{"@id":"https:\/\/dpress.ma\/fr\/2026\/03\/14\/archives-du-maroc-adhere-au-portail-national-du-droit-dacces-a-linformation\/#primaryimage"},"thumbnailUrl":"https:\/\/dpress.ma\/fr\/wp-content\/uploads\/sites\/2\/2026\/03\/17-3.jpg","datePublished":"2026-03-14T09:46:34+00:00","dateModified":"2026-03-14T09:46:38+00:00","author":{"@id":"https:\/\/dpress.ma\/fr\/#\/schema\/person\/4898febf3ccd59e6578d838656a306a0"},"breadcrumb":{"@id":"https:\/\/dpress.ma\/fr\/2026\/03\/14\/archives-du-maroc-adhere-au-portail-national-du-droit-dacces-a-linformation\/#breadcrumb"},"inLanguage":"fr-FR","potentialAction":[{"@type":"ReadAction","target":["https:\/\/dpress.ma\/fr\/2026\/03\/14\/archives-du-maroc-adhere-au-portail-national-du-droit-dacces-a-linformation\/"]}]},{"@type":"ImageObject","inLanguage":"fr-FR","@id":"https:\/\/dpress.ma\/fr\/2026\/03\/14\/archives-du-maroc-adhere-au-portail-national-du-droit-dacces-a-linformation\/#primaryimage","url":"https:\/\/dpress.ma\/fr\/wp-content\/uploads\/sites\/2\/2026\/03\/17-3.jpg","contentUrl":"https:\/\/dpress.ma\/fr\/wp-content\/uploads\/sites\/2\/2026\/03\/17-3.jpg","width":2539,"height":1594},{"@type":"BreadcrumbList","@id":"https:\/\/dpress.ma\/fr\/2026\/03\/14\/archives-du-maroc-adhere-au-portail-national-du-droit-dacces-a-linformation\/#breadcrumb","itemListElement":[{"@type":"ListItem","position":1,"name":"Home","item":"https:\/\/dpress.ma\/fr\/"},{"@type":"ListItem","position":2,"name":"Archives du Maroc adh\u00e8re au Portail national du droit d\u2019acc\u00e8s \u00e0 l\u2019information"}]},{"@type":"WebSite","@id":"https:\/\/dpress.ma\/fr\/#website","url":"https:\/\/dpress.ma\/fr\/","name":"Dpress.ma\/fr","description":"","potentialAction":[{"@type":"SearchAction","target":{"@type":"EntryPoint","urlTemplate":"https:\/\/dpress.ma\/fr\/?s={search_term_string}"},"query-input":{"@type":"PropertyValueSpecification","valueRequired":true,"valueName":"search_term_string"}}],"inLanguage":"fr-FR"},{"@type":"Person","@id":"https:\/\/dpress.ma\/fr\/#\/schema\/person\/4898febf3ccd59e6578d838656a306a0","name":"Dpress.ma","image":{"@type":"ImageObject","inLanguage":"fr-FR","@id":"https:\/\/secure.gravatar.com\/avatar\/72ecc30e9db047a2e0e7176561eb9d564ed77c8108376495b19bd8336405198a?s=96&d=mm&r=g","url":"https:\/\/secure.gravatar.com\/avatar\/72ecc30e9db047a2e0e7176561eb9d564ed77c8108376495b19bd8336405198a?s=96&d=mm&r=g","contentUrl":"https:\/\/secure.gravatar.com\/avatar\/72ecc30e9db047a2e0e7176561eb9d564ed77c8108376495b19bd8336405198a?s=96&d=mm&r=g","caption":"Dpress.ma"},"sameAs":["https:\/\/www.dpress.ma"],"url":"https:\/\/dpress.ma\/fr\/author\/dpress-ma\/"}]}},"amp_enabled":true,"_links":{"self":[{"href":"https:\/\/dpress.ma\/fr\/wp-json\/wp\/v2\/posts\/26087","targetHints":{"allow":["GET"]}}],"collection":[{"href":"https:\/\/dpress.ma\/fr\/wp-json\/wp\/v2\/posts"}],"about":[{"href":"https:\/\/dpress.ma\/fr\/wp-json\/wp\/v2\/types\/post"}],"author":[{"embeddable":true,"href":"https:\/\/dpress.ma\/fr\/wp-json\/wp\/v2\/users\/2"}],"replies":[{"embeddable":true,"href":"https:\/\/dpress.ma\/fr\/wp-json\/wp\/v2\/comments?post=26087"}],"version-history":[{"count":1,"href":"https:\/\/dpress.ma\/fr\/wp-json\/wp\/v2\/posts\/26087\/revisions"}],"predecessor-version":[{"id":26089,"href":"https:\/\/dpress.ma\/fr\/wp-json\/wp\/v2\/posts\/26087\/revisions\/26089"}],"wp:featuredmedia":[{"embeddable":true,"href":"https:\/\/dpress.ma\/fr\/wp-json\/wp\/v2\/media\/26088"}],"wp:attachment":[{"href":"https:\/\/dpress.ma\/fr\/wp-json\/wp\/v2\/media?parent=26087"}],"wp:term":[{"taxonomy":"category","embeddable":true,"href":"https:\/\/dpress.ma\/fr\/wp-json\/wp\/v2\/categories?post=26087"},{"taxonomy":"post_tag","embeddable":true,"href":"https:\/\/dpress.ma\/fr\/wp-json\/wp\/v2\/tags?post=26087"}],"curies":[{"name":"wp","href":"https:\/\/api.w.org\/{rel}","templated":true}]}}