{"id":26028,"date":"2026-03-13T13:13:16","date_gmt":"2026-03-13T13:13:16","guid":{"rendered":"https:\/\/dpress.ma\/fr\/?p=26028"},"modified":"2026-03-13T13:13:19","modified_gmt":"2026-03-13T13:13:19","slug":"rabat-vibrant-hommage-a-des-femmes-marocaines-aux-parcours-distingues","status":"publish","type":"post","link":"https:\/\/dpress.ma\/fr\/2026\/03\/13\/rabat-vibrant-hommage-a-des-femmes-marocaines-aux-parcours-distingues\/","title":{"rendered":"Rabat : vibrant hommage \u00e0 des femmes marocaines aux parcours distingu\u00e9s"},"content":{"rendered":"\n<p>Dpress<\/p>\n\n\n\n<p>&nbsp;Le th\u00e9\u00e2tre Al Mansour de Rabat a abrit\u00e9, jeudi soir, la 15e \u00e9dition de la C\u00e9r\u00e9monie de la Femme Marocaine en hommage&nbsp;\u00e0 des ic\u00f4nes f\u00e9minines marocaines qui ont su marquer leurs domaines respectifs par des contributions distingu\u00e9es.<\/p>\n\n\n\n<p>Lors de ce rendez-vous culturel, organis\u00e9 par le Club des artistes marocains en partenariat avec le minist\u00e8re de la Jeunesse, de la Culture et de la Communication,&nbsp;des hommages ont \u00e9t\u00e9 rendus \u00e0 plusieurs femmes avec pour finalit\u00e9 de c\u00e9l\u00e9brer la richesse de leurs parcours, \u00e0 la fois professionnel et humain, dans les domaines du sport, des arts et des m\u00e9dias.<\/p>\n\n\n\n<p>A cette occasion, les parcours inspirants de l\u2019alpiniste et entrepreneure marocaine Hind Zemmama, des artistes Aziza Malak et Chaimae Abdelaziz, ainsi que de la journaliste d\u2019Al-Aoula, Nadia Mouden, ont \u00e9t\u00e9 mis en lumi\u00e8re en reconnaissance de leurs r\u00e9alisations et de leurs contributions au rayonnement de la culture, des arts, des sports et des m\u00e9dias au Maroc.<\/p>\n\n\n\n<p>S\u2019exprimant \u00e0 cette occasion, le Pr\u00e9sident du Club des artistes marocains, Abdelali El Ghaoui, a indiqu\u00e9 que cette c\u00e9l\u00e9bration, qui co\u00efncide avec le 15\u00e8 anniversaire du Club, est une occasion idoine pour c\u00e9l\u00e9brer la femme marocaine, sa cr\u00e9ativit\u00e9 et son sens de d\u00e9vouement.<\/p>\n\n\n\n<p>Cette soir\u00e9e a \u00e9galement \u00e9t\u00e9 marqu\u00e9e par la pr\u00e9sence de l\u2019artiste Abdelouahab Doukkali, figure&nbsp;l\u00e9gendaire de la chanson marocaine,&nbsp;aux c\u00f4t\u00e9s de plusieurs personnalit\u00e9s du monde des arts, de la culture et des m\u00e9dias.<\/p>\n\n\n\n<p>Des s\u00e9quences musicales et artistiques diversifi\u00e9es anim\u00e9es par plusieurs artistes marocains ont \u00e9galement ponctu\u00e9 cette manifestation&nbsp;culturelle et artistique.<\/p>\n","protected":false},"excerpt":{"rendered":"<p>Dpress &nbsp;Le th\u00e9\u00e2tre Al Mansour de Rabat a abrit\u00e9, jeudi soir, la 15e \u00e9dition de la C\u00e9r\u00e9monie de la Femme Marocaine en hommage&nbsp;\u00e0 des ic\u00f4nes f\u00e9minines marocaines qui ont su marquer leurs domaines respectifs par des contributions distingu\u00e9es. Lors de ce rendez-vous culturel, organis\u00e9 par le Club des artistes marocains en partenariat avec le minist\u00e8re &hellip;<\/p>\n","protected":false},"author":2,"featured_media":26029,"comment_status":"open","ping_status":"open","sticky":false,"template":"","format":"standard","meta":{"footnotes":""},"categories":[31],"tags":[],"class_list":["post-26028","post","type-post","status-publish","format-standard","has-post-thumbnail","hentry","category-art-et-culture"],"yoast_head":"<!-- This site is optimized with the Yoast SEO plugin v27.5 - https:\/\/yoast.com\/product\/yoast-seo-wordpress\/ -->\n<title>Rabat : vibrant hommage \u00e0 des femmes marocaines aux parcours distingu\u00e9s - Dpress.ma\/fr<\/title>\n<meta name=\"robots\" content=\"index, follow, max-snippet:-1, max-image-preview:large, max-video-preview:-1\" \/>\n<link rel=\"canonical\" href=\"https:\/\/dpress.ma\/fr\/2026\/03\/13\/rabat-vibrant-hommage-a-des-femmes-marocaines-aux-parcours-distingues\/\" \/>\n<meta property=\"og:locale\" content=\"fr_FR\" \/>\n<meta property=\"og:type\" content=\"article\" \/>\n<meta property=\"og:title\" content=\"Rabat : vibrant hommage \u00e0 des femmes marocaines aux parcours distingu\u00e9s - Dpress.ma\/fr\" \/>\n<meta property=\"og:description\" content=\"Dpress &nbsp;Le th\u00e9\u00e2tre Al Mansour de Rabat a abrit\u00e9, jeudi soir, la 15e \u00e9dition de la C\u00e9r\u00e9monie de la Femme Marocaine en hommage&nbsp;\u00e0 des ic\u00f4nes f\u00e9minines marocaines qui ont su marquer leurs domaines respectifs par des contributions distingu\u00e9es. Lors de ce rendez-vous culturel, organis\u00e9 par le Club des artistes marocains en partenariat avec le minist\u00e8re &hellip;\" \/>\n<meta property=\"og:url\" content=\"https:\/\/dpress.ma\/fr\/2026\/03\/13\/rabat-vibrant-hommage-a-des-femmes-marocaines-aux-parcours-distingues\/\" \/>\n<meta property=\"og:site_name\" content=\"Dpress.ma\/fr\" \/>\n<meta property=\"article:published_time\" content=\"2026-03-13T13:13:16+00:00\" \/>\n<meta property=\"article:modified_time\" content=\"2026-03-13T13:13:19+00:00\" \/>\n<meta property=\"og:image\" content=\"https:\/\/dpress.ma\/fr\/wp-content\/uploads\/sites\/2\/2026\/03\/65-2.jpg\" \/>\n\t<meta property=\"og:image:width\" content=\"2539\" \/>\n\t<meta property=\"og:image:height\" content=\"1594\" \/>\n\t<meta property=\"og:image:type\" content=\"image\/jpeg\" \/>\n<meta name=\"author\" content=\"Dpress.ma\" \/>\n<meta name=\"twitter:card\" content=\"summary_large_image\" \/>\n<meta name=\"twitter:label1\" content=\"\u00c9crit par\" \/>\n\t<meta name=\"twitter:data1\" content=\"Dpress.ma\" \/>\n\t<meta name=\"twitter:label2\" content=\"Dur\u00e9e de lecture estim\u00e9e\" \/>\n\t<meta name=\"twitter:data2\" content=\"2 minutes\" \/>\n<script type=\"application\/ld+json\" class=\"yoast-schema-graph\">{\"@context\":\"https:\\\/\\\/schema.org\",\"@graph\":[{\"@type\":\"Article\",\"@id\":\"https:\\\/\\\/dpress.ma\\\/fr\\\/2026\\\/03\\\/13\\\/rabat-vibrant-hommage-a-des-femmes-marocaines-aux-parcours-distingues\\\/#article\",\"isPartOf\":{\"@id\":\"https:\\\/\\\/dpress.ma\\\/fr\\\/2026\\\/03\\\/13\\\/rabat-vibrant-hommage-a-des-femmes-marocaines-aux-parcours-distingues\\\/\"},\"author\":{\"name\":\"Dpress.ma\",\"@id\":\"https:\\\/\\\/dpress.ma\\\/fr\\\/#\\\/schema\\\/person\\\/4898febf3ccd59e6578d838656a306a0\"},\"headline\":\"Rabat : vibrant hommage \u00e0 des femmes marocaines aux parcours distingu\u00e9s\",\"datePublished\":\"2026-03-13T13:13:16+00:00\",\"dateModified\":\"2026-03-13T13:13:19+00:00\",\"mainEntityOfPage\":{\"@id\":\"https:\\\/\\\/dpress.ma\\\/fr\\\/2026\\\/03\\\/13\\\/rabat-vibrant-hommage-a-des-femmes-marocaines-aux-parcours-distingues\\\/\"},\"wordCount\":299,\"commentCount\":0,\"image\":{\"@id\":\"https:\\\/\\\/dpress.ma\\\/fr\\\/2026\\\/03\\\/13\\\/rabat-vibrant-hommage-a-des-femmes-marocaines-aux-parcours-distingues\\\/#primaryimage\"},\"thumbnailUrl\":\"https:\\\/\\\/dpress.ma\\\/fr\\\/wp-content\\\/uploads\\\/sites\\\/2\\\/2026\\\/03\\\/65-2.jpg\",\"articleSection\":[\"Art et Culture\"],\"inLanguage\":\"fr-FR\",\"potentialAction\":[{\"@type\":\"CommentAction\",\"name\":\"Comment\",\"target\":[\"https:\\\/\\\/dpress.ma\\\/fr\\\/2026\\\/03\\\/13\\\/rabat-vibrant-hommage-a-des-femmes-marocaines-aux-parcours-distingues\\\/#respond\"]}]},{\"@type\":\"WebPage\",\"@id\":\"https:\\\/\\\/dpress.ma\\\/fr\\\/2026\\\/03\\\/13\\\/rabat-vibrant-hommage-a-des-femmes-marocaines-aux-parcours-distingues\\\/\",\"url\":\"https:\\\/\\\/dpress.ma\\\/fr\\\/2026\\\/03\\\/13\\\/rabat-vibrant-hommage-a-des-femmes-marocaines-aux-parcours-distingues\\\/\",\"name\":\"Rabat : vibrant hommage \u00e0 des femmes marocaines aux parcours distingu\u00e9s - Dpress.ma\\\/fr\",\"isPartOf\":{\"@id\":\"https:\\\/\\\/dpress.ma\\\/fr\\\/#website\"},\"primaryImageOfPage\":{\"@id\":\"https:\\\/\\\/dpress.ma\\\/fr\\\/2026\\\/03\\\/13\\\/rabat-vibrant-hommage-a-des-femmes-marocaines-aux-parcours-distingues\\\/#primaryimage\"},\"image\":{\"@id\":\"https:\\\/\\\/dpress.ma\\\/fr\\\/2026\\\/03\\\/13\\\/rabat-vibrant-hommage-a-des-femmes-marocaines-aux-parcours-distingues\\\/#primaryimage\"},\"thumbnailUrl\":\"https:\\\/\\\/dpress.ma\\\/fr\\\/wp-content\\\/uploads\\\/sites\\\/2\\\/2026\\\/03\\\/65-2.jpg\",\"datePublished\":\"2026-03-13T13:13:16+00:00\",\"dateModified\":\"2026-03-13T13:13:19+00:00\",\"author\":{\"@id\":\"https:\\\/\\\/dpress.ma\\\/fr\\\/#\\\/schema\\\/person\\\/4898febf3ccd59e6578d838656a306a0\"},\"breadcrumb\":{\"@id\":\"https:\\\/\\\/dpress.ma\\\/fr\\\/2026\\\/03\\\/13\\\/rabat-vibrant-hommage-a-des-femmes-marocaines-aux-parcours-distingues\\\/#breadcrumb\"},\"inLanguage\":\"fr-FR\",\"potentialAction\":[{\"@type\":\"ReadAction\",\"target\":[\"https:\\\/\\\/dpress.ma\\\/fr\\\/2026\\\/03\\\/13\\\/rabat-vibrant-hommage-a-des-femmes-marocaines-aux-parcours-distingues\\\/\"]}]},{\"@type\":\"ImageObject\",\"inLanguage\":\"fr-FR\",\"@id\":\"https:\\\/\\\/dpress.ma\\\/fr\\\/2026\\\/03\\\/13\\\/rabat-vibrant-hommage-a-des-femmes-marocaines-aux-parcours-distingues\\\/#primaryimage\",\"url\":\"https:\\\/\\\/dpress.ma\\\/fr\\\/wp-content\\\/uploads\\\/sites\\\/2\\\/2026\\\/03\\\/65-2.jpg\",\"contentUrl\":\"https:\\\/\\\/dpress.ma\\\/fr\\\/wp-content\\\/uploads\\\/sites\\\/2\\\/2026\\\/03\\\/65-2.jpg\",\"width\":2539,\"height\":1594},{\"@type\":\"BreadcrumbList\",\"@id\":\"https:\\\/\\\/dpress.ma\\\/fr\\\/2026\\\/03\\\/13\\\/rabat-vibrant-hommage-a-des-femmes-marocaines-aux-parcours-distingues\\\/#breadcrumb\",\"itemListElement\":[{\"@type\":\"ListItem\",\"position\":1,\"name\":\"Home\",\"item\":\"https:\\\/\\\/dpress.ma\\\/fr\\\/\"},{\"@type\":\"ListItem\",\"position\":2,\"name\":\"Rabat : vibrant hommage \u00e0 des femmes marocaines aux parcours distingu\u00e9s\"}]},{\"@type\":\"WebSite\",\"@id\":\"https:\\\/\\\/dpress.ma\\\/fr\\\/#website\",\"url\":\"https:\\\/\\\/dpress.ma\\\/fr\\\/\",\"name\":\"Dpress.ma\\\/fr\",\"description\":\"\",\"potentialAction\":[{\"@type\":\"SearchAction\",\"target\":{\"@type\":\"EntryPoint\",\"urlTemplate\":\"https:\\\/\\\/dpress.ma\\\/fr\\\/?s={search_term_string}\"},\"query-input\":{\"@type\":\"PropertyValueSpecification\",\"valueRequired\":true,\"valueName\":\"search_term_string\"}}],\"inLanguage\":\"fr-FR\"},{\"@type\":\"Person\",\"@id\":\"https:\\\/\\\/dpress.ma\\\/fr\\\/#\\\/schema\\\/person\\\/4898febf3ccd59e6578d838656a306a0\",\"name\":\"Dpress.ma\",\"image\":{\"@type\":\"ImageObject\",\"inLanguage\":\"fr-FR\",\"@id\":\"https:\\\/\\\/secure.gravatar.com\\\/avatar\\\/72ecc30e9db047a2e0e7176561eb9d564ed77c8108376495b19bd8336405198a?s=96&d=mm&r=g\",\"url\":\"https:\\\/\\\/secure.gravatar.com\\\/avatar\\\/72ecc30e9db047a2e0e7176561eb9d564ed77c8108376495b19bd8336405198a?s=96&d=mm&r=g\",\"contentUrl\":\"https:\\\/\\\/secure.gravatar.com\\\/avatar\\\/72ecc30e9db047a2e0e7176561eb9d564ed77c8108376495b19bd8336405198a?s=96&d=mm&r=g\",\"caption\":\"Dpress.ma\"},\"sameAs\":[\"https:\\\/\\\/www.dpress.ma\"],\"url\":\"https:\\\/\\\/dpress.ma\\\/fr\\\/author\\\/dpress-ma\\\/\"}]}<\/script>\n<!-- \/ Yoast SEO plugin. -->","yoast_head_json":{"title":"Rabat : vibrant hommage \u00e0 des femmes marocaines aux parcours distingu\u00e9s - Dpress.ma\/fr","robots":{"index":"index","follow":"follow","max-snippet":"max-snippet:-1","max-image-preview":"max-image-preview:large","max-video-preview":"max-video-preview:-1"},"canonical":"https:\/\/dpress.ma\/fr\/2026\/03\/13\/rabat-vibrant-hommage-a-des-femmes-marocaines-aux-parcours-distingues\/","og_locale":"fr_FR","og_type":"article","og_title":"Rabat : vibrant hommage \u00e0 des femmes marocaines aux parcours distingu\u00e9s - Dpress.ma\/fr","og_description":"Dpress &nbsp;Le th\u00e9\u00e2tre Al Mansour de Rabat a abrit\u00e9, jeudi soir, la 15e \u00e9dition de la C\u00e9r\u00e9monie de la Femme Marocaine en hommage&nbsp;\u00e0 des ic\u00f4nes f\u00e9minines marocaines qui ont su marquer leurs domaines respectifs par des contributions distingu\u00e9es. Lors de ce rendez-vous culturel, organis\u00e9 par le Club des artistes marocains en partenariat avec le minist\u00e8re &hellip;","og_url":"https:\/\/dpress.ma\/fr\/2026\/03\/13\/rabat-vibrant-hommage-a-des-femmes-marocaines-aux-parcours-distingues\/","og_site_name":"Dpress.ma\/fr","article_published_time":"2026-03-13T13:13:16+00:00","article_modified_time":"2026-03-13T13:13:19+00:00","og_image":[{"width":2539,"height":1594,"url":"https:\/\/dpress.ma\/fr\/wp-content\/uploads\/sites\/2\/2026\/03\/65-2.jpg","type":"image\/jpeg"}],"author":"Dpress.ma","twitter_card":"summary_large_image","twitter_misc":{"\u00c9crit par":"Dpress.ma","Dur\u00e9e de lecture estim\u00e9e":"2 minutes"},"schema":{"@context":"https:\/\/schema.org","@graph":[{"@type":"Article","@id":"https:\/\/dpress.ma\/fr\/2026\/03\/13\/rabat-vibrant-hommage-a-des-femmes-marocaines-aux-parcours-distingues\/#article","isPartOf":{"@id":"https:\/\/dpress.ma\/fr\/2026\/03\/13\/rabat-vibrant-hommage-a-des-femmes-marocaines-aux-parcours-distingues\/"},"author":{"name":"Dpress.ma","@id":"https:\/\/dpress.ma\/fr\/#\/schema\/person\/4898febf3ccd59e6578d838656a306a0"},"headline":"Rabat : vibrant hommage \u00e0 des femmes marocaines aux parcours distingu\u00e9s","datePublished":"2026-03-13T13:13:16+00:00","dateModified":"2026-03-13T13:13:19+00:00","mainEntityOfPage":{"@id":"https:\/\/dpress.ma\/fr\/2026\/03\/13\/rabat-vibrant-hommage-a-des-femmes-marocaines-aux-parcours-distingues\/"},"wordCount":299,"commentCount":0,"image":{"@id":"https:\/\/dpress.ma\/fr\/2026\/03\/13\/rabat-vibrant-hommage-a-des-femmes-marocaines-aux-parcours-distingues\/#primaryimage"},"thumbnailUrl":"https:\/\/dpress.ma\/fr\/wp-content\/uploads\/sites\/2\/2026\/03\/65-2.jpg","articleSection":["Art et Culture"],"inLanguage":"fr-FR","potentialAction":[{"@type":"CommentAction","name":"Comment","target":["https:\/\/dpress.ma\/fr\/2026\/03\/13\/rabat-vibrant-hommage-a-des-femmes-marocaines-aux-parcours-distingues\/#respond"]}]},{"@type":"WebPage","@id":"https:\/\/dpress.ma\/fr\/2026\/03\/13\/rabat-vibrant-hommage-a-des-femmes-marocaines-aux-parcours-distingues\/","url":"https:\/\/dpress.ma\/fr\/2026\/03\/13\/rabat-vibrant-hommage-a-des-femmes-marocaines-aux-parcours-distingues\/","name":"Rabat : vibrant hommage \u00e0 des femmes marocaines aux parcours distingu\u00e9s - Dpress.ma\/fr","isPartOf":{"@id":"https:\/\/dpress.ma\/fr\/#website"},"primaryImageOfPage":{"@id":"https:\/\/dpress.ma\/fr\/2026\/03\/13\/rabat-vibrant-hommage-a-des-femmes-marocaines-aux-parcours-distingues\/#primaryimage"},"image":{"@id":"https:\/\/dpress.ma\/fr\/2026\/03\/13\/rabat-vibrant-hommage-a-des-femmes-marocaines-aux-parcours-distingues\/#primaryimage"},"thumbnailUrl":"https:\/\/dpress.ma\/fr\/wp-content\/uploads\/sites\/2\/2026\/03\/65-2.jpg","datePublished":"2026-03-13T13:13:16+00:00","dateModified":"2026-03-13T13:13:19+00:00","author":{"@id":"https:\/\/dpress.ma\/fr\/#\/schema\/person\/4898febf3ccd59e6578d838656a306a0"},"breadcrumb":{"@id":"https:\/\/dpress.ma\/fr\/2026\/03\/13\/rabat-vibrant-hommage-a-des-femmes-marocaines-aux-parcours-distingues\/#breadcrumb"},"inLanguage":"fr-FR","potentialAction":[{"@type":"ReadAction","target":["https:\/\/dpress.ma\/fr\/2026\/03\/13\/rabat-vibrant-hommage-a-des-femmes-marocaines-aux-parcours-distingues\/"]}]},{"@type":"ImageObject","inLanguage":"fr-FR","@id":"https:\/\/dpress.ma\/fr\/2026\/03\/13\/rabat-vibrant-hommage-a-des-femmes-marocaines-aux-parcours-distingues\/#primaryimage","url":"https:\/\/dpress.ma\/fr\/wp-content\/uploads\/sites\/2\/2026\/03\/65-2.jpg","contentUrl":"https:\/\/dpress.ma\/fr\/wp-content\/uploads\/sites\/2\/2026\/03\/65-2.jpg","width":2539,"height":1594},{"@type":"BreadcrumbList","@id":"https:\/\/dpress.ma\/fr\/2026\/03\/13\/rabat-vibrant-hommage-a-des-femmes-marocaines-aux-parcours-distingues\/#breadcrumb","itemListElement":[{"@type":"ListItem","position":1,"name":"Home","item":"https:\/\/dpress.ma\/fr\/"},{"@type":"ListItem","position":2,"name":"Rabat : vibrant hommage \u00e0 des femmes marocaines aux parcours distingu\u00e9s"}]},{"@type":"WebSite","@id":"https:\/\/dpress.ma\/fr\/#website","url":"https:\/\/dpress.ma\/fr\/","name":"Dpress.ma\/fr","description":"","potentialAction":[{"@type":"SearchAction","target":{"@type":"EntryPoint","urlTemplate":"https:\/\/dpress.ma\/fr\/?s={search_term_string}"},"query-input":{"@type":"PropertyValueSpecification","valueRequired":true,"valueName":"search_term_string"}}],"inLanguage":"fr-FR"},{"@type":"Person","@id":"https:\/\/dpress.ma\/fr\/#\/schema\/person\/4898febf3ccd59e6578d838656a306a0","name":"Dpress.ma","image":{"@type":"ImageObject","inLanguage":"fr-FR","@id":"https:\/\/secure.gravatar.com\/avatar\/72ecc30e9db047a2e0e7176561eb9d564ed77c8108376495b19bd8336405198a?s=96&d=mm&r=g","url":"https:\/\/secure.gravatar.com\/avatar\/72ecc30e9db047a2e0e7176561eb9d564ed77c8108376495b19bd8336405198a?s=96&d=mm&r=g","contentUrl":"https:\/\/secure.gravatar.com\/avatar\/72ecc30e9db047a2e0e7176561eb9d564ed77c8108376495b19bd8336405198a?s=96&d=mm&r=g","caption":"Dpress.ma"},"sameAs":["https:\/\/www.dpress.ma"],"url":"https:\/\/dpress.ma\/fr\/author\/dpress-ma\/"}]}},"amp_enabled":true,"_links":{"self":[{"href":"https:\/\/dpress.ma\/fr\/wp-json\/wp\/v2\/posts\/26028","targetHints":{"allow":["GET"]}}],"collection":[{"href":"https:\/\/dpress.ma\/fr\/wp-json\/wp\/v2\/posts"}],"about":[{"href":"https:\/\/dpress.ma\/fr\/wp-json\/wp\/v2\/types\/post"}],"author":[{"embeddable":true,"href":"https:\/\/dpress.ma\/fr\/wp-json\/wp\/v2\/users\/2"}],"replies":[{"embeddable":true,"href":"https:\/\/dpress.ma\/fr\/wp-json\/wp\/v2\/comments?post=26028"}],"version-history":[{"count":1,"href":"https:\/\/dpress.ma\/fr\/wp-json\/wp\/v2\/posts\/26028\/revisions"}],"predecessor-version":[{"id":26030,"href":"https:\/\/dpress.ma\/fr\/wp-json\/wp\/v2\/posts\/26028\/revisions\/26030"}],"wp:featuredmedia":[{"embeddable":true,"href":"https:\/\/dpress.ma\/fr\/wp-json\/wp\/v2\/media\/26029"}],"wp:attachment":[{"href":"https:\/\/dpress.ma\/fr\/wp-json\/wp\/v2\/media?parent=26028"}],"wp:term":[{"taxonomy":"category","embeddable":true,"href":"https:\/\/dpress.ma\/fr\/wp-json\/wp\/v2\/categories?post=26028"},{"taxonomy":"post_tag","embeddable":true,"href":"https:\/\/dpress.ma\/fr\/wp-json\/wp\/v2\/tags?post=26028"}],"curies":[{"name":"wp","href":"https:\/\/api.w.org\/{rel}","templated":true}]}}