{"id":25999,"date":"2026-03-13T12:41:17","date_gmt":"2026-03-13T12:41:17","guid":{"rendered":"https:\/\/dpress.ma\/fr\/?p=25999"},"modified":"2026-03-13T12:41:21","modified_gmt":"2026-03-13T12:41:21","slug":"mexique-focus-sur-le-role-des-langues-et-de-la-cooperation-universitaire-dans-le-renforcement-du-dialogue-entre-le-maroc-et-lamerique-latine","status":"publish","type":"post","link":"https:\/\/dpress.ma\/fr\/2026\/03\/13\/mexique-focus-sur-le-role-des-langues-et-de-la-cooperation-universitaire-dans-le-renforcement-du-dialogue-entre-le-maroc-et-lamerique-latine\/","title":{"rendered":"Mexique: Focus sur le r\u00f4le des langues et de la coop\u00e9ration universitaire dans le renforcement du dialogue entre le Maroc et l\u2019Am\u00e9rique latine"},"content":{"rendered":"\n<p>Dpress<\/p>\n\n\n\n<p>Le r\u00f4le des langues et de la coop\u00e9ration universitaire dans la promotion du dialogue culturel et la compr\u00e9hension mutuelle entre le Maroc et les pays d\u2019Am\u00e9rique latine a \u00e9t\u00e9 mis en avant lors d\u2019une conf\u00e9rence \u00e0 Villahermosa, capitale de l\u2019\u00c9tat de Tabasco, dans le sud-est du Mexique.<\/p>\n\n\n\n<p>Lors de cette rencontre, organis\u00e9e dans le cadre du Salon international du livre de l\u2019Universit\u00e9 Ju\u00e1rez Aut\u00f3noma de Tabasco (9 au 14 mars), o\u00f9 le Maroc est l\u2019invit\u00e9 d\u2019honneur, l\u2019\u00e9crivain et universitaire marocain, Mostafa Ammadi, a mis l\u2019accent sur l\u2019importance des langues et de la traduction dans la transmission du savoir et la promotion des \u00e9changes culturels et scientifiques entre le Maroc et les pays d\u2019Am\u00e9rique latine en g\u00e9n\u00e9ral, et le Mexique en particulier, soulignant le r\u00f4le incontournable des institutions universitaires dans le rapprochement intellectuel et culturel entre les peuples.<\/p>\n\n\n\n<p>Dans une intervention sous le titre \u201cL\u2019espagnol et l\u2019arabe, outils linguistiques et diplomatiques au service des causes nationales\u201d, l\u2019universitaire marocain a fait observer que la coop\u00e9ration universitaire constitue \u00e9galement un levier essentiel pour renforcer le dialogue culturel et faire conna\u00eetre le patrimoine marocain et latino-am\u00e9ricain, outre son r\u00f4le dans le renforcement des \u00e9changes scientifiques entre l\u2019universit\u00e9 Abdelmalek Essaadi et les universit\u00e9s latino-am\u00e9ricaines, en particulier celles du Mexique.<\/p>\n\n\n\n<p>Par ailleurs, le professeur \u00e0 l\u2019Universit\u00e9 Abdelmalek Essaadi de T\u00e9touan et \u00e0 l\u2019\u00c9cole sup\u00e9rieure Roi Fahd de traduction de Tanger a \u00e9voqu\u00e9 la dimension acad\u00e9mique et diplomatique des initiatives culturelles et scientifiques ainsi que leur r\u00f4le dans la d\u00e9fense de la premi\u00e8re cause nationale dans les milieux universitaires internationaux. Il a rappel\u00e9, dans ce contexte, la vocation atlantique du Royaume, sous le leadership de Sa Majest\u00e9 le Roi Mohammed VI, ainsi que la vision du Souverain pour la promotion du dialogue culturel et scientifique sur le plan international.<\/p>\n\n\n\n<p>M. Ammadi a \u00e9galement fait observer que la valorisation, la pr\u00e9servation, la transmission et la traduction du patrimoine linguistique et culturel constituent des leviers essentiels pour renforcer la compr\u00e9hension mutuelle entre les nations et faire conna\u00eetre, dans les milieux universitaires internationaux, les diff\u00e9rents aspects li\u00e9s \u00e0 la cause nationale.<\/p>\n\n\n\n<p>Organis\u00e9e par la Facult\u00e9 des sciences \u00e9conomiques et administratives de l\u2019Universit\u00e9 Ju\u00e1rez Aut\u00f3noma de Tabasco (UJAT), cette rencontre culturelle a \u00e9t\u00e9 marqu\u00e9e par la pr\u00e9sence d\u2019une pl\u00e9iade d\u2019\u00e9tudiants, de professeurs et d\u2019universitaires.<\/p>\n\n\n\n<p>Il s\u2019agit de la deuxi\u00e8me participation du Maroc \u00e0 un \u00e9v\u00e9nement culturel dans l\u2019\u00c9tat mexicain de Tabasco, apr\u00e8s le succ\u00e8s rencontr\u00e9 par la semaine culturelle marocaine organis\u00e9e fin janvier dernier \u00e0 Villahermosa, ainsi qu\u2019\u00e0 Mexico et dans la ville d\u2019\u00c1lamos, dans l\u2019\u00c9tat de Sonora.<\/p>\n","protected":false},"excerpt":{"rendered":"<p>Dpress Le r\u00f4le des langues et de la coop\u00e9ration universitaire dans la promotion du dialogue culturel et la compr\u00e9hension mutuelle entre le Maroc et les pays d\u2019Am\u00e9rique latine a \u00e9t\u00e9 mis en avant lors d\u2019une conf\u00e9rence \u00e0 Villahermosa, capitale de l\u2019\u00c9tat de Tabasco, dans le sud-est du Mexique. Lors de cette rencontre, organis\u00e9e dans le &hellip;<\/p>\n","protected":false},"author":2,"featured_media":26000,"comment_status":"open","ping_status":"open","sticky":false,"template":"","format":"standard","meta":{"footnotes":""},"categories":[31],"tags":[],"class_list":["post-25999","post","type-post","status-publish","format-standard","has-post-thumbnail","hentry","category-art-et-culture"],"yoast_head":"<!-- This site is optimized with the Yoast SEO plugin v27.5 - https:\/\/yoast.com\/product\/yoast-seo-wordpress\/ -->\n<title>Mexique: Focus sur le r\u00f4le des langues et de la coop\u00e9ration universitaire dans le renforcement du dialogue entre le Maroc et l\u2019Am\u00e9rique latine - Dpress.ma\/fr<\/title>\n<meta name=\"robots\" content=\"index, follow, max-snippet:-1, max-image-preview:large, max-video-preview:-1\" \/>\n<link rel=\"canonical\" href=\"https:\/\/dpress.ma\/fr\/2026\/03\/13\/mexique-focus-sur-le-role-des-langues-et-de-la-cooperation-universitaire-dans-le-renforcement-du-dialogue-entre-le-maroc-et-lamerique-latine\/\" \/>\n<meta property=\"og:locale\" content=\"fr_FR\" \/>\n<meta property=\"og:type\" content=\"article\" \/>\n<meta property=\"og:title\" content=\"Mexique: Focus sur le r\u00f4le des langues et de la coop\u00e9ration universitaire dans le renforcement du dialogue entre le Maroc et l\u2019Am\u00e9rique latine - Dpress.ma\/fr\" \/>\n<meta property=\"og:description\" content=\"Dpress Le r\u00f4le des langues et de la coop\u00e9ration universitaire dans la promotion du dialogue culturel et la compr\u00e9hension mutuelle entre le Maroc et les pays d\u2019Am\u00e9rique latine a \u00e9t\u00e9 mis en avant lors d\u2019une conf\u00e9rence \u00e0 Villahermosa, capitale de l\u2019\u00c9tat de Tabasco, dans le sud-est du Mexique. Lors de cette rencontre, organis\u00e9e dans le &hellip;\" \/>\n<meta property=\"og:url\" content=\"https:\/\/dpress.ma\/fr\/2026\/03\/13\/mexique-focus-sur-le-role-des-langues-et-de-la-cooperation-universitaire-dans-le-renforcement-du-dialogue-entre-le-maroc-et-lamerique-latine\/\" \/>\n<meta property=\"og:site_name\" content=\"Dpress.ma\/fr\" \/>\n<meta property=\"article:published_time\" content=\"2026-03-13T12:41:17+00:00\" \/>\n<meta property=\"article:modified_time\" content=\"2026-03-13T12:41:21+00:00\" \/>\n<meta property=\"og:image\" content=\"https:\/\/dpress.ma\/fr\/wp-content\/uploads\/sites\/2\/2026\/03\/55-3.jpg\" \/>\n\t<meta property=\"og:image:width\" content=\"2539\" \/>\n\t<meta property=\"og:image:height\" content=\"1594\" \/>\n\t<meta property=\"og:image:type\" content=\"image\/jpeg\" \/>\n<meta name=\"author\" content=\"Dpress.ma\" \/>\n<meta name=\"twitter:card\" content=\"summary_large_image\" \/>\n<meta name=\"twitter:label1\" content=\"\u00c9crit par\" \/>\n\t<meta name=\"twitter:data1\" content=\"Dpress.ma\" \/>\n\t<meta name=\"twitter:label2\" content=\"Dur\u00e9e de lecture estim\u00e9e\" \/>\n\t<meta name=\"twitter:data2\" content=\"3 minutes\" \/>\n<script type=\"application\/ld+json\" class=\"yoast-schema-graph\">{\"@context\":\"https:\\\/\\\/schema.org\",\"@graph\":[{\"@type\":\"Article\",\"@id\":\"https:\\\/\\\/dpress.ma\\\/fr\\\/2026\\\/03\\\/13\\\/mexique-focus-sur-le-role-des-langues-et-de-la-cooperation-universitaire-dans-le-renforcement-du-dialogue-entre-le-maroc-et-lamerique-latine\\\/#article\",\"isPartOf\":{\"@id\":\"https:\\\/\\\/dpress.ma\\\/fr\\\/2026\\\/03\\\/13\\\/mexique-focus-sur-le-role-des-langues-et-de-la-cooperation-universitaire-dans-le-renforcement-du-dialogue-entre-le-maroc-et-lamerique-latine\\\/\"},\"author\":{\"name\":\"Dpress.ma\",\"@id\":\"https:\\\/\\\/dpress.ma\\\/fr\\\/#\\\/schema\\\/person\\\/4898febf3ccd59e6578d838656a306a0\"},\"headline\":\"Mexique: Focus sur le r\u00f4le des langues et de la coop\u00e9ration universitaire dans le renforcement du dialogue entre le Maroc et l\u2019Am\u00e9rique latine\",\"datePublished\":\"2026-03-13T12:41:17+00:00\",\"dateModified\":\"2026-03-13T12:41:21+00:00\",\"mainEntityOfPage\":{\"@id\":\"https:\\\/\\\/dpress.ma\\\/fr\\\/2026\\\/03\\\/13\\\/mexique-focus-sur-le-role-des-langues-et-de-la-cooperation-universitaire-dans-le-renforcement-du-dialogue-entre-le-maroc-et-lamerique-latine\\\/\"},\"wordCount\":501,\"commentCount\":0,\"image\":{\"@id\":\"https:\\\/\\\/dpress.ma\\\/fr\\\/2026\\\/03\\\/13\\\/mexique-focus-sur-le-role-des-langues-et-de-la-cooperation-universitaire-dans-le-renforcement-du-dialogue-entre-le-maroc-et-lamerique-latine\\\/#primaryimage\"},\"thumbnailUrl\":\"https:\\\/\\\/dpress.ma\\\/fr\\\/wp-content\\\/uploads\\\/sites\\\/2\\\/2026\\\/03\\\/55-3.jpg\",\"articleSection\":[\"Art et Culture\"],\"inLanguage\":\"fr-FR\",\"potentialAction\":[{\"@type\":\"CommentAction\",\"name\":\"Comment\",\"target\":[\"https:\\\/\\\/dpress.ma\\\/fr\\\/2026\\\/03\\\/13\\\/mexique-focus-sur-le-role-des-langues-et-de-la-cooperation-universitaire-dans-le-renforcement-du-dialogue-entre-le-maroc-et-lamerique-latine\\\/#respond\"]}]},{\"@type\":\"WebPage\",\"@id\":\"https:\\\/\\\/dpress.ma\\\/fr\\\/2026\\\/03\\\/13\\\/mexique-focus-sur-le-role-des-langues-et-de-la-cooperation-universitaire-dans-le-renforcement-du-dialogue-entre-le-maroc-et-lamerique-latine\\\/\",\"url\":\"https:\\\/\\\/dpress.ma\\\/fr\\\/2026\\\/03\\\/13\\\/mexique-focus-sur-le-role-des-langues-et-de-la-cooperation-universitaire-dans-le-renforcement-du-dialogue-entre-le-maroc-et-lamerique-latine\\\/\",\"name\":\"Mexique: Focus sur le r\u00f4le des langues et de la coop\u00e9ration universitaire dans le renforcement du dialogue entre le Maroc et l\u2019Am\u00e9rique latine - Dpress.ma\\\/fr\",\"isPartOf\":{\"@id\":\"https:\\\/\\\/dpress.ma\\\/fr\\\/#website\"},\"primaryImageOfPage\":{\"@id\":\"https:\\\/\\\/dpress.ma\\\/fr\\\/2026\\\/03\\\/13\\\/mexique-focus-sur-le-role-des-langues-et-de-la-cooperation-universitaire-dans-le-renforcement-du-dialogue-entre-le-maroc-et-lamerique-latine\\\/#primaryimage\"},\"image\":{\"@id\":\"https:\\\/\\\/dpress.ma\\\/fr\\\/2026\\\/03\\\/13\\\/mexique-focus-sur-le-role-des-langues-et-de-la-cooperation-universitaire-dans-le-renforcement-du-dialogue-entre-le-maroc-et-lamerique-latine\\\/#primaryimage\"},\"thumbnailUrl\":\"https:\\\/\\\/dpress.ma\\\/fr\\\/wp-content\\\/uploads\\\/sites\\\/2\\\/2026\\\/03\\\/55-3.jpg\",\"datePublished\":\"2026-03-13T12:41:17+00:00\",\"dateModified\":\"2026-03-13T12:41:21+00:00\",\"author\":{\"@id\":\"https:\\\/\\\/dpress.ma\\\/fr\\\/#\\\/schema\\\/person\\\/4898febf3ccd59e6578d838656a306a0\"},\"breadcrumb\":{\"@id\":\"https:\\\/\\\/dpress.ma\\\/fr\\\/2026\\\/03\\\/13\\\/mexique-focus-sur-le-role-des-langues-et-de-la-cooperation-universitaire-dans-le-renforcement-du-dialogue-entre-le-maroc-et-lamerique-latine\\\/#breadcrumb\"},\"inLanguage\":\"fr-FR\",\"potentialAction\":[{\"@type\":\"ReadAction\",\"target\":[\"https:\\\/\\\/dpress.ma\\\/fr\\\/2026\\\/03\\\/13\\\/mexique-focus-sur-le-role-des-langues-et-de-la-cooperation-universitaire-dans-le-renforcement-du-dialogue-entre-le-maroc-et-lamerique-latine\\\/\"]}]},{\"@type\":\"ImageObject\",\"inLanguage\":\"fr-FR\",\"@id\":\"https:\\\/\\\/dpress.ma\\\/fr\\\/2026\\\/03\\\/13\\\/mexique-focus-sur-le-role-des-langues-et-de-la-cooperation-universitaire-dans-le-renforcement-du-dialogue-entre-le-maroc-et-lamerique-latine\\\/#primaryimage\",\"url\":\"https:\\\/\\\/dpress.ma\\\/fr\\\/wp-content\\\/uploads\\\/sites\\\/2\\\/2026\\\/03\\\/55-3.jpg\",\"contentUrl\":\"https:\\\/\\\/dpress.ma\\\/fr\\\/wp-content\\\/uploads\\\/sites\\\/2\\\/2026\\\/03\\\/55-3.jpg\",\"width\":2539,\"height\":1594},{\"@type\":\"BreadcrumbList\",\"@id\":\"https:\\\/\\\/dpress.ma\\\/fr\\\/2026\\\/03\\\/13\\\/mexique-focus-sur-le-role-des-langues-et-de-la-cooperation-universitaire-dans-le-renforcement-du-dialogue-entre-le-maroc-et-lamerique-latine\\\/#breadcrumb\",\"itemListElement\":[{\"@type\":\"ListItem\",\"position\":1,\"name\":\"Home\",\"item\":\"https:\\\/\\\/dpress.ma\\\/fr\\\/\"},{\"@type\":\"ListItem\",\"position\":2,\"name\":\"Mexique: Focus sur le r\u00f4le des langues et de la coop\u00e9ration universitaire dans le renforcement du dialogue entre le Maroc et l\u2019Am\u00e9rique latine\"}]},{\"@type\":\"WebSite\",\"@id\":\"https:\\\/\\\/dpress.ma\\\/fr\\\/#website\",\"url\":\"https:\\\/\\\/dpress.ma\\\/fr\\\/\",\"name\":\"Dpress.ma\\\/fr\",\"description\":\"\",\"potentialAction\":[{\"@type\":\"SearchAction\",\"target\":{\"@type\":\"EntryPoint\",\"urlTemplate\":\"https:\\\/\\\/dpress.ma\\\/fr\\\/?s={search_term_string}\"},\"query-input\":{\"@type\":\"PropertyValueSpecification\",\"valueRequired\":true,\"valueName\":\"search_term_string\"}}],\"inLanguage\":\"fr-FR\"},{\"@type\":\"Person\",\"@id\":\"https:\\\/\\\/dpress.ma\\\/fr\\\/#\\\/schema\\\/person\\\/4898febf3ccd59e6578d838656a306a0\",\"name\":\"Dpress.ma\",\"image\":{\"@type\":\"ImageObject\",\"inLanguage\":\"fr-FR\",\"@id\":\"https:\\\/\\\/secure.gravatar.com\\\/avatar\\\/72ecc30e9db047a2e0e7176561eb9d564ed77c8108376495b19bd8336405198a?s=96&d=mm&r=g\",\"url\":\"https:\\\/\\\/secure.gravatar.com\\\/avatar\\\/72ecc30e9db047a2e0e7176561eb9d564ed77c8108376495b19bd8336405198a?s=96&d=mm&r=g\",\"contentUrl\":\"https:\\\/\\\/secure.gravatar.com\\\/avatar\\\/72ecc30e9db047a2e0e7176561eb9d564ed77c8108376495b19bd8336405198a?s=96&d=mm&r=g\",\"caption\":\"Dpress.ma\"},\"sameAs\":[\"https:\\\/\\\/www.dpress.ma\"],\"url\":\"https:\\\/\\\/dpress.ma\\\/fr\\\/author\\\/dpress-ma\\\/\"}]}<\/script>\n<!-- \/ Yoast SEO plugin. -->","yoast_head_json":{"title":"Mexique: Focus sur le r\u00f4le des langues et de la coop\u00e9ration universitaire dans le renforcement du dialogue entre le Maroc et l\u2019Am\u00e9rique latine - Dpress.ma\/fr","robots":{"index":"index","follow":"follow","max-snippet":"max-snippet:-1","max-image-preview":"max-image-preview:large","max-video-preview":"max-video-preview:-1"},"canonical":"https:\/\/dpress.ma\/fr\/2026\/03\/13\/mexique-focus-sur-le-role-des-langues-et-de-la-cooperation-universitaire-dans-le-renforcement-du-dialogue-entre-le-maroc-et-lamerique-latine\/","og_locale":"fr_FR","og_type":"article","og_title":"Mexique: Focus sur le r\u00f4le des langues et de la coop\u00e9ration universitaire dans le renforcement du dialogue entre le Maroc et l\u2019Am\u00e9rique latine - Dpress.ma\/fr","og_description":"Dpress Le r\u00f4le des langues et de la coop\u00e9ration universitaire dans la promotion du dialogue culturel et la compr\u00e9hension mutuelle entre le Maroc et les pays d\u2019Am\u00e9rique latine a \u00e9t\u00e9 mis en avant lors d\u2019une conf\u00e9rence \u00e0 Villahermosa, capitale de l\u2019\u00c9tat de Tabasco, dans le sud-est du Mexique. Lors de cette rencontre, organis\u00e9e dans le &hellip;","og_url":"https:\/\/dpress.ma\/fr\/2026\/03\/13\/mexique-focus-sur-le-role-des-langues-et-de-la-cooperation-universitaire-dans-le-renforcement-du-dialogue-entre-le-maroc-et-lamerique-latine\/","og_site_name":"Dpress.ma\/fr","article_published_time":"2026-03-13T12:41:17+00:00","article_modified_time":"2026-03-13T12:41:21+00:00","og_image":[{"width":2539,"height":1594,"url":"https:\/\/dpress.ma\/fr\/wp-content\/uploads\/sites\/2\/2026\/03\/55-3.jpg","type":"image\/jpeg"}],"author":"Dpress.ma","twitter_card":"summary_large_image","twitter_misc":{"\u00c9crit par":"Dpress.ma","Dur\u00e9e de lecture estim\u00e9e":"3 minutes"},"schema":{"@context":"https:\/\/schema.org","@graph":[{"@type":"Article","@id":"https:\/\/dpress.ma\/fr\/2026\/03\/13\/mexique-focus-sur-le-role-des-langues-et-de-la-cooperation-universitaire-dans-le-renforcement-du-dialogue-entre-le-maroc-et-lamerique-latine\/#article","isPartOf":{"@id":"https:\/\/dpress.ma\/fr\/2026\/03\/13\/mexique-focus-sur-le-role-des-langues-et-de-la-cooperation-universitaire-dans-le-renforcement-du-dialogue-entre-le-maroc-et-lamerique-latine\/"},"author":{"name":"Dpress.ma","@id":"https:\/\/dpress.ma\/fr\/#\/schema\/person\/4898febf3ccd59e6578d838656a306a0"},"headline":"Mexique: Focus sur le r\u00f4le des langues et de la coop\u00e9ration universitaire dans le renforcement du dialogue entre le Maroc et l\u2019Am\u00e9rique latine","datePublished":"2026-03-13T12:41:17+00:00","dateModified":"2026-03-13T12:41:21+00:00","mainEntityOfPage":{"@id":"https:\/\/dpress.ma\/fr\/2026\/03\/13\/mexique-focus-sur-le-role-des-langues-et-de-la-cooperation-universitaire-dans-le-renforcement-du-dialogue-entre-le-maroc-et-lamerique-latine\/"},"wordCount":501,"commentCount":0,"image":{"@id":"https:\/\/dpress.ma\/fr\/2026\/03\/13\/mexique-focus-sur-le-role-des-langues-et-de-la-cooperation-universitaire-dans-le-renforcement-du-dialogue-entre-le-maroc-et-lamerique-latine\/#primaryimage"},"thumbnailUrl":"https:\/\/dpress.ma\/fr\/wp-content\/uploads\/sites\/2\/2026\/03\/55-3.jpg","articleSection":["Art et Culture"],"inLanguage":"fr-FR","potentialAction":[{"@type":"CommentAction","name":"Comment","target":["https:\/\/dpress.ma\/fr\/2026\/03\/13\/mexique-focus-sur-le-role-des-langues-et-de-la-cooperation-universitaire-dans-le-renforcement-du-dialogue-entre-le-maroc-et-lamerique-latine\/#respond"]}]},{"@type":"WebPage","@id":"https:\/\/dpress.ma\/fr\/2026\/03\/13\/mexique-focus-sur-le-role-des-langues-et-de-la-cooperation-universitaire-dans-le-renforcement-du-dialogue-entre-le-maroc-et-lamerique-latine\/","url":"https:\/\/dpress.ma\/fr\/2026\/03\/13\/mexique-focus-sur-le-role-des-langues-et-de-la-cooperation-universitaire-dans-le-renforcement-du-dialogue-entre-le-maroc-et-lamerique-latine\/","name":"Mexique: Focus sur le r\u00f4le des langues et de la coop\u00e9ration universitaire dans le renforcement du dialogue entre le Maroc et l\u2019Am\u00e9rique latine - Dpress.ma\/fr","isPartOf":{"@id":"https:\/\/dpress.ma\/fr\/#website"},"primaryImageOfPage":{"@id":"https:\/\/dpress.ma\/fr\/2026\/03\/13\/mexique-focus-sur-le-role-des-langues-et-de-la-cooperation-universitaire-dans-le-renforcement-du-dialogue-entre-le-maroc-et-lamerique-latine\/#primaryimage"},"image":{"@id":"https:\/\/dpress.ma\/fr\/2026\/03\/13\/mexique-focus-sur-le-role-des-langues-et-de-la-cooperation-universitaire-dans-le-renforcement-du-dialogue-entre-le-maroc-et-lamerique-latine\/#primaryimage"},"thumbnailUrl":"https:\/\/dpress.ma\/fr\/wp-content\/uploads\/sites\/2\/2026\/03\/55-3.jpg","datePublished":"2026-03-13T12:41:17+00:00","dateModified":"2026-03-13T12:41:21+00:00","author":{"@id":"https:\/\/dpress.ma\/fr\/#\/schema\/person\/4898febf3ccd59e6578d838656a306a0"},"breadcrumb":{"@id":"https:\/\/dpress.ma\/fr\/2026\/03\/13\/mexique-focus-sur-le-role-des-langues-et-de-la-cooperation-universitaire-dans-le-renforcement-du-dialogue-entre-le-maroc-et-lamerique-latine\/#breadcrumb"},"inLanguage":"fr-FR","potentialAction":[{"@type":"ReadAction","target":["https:\/\/dpress.ma\/fr\/2026\/03\/13\/mexique-focus-sur-le-role-des-langues-et-de-la-cooperation-universitaire-dans-le-renforcement-du-dialogue-entre-le-maroc-et-lamerique-latine\/"]}]},{"@type":"ImageObject","inLanguage":"fr-FR","@id":"https:\/\/dpress.ma\/fr\/2026\/03\/13\/mexique-focus-sur-le-role-des-langues-et-de-la-cooperation-universitaire-dans-le-renforcement-du-dialogue-entre-le-maroc-et-lamerique-latine\/#primaryimage","url":"https:\/\/dpress.ma\/fr\/wp-content\/uploads\/sites\/2\/2026\/03\/55-3.jpg","contentUrl":"https:\/\/dpress.ma\/fr\/wp-content\/uploads\/sites\/2\/2026\/03\/55-3.jpg","width":2539,"height":1594},{"@type":"BreadcrumbList","@id":"https:\/\/dpress.ma\/fr\/2026\/03\/13\/mexique-focus-sur-le-role-des-langues-et-de-la-cooperation-universitaire-dans-le-renforcement-du-dialogue-entre-le-maroc-et-lamerique-latine\/#breadcrumb","itemListElement":[{"@type":"ListItem","position":1,"name":"Home","item":"https:\/\/dpress.ma\/fr\/"},{"@type":"ListItem","position":2,"name":"Mexique: Focus sur le r\u00f4le des langues et de la coop\u00e9ration universitaire dans le renforcement du dialogue entre le Maroc et l\u2019Am\u00e9rique latine"}]},{"@type":"WebSite","@id":"https:\/\/dpress.ma\/fr\/#website","url":"https:\/\/dpress.ma\/fr\/","name":"Dpress.ma\/fr","description":"","potentialAction":[{"@type":"SearchAction","target":{"@type":"EntryPoint","urlTemplate":"https:\/\/dpress.ma\/fr\/?s={search_term_string}"},"query-input":{"@type":"PropertyValueSpecification","valueRequired":true,"valueName":"search_term_string"}}],"inLanguage":"fr-FR"},{"@type":"Person","@id":"https:\/\/dpress.ma\/fr\/#\/schema\/person\/4898febf3ccd59e6578d838656a306a0","name":"Dpress.ma","image":{"@type":"ImageObject","inLanguage":"fr-FR","@id":"https:\/\/secure.gravatar.com\/avatar\/72ecc30e9db047a2e0e7176561eb9d564ed77c8108376495b19bd8336405198a?s=96&d=mm&r=g","url":"https:\/\/secure.gravatar.com\/avatar\/72ecc30e9db047a2e0e7176561eb9d564ed77c8108376495b19bd8336405198a?s=96&d=mm&r=g","contentUrl":"https:\/\/secure.gravatar.com\/avatar\/72ecc30e9db047a2e0e7176561eb9d564ed77c8108376495b19bd8336405198a?s=96&d=mm&r=g","caption":"Dpress.ma"},"sameAs":["https:\/\/www.dpress.ma"],"url":"https:\/\/dpress.ma\/fr\/author\/dpress-ma\/"}]}},"amp_enabled":true,"_links":{"self":[{"href":"https:\/\/dpress.ma\/fr\/wp-json\/wp\/v2\/posts\/25999","targetHints":{"allow":["GET"]}}],"collection":[{"href":"https:\/\/dpress.ma\/fr\/wp-json\/wp\/v2\/posts"}],"about":[{"href":"https:\/\/dpress.ma\/fr\/wp-json\/wp\/v2\/types\/post"}],"author":[{"embeddable":true,"href":"https:\/\/dpress.ma\/fr\/wp-json\/wp\/v2\/users\/2"}],"replies":[{"embeddable":true,"href":"https:\/\/dpress.ma\/fr\/wp-json\/wp\/v2\/comments?post=25999"}],"version-history":[{"count":1,"href":"https:\/\/dpress.ma\/fr\/wp-json\/wp\/v2\/posts\/25999\/revisions"}],"predecessor-version":[{"id":26001,"href":"https:\/\/dpress.ma\/fr\/wp-json\/wp\/v2\/posts\/25999\/revisions\/26001"}],"wp:featuredmedia":[{"embeddable":true,"href":"https:\/\/dpress.ma\/fr\/wp-json\/wp\/v2\/media\/26000"}],"wp:attachment":[{"href":"https:\/\/dpress.ma\/fr\/wp-json\/wp\/v2\/media?parent=25999"}],"wp:term":[{"taxonomy":"category","embeddable":true,"href":"https:\/\/dpress.ma\/fr\/wp-json\/wp\/v2\/categories?post=25999"},{"taxonomy":"post_tag","embeddable":true,"href":"https:\/\/dpress.ma\/fr\/wp-json\/wp\/v2\/tags?post=25999"}],"curies":[{"name":"wp","href":"https:\/\/api.w.org\/{rel}","templated":true}]}}