{"id":25996,"date":"2026-03-13T12:40:07","date_gmt":"2026-03-13T12:40:07","guid":{"rendered":"https:\/\/dpress.ma\/fr\/?p=25996"},"modified":"2026-03-13T12:40:16","modified_gmt":"2026-03-13T12:40:16","slug":"rabat-vernissage-de-lexposition-les-editions-du-saint-coran-a-la-bibliotheque-nationale","status":"publish","type":"post","link":"https:\/\/dpress.ma\/fr\/2026\/03\/13\/rabat-vernissage-de-lexposition-les-editions-du-saint-coran-a-la-bibliotheque-nationale\/","title":{"rendered":"Rabat: Vernissage de l\u2019exposition \u201cLes \u00e9ditions du Saint Coran \u00e0 la Biblioth\u00e8que Nationale\u201d"},"content":{"rendered":"\n<p>Dpress<\/p>\n\n\n\n<p>Le vernissage de l\u2019exposition \u201cLes \u00e9ditions du Saint Coran \u00e0 la Biblioth\u00e8que Nationale\u201d, mettant en exergue une collection des manuscrits coraniques les plus importants dont regorge la Biblioth\u00e8que Nationale du Royaume du Maroc (BNRM), a eu lieu jeudi \u00e0 Rabat.<\/p>\n\n\n\n<p>Organis\u00e9e du 12 au 31 mars \u00e0 l\u2019occasion du mois b\u00e9ni de Ramadan, cette exposition vise \u00e0 mettre en avant les efforts d\u00e9ploy\u00e9s par les Sultans, les Oul\u00e9mas et les Fouqahas marocains au service du Saint Coran.<\/p>\n\n\n\n<p>L\u2019exposition rassemble ainsi des \u00e9ditions rares du Saint Coran, refl\u00e9tant la place importante qu\u2019occupe le Livre de Dieu dans la civilisation marocaine ainsi que sa valeur spirituelle, scientifique et esth\u00e9tique au fil des si\u00e8cles.<\/p>\n\n\n\n<p>Elle regroupe \u00e9galement des exemplaires du \u201cCoran Mohammadi\u201d, des planchettes coraniques, des contenus audiovisuels et des photos documentant les diff\u00e9rentes \u00e9tapes de la conservation, ainsi qu\u2019une collection d\u2019imprim\u00e9s relatifs au Livre sacr\u00e9 sous le r\u00e8gne d\u2019Amir Al Mouminine, Sa Majest\u00e9 le Roi Mohammed VI.<\/p>\n\n\n\n<p>\u00c0 cette occasion, le ministre de la Jeunesse, de la Culture et de la Communication, Mohamed Mehdi Bensaid, a indiqu\u00e9 que cette initiative, loin d\u2019\u00eatre une simple exposition de manuscrits anciens, constitue un hommage aux efforts des Marocains qui, \u00e0 travers l\u2019histoire, ont fait preuve de cr\u00e9ativit\u00e9 dans l\u2019\u00e9criture du Saint Coran et son ornement par les plus belles calligraphies.<\/p>\n\n\n\n<p>La conservation de ces tr\u00e9sors patrimoniaux s\u2019inscrit dans le cadre de la mise en \u0153uvre des Hautes Orientations de Sa Majest\u00e9 le Roi Mohammed VI, Amir Al Mouminine, qui ne cesse d\u2019accorder une grande importance \u00e0 la pr\u00e9servation des symboles de l\u2019identit\u00e9 marocaine et \u00e0 la protection du patrimoine spirituel et culturel du Royaume, a-t-il ajout\u00e9, estimant que ces \u00e9ditions du Saint Coran sont une source de fiert\u00e9 pour la civilisation marocaine et une preuve de son raffinement culturel.<\/p>\n\n\n\n<p>De son c\u00f4t\u00e9, la directrice de la BNRM, Samira El Malizi, a fait observer que cette exposition constitue une occasion pour s\u2019ouvrir sur le patrimoine de la Oumma et mettre en exergue la valeur esth\u00e9tique, spirituelle et scientifique du Saint Coran.<\/p>\n\n\n\n<p>Ces \u00e9ditions ont \u00e9t\u00e9 transcrites \u00e0 travers les \u00e9poques par des fouqahas, des oul\u00e9mas et des sultans, notamment marocains, a-t-elle encha\u00een\u00e9, mettant l\u2019accent sur l\u2019attention particuli\u00e8re que le Souverain accorde \u00e0 la pr\u00e9servation et au rayonnement du patrimoine national.<\/p>\n\n\n\n<p>Le vernissage de cette exposition a \u00e9t\u00e9 marqu\u00e9 par la pr\u00e9sence d\u2019un parterre de personnalit\u00e9s du monde diplomatique et culturel, outre des chercheurs actifs dans le domaine du patrimoine manuscrit.<\/p>\n","protected":false},"excerpt":{"rendered":"<p>Dpress Le vernissage de l\u2019exposition \u201cLes \u00e9ditions du Saint Coran \u00e0 la Biblioth\u00e8que Nationale\u201d, mettant en exergue une collection des manuscrits coraniques les plus importants dont regorge la Biblioth\u00e8que Nationale du Royaume du Maroc (BNRM), a eu lieu jeudi \u00e0 Rabat. Organis\u00e9e du 12 au 31 mars \u00e0 l\u2019occasion du mois b\u00e9ni de Ramadan, cette &hellip;<\/p>\n","protected":false},"author":2,"featured_media":25997,"comment_status":"open","ping_status":"open","sticky":false,"template":"","format":"standard","meta":{"footnotes":""},"categories":[31],"tags":[],"class_list":["post-25996","post","type-post","status-publish","format-standard","has-post-thumbnail","hentry","category-art-et-culture"],"yoast_head":"<!-- This site is optimized with the Yoast SEO plugin v27.5 - https:\/\/yoast.com\/product\/yoast-seo-wordpress\/ -->\n<title>Rabat: Vernissage de l\u2019exposition \u201cLes \u00e9ditions du Saint Coran \u00e0 la Biblioth\u00e8que Nationale\u201d - Dpress.ma\/fr<\/title>\n<meta name=\"robots\" content=\"index, follow, max-snippet:-1, max-image-preview:large, max-video-preview:-1\" \/>\n<link rel=\"canonical\" href=\"https:\/\/dpress.ma\/fr\/2026\/03\/13\/rabat-vernissage-de-lexposition-les-editions-du-saint-coran-a-la-bibliotheque-nationale\/\" \/>\n<meta property=\"og:locale\" content=\"fr_FR\" \/>\n<meta property=\"og:type\" content=\"article\" \/>\n<meta property=\"og:title\" content=\"Rabat: Vernissage de l\u2019exposition \u201cLes \u00e9ditions du Saint Coran \u00e0 la Biblioth\u00e8que Nationale\u201d - Dpress.ma\/fr\" \/>\n<meta property=\"og:description\" content=\"Dpress Le vernissage de l\u2019exposition \u201cLes \u00e9ditions du Saint Coran \u00e0 la Biblioth\u00e8que Nationale\u201d, mettant en exergue une collection des manuscrits coraniques les plus importants dont regorge la Biblioth\u00e8que Nationale du Royaume du Maroc (BNRM), a eu lieu jeudi \u00e0 Rabat. Organis\u00e9e du 12 au 31 mars \u00e0 l\u2019occasion du mois b\u00e9ni de Ramadan, cette &hellip;\" \/>\n<meta property=\"og:url\" content=\"https:\/\/dpress.ma\/fr\/2026\/03\/13\/rabat-vernissage-de-lexposition-les-editions-du-saint-coran-a-la-bibliotheque-nationale\/\" \/>\n<meta property=\"og:site_name\" content=\"Dpress.ma\/fr\" \/>\n<meta property=\"article:published_time\" content=\"2026-03-13T12:40:07+00:00\" \/>\n<meta property=\"article:modified_time\" content=\"2026-03-13T12:40:16+00:00\" \/>\n<meta property=\"og:image\" content=\"https:\/\/dpress.ma\/fr\/wp-content\/uploads\/sites\/2\/2026\/03\/54-3.jpg\" \/>\n\t<meta property=\"og:image:width\" content=\"2539\" \/>\n\t<meta property=\"og:image:height\" content=\"1594\" \/>\n\t<meta property=\"og:image:type\" content=\"image\/jpeg\" \/>\n<meta name=\"author\" content=\"Dpress.ma\" \/>\n<meta name=\"twitter:card\" content=\"summary_large_image\" \/>\n<meta name=\"twitter:label1\" content=\"\u00c9crit par\" \/>\n\t<meta name=\"twitter:data1\" content=\"Dpress.ma\" \/>\n\t<meta name=\"twitter:label2\" content=\"Dur\u00e9e de lecture estim\u00e9e\" \/>\n\t<meta name=\"twitter:data2\" content=\"3 minutes\" \/>\n<script type=\"application\/ld+json\" class=\"yoast-schema-graph\">{\"@context\":\"https:\\\/\\\/schema.org\",\"@graph\":[{\"@type\":\"Article\",\"@id\":\"https:\\\/\\\/dpress.ma\\\/fr\\\/2026\\\/03\\\/13\\\/rabat-vernissage-de-lexposition-les-editions-du-saint-coran-a-la-bibliotheque-nationale\\\/#article\",\"isPartOf\":{\"@id\":\"https:\\\/\\\/dpress.ma\\\/fr\\\/2026\\\/03\\\/13\\\/rabat-vernissage-de-lexposition-les-editions-du-saint-coran-a-la-bibliotheque-nationale\\\/\"},\"author\":{\"name\":\"Dpress.ma\",\"@id\":\"https:\\\/\\\/dpress.ma\\\/fr\\\/#\\\/schema\\\/person\\\/4898febf3ccd59e6578d838656a306a0\"},\"headline\":\"Rabat: Vernissage de l\u2019exposition \u201cLes \u00e9ditions du Saint Coran \u00e0 la Biblioth\u00e8que Nationale\u201d\",\"datePublished\":\"2026-03-13T12:40:07+00:00\",\"dateModified\":\"2026-03-13T12:40:16+00:00\",\"mainEntityOfPage\":{\"@id\":\"https:\\\/\\\/dpress.ma\\\/fr\\\/2026\\\/03\\\/13\\\/rabat-vernissage-de-lexposition-les-editions-du-saint-coran-a-la-bibliotheque-nationale\\\/\"},\"wordCount\":448,\"commentCount\":0,\"image\":{\"@id\":\"https:\\\/\\\/dpress.ma\\\/fr\\\/2026\\\/03\\\/13\\\/rabat-vernissage-de-lexposition-les-editions-du-saint-coran-a-la-bibliotheque-nationale\\\/#primaryimage\"},\"thumbnailUrl\":\"https:\\\/\\\/dpress.ma\\\/fr\\\/wp-content\\\/uploads\\\/sites\\\/2\\\/2026\\\/03\\\/54-3.jpg\",\"articleSection\":[\"Art et Culture\"],\"inLanguage\":\"fr-FR\",\"potentialAction\":[{\"@type\":\"CommentAction\",\"name\":\"Comment\",\"target\":[\"https:\\\/\\\/dpress.ma\\\/fr\\\/2026\\\/03\\\/13\\\/rabat-vernissage-de-lexposition-les-editions-du-saint-coran-a-la-bibliotheque-nationale\\\/#respond\"]}]},{\"@type\":\"WebPage\",\"@id\":\"https:\\\/\\\/dpress.ma\\\/fr\\\/2026\\\/03\\\/13\\\/rabat-vernissage-de-lexposition-les-editions-du-saint-coran-a-la-bibliotheque-nationale\\\/\",\"url\":\"https:\\\/\\\/dpress.ma\\\/fr\\\/2026\\\/03\\\/13\\\/rabat-vernissage-de-lexposition-les-editions-du-saint-coran-a-la-bibliotheque-nationale\\\/\",\"name\":\"Rabat: Vernissage de l\u2019exposition \u201cLes \u00e9ditions du Saint Coran \u00e0 la Biblioth\u00e8que Nationale\u201d - Dpress.ma\\\/fr\",\"isPartOf\":{\"@id\":\"https:\\\/\\\/dpress.ma\\\/fr\\\/#website\"},\"primaryImageOfPage\":{\"@id\":\"https:\\\/\\\/dpress.ma\\\/fr\\\/2026\\\/03\\\/13\\\/rabat-vernissage-de-lexposition-les-editions-du-saint-coran-a-la-bibliotheque-nationale\\\/#primaryimage\"},\"image\":{\"@id\":\"https:\\\/\\\/dpress.ma\\\/fr\\\/2026\\\/03\\\/13\\\/rabat-vernissage-de-lexposition-les-editions-du-saint-coran-a-la-bibliotheque-nationale\\\/#primaryimage\"},\"thumbnailUrl\":\"https:\\\/\\\/dpress.ma\\\/fr\\\/wp-content\\\/uploads\\\/sites\\\/2\\\/2026\\\/03\\\/54-3.jpg\",\"datePublished\":\"2026-03-13T12:40:07+00:00\",\"dateModified\":\"2026-03-13T12:40:16+00:00\",\"author\":{\"@id\":\"https:\\\/\\\/dpress.ma\\\/fr\\\/#\\\/schema\\\/person\\\/4898febf3ccd59e6578d838656a306a0\"},\"breadcrumb\":{\"@id\":\"https:\\\/\\\/dpress.ma\\\/fr\\\/2026\\\/03\\\/13\\\/rabat-vernissage-de-lexposition-les-editions-du-saint-coran-a-la-bibliotheque-nationale\\\/#breadcrumb\"},\"inLanguage\":\"fr-FR\",\"potentialAction\":[{\"@type\":\"ReadAction\",\"target\":[\"https:\\\/\\\/dpress.ma\\\/fr\\\/2026\\\/03\\\/13\\\/rabat-vernissage-de-lexposition-les-editions-du-saint-coran-a-la-bibliotheque-nationale\\\/\"]}]},{\"@type\":\"ImageObject\",\"inLanguage\":\"fr-FR\",\"@id\":\"https:\\\/\\\/dpress.ma\\\/fr\\\/2026\\\/03\\\/13\\\/rabat-vernissage-de-lexposition-les-editions-du-saint-coran-a-la-bibliotheque-nationale\\\/#primaryimage\",\"url\":\"https:\\\/\\\/dpress.ma\\\/fr\\\/wp-content\\\/uploads\\\/sites\\\/2\\\/2026\\\/03\\\/54-3.jpg\",\"contentUrl\":\"https:\\\/\\\/dpress.ma\\\/fr\\\/wp-content\\\/uploads\\\/sites\\\/2\\\/2026\\\/03\\\/54-3.jpg\",\"width\":2539,\"height\":1594},{\"@type\":\"BreadcrumbList\",\"@id\":\"https:\\\/\\\/dpress.ma\\\/fr\\\/2026\\\/03\\\/13\\\/rabat-vernissage-de-lexposition-les-editions-du-saint-coran-a-la-bibliotheque-nationale\\\/#breadcrumb\",\"itemListElement\":[{\"@type\":\"ListItem\",\"position\":1,\"name\":\"Home\",\"item\":\"https:\\\/\\\/dpress.ma\\\/fr\\\/\"},{\"@type\":\"ListItem\",\"position\":2,\"name\":\"Rabat: Vernissage de l\u2019exposition \u201cLes \u00e9ditions du Saint Coran \u00e0 la Biblioth\u00e8que Nationale\u201d\"}]},{\"@type\":\"WebSite\",\"@id\":\"https:\\\/\\\/dpress.ma\\\/fr\\\/#website\",\"url\":\"https:\\\/\\\/dpress.ma\\\/fr\\\/\",\"name\":\"Dpress.ma\\\/fr\",\"description\":\"\",\"potentialAction\":[{\"@type\":\"SearchAction\",\"target\":{\"@type\":\"EntryPoint\",\"urlTemplate\":\"https:\\\/\\\/dpress.ma\\\/fr\\\/?s={search_term_string}\"},\"query-input\":{\"@type\":\"PropertyValueSpecification\",\"valueRequired\":true,\"valueName\":\"search_term_string\"}}],\"inLanguage\":\"fr-FR\"},{\"@type\":\"Person\",\"@id\":\"https:\\\/\\\/dpress.ma\\\/fr\\\/#\\\/schema\\\/person\\\/4898febf3ccd59e6578d838656a306a0\",\"name\":\"Dpress.ma\",\"image\":{\"@type\":\"ImageObject\",\"inLanguage\":\"fr-FR\",\"@id\":\"https:\\\/\\\/secure.gravatar.com\\\/avatar\\\/72ecc30e9db047a2e0e7176561eb9d564ed77c8108376495b19bd8336405198a?s=96&d=mm&r=g\",\"url\":\"https:\\\/\\\/secure.gravatar.com\\\/avatar\\\/72ecc30e9db047a2e0e7176561eb9d564ed77c8108376495b19bd8336405198a?s=96&d=mm&r=g\",\"contentUrl\":\"https:\\\/\\\/secure.gravatar.com\\\/avatar\\\/72ecc30e9db047a2e0e7176561eb9d564ed77c8108376495b19bd8336405198a?s=96&d=mm&r=g\",\"caption\":\"Dpress.ma\"},\"sameAs\":[\"https:\\\/\\\/www.dpress.ma\"],\"url\":\"https:\\\/\\\/dpress.ma\\\/fr\\\/author\\\/dpress-ma\\\/\"}]}<\/script>\n<!-- \/ Yoast SEO plugin. -->","yoast_head_json":{"title":"Rabat: Vernissage de l\u2019exposition \u201cLes \u00e9ditions du Saint Coran \u00e0 la Biblioth\u00e8que Nationale\u201d - Dpress.ma\/fr","robots":{"index":"index","follow":"follow","max-snippet":"max-snippet:-1","max-image-preview":"max-image-preview:large","max-video-preview":"max-video-preview:-1"},"canonical":"https:\/\/dpress.ma\/fr\/2026\/03\/13\/rabat-vernissage-de-lexposition-les-editions-du-saint-coran-a-la-bibliotheque-nationale\/","og_locale":"fr_FR","og_type":"article","og_title":"Rabat: Vernissage de l\u2019exposition \u201cLes \u00e9ditions du Saint Coran \u00e0 la Biblioth\u00e8que Nationale\u201d - Dpress.ma\/fr","og_description":"Dpress Le vernissage de l\u2019exposition \u201cLes \u00e9ditions du Saint Coran \u00e0 la Biblioth\u00e8que Nationale\u201d, mettant en exergue une collection des manuscrits coraniques les plus importants dont regorge la Biblioth\u00e8que Nationale du Royaume du Maroc (BNRM), a eu lieu jeudi \u00e0 Rabat. Organis\u00e9e du 12 au 31 mars \u00e0 l\u2019occasion du mois b\u00e9ni de Ramadan, cette &hellip;","og_url":"https:\/\/dpress.ma\/fr\/2026\/03\/13\/rabat-vernissage-de-lexposition-les-editions-du-saint-coran-a-la-bibliotheque-nationale\/","og_site_name":"Dpress.ma\/fr","article_published_time":"2026-03-13T12:40:07+00:00","article_modified_time":"2026-03-13T12:40:16+00:00","og_image":[{"width":2539,"height":1594,"url":"https:\/\/dpress.ma\/fr\/wp-content\/uploads\/sites\/2\/2026\/03\/54-3.jpg","type":"image\/jpeg"}],"author":"Dpress.ma","twitter_card":"summary_large_image","twitter_misc":{"\u00c9crit par":"Dpress.ma","Dur\u00e9e de lecture estim\u00e9e":"3 minutes"},"schema":{"@context":"https:\/\/schema.org","@graph":[{"@type":"Article","@id":"https:\/\/dpress.ma\/fr\/2026\/03\/13\/rabat-vernissage-de-lexposition-les-editions-du-saint-coran-a-la-bibliotheque-nationale\/#article","isPartOf":{"@id":"https:\/\/dpress.ma\/fr\/2026\/03\/13\/rabat-vernissage-de-lexposition-les-editions-du-saint-coran-a-la-bibliotheque-nationale\/"},"author":{"name":"Dpress.ma","@id":"https:\/\/dpress.ma\/fr\/#\/schema\/person\/4898febf3ccd59e6578d838656a306a0"},"headline":"Rabat: Vernissage de l\u2019exposition \u201cLes \u00e9ditions du Saint Coran \u00e0 la Biblioth\u00e8que Nationale\u201d","datePublished":"2026-03-13T12:40:07+00:00","dateModified":"2026-03-13T12:40:16+00:00","mainEntityOfPage":{"@id":"https:\/\/dpress.ma\/fr\/2026\/03\/13\/rabat-vernissage-de-lexposition-les-editions-du-saint-coran-a-la-bibliotheque-nationale\/"},"wordCount":448,"commentCount":0,"image":{"@id":"https:\/\/dpress.ma\/fr\/2026\/03\/13\/rabat-vernissage-de-lexposition-les-editions-du-saint-coran-a-la-bibliotheque-nationale\/#primaryimage"},"thumbnailUrl":"https:\/\/dpress.ma\/fr\/wp-content\/uploads\/sites\/2\/2026\/03\/54-3.jpg","articleSection":["Art et Culture"],"inLanguage":"fr-FR","potentialAction":[{"@type":"CommentAction","name":"Comment","target":["https:\/\/dpress.ma\/fr\/2026\/03\/13\/rabat-vernissage-de-lexposition-les-editions-du-saint-coran-a-la-bibliotheque-nationale\/#respond"]}]},{"@type":"WebPage","@id":"https:\/\/dpress.ma\/fr\/2026\/03\/13\/rabat-vernissage-de-lexposition-les-editions-du-saint-coran-a-la-bibliotheque-nationale\/","url":"https:\/\/dpress.ma\/fr\/2026\/03\/13\/rabat-vernissage-de-lexposition-les-editions-du-saint-coran-a-la-bibliotheque-nationale\/","name":"Rabat: Vernissage de l\u2019exposition \u201cLes \u00e9ditions du Saint Coran \u00e0 la Biblioth\u00e8que Nationale\u201d - Dpress.ma\/fr","isPartOf":{"@id":"https:\/\/dpress.ma\/fr\/#website"},"primaryImageOfPage":{"@id":"https:\/\/dpress.ma\/fr\/2026\/03\/13\/rabat-vernissage-de-lexposition-les-editions-du-saint-coran-a-la-bibliotheque-nationale\/#primaryimage"},"image":{"@id":"https:\/\/dpress.ma\/fr\/2026\/03\/13\/rabat-vernissage-de-lexposition-les-editions-du-saint-coran-a-la-bibliotheque-nationale\/#primaryimage"},"thumbnailUrl":"https:\/\/dpress.ma\/fr\/wp-content\/uploads\/sites\/2\/2026\/03\/54-3.jpg","datePublished":"2026-03-13T12:40:07+00:00","dateModified":"2026-03-13T12:40:16+00:00","author":{"@id":"https:\/\/dpress.ma\/fr\/#\/schema\/person\/4898febf3ccd59e6578d838656a306a0"},"breadcrumb":{"@id":"https:\/\/dpress.ma\/fr\/2026\/03\/13\/rabat-vernissage-de-lexposition-les-editions-du-saint-coran-a-la-bibliotheque-nationale\/#breadcrumb"},"inLanguage":"fr-FR","potentialAction":[{"@type":"ReadAction","target":["https:\/\/dpress.ma\/fr\/2026\/03\/13\/rabat-vernissage-de-lexposition-les-editions-du-saint-coran-a-la-bibliotheque-nationale\/"]}]},{"@type":"ImageObject","inLanguage":"fr-FR","@id":"https:\/\/dpress.ma\/fr\/2026\/03\/13\/rabat-vernissage-de-lexposition-les-editions-du-saint-coran-a-la-bibliotheque-nationale\/#primaryimage","url":"https:\/\/dpress.ma\/fr\/wp-content\/uploads\/sites\/2\/2026\/03\/54-3.jpg","contentUrl":"https:\/\/dpress.ma\/fr\/wp-content\/uploads\/sites\/2\/2026\/03\/54-3.jpg","width":2539,"height":1594},{"@type":"BreadcrumbList","@id":"https:\/\/dpress.ma\/fr\/2026\/03\/13\/rabat-vernissage-de-lexposition-les-editions-du-saint-coran-a-la-bibliotheque-nationale\/#breadcrumb","itemListElement":[{"@type":"ListItem","position":1,"name":"Home","item":"https:\/\/dpress.ma\/fr\/"},{"@type":"ListItem","position":2,"name":"Rabat: Vernissage de l\u2019exposition \u201cLes \u00e9ditions du Saint Coran \u00e0 la Biblioth\u00e8que Nationale\u201d"}]},{"@type":"WebSite","@id":"https:\/\/dpress.ma\/fr\/#website","url":"https:\/\/dpress.ma\/fr\/","name":"Dpress.ma\/fr","description":"","potentialAction":[{"@type":"SearchAction","target":{"@type":"EntryPoint","urlTemplate":"https:\/\/dpress.ma\/fr\/?s={search_term_string}"},"query-input":{"@type":"PropertyValueSpecification","valueRequired":true,"valueName":"search_term_string"}}],"inLanguage":"fr-FR"},{"@type":"Person","@id":"https:\/\/dpress.ma\/fr\/#\/schema\/person\/4898febf3ccd59e6578d838656a306a0","name":"Dpress.ma","image":{"@type":"ImageObject","inLanguage":"fr-FR","@id":"https:\/\/secure.gravatar.com\/avatar\/72ecc30e9db047a2e0e7176561eb9d564ed77c8108376495b19bd8336405198a?s=96&d=mm&r=g","url":"https:\/\/secure.gravatar.com\/avatar\/72ecc30e9db047a2e0e7176561eb9d564ed77c8108376495b19bd8336405198a?s=96&d=mm&r=g","contentUrl":"https:\/\/secure.gravatar.com\/avatar\/72ecc30e9db047a2e0e7176561eb9d564ed77c8108376495b19bd8336405198a?s=96&d=mm&r=g","caption":"Dpress.ma"},"sameAs":["https:\/\/www.dpress.ma"],"url":"https:\/\/dpress.ma\/fr\/author\/dpress-ma\/"}]}},"amp_enabled":true,"_links":{"self":[{"href":"https:\/\/dpress.ma\/fr\/wp-json\/wp\/v2\/posts\/25996","targetHints":{"allow":["GET"]}}],"collection":[{"href":"https:\/\/dpress.ma\/fr\/wp-json\/wp\/v2\/posts"}],"about":[{"href":"https:\/\/dpress.ma\/fr\/wp-json\/wp\/v2\/types\/post"}],"author":[{"embeddable":true,"href":"https:\/\/dpress.ma\/fr\/wp-json\/wp\/v2\/users\/2"}],"replies":[{"embeddable":true,"href":"https:\/\/dpress.ma\/fr\/wp-json\/wp\/v2\/comments?post=25996"}],"version-history":[{"count":1,"href":"https:\/\/dpress.ma\/fr\/wp-json\/wp\/v2\/posts\/25996\/revisions"}],"predecessor-version":[{"id":25998,"href":"https:\/\/dpress.ma\/fr\/wp-json\/wp\/v2\/posts\/25996\/revisions\/25998"}],"wp:featuredmedia":[{"embeddable":true,"href":"https:\/\/dpress.ma\/fr\/wp-json\/wp\/v2\/media\/25997"}],"wp:attachment":[{"href":"https:\/\/dpress.ma\/fr\/wp-json\/wp\/v2\/media?parent=25996"}],"wp:term":[{"taxonomy":"category","embeddable":true,"href":"https:\/\/dpress.ma\/fr\/wp-json\/wp\/v2\/categories?post=25996"},{"taxonomy":"post_tag","embeddable":true,"href":"https:\/\/dpress.ma\/fr\/wp-json\/wp\/v2\/tags?post=25996"}],"curies":[{"name":"wp","href":"https:\/\/api.w.org\/{rel}","templated":true}]}}