{"id":25925,"date":"2026-03-12T13:13:48","date_gmt":"2026-03-12T13:13:48","guid":{"rendered":"https:\/\/dpress.ma\/fr\/?p=25925"},"modified":"2026-03-12T13:13:51","modified_gmt":"2026-03-12T13:13:51","slug":"ecole-sidi-ali-ouhmad-a-al-haouz-un-edifice-educatif-alliant-memorisation-du-saint-coran-et-transmission-des-valeurs-religieuses-et-nationales","status":"publish","type":"post","link":"https:\/\/dpress.ma\/fr\/2026\/03\/12\/ecole-sidi-ali-ouhmad-a-al-haouz-un-edifice-educatif-alliant-memorisation-du-saint-coran-et-transmission-des-valeurs-religieuses-et-nationales\/","title":{"rendered":"\u00c9cole Sidi Ali Ouhmad \u00e0 Al Haouz: un \u00e9difice \u00e9ducatif alliant m\u00e9morisation du Saint Coran et transmission des valeurs religieuses et nationales"},"content":{"rendered":"\n<p>Dpress<\/p>\n\n\n\n<p>Au c\u0153ur de la commune d\u2019Oulad Mta\u00e2, dans la province d\u2019Al Haouz, l\u2019\u00e9cole de la zaou\u00efa Sidi Ali Ouhmad de l\u2019enseignement originel s\u2019illustre comme un espace \u00e9ducatif rayonnant o\u00f9 se conjuguent m\u00e9morisation du Saint Coran et transmission des valeurs religieuses et nationales.<\/p>\n\n\n\n<p>Dans cet \u00e9tablissement, les voix m\u00e9lodieuses de la r\u00e9citation des versets du Saint Coran r\u00e9sonnent quotidiennement dans les salles d\u2019\u00e9tude, reprises par des dizaines d\u2019\u00e9tudiants dispos\u00e9s en cercles ordonn\u00e9s dans une atmosph\u00e8re empreinte de spiritualit\u00e9, faisant de la m\u00e9morisation du Coran sa vocation premi\u00e8re.<\/p>\n\n\n\n<p>Fond\u00e9e il y a pr\u00e8s d\u2019un si\u00e8cle, cette \u00e9cole, qui figure parmi les institutions d\u2019enseignement originel qui ont contribu\u00e9 \u00e0 consacrer les traditions du savoir religieux dans la r\u00e9gion, poursuit aujourd\u2019hui sa mission de formation de g\u00e9n\u00e9rations de m\u00e9morisateurs du Saint Coran, impr\u00e9gn\u00e9s des valeurs de l\u2019islam et de l\u2019attachement aux constantes nationales.<\/p>\n\n\n\n<p>Au sein des salles de classe, les \u00e9l\u00e8ves r\u00e9visent leurs passages m\u00e9moris\u00e9s, tandis que les enseignants circulent entre les cercles pour corriger la r\u00e9citation et dispenser les enseignements des sciences religieuses et linguistiques, dans un cadre p\u00e9dagogique refl\u00e9tant l\u2019authenticit\u00e9 et la p\u00e9rennit\u00e9 de ce mod\u00e8le p\u00e9dagogique enracin\u00e9 dans l\u2019identit\u00e9 marocaine.<\/p>\n\n\n\n<p>Dans une d\u00e9claration \u00e0 la MAP, l\u2019\u00e9l\u00e8ve Mohamed Krouane, originaire de la commune de Bouaboud (province de Chichaoua), a indiqu\u00e9 qu\u2019il poursuit ses \u00e9tudes dans cet \u00e9tablissement depuis environ trois ans, p\u00e9riode durant laquelle il a r\u00e9ussi \u00e0 m\u00e9moriser enti\u00e8rement le Saint Coran, tout en poursuivant l\u2019apprentissage de certaines sciences religieuses.<\/p>\n\n\n\n<p>Il a, \u00e0 cet \u00e9gard, salu\u00e9 les efforts d\u00e9ploy\u00e9s par le corps p\u00e9dagogique pour accompagner les \u00e9l\u00e8ves et favoriser leur r\u00e9ussite, relevant que l\u2019\u00e9tablissement veille \u00e9galement \u00e0 assurer leurs besoins essentiels, notamment en mati\u00e8re d\u2019h\u00e9bergement, de restauration et de v\u00eatements, leur permettant ainsi de se consacrer pleinement \u00e0 l\u2019apprentissage.<\/p>\n\n\n\n<p>Au titre de l\u2019actuelle ann\u00e9e scolaire, l\u2019\u00e9cole accueille pr\u00e8s de 160 \u00e9l\u00e8ves issus de diff\u00e9rentes communes avoisinantes en leur proposant un r\u00e9gime d\u2019internat comprenant l\u2019h\u00e9bergement et la restauration, contribuant ainsi \u00e0 lutter contre la d\u00e9perdition scolaire et \u00e0 garantir aux \u00e9l\u00e8ves des conditions favorables \u00e0 la poursuite de leurs \u00e9tudes.<\/p>\n\n\n\n<p>L\u2019institution, dont la gestion est assur\u00e9e par une \u00e9quipe administrative et p\u00e9dagogique compos\u00e9e de 9 enseignants charg\u00e9s de la m\u00e9morisation du Saint Coran et de 10 enseignants d\u00e9di\u00e9s aux mati\u00e8res linguistiques et religieuses, dispose de plusieurs infrastructures, notamment des salles d\u2019enseignement, des dortoirs pour les \u00e9l\u00e8ves et un r\u00e9fectoire, ainsi qu\u2019une salle informatique et une mosqu\u00e9e, offrant un environnement \u00e9ducatif int\u00e9gr\u00e9.<\/p>\n\n\n\n<p>Dans cette lign\u00e9e, le vice-responsable de l\u2019\u00e9tablissement, Abdelatif Ettouil, a fait savoir que l\u2019\u00e9cole s\u2019est particuli\u00e8rement distingu\u00e9e par la m\u00e9morisation du Saint Coran selon le syst\u00e8me de l\u2019enseignement originel, pr\u00e9cisant qu\u2019elle a \u00e9t\u00e9 int\u00e9gr\u00e9e \u00e0 ce syst\u00e8me en 2007 au niveau du cycle primaire de l\u2019enseignement originel.<\/p>\n\n\n\n<p>Il a \u00e9galement relev\u00e9 que l\u2019\u00e9tablissement a form\u00e9, depuis 1999 \u00e0 ce jour, pr\u00e8s de 4.000 \u00e9l\u00e8ves ayant m\u00e9moris\u00e9 le Saint Coran, mettant en avant le r\u00f4le central jou\u00e9 par l\u2019enseignement traditionnel dans la pr\u00e9servation des valeurs religieuses et spirituelles.<\/p>\n\n\n\n<p>M. Ettouil a, par ailleurs, rappel\u00e9 que cette institution poursuit sa mission p\u00e9dagogique et religieuse gr\u00e2ce \u00e0 l\u2019int\u00e9r\u00eat particulier accord\u00e9 au secteur de l\u2019enseignement originel au Maroc, sous la conduite \u00e9clair\u00e9e de Sa Majest\u00e9 le Roi Mohammed VI, Amir Al-Mouminine, ainsi qu\u2019aux efforts d\u00e9ploy\u00e9s par le minist\u00e8re des Habous et des Affaires islamiques pour soutenir et encadrer ce secteur.<\/p>\n\n\n\n<p>Et d\u2019ajouter que plusieurs laur\u00e9ats de l\u2019\u00e9cole ont poursuivi leurs \u00e9tudes dans des institutions et instituts sup\u00e9rieurs au Maroc et \u00e0 l\u2019\u00e9tranger, notamment en \u00c9gypte, o\u00f9 certains ont obtenu des dipl\u00f4mes sup\u00e9rieurs et occupent aujourd\u2019hui des postes importants dans diff\u00e9rents domaines scientifiques et professionnels.<\/p>\n\n\n\n<p>Au-del\u00e0 de la m\u00e9morisation du Saint Coran et de l\u2019enseignement des sciences religieuses, l\u2019\u00e9tablissement \u0153uvre \u00e9galement au d\u00e9veloppement des comp\u00e9tences des \u00e9l\u00e8ves dans divers domaines, traduisant ainsi la volont\u00e9 d\u2019inscrire l\u2019enseignement traditionnel dans une dynamique d\u2019ouverture sur son environnement et son \u00e9poque.<\/p>\n\n\n\n<p>Dans ce cadre, l\u2019animateur p\u00e9dagogique de l\u2019\u00e9tablissement, Rachid El Khenifri, a soulign\u00e9 que plusieurs \u00e9l\u00e8ves ayant m\u00e9moris\u00e9 le Coran ont pu d\u00e9velopper leurs aptitudes dans les domaines de l\u2019\u00e9loquence et du th\u00e9\u00e2tre, renfor\u00e7ant ainsi leur capacit\u00e9 \u00e0 communiquer avec la soci\u00e9t\u00e9 dans diff\u00e9rentes langues, notamment l\u2019arabe, l\u2019amazighe et le fran\u00e7ais.<\/p>\n\n\n\n<p>Il a aussi mis l\u2019accent sur l\u2019importance accord\u00e9e par l\u2019\u00e9tablissement aux activit\u00e9s sportives et culturelles, \u00e0 travers l\u2019organisation de tournois de football et de courses de cross-country, ainsi que la c\u00e9l\u00e9bration des f\u00eates religieuses et des journ\u00e9es nationales, contribuant ainsi \u00e0 consacrer les valeurs religieuses et nationales chez les \u00e9l\u00e8ves.<\/p>\n\n\n\n<p>Dans la perspective de consolider cette exp\u00e9rience \u00e9ducative, la direction de l\u2019\u00e9cole ambitionne d\u2019\u00e9largir l\u2019\u00e9tablissement pour y int\u00e9grer les cycles de l\u2019enseignement coll\u00e9gial et secondaire, ainsi que de cr\u00e9er un internat d\u00e9di\u00e9 aux filles, afin de permettre \u00e0 un plus grand nombre d\u2019\u00e9l\u00e8ves de b\u00e9n\u00e9ficier de cette formation au sein de cet \u00e9difice du savoir.<\/p>\n","protected":false},"excerpt":{"rendered":"<p>Dpress Au c\u0153ur de la commune d\u2019Oulad Mta\u00e2, dans la province d\u2019Al Haouz, l\u2019\u00e9cole de la zaou\u00efa Sidi Ali Ouhmad de l\u2019enseignement originel s\u2019illustre comme un espace \u00e9ducatif rayonnant o\u00f9 se conjuguent m\u00e9morisation du Saint Coran et transmission des valeurs religieuses et nationales. Dans cet \u00e9tablissement, les voix m\u00e9lodieuses de la r\u00e9citation des versets du &hellip;<\/p>\n","protected":false},"author":2,"featured_media":25926,"comment_status":"open","ping_status":"open","sticky":false,"template":"","format":"standard","meta":{"footnotes":""},"categories":[40],"tags":[],"class_list":["post-25925","post","type-post","status-publish","format-standard","has-post-thumbnail","hentry","category-societe-et-regions"],"yoast_head":"<!-- This site is optimized with the Yoast SEO plugin v27.5 - https:\/\/yoast.com\/product\/yoast-seo-wordpress\/ -->\n<title>\u00c9cole Sidi Ali Ouhmad \u00e0 Al Haouz: un \u00e9difice \u00e9ducatif alliant m\u00e9morisation du Saint Coran et transmission des valeurs religieuses et nationales - Dpress.ma\/fr<\/title>\n<meta name=\"robots\" content=\"index, follow, max-snippet:-1, max-image-preview:large, max-video-preview:-1\" \/>\n<link rel=\"canonical\" href=\"https:\/\/dpress.ma\/fr\/2026\/03\/12\/ecole-sidi-ali-ouhmad-a-al-haouz-un-edifice-educatif-alliant-memorisation-du-saint-coran-et-transmission-des-valeurs-religieuses-et-nationales\/\" \/>\n<meta property=\"og:locale\" content=\"fr_FR\" \/>\n<meta property=\"og:type\" content=\"article\" \/>\n<meta property=\"og:title\" content=\"\u00c9cole Sidi Ali Ouhmad \u00e0 Al Haouz: un \u00e9difice \u00e9ducatif alliant m\u00e9morisation du Saint Coran et transmission des valeurs religieuses et nationales - Dpress.ma\/fr\" \/>\n<meta property=\"og:description\" content=\"Dpress Au c\u0153ur de la commune d\u2019Oulad Mta\u00e2, dans la province d\u2019Al Haouz, l\u2019\u00e9cole de la zaou\u00efa Sidi Ali Ouhmad de l\u2019enseignement originel s\u2019illustre comme un espace \u00e9ducatif rayonnant o\u00f9 se conjuguent m\u00e9morisation du Saint Coran et transmission des valeurs religieuses et nationales. Dans cet \u00e9tablissement, les voix m\u00e9lodieuses de la r\u00e9citation des versets du &hellip;\" \/>\n<meta property=\"og:url\" content=\"https:\/\/dpress.ma\/fr\/2026\/03\/12\/ecole-sidi-ali-ouhmad-a-al-haouz-un-edifice-educatif-alliant-memorisation-du-saint-coran-et-transmission-des-valeurs-religieuses-et-nationales\/\" \/>\n<meta property=\"og:site_name\" content=\"Dpress.ma\/fr\" \/>\n<meta property=\"article:published_time\" content=\"2026-03-12T13:13:48+00:00\" \/>\n<meta property=\"article:modified_time\" content=\"2026-03-12T13:13:51+00:00\" \/>\n<meta property=\"og:image\" content=\"https:\/\/dpress.ma\/fr\/wp-content\/uploads\/sites\/2\/2026\/03\/66-3.jpg\" \/>\n\t<meta property=\"og:image:width\" content=\"2539\" \/>\n\t<meta property=\"og:image:height\" content=\"1594\" \/>\n\t<meta property=\"og:image:type\" content=\"image\/jpeg\" \/>\n<meta name=\"author\" content=\"Dpress.ma\" \/>\n<meta name=\"twitter:card\" content=\"summary_large_image\" \/>\n<meta name=\"twitter:label1\" content=\"\u00c9crit par\" \/>\n\t<meta name=\"twitter:data1\" content=\"Dpress.ma\" \/>\n\t<meta name=\"twitter:label2\" content=\"Dur\u00e9e de lecture estim\u00e9e\" \/>\n\t<meta name=\"twitter:data2\" content=\"5 minutes\" \/>\n<script type=\"application\/ld+json\" class=\"yoast-schema-graph\">{\"@context\":\"https:\\\/\\\/schema.org\",\"@graph\":[{\"@type\":\"Article\",\"@id\":\"https:\\\/\\\/dpress.ma\\\/fr\\\/2026\\\/03\\\/12\\\/ecole-sidi-ali-ouhmad-a-al-haouz-un-edifice-educatif-alliant-memorisation-du-saint-coran-et-transmission-des-valeurs-religieuses-et-nationales\\\/#article\",\"isPartOf\":{\"@id\":\"https:\\\/\\\/dpress.ma\\\/fr\\\/2026\\\/03\\\/12\\\/ecole-sidi-ali-ouhmad-a-al-haouz-un-edifice-educatif-alliant-memorisation-du-saint-coran-et-transmission-des-valeurs-religieuses-et-nationales\\\/\"},\"author\":{\"name\":\"Dpress.ma\",\"@id\":\"https:\\\/\\\/dpress.ma\\\/fr\\\/#\\\/schema\\\/person\\\/4898febf3ccd59e6578d838656a306a0\"},\"headline\":\"\u00c9cole Sidi Ali Ouhmad \u00e0 Al Haouz: un \u00e9difice \u00e9ducatif alliant m\u00e9morisation du Saint Coran et transmission des valeurs religieuses et nationales\",\"datePublished\":\"2026-03-12T13:13:48+00:00\",\"dateModified\":\"2026-03-12T13:13:51+00:00\",\"mainEntityOfPage\":{\"@id\":\"https:\\\/\\\/dpress.ma\\\/fr\\\/2026\\\/03\\\/12\\\/ecole-sidi-ali-ouhmad-a-al-haouz-un-edifice-educatif-alliant-memorisation-du-saint-coran-et-transmission-des-valeurs-religieuses-et-nationales\\\/\"},\"wordCount\":967,\"commentCount\":0,\"image\":{\"@id\":\"https:\\\/\\\/dpress.ma\\\/fr\\\/2026\\\/03\\\/12\\\/ecole-sidi-ali-ouhmad-a-al-haouz-un-edifice-educatif-alliant-memorisation-du-saint-coran-et-transmission-des-valeurs-religieuses-et-nationales\\\/#primaryimage\"},\"thumbnailUrl\":\"https:\\\/\\\/dpress.ma\\\/fr\\\/wp-content\\\/uploads\\\/sites\\\/2\\\/2026\\\/03\\\/66-3.jpg\",\"articleSection\":[\"societe et regions\"],\"inLanguage\":\"fr-FR\",\"potentialAction\":[{\"@type\":\"CommentAction\",\"name\":\"Comment\",\"target\":[\"https:\\\/\\\/dpress.ma\\\/fr\\\/2026\\\/03\\\/12\\\/ecole-sidi-ali-ouhmad-a-al-haouz-un-edifice-educatif-alliant-memorisation-du-saint-coran-et-transmission-des-valeurs-religieuses-et-nationales\\\/#respond\"]}]},{\"@type\":\"WebPage\",\"@id\":\"https:\\\/\\\/dpress.ma\\\/fr\\\/2026\\\/03\\\/12\\\/ecole-sidi-ali-ouhmad-a-al-haouz-un-edifice-educatif-alliant-memorisation-du-saint-coran-et-transmission-des-valeurs-religieuses-et-nationales\\\/\",\"url\":\"https:\\\/\\\/dpress.ma\\\/fr\\\/2026\\\/03\\\/12\\\/ecole-sidi-ali-ouhmad-a-al-haouz-un-edifice-educatif-alliant-memorisation-du-saint-coran-et-transmission-des-valeurs-religieuses-et-nationales\\\/\",\"name\":\"\u00c9cole Sidi Ali Ouhmad \u00e0 Al Haouz: un \u00e9difice \u00e9ducatif alliant m\u00e9morisation du Saint Coran et transmission des valeurs religieuses et nationales - Dpress.ma\\\/fr\",\"isPartOf\":{\"@id\":\"https:\\\/\\\/dpress.ma\\\/fr\\\/#website\"},\"primaryImageOfPage\":{\"@id\":\"https:\\\/\\\/dpress.ma\\\/fr\\\/2026\\\/03\\\/12\\\/ecole-sidi-ali-ouhmad-a-al-haouz-un-edifice-educatif-alliant-memorisation-du-saint-coran-et-transmission-des-valeurs-religieuses-et-nationales\\\/#primaryimage\"},\"image\":{\"@id\":\"https:\\\/\\\/dpress.ma\\\/fr\\\/2026\\\/03\\\/12\\\/ecole-sidi-ali-ouhmad-a-al-haouz-un-edifice-educatif-alliant-memorisation-du-saint-coran-et-transmission-des-valeurs-religieuses-et-nationales\\\/#primaryimage\"},\"thumbnailUrl\":\"https:\\\/\\\/dpress.ma\\\/fr\\\/wp-content\\\/uploads\\\/sites\\\/2\\\/2026\\\/03\\\/66-3.jpg\",\"datePublished\":\"2026-03-12T13:13:48+00:00\",\"dateModified\":\"2026-03-12T13:13:51+00:00\",\"author\":{\"@id\":\"https:\\\/\\\/dpress.ma\\\/fr\\\/#\\\/schema\\\/person\\\/4898febf3ccd59e6578d838656a306a0\"},\"breadcrumb\":{\"@id\":\"https:\\\/\\\/dpress.ma\\\/fr\\\/2026\\\/03\\\/12\\\/ecole-sidi-ali-ouhmad-a-al-haouz-un-edifice-educatif-alliant-memorisation-du-saint-coran-et-transmission-des-valeurs-religieuses-et-nationales\\\/#breadcrumb\"},\"inLanguage\":\"fr-FR\",\"potentialAction\":[{\"@type\":\"ReadAction\",\"target\":[\"https:\\\/\\\/dpress.ma\\\/fr\\\/2026\\\/03\\\/12\\\/ecole-sidi-ali-ouhmad-a-al-haouz-un-edifice-educatif-alliant-memorisation-du-saint-coran-et-transmission-des-valeurs-religieuses-et-nationales\\\/\"]}]},{\"@type\":\"ImageObject\",\"inLanguage\":\"fr-FR\",\"@id\":\"https:\\\/\\\/dpress.ma\\\/fr\\\/2026\\\/03\\\/12\\\/ecole-sidi-ali-ouhmad-a-al-haouz-un-edifice-educatif-alliant-memorisation-du-saint-coran-et-transmission-des-valeurs-religieuses-et-nationales\\\/#primaryimage\",\"url\":\"https:\\\/\\\/dpress.ma\\\/fr\\\/wp-content\\\/uploads\\\/sites\\\/2\\\/2026\\\/03\\\/66-3.jpg\",\"contentUrl\":\"https:\\\/\\\/dpress.ma\\\/fr\\\/wp-content\\\/uploads\\\/sites\\\/2\\\/2026\\\/03\\\/66-3.jpg\",\"width\":2539,\"height\":1594},{\"@type\":\"BreadcrumbList\",\"@id\":\"https:\\\/\\\/dpress.ma\\\/fr\\\/2026\\\/03\\\/12\\\/ecole-sidi-ali-ouhmad-a-al-haouz-un-edifice-educatif-alliant-memorisation-du-saint-coran-et-transmission-des-valeurs-religieuses-et-nationales\\\/#breadcrumb\",\"itemListElement\":[{\"@type\":\"ListItem\",\"position\":1,\"name\":\"Home\",\"item\":\"https:\\\/\\\/dpress.ma\\\/fr\\\/\"},{\"@type\":\"ListItem\",\"position\":2,\"name\":\"\u00c9cole Sidi Ali Ouhmad \u00e0 Al Haouz: un \u00e9difice \u00e9ducatif alliant m\u00e9morisation du Saint Coran et transmission des valeurs religieuses et nationales\"}]},{\"@type\":\"WebSite\",\"@id\":\"https:\\\/\\\/dpress.ma\\\/fr\\\/#website\",\"url\":\"https:\\\/\\\/dpress.ma\\\/fr\\\/\",\"name\":\"Dpress.ma\\\/fr\",\"description\":\"\",\"potentialAction\":[{\"@type\":\"SearchAction\",\"target\":{\"@type\":\"EntryPoint\",\"urlTemplate\":\"https:\\\/\\\/dpress.ma\\\/fr\\\/?s={search_term_string}\"},\"query-input\":{\"@type\":\"PropertyValueSpecification\",\"valueRequired\":true,\"valueName\":\"search_term_string\"}}],\"inLanguage\":\"fr-FR\"},{\"@type\":\"Person\",\"@id\":\"https:\\\/\\\/dpress.ma\\\/fr\\\/#\\\/schema\\\/person\\\/4898febf3ccd59e6578d838656a306a0\",\"name\":\"Dpress.ma\",\"image\":{\"@type\":\"ImageObject\",\"inLanguage\":\"fr-FR\",\"@id\":\"https:\\\/\\\/secure.gravatar.com\\\/avatar\\\/72ecc30e9db047a2e0e7176561eb9d564ed77c8108376495b19bd8336405198a?s=96&d=mm&r=g\",\"url\":\"https:\\\/\\\/secure.gravatar.com\\\/avatar\\\/72ecc30e9db047a2e0e7176561eb9d564ed77c8108376495b19bd8336405198a?s=96&d=mm&r=g\",\"contentUrl\":\"https:\\\/\\\/secure.gravatar.com\\\/avatar\\\/72ecc30e9db047a2e0e7176561eb9d564ed77c8108376495b19bd8336405198a?s=96&d=mm&r=g\",\"caption\":\"Dpress.ma\"},\"sameAs\":[\"https:\\\/\\\/www.dpress.ma\"],\"url\":\"https:\\\/\\\/dpress.ma\\\/fr\\\/author\\\/dpress-ma\\\/\"}]}<\/script>\n<!-- \/ Yoast SEO plugin. -->","yoast_head_json":{"title":"\u00c9cole Sidi Ali Ouhmad \u00e0 Al Haouz: un \u00e9difice \u00e9ducatif alliant m\u00e9morisation du Saint Coran et transmission des valeurs religieuses et nationales - Dpress.ma\/fr","robots":{"index":"index","follow":"follow","max-snippet":"max-snippet:-1","max-image-preview":"max-image-preview:large","max-video-preview":"max-video-preview:-1"},"canonical":"https:\/\/dpress.ma\/fr\/2026\/03\/12\/ecole-sidi-ali-ouhmad-a-al-haouz-un-edifice-educatif-alliant-memorisation-du-saint-coran-et-transmission-des-valeurs-religieuses-et-nationales\/","og_locale":"fr_FR","og_type":"article","og_title":"\u00c9cole Sidi Ali Ouhmad \u00e0 Al Haouz: un \u00e9difice \u00e9ducatif alliant m\u00e9morisation du Saint Coran et transmission des valeurs religieuses et nationales - Dpress.ma\/fr","og_description":"Dpress Au c\u0153ur de la commune d\u2019Oulad Mta\u00e2, dans la province d\u2019Al Haouz, l\u2019\u00e9cole de la zaou\u00efa Sidi Ali Ouhmad de l\u2019enseignement originel s\u2019illustre comme un espace \u00e9ducatif rayonnant o\u00f9 se conjuguent m\u00e9morisation du Saint Coran et transmission des valeurs religieuses et nationales. Dans cet \u00e9tablissement, les voix m\u00e9lodieuses de la r\u00e9citation des versets du &hellip;","og_url":"https:\/\/dpress.ma\/fr\/2026\/03\/12\/ecole-sidi-ali-ouhmad-a-al-haouz-un-edifice-educatif-alliant-memorisation-du-saint-coran-et-transmission-des-valeurs-religieuses-et-nationales\/","og_site_name":"Dpress.ma\/fr","article_published_time":"2026-03-12T13:13:48+00:00","article_modified_time":"2026-03-12T13:13:51+00:00","og_image":[{"width":2539,"height":1594,"url":"https:\/\/dpress.ma\/fr\/wp-content\/uploads\/sites\/2\/2026\/03\/66-3.jpg","type":"image\/jpeg"}],"author":"Dpress.ma","twitter_card":"summary_large_image","twitter_misc":{"\u00c9crit par":"Dpress.ma","Dur\u00e9e de lecture estim\u00e9e":"5 minutes"},"schema":{"@context":"https:\/\/schema.org","@graph":[{"@type":"Article","@id":"https:\/\/dpress.ma\/fr\/2026\/03\/12\/ecole-sidi-ali-ouhmad-a-al-haouz-un-edifice-educatif-alliant-memorisation-du-saint-coran-et-transmission-des-valeurs-religieuses-et-nationales\/#article","isPartOf":{"@id":"https:\/\/dpress.ma\/fr\/2026\/03\/12\/ecole-sidi-ali-ouhmad-a-al-haouz-un-edifice-educatif-alliant-memorisation-du-saint-coran-et-transmission-des-valeurs-religieuses-et-nationales\/"},"author":{"name":"Dpress.ma","@id":"https:\/\/dpress.ma\/fr\/#\/schema\/person\/4898febf3ccd59e6578d838656a306a0"},"headline":"\u00c9cole Sidi Ali Ouhmad \u00e0 Al Haouz: un \u00e9difice \u00e9ducatif alliant m\u00e9morisation du Saint Coran et transmission des valeurs religieuses et nationales","datePublished":"2026-03-12T13:13:48+00:00","dateModified":"2026-03-12T13:13:51+00:00","mainEntityOfPage":{"@id":"https:\/\/dpress.ma\/fr\/2026\/03\/12\/ecole-sidi-ali-ouhmad-a-al-haouz-un-edifice-educatif-alliant-memorisation-du-saint-coran-et-transmission-des-valeurs-religieuses-et-nationales\/"},"wordCount":967,"commentCount":0,"image":{"@id":"https:\/\/dpress.ma\/fr\/2026\/03\/12\/ecole-sidi-ali-ouhmad-a-al-haouz-un-edifice-educatif-alliant-memorisation-du-saint-coran-et-transmission-des-valeurs-religieuses-et-nationales\/#primaryimage"},"thumbnailUrl":"https:\/\/dpress.ma\/fr\/wp-content\/uploads\/sites\/2\/2026\/03\/66-3.jpg","articleSection":["societe et regions"],"inLanguage":"fr-FR","potentialAction":[{"@type":"CommentAction","name":"Comment","target":["https:\/\/dpress.ma\/fr\/2026\/03\/12\/ecole-sidi-ali-ouhmad-a-al-haouz-un-edifice-educatif-alliant-memorisation-du-saint-coran-et-transmission-des-valeurs-religieuses-et-nationales\/#respond"]}]},{"@type":"WebPage","@id":"https:\/\/dpress.ma\/fr\/2026\/03\/12\/ecole-sidi-ali-ouhmad-a-al-haouz-un-edifice-educatif-alliant-memorisation-du-saint-coran-et-transmission-des-valeurs-religieuses-et-nationales\/","url":"https:\/\/dpress.ma\/fr\/2026\/03\/12\/ecole-sidi-ali-ouhmad-a-al-haouz-un-edifice-educatif-alliant-memorisation-du-saint-coran-et-transmission-des-valeurs-religieuses-et-nationales\/","name":"\u00c9cole Sidi Ali Ouhmad \u00e0 Al Haouz: un \u00e9difice \u00e9ducatif alliant m\u00e9morisation du Saint Coran et transmission des valeurs religieuses et nationales - Dpress.ma\/fr","isPartOf":{"@id":"https:\/\/dpress.ma\/fr\/#website"},"primaryImageOfPage":{"@id":"https:\/\/dpress.ma\/fr\/2026\/03\/12\/ecole-sidi-ali-ouhmad-a-al-haouz-un-edifice-educatif-alliant-memorisation-du-saint-coran-et-transmission-des-valeurs-religieuses-et-nationales\/#primaryimage"},"image":{"@id":"https:\/\/dpress.ma\/fr\/2026\/03\/12\/ecole-sidi-ali-ouhmad-a-al-haouz-un-edifice-educatif-alliant-memorisation-du-saint-coran-et-transmission-des-valeurs-religieuses-et-nationales\/#primaryimage"},"thumbnailUrl":"https:\/\/dpress.ma\/fr\/wp-content\/uploads\/sites\/2\/2026\/03\/66-3.jpg","datePublished":"2026-03-12T13:13:48+00:00","dateModified":"2026-03-12T13:13:51+00:00","author":{"@id":"https:\/\/dpress.ma\/fr\/#\/schema\/person\/4898febf3ccd59e6578d838656a306a0"},"breadcrumb":{"@id":"https:\/\/dpress.ma\/fr\/2026\/03\/12\/ecole-sidi-ali-ouhmad-a-al-haouz-un-edifice-educatif-alliant-memorisation-du-saint-coran-et-transmission-des-valeurs-religieuses-et-nationales\/#breadcrumb"},"inLanguage":"fr-FR","potentialAction":[{"@type":"ReadAction","target":["https:\/\/dpress.ma\/fr\/2026\/03\/12\/ecole-sidi-ali-ouhmad-a-al-haouz-un-edifice-educatif-alliant-memorisation-du-saint-coran-et-transmission-des-valeurs-religieuses-et-nationales\/"]}]},{"@type":"ImageObject","inLanguage":"fr-FR","@id":"https:\/\/dpress.ma\/fr\/2026\/03\/12\/ecole-sidi-ali-ouhmad-a-al-haouz-un-edifice-educatif-alliant-memorisation-du-saint-coran-et-transmission-des-valeurs-religieuses-et-nationales\/#primaryimage","url":"https:\/\/dpress.ma\/fr\/wp-content\/uploads\/sites\/2\/2026\/03\/66-3.jpg","contentUrl":"https:\/\/dpress.ma\/fr\/wp-content\/uploads\/sites\/2\/2026\/03\/66-3.jpg","width":2539,"height":1594},{"@type":"BreadcrumbList","@id":"https:\/\/dpress.ma\/fr\/2026\/03\/12\/ecole-sidi-ali-ouhmad-a-al-haouz-un-edifice-educatif-alliant-memorisation-du-saint-coran-et-transmission-des-valeurs-religieuses-et-nationales\/#breadcrumb","itemListElement":[{"@type":"ListItem","position":1,"name":"Home","item":"https:\/\/dpress.ma\/fr\/"},{"@type":"ListItem","position":2,"name":"\u00c9cole Sidi Ali Ouhmad \u00e0 Al Haouz: un \u00e9difice \u00e9ducatif alliant m\u00e9morisation du Saint Coran et transmission des valeurs religieuses et nationales"}]},{"@type":"WebSite","@id":"https:\/\/dpress.ma\/fr\/#website","url":"https:\/\/dpress.ma\/fr\/","name":"Dpress.ma\/fr","description":"","potentialAction":[{"@type":"SearchAction","target":{"@type":"EntryPoint","urlTemplate":"https:\/\/dpress.ma\/fr\/?s={search_term_string}"},"query-input":{"@type":"PropertyValueSpecification","valueRequired":true,"valueName":"search_term_string"}}],"inLanguage":"fr-FR"},{"@type":"Person","@id":"https:\/\/dpress.ma\/fr\/#\/schema\/person\/4898febf3ccd59e6578d838656a306a0","name":"Dpress.ma","image":{"@type":"ImageObject","inLanguage":"fr-FR","@id":"https:\/\/secure.gravatar.com\/avatar\/72ecc30e9db047a2e0e7176561eb9d564ed77c8108376495b19bd8336405198a?s=96&d=mm&r=g","url":"https:\/\/secure.gravatar.com\/avatar\/72ecc30e9db047a2e0e7176561eb9d564ed77c8108376495b19bd8336405198a?s=96&d=mm&r=g","contentUrl":"https:\/\/secure.gravatar.com\/avatar\/72ecc30e9db047a2e0e7176561eb9d564ed77c8108376495b19bd8336405198a?s=96&d=mm&r=g","caption":"Dpress.ma"},"sameAs":["https:\/\/www.dpress.ma"],"url":"https:\/\/dpress.ma\/fr\/author\/dpress-ma\/"}]}},"amp_enabled":true,"_links":{"self":[{"href":"https:\/\/dpress.ma\/fr\/wp-json\/wp\/v2\/posts\/25925","targetHints":{"allow":["GET"]}}],"collection":[{"href":"https:\/\/dpress.ma\/fr\/wp-json\/wp\/v2\/posts"}],"about":[{"href":"https:\/\/dpress.ma\/fr\/wp-json\/wp\/v2\/types\/post"}],"author":[{"embeddable":true,"href":"https:\/\/dpress.ma\/fr\/wp-json\/wp\/v2\/users\/2"}],"replies":[{"embeddable":true,"href":"https:\/\/dpress.ma\/fr\/wp-json\/wp\/v2\/comments?post=25925"}],"version-history":[{"count":1,"href":"https:\/\/dpress.ma\/fr\/wp-json\/wp\/v2\/posts\/25925\/revisions"}],"predecessor-version":[{"id":25927,"href":"https:\/\/dpress.ma\/fr\/wp-json\/wp\/v2\/posts\/25925\/revisions\/25927"}],"wp:featuredmedia":[{"embeddable":true,"href":"https:\/\/dpress.ma\/fr\/wp-json\/wp\/v2\/media\/25926"}],"wp:attachment":[{"href":"https:\/\/dpress.ma\/fr\/wp-json\/wp\/v2\/media?parent=25925"}],"wp:term":[{"taxonomy":"category","embeddable":true,"href":"https:\/\/dpress.ma\/fr\/wp-json\/wp\/v2\/categories?post=25925"},{"taxonomy":"post_tag","embeddable":true,"href":"https:\/\/dpress.ma\/fr\/wp-json\/wp\/v2\/tags?post=25925"}],"curies":[{"name":"wp","href":"https:\/\/api.w.org\/{rel}","templated":true}]}}