{"id":25922,"date":"2026-03-12T12:01:58","date_gmt":"2026-03-12T12:01:58","guid":{"rendered":"https:\/\/dpress.ma\/fr\/?p=25922"},"modified":"2026-03-12T12:02:00","modified_gmt":"2026-03-12T12:02:00","slug":"le-modele-marocain-en-matiere-de-tolerance-et-de-dialogue-inter-cultuel-au-centre-dune-conference-a-lille","status":"publish","type":"post","link":"https:\/\/dpress.ma\/fr\/2026\/03\/12\/le-modele-marocain-en-matiere-de-tolerance-et-de-dialogue-inter-cultuel-au-centre-dune-conference-a-lille\/","title":{"rendered":"Le mod\u00e8le marocain en mati\u00e8re de tol\u00e9rance et de dialogue inter-cultuel au centre d\u2019une conf\u00e9rence \u00e0 Lille"},"content":{"rendered":"\n<p>Dpress<\/p>\n\n\n\n<p>&nbsp;Le mod\u00e8le marocain singulier en termes de tol\u00e9rance&nbsp;et de dialogue inter-cultuel a \u00e9t\u00e9 mis en avant lors d\u2019une conf\u00e9rence, mercredi soir \u00e0 Lille.<\/p>\n\n\n\n<p>Organis\u00e9 par le Consulat g\u00e9n\u00e9ral du Royaume \u00e0 Lille, cet \u00e9v\u00e8nement a r\u00e9uni des personnalit\u00e9s de diff\u00e9rents horizons, origines et confessions, ainsi que des membres de la communaut\u00e9 marocaine \u00e9tablie en France.<\/p>\n\n\n\n<p>A cette occasion, le consul g\u00e9n\u00e9ral du Royaume \u00e0 Lille, Abdelkader Abidine, a indiqu\u00e9 que cette conf\u00e9rence vise \u00e0&nbsp;\u201cpartager des id\u00e9es, informer, inspirer, et susciter des r\u00e9flexions sur le sujet de la cohabitation intelligente entre les trois religions abrahamiques\u201d.<\/p>\n\n\n\n<p>Ce d\u00e9bat, a-t-il pr\u00e9cis\u00e9, porte sur cette relation entre personnes de religions diff\u00e9rentes en prenant le Maroc en tant que \u201cmod\u00e8le en mati\u00e8re de tol\u00e9rance et de dialogue inter-cultuel\u201d. Le Royaume a toujours jou\u00e9 un r\u00f4le avant-gardiste au niveau international en tant que \u201cbridge Builder\u201d, pays b\u00e2tisseur de passerelles de compr\u00e9hension entre les nations, a-t-il poursuivi.<\/p>\n\n\n\n<p>Il a, dans ce contexte, not\u00e9 que \u201cl\u2019identit\u00e9 religieuse du Maroc est bas\u00e9e sur l\u2019Islam du juste milieu\u201d, rappelant que Sa Majest\u00e9 le Roi Mohammed VI, Amir Al Mouminine, est le garant de cet Islam de tol\u00e9rance.<\/p>\n\n\n\n<p>Et de souligner que parmi les initiatives du Souverain pour favoriser le rayonnement d\u2019un Islam du juste milieu au niveau national et international figure la cr\u00e9ation, en 2015, de l\u2019Institut Mohammed VI pour la formation des imams, des pr\u00e9dicateurs et pr\u00e9dicatrices.<\/p>\n\n\n\n<p>Le diplomate a, en outre, fait observer que la communaut\u00e9 chr\u00e9tienne a toujours v\u00e9cu en harmonie et en paix avec la communaut\u00e9 musulmane au Maroc, relevant que les \u00e9glises demeurent des lieux de partage, d\u2019\u00e9changes et de transmission de valeurs universelles de paix et de fraternit\u00e9.<\/p>\n\n\n\n<p>Comme il est aussi de notori\u00e9t\u00e9, a-t-il rappel\u00e9, juifs et musulmans ont, \u00e9galement et de longue date, cohabit\u00e9 dans notre pays dans la s\u00e9r\u00e9nit\u00e9 et le respect mutuel.<\/p>\n\n\n\n<p>Pou sa part, le directeur g\u00e9n\u00e9ral de l\u2019Espace Culturel et Universitaire Juif d\u2019Europe (ECUJE), Gad Ibgui, s\u2019est dit fier de participer \u00e0 cette conf\u00e9rence autour du mod\u00e8le marocain en mati\u00e8re de tol\u00e9rance, une mani\u00e8re de marquer la solidarit\u00e9, et l\u2019attachement \u00e0 cette culture du dialogue dont jouissent en h\u00e9ritage les Marocains, toutes religions confondues.<\/p>\n\n\n\n<p>Il s\u2019agit de valeurs partag\u00e9es entre traditions et histoire, a-t-il soutenu, insistant sur l\u2019importance du dialogue, devenu une n\u00e9cessit\u00e9 vitale, un moment de convivialit\u00e9, ainsi qu\u2019un geste de confiance mutuelle et de responsabilit\u00e9.<\/p>\n\n\n\n<p>De son c\u00f4t\u00e9, Mohamed El Ouafi, Imam r\u00e9f\u00e9rent, laur\u00e9at de l\u2019Institut Mohammed VI pour la formation des Imams, pr\u00e9dicateurs et pr\u00e9dicatrices, a mis l\u2019accent sur la contribution des diff\u00e9rentes confessions \u00e0 la formation de l\u2019identit\u00e9 marocaine, soulignant leur influence dans la composition sociale et culturelle au Maroc.<\/p>\n\n\n\n<p>Citant le mus\u00e9e du Juda\u00efsme marocain de Casablanca, unique en son genre dans le monde arabe et t\u00e9moin de l\u2019histoire religieuse de la communaut\u00e9 juive au Royaume, M. El Ouafi a indiqu\u00e9 que cette reconnaissance constitutionnelle renforce l\u2019image du Maroc en tant que pays fond\u00e9 sur la diversit\u00e9 religieuse et culturelle.<\/p>\n\n\n\n<p>Les relations historiques entre musulmans et juifs, a-t-il poursuivi, se distinguent par une longue tradition d\u2019interaction, de coexistence et de partage au sein de la soci\u00e9t\u00e9 marocaine.<\/p>\n\n\n\n<p>\u00c0 l\u2019issue de cette conf\u00e9rence, marqu\u00e9e notamment par la pr\u00e9sence du pr\u00e9fet de la r\u00e9gion Hauts-de-France, Bertrand Gaume,&nbsp;un ftour multiconfessionnel a \u00e9t\u00e9 organis\u00e9 dans la pure tradition marocaine. Un moment de partage qui s\u2019est d\u00e9roul\u00e9 dans une ambiance conviviale, fid\u00e8le aux valeurs d\u2019hospitalit\u00e9 et du vivre-ensemble&nbsp;propres au Royaume.<\/p>\n","protected":false},"excerpt":{"rendered":"<p>Dpress &nbsp;Le mod\u00e8le marocain singulier en termes de tol\u00e9rance&nbsp;et de dialogue inter-cultuel a \u00e9t\u00e9 mis en avant lors d\u2019une conf\u00e9rence, mercredi soir \u00e0 Lille. Organis\u00e9 par le Consulat g\u00e9n\u00e9ral du Royaume \u00e0 Lille, cet \u00e9v\u00e8nement a r\u00e9uni des personnalit\u00e9s de diff\u00e9rents horizons, origines et confessions, ainsi que des membres de la communaut\u00e9 marocaine \u00e9tablie en &hellip;<\/p>\n","protected":false},"author":2,"featured_media":25923,"comment_status":"open","ping_status":"open","sticky":false,"template":"","format":"standard","meta":{"footnotes":""},"categories":[42],"tags":[],"class_list":["post-25922","post","type-post","status-publish","format-standard","has-post-thumbnail","hentry","category-monde"],"yoast_head":"<!-- This site is optimized with the Yoast SEO plugin v27.5 - https:\/\/yoast.com\/product\/yoast-seo-wordpress\/ -->\n<title>Le mod\u00e8le marocain en mati\u00e8re de tol\u00e9rance et de dialogue inter-cultuel au centre d\u2019une conf\u00e9rence \u00e0 Lille - Dpress.ma\/fr<\/title>\n<meta name=\"robots\" content=\"index, follow, max-snippet:-1, max-image-preview:large, max-video-preview:-1\" \/>\n<link rel=\"canonical\" href=\"https:\/\/dpress.ma\/fr\/2026\/03\/12\/le-modele-marocain-en-matiere-de-tolerance-et-de-dialogue-inter-cultuel-au-centre-dune-conference-a-lille\/\" \/>\n<meta property=\"og:locale\" content=\"fr_FR\" \/>\n<meta property=\"og:type\" content=\"article\" \/>\n<meta property=\"og:title\" content=\"Le mod\u00e8le marocain en mati\u00e8re de tol\u00e9rance et de dialogue inter-cultuel au centre d\u2019une conf\u00e9rence \u00e0 Lille - Dpress.ma\/fr\" \/>\n<meta property=\"og:description\" content=\"Dpress &nbsp;Le mod\u00e8le marocain singulier en termes de tol\u00e9rance&nbsp;et de dialogue inter-cultuel a \u00e9t\u00e9 mis en avant lors d\u2019une conf\u00e9rence, mercredi soir \u00e0 Lille. Organis\u00e9 par le Consulat g\u00e9n\u00e9ral du Royaume \u00e0 Lille, cet \u00e9v\u00e8nement a r\u00e9uni des personnalit\u00e9s de diff\u00e9rents horizons, origines et confessions, ainsi que des membres de la communaut\u00e9 marocaine \u00e9tablie en &hellip;\" \/>\n<meta property=\"og:url\" content=\"https:\/\/dpress.ma\/fr\/2026\/03\/12\/le-modele-marocain-en-matiere-de-tolerance-et-de-dialogue-inter-cultuel-au-centre-dune-conference-a-lille\/\" \/>\n<meta property=\"og:site_name\" content=\"Dpress.ma\/fr\" \/>\n<meta property=\"article:published_time\" content=\"2026-03-12T12:01:58+00:00\" \/>\n<meta property=\"article:modified_time\" content=\"2026-03-12T12:02:00+00:00\" \/>\n<meta property=\"og:image\" content=\"https:\/\/dpress.ma\/fr\/wp-content\/uploads\/sites\/2\/2026\/03\/59-3.jpg\" \/>\n\t<meta property=\"og:image:width\" content=\"2539\" \/>\n\t<meta property=\"og:image:height\" content=\"1594\" \/>\n\t<meta property=\"og:image:type\" content=\"image\/jpeg\" \/>\n<meta name=\"author\" content=\"Dpress.ma\" \/>\n<meta name=\"twitter:card\" content=\"summary_large_image\" \/>\n<meta name=\"twitter:label1\" content=\"\u00c9crit par\" \/>\n\t<meta name=\"twitter:data1\" content=\"Dpress.ma\" \/>\n\t<meta name=\"twitter:label2\" content=\"Dur\u00e9e de lecture estim\u00e9e\" \/>\n\t<meta name=\"twitter:data2\" content=\"4 minutes\" \/>\n<script type=\"application\/ld+json\" class=\"yoast-schema-graph\">{\"@context\":\"https:\\\/\\\/schema.org\",\"@graph\":[{\"@type\":\"Article\",\"@id\":\"https:\\\/\\\/dpress.ma\\\/fr\\\/2026\\\/03\\\/12\\\/le-modele-marocain-en-matiere-de-tolerance-et-de-dialogue-inter-cultuel-au-centre-dune-conference-a-lille\\\/#article\",\"isPartOf\":{\"@id\":\"https:\\\/\\\/dpress.ma\\\/fr\\\/2026\\\/03\\\/12\\\/le-modele-marocain-en-matiere-de-tolerance-et-de-dialogue-inter-cultuel-au-centre-dune-conference-a-lille\\\/\"},\"author\":{\"name\":\"Dpress.ma\",\"@id\":\"https:\\\/\\\/dpress.ma\\\/fr\\\/#\\\/schema\\\/person\\\/4898febf3ccd59e6578d838656a306a0\"},\"headline\":\"Le mod\u00e8le marocain en mati\u00e8re de tol\u00e9rance et de dialogue inter-cultuel au centre d\u2019une conf\u00e9rence \u00e0 Lille\",\"datePublished\":\"2026-03-12T12:01:58+00:00\",\"dateModified\":\"2026-03-12T12:02:00+00:00\",\"mainEntityOfPage\":{\"@id\":\"https:\\\/\\\/dpress.ma\\\/fr\\\/2026\\\/03\\\/12\\\/le-modele-marocain-en-matiere-de-tolerance-et-de-dialogue-inter-cultuel-au-centre-dune-conference-a-lille\\\/\"},\"wordCount\":667,\"commentCount\":0,\"image\":{\"@id\":\"https:\\\/\\\/dpress.ma\\\/fr\\\/2026\\\/03\\\/12\\\/le-modele-marocain-en-matiere-de-tolerance-et-de-dialogue-inter-cultuel-au-centre-dune-conference-a-lille\\\/#primaryimage\"},\"thumbnailUrl\":\"https:\\\/\\\/dpress.ma\\\/fr\\\/wp-content\\\/uploads\\\/sites\\\/2\\\/2026\\\/03\\\/59-3.jpg\",\"articleSection\":[\"monde\"],\"inLanguage\":\"fr-FR\",\"potentialAction\":[{\"@type\":\"CommentAction\",\"name\":\"Comment\",\"target\":[\"https:\\\/\\\/dpress.ma\\\/fr\\\/2026\\\/03\\\/12\\\/le-modele-marocain-en-matiere-de-tolerance-et-de-dialogue-inter-cultuel-au-centre-dune-conference-a-lille\\\/#respond\"]}]},{\"@type\":\"WebPage\",\"@id\":\"https:\\\/\\\/dpress.ma\\\/fr\\\/2026\\\/03\\\/12\\\/le-modele-marocain-en-matiere-de-tolerance-et-de-dialogue-inter-cultuel-au-centre-dune-conference-a-lille\\\/\",\"url\":\"https:\\\/\\\/dpress.ma\\\/fr\\\/2026\\\/03\\\/12\\\/le-modele-marocain-en-matiere-de-tolerance-et-de-dialogue-inter-cultuel-au-centre-dune-conference-a-lille\\\/\",\"name\":\"Le mod\u00e8le marocain en mati\u00e8re de tol\u00e9rance et de dialogue inter-cultuel au centre d\u2019une conf\u00e9rence \u00e0 Lille - Dpress.ma\\\/fr\",\"isPartOf\":{\"@id\":\"https:\\\/\\\/dpress.ma\\\/fr\\\/#website\"},\"primaryImageOfPage\":{\"@id\":\"https:\\\/\\\/dpress.ma\\\/fr\\\/2026\\\/03\\\/12\\\/le-modele-marocain-en-matiere-de-tolerance-et-de-dialogue-inter-cultuel-au-centre-dune-conference-a-lille\\\/#primaryimage\"},\"image\":{\"@id\":\"https:\\\/\\\/dpress.ma\\\/fr\\\/2026\\\/03\\\/12\\\/le-modele-marocain-en-matiere-de-tolerance-et-de-dialogue-inter-cultuel-au-centre-dune-conference-a-lille\\\/#primaryimage\"},\"thumbnailUrl\":\"https:\\\/\\\/dpress.ma\\\/fr\\\/wp-content\\\/uploads\\\/sites\\\/2\\\/2026\\\/03\\\/59-3.jpg\",\"datePublished\":\"2026-03-12T12:01:58+00:00\",\"dateModified\":\"2026-03-12T12:02:00+00:00\",\"author\":{\"@id\":\"https:\\\/\\\/dpress.ma\\\/fr\\\/#\\\/schema\\\/person\\\/4898febf3ccd59e6578d838656a306a0\"},\"breadcrumb\":{\"@id\":\"https:\\\/\\\/dpress.ma\\\/fr\\\/2026\\\/03\\\/12\\\/le-modele-marocain-en-matiere-de-tolerance-et-de-dialogue-inter-cultuel-au-centre-dune-conference-a-lille\\\/#breadcrumb\"},\"inLanguage\":\"fr-FR\",\"potentialAction\":[{\"@type\":\"ReadAction\",\"target\":[\"https:\\\/\\\/dpress.ma\\\/fr\\\/2026\\\/03\\\/12\\\/le-modele-marocain-en-matiere-de-tolerance-et-de-dialogue-inter-cultuel-au-centre-dune-conference-a-lille\\\/\"]}]},{\"@type\":\"ImageObject\",\"inLanguage\":\"fr-FR\",\"@id\":\"https:\\\/\\\/dpress.ma\\\/fr\\\/2026\\\/03\\\/12\\\/le-modele-marocain-en-matiere-de-tolerance-et-de-dialogue-inter-cultuel-au-centre-dune-conference-a-lille\\\/#primaryimage\",\"url\":\"https:\\\/\\\/dpress.ma\\\/fr\\\/wp-content\\\/uploads\\\/sites\\\/2\\\/2026\\\/03\\\/59-3.jpg\",\"contentUrl\":\"https:\\\/\\\/dpress.ma\\\/fr\\\/wp-content\\\/uploads\\\/sites\\\/2\\\/2026\\\/03\\\/59-3.jpg\",\"width\":2539,\"height\":1594},{\"@type\":\"BreadcrumbList\",\"@id\":\"https:\\\/\\\/dpress.ma\\\/fr\\\/2026\\\/03\\\/12\\\/le-modele-marocain-en-matiere-de-tolerance-et-de-dialogue-inter-cultuel-au-centre-dune-conference-a-lille\\\/#breadcrumb\",\"itemListElement\":[{\"@type\":\"ListItem\",\"position\":1,\"name\":\"Home\",\"item\":\"https:\\\/\\\/dpress.ma\\\/fr\\\/\"},{\"@type\":\"ListItem\",\"position\":2,\"name\":\"Le mod\u00e8le marocain en mati\u00e8re de tol\u00e9rance et de dialogue inter-cultuel au centre d\u2019une conf\u00e9rence \u00e0 Lille\"}]},{\"@type\":\"WebSite\",\"@id\":\"https:\\\/\\\/dpress.ma\\\/fr\\\/#website\",\"url\":\"https:\\\/\\\/dpress.ma\\\/fr\\\/\",\"name\":\"Dpress.ma\\\/fr\",\"description\":\"\",\"potentialAction\":[{\"@type\":\"SearchAction\",\"target\":{\"@type\":\"EntryPoint\",\"urlTemplate\":\"https:\\\/\\\/dpress.ma\\\/fr\\\/?s={search_term_string}\"},\"query-input\":{\"@type\":\"PropertyValueSpecification\",\"valueRequired\":true,\"valueName\":\"search_term_string\"}}],\"inLanguage\":\"fr-FR\"},{\"@type\":\"Person\",\"@id\":\"https:\\\/\\\/dpress.ma\\\/fr\\\/#\\\/schema\\\/person\\\/4898febf3ccd59e6578d838656a306a0\",\"name\":\"Dpress.ma\",\"image\":{\"@type\":\"ImageObject\",\"inLanguage\":\"fr-FR\",\"@id\":\"https:\\\/\\\/secure.gravatar.com\\\/avatar\\\/72ecc30e9db047a2e0e7176561eb9d564ed77c8108376495b19bd8336405198a?s=96&d=mm&r=g\",\"url\":\"https:\\\/\\\/secure.gravatar.com\\\/avatar\\\/72ecc30e9db047a2e0e7176561eb9d564ed77c8108376495b19bd8336405198a?s=96&d=mm&r=g\",\"contentUrl\":\"https:\\\/\\\/secure.gravatar.com\\\/avatar\\\/72ecc30e9db047a2e0e7176561eb9d564ed77c8108376495b19bd8336405198a?s=96&d=mm&r=g\",\"caption\":\"Dpress.ma\"},\"sameAs\":[\"https:\\\/\\\/www.dpress.ma\"],\"url\":\"https:\\\/\\\/dpress.ma\\\/fr\\\/author\\\/dpress-ma\\\/\"}]}<\/script>\n<!-- \/ Yoast SEO plugin. -->","yoast_head_json":{"title":"Le mod\u00e8le marocain en mati\u00e8re de tol\u00e9rance et de dialogue inter-cultuel au centre d\u2019une conf\u00e9rence \u00e0 Lille - Dpress.ma\/fr","robots":{"index":"index","follow":"follow","max-snippet":"max-snippet:-1","max-image-preview":"max-image-preview:large","max-video-preview":"max-video-preview:-1"},"canonical":"https:\/\/dpress.ma\/fr\/2026\/03\/12\/le-modele-marocain-en-matiere-de-tolerance-et-de-dialogue-inter-cultuel-au-centre-dune-conference-a-lille\/","og_locale":"fr_FR","og_type":"article","og_title":"Le mod\u00e8le marocain en mati\u00e8re de tol\u00e9rance et de dialogue inter-cultuel au centre d\u2019une conf\u00e9rence \u00e0 Lille - Dpress.ma\/fr","og_description":"Dpress &nbsp;Le mod\u00e8le marocain singulier en termes de tol\u00e9rance&nbsp;et de dialogue inter-cultuel a \u00e9t\u00e9 mis en avant lors d\u2019une conf\u00e9rence, mercredi soir \u00e0 Lille. Organis\u00e9 par le Consulat g\u00e9n\u00e9ral du Royaume \u00e0 Lille, cet \u00e9v\u00e8nement a r\u00e9uni des personnalit\u00e9s de diff\u00e9rents horizons, origines et confessions, ainsi que des membres de la communaut\u00e9 marocaine \u00e9tablie en &hellip;","og_url":"https:\/\/dpress.ma\/fr\/2026\/03\/12\/le-modele-marocain-en-matiere-de-tolerance-et-de-dialogue-inter-cultuel-au-centre-dune-conference-a-lille\/","og_site_name":"Dpress.ma\/fr","article_published_time":"2026-03-12T12:01:58+00:00","article_modified_time":"2026-03-12T12:02:00+00:00","og_image":[{"width":2539,"height":1594,"url":"https:\/\/dpress.ma\/fr\/wp-content\/uploads\/sites\/2\/2026\/03\/59-3.jpg","type":"image\/jpeg"}],"author":"Dpress.ma","twitter_card":"summary_large_image","twitter_misc":{"\u00c9crit par":"Dpress.ma","Dur\u00e9e de lecture estim\u00e9e":"4 minutes"},"schema":{"@context":"https:\/\/schema.org","@graph":[{"@type":"Article","@id":"https:\/\/dpress.ma\/fr\/2026\/03\/12\/le-modele-marocain-en-matiere-de-tolerance-et-de-dialogue-inter-cultuel-au-centre-dune-conference-a-lille\/#article","isPartOf":{"@id":"https:\/\/dpress.ma\/fr\/2026\/03\/12\/le-modele-marocain-en-matiere-de-tolerance-et-de-dialogue-inter-cultuel-au-centre-dune-conference-a-lille\/"},"author":{"name":"Dpress.ma","@id":"https:\/\/dpress.ma\/fr\/#\/schema\/person\/4898febf3ccd59e6578d838656a306a0"},"headline":"Le mod\u00e8le marocain en mati\u00e8re de tol\u00e9rance et de dialogue inter-cultuel au centre d\u2019une conf\u00e9rence \u00e0 Lille","datePublished":"2026-03-12T12:01:58+00:00","dateModified":"2026-03-12T12:02:00+00:00","mainEntityOfPage":{"@id":"https:\/\/dpress.ma\/fr\/2026\/03\/12\/le-modele-marocain-en-matiere-de-tolerance-et-de-dialogue-inter-cultuel-au-centre-dune-conference-a-lille\/"},"wordCount":667,"commentCount":0,"image":{"@id":"https:\/\/dpress.ma\/fr\/2026\/03\/12\/le-modele-marocain-en-matiere-de-tolerance-et-de-dialogue-inter-cultuel-au-centre-dune-conference-a-lille\/#primaryimage"},"thumbnailUrl":"https:\/\/dpress.ma\/fr\/wp-content\/uploads\/sites\/2\/2026\/03\/59-3.jpg","articleSection":["monde"],"inLanguage":"fr-FR","potentialAction":[{"@type":"CommentAction","name":"Comment","target":["https:\/\/dpress.ma\/fr\/2026\/03\/12\/le-modele-marocain-en-matiere-de-tolerance-et-de-dialogue-inter-cultuel-au-centre-dune-conference-a-lille\/#respond"]}]},{"@type":"WebPage","@id":"https:\/\/dpress.ma\/fr\/2026\/03\/12\/le-modele-marocain-en-matiere-de-tolerance-et-de-dialogue-inter-cultuel-au-centre-dune-conference-a-lille\/","url":"https:\/\/dpress.ma\/fr\/2026\/03\/12\/le-modele-marocain-en-matiere-de-tolerance-et-de-dialogue-inter-cultuel-au-centre-dune-conference-a-lille\/","name":"Le mod\u00e8le marocain en mati\u00e8re de tol\u00e9rance et de dialogue inter-cultuel au centre d\u2019une conf\u00e9rence \u00e0 Lille - Dpress.ma\/fr","isPartOf":{"@id":"https:\/\/dpress.ma\/fr\/#website"},"primaryImageOfPage":{"@id":"https:\/\/dpress.ma\/fr\/2026\/03\/12\/le-modele-marocain-en-matiere-de-tolerance-et-de-dialogue-inter-cultuel-au-centre-dune-conference-a-lille\/#primaryimage"},"image":{"@id":"https:\/\/dpress.ma\/fr\/2026\/03\/12\/le-modele-marocain-en-matiere-de-tolerance-et-de-dialogue-inter-cultuel-au-centre-dune-conference-a-lille\/#primaryimage"},"thumbnailUrl":"https:\/\/dpress.ma\/fr\/wp-content\/uploads\/sites\/2\/2026\/03\/59-3.jpg","datePublished":"2026-03-12T12:01:58+00:00","dateModified":"2026-03-12T12:02:00+00:00","author":{"@id":"https:\/\/dpress.ma\/fr\/#\/schema\/person\/4898febf3ccd59e6578d838656a306a0"},"breadcrumb":{"@id":"https:\/\/dpress.ma\/fr\/2026\/03\/12\/le-modele-marocain-en-matiere-de-tolerance-et-de-dialogue-inter-cultuel-au-centre-dune-conference-a-lille\/#breadcrumb"},"inLanguage":"fr-FR","potentialAction":[{"@type":"ReadAction","target":["https:\/\/dpress.ma\/fr\/2026\/03\/12\/le-modele-marocain-en-matiere-de-tolerance-et-de-dialogue-inter-cultuel-au-centre-dune-conference-a-lille\/"]}]},{"@type":"ImageObject","inLanguage":"fr-FR","@id":"https:\/\/dpress.ma\/fr\/2026\/03\/12\/le-modele-marocain-en-matiere-de-tolerance-et-de-dialogue-inter-cultuel-au-centre-dune-conference-a-lille\/#primaryimage","url":"https:\/\/dpress.ma\/fr\/wp-content\/uploads\/sites\/2\/2026\/03\/59-3.jpg","contentUrl":"https:\/\/dpress.ma\/fr\/wp-content\/uploads\/sites\/2\/2026\/03\/59-3.jpg","width":2539,"height":1594},{"@type":"BreadcrumbList","@id":"https:\/\/dpress.ma\/fr\/2026\/03\/12\/le-modele-marocain-en-matiere-de-tolerance-et-de-dialogue-inter-cultuel-au-centre-dune-conference-a-lille\/#breadcrumb","itemListElement":[{"@type":"ListItem","position":1,"name":"Home","item":"https:\/\/dpress.ma\/fr\/"},{"@type":"ListItem","position":2,"name":"Le mod\u00e8le marocain en mati\u00e8re de tol\u00e9rance et de dialogue inter-cultuel au centre d\u2019une conf\u00e9rence \u00e0 Lille"}]},{"@type":"WebSite","@id":"https:\/\/dpress.ma\/fr\/#website","url":"https:\/\/dpress.ma\/fr\/","name":"Dpress.ma\/fr","description":"","potentialAction":[{"@type":"SearchAction","target":{"@type":"EntryPoint","urlTemplate":"https:\/\/dpress.ma\/fr\/?s={search_term_string}"},"query-input":{"@type":"PropertyValueSpecification","valueRequired":true,"valueName":"search_term_string"}}],"inLanguage":"fr-FR"},{"@type":"Person","@id":"https:\/\/dpress.ma\/fr\/#\/schema\/person\/4898febf3ccd59e6578d838656a306a0","name":"Dpress.ma","image":{"@type":"ImageObject","inLanguage":"fr-FR","@id":"https:\/\/secure.gravatar.com\/avatar\/72ecc30e9db047a2e0e7176561eb9d564ed77c8108376495b19bd8336405198a?s=96&d=mm&r=g","url":"https:\/\/secure.gravatar.com\/avatar\/72ecc30e9db047a2e0e7176561eb9d564ed77c8108376495b19bd8336405198a?s=96&d=mm&r=g","contentUrl":"https:\/\/secure.gravatar.com\/avatar\/72ecc30e9db047a2e0e7176561eb9d564ed77c8108376495b19bd8336405198a?s=96&d=mm&r=g","caption":"Dpress.ma"},"sameAs":["https:\/\/www.dpress.ma"],"url":"https:\/\/dpress.ma\/fr\/author\/dpress-ma\/"}]}},"amp_enabled":true,"_links":{"self":[{"href":"https:\/\/dpress.ma\/fr\/wp-json\/wp\/v2\/posts\/25922","targetHints":{"allow":["GET"]}}],"collection":[{"href":"https:\/\/dpress.ma\/fr\/wp-json\/wp\/v2\/posts"}],"about":[{"href":"https:\/\/dpress.ma\/fr\/wp-json\/wp\/v2\/types\/post"}],"author":[{"embeddable":true,"href":"https:\/\/dpress.ma\/fr\/wp-json\/wp\/v2\/users\/2"}],"replies":[{"embeddable":true,"href":"https:\/\/dpress.ma\/fr\/wp-json\/wp\/v2\/comments?post=25922"}],"version-history":[{"count":1,"href":"https:\/\/dpress.ma\/fr\/wp-json\/wp\/v2\/posts\/25922\/revisions"}],"predecessor-version":[{"id":25924,"href":"https:\/\/dpress.ma\/fr\/wp-json\/wp\/v2\/posts\/25922\/revisions\/25924"}],"wp:featuredmedia":[{"embeddable":true,"href":"https:\/\/dpress.ma\/fr\/wp-json\/wp\/v2\/media\/25923"}],"wp:attachment":[{"href":"https:\/\/dpress.ma\/fr\/wp-json\/wp\/v2\/media?parent=25922"}],"wp:term":[{"taxonomy":"category","embeddable":true,"href":"https:\/\/dpress.ma\/fr\/wp-json\/wp\/v2\/categories?post=25922"},{"taxonomy":"post_tag","embeddable":true,"href":"https:\/\/dpress.ma\/fr\/wp-json\/wp\/v2\/tags?post=25922"}],"curies":[{"name":"wp","href":"https:\/\/api.w.org\/{rel}","templated":true}]}}