{"id":25856,"date":"2026-03-12T10:30:52","date_gmt":"2026-03-12T10:30:52","guid":{"rendered":"https:\/\/dpress.ma\/fr\/?p=25856"},"modified":"2026-03-12T10:30:54","modified_gmt":"2026-03-12T10:30:54","slug":"m-talbi-el-alami-recu-par-le-nouveau-president-chilien","status":"publish","type":"post","link":"https:\/\/dpress.ma\/fr\/2026\/03\/12\/m-talbi-el-alami-recu-par-le-nouveau-president-chilien\/","title":{"rendered":"M. Talbi El Alami re\u00e7u par le nouveau pr\u00e9sident chilien"},"content":{"rendered":"\n<p>Dpress<\/p>\n\n\n\n<p>&nbsp; M. Talbi El Alami, repr\u00e9sentant Sa Majest\u00e9 le Roi Mohammed VI, a \u00e9t\u00e9 re\u00e7u en audience \u00e0 Santiago, par le nouveau pr\u00e9sident de la r\u00e9publique du Chili, M. Jos\u00e9 Antonio Kast.<\/p>\n\n\n\n<p>Cette audience s\u2019est d\u00e9roul\u00e9e en marge de la c\u00e9r\u00e9monie d\u2019investiture officielle du nouveau pr\u00e9sident Chilien.<\/p>\n\n\n\n<p>Dans une d\u00e9claration \u00e0 la MAP, M. Talbi El Alami a indiqu\u00e9 que cette audience, \u00e0 laquelle assistaient \u00e9galement, c\u00f4t\u00e9 chilien, le ministre des Affaires \u00e9trang\u00e8res, M. Francisco P\u00e9rez Mackenna, et c\u00f4t\u00e9 marocain, l\u2019ambassadrice de Sa Majest\u00e9 \u00e0 Santiago, Mme Kenza El Ghali, a \u00e9t\u00e9 l\u2019occasion de transmettre au pr\u00e9sident Jos\u00e9 Antonio Kast les salutations et les f\u00e9licitations de Sa Majest\u00e9 le Roi \u00e0 l\u2019occasion de son investiture \u00e0 la t\u00eate de la R\u00e9publique du Chili.<\/p>\n\n\n\n<p>Il a \u00e9galement soulign\u00e9 la volont\u00e9 du Royaume du Maroc, sous la conduite eclair\u00e9e de Sa Majest\u00e9, d\u2019oeuvrer de concert avec le Chili pour promouvoir et raffermir les excellentes relations d\u2019amiti\u00e9 unissant les deux pays et de d\u00e9velopper la coop\u00e9ration bilat\u00e9rale dans les diff\u00e9rents domaines, au service des l\u2019int\u00e9r\u00eats des deux peuples amis.<\/p>\n\n\n\n<p>Sa Majest\u00e9 le Roi Mohammed VI avait adress\u00e9 un message de f\u00e9licitations \u00e0 M. Kast dans lequel le Souverain exprimait Ses chaleureuses f\u00e9licitations au nouveau pr\u00e9sident, lui souhaitant plein succ\u00e8s dans sa noble mission afin de conduire le peuple chilien ami pour la r\u00e9alisation de ses aspirations \u00e0 davantage de progr\u00e8s et prosp\u00e9rit\u00e9.<\/p>\n","protected":false},"excerpt":{"rendered":"<p>Dpress &nbsp; M. Talbi El Alami, repr\u00e9sentant Sa Majest\u00e9 le Roi Mohammed VI, a \u00e9t\u00e9 re\u00e7u en audience \u00e0 Santiago, par le nouveau pr\u00e9sident de la r\u00e9publique du Chili, M. Jos\u00e9 Antonio Kast. Cette audience s\u2019est d\u00e9roul\u00e9e en marge de la c\u00e9r\u00e9monie d\u2019investiture officielle du nouveau pr\u00e9sident Chilien. Dans une d\u00e9claration \u00e0 la MAP, M. &hellip;<\/p>\n","protected":false},"author":2,"featured_media":25857,"comment_status":"open","ping_status":"open","sticky":false,"template":"","format":"standard","meta":{"footnotes":""},"categories":[34],"tags":[],"class_list":["post-25856","post","type-post","status-publish","format-standard","has-post-thumbnail","hentry","category-diplomatie-parlementaire"],"yoast_head":"<!-- This site is optimized with the Yoast SEO plugin v27.5 - https:\/\/yoast.com\/product\/yoast-seo-wordpress\/ -->\n<title>M. Talbi El Alami re\u00e7u par le nouveau pr\u00e9sident chilien - Dpress.ma\/fr<\/title>\n<meta name=\"robots\" content=\"index, follow, max-snippet:-1, max-image-preview:large, max-video-preview:-1\" \/>\n<link rel=\"canonical\" href=\"https:\/\/dpress.ma\/fr\/2026\/03\/12\/m-talbi-el-alami-recu-par-le-nouveau-president-chilien\/\" \/>\n<meta property=\"og:locale\" content=\"fr_FR\" \/>\n<meta property=\"og:type\" content=\"article\" \/>\n<meta property=\"og:title\" content=\"M. Talbi El Alami re\u00e7u par le nouveau pr\u00e9sident chilien - Dpress.ma\/fr\" \/>\n<meta property=\"og:description\" content=\"Dpress &nbsp; M. Talbi El Alami, repr\u00e9sentant Sa Majest\u00e9 le Roi Mohammed VI, a \u00e9t\u00e9 re\u00e7u en audience \u00e0 Santiago, par le nouveau pr\u00e9sident de la r\u00e9publique du Chili, M. Jos\u00e9 Antonio Kast. Cette audience s\u2019est d\u00e9roul\u00e9e en marge de la c\u00e9r\u00e9monie d\u2019investiture officielle du nouveau pr\u00e9sident Chilien. Dans une d\u00e9claration \u00e0 la MAP, M. &hellip;\" \/>\n<meta property=\"og:url\" content=\"https:\/\/dpress.ma\/fr\/2026\/03\/12\/m-talbi-el-alami-recu-par-le-nouveau-president-chilien\/\" \/>\n<meta property=\"og:site_name\" content=\"Dpress.ma\/fr\" \/>\n<meta property=\"article:published_time\" content=\"2026-03-12T10:30:52+00:00\" \/>\n<meta property=\"article:modified_time\" content=\"2026-03-12T10:30:54+00:00\" \/>\n<meta property=\"og:image\" content=\"https:\/\/dpress.ma\/fr\/wp-content\/uploads\/sites\/2\/2026\/03\/35-5.jpg\" \/>\n\t<meta property=\"og:image:width\" content=\"2539\" \/>\n\t<meta property=\"og:image:height\" content=\"1594\" \/>\n\t<meta property=\"og:image:type\" content=\"image\/jpeg\" \/>\n<meta name=\"author\" content=\"Dpress.ma\" \/>\n<meta name=\"twitter:card\" content=\"summary_large_image\" \/>\n<meta name=\"twitter:label1\" content=\"\u00c9crit par\" \/>\n\t<meta name=\"twitter:data1\" content=\"Dpress.ma\" \/>\n\t<meta name=\"twitter:label2\" content=\"Dur\u00e9e de lecture estim\u00e9e\" \/>\n\t<meta name=\"twitter:data2\" content=\"2 minutes\" \/>\n<script type=\"application\/ld+json\" class=\"yoast-schema-graph\">{\"@context\":\"https:\\\/\\\/schema.org\",\"@graph\":[{\"@type\":\"Article\",\"@id\":\"https:\\\/\\\/dpress.ma\\\/fr\\\/2026\\\/03\\\/12\\\/m-talbi-el-alami-recu-par-le-nouveau-president-chilien\\\/#article\",\"isPartOf\":{\"@id\":\"https:\\\/\\\/dpress.ma\\\/fr\\\/2026\\\/03\\\/12\\\/m-talbi-el-alami-recu-par-le-nouveau-president-chilien\\\/\"},\"author\":{\"name\":\"Dpress.ma\",\"@id\":\"https:\\\/\\\/dpress.ma\\\/fr\\\/#\\\/schema\\\/person\\\/4898febf3ccd59e6578d838656a306a0\"},\"headline\":\"M. Talbi El Alami re\u00e7u par le nouveau pr\u00e9sident chilien\",\"datePublished\":\"2026-03-12T10:30:52+00:00\",\"dateModified\":\"2026-03-12T10:30:54+00:00\",\"mainEntityOfPage\":{\"@id\":\"https:\\\/\\\/dpress.ma\\\/fr\\\/2026\\\/03\\\/12\\\/m-talbi-el-alami-recu-par-le-nouveau-president-chilien\\\/\"},\"wordCount\":274,\"commentCount\":0,\"image\":{\"@id\":\"https:\\\/\\\/dpress.ma\\\/fr\\\/2026\\\/03\\\/12\\\/m-talbi-el-alami-recu-par-le-nouveau-president-chilien\\\/#primaryimage\"},\"thumbnailUrl\":\"https:\\\/\\\/dpress.ma\\\/fr\\\/wp-content\\\/uploads\\\/sites\\\/2\\\/2026\\\/03\\\/35-5.jpg\",\"articleSection\":[\"Diplomatie Parlementaire\"],\"inLanguage\":\"fr-FR\",\"potentialAction\":[{\"@type\":\"CommentAction\",\"name\":\"Comment\",\"target\":[\"https:\\\/\\\/dpress.ma\\\/fr\\\/2026\\\/03\\\/12\\\/m-talbi-el-alami-recu-par-le-nouveau-president-chilien\\\/#respond\"]}]},{\"@type\":\"WebPage\",\"@id\":\"https:\\\/\\\/dpress.ma\\\/fr\\\/2026\\\/03\\\/12\\\/m-talbi-el-alami-recu-par-le-nouveau-president-chilien\\\/\",\"url\":\"https:\\\/\\\/dpress.ma\\\/fr\\\/2026\\\/03\\\/12\\\/m-talbi-el-alami-recu-par-le-nouveau-president-chilien\\\/\",\"name\":\"M. Talbi El Alami re\u00e7u par le nouveau pr\u00e9sident chilien - Dpress.ma\\\/fr\",\"isPartOf\":{\"@id\":\"https:\\\/\\\/dpress.ma\\\/fr\\\/#website\"},\"primaryImageOfPage\":{\"@id\":\"https:\\\/\\\/dpress.ma\\\/fr\\\/2026\\\/03\\\/12\\\/m-talbi-el-alami-recu-par-le-nouveau-president-chilien\\\/#primaryimage\"},\"image\":{\"@id\":\"https:\\\/\\\/dpress.ma\\\/fr\\\/2026\\\/03\\\/12\\\/m-talbi-el-alami-recu-par-le-nouveau-president-chilien\\\/#primaryimage\"},\"thumbnailUrl\":\"https:\\\/\\\/dpress.ma\\\/fr\\\/wp-content\\\/uploads\\\/sites\\\/2\\\/2026\\\/03\\\/35-5.jpg\",\"datePublished\":\"2026-03-12T10:30:52+00:00\",\"dateModified\":\"2026-03-12T10:30:54+00:00\",\"author\":{\"@id\":\"https:\\\/\\\/dpress.ma\\\/fr\\\/#\\\/schema\\\/person\\\/4898febf3ccd59e6578d838656a306a0\"},\"breadcrumb\":{\"@id\":\"https:\\\/\\\/dpress.ma\\\/fr\\\/2026\\\/03\\\/12\\\/m-talbi-el-alami-recu-par-le-nouveau-president-chilien\\\/#breadcrumb\"},\"inLanguage\":\"fr-FR\",\"potentialAction\":[{\"@type\":\"ReadAction\",\"target\":[\"https:\\\/\\\/dpress.ma\\\/fr\\\/2026\\\/03\\\/12\\\/m-talbi-el-alami-recu-par-le-nouveau-president-chilien\\\/\"]}]},{\"@type\":\"ImageObject\",\"inLanguage\":\"fr-FR\",\"@id\":\"https:\\\/\\\/dpress.ma\\\/fr\\\/2026\\\/03\\\/12\\\/m-talbi-el-alami-recu-par-le-nouveau-president-chilien\\\/#primaryimage\",\"url\":\"https:\\\/\\\/dpress.ma\\\/fr\\\/wp-content\\\/uploads\\\/sites\\\/2\\\/2026\\\/03\\\/35-5.jpg\",\"contentUrl\":\"https:\\\/\\\/dpress.ma\\\/fr\\\/wp-content\\\/uploads\\\/sites\\\/2\\\/2026\\\/03\\\/35-5.jpg\",\"width\":2539,\"height\":1594},{\"@type\":\"BreadcrumbList\",\"@id\":\"https:\\\/\\\/dpress.ma\\\/fr\\\/2026\\\/03\\\/12\\\/m-talbi-el-alami-recu-par-le-nouveau-president-chilien\\\/#breadcrumb\",\"itemListElement\":[{\"@type\":\"ListItem\",\"position\":1,\"name\":\"Home\",\"item\":\"https:\\\/\\\/dpress.ma\\\/fr\\\/\"},{\"@type\":\"ListItem\",\"position\":2,\"name\":\"M. Talbi El Alami re\u00e7u par le nouveau pr\u00e9sident chilien\"}]},{\"@type\":\"WebSite\",\"@id\":\"https:\\\/\\\/dpress.ma\\\/fr\\\/#website\",\"url\":\"https:\\\/\\\/dpress.ma\\\/fr\\\/\",\"name\":\"Dpress.ma\\\/fr\",\"description\":\"\",\"potentialAction\":[{\"@type\":\"SearchAction\",\"target\":{\"@type\":\"EntryPoint\",\"urlTemplate\":\"https:\\\/\\\/dpress.ma\\\/fr\\\/?s={search_term_string}\"},\"query-input\":{\"@type\":\"PropertyValueSpecification\",\"valueRequired\":true,\"valueName\":\"search_term_string\"}}],\"inLanguage\":\"fr-FR\"},{\"@type\":\"Person\",\"@id\":\"https:\\\/\\\/dpress.ma\\\/fr\\\/#\\\/schema\\\/person\\\/4898febf3ccd59e6578d838656a306a0\",\"name\":\"Dpress.ma\",\"image\":{\"@type\":\"ImageObject\",\"inLanguage\":\"fr-FR\",\"@id\":\"https:\\\/\\\/secure.gravatar.com\\\/avatar\\\/72ecc30e9db047a2e0e7176561eb9d564ed77c8108376495b19bd8336405198a?s=96&d=mm&r=g\",\"url\":\"https:\\\/\\\/secure.gravatar.com\\\/avatar\\\/72ecc30e9db047a2e0e7176561eb9d564ed77c8108376495b19bd8336405198a?s=96&d=mm&r=g\",\"contentUrl\":\"https:\\\/\\\/secure.gravatar.com\\\/avatar\\\/72ecc30e9db047a2e0e7176561eb9d564ed77c8108376495b19bd8336405198a?s=96&d=mm&r=g\",\"caption\":\"Dpress.ma\"},\"sameAs\":[\"https:\\\/\\\/www.dpress.ma\"],\"url\":\"https:\\\/\\\/dpress.ma\\\/fr\\\/author\\\/dpress-ma\\\/\"}]}<\/script>\n<!-- \/ Yoast SEO plugin. -->","yoast_head_json":{"title":"M. Talbi El Alami re\u00e7u par le nouveau pr\u00e9sident chilien - Dpress.ma\/fr","robots":{"index":"index","follow":"follow","max-snippet":"max-snippet:-1","max-image-preview":"max-image-preview:large","max-video-preview":"max-video-preview:-1"},"canonical":"https:\/\/dpress.ma\/fr\/2026\/03\/12\/m-talbi-el-alami-recu-par-le-nouveau-president-chilien\/","og_locale":"fr_FR","og_type":"article","og_title":"M. Talbi El Alami re\u00e7u par le nouveau pr\u00e9sident chilien - Dpress.ma\/fr","og_description":"Dpress &nbsp; M. Talbi El Alami, repr\u00e9sentant Sa Majest\u00e9 le Roi Mohammed VI, a \u00e9t\u00e9 re\u00e7u en audience \u00e0 Santiago, par le nouveau pr\u00e9sident de la r\u00e9publique du Chili, M. Jos\u00e9 Antonio Kast. Cette audience s\u2019est d\u00e9roul\u00e9e en marge de la c\u00e9r\u00e9monie d\u2019investiture officielle du nouveau pr\u00e9sident Chilien. Dans une d\u00e9claration \u00e0 la MAP, M. &hellip;","og_url":"https:\/\/dpress.ma\/fr\/2026\/03\/12\/m-talbi-el-alami-recu-par-le-nouveau-president-chilien\/","og_site_name":"Dpress.ma\/fr","article_published_time":"2026-03-12T10:30:52+00:00","article_modified_time":"2026-03-12T10:30:54+00:00","og_image":[{"width":2539,"height":1594,"url":"https:\/\/dpress.ma\/fr\/wp-content\/uploads\/sites\/2\/2026\/03\/35-5.jpg","type":"image\/jpeg"}],"author":"Dpress.ma","twitter_card":"summary_large_image","twitter_misc":{"\u00c9crit par":"Dpress.ma","Dur\u00e9e de lecture estim\u00e9e":"2 minutes"},"schema":{"@context":"https:\/\/schema.org","@graph":[{"@type":"Article","@id":"https:\/\/dpress.ma\/fr\/2026\/03\/12\/m-talbi-el-alami-recu-par-le-nouveau-president-chilien\/#article","isPartOf":{"@id":"https:\/\/dpress.ma\/fr\/2026\/03\/12\/m-talbi-el-alami-recu-par-le-nouveau-president-chilien\/"},"author":{"name":"Dpress.ma","@id":"https:\/\/dpress.ma\/fr\/#\/schema\/person\/4898febf3ccd59e6578d838656a306a0"},"headline":"M. Talbi El Alami re\u00e7u par le nouveau pr\u00e9sident chilien","datePublished":"2026-03-12T10:30:52+00:00","dateModified":"2026-03-12T10:30:54+00:00","mainEntityOfPage":{"@id":"https:\/\/dpress.ma\/fr\/2026\/03\/12\/m-talbi-el-alami-recu-par-le-nouveau-president-chilien\/"},"wordCount":274,"commentCount":0,"image":{"@id":"https:\/\/dpress.ma\/fr\/2026\/03\/12\/m-talbi-el-alami-recu-par-le-nouveau-president-chilien\/#primaryimage"},"thumbnailUrl":"https:\/\/dpress.ma\/fr\/wp-content\/uploads\/sites\/2\/2026\/03\/35-5.jpg","articleSection":["Diplomatie Parlementaire"],"inLanguage":"fr-FR","potentialAction":[{"@type":"CommentAction","name":"Comment","target":["https:\/\/dpress.ma\/fr\/2026\/03\/12\/m-talbi-el-alami-recu-par-le-nouveau-president-chilien\/#respond"]}]},{"@type":"WebPage","@id":"https:\/\/dpress.ma\/fr\/2026\/03\/12\/m-talbi-el-alami-recu-par-le-nouveau-president-chilien\/","url":"https:\/\/dpress.ma\/fr\/2026\/03\/12\/m-talbi-el-alami-recu-par-le-nouveau-president-chilien\/","name":"M. Talbi El Alami re\u00e7u par le nouveau pr\u00e9sident chilien - Dpress.ma\/fr","isPartOf":{"@id":"https:\/\/dpress.ma\/fr\/#website"},"primaryImageOfPage":{"@id":"https:\/\/dpress.ma\/fr\/2026\/03\/12\/m-talbi-el-alami-recu-par-le-nouveau-president-chilien\/#primaryimage"},"image":{"@id":"https:\/\/dpress.ma\/fr\/2026\/03\/12\/m-talbi-el-alami-recu-par-le-nouveau-president-chilien\/#primaryimage"},"thumbnailUrl":"https:\/\/dpress.ma\/fr\/wp-content\/uploads\/sites\/2\/2026\/03\/35-5.jpg","datePublished":"2026-03-12T10:30:52+00:00","dateModified":"2026-03-12T10:30:54+00:00","author":{"@id":"https:\/\/dpress.ma\/fr\/#\/schema\/person\/4898febf3ccd59e6578d838656a306a0"},"breadcrumb":{"@id":"https:\/\/dpress.ma\/fr\/2026\/03\/12\/m-talbi-el-alami-recu-par-le-nouveau-president-chilien\/#breadcrumb"},"inLanguage":"fr-FR","potentialAction":[{"@type":"ReadAction","target":["https:\/\/dpress.ma\/fr\/2026\/03\/12\/m-talbi-el-alami-recu-par-le-nouveau-president-chilien\/"]}]},{"@type":"ImageObject","inLanguage":"fr-FR","@id":"https:\/\/dpress.ma\/fr\/2026\/03\/12\/m-talbi-el-alami-recu-par-le-nouveau-president-chilien\/#primaryimage","url":"https:\/\/dpress.ma\/fr\/wp-content\/uploads\/sites\/2\/2026\/03\/35-5.jpg","contentUrl":"https:\/\/dpress.ma\/fr\/wp-content\/uploads\/sites\/2\/2026\/03\/35-5.jpg","width":2539,"height":1594},{"@type":"BreadcrumbList","@id":"https:\/\/dpress.ma\/fr\/2026\/03\/12\/m-talbi-el-alami-recu-par-le-nouveau-president-chilien\/#breadcrumb","itemListElement":[{"@type":"ListItem","position":1,"name":"Home","item":"https:\/\/dpress.ma\/fr\/"},{"@type":"ListItem","position":2,"name":"M. Talbi El Alami re\u00e7u par le nouveau pr\u00e9sident chilien"}]},{"@type":"WebSite","@id":"https:\/\/dpress.ma\/fr\/#website","url":"https:\/\/dpress.ma\/fr\/","name":"Dpress.ma\/fr","description":"","potentialAction":[{"@type":"SearchAction","target":{"@type":"EntryPoint","urlTemplate":"https:\/\/dpress.ma\/fr\/?s={search_term_string}"},"query-input":{"@type":"PropertyValueSpecification","valueRequired":true,"valueName":"search_term_string"}}],"inLanguage":"fr-FR"},{"@type":"Person","@id":"https:\/\/dpress.ma\/fr\/#\/schema\/person\/4898febf3ccd59e6578d838656a306a0","name":"Dpress.ma","image":{"@type":"ImageObject","inLanguage":"fr-FR","@id":"https:\/\/secure.gravatar.com\/avatar\/72ecc30e9db047a2e0e7176561eb9d564ed77c8108376495b19bd8336405198a?s=96&d=mm&r=g","url":"https:\/\/secure.gravatar.com\/avatar\/72ecc30e9db047a2e0e7176561eb9d564ed77c8108376495b19bd8336405198a?s=96&d=mm&r=g","contentUrl":"https:\/\/secure.gravatar.com\/avatar\/72ecc30e9db047a2e0e7176561eb9d564ed77c8108376495b19bd8336405198a?s=96&d=mm&r=g","caption":"Dpress.ma"},"sameAs":["https:\/\/www.dpress.ma"],"url":"https:\/\/dpress.ma\/fr\/author\/dpress-ma\/"}]}},"amp_enabled":true,"_links":{"self":[{"href":"https:\/\/dpress.ma\/fr\/wp-json\/wp\/v2\/posts\/25856","targetHints":{"allow":["GET"]}}],"collection":[{"href":"https:\/\/dpress.ma\/fr\/wp-json\/wp\/v2\/posts"}],"about":[{"href":"https:\/\/dpress.ma\/fr\/wp-json\/wp\/v2\/types\/post"}],"author":[{"embeddable":true,"href":"https:\/\/dpress.ma\/fr\/wp-json\/wp\/v2\/users\/2"}],"replies":[{"embeddable":true,"href":"https:\/\/dpress.ma\/fr\/wp-json\/wp\/v2\/comments?post=25856"}],"version-history":[{"count":1,"href":"https:\/\/dpress.ma\/fr\/wp-json\/wp\/v2\/posts\/25856\/revisions"}],"predecessor-version":[{"id":25858,"href":"https:\/\/dpress.ma\/fr\/wp-json\/wp\/v2\/posts\/25856\/revisions\/25858"}],"wp:featuredmedia":[{"embeddable":true,"href":"https:\/\/dpress.ma\/fr\/wp-json\/wp\/v2\/media\/25857"}],"wp:attachment":[{"href":"https:\/\/dpress.ma\/fr\/wp-json\/wp\/v2\/media?parent=25856"}],"wp:term":[{"taxonomy":"category","embeddable":true,"href":"https:\/\/dpress.ma\/fr\/wp-json\/wp\/v2\/categories?post=25856"},{"taxonomy":"post_tag","embeddable":true,"href":"https:\/\/dpress.ma\/fr\/wp-json\/wp\/v2\/tags?post=25856"}],"curies":[{"name":"wp","href":"https:\/\/api.w.org\/{rel}","templated":true}]}}