{"id":25853,"date":"2026-03-12T10:29:30","date_gmt":"2026-03-12T10:29:30","guid":{"rendered":"https:\/\/dpress.ma\/fr\/?p=25853"},"modified":"2026-03-12T10:29:32","modified_gmt":"2026-03-12T10:29:32","slug":"rachid-talbi-el-alami-represente-sm-le-roi-a-la-ceremonie-dinvestiture-du-nouveau-president-chilien","status":"publish","type":"post","link":"https:\/\/dpress.ma\/fr\/2026\/03\/12\/rachid-talbi-el-alami-represente-sm-le-roi-a-la-ceremonie-dinvestiture-du-nouveau-president-chilien\/","title":{"rendered":"Rachid Talbi El Alami repr\u00e9sente SM le Roi \u00e0 la c\u00e9r\u00e9monie d\u2019investiture du nouveau pr\u00e9sident chilien"},"content":{"rendered":"\n<p>Dpress<\/p>\n\n\n\n<p>Le pr\u00e9sident de la Chambre des repr\u00e9sentants, M. Rachid Talbi El Alami, a repr\u00e9sent\u00e9 Sa Majest\u00e9 le Roi Mohammed VI, \u00e0 la c\u00e9r\u00e9monie d\u2019investiture du nouveau pr\u00e9sident chilien, M. Jos\u00e9 Antonio Kast, qui a eu lieu mercredi.<\/p>\n\n\n\n<p>La c\u00e9r\u00e9monie officielle d\u2019investiture de M. Kast s\u2019est d\u00e9roul\u00e9e au si\u00e8ge du Congr\u00e8s chilien dans la ville de Valparaiso, en pr\u00e9sence du Roi d\u2019Espagne Felipe VI et de nombreux chefs d\u2019Etat de la r\u00e9gion, notamment l\u2019Argentin Javier Milei, le Bolivien Rodrigo Paz, l\u2019Equatorien Daniel Noboa et le Paraguayen Santiago Pena, ainsi que des d\u00e9l\u00e9gations repr\u00e9sentant plusieurs autres pays du monde.<\/p>\n\n\n\n<p>Le pr\u00e9sident de la chambre des repr\u00e9sentants a \u00e9t\u00e9 accompagn\u00e9 lors de cette c\u00e9r\u00e9monie par l\u2019ambassadeur du Maroc au Chili, Mme Kenza El Ghali.<\/p>\n\n\n\n<p>Sa Majest\u00e9 le Roi Mohammed VI avait adress\u00e9 un message de f\u00e9licitations \u00e0 M. Kast dans lequel le Souverain exprime Ses plus chaleureuses f\u00e9licitations au nouveau pr\u00e9sident, lui souhaitant plein succ\u00e8s dans sa noble mission afin de conduire le peuple chilien ami pour la r\u00e9alisation de ses aspirations \u00e0 davantage de progr\u00e8s et prosp\u00e9rit\u00e9.<\/p>\n","protected":false},"excerpt":{"rendered":"<p>Dpress Le pr\u00e9sident de la Chambre des repr\u00e9sentants, M. Rachid Talbi El Alami, a repr\u00e9sent\u00e9 Sa Majest\u00e9 le Roi Mohammed VI, \u00e0 la c\u00e9r\u00e9monie d\u2019investiture du nouveau pr\u00e9sident chilien, M. Jos\u00e9 Antonio Kast, qui a eu lieu mercredi. La c\u00e9r\u00e9monie officielle d\u2019investiture de M. Kast s\u2019est d\u00e9roul\u00e9e au si\u00e8ge du Congr\u00e8s chilien dans la ville &hellip;<\/p>\n","protected":false},"author":2,"featured_media":25854,"comment_status":"open","ping_status":"open","sticky":false,"template":"","format":"standard","meta":{"footnotes":""},"categories":[34],"tags":[],"class_list":["post-25853","post","type-post","status-publish","format-standard","has-post-thumbnail","hentry","category-diplomatie-parlementaire"],"yoast_head":"<!-- This site is optimized with the Yoast SEO plugin v27.5 - https:\/\/yoast.com\/product\/yoast-seo-wordpress\/ -->\n<title>Rachid Talbi El Alami repr\u00e9sente SM le Roi \u00e0 la c\u00e9r\u00e9monie d\u2019investiture du nouveau pr\u00e9sident chilien - Dpress.ma\/fr<\/title>\n<meta name=\"robots\" content=\"index, follow, max-snippet:-1, max-image-preview:large, max-video-preview:-1\" \/>\n<link rel=\"canonical\" href=\"https:\/\/dpress.ma\/fr\/2026\/03\/12\/rachid-talbi-el-alami-represente-sm-le-roi-a-la-ceremonie-dinvestiture-du-nouveau-president-chilien\/\" \/>\n<meta property=\"og:locale\" content=\"fr_FR\" \/>\n<meta property=\"og:type\" content=\"article\" \/>\n<meta property=\"og:title\" content=\"Rachid Talbi El Alami repr\u00e9sente SM le Roi \u00e0 la c\u00e9r\u00e9monie d\u2019investiture du nouveau pr\u00e9sident chilien - Dpress.ma\/fr\" \/>\n<meta property=\"og:description\" content=\"Dpress Le pr\u00e9sident de la Chambre des repr\u00e9sentants, M. Rachid Talbi El Alami, a repr\u00e9sent\u00e9 Sa Majest\u00e9 le Roi Mohammed VI, \u00e0 la c\u00e9r\u00e9monie d\u2019investiture du nouveau pr\u00e9sident chilien, M. Jos\u00e9 Antonio Kast, qui a eu lieu mercredi. La c\u00e9r\u00e9monie officielle d\u2019investiture de M. Kast s\u2019est d\u00e9roul\u00e9e au si\u00e8ge du Congr\u00e8s chilien dans la ville &hellip;\" \/>\n<meta property=\"og:url\" content=\"https:\/\/dpress.ma\/fr\/2026\/03\/12\/rachid-talbi-el-alami-represente-sm-le-roi-a-la-ceremonie-dinvestiture-du-nouveau-president-chilien\/\" \/>\n<meta property=\"og:site_name\" content=\"Dpress.ma\/fr\" \/>\n<meta property=\"article:published_time\" content=\"2026-03-12T10:29:30+00:00\" \/>\n<meta property=\"article:modified_time\" content=\"2026-03-12T10:29:32+00:00\" \/>\n<meta property=\"og:image\" content=\"https:\/\/dpress.ma\/fr\/wp-content\/uploads\/sites\/2\/2026\/03\/34-4.jpg\" \/>\n\t<meta property=\"og:image:width\" content=\"2539\" \/>\n\t<meta property=\"og:image:height\" content=\"1594\" \/>\n\t<meta property=\"og:image:type\" content=\"image\/jpeg\" \/>\n<meta name=\"author\" content=\"Dpress.ma\" \/>\n<meta name=\"twitter:card\" content=\"summary_large_image\" \/>\n<meta name=\"twitter:label1\" content=\"\u00c9crit par\" \/>\n\t<meta name=\"twitter:data1\" content=\"Dpress.ma\" \/>\n\t<meta name=\"twitter:label2\" content=\"Dur\u00e9e de lecture estim\u00e9e\" \/>\n\t<meta name=\"twitter:data2\" content=\"2 minutes\" \/>\n<script type=\"application\/ld+json\" class=\"yoast-schema-graph\">{\"@context\":\"https:\\\/\\\/schema.org\",\"@graph\":[{\"@type\":\"Article\",\"@id\":\"https:\\\/\\\/dpress.ma\\\/fr\\\/2026\\\/03\\\/12\\\/rachid-talbi-el-alami-represente-sm-le-roi-a-la-ceremonie-dinvestiture-du-nouveau-president-chilien\\\/#article\",\"isPartOf\":{\"@id\":\"https:\\\/\\\/dpress.ma\\\/fr\\\/2026\\\/03\\\/12\\\/rachid-talbi-el-alami-represente-sm-le-roi-a-la-ceremonie-dinvestiture-du-nouveau-president-chilien\\\/\"},\"author\":{\"name\":\"Dpress.ma\",\"@id\":\"https:\\\/\\\/dpress.ma\\\/fr\\\/#\\\/schema\\\/person\\\/4898febf3ccd59e6578d838656a306a0\"},\"headline\":\"Rachid Talbi El Alami repr\u00e9sente SM le Roi \u00e0 la c\u00e9r\u00e9monie d\u2019investiture du nouveau pr\u00e9sident chilien\",\"datePublished\":\"2026-03-12T10:29:30+00:00\",\"dateModified\":\"2026-03-12T10:29:32+00:00\",\"mainEntityOfPage\":{\"@id\":\"https:\\\/\\\/dpress.ma\\\/fr\\\/2026\\\/03\\\/12\\\/rachid-talbi-el-alami-represente-sm-le-roi-a-la-ceremonie-dinvestiture-du-nouveau-president-chilien\\\/\"},\"wordCount\":229,\"commentCount\":0,\"image\":{\"@id\":\"https:\\\/\\\/dpress.ma\\\/fr\\\/2026\\\/03\\\/12\\\/rachid-talbi-el-alami-represente-sm-le-roi-a-la-ceremonie-dinvestiture-du-nouveau-president-chilien\\\/#primaryimage\"},\"thumbnailUrl\":\"https:\\\/\\\/dpress.ma\\\/fr\\\/wp-content\\\/uploads\\\/sites\\\/2\\\/2026\\\/03\\\/34-4.jpg\",\"articleSection\":[\"Diplomatie Parlementaire\"],\"inLanguage\":\"fr-FR\",\"potentialAction\":[{\"@type\":\"CommentAction\",\"name\":\"Comment\",\"target\":[\"https:\\\/\\\/dpress.ma\\\/fr\\\/2026\\\/03\\\/12\\\/rachid-talbi-el-alami-represente-sm-le-roi-a-la-ceremonie-dinvestiture-du-nouveau-president-chilien\\\/#respond\"]}]},{\"@type\":\"WebPage\",\"@id\":\"https:\\\/\\\/dpress.ma\\\/fr\\\/2026\\\/03\\\/12\\\/rachid-talbi-el-alami-represente-sm-le-roi-a-la-ceremonie-dinvestiture-du-nouveau-president-chilien\\\/\",\"url\":\"https:\\\/\\\/dpress.ma\\\/fr\\\/2026\\\/03\\\/12\\\/rachid-talbi-el-alami-represente-sm-le-roi-a-la-ceremonie-dinvestiture-du-nouveau-president-chilien\\\/\",\"name\":\"Rachid Talbi El Alami repr\u00e9sente SM le Roi \u00e0 la c\u00e9r\u00e9monie d\u2019investiture du nouveau pr\u00e9sident chilien - Dpress.ma\\\/fr\",\"isPartOf\":{\"@id\":\"https:\\\/\\\/dpress.ma\\\/fr\\\/#website\"},\"primaryImageOfPage\":{\"@id\":\"https:\\\/\\\/dpress.ma\\\/fr\\\/2026\\\/03\\\/12\\\/rachid-talbi-el-alami-represente-sm-le-roi-a-la-ceremonie-dinvestiture-du-nouveau-president-chilien\\\/#primaryimage\"},\"image\":{\"@id\":\"https:\\\/\\\/dpress.ma\\\/fr\\\/2026\\\/03\\\/12\\\/rachid-talbi-el-alami-represente-sm-le-roi-a-la-ceremonie-dinvestiture-du-nouveau-president-chilien\\\/#primaryimage\"},\"thumbnailUrl\":\"https:\\\/\\\/dpress.ma\\\/fr\\\/wp-content\\\/uploads\\\/sites\\\/2\\\/2026\\\/03\\\/34-4.jpg\",\"datePublished\":\"2026-03-12T10:29:30+00:00\",\"dateModified\":\"2026-03-12T10:29:32+00:00\",\"author\":{\"@id\":\"https:\\\/\\\/dpress.ma\\\/fr\\\/#\\\/schema\\\/person\\\/4898febf3ccd59e6578d838656a306a0\"},\"breadcrumb\":{\"@id\":\"https:\\\/\\\/dpress.ma\\\/fr\\\/2026\\\/03\\\/12\\\/rachid-talbi-el-alami-represente-sm-le-roi-a-la-ceremonie-dinvestiture-du-nouveau-president-chilien\\\/#breadcrumb\"},\"inLanguage\":\"fr-FR\",\"potentialAction\":[{\"@type\":\"ReadAction\",\"target\":[\"https:\\\/\\\/dpress.ma\\\/fr\\\/2026\\\/03\\\/12\\\/rachid-talbi-el-alami-represente-sm-le-roi-a-la-ceremonie-dinvestiture-du-nouveau-president-chilien\\\/\"]}]},{\"@type\":\"ImageObject\",\"inLanguage\":\"fr-FR\",\"@id\":\"https:\\\/\\\/dpress.ma\\\/fr\\\/2026\\\/03\\\/12\\\/rachid-talbi-el-alami-represente-sm-le-roi-a-la-ceremonie-dinvestiture-du-nouveau-president-chilien\\\/#primaryimage\",\"url\":\"https:\\\/\\\/dpress.ma\\\/fr\\\/wp-content\\\/uploads\\\/sites\\\/2\\\/2026\\\/03\\\/34-4.jpg\",\"contentUrl\":\"https:\\\/\\\/dpress.ma\\\/fr\\\/wp-content\\\/uploads\\\/sites\\\/2\\\/2026\\\/03\\\/34-4.jpg\",\"width\":2539,\"height\":1594},{\"@type\":\"BreadcrumbList\",\"@id\":\"https:\\\/\\\/dpress.ma\\\/fr\\\/2026\\\/03\\\/12\\\/rachid-talbi-el-alami-represente-sm-le-roi-a-la-ceremonie-dinvestiture-du-nouveau-president-chilien\\\/#breadcrumb\",\"itemListElement\":[{\"@type\":\"ListItem\",\"position\":1,\"name\":\"Home\",\"item\":\"https:\\\/\\\/dpress.ma\\\/fr\\\/\"},{\"@type\":\"ListItem\",\"position\":2,\"name\":\"Rachid Talbi El Alami repr\u00e9sente SM le Roi \u00e0 la c\u00e9r\u00e9monie d\u2019investiture du nouveau pr\u00e9sident chilien\"}]},{\"@type\":\"WebSite\",\"@id\":\"https:\\\/\\\/dpress.ma\\\/fr\\\/#website\",\"url\":\"https:\\\/\\\/dpress.ma\\\/fr\\\/\",\"name\":\"Dpress.ma\\\/fr\",\"description\":\"\",\"potentialAction\":[{\"@type\":\"SearchAction\",\"target\":{\"@type\":\"EntryPoint\",\"urlTemplate\":\"https:\\\/\\\/dpress.ma\\\/fr\\\/?s={search_term_string}\"},\"query-input\":{\"@type\":\"PropertyValueSpecification\",\"valueRequired\":true,\"valueName\":\"search_term_string\"}}],\"inLanguage\":\"fr-FR\"},{\"@type\":\"Person\",\"@id\":\"https:\\\/\\\/dpress.ma\\\/fr\\\/#\\\/schema\\\/person\\\/4898febf3ccd59e6578d838656a306a0\",\"name\":\"Dpress.ma\",\"image\":{\"@type\":\"ImageObject\",\"inLanguage\":\"fr-FR\",\"@id\":\"https:\\\/\\\/secure.gravatar.com\\\/avatar\\\/72ecc30e9db047a2e0e7176561eb9d564ed77c8108376495b19bd8336405198a?s=96&d=mm&r=g\",\"url\":\"https:\\\/\\\/secure.gravatar.com\\\/avatar\\\/72ecc30e9db047a2e0e7176561eb9d564ed77c8108376495b19bd8336405198a?s=96&d=mm&r=g\",\"contentUrl\":\"https:\\\/\\\/secure.gravatar.com\\\/avatar\\\/72ecc30e9db047a2e0e7176561eb9d564ed77c8108376495b19bd8336405198a?s=96&d=mm&r=g\",\"caption\":\"Dpress.ma\"},\"sameAs\":[\"https:\\\/\\\/www.dpress.ma\"],\"url\":\"https:\\\/\\\/dpress.ma\\\/fr\\\/author\\\/dpress-ma\\\/\"}]}<\/script>\n<!-- \/ Yoast SEO plugin. -->","yoast_head_json":{"title":"Rachid Talbi El Alami repr\u00e9sente SM le Roi \u00e0 la c\u00e9r\u00e9monie d\u2019investiture du nouveau pr\u00e9sident chilien - Dpress.ma\/fr","robots":{"index":"index","follow":"follow","max-snippet":"max-snippet:-1","max-image-preview":"max-image-preview:large","max-video-preview":"max-video-preview:-1"},"canonical":"https:\/\/dpress.ma\/fr\/2026\/03\/12\/rachid-talbi-el-alami-represente-sm-le-roi-a-la-ceremonie-dinvestiture-du-nouveau-president-chilien\/","og_locale":"fr_FR","og_type":"article","og_title":"Rachid Talbi El Alami repr\u00e9sente SM le Roi \u00e0 la c\u00e9r\u00e9monie d\u2019investiture du nouveau pr\u00e9sident chilien - Dpress.ma\/fr","og_description":"Dpress Le pr\u00e9sident de la Chambre des repr\u00e9sentants, M. Rachid Talbi El Alami, a repr\u00e9sent\u00e9 Sa Majest\u00e9 le Roi Mohammed VI, \u00e0 la c\u00e9r\u00e9monie d\u2019investiture du nouveau pr\u00e9sident chilien, M. Jos\u00e9 Antonio Kast, qui a eu lieu mercredi. La c\u00e9r\u00e9monie officielle d\u2019investiture de M. Kast s\u2019est d\u00e9roul\u00e9e au si\u00e8ge du Congr\u00e8s chilien dans la ville &hellip;","og_url":"https:\/\/dpress.ma\/fr\/2026\/03\/12\/rachid-talbi-el-alami-represente-sm-le-roi-a-la-ceremonie-dinvestiture-du-nouveau-president-chilien\/","og_site_name":"Dpress.ma\/fr","article_published_time":"2026-03-12T10:29:30+00:00","article_modified_time":"2026-03-12T10:29:32+00:00","og_image":[{"width":2539,"height":1594,"url":"https:\/\/dpress.ma\/fr\/wp-content\/uploads\/sites\/2\/2026\/03\/34-4.jpg","type":"image\/jpeg"}],"author":"Dpress.ma","twitter_card":"summary_large_image","twitter_misc":{"\u00c9crit par":"Dpress.ma","Dur\u00e9e de lecture estim\u00e9e":"2 minutes"},"schema":{"@context":"https:\/\/schema.org","@graph":[{"@type":"Article","@id":"https:\/\/dpress.ma\/fr\/2026\/03\/12\/rachid-talbi-el-alami-represente-sm-le-roi-a-la-ceremonie-dinvestiture-du-nouveau-president-chilien\/#article","isPartOf":{"@id":"https:\/\/dpress.ma\/fr\/2026\/03\/12\/rachid-talbi-el-alami-represente-sm-le-roi-a-la-ceremonie-dinvestiture-du-nouveau-president-chilien\/"},"author":{"name":"Dpress.ma","@id":"https:\/\/dpress.ma\/fr\/#\/schema\/person\/4898febf3ccd59e6578d838656a306a0"},"headline":"Rachid Talbi El Alami repr\u00e9sente SM le Roi \u00e0 la c\u00e9r\u00e9monie d\u2019investiture du nouveau pr\u00e9sident chilien","datePublished":"2026-03-12T10:29:30+00:00","dateModified":"2026-03-12T10:29:32+00:00","mainEntityOfPage":{"@id":"https:\/\/dpress.ma\/fr\/2026\/03\/12\/rachid-talbi-el-alami-represente-sm-le-roi-a-la-ceremonie-dinvestiture-du-nouveau-president-chilien\/"},"wordCount":229,"commentCount":0,"image":{"@id":"https:\/\/dpress.ma\/fr\/2026\/03\/12\/rachid-talbi-el-alami-represente-sm-le-roi-a-la-ceremonie-dinvestiture-du-nouveau-president-chilien\/#primaryimage"},"thumbnailUrl":"https:\/\/dpress.ma\/fr\/wp-content\/uploads\/sites\/2\/2026\/03\/34-4.jpg","articleSection":["Diplomatie Parlementaire"],"inLanguage":"fr-FR","potentialAction":[{"@type":"CommentAction","name":"Comment","target":["https:\/\/dpress.ma\/fr\/2026\/03\/12\/rachid-talbi-el-alami-represente-sm-le-roi-a-la-ceremonie-dinvestiture-du-nouveau-president-chilien\/#respond"]}]},{"@type":"WebPage","@id":"https:\/\/dpress.ma\/fr\/2026\/03\/12\/rachid-talbi-el-alami-represente-sm-le-roi-a-la-ceremonie-dinvestiture-du-nouveau-president-chilien\/","url":"https:\/\/dpress.ma\/fr\/2026\/03\/12\/rachid-talbi-el-alami-represente-sm-le-roi-a-la-ceremonie-dinvestiture-du-nouveau-president-chilien\/","name":"Rachid Talbi El Alami repr\u00e9sente SM le Roi \u00e0 la c\u00e9r\u00e9monie d\u2019investiture du nouveau pr\u00e9sident chilien - Dpress.ma\/fr","isPartOf":{"@id":"https:\/\/dpress.ma\/fr\/#website"},"primaryImageOfPage":{"@id":"https:\/\/dpress.ma\/fr\/2026\/03\/12\/rachid-talbi-el-alami-represente-sm-le-roi-a-la-ceremonie-dinvestiture-du-nouveau-president-chilien\/#primaryimage"},"image":{"@id":"https:\/\/dpress.ma\/fr\/2026\/03\/12\/rachid-talbi-el-alami-represente-sm-le-roi-a-la-ceremonie-dinvestiture-du-nouveau-president-chilien\/#primaryimage"},"thumbnailUrl":"https:\/\/dpress.ma\/fr\/wp-content\/uploads\/sites\/2\/2026\/03\/34-4.jpg","datePublished":"2026-03-12T10:29:30+00:00","dateModified":"2026-03-12T10:29:32+00:00","author":{"@id":"https:\/\/dpress.ma\/fr\/#\/schema\/person\/4898febf3ccd59e6578d838656a306a0"},"breadcrumb":{"@id":"https:\/\/dpress.ma\/fr\/2026\/03\/12\/rachid-talbi-el-alami-represente-sm-le-roi-a-la-ceremonie-dinvestiture-du-nouveau-president-chilien\/#breadcrumb"},"inLanguage":"fr-FR","potentialAction":[{"@type":"ReadAction","target":["https:\/\/dpress.ma\/fr\/2026\/03\/12\/rachid-talbi-el-alami-represente-sm-le-roi-a-la-ceremonie-dinvestiture-du-nouveau-president-chilien\/"]}]},{"@type":"ImageObject","inLanguage":"fr-FR","@id":"https:\/\/dpress.ma\/fr\/2026\/03\/12\/rachid-talbi-el-alami-represente-sm-le-roi-a-la-ceremonie-dinvestiture-du-nouveau-president-chilien\/#primaryimage","url":"https:\/\/dpress.ma\/fr\/wp-content\/uploads\/sites\/2\/2026\/03\/34-4.jpg","contentUrl":"https:\/\/dpress.ma\/fr\/wp-content\/uploads\/sites\/2\/2026\/03\/34-4.jpg","width":2539,"height":1594},{"@type":"BreadcrumbList","@id":"https:\/\/dpress.ma\/fr\/2026\/03\/12\/rachid-talbi-el-alami-represente-sm-le-roi-a-la-ceremonie-dinvestiture-du-nouveau-president-chilien\/#breadcrumb","itemListElement":[{"@type":"ListItem","position":1,"name":"Home","item":"https:\/\/dpress.ma\/fr\/"},{"@type":"ListItem","position":2,"name":"Rachid Talbi El Alami repr\u00e9sente SM le Roi \u00e0 la c\u00e9r\u00e9monie d\u2019investiture du nouveau pr\u00e9sident chilien"}]},{"@type":"WebSite","@id":"https:\/\/dpress.ma\/fr\/#website","url":"https:\/\/dpress.ma\/fr\/","name":"Dpress.ma\/fr","description":"","potentialAction":[{"@type":"SearchAction","target":{"@type":"EntryPoint","urlTemplate":"https:\/\/dpress.ma\/fr\/?s={search_term_string}"},"query-input":{"@type":"PropertyValueSpecification","valueRequired":true,"valueName":"search_term_string"}}],"inLanguage":"fr-FR"},{"@type":"Person","@id":"https:\/\/dpress.ma\/fr\/#\/schema\/person\/4898febf3ccd59e6578d838656a306a0","name":"Dpress.ma","image":{"@type":"ImageObject","inLanguage":"fr-FR","@id":"https:\/\/secure.gravatar.com\/avatar\/72ecc30e9db047a2e0e7176561eb9d564ed77c8108376495b19bd8336405198a?s=96&d=mm&r=g","url":"https:\/\/secure.gravatar.com\/avatar\/72ecc30e9db047a2e0e7176561eb9d564ed77c8108376495b19bd8336405198a?s=96&d=mm&r=g","contentUrl":"https:\/\/secure.gravatar.com\/avatar\/72ecc30e9db047a2e0e7176561eb9d564ed77c8108376495b19bd8336405198a?s=96&d=mm&r=g","caption":"Dpress.ma"},"sameAs":["https:\/\/www.dpress.ma"],"url":"https:\/\/dpress.ma\/fr\/author\/dpress-ma\/"}]}},"amp_enabled":true,"_links":{"self":[{"href":"https:\/\/dpress.ma\/fr\/wp-json\/wp\/v2\/posts\/25853","targetHints":{"allow":["GET"]}}],"collection":[{"href":"https:\/\/dpress.ma\/fr\/wp-json\/wp\/v2\/posts"}],"about":[{"href":"https:\/\/dpress.ma\/fr\/wp-json\/wp\/v2\/types\/post"}],"author":[{"embeddable":true,"href":"https:\/\/dpress.ma\/fr\/wp-json\/wp\/v2\/users\/2"}],"replies":[{"embeddable":true,"href":"https:\/\/dpress.ma\/fr\/wp-json\/wp\/v2\/comments?post=25853"}],"version-history":[{"count":1,"href":"https:\/\/dpress.ma\/fr\/wp-json\/wp\/v2\/posts\/25853\/revisions"}],"predecessor-version":[{"id":25855,"href":"https:\/\/dpress.ma\/fr\/wp-json\/wp\/v2\/posts\/25853\/revisions\/25855"}],"wp:featuredmedia":[{"embeddable":true,"href":"https:\/\/dpress.ma\/fr\/wp-json\/wp\/v2\/media\/25854"}],"wp:attachment":[{"href":"https:\/\/dpress.ma\/fr\/wp-json\/wp\/v2\/media?parent=25853"}],"wp:term":[{"taxonomy":"category","embeddable":true,"href":"https:\/\/dpress.ma\/fr\/wp-json\/wp\/v2\/categories?post=25853"},{"taxonomy":"post_tag","embeddable":true,"href":"https:\/\/dpress.ma\/fr\/wp-json\/wp\/v2\/tags?post=25853"}],"curies":[{"name":"wp","href":"https:\/\/api.w.org\/{rel}","templated":true}]}}