{"id":2581,"date":"2022-11-19T08:31:57","date_gmt":"2022-11-19T08:31:57","guid":{"rendered":"https:\/\/dpress.ma\/fr\/?p=2581"},"modified":"2022-11-19T08:31:59","modified_gmt":"2022-11-19T08:31:59","slug":"fete-de-lindependance-sm-le-roi-recoit-un-message-de-felicitations-du-vice-president-des-emirats-arabes-unis","status":"publish","type":"post","link":"https:\/\/dpress.ma\/fr\/2022\/11\/19\/fete-de-lindependance-sm-le-roi-recoit-un-message-de-felicitations-du-vice-president-des-emirats-arabes-unis\/","title":{"rendered":"F\u00eate de l\u2019Ind\u00e9pendance: SM le Roi re\u00e7oit un message de f\u00e9licitations du vice-Pr\u00e9sident des \u00c9mirats arabes unis"},"content":{"rendered":"\n<p>Dpress<\/p>\n\n\n\n<p>\u2013 Sa Majest\u00e9 le Roi Mohammed VI a re\u00e7u un message de f\u00e9licitations du vice-Pr\u00e9sident des \u00c9mirats Arabes Unis, Premier ministre et Gouverneur de Duba\u00ef, Son Altesse Cheikh Mohammed bin Rached Al Maktoum, \u00e0 l\u2019occasion de la F\u00eate de l\u2019Ind\u00e9pendance.<\/p>\n\n\n\n<p>Dans son Message, Son Altesse Cheikh Mohammed bin Rached Al Maktoum exprime au Souverain ses sinc\u00e8res f\u00e9licitations et ses meilleurs v\u0153ux de sant\u00e9 et de bonheur, et de davantage de progr\u00e8s et de prosp\u00e9rit\u00e9 au gouvernement et au peuple du Royaume du Maroc fr\u00e8re.<\/p>\n","protected":false},"excerpt":{"rendered":"<p>Dpress \u2013 Sa Majest\u00e9 le Roi Mohammed VI a re\u00e7u un message de f\u00e9licitations du vice-Pr\u00e9sident des \u00c9mirats Arabes Unis, Premier ministre et Gouverneur de Duba\u00ef, Son Altesse Cheikh Mohammed bin Rached Al Maktoum, \u00e0 l\u2019occasion de la F\u00eate de l\u2019Ind\u00e9pendance. Dans son Message, Son Altesse Cheikh Mohammed bin Rached Al Maktoum exprime au Souverain &hellip;<\/p>\n","protected":false},"author":2,"featured_media":2422,"comment_status":"open","ping_status":"open","sticky":false,"template":"","format":"standard","meta":{"footnotes":""},"categories":[29],"tags":[],"class_list":["post-2581","post","type-post","status-publish","format-standard","has-post-thumbnail","hentry","category-activites-royales"],"yoast_head":"<!-- This site is optimized with the Yoast SEO plugin v27.5 - https:\/\/yoast.com\/product\/yoast-seo-wordpress\/ -->\n<title>F\u00eate de l\u2019Ind\u00e9pendance: SM le Roi re\u00e7oit un message de f\u00e9licitations du vice-Pr\u00e9sident des \u00c9mirats arabes unis - Dpress.ma\/fr<\/title>\n<meta name=\"description\" content=\"Sa Majest\u00e9 le Roi Mohammed VI a re\u00e7u un message de f\u00e9licitations du vice-Pr\u00e9sident des \u00c9mirats Arabes Unis, Premier ministre et Gouverneur de Duba\u00ef, Son Altesse Cheikh Mohammed bin Rached Al Maktoum, \u00e0 l\u2019occasion de la F\u00eate de l\u2019Ind\u00e9pendance.\" \/>\n<meta name=\"robots\" content=\"index, follow, max-snippet:-1, max-image-preview:large, max-video-preview:-1\" \/>\n<link rel=\"canonical\" href=\"https:\/\/dpress.ma\/fr\/2022\/11\/19\/fete-de-lindependance-sm-le-roi-recoit-un-message-de-felicitations-du-vice-president-des-emirats-arabes-unis\/\" \/>\n<meta property=\"og:locale\" content=\"fr_FR\" \/>\n<meta property=\"og:type\" content=\"article\" \/>\n<meta property=\"og:title\" content=\"F\u00eate de l\u2019Ind\u00e9pendance: SM le Roi re\u00e7oit un message de f\u00e9licitations du vice-Pr\u00e9sident des \u00c9mirats arabes unis - Dpress.ma\/fr\" \/>\n<meta property=\"og:description\" content=\"Sa Majest\u00e9 le Roi Mohammed VI a re\u00e7u un message de f\u00e9licitations du vice-Pr\u00e9sident des \u00c9mirats Arabes Unis, Premier ministre et Gouverneur de Duba\u00ef, Son Altesse Cheikh Mohammed bin Rached Al Maktoum, \u00e0 l\u2019occasion de la F\u00eate de l\u2019Ind\u00e9pendance.\" \/>\n<meta property=\"og:url\" content=\"https:\/\/dpress.ma\/fr\/2022\/11\/19\/fete-de-lindependance-sm-le-roi-recoit-un-message-de-felicitations-du-vice-president-des-emirats-arabes-unis\/\" \/>\n<meta property=\"og:site_name\" content=\"Dpress.ma\/fr\" \/>\n<meta property=\"article:published_time\" content=\"2022-11-19T08:31:57+00:00\" \/>\n<meta property=\"article:modified_time\" content=\"2022-11-19T08:31:59+00:00\" \/>\n<meta property=\"og:image\" content=\"https:\/\/dpress.ma\/fr\/wp-content\/uploads\/sites\/2\/2022\/11\/dimensions2-10.jpg\" \/>\n\t<meta property=\"og:image:width\" content=\"2539\" \/>\n\t<meta property=\"og:image:height\" content=\"1594\" \/>\n\t<meta property=\"og:image:type\" content=\"image\/jpeg\" \/>\n<meta name=\"author\" content=\"Dpress.ma\" \/>\n<meta name=\"twitter:card\" content=\"summary_large_image\" \/>\n<meta name=\"twitter:label1\" content=\"\u00c9crit par\" \/>\n\t<meta name=\"twitter:data1\" content=\"Dpress.ma\" \/>\n\t<meta name=\"twitter:label2\" content=\"Dur\u00e9e de lecture estim\u00e9e\" \/>\n\t<meta name=\"twitter:data2\" content=\"1 minute\" \/>\n<script type=\"application\/ld+json\" class=\"yoast-schema-graph\">{\"@context\":\"https:\\\/\\\/schema.org\",\"@graph\":[{\"@type\":\"Article\",\"@id\":\"https:\\\/\\\/dpress.ma\\\/fr\\\/2022\\\/11\\\/19\\\/fete-de-lindependance-sm-le-roi-recoit-un-message-de-felicitations-du-vice-president-des-emirats-arabes-unis\\\/#article\",\"isPartOf\":{\"@id\":\"https:\\\/\\\/dpress.ma\\\/fr\\\/2022\\\/11\\\/19\\\/fete-de-lindependance-sm-le-roi-recoit-un-message-de-felicitations-du-vice-president-des-emirats-arabes-unis\\\/\"},\"author\":{\"name\":\"Dpress.ma\",\"@id\":\"https:\\\/\\\/dpress.ma\\\/fr\\\/#\\\/schema\\\/person\\\/4898febf3ccd59e6578d838656a306a0\"},\"headline\":\"F\u00eate de l\u2019Ind\u00e9pendance: SM le Roi re\u00e7oit un message de f\u00e9licitations du vice-Pr\u00e9sident des \u00c9mirats arabes unis\",\"datePublished\":\"2022-11-19T08:31:57+00:00\",\"dateModified\":\"2022-11-19T08:31:59+00:00\",\"mainEntityOfPage\":{\"@id\":\"https:\\\/\\\/dpress.ma\\\/fr\\\/2022\\\/11\\\/19\\\/fete-de-lindependance-sm-le-roi-recoit-un-message-de-felicitations-du-vice-president-des-emirats-arabes-unis\\\/\"},\"wordCount\":119,\"commentCount\":0,\"image\":{\"@id\":\"https:\\\/\\\/dpress.ma\\\/fr\\\/2022\\\/11\\\/19\\\/fete-de-lindependance-sm-le-roi-recoit-un-message-de-felicitations-du-vice-president-des-emirats-arabes-unis\\\/#primaryimage\"},\"thumbnailUrl\":\"https:\\\/\\\/dpress.ma\\\/fr\\\/wp-content\\\/uploads\\\/sites\\\/2\\\/2022\\\/11\\\/dimensions2-10.jpg\",\"articleSection\":[\"Activit\u00e9s Royales\"],\"inLanguage\":\"fr-FR\",\"potentialAction\":[{\"@type\":\"CommentAction\",\"name\":\"Comment\",\"target\":[\"https:\\\/\\\/dpress.ma\\\/fr\\\/2022\\\/11\\\/19\\\/fete-de-lindependance-sm-le-roi-recoit-un-message-de-felicitations-du-vice-president-des-emirats-arabes-unis\\\/#respond\"]}]},{\"@type\":\"WebPage\",\"@id\":\"https:\\\/\\\/dpress.ma\\\/fr\\\/2022\\\/11\\\/19\\\/fete-de-lindependance-sm-le-roi-recoit-un-message-de-felicitations-du-vice-president-des-emirats-arabes-unis\\\/\",\"url\":\"https:\\\/\\\/dpress.ma\\\/fr\\\/2022\\\/11\\\/19\\\/fete-de-lindependance-sm-le-roi-recoit-un-message-de-felicitations-du-vice-president-des-emirats-arabes-unis\\\/\",\"name\":\"F\u00eate de l\u2019Ind\u00e9pendance: SM le Roi re\u00e7oit un message de f\u00e9licitations du vice-Pr\u00e9sident des \u00c9mirats arabes unis - Dpress.ma\\\/fr\",\"isPartOf\":{\"@id\":\"https:\\\/\\\/dpress.ma\\\/fr\\\/#website\"},\"primaryImageOfPage\":{\"@id\":\"https:\\\/\\\/dpress.ma\\\/fr\\\/2022\\\/11\\\/19\\\/fete-de-lindependance-sm-le-roi-recoit-un-message-de-felicitations-du-vice-president-des-emirats-arabes-unis\\\/#primaryimage\"},\"image\":{\"@id\":\"https:\\\/\\\/dpress.ma\\\/fr\\\/2022\\\/11\\\/19\\\/fete-de-lindependance-sm-le-roi-recoit-un-message-de-felicitations-du-vice-president-des-emirats-arabes-unis\\\/#primaryimage\"},\"thumbnailUrl\":\"https:\\\/\\\/dpress.ma\\\/fr\\\/wp-content\\\/uploads\\\/sites\\\/2\\\/2022\\\/11\\\/dimensions2-10.jpg\",\"datePublished\":\"2022-11-19T08:31:57+00:00\",\"dateModified\":\"2022-11-19T08:31:59+00:00\",\"author\":{\"@id\":\"https:\\\/\\\/dpress.ma\\\/fr\\\/#\\\/schema\\\/person\\\/4898febf3ccd59e6578d838656a306a0\"},\"description\":\"Sa Majest\u00e9 le Roi Mohammed VI a re\u00e7u un message de f\u00e9licitations du vice-Pr\u00e9sident des \u00c9mirats Arabes Unis, Premier ministre et Gouverneur de Duba\u00ef, Son Altesse Cheikh Mohammed bin Rached Al Maktoum, \u00e0 l\u2019occasion de la F\u00eate de l\u2019Ind\u00e9pendance.\",\"breadcrumb\":{\"@id\":\"https:\\\/\\\/dpress.ma\\\/fr\\\/2022\\\/11\\\/19\\\/fete-de-lindependance-sm-le-roi-recoit-un-message-de-felicitations-du-vice-president-des-emirats-arabes-unis\\\/#breadcrumb\"},\"inLanguage\":\"fr-FR\",\"potentialAction\":[{\"@type\":\"ReadAction\",\"target\":[\"https:\\\/\\\/dpress.ma\\\/fr\\\/2022\\\/11\\\/19\\\/fete-de-lindependance-sm-le-roi-recoit-un-message-de-felicitations-du-vice-president-des-emirats-arabes-unis\\\/\"]}]},{\"@type\":\"ImageObject\",\"inLanguage\":\"fr-FR\",\"@id\":\"https:\\\/\\\/dpress.ma\\\/fr\\\/2022\\\/11\\\/19\\\/fete-de-lindependance-sm-le-roi-recoit-un-message-de-felicitations-du-vice-president-des-emirats-arabes-unis\\\/#primaryimage\",\"url\":\"https:\\\/\\\/dpress.ma\\\/fr\\\/wp-content\\\/uploads\\\/sites\\\/2\\\/2022\\\/11\\\/dimensions2-10.jpg\",\"contentUrl\":\"https:\\\/\\\/dpress.ma\\\/fr\\\/wp-content\\\/uploads\\\/sites\\\/2\\\/2022\\\/11\\\/dimensions2-10.jpg\",\"width\":2539,\"height\":1594},{\"@type\":\"BreadcrumbList\",\"@id\":\"https:\\\/\\\/dpress.ma\\\/fr\\\/2022\\\/11\\\/19\\\/fete-de-lindependance-sm-le-roi-recoit-un-message-de-felicitations-du-vice-president-des-emirats-arabes-unis\\\/#breadcrumb\",\"itemListElement\":[{\"@type\":\"ListItem\",\"position\":1,\"name\":\"Home\",\"item\":\"https:\\\/\\\/dpress.ma\\\/fr\\\/\"},{\"@type\":\"ListItem\",\"position\":2,\"name\":\"F\u00eate de l\u2019Ind\u00e9pendance: SM le Roi re\u00e7oit un message de f\u00e9licitations du vice-Pr\u00e9sident des \u00c9mirats arabes unis\"}]},{\"@type\":\"WebSite\",\"@id\":\"https:\\\/\\\/dpress.ma\\\/fr\\\/#website\",\"url\":\"https:\\\/\\\/dpress.ma\\\/fr\\\/\",\"name\":\"Dpress.ma\\\/fr\",\"description\":\"\",\"potentialAction\":[{\"@type\":\"SearchAction\",\"target\":{\"@type\":\"EntryPoint\",\"urlTemplate\":\"https:\\\/\\\/dpress.ma\\\/fr\\\/?s={search_term_string}\"},\"query-input\":{\"@type\":\"PropertyValueSpecification\",\"valueRequired\":true,\"valueName\":\"search_term_string\"}}],\"inLanguage\":\"fr-FR\"},{\"@type\":\"Person\",\"@id\":\"https:\\\/\\\/dpress.ma\\\/fr\\\/#\\\/schema\\\/person\\\/4898febf3ccd59e6578d838656a306a0\",\"name\":\"Dpress.ma\",\"image\":{\"@type\":\"ImageObject\",\"inLanguage\":\"fr-FR\",\"@id\":\"https:\\\/\\\/secure.gravatar.com\\\/avatar\\\/72ecc30e9db047a2e0e7176561eb9d564ed77c8108376495b19bd8336405198a?s=96&d=mm&r=g\",\"url\":\"https:\\\/\\\/secure.gravatar.com\\\/avatar\\\/72ecc30e9db047a2e0e7176561eb9d564ed77c8108376495b19bd8336405198a?s=96&d=mm&r=g\",\"contentUrl\":\"https:\\\/\\\/secure.gravatar.com\\\/avatar\\\/72ecc30e9db047a2e0e7176561eb9d564ed77c8108376495b19bd8336405198a?s=96&d=mm&r=g\",\"caption\":\"Dpress.ma\"},\"sameAs\":[\"https:\\\/\\\/www.dpress.ma\"],\"url\":\"https:\\\/\\\/dpress.ma\\\/fr\\\/author\\\/dpress-ma\\\/\"}]}<\/script>\n<!-- \/ Yoast SEO plugin. -->","yoast_head_json":{"title":"F\u00eate de l\u2019Ind\u00e9pendance: SM le Roi re\u00e7oit un message de f\u00e9licitations du vice-Pr\u00e9sident des \u00c9mirats arabes unis - Dpress.ma\/fr","description":"Sa Majest\u00e9 le Roi Mohammed VI a re\u00e7u un message de f\u00e9licitations du vice-Pr\u00e9sident des \u00c9mirats Arabes Unis, Premier ministre et Gouverneur de Duba\u00ef, Son Altesse Cheikh Mohammed bin Rached Al Maktoum, \u00e0 l\u2019occasion de la F\u00eate de l\u2019Ind\u00e9pendance.","robots":{"index":"index","follow":"follow","max-snippet":"max-snippet:-1","max-image-preview":"max-image-preview:large","max-video-preview":"max-video-preview:-1"},"canonical":"https:\/\/dpress.ma\/fr\/2022\/11\/19\/fete-de-lindependance-sm-le-roi-recoit-un-message-de-felicitations-du-vice-president-des-emirats-arabes-unis\/","og_locale":"fr_FR","og_type":"article","og_title":"F\u00eate de l\u2019Ind\u00e9pendance: SM le Roi re\u00e7oit un message de f\u00e9licitations du vice-Pr\u00e9sident des \u00c9mirats arabes unis - Dpress.ma\/fr","og_description":"Sa Majest\u00e9 le Roi Mohammed VI a re\u00e7u un message de f\u00e9licitations du vice-Pr\u00e9sident des \u00c9mirats Arabes Unis, Premier ministre et Gouverneur de Duba\u00ef, Son Altesse Cheikh Mohammed bin Rached Al Maktoum, \u00e0 l\u2019occasion de la F\u00eate de l\u2019Ind\u00e9pendance.","og_url":"https:\/\/dpress.ma\/fr\/2022\/11\/19\/fete-de-lindependance-sm-le-roi-recoit-un-message-de-felicitations-du-vice-president-des-emirats-arabes-unis\/","og_site_name":"Dpress.ma\/fr","article_published_time":"2022-11-19T08:31:57+00:00","article_modified_time":"2022-11-19T08:31:59+00:00","og_image":[{"width":2539,"height":1594,"url":"https:\/\/dpress.ma\/fr\/wp-content\/uploads\/sites\/2\/2022\/11\/dimensions2-10.jpg","type":"image\/jpeg"}],"author":"Dpress.ma","twitter_card":"summary_large_image","twitter_misc":{"\u00c9crit par":"Dpress.ma","Dur\u00e9e de lecture estim\u00e9e":"1 minute"},"schema":{"@context":"https:\/\/schema.org","@graph":[{"@type":"Article","@id":"https:\/\/dpress.ma\/fr\/2022\/11\/19\/fete-de-lindependance-sm-le-roi-recoit-un-message-de-felicitations-du-vice-president-des-emirats-arabes-unis\/#article","isPartOf":{"@id":"https:\/\/dpress.ma\/fr\/2022\/11\/19\/fete-de-lindependance-sm-le-roi-recoit-un-message-de-felicitations-du-vice-president-des-emirats-arabes-unis\/"},"author":{"name":"Dpress.ma","@id":"https:\/\/dpress.ma\/fr\/#\/schema\/person\/4898febf3ccd59e6578d838656a306a0"},"headline":"F\u00eate de l\u2019Ind\u00e9pendance: SM le Roi re\u00e7oit un message de f\u00e9licitations du vice-Pr\u00e9sident des \u00c9mirats arabes unis","datePublished":"2022-11-19T08:31:57+00:00","dateModified":"2022-11-19T08:31:59+00:00","mainEntityOfPage":{"@id":"https:\/\/dpress.ma\/fr\/2022\/11\/19\/fete-de-lindependance-sm-le-roi-recoit-un-message-de-felicitations-du-vice-president-des-emirats-arabes-unis\/"},"wordCount":119,"commentCount":0,"image":{"@id":"https:\/\/dpress.ma\/fr\/2022\/11\/19\/fete-de-lindependance-sm-le-roi-recoit-un-message-de-felicitations-du-vice-president-des-emirats-arabes-unis\/#primaryimage"},"thumbnailUrl":"https:\/\/dpress.ma\/fr\/wp-content\/uploads\/sites\/2\/2022\/11\/dimensions2-10.jpg","articleSection":["Activit\u00e9s Royales"],"inLanguage":"fr-FR","potentialAction":[{"@type":"CommentAction","name":"Comment","target":["https:\/\/dpress.ma\/fr\/2022\/11\/19\/fete-de-lindependance-sm-le-roi-recoit-un-message-de-felicitations-du-vice-president-des-emirats-arabes-unis\/#respond"]}]},{"@type":"WebPage","@id":"https:\/\/dpress.ma\/fr\/2022\/11\/19\/fete-de-lindependance-sm-le-roi-recoit-un-message-de-felicitations-du-vice-president-des-emirats-arabes-unis\/","url":"https:\/\/dpress.ma\/fr\/2022\/11\/19\/fete-de-lindependance-sm-le-roi-recoit-un-message-de-felicitations-du-vice-president-des-emirats-arabes-unis\/","name":"F\u00eate de l\u2019Ind\u00e9pendance: SM le Roi re\u00e7oit un message de f\u00e9licitations du vice-Pr\u00e9sident des \u00c9mirats arabes unis - Dpress.ma\/fr","isPartOf":{"@id":"https:\/\/dpress.ma\/fr\/#website"},"primaryImageOfPage":{"@id":"https:\/\/dpress.ma\/fr\/2022\/11\/19\/fete-de-lindependance-sm-le-roi-recoit-un-message-de-felicitations-du-vice-president-des-emirats-arabes-unis\/#primaryimage"},"image":{"@id":"https:\/\/dpress.ma\/fr\/2022\/11\/19\/fete-de-lindependance-sm-le-roi-recoit-un-message-de-felicitations-du-vice-president-des-emirats-arabes-unis\/#primaryimage"},"thumbnailUrl":"https:\/\/dpress.ma\/fr\/wp-content\/uploads\/sites\/2\/2022\/11\/dimensions2-10.jpg","datePublished":"2022-11-19T08:31:57+00:00","dateModified":"2022-11-19T08:31:59+00:00","author":{"@id":"https:\/\/dpress.ma\/fr\/#\/schema\/person\/4898febf3ccd59e6578d838656a306a0"},"description":"Sa Majest\u00e9 le Roi Mohammed VI a re\u00e7u un message de f\u00e9licitations du vice-Pr\u00e9sident des \u00c9mirats Arabes Unis, Premier ministre et Gouverneur de Duba\u00ef, Son Altesse Cheikh Mohammed bin Rached Al Maktoum, \u00e0 l\u2019occasion de la F\u00eate de l\u2019Ind\u00e9pendance.","breadcrumb":{"@id":"https:\/\/dpress.ma\/fr\/2022\/11\/19\/fete-de-lindependance-sm-le-roi-recoit-un-message-de-felicitations-du-vice-president-des-emirats-arabes-unis\/#breadcrumb"},"inLanguage":"fr-FR","potentialAction":[{"@type":"ReadAction","target":["https:\/\/dpress.ma\/fr\/2022\/11\/19\/fete-de-lindependance-sm-le-roi-recoit-un-message-de-felicitations-du-vice-president-des-emirats-arabes-unis\/"]}]},{"@type":"ImageObject","inLanguage":"fr-FR","@id":"https:\/\/dpress.ma\/fr\/2022\/11\/19\/fete-de-lindependance-sm-le-roi-recoit-un-message-de-felicitations-du-vice-president-des-emirats-arabes-unis\/#primaryimage","url":"https:\/\/dpress.ma\/fr\/wp-content\/uploads\/sites\/2\/2022\/11\/dimensions2-10.jpg","contentUrl":"https:\/\/dpress.ma\/fr\/wp-content\/uploads\/sites\/2\/2022\/11\/dimensions2-10.jpg","width":2539,"height":1594},{"@type":"BreadcrumbList","@id":"https:\/\/dpress.ma\/fr\/2022\/11\/19\/fete-de-lindependance-sm-le-roi-recoit-un-message-de-felicitations-du-vice-president-des-emirats-arabes-unis\/#breadcrumb","itemListElement":[{"@type":"ListItem","position":1,"name":"Home","item":"https:\/\/dpress.ma\/fr\/"},{"@type":"ListItem","position":2,"name":"F\u00eate de l\u2019Ind\u00e9pendance: SM le Roi re\u00e7oit un message de f\u00e9licitations du vice-Pr\u00e9sident des \u00c9mirats arabes unis"}]},{"@type":"WebSite","@id":"https:\/\/dpress.ma\/fr\/#website","url":"https:\/\/dpress.ma\/fr\/","name":"Dpress.ma\/fr","description":"","potentialAction":[{"@type":"SearchAction","target":{"@type":"EntryPoint","urlTemplate":"https:\/\/dpress.ma\/fr\/?s={search_term_string}"},"query-input":{"@type":"PropertyValueSpecification","valueRequired":true,"valueName":"search_term_string"}}],"inLanguage":"fr-FR"},{"@type":"Person","@id":"https:\/\/dpress.ma\/fr\/#\/schema\/person\/4898febf3ccd59e6578d838656a306a0","name":"Dpress.ma","image":{"@type":"ImageObject","inLanguage":"fr-FR","@id":"https:\/\/secure.gravatar.com\/avatar\/72ecc30e9db047a2e0e7176561eb9d564ed77c8108376495b19bd8336405198a?s=96&d=mm&r=g","url":"https:\/\/secure.gravatar.com\/avatar\/72ecc30e9db047a2e0e7176561eb9d564ed77c8108376495b19bd8336405198a?s=96&d=mm&r=g","contentUrl":"https:\/\/secure.gravatar.com\/avatar\/72ecc30e9db047a2e0e7176561eb9d564ed77c8108376495b19bd8336405198a?s=96&d=mm&r=g","caption":"Dpress.ma"},"sameAs":["https:\/\/www.dpress.ma"],"url":"https:\/\/dpress.ma\/fr\/author\/dpress-ma\/"}]}},"amp_enabled":true,"_links":{"self":[{"href":"https:\/\/dpress.ma\/fr\/wp-json\/wp\/v2\/posts\/2581","targetHints":{"allow":["GET"]}}],"collection":[{"href":"https:\/\/dpress.ma\/fr\/wp-json\/wp\/v2\/posts"}],"about":[{"href":"https:\/\/dpress.ma\/fr\/wp-json\/wp\/v2\/types\/post"}],"author":[{"embeddable":true,"href":"https:\/\/dpress.ma\/fr\/wp-json\/wp\/v2\/users\/2"}],"replies":[{"embeddable":true,"href":"https:\/\/dpress.ma\/fr\/wp-json\/wp\/v2\/comments?post=2581"}],"version-history":[{"count":1,"href":"https:\/\/dpress.ma\/fr\/wp-json\/wp\/v2\/posts\/2581\/revisions"}],"predecessor-version":[{"id":2582,"href":"https:\/\/dpress.ma\/fr\/wp-json\/wp\/v2\/posts\/2581\/revisions\/2582"}],"wp:featuredmedia":[{"embeddable":true,"href":"https:\/\/dpress.ma\/fr\/wp-json\/wp\/v2\/media\/2422"}],"wp:attachment":[{"href":"https:\/\/dpress.ma\/fr\/wp-json\/wp\/v2\/media?parent=2581"}],"wp:term":[{"taxonomy":"category","embeddable":true,"href":"https:\/\/dpress.ma\/fr\/wp-json\/wp\/v2\/categories?post=2581"},{"taxonomy":"post_tag","embeddable":true,"href":"https:\/\/dpress.ma\/fr\/wp-json\/wp\/v2\/tags?post=2581"}],"curies":[{"name":"wp","href":"https:\/\/api.w.org\/{rel}","templated":true}]}}