{"id":2570,"date":"2022-11-17T11:50:12","date_gmt":"2022-11-17T11:50:12","guid":{"rendered":"https:\/\/dpress.ma\/fr\/?p=2570"},"modified":"2022-11-17T11:50:13","modified_gmt":"2022-11-17T11:50:13","slug":"anniversaire-de-sar-la-princesse-lalla-hasnaa-un-engagement-constant-en-faveur-de-la-defense-des-questions-environnementales","status":"publish","type":"post","link":"https:\/\/dpress.ma\/fr\/2022\/11\/17\/anniversaire-de-sar-la-princesse-lalla-hasnaa-un-engagement-constant-en-faveur-de-la-defense-des-questions-environnementales\/","title":{"rendered":"Anniversaire de SAR la Princesse Lalla Hasnaa: Un engagement constant en faveur de la d\u00e9fense des questions environnementales"},"content":{"rendered":"\n<p>Dpress<\/p>\n\n\n\n<p>Le peuple marocain et l\u2019Auguste Famille Royale c\u00e9l\u00e8brent, samedi, l\u2019anniversaire de Son Altesse Royale la Princesse Lalla Hasnaa, qui a toujours fait preuve d\u2019un engagement constant et multiforme en faveur de la promotion d\u2019un d\u00e9veloppement durable.<\/p>\n\n\n\n<p>Le 19 novembre de chaque ann\u00e9e repr\u00e9sente, en effet, l\u2019occasion de s\u2019arr\u00eater sur les multiples initiatives de SAR la Princesse Lalla Hasnaa, pr\u00e9sidente de la Fondation Mohammed VI pour la Protection de l\u2019Environnement, en faveur du d\u00e9veloppement et de la diffusion de la culture environnementale.<\/p>\n\n\n\n<p>La derni\u00e8re action en date de Son Altesse Royale est sa participation remarqu\u00e9e \u00e0 la 27\u00e8me Conf\u00e9rence des parties \u00e0 la Convention-cadre des Nations Unies sur les changements climatiques (COP 27), organis\u00e9e du 06 au 18 novembre 2022 \u00e0 Charm el-Cheikh en \u00c9gypte.<\/p>\n\n\n\n<p>Ainsi, le 09 novembre, SAR la Princesse Lalla Hasnaa, Ambassadeur de bonne volont\u00e9 de la Commission Climat du Bassin du Congo et du Fonds Bleu pour le Bassin du Congo, a pr\u00e9sid\u00e9 \u00e0 Charm el-Cheikh, un Side Event de haut niveau sur \u201cLa Finance climat au centre de l\u2019op\u00e9rationnalisation de la Commission climat du Bassin du Congo et du Fonds Bleu pour le Bassin du Congo\u201d, organis\u00e9 dans le cadre de la COP 27.<\/p>\n\n\n\n<p>A cette occasion, Son Altesse Royale a prononc\u00e9 une allocution dans laquelle elle a soulign\u00e9 le fort engagement du Maroc \u00e0 soutenir l\u2019action des trois Commissions Climat Africaines.<\/p>\n\n\n\n<p>\u201cLe Royaume du Maroc, en tant que pays partenaire fondateur, et surtout en tant que membre africain solidaire de la R\u00e9gion, est r\u00e9solument engag\u00e9 \u00e0 contribuer \u00e0 la r\u00e9alisation des objectifs arr\u00eat\u00e9s \u00e0 l\u2019occasion du premier Sommet de Brazzaville et des actions concr\u00e8tes pr\u00e9conis\u00e9es depuis lors\u201d, a affirm\u00e9 SAR la Princesse Lalla Hasnaa, soulignant le fort engagement du Maroc, au plus haut niveau, pour accompagner le renforcement des deux autres Commissions Climat Africaines.<\/p>\n\n\n\n<p>Au cours de la m\u00eame journ\u00e9e, Son Altesse Royale s\u2019est entretenue, \u00e0 Charm el-Cheikh, avec le Secr\u00e9taire ex\u00e9cutif de la Convention-cadre des Nations Unies sur les changements climatiques (CCNUCC), M. Simon Stiell.<\/p>\n\n\n\n<p>Le 08 novembre, Son Altesse Royale la Princesse Lalla Hasnaa, a re\u00e7u, \u00e0 sa r\u00e9sidence \u00e0 Charm El-Cheikh, la ministre congolaise de l\u2019Environnement et du D\u00e9veloppement durable, coordinatrice technique de la Commission climat du bassin du Congo, Mme Arlette Soudan-Nonault, en marge de la COP 27.<\/p>\n\n\n\n<p>Le 03 octobre dernier, SAR la Princesse Lalla Hasnaa a pr\u00e9sid\u00e9 \u00e0 Marrakech le Conseil d\u2019administration de la Fondation Mohammed VI pour la Protection de l\u2019Environnement, une occasion pour Son Altesse Royale de mettre en lumi\u00e8re les principales r\u00e9alisations de la Fondation.<\/p>\n\n\n\n<p>Le lendemain, Son Altesse Royale a proc\u00e9d\u00e9, \u00e0 la ville ocre, \u00e0 l\u2019inauguration du Parc de l\u2019Oliveraie de \u201cGhabat Chabab\u201d, r\u00e9habilit\u00e9 dans le cadre du programme \u201cR\u00e9habilitation des jardins et parcs historiques\u201d de la Fondation Mohammed VI pour la Protection de l\u2019Environnement.<\/p>\n\n\n\n<p>Son Altesse Royale la Princesse Lalla Hasnaa a proc\u00e9d\u00e9, le 9 juin \u00e0 F\u00e8s, \u00e0 l\u2019inauguration de \u201cDar Tazi\u201d, si\u00e8ge de l\u2019association F\u00e8s-Saiss pour le d\u00e9veloppement culturel, social et \u00e9conomique, et de la Fondation \u201cEsprit de F\u00e8s\u201d, avant de pr\u00e9sider, le soir du m\u00eame jour, la c\u00e9r\u00e9monie d\u2019ouverture de la 26\u00e8me \u00e9dition du Festival de F\u00e8s des Musiques sacr\u00e9es du monde, organis\u00e9e sous le Haut Patronage de SM le Roi Mohammed VI, autour de la th\u00e9matique \u201cL\u2019architecture et le sacr\u00e9\u201d.<\/p>\n\n\n\n<p>Le 06 mai dernier, Son Altesse Royale la Princesse Lalla Hasnaa, Pr\u00e9sidente de la Fondation pour la Sauvegarde du Patrimoine Culturel de Rabat, avait pr\u00e9sid\u00e9 le Conseil d\u2019Administration de la Fondation, consacr\u00e9 \u00e0 arr\u00eater les comptes pour les exercices 2020 et 2021.<\/p>\n\n\n\n<p>Lors de ce Conseil, Son Altesse Royale s\u2019est f\u00e9licit\u00e9e de la derni\u00e8re d\u00e9cision du Comit\u00e9 du Patrimoine Mondial sur l\u2019\u00e9tat de conservation du bien inscrit de la ville de Rabat, ainsi que de l\u2019importance du travail accompli depuis l\u2019inscription, en 2012, sur la liste du patrimoine mondial de l\u2019UNESCO de \u201cRabat, Capitale moderne et ville historique : un patrimoine en partage\u201d.<\/p>\n\n\n\n<p>L\u2019ann\u00e9e 2021 a, par ailleurs, \u00e9t\u00e9 marqu\u00e9e par la nomination de SAR la Princesse Lalla Hasnaa marraine de l\u2019alliance de la D\u00e9cennie pour les Sciences oc\u00e9anographiques, un r\u00e9seau d\u2019\u00e9minents partenaires du monde, engag\u00e9s dans l\u2019action en faveur de l\u2019oc\u00e9an.<\/p>\n\n\n\n<p>Avec des actions et activit\u00e9s diverses et diversifi\u00e9es, SAR la Princesse Lalla Hasnaa fait montre d\u2019une d\u00e9termination et d\u2019un engagement profonds et in\u00e9gal\u00e9s, qui ne cessent d\u2019inspirer et de faire la fiert\u00e9 de tout un peuple.<\/p>\n","protected":false},"excerpt":{"rendered":"<p>Dpress Le peuple marocain et l\u2019Auguste Famille Royale c\u00e9l\u00e8brent, samedi, l\u2019anniversaire de Son Altesse Royale la Princesse Lalla Hasnaa, qui a toujours fait preuve d\u2019un engagement constant et multiforme en faveur de la promotion d\u2019un d\u00e9veloppement durable. Le 19 novembre de chaque ann\u00e9e repr\u00e9sente, en effet, l\u2019occasion de s\u2019arr\u00eater sur les multiples initiatives de SAR &hellip;<\/p>\n","protected":false},"author":2,"featured_media":2571,"comment_status":"open","ping_status":"open","sticky":false,"template":"","format":"standard","meta":{"footnotes":""},"categories":[29],"tags":[],"class_list":["post-2570","post","type-post","status-publish","format-standard","has-post-thumbnail","hentry","category-activites-royales"],"yoast_head":"<!-- This site is optimized with the Yoast SEO plugin v27.5 - https:\/\/yoast.com\/product\/yoast-seo-wordpress\/ -->\n<title>Anniversaire de SAR la Princesse Lalla Hasnaa: Un engagement constant en faveur de la d\u00e9fense des questions environnementales - Dpress.ma\/fr<\/title>\n<meta name=\"robots\" content=\"index, follow, max-snippet:-1, max-image-preview:large, max-video-preview:-1\" \/>\n<link rel=\"canonical\" href=\"https:\/\/dpress.ma\/fr\/2022\/11\/17\/anniversaire-de-sar-la-princesse-lalla-hasnaa-un-engagement-constant-en-faveur-de-la-defense-des-questions-environnementales\/\" \/>\n<meta property=\"og:locale\" content=\"fr_FR\" \/>\n<meta property=\"og:type\" content=\"article\" \/>\n<meta property=\"og:title\" content=\"Anniversaire de SAR la Princesse Lalla Hasnaa: Un engagement constant en faveur de la d\u00e9fense des questions environnementales - Dpress.ma\/fr\" \/>\n<meta property=\"og:description\" content=\"Dpress Le peuple marocain et l\u2019Auguste Famille Royale c\u00e9l\u00e8brent, samedi, l\u2019anniversaire de Son Altesse Royale la Princesse Lalla Hasnaa, qui a toujours fait preuve d\u2019un engagement constant et multiforme en faveur de la promotion d\u2019un d\u00e9veloppement durable. Le 19 novembre de chaque ann\u00e9e repr\u00e9sente, en effet, l\u2019occasion de s\u2019arr\u00eater sur les multiples initiatives de SAR &hellip;\" \/>\n<meta property=\"og:url\" content=\"https:\/\/dpress.ma\/fr\/2022\/11\/17\/anniversaire-de-sar-la-princesse-lalla-hasnaa-un-engagement-constant-en-faveur-de-la-defense-des-questions-environnementales\/\" \/>\n<meta property=\"og:site_name\" content=\"Dpress.ma\/fr\" \/>\n<meta property=\"article:published_time\" content=\"2022-11-17T11:50:12+00:00\" \/>\n<meta property=\"article:modified_time\" content=\"2022-11-17T11:50:13+00:00\" \/>\n<meta property=\"og:image\" content=\"https:\/\/dpress.ma\/fr\/wp-content\/uploads\/sites\/2\/2022\/11\/dimensions2-40.jpg\" \/>\n\t<meta property=\"og:image:width\" content=\"2539\" \/>\n\t<meta property=\"og:image:height\" content=\"1594\" \/>\n\t<meta property=\"og:image:type\" content=\"image\/jpeg\" \/>\n<meta name=\"author\" content=\"Dpress.ma\" \/>\n<meta name=\"twitter:card\" content=\"summary_large_image\" \/>\n<meta name=\"twitter:label1\" content=\"\u00c9crit par\" \/>\n\t<meta name=\"twitter:data1\" content=\"Dpress.ma\" \/>\n\t<meta name=\"twitter:label2\" content=\"Dur\u00e9e de lecture estim\u00e9e\" \/>\n\t<meta name=\"twitter:data2\" content=\"4 minutes\" \/>\n<script type=\"application\/ld+json\" class=\"yoast-schema-graph\">{\"@context\":\"https:\\\/\\\/schema.org\",\"@graph\":[{\"@type\":\"Article\",\"@id\":\"https:\\\/\\\/dpress.ma\\\/fr\\\/2022\\\/11\\\/17\\\/anniversaire-de-sar-la-princesse-lalla-hasnaa-un-engagement-constant-en-faveur-de-la-defense-des-questions-environnementales\\\/#article\",\"isPartOf\":{\"@id\":\"https:\\\/\\\/dpress.ma\\\/fr\\\/2022\\\/11\\\/17\\\/anniversaire-de-sar-la-princesse-lalla-hasnaa-un-engagement-constant-en-faveur-de-la-defense-des-questions-environnementales\\\/\"},\"author\":{\"name\":\"Dpress.ma\",\"@id\":\"https:\\\/\\\/dpress.ma\\\/fr\\\/#\\\/schema\\\/person\\\/4898febf3ccd59e6578d838656a306a0\"},\"headline\":\"Anniversaire de SAR la Princesse Lalla Hasnaa: Un engagement constant en faveur de la d\u00e9fense des questions environnementales\",\"datePublished\":\"2022-11-17T11:50:12+00:00\",\"dateModified\":\"2022-11-17T11:50:13+00:00\",\"mainEntityOfPage\":{\"@id\":\"https:\\\/\\\/dpress.ma\\\/fr\\\/2022\\\/11\\\/17\\\/anniversaire-de-sar-la-princesse-lalla-hasnaa-un-engagement-constant-en-faveur-de-la-defense-des-questions-environnementales\\\/\"},\"wordCount\":808,\"commentCount\":0,\"image\":{\"@id\":\"https:\\\/\\\/dpress.ma\\\/fr\\\/2022\\\/11\\\/17\\\/anniversaire-de-sar-la-princesse-lalla-hasnaa-un-engagement-constant-en-faveur-de-la-defense-des-questions-environnementales\\\/#primaryimage\"},\"thumbnailUrl\":\"https:\\\/\\\/dpress.ma\\\/fr\\\/wp-content\\\/uploads\\\/sites\\\/2\\\/2022\\\/11\\\/dimensions2-40.jpg\",\"articleSection\":[\"Activit\u00e9s Royales\"],\"inLanguage\":\"fr-FR\",\"potentialAction\":[{\"@type\":\"CommentAction\",\"name\":\"Comment\",\"target\":[\"https:\\\/\\\/dpress.ma\\\/fr\\\/2022\\\/11\\\/17\\\/anniversaire-de-sar-la-princesse-lalla-hasnaa-un-engagement-constant-en-faveur-de-la-defense-des-questions-environnementales\\\/#respond\"]}]},{\"@type\":\"WebPage\",\"@id\":\"https:\\\/\\\/dpress.ma\\\/fr\\\/2022\\\/11\\\/17\\\/anniversaire-de-sar-la-princesse-lalla-hasnaa-un-engagement-constant-en-faveur-de-la-defense-des-questions-environnementales\\\/\",\"url\":\"https:\\\/\\\/dpress.ma\\\/fr\\\/2022\\\/11\\\/17\\\/anniversaire-de-sar-la-princesse-lalla-hasnaa-un-engagement-constant-en-faveur-de-la-defense-des-questions-environnementales\\\/\",\"name\":\"Anniversaire de SAR la Princesse Lalla Hasnaa: Un engagement constant en faveur de la d\u00e9fense des questions environnementales - Dpress.ma\\\/fr\",\"isPartOf\":{\"@id\":\"https:\\\/\\\/dpress.ma\\\/fr\\\/#website\"},\"primaryImageOfPage\":{\"@id\":\"https:\\\/\\\/dpress.ma\\\/fr\\\/2022\\\/11\\\/17\\\/anniversaire-de-sar-la-princesse-lalla-hasnaa-un-engagement-constant-en-faveur-de-la-defense-des-questions-environnementales\\\/#primaryimage\"},\"image\":{\"@id\":\"https:\\\/\\\/dpress.ma\\\/fr\\\/2022\\\/11\\\/17\\\/anniversaire-de-sar-la-princesse-lalla-hasnaa-un-engagement-constant-en-faveur-de-la-defense-des-questions-environnementales\\\/#primaryimage\"},\"thumbnailUrl\":\"https:\\\/\\\/dpress.ma\\\/fr\\\/wp-content\\\/uploads\\\/sites\\\/2\\\/2022\\\/11\\\/dimensions2-40.jpg\",\"datePublished\":\"2022-11-17T11:50:12+00:00\",\"dateModified\":\"2022-11-17T11:50:13+00:00\",\"author\":{\"@id\":\"https:\\\/\\\/dpress.ma\\\/fr\\\/#\\\/schema\\\/person\\\/4898febf3ccd59e6578d838656a306a0\"},\"breadcrumb\":{\"@id\":\"https:\\\/\\\/dpress.ma\\\/fr\\\/2022\\\/11\\\/17\\\/anniversaire-de-sar-la-princesse-lalla-hasnaa-un-engagement-constant-en-faveur-de-la-defense-des-questions-environnementales\\\/#breadcrumb\"},\"inLanguage\":\"fr-FR\",\"potentialAction\":[{\"@type\":\"ReadAction\",\"target\":[\"https:\\\/\\\/dpress.ma\\\/fr\\\/2022\\\/11\\\/17\\\/anniversaire-de-sar-la-princesse-lalla-hasnaa-un-engagement-constant-en-faveur-de-la-defense-des-questions-environnementales\\\/\"]}]},{\"@type\":\"ImageObject\",\"inLanguage\":\"fr-FR\",\"@id\":\"https:\\\/\\\/dpress.ma\\\/fr\\\/2022\\\/11\\\/17\\\/anniversaire-de-sar-la-princesse-lalla-hasnaa-un-engagement-constant-en-faveur-de-la-defense-des-questions-environnementales\\\/#primaryimage\",\"url\":\"https:\\\/\\\/dpress.ma\\\/fr\\\/wp-content\\\/uploads\\\/sites\\\/2\\\/2022\\\/11\\\/dimensions2-40.jpg\",\"contentUrl\":\"https:\\\/\\\/dpress.ma\\\/fr\\\/wp-content\\\/uploads\\\/sites\\\/2\\\/2022\\\/11\\\/dimensions2-40.jpg\",\"width\":2539,\"height\":1594},{\"@type\":\"BreadcrumbList\",\"@id\":\"https:\\\/\\\/dpress.ma\\\/fr\\\/2022\\\/11\\\/17\\\/anniversaire-de-sar-la-princesse-lalla-hasnaa-un-engagement-constant-en-faveur-de-la-defense-des-questions-environnementales\\\/#breadcrumb\",\"itemListElement\":[{\"@type\":\"ListItem\",\"position\":1,\"name\":\"Home\",\"item\":\"https:\\\/\\\/dpress.ma\\\/fr\\\/\"},{\"@type\":\"ListItem\",\"position\":2,\"name\":\"Anniversaire de SAR la Princesse Lalla Hasnaa: Un engagement constant en faveur de la d\u00e9fense des questions environnementales\"}]},{\"@type\":\"WebSite\",\"@id\":\"https:\\\/\\\/dpress.ma\\\/fr\\\/#website\",\"url\":\"https:\\\/\\\/dpress.ma\\\/fr\\\/\",\"name\":\"Dpress.ma\\\/fr\",\"description\":\"\",\"potentialAction\":[{\"@type\":\"SearchAction\",\"target\":{\"@type\":\"EntryPoint\",\"urlTemplate\":\"https:\\\/\\\/dpress.ma\\\/fr\\\/?s={search_term_string}\"},\"query-input\":{\"@type\":\"PropertyValueSpecification\",\"valueRequired\":true,\"valueName\":\"search_term_string\"}}],\"inLanguage\":\"fr-FR\"},{\"@type\":\"Person\",\"@id\":\"https:\\\/\\\/dpress.ma\\\/fr\\\/#\\\/schema\\\/person\\\/4898febf3ccd59e6578d838656a306a0\",\"name\":\"Dpress.ma\",\"image\":{\"@type\":\"ImageObject\",\"inLanguage\":\"fr-FR\",\"@id\":\"https:\\\/\\\/secure.gravatar.com\\\/avatar\\\/72ecc30e9db047a2e0e7176561eb9d564ed77c8108376495b19bd8336405198a?s=96&d=mm&r=g\",\"url\":\"https:\\\/\\\/secure.gravatar.com\\\/avatar\\\/72ecc30e9db047a2e0e7176561eb9d564ed77c8108376495b19bd8336405198a?s=96&d=mm&r=g\",\"contentUrl\":\"https:\\\/\\\/secure.gravatar.com\\\/avatar\\\/72ecc30e9db047a2e0e7176561eb9d564ed77c8108376495b19bd8336405198a?s=96&d=mm&r=g\",\"caption\":\"Dpress.ma\"},\"sameAs\":[\"https:\\\/\\\/www.dpress.ma\"],\"url\":\"https:\\\/\\\/dpress.ma\\\/fr\\\/author\\\/dpress-ma\\\/\"}]}<\/script>\n<!-- \/ Yoast SEO plugin. -->","yoast_head_json":{"title":"Anniversaire de SAR la Princesse Lalla Hasnaa: Un engagement constant en faveur de la d\u00e9fense des questions environnementales - Dpress.ma\/fr","robots":{"index":"index","follow":"follow","max-snippet":"max-snippet:-1","max-image-preview":"max-image-preview:large","max-video-preview":"max-video-preview:-1"},"canonical":"https:\/\/dpress.ma\/fr\/2022\/11\/17\/anniversaire-de-sar-la-princesse-lalla-hasnaa-un-engagement-constant-en-faveur-de-la-defense-des-questions-environnementales\/","og_locale":"fr_FR","og_type":"article","og_title":"Anniversaire de SAR la Princesse Lalla Hasnaa: Un engagement constant en faveur de la d\u00e9fense des questions environnementales - Dpress.ma\/fr","og_description":"Dpress Le peuple marocain et l\u2019Auguste Famille Royale c\u00e9l\u00e8brent, samedi, l\u2019anniversaire de Son Altesse Royale la Princesse Lalla Hasnaa, qui a toujours fait preuve d\u2019un engagement constant et multiforme en faveur de la promotion d\u2019un d\u00e9veloppement durable. Le 19 novembre de chaque ann\u00e9e repr\u00e9sente, en effet, l\u2019occasion de s\u2019arr\u00eater sur les multiples initiatives de SAR &hellip;","og_url":"https:\/\/dpress.ma\/fr\/2022\/11\/17\/anniversaire-de-sar-la-princesse-lalla-hasnaa-un-engagement-constant-en-faveur-de-la-defense-des-questions-environnementales\/","og_site_name":"Dpress.ma\/fr","article_published_time":"2022-11-17T11:50:12+00:00","article_modified_time":"2022-11-17T11:50:13+00:00","og_image":[{"width":2539,"height":1594,"url":"https:\/\/dpress.ma\/fr\/wp-content\/uploads\/sites\/2\/2022\/11\/dimensions2-40.jpg","type":"image\/jpeg"}],"author":"Dpress.ma","twitter_card":"summary_large_image","twitter_misc":{"\u00c9crit par":"Dpress.ma","Dur\u00e9e de lecture estim\u00e9e":"4 minutes"},"schema":{"@context":"https:\/\/schema.org","@graph":[{"@type":"Article","@id":"https:\/\/dpress.ma\/fr\/2022\/11\/17\/anniversaire-de-sar-la-princesse-lalla-hasnaa-un-engagement-constant-en-faveur-de-la-defense-des-questions-environnementales\/#article","isPartOf":{"@id":"https:\/\/dpress.ma\/fr\/2022\/11\/17\/anniversaire-de-sar-la-princesse-lalla-hasnaa-un-engagement-constant-en-faveur-de-la-defense-des-questions-environnementales\/"},"author":{"name":"Dpress.ma","@id":"https:\/\/dpress.ma\/fr\/#\/schema\/person\/4898febf3ccd59e6578d838656a306a0"},"headline":"Anniversaire de SAR la Princesse Lalla Hasnaa: Un engagement constant en faveur de la d\u00e9fense des questions environnementales","datePublished":"2022-11-17T11:50:12+00:00","dateModified":"2022-11-17T11:50:13+00:00","mainEntityOfPage":{"@id":"https:\/\/dpress.ma\/fr\/2022\/11\/17\/anniversaire-de-sar-la-princesse-lalla-hasnaa-un-engagement-constant-en-faveur-de-la-defense-des-questions-environnementales\/"},"wordCount":808,"commentCount":0,"image":{"@id":"https:\/\/dpress.ma\/fr\/2022\/11\/17\/anniversaire-de-sar-la-princesse-lalla-hasnaa-un-engagement-constant-en-faveur-de-la-defense-des-questions-environnementales\/#primaryimage"},"thumbnailUrl":"https:\/\/dpress.ma\/fr\/wp-content\/uploads\/sites\/2\/2022\/11\/dimensions2-40.jpg","articleSection":["Activit\u00e9s Royales"],"inLanguage":"fr-FR","potentialAction":[{"@type":"CommentAction","name":"Comment","target":["https:\/\/dpress.ma\/fr\/2022\/11\/17\/anniversaire-de-sar-la-princesse-lalla-hasnaa-un-engagement-constant-en-faveur-de-la-defense-des-questions-environnementales\/#respond"]}]},{"@type":"WebPage","@id":"https:\/\/dpress.ma\/fr\/2022\/11\/17\/anniversaire-de-sar-la-princesse-lalla-hasnaa-un-engagement-constant-en-faveur-de-la-defense-des-questions-environnementales\/","url":"https:\/\/dpress.ma\/fr\/2022\/11\/17\/anniversaire-de-sar-la-princesse-lalla-hasnaa-un-engagement-constant-en-faveur-de-la-defense-des-questions-environnementales\/","name":"Anniversaire de SAR la Princesse Lalla Hasnaa: Un engagement constant en faveur de la d\u00e9fense des questions environnementales - Dpress.ma\/fr","isPartOf":{"@id":"https:\/\/dpress.ma\/fr\/#website"},"primaryImageOfPage":{"@id":"https:\/\/dpress.ma\/fr\/2022\/11\/17\/anniversaire-de-sar-la-princesse-lalla-hasnaa-un-engagement-constant-en-faveur-de-la-defense-des-questions-environnementales\/#primaryimage"},"image":{"@id":"https:\/\/dpress.ma\/fr\/2022\/11\/17\/anniversaire-de-sar-la-princesse-lalla-hasnaa-un-engagement-constant-en-faveur-de-la-defense-des-questions-environnementales\/#primaryimage"},"thumbnailUrl":"https:\/\/dpress.ma\/fr\/wp-content\/uploads\/sites\/2\/2022\/11\/dimensions2-40.jpg","datePublished":"2022-11-17T11:50:12+00:00","dateModified":"2022-11-17T11:50:13+00:00","author":{"@id":"https:\/\/dpress.ma\/fr\/#\/schema\/person\/4898febf3ccd59e6578d838656a306a0"},"breadcrumb":{"@id":"https:\/\/dpress.ma\/fr\/2022\/11\/17\/anniversaire-de-sar-la-princesse-lalla-hasnaa-un-engagement-constant-en-faveur-de-la-defense-des-questions-environnementales\/#breadcrumb"},"inLanguage":"fr-FR","potentialAction":[{"@type":"ReadAction","target":["https:\/\/dpress.ma\/fr\/2022\/11\/17\/anniversaire-de-sar-la-princesse-lalla-hasnaa-un-engagement-constant-en-faveur-de-la-defense-des-questions-environnementales\/"]}]},{"@type":"ImageObject","inLanguage":"fr-FR","@id":"https:\/\/dpress.ma\/fr\/2022\/11\/17\/anniversaire-de-sar-la-princesse-lalla-hasnaa-un-engagement-constant-en-faveur-de-la-defense-des-questions-environnementales\/#primaryimage","url":"https:\/\/dpress.ma\/fr\/wp-content\/uploads\/sites\/2\/2022\/11\/dimensions2-40.jpg","contentUrl":"https:\/\/dpress.ma\/fr\/wp-content\/uploads\/sites\/2\/2022\/11\/dimensions2-40.jpg","width":2539,"height":1594},{"@type":"BreadcrumbList","@id":"https:\/\/dpress.ma\/fr\/2022\/11\/17\/anniversaire-de-sar-la-princesse-lalla-hasnaa-un-engagement-constant-en-faveur-de-la-defense-des-questions-environnementales\/#breadcrumb","itemListElement":[{"@type":"ListItem","position":1,"name":"Home","item":"https:\/\/dpress.ma\/fr\/"},{"@type":"ListItem","position":2,"name":"Anniversaire de SAR la Princesse Lalla Hasnaa: Un engagement constant en faveur de la d\u00e9fense des questions environnementales"}]},{"@type":"WebSite","@id":"https:\/\/dpress.ma\/fr\/#website","url":"https:\/\/dpress.ma\/fr\/","name":"Dpress.ma\/fr","description":"","potentialAction":[{"@type":"SearchAction","target":{"@type":"EntryPoint","urlTemplate":"https:\/\/dpress.ma\/fr\/?s={search_term_string}"},"query-input":{"@type":"PropertyValueSpecification","valueRequired":true,"valueName":"search_term_string"}}],"inLanguage":"fr-FR"},{"@type":"Person","@id":"https:\/\/dpress.ma\/fr\/#\/schema\/person\/4898febf3ccd59e6578d838656a306a0","name":"Dpress.ma","image":{"@type":"ImageObject","inLanguage":"fr-FR","@id":"https:\/\/secure.gravatar.com\/avatar\/72ecc30e9db047a2e0e7176561eb9d564ed77c8108376495b19bd8336405198a?s=96&d=mm&r=g","url":"https:\/\/secure.gravatar.com\/avatar\/72ecc30e9db047a2e0e7176561eb9d564ed77c8108376495b19bd8336405198a?s=96&d=mm&r=g","contentUrl":"https:\/\/secure.gravatar.com\/avatar\/72ecc30e9db047a2e0e7176561eb9d564ed77c8108376495b19bd8336405198a?s=96&d=mm&r=g","caption":"Dpress.ma"},"sameAs":["https:\/\/www.dpress.ma"],"url":"https:\/\/dpress.ma\/fr\/author\/dpress-ma\/"}]}},"amp_enabled":true,"_links":{"self":[{"href":"https:\/\/dpress.ma\/fr\/wp-json\/wp\/v2\/posts\/2570","targetHints":{"allow":["GET"]}}],"collection":[{"href":"https:\/\/dpress.ma\/fr\/wp-json\/wp\/v2\/posts"}],"about":[{"href":"https:\/\/dpress.ma\/fr\/wp-json\/wp\/v2\/types\/post"}],"author":[{"embeddable":true,"href":"https:\/\/dpress.ma\/fr\/wp-json\/wp\/v2\/users\/2"}],"replies":[{"embeddable":true,"href":"https:\/\/dpress.ma\/fr\/wp-json\/wp\/v2\/comments?post=2570"}],"version-history":[{"count":1,"href":"https:\/\/dpress.ma\/fr\/wp-json\/wp\/v2\/posts\/2570\/revisions"}],"predecessor-version":[{"id":2572,"href":"https:\/\/dpress.ma\/fr\/wp-json\/wp\/v2\/posts\/2570\/revisions\/2572"}],"wp:featuredmedia":[{"embeddable":true,"href":"https:\/\/dpress.ma\/fr\/wp-json\/wp\/v2\/media\/2571"}],"wp:attachment":[{"href":"https:\/\/dpress.ma\/fr\/wp-json\/wp\/v2\/media?parent=2570"}],"wp:term":[{"taxonomy":"category","embeddable":true,"href":"https:\/\/dpress.ma\/fr\/wp-json\/wp\/v2\/categories?post=2570"},{"taxonomy":"post_tag","embeddable":true,"href":"https:\/\/dpress.ma\/fr\/wp-json\/wp\/v2\/tags?post=2570"}],"curies":[{"name":"wp","href":"https:\/\/api.w.org\/{rel}","templated":true}]}}