{"id":25554,"date":"2026-03-08T11:00:00","date_gmt":"2026-03-08T11:00:00","guid":{"rendered":"https:\/\/dpress.ma\/fr\/?p=25554"},"modified":"2026-03-08T23:15:48","modified_gmt":"2026-03-08T23:15:48","slug":"previsions-meteorologiques-pour-lundi-9-mars-2026","status":"publish","type":"post","link":"https:\/\/dpress.ma\/fr\/2026\/03\/08\/previsions-meteorologiques-pour-lundi-9-mars-2026\/","title":{"rendered":"Pr\u00e9visions m\u00e9t\u00e9orologiques pour lundi 9 mars 2026"},"content":{"rendered":"\n<p>Dpress<\/p>\n\n\n\n<p>Voici les pr\u00e9visions m\u00e9t\u00e9orologiques pour le lundi 9 mars 2026, \u00e9tablies par la Direction g\u00e9n\u00e9rale de la m\u00e9t\u00e9orologie :<br>\u2013 Temps assez froid \u00e0 localement froid sur l\u2019Atlas, le Rif, les Hauts plateaux et le Sud-est durant la matin\u00e9e et la nuit.<\/p>\n\n\n\n<p>\u2013 Nuages bas assez denses sur les plaines atlantiques nord et centre, Oulm\u00e8s, le Saiss et le Nord de l\u2019Oriental avec formations brumeuses ou bruines locales.<\/p>\n\n\n\n<p>\u2013 Ciel passag\u00e8rement nuageux sur le Rif, l\u2019Atlas, la M\u00e9diterran\u00e9e, l\u2019Oriental et le Nord-ouest avec ond\u00e9es \u00e9parses.<\/p>\n\n\n\n<p>\u2013 Pluies ou averses en deuxi\u00e8me partie de la nuit par endroits sur les plaines atlantiques nord et centre, l\u2019Ouest de la M\u00e9diterran\u00e9e, le Saiss, Oulm\u00e8s, l\u2019Atlas et le Nord de l\u2019Oriental.<\/p>\n\n\n\n<p>\u2013 Rafales de vent assez fortes sur les c\u00f4tes centre, les provinces sud et localement sur le Sud-est avec chasse-sables par endroits.<\/p>\n\n\n\n<p>\u2013 Temp\u00e9rature minimale de l\u2019ordre de -05\/00\u00b0C sur l\u2019Atlas, de 00\/06\u00b0C sur le Rif, les Hauts plateaux et les versants est de l\u2019Atlas, de 08\/15\u00b0C localement sur les provinces sahariennes et le Sud-est, et de 05\/08\u00b0C partout ailleurs.<\/p>\n\n\n\n<p>\u2013 Temp\u00e9rature diurne l\u00e9g\u00e8re baisse sur l\u2019Oriental, le Sud-est et les plaines nord, et en hausse ou peu variables ailleurs.<\/p>\n\n\n\n<p>\u2013 Mer belle \u00e0 peu agit\u00e9e en M\u00e9diterran\u00e9e et sur le D\u00e9troit, peu agit\u00e9e \u00e0 agit\u00e9e entre Tanger et Larache et agit\u00e9e \u00e0 forte ailleurs.<\/p>\n","protected":false},"excerpt":{"rendered":"<p>Dpress Voici les pr\u00e9visions m\u00e9t\u00e9orologiques pour le lundi 9 mars 2026, \u00e9tablies par la Direction g\u00e9n\u00e9rale de la m\u00e9t\u00e9orologie :\u2013 Temps assez froid \u00e0 localement froid sur l\u2019Atlas, le Rif, les Hauts plateaux et le Sud-est durant la matin\u00e9e et la nuit. \u2013 Nuages bas assez denses sur les plaines atlantiques nord et centre, Oulm\u00e8s, &hellip;<\/p>\n","protected":false},"author":2,"featured_media":17861,"comment_status":"open","ping_status":"open","sticky":false,"template":"","format":"standard","meta":{"footnotes":""},"categories":[40],"tags":[],"class_list":["post-25554","post","type-post","status-publish","format-standard","has-post-thumbnail","hentry","category-societe-et-regions"],"yoast_head":"<!-- This site is optimized with the Yoast SEO plugin v27.5 - https:\/\/yoast.com\/product\/yoast-seo-wordpress\/ -->\n<title>Pr\u00e9visions m\u00e9t\u00e9orologiques pour lundi 9 mars 2026 - Dpress.ma\/fr<\/title>\n<meta name=\"robots\" content=\"index, follow, max-snippet:-1, max-image-preview:large, max-video-preview:-1\" \/>\n<link rel=\"canonical\" href=\"https:\/\/dpress.ma\/fr\/2026\/03\/08\/previsions-meteorologiques-pour-lundi-9-mars-2026\/\" \/>\n<meta property=\"og:locale\" content=\"fr_FR\" \/>\n<meta property=\"og:type\" content=\"article\" \/>\n<meta property=\"og:title\" content=\"Pr\u00e9visions m\u00e9t\u00e9orologiques pour lundi 9 mars 2026 - Dpress.ma\/fr\" \/>\n<meta property=\"og:description\" content=\"Dpress Voici les pr\u00e9visions m\u00e9t\u00e9orologiques pour le lundi 9 mars 2026, \u00e9tablies par la Direction g\u00e9n\u00e9rale de la m\u00e9t\u00e9orologie :\u2013 Temps assez froid \u00e0 localement froid sur l\u2019Atlas, le Rif, les Hauts plateaux et le Sud-est durant la matin\u00e9e et la nuit. \u2013 Nuages bas assez denses sur les plaines atlantiques nord et centre, Oulm\u00e8s, &hellip;\" \/>\n<meta property=\"og:url\" content=\"https:\/\/dpress.ma\/fr\/2026\/03\/08\/previsions-meteorologiques-pour-lundi-9-mars-2026\/\" \/>\n<meta property=\"og:site_name\" content=\"Dpress.ma\/fr\" \/>\n<meta property=\"article:published_time\" content=\"2026-03-08T11:00:00+00:00\" \/>\n<meta property=\"article:modified_time\" content=\"2026-03-08T23:15:48+00:00\" \/>\n<meta property=\"og:image\" content=\"https:\/\/dpress.ma\/fr\/wp-content\/uploads\/sites\/2\/2025\/12\/meteo.png\" \/>\n\t<meta property=\"og:image:width\" content=\"780\" \/>\n\t<meta property=\"og:image:height\" content=\"470\" \/>\n\t<meta property=\"og:image:type\" content=\"image\/png\" \/>\n<meta name=\"author\" content=\"Dpress.ma\" \/>\n<meta name=\"twitter:card\" content=\"summary_large_image\" \/>\n<meta name=\"twitter:label1\" content=\"\u00c9crit par\" \/>\n\t<meta name=\"twitter:data1\" content=\"Dpress.ma\" \/>\n\t<meta name=\"twitter:label2\" content=\"Dur\u00e9e de lecture estim\u00e9e\" \/>\n\t<meta name=\"twitter:data2\" content=\"2 minutes\" \/>\n<script type=\"application\/ld+json\" class=\"yoast-schema-graph\">{\"@context\":\"https:\\\/\\\/schema.org\",\"@graph\":[{\"@type\":\"Article\",\"@id\":\"https:\\\/\\\/dpress.ma\\\/fr\\\/2026\\\/03\\\/08\\\/previsions-meteorologiques-pour-lundi-9-mars-2026\\\/#article\",\"isPartOf\":{\"@id\":\"https:\\\/\\\/dpress.ma\\\/fr\\\/2026\\\/03\\\/08\\\/previsions-meteorologiques-pour-lundi-9-mars-2026\\\/\"},\"author\":{\"name\":\"Dpress.ma\",\"@id\":\"https:\\\/\\\/dpress.ma\\\/fr\\\/#\\\/schema\\\/person\\\/4898febf3ccd59e6578d838656a306a0\"},\"headline\":\"Pr\u00e9visions m\u00e9t\u00e9orologiques pour lundi 9 mars 2026\",\"datePublished\":\"2026-03-08T11:00:00+00:00\",\"dateModified\":\"2026-03-08T23:15:48+00:00\",\"mainEntityOfPage\":{\"@id\":\"https:\\\/\\\/dpress.ma\\\/fr\\\/2026\\\/03\\\/08\\\/previsions-meteorologiques-pour-lundi-9-mars-2026\\\/\"},\"wordCount\":257,\"commentCount\":0,\"image\":{\"@id\":\"https:\\\/\\\/dpress.ma\\\/fr\\\/2026\\\/03\\\/08\\\/previsions-meteorologiques-pour-lundi-9-mars-2026\\\/#primaryimage\"},\"thumbnailUrl\":\"https:\\\/\\\/dpress.ma\\\/fr\\\/wp-content\\\/uploads\\\/sites\\\/2\\\/2025\\\/12\\\/meteo.png\",\"articleSection\":[\"societe et regions\"],\"inLanguage\":\"fr-FR\",\"potentialAction\":[{\"@type\":\"CommentAction\",\"name\":\"Comment\",\"target\":[\"https:\\\/\\\/dpress.ma\\\/fr\\\/2026\\\/03\\\/08\\\/previsions-meteorologiques-pour-lundi-9-mars-2026\\\/#respond\"]}]},{\"@type\":\"WebPage\",\"@id\":\"https:\\\/\\\/dpress.ma\\\/fr\\\/2026\\\/03\\\/08\\\/previsions-meteorologiques-pour-lundi-9-mars-2026\\\/\",\"url\":\"https:\\\/\\\/dpress.ma\\\/fr\\\/2026\\\/03\\\/08\\\/previsions-meteorologiques-pour-lundi-9-mars-2026\\\/\",\"name\":\"Pr\u00e9visions m\u00e9t\u00e9orologiques pour lundi 9 mars 2026 - Dpress.ma\\\/fr\",\"isPartOf\":{\"@id\":\"https:\\\/\\\/dpress.ma\\\/fr\\\/#website\"},\"primaryImageOfPage\":{\"@id\":\"https:\\\/\\\/dpress.ma\\\/fr\\\/2026\\\/03\\\/08\\\/previsions-meteorologiques-pour-lundi-9-mars-2026\\\/#primaryimage\"},\"image\":{\"@id\":\"https:\\\/\\\/dpress.ma\\\/fr\\\/2026\\\/03\\\/08\\\/previsions-meteorologiques-pour-lundi-9-mars-2026\\\/#primaryimage\"},\"thumbnailUrl\":\"https:\\\/\\\/dpress.ma\\\/fr\\\/wp-content\\\/uploads\\\/sites\\\/2\\\/2025\\\/12\\\/meteo.png\",\"datePublished\":\"2026-03-08T11:00:00+00:00\",\"dateModified\":\"2026-03-08T23:15:48+00:00\",\"author\":{\"@id\":\"https:\\\/\\\/dpress.ma\\\/fr\\\/#\\\/schema\\\/person\\\/4898febf3ccd59e6578d838656a306a0\"},\"breadcrumb\":{\"@id\":\"https:\\\/\\\/dpress.ma\\\/fr\\\/2026\\\/03\\\/08\\\/previsions-meteorologiques-pour-lundi-9-mars-2026\\\/#breadcrumb\"},\"inLanguage\":\"fr-FR\",\"potentialAction\":[{\"@type\":\"ReadAction\",\"target\":[\"https:\\\/\\\/dpress.ma\\\/fr\\\/2026\\\/03\\\/08\\\/previsions-meteorologiques-pour-lundi-9-mars-2026\\\/\"]}]},{\"@type\":\"ImageObject\",\"inLanguage\":\"fr-FR\",\"@id\":\"https:\\\/\\\/dpress.ma\\\/fr\\\/2026\\\/03\\\/08\\\/previsions-meteorologiques-pour-lundi-9-mars-2026\\\/#primaryimage\",\"url\":\"https:\\\/\\\/dpress.ma\\\/fr\\\/wp-content\\\/uploads\\\/sites\\\/2\\\/2025\\\/12\\\/meteo.png\",\"contentUrl\":\"https:\\\/\\\/dpress.ma\\\/fr\\\/wp-content\\\/uploads\\\/sites\\\/2\\\/2025\\\/12\\\/meteo.png\",\"width\":780,\"height\":470},{\"@type\":\"BreadcrumbList\",\"@id\":\"https:\\\/\\\/dpress.ma\\\/fr\\\/2026\\\/03\\\/08\\\/previsions-meteorologiques-pour-lundi-9-mars-2026\\\/#breadcrumb\",\"itemListElement\":[{\"@type\":\"ListItem\",\"position\":1,\"name\":\"Home\",\"item\":\"https:\\\/\\\/dpress.ma\\\/fr\\\/\"},{\"@type\":\"ListItem\",\"position\":2,\"name\":\"Pr\u00e9visions m\u00e9t\u00e9orologiques pour lundi 9 mars 2026\"}]},{\"@type\":\"WebSite\",\"@id\":\"https:\\\/\\\/dpress.ma\\\/fr\\\/#website\",\"url\":\"https:\\\/\\\/dpress.ma\\\/fr\\\/\",\"name\":\"Dpress.ma\\\/fr\",\"description\":\"\",\"potentialAction\":[{\"@type\":\"SearchAction\",\"target\":{\"@type\":\"EntryPoint\",\"urlTemplate\":\"https:\\\/\\\/dpress.ma\\\/fr\\\/?s={search_term_string}\"},\"query-input\":{\"@type\":\"PropertyValueSpecification\",\"valueRequired\":true,\"valueName\":\"search_term_string\"}}],\"inLanguage\":\"fr-FR\"},{\"@type\":\"Person\",\"@id\":\"https:\\\/\\\/dpress.ma\\\/fr\\\/#\\\/schema\\\/person\\\/4898febf3ccd59e6578d838656a306a0\",\"name\":\"Dpress.ma\",\"image\":{\"@type\":\"ImageObject\",\"inLanguage\":\"fr-FR\",\"@id\":\"https:\\\/\\\/secure.gravatar.com\\\/avatar\\\/72ecc30e9db047a2e0e7176561eb9d564ed77c8108376495b19bd8336405198a?s=96&d=mm&r=g\",\"url\":\"https:\\\/\\\/secure.gravatar.com\\\/avatar\\\/72ecc30e9db047a2e0e7176561eb9d564ed77c8108376495b19bd8336405198a?s=96&d=mm&r=g\",\"contentUrl\":\"https:\\\/\\\/secure.gravatar.com\\\/avatar\\\/72ecc30e9db047a2e0e7176561eb9d564ed77c8108376495b19bd8336405198a?s=96&d=mm&r=g\",\"caption\":\"Dpress.ma\"},\"sameAs\":[\"https:\\\/\\\/www.dpress.ma\"],\"url\":\"https:\\\/\\\/dpress.ma\\\/fr\\\/author\\\/dpress-ma\\\/\"}]}<\/script>\n<!-- \/ Yoast SEO plugin. -->","yoast_head_json":{"title":"Pr\u00e9visions m\u00e9t\u00e9orologiques pour lundi 9 mars 2026 - Dpress.ma\/fr","robots":{"index":"index","follow":"follow","max-snippet":"max-snippet:-1","max-image-preview":"max-image-preview:large","max-video-preview":"max-video-preview:-1"},"canonical":"https:\/\/dpress.ma\/fr\/2026\/03\/08\/previsions-meteorologiques-pour-lundi-9-mars-2026\/","og_locale":"fr_FR","og_type":"article","og_title":"Pr\u00e9visions m\u00e9t\u00e9orologiques pour lundi 9 mars 2026 - Dpress.ma\/fr","og_description":"Dpress Voici les pr\u00e9visions m\u00e9t\u00e9orologiques pour le lundi 9 mars 2026, \u00e9tablies par la Direction g\u00e9n\u00e9rale de la m\u00e9t\u00e9orologie :\u2013 Temps assez froid \u00e0 localement froid sur l\u2019Atlas, le Rif, les Hauts plateaux et le Sud-est durant la matin\u00e9e et la nuit. \u2013 Nuages bas assez denses sur les plaines atlantiques nord et centre, Oulm\u00e8s, &hellip;","og_url":"https:\/\/dpress.ma\/fr\/2026\/03\/08\/previsions-meteorologiques-pour-lundi-9-mars-2026\/","og_site_name":"Dpress.ma\/fr","article_published_time":"2026-03-08T11:00:00+00:00","article_modified_time":"2026-03-08T23:15:48+00:00","og_image":[{"width":780,"height":470,"url":"https:\/\/dpress.ma\/fr\/wp-content\/uploads\/sites\/2\/2025\/12\/meteo.png","type":"image\/png"}],"author":"Dpress.ma","twitter_card":"summary_large_image","twitter_misc":{"\u00c9crit par":"Dpress.ma","Dur\u00e9e de lecture estim\u00e9e":"2 minutes"},"schema":{"@context":"https:\/\/schema.org","@graph":[{"@type":"Article","@id":"https:\/\/dpress.ma\/fr\/2026\/03\/08\/previsions-meteorologiques-pour-lundi-9-mars-2026\/#article","isPartOf":{"@id":"https:\/\/dpress.ma\/fr\/2026\/03\/08\/previsions-meteorologiques-pour-lundi-9-mars-2026\/"},"author":{"name":"Dpress.ma","@id":"https:\/\/dpress.ma\/fr\/#\/schema\/person\/4898febf3ccd59e6578d838656a306a0"},"headline":"Pr\u00e9visions m\u00e9t\u00e9orologiques pour lundi 9 mars 2026","datePublished":"2026-03-08T11:00:00+00:00","dateModified":"2026-03-08T23:15:48+00:00","mainEntityOfPage":{"@id":"https:\/\/dpress.ma\/fr\/2026\/03\/08\/previsions-meteorologiques-pour-lundi-9-mars-2026\/"},"wordCount":257,"commentCount":0,"image":{"@id":"https:\/\/dpress.ma\/fr\/2026\/03\/08\/previsions-meteorologiques-pour-lundi-9-mars-2026\/#primaryimage"},"thumbnailUrl":"https:\/\/dpress.ma\/fr\/wp-content\/uploads\/sites\/2\/2025\/12\/meteo.png","articleSection":["societe et regions"],"inLanguage":"fr-FR","potentialAction":[{"@type":"CommentAction","name":"Comment","target":["https:\/\/dpress.ma\/fr\/2026\/03\/08\/previsions-meteorologiques-pour-lundi-9-mars-2026\/#respond"]}]},{"@type":"WebPage","@id":"https:\/\/dpress.ma\/fr\/2026\/03\/08\/previsions-meteorologiques-pour-lundi-9-mars-2026\/","url":"https:\/\/dpress.ma\/fr\/2026\/03\/08\/previsions-meteorologiques-pour-lundi-9-mars-2026\/","name":"Pr\u00e9visions m\u00e9t\u00e9orologiques pour lundi 9 mars 2026 - Dpress.ma\/fr","isPartOf":{"@id":"https:\/\/dpress.ma\/fr\/#website"},"primaryImageOfPage":{"@id":"https:\/\/dpress.ma\/fr\/2026\/03\/08\/previsions-meteorologiques-pour-lundi-9-mars-2026\/#primaryimage"},"image":{"@id":"https:\/\/dpress.ma\/fr\/2026\/03\/08\/previsions-meteorologiques-pour-lundi-9-mars-2026\/#primaryimage"},"thumbnailUrl":"https:\/\/dpress.ma\/fr\/wp-content\/uploads\/sites\/2\/2025\/12\/meteo.png","datePublished":"2026-03-08T11:00:00+00:00","dateModified":"2026-03-08T23:15:48+00:00","author":{"@id":"https:\/\/dpress.ma\/fr\/#\/schema\/person\/4898febf3ccd59e6578d838656a306a0"},"breadcrumb":{"@id":"https:\/\/dpress.ma\/fr\/2026\/03\/08\/previsions-meteorologiques-pour-lundi-9-mars-2026\/#breadcrumb"},"inLanguage":"fr-FR","potentialAction":[{"@type":"ReadAction","target":["https:\/\/dpress.ma\/fr\/2026\/03\/08\/previsions-meteorologiques-pour-lundi-9-mars-2026\/"]}]},{"@type":"ImageObject","inLanguage":"fr-FR","@id":"https:\/\/dpress.ma\/fr\/2026\/03\/08\/previsions-meteorologiques-pour-lundi-9-mars-2026\/#primaryimage","url":"https:\/\/dpress.ma\/fr\/wp-content\/uploads\/sites\/2\/2025\/12\/meteo.png","contentUrl":"https:\/\/dpress.ma\/fr\/wp-content\/uploads\/sites\/2\/2025\/12\/meteo.png","width":780,"height":470},{"@type":"BreadcrumbList","@id":"https:\/\/dpress.ma\/fr\/2026\/03\/08\/previsions-meteorologiques-pour-lundi-9-mars-2026\/#breadcrumb","itemListElement":[{"@type":"ListItem","position":1,"name":"Home","item":"https:\/\/dpress.ma\/fr\/"},{"@type":"ListItem","position":2,"name":"Pr\u00e9visions m\u00e9t\u00e9orologiques pour lundi 9 mars 2026"}]},{"@type":"WebSite","@id":"https:\/\/dpress.ma\/fr\/#website","url":"https:\/\/dpress.ma\/fr\/","name":"Dpress.ma\/fr","description":"","potentialAction":[{"@type":"SearchAction","target":{"@type":"EntryPoint","urlTemplate":"https:\/\/dpress.ma\/fr\/?s={search_term_string}"},"query-input":{"@type":"PropertyValueSpecification","valueRequired":true,"valueName":"search_term_string"}}],"inLanguage":"fr-FR"},{"@type":"Person","@id":"https:\/\/dpress.ma\/fr\/#\/schema\/person\/4898febf3ccd59e6578d838656a306a0","name":"Dpress.ma","image":{"@type":"ImageObject","inLanguage":"fr-FR","@id":"https:\/\/secure.gravatar.com\/avatar\/72ecc30e9db047a2e0e7176561eb9d564ed77c8108376495b19bd8336405198a?s=96&d=mm&r=g","url":"https:\/\/secure.gravatar.com\/avatar\/72ecc30e9db047a2e0e7176561eb9d564ed77c8108376495b19bd8336405198a?s=96&d=mm&r=g","contentUrl":"https:\/\/secure.gravatar.com\/avatar\/72ecc30e9db047a2e0e7176561eb9d564ed77c8108376495b19bd8336405198a?s=96&d=mm&r=g","caption":"Dpress.ma"},"sameAs":["https:\/\/www.dpress.ma"],"url":"https:\/\/dpress.ma\/fr\/author\/dpress-ma\/"}]}},"amp_enabled":true,"_links":{"self":[{"href":"https:\/\/dpress.ma\/fr\/wp-json\/wp\/v2\/posts\/25554","targetHints":{"allow":["GET"]}}],"collection":[{"href":"https:\/\/dpress.ma\/fr\/wp-json\/wp\/v2\/posts"}],"about":[{"href":"https:\/\/dpress.ma\/fr\/wp-json\/wp\/v2\/types\/post"}],"author":[{"embeddable":true,"href":"https:\/\/dpress.ma\/fr\/wp-json\/wp\/v2\/users\/2"}],"replies":[{"embeddable":true,"href":"https:\/\/dpress.ma\/fr\/wp-json\/wp\/v2\/comments?post=25554"}],"version-history":[{"count":1,"href":"https:\/\/dpress.ma\/fr\/wp-json\/wp\/v2\/posts\/25554\/revisions"}],"predecessor-version":[{"id":25555,"href":"https:\/\/dpress.ma\/fr\/wp-json\/wp\/v2\/posts\/25554\/revisions\/25555"}],"wp:featuredmedia":[{"embeddable":true,"href":"https:\/\/dpress.ma\/fr\/wp-json\/wp\/v2\/media\/17861"}],"wp:attachment":[{"href":"https:\/\/dpress.ma\/fr\/wp-json\/wp\/v2\/media?parent=25554"}],"wp:term":[{"taxonomy":"category","embeddable":true,"href":"https:\/\/dpress.ma\/fr\/wp-json\/wp\/v2\/categories?post=25554"},{"taxonomy":"post_tag","embeddable":true,"href":"https:\/\/dpress.ma\/fr\/wp-json\/wp\/v2\/tags?post=25554"}],"curies":[{"name":"wp","href":"https:\/\/api.w.org\/{rel}","templated":true}]}}