{"id":25550,"date":"2026-03-08T14:29:00","date_gmt":"2026-03-08T14:29:00","guid":{"rendered":"https:\/\/dpress.ma\/fr\/?p=25550"},"modified":"2026-03-08T23:10:31","modified_gmt":"2026-03-08T23:10:31","slug":"tenue-de-la-session-extraordinaire-du-conseil-de-la-ligue-arabe-au-niveau-ministeriel","status":"publish","type":"post","link":"https:\/\/dpress.ma\/fr\/2026\/03\/08\/tenue-de-la-session-extraordinaire-du-conseil-de-la-ligue-arabe-au-niveau-ministeriel\/","title":{"rendered":"Tenue de la session extraordinaire du Conseil de la Ligue arabe au niveau minist\u00e9riel"},"content":{"rendered":"\n<p>Dpress<\/p>\n\n\n\n<p>Les travaux de la session extraordinaire du Conseil de la Ligue des \u00c9tats arabes au niveau minist\u00e9riel se sont tenus, dimanche par visioconf\u00e9rence, afin d\u2019examiner les attaques iraniennes contre des \u00c9tats arabes.<\/p>\n\n\n\n<p>Dans une allocution \u00e0 l\u2019ouverture de la r\u00e9union, le secr\u00e9taire g\u00e9n\u00e9ral de la Ligue des \u00c9tats arabes, Ahmed Aboul Gheit, a indiqu\u00e9 que cette rencontre vise \u00e0 adresser \u201cun message clair \u00e0 tous, dans la r\u00e9gion et dans le monde, \u00e0 savoir que les Arabes parlent d\u2019une seule voix et se tiennent unis pour condamner et rejeter toute agression contre un \u00c9tat arabe, toute atteinte \u00e0 sa souverainet\u00e9 ou toute menace contre l\u2019int\u00e9grit\u00e9 de ses territoires et de son espace a\u00e9rien\u201d.<\/p>\n\n\n\n<p>\u201cCes attaques sont condamn\u00e9es sur toute la ligne et rejet\u00e9es par les gouvernements et les peuples arabes\u201d, a-t-il argu\u00e9. De m\u00eame, il a estim\u00e9 que ces agressions \u201cne tiennent pas compte des principes de bon voisinage et constituent une violation flagrante et dangereuse des lois et conventions internationales, notamment en visant des civils ainsi que des installations et biens civils\u201d, ajoutant qu\u2019elles repr\u00e9sentent \u201cune menace pour la s\u00e9curit\u00e9 nationale arabe dans son ensemble\u201d.<\/p>\n\n\n\n<p>M. Aboul Gheit a \u00e9galement relev\u00e9 que \u201cles pays arabes ne s\u2019attendaient nullement \u00e0 ce que l\u2019attachement aux principes de bon voisinage et les efforts diplomatiques sinc\u00e8res soient accueillis par des missiles et des drones visant les populations et les infrastructures\u201d.<\/p>\n\n\n\n<p>\u201cCette agressivit\u00e9 iranienne injustifi\u00e9e refl\u00e8te une confusion dans l\u2019appr\u00e9ciation de la situation et accentue l\u2019isolement de l\u2019Iran dans ce contexte difficile et d\u00e9licat, tout en laissant des r\u00e9percussions n\u00e9gatives susceptibles d\u2019affecter ses relations avec son voisinage arabe\u201d, a-t-il dit.<\/p>\n\n\n\n<p>Il a, dans la foul\u00e9e, appel\u00e9 \u00e0 l\u2019arr\u00eat imm\u00e9diat et effectif de ces attaques, exhortant la communaut\u00e9 internationale, repr\u00e9sent\u00e9e par le Conseil de s\u00e9curit\u00e9 de l\u2019ONU, \u00e0 agir par tous les moyens possibles afin de mettre fin aux attaques iraniennes contre les territoires arabes.<\/p>\n\n\n\n<p>\u201cMalgr\u00e9 la violence et l\u2019escalade observ\u00e9es, l\u2019opportunit\u00e9 de la diplomatie demeure possible si toutes les parties reviennent \u00e0 la raison et \u00e0 la logique\u201d, a-t-il encha\u00een\u00e9, appelant l\u2019ensemble des parties \u00e0 \u201crevenir imm\u00e9diatement \u00e0 la voie du dialogue et de la diplomatie pour traiter les questions en suspens\u201d.<\/p>\n","protected":false},"excerpt":{"rendered":"<p>Dpress Les travaux de la session extraordinaire du Conseil de la Ligue des \u00c9tats arabes au niveau minist\u00e9riel se sont tenus, dimanche par visioconf\u00e9rence, afin d\u2019examiner les attaques iraniennes contre des \u00c9tats arabes. Dans une allocution \u00e0 l\u2019ouverture de la r\u00e9union, le secr\u00e9taire g\u00e9n\u00e9ral de la Ligue des \u00c9tats arabes, Ahmed Aboul Gheit, a indiqu\u00e9 &hellip;<\/p>\n","protected":false},"author":2,"featured_media":14621,"comment_status":"open","ping_status":"open","sticky":false,"template":"","format":"standard","meta":{"footnotes":""},"categories":[42],"tags":[],"class_list":["post-25550","post","type-post","status-publish","format-standard","has-post-thumbnail","hentry","category-monde"],"yoast_head":"<!-- This site is optimized with the Yoast SEO plugin v27.5 - https:\/\/yoast.com\/product\/yoast-seo-wordpress\/ -->\n<title>Tenue de la session extraordinaire du Conseil de la Ligue arabe au niveau minist\u00e9riel - Dpress.ma\/fr<\/title>\n<meta name=\"robots\" content=\"index, follow, max-snippet:-1, max-image-preview:large, max-video-preview:-1\" \/>\n<link rel=\"canonical\" href=\"https:\/\/dpress.ma\/fr\/2026\/03\/08\/tenue-de-la-session-extraordinaire-du-conseil-de-la-ligue-arabe-au-niveau-ministeriel\/\" \/>\n<meta property=\"og:locale\" content=\"fr_FR\" \/>\n<meta property=\"og:type\" content=\"article\" \/>\n<meta property=\"og:title\" content=\"Tenue de la session extraordinaire du Conseil de la Ligue arabe au niveau minist\u00e9riel - Dpress.ma\/fr\" \/>\n<meta property=\"og:description\" content=\"Dpress Les travaux de la session extraordinaire du Conseil de la Ligue des \u00c9tats arabes au niveau minist\u00e9riel se sont tenus, dimanche par visioconf\u00e9rence, afin d\u2019examiner les attaques iraniennes contre des \u00c9tats arabes. Dans une allocution \u00e0 l\u2019ouverture de la r\u00e9union, le secr\u00e9taire g\u00e9n\u00e9ral de la Ligue des \u00c9tats arabes, Ahmed Aboul Gheit, a indiqu\u00e9 &hellip;\" \/>\n<meta property=\"og:url\" content=\"https:\/\/dpress.ma\/fr\/2026\/03\/08\/tenue-de-la-session-extraordinaire-du-conseil-de-la-ligue-arabe-au-niveau-ministeriel\/\" \/>\n<meta property=\"og:site_name\" content=\"Dpress.ma\/fr\" \/>\n<meta property=\"article:published_time\" content=\"2026-03-08T14:29:00+00:00\" \/>\n<meta property=\"article:modified_time\" content=\"2026-03-08T23:10:31+00:00\" \/>\n<meta property=\"og:image\" content=\"https:\/\/dpress.ma\/fr\/wp-content\/uploads\/sites\/2\/2025\/05\/Conseil-de-la-Ligue-des-Etats-arabes.png\" \/>\n\t<meta property=\"og:image:width\" content=\"780\" \/>\n\t<meta property=\"og:image:height\" content=\"470\" \/>\n\t<meta property=\"og:image:type\" content=\"image\/png\" \/>\n<meta name=\"author\" content=\"Dpress.ma\" \/>\n<meta name=\"twitter:card\" content=\"summary_large_image\" \/>\n<meta name=\"twitter:label1\" content=\"\u00c9crit par\" \/>\n\t<meta name=\"twitter:data1\" content=\"Dpress.ma\" \/>\n\t<meta name=\"twitter:label2\" content=\"Dur\u00e9e de lecture estim\u00e9e\" \/>\n\t<meta name=\"twitter:data2\" content=\"3 minutes\" \/>\n<script type=\"application\/ld+json\" class=\"yoast-schema-graph\">{\"@context\":\"https:\\\/\\\/schema.org\",\"@graph\":[{\"@type\":\"Article\",\"@id\":\"https:\\\/\\\/dpress.ma\\\/fr\\\/2026\\\/03\\\/08\\\/tenue-de-la-session-extraordinaire-du-conseil-de-la-ligue-arabe-au-niveau-ministeriel\\\/#article\",\"isPartOf\":{\"@id\":\"https:\\\/\\\/dpress.ma\\\/fr\\\/2026\\\/03\\\/08\\\/tenue-de-la-session-extraordinaire-du-conseil-de-la-ligue-arabe-au-niveau-ministeriel\\\/\"},\"author\":{\"name\":\"Dpress.ma\",\"@id\":\"https:\\\/\\\/dpress.ma\\\/fr\\\/#\\\/schema\\\/person\\\/4898febf3ccd59e6578d838656a306a0\"},\"headline\":\"Tenue de la session extraordinaire du Conseil de la Ligue arabe au niveau minist\u00e9riel\",\"datePublished\":\"2026-03-08T14:29:00+00:00\",\"dateModified\":\"2026-03-08T23:10:31+00:00\",\"mainEntityOfPage\":{\"@id\":\"https:\\\/\\\/dpress.ma\\\/fr\\\/2026\\\/03\\\/08\\\/tenue-de-la-session-extraordinaire-du-conseil-de-la-ligue-arabe-au-niveau-ministeriel\\\/\"},\"wordCount\":408,\"commentCount\":0,\"image\":{\"@id\":\"https:\\\/\\\/dpress.ma\\\/fr\\\/2026\\\/03\\\/08\\\/tenue-de-la-session-extraordinaire-du-conseil-de-la-ligue-arabe-au-niveau-ministeriel\\\/#primaryimage\"},\"thumbnailUrl\":\"https:\\\/\\\/dpress.ma\\\/fr\\\/wp-content\\\/uploads\\\/sites\\\/2\\\/2025\\\/05\\\/Conseil-de-la-Ligue-des-Etats-arabes.png\",\"articleSection\":[\"monde\"],\"inLanguage\":\"fr-FR\",\"potentialAction\":[{\"@type\":\"CommentAction\",\"name\":\"Comment\",\"target\":[\"https:\\\/\\\/dpress.ma\\\/fr\\\/2026\\\/03\\\/08\\\/tenue-de-la-session-extraordinaire-du-conseil-de-la-ligue-arabe-au-niveau-ministeriel\\\/#respond\"]}]},{\"@type\":\"WebPage\",\"@id\":\"https:\\\/\\\/dpress.ma\\\/fr\\\/2026\\\/03\\\/08\\\/tenue-de-la-session-extraordinaire-du-conseil-de-la-ligue-arabe-au-niveau-ministeriel\\\/\",\"url\":\"https:\\\/\\\/dpress.ma\\\/fr\\\/2026\\\/03\\\/08\\\/tenue-de-la-session-extraordinaire-du-conseil-de-la-ligue-arabe-au-niveau-ministeriel\\\/\",\"name\":\"Tenue de la session extraordinaire du Conseil de la Ligue arabe au niveau minist\u00e9riel - Dpress.ma\\\/fr\",\"isPartOf\":{\"@id\":\"https:\\\/\\\/dpress.ma\\\/fr\\\/#website\"},\"primaryImageOfPage\":{\"@id\":\"https:\\\/\\\/dpress.ma\\\/fr\\\/2026\\\/03\\\/08\\\/tenue-de-la-session-extraordinaire-du-conseil-de-la-ligue-arabe-au-niveau-ministeriel\\\/#primaryimage\"},\"image\":{\"@id\":\"https:\\\/\\\/dpress.ma\\\/fr\\\/2026\\\/03\\\/08\\\/tenue-de-la-session-extraordinaire-du-conseil-de-la-ligue-arabe-au-niveau-ministeriel\\\/#primaryimage\"},\"thumbnailUrl\":\"https:\\\/\\\/dpress.ma\\\/fr\\\/wp-content\\\/uploads\\\/sites\\\/2\\\/2025\\\/05\\\/Conseil-de-la-Ligue-des-Etats-arabes.png\",\"datePublished\":\"2026-03-08T14:29:00+00:00\",\"dateModified\":\"2026-03-08T23:10:31+00:00\",\"author\":{\"@id\":\"https:\\\/\\\/dpress.ma\\\/fr\\\/#\\\/schema\\\/person\\\/4898febf3ccd59e6578d838656a306a0\"},\"breadcrumb\":{\"@id\":\"https:\\\/\\\/dpress.ma\\\/fr\\\/2026\\\/03\\\/08\\\/tenue-de-la-session-extraordinaire-du-conseil-de-la-ligue-arabe-au-niveau-ministeriel\\\/#breadcrumb\"},\"inLanguage\":\"fr-FR\",\"potentialAction\":[{\"@type\":\"ReadAction\",\"target\":[\"https:\\\/\\\/dpress.ma\\\/fr\\\/2026\\\/03\\\/08\\\/tenue-de-la-session-extraordinaire-du-conseil-de-la-ligue-arabe-au-niveau-ministeriel\\\/\"]}]},{\"@type\":\"ImageObject\",\"inLanguage\":\"fr-FR\",\"@id\":\"https:\\\/\\\/dpress.ma\\\/fr\\\/2026\\\/03\\\/08\\\/tenue-de-la-session-extraordinaire-du-conseil-de-la-ligue-arabe-au-niveau-ministeriel\\\/#primaryimage\",\"url\":\"https:\\\/\\\/dpress.ma\\\/fr\\\/wp-content\\\/uploads\\\/sites\\\/2\\\/2025\\\/05\\\/Conseil-de-la-Ligue-des-Etats-arabes.png\",\"contentUrl\":\"https:\\\/\\\/dpress.ma\\\/fr\\\/wp-content\\\/uploads\\\/sites\\\/2\\\/2025\\\/05\\\/Conseil-de-la-Ligue-des-Etats-arabes.png\",\"width\":780,\"height\":470},{\"@type\":\"BreadcrumbList\",\"@id\":\"https:\\\/\\\/dpress.ma\\\/fr\\\/2026\\\/03\\\/08\\\/tenue-de-la-session-extraordinaire-du-conseil-de-la-ligue-arabe-au-niveau-ministeriel\\\/#breadcrumb\",\"itemListElement\":[{\"@type\":\"ListItem\",\"position\":1,\"name\":\"Home\",\"item\":\"https:\\\/\\\/dpress.ma\\\/fr\\\/\"},{\"@type\":\"ListItem\",\"position\":2,\"name\":\"Tenue de la session extraordinaire du Conseil de la Ligue arabe au niveau minist\u00e9riel\"}]},{\"@type\":\"WebSite\",\"@id\":\"https:\\\/\\\/dpress.ma\\\/fr\\\/#website\",\"url\":\"https:\\\/\\\/dpress.ma\\\/fr\\\/\",\"name\":\"Dpress.ma\\\/fr\",\"description\":\"\",\"potentialAction\":[{\"@type\":\"SearchAction\",\"target\":{\"@type\":\"EntryPoint\",\"urlTemplate\":\"https:\\\/\\\/dpress.ma\\\/fr\\\/?s={search_term_string}\"},\"query-input\":{\"@type\":\"PropertyValueSpecification\",\"valueRequired\":true,\"valueName\":\"search_term_string\"}}],\"inLanguage\":\"fr-FR\"},{\"@type\":\"Person\",\"@id\":\"https:\\\/\\\/dpress.ma\\\/fr\\\/#\\\/schema\\\/person\\\/4898febf3ccd59e6578d838656a306a0\",\"name\":\"Dpress.ma\",\"image\":{\"@type\":\"ImageObject\",\"inLanguage\":\"fr-FR\",\"@id\":\"https:\\\/\\\/secure.gravatar.com\\\/avatar\\\/72ecc30e9db047a2e0e7176561eb9d564ed77c8108376495b19bd8336405198a?s=96&d=mm&r=g\",\"url\":\"https:\\\/\\\/secure.gravatar.com\\\/avatar\\\/72ecc30e9db047a2e0e7176561eb9d564ed77c8108376495b19bd8336405198a?s=96&d=mm&r=g\",\"contentUrl\":\"https:\\\/\\\/secure.gravatar.com\\\/avatar\\\/72ecc30e9db047a2e0e7176561eb9d564ed77c8108376495b19bd8336405198a?s=96&d=mm&r=g\",\"caption\":\"Dpress.ma\"},\"sameAs\":[\"https:\\\/\\\/www.dpress.ma\"],\"url\":\"https:\\\/\\\/dpress.ma\\\/fr\\\/author\\\/dpress-ma\\\/\"}]}<\/script>\n<!-- \/ Yoast SEO plugin. -->","yoast_head_json":{"title":"Tenue de la session extraordinaire du Conseil de la Ligue arabe au niveau minist\u00e9riel - Dpress.ma\/fr","robots":{"index":"index","follow":"follow","max-snippet":"max-snippet:-1","max-image-preview":"max-image-preview:large","max-video-preview":"max-video-preview:-1"},"canonical":"https:\/\/dpress.ma\/fr\/2026\/03\/08\/tenue-de-la-session-extraordinaire-du-conseil-de-la-ligue-arabe-au-niveau-ministeriel\/","og_locale":"fr_FR","og_type":"article","og_title":"Tenue de la session extraordinaire du Conseil de la Ligue arabe au niveau minist\u00e9riel - Dpress.ma\/fr","og_description":"Dpress Les travaux de la session extraordinaire du Conseil de la Ligue des \u00c9tats arabes au niveau minist\u00e9riel se sont tenus, dimanche par visioconf\u00e9rence, afin d\u2019examiner les attaques iraniennes contre des \u00c9tats arabes. Dans une allocution \u00e0 l\u2019ouverture de la r\u00e9union, le secr\u00e9taire g\u00e9n\u00e9ral de la Ligue des \u00c9tats arabes, Ahmed Aboul Gheit, a indiqu\u00e9 &hellip;","og_url":"https:\/\/dpress.ma\/fr\/2026\/03\/08\/tenue-de-la-session-extraordinaire-du-conseil-de-la-ligue-arabe-au-niveau-ministeriel\/","og_site_name":"Dpress.ma\/fr","article_published_time":"2026-03-08T14:29:00+00:00","article_modified_time":"2026-03-08T23:10:31+00:00","og_image":[{"width":780,"height":470,"url":"https:\/\/dpress.ma\/fr\/wp-content\/uploads\/sites\/2\/2025\/05\/Conseil-de-la-Ligue-des-Etats-arabes.png","type":"image\/png"}],"author":"Dpress.ma","twitter_card":"summary_large_image","twitter_misc":{"\u00c9crit par":"Dpress.ma","Dur\u00e9e de lecture estim\u00e9e":"3 minutes"},"schema":{"@context":"https:\/\/schema.org","@graph":[{"@type":"Article","@id":"https:\/\/dpress.ma\/fr\/2026\/03\/08\/tenue-de-la-session-extraordinaire-du-conseil-de-la-ligue-arabe-au-niveau-ministeriel\/#article","isPartOf":{"@id":"https:\/\/dpress.ma\/fr\/2026\/03\/08\/tenue-de-la-session-extraordinaire-du-conseil-de-la-ligue-arabe-au-niveau-ministeriel\/"},"author":{"name":"Dpress.ma","@id":"https:\/\/dpress.ma\/fr\/#\/schema\/person\/4898febf3ccd59e6578d838656a306a0"},"headline":"Tenue de la session extraordinaire du Conseil de la Ligue arabe au niveau minist\u00e9riel","datePublished":"2026-03-08T14:29:00+00:00","dateModified":"2026-03-08T23:10:31+00:00","mainEntityOfPage":{"@id":"https:\/\/dpress.ma\/fr\/2026\/03\/08\/tenue-de-la-session-extraordinaire-du-conseil-de-la-ligue-arabe-au-niveau-ministeriel\/"},"wordCount":408,"commentCount":0,"image":{"@id":"https:\/\/dpress.ma\/fr\/2026\/03\/08\/tenue-de-la-session-extraordinaire-du-conseil-de-la-ligue-arabe-au-niveau-ministeriel\/#primaryimage"},"thumbnailUrl":"https:\/\/dpress.ma\/fr\/wp-content\/uploads\/sites\/2\/2025\/05\/Conseil-de-la-Ligue-des-Etats-arabes.png","articleSection":["monde"],"inLanguage":"fr-FR","potentialAction":[{"@type":"CommentAction","name":"Comment","target":["https:\/\/dpress.ma\/fr\/2026\/03\/08\/tenue-de-la-session-extraordinaire-du-conseil-de-la-ligue-arabe-au-niveau-ministeriel\/#respond"]}]},{"@type":"WebPage","@id":"https:\/\/dpress.ma\/fr\/2026\/03\/08\/tenue-de-la-session-extraordinaire-du-conseil-de-la-ligue-arabe-au-niveau-ministeriel\/","url":"https:\/\/dpress.ma\/fr\/2026\/03\/08\/tenue-de-la-session-extraordinaire-du-conseil-de-la-ligue-arabe-au-niveau-ministeriel\/","name":"Tenue de la session extraordinaire du Conseil de la Ligue arabe au niveau minist\u00e9riel - Dpress.ma\/fr","isPartOf":{"@id":"https:\/\/dpress.ma\/fr\/#website"},"primaryImageOfPage":{"@id":"https:\/\/dpress.ma\/fr\/2026\/03\/08\/tenue-de-la-session-extraordinaire-du-conseil-de-la-ligue-arabe-au-niveau-ministeriel\/#primaryimage"},"image":{"@id":"https:\/\/dpress.ma\/fr\/2026\/03\/08\/tenue-de-la-session-extraordinaire-du-conseil-de-la-ligue-arabe-au-niveau-ministeriel\/#primaryimage"},"thumbnailUrl":"https:\/\/dpress.ma\/fr\/wp-content\/uploads\/sites\/2\/2025\/05\/Conseil-de-la-Ligue-des-Etats-arabes.png","datePublished":"2026-03-08T14:29:00+00:00","dateModified":"2026-03-08T23:10:31+00:00","author":{"@id":"https:\/\/dpress.ma\/fr\/#\/schema\/person\/4898febf3ccd59e6578d838656a306a0"},"breadcrumb":{"@id":"https:\/\/dpress.ma\/fr\/2026\/03\/08\/tenue-de-la-session-extraordinaire-du-conseil-de-la-ligue-arabe-au-niveau-ministeriel\/#breadcrumb"},"inLanguage":"fr-FR","potentialAction":[{"@type":"ReadAction","target":["https:\/\/dpress.ma\/fr\/2026\/03\/08\/tenue-de-la-session-extraordinaire-du-conseil-de-la-ligue-arabe-au-niveau-ministeriel\/"]}]},{"@type":"ImageObject","inLanguage":"fr-FR","@id":"https:\/\/dpress.ma\/fr\/2026\/03\/08\/tenue-de-la-session-extraordinaire-du-conseil-de-la-ligue-arabe-au-niveau-ministeriel\/#primaryimage","url":"https:\/\/dpress.ma\/fr\/wp-content\/uploads\/sites\/2\/2025\/05\/Conseil-de-la-Ligue-des-Etats-arabes.png","contentUrl":"https:\/\/dpress.ma\/fr\/wp-content\/uploads\/sites\/2\/2025\/05\/Conseil-de-la-Ligue-des-Etats-arabes.png","width":780,"height":470},{"@type":"BreadcrumbList","@id":"https:\/\/dpress.ma\/fr\/2026\/03\/08\/tenue-de-la-session-extraordinaire-du-conseil-de-la-ligue-arabe-au-niveau-ministeriel\/#breadcrumb","itemListElement":[{"@type":"ListItem","position":1,"name":"Home","item":"https:\/\/dpress.ma\/fr\/"},{"@type":"ListItem","position":2,"name":"Tenue de la session extraordinaire du Conseil de la Ligue arabe au niveau minist\u00e9riel"}]},{"@type":"WebSite","@id":"https:\/\/dpress.ma\/fr\/#website","url":"https:\/\/dpress.ma\/fr\/","name":"Dpress.ma\/fr","description":"","potentialAction":[{"@type":"SearchAction","target":{"@type":"EntryPoint","urlTemplate":"https:\/\/dpress.ma\/fr\/?s={search_term_string}"},"query-input":{"@type":"PropertyValueSpecification","valueRequired":true,"valueName":"search_term_string"}}],"inLanguage":"fr-FR"},{"@type":"Person","@id":"https:\/\/dpress.ma\/fr\/#\/schema\/person\/4898febf3ccd59e6578d838656a306a0","name":"Dpress.ma","image":{"@type":"ImageObject","inLanguage":"fr-FR","@id":"https:\/\/secure.gravatar.com\/avatar\/72ecc30e9db047a2e0e7176561eb9d564ed77c8108376495b19bd8336405198a?s=96&d=mm&r=g","url":"https:\/\/secure.gravatar.com\/avatar\/72ecc30e9db047a2e0e7176561eb9d564ed77c8108376495b19bd8336405198a?s=96&d=mm&r=g","contentUrl":"https:\/\/secure.gravatar.com\/avatar\/72ecc30e9db047a2e0e7176561eb9d564ed77c8108376495b19bd8336405198a?s=96&d=mm&r=g","caption":"Dpress.ma"},"sameAs":["https:\/\/www.dpress.ma"],"url":"https:\/\/dpress.ma\/fr\/author\/dpress-ma\/"}]}},"amp_enabled":true,"_links":{"self":[{"href":"https:\/\/dpress.ma\/fr\/wp-json\/wp\/v2\/posts\/25550","targetHints":{"allow":["GET"]}}],"collection":[{"href":"https:\/\/dpress.ma\/fr\/wp-json\/wp\/v2\/posts"}],"about":[{"href":"https:\/\/dpress.ma\/fr\/wp-json\/wp\/v2\/types\/post"}],"author":[{"embeddable":true,"href":"https:\/\/dpress.ma\/fr\/wp-json\/wp\/v2\/users\/2"}],"replies":[{"embeddable":true,"href":"https:\/\/dpress.ma\/fr\/wp-json\/wp\/v2\/comments?post=25550"}],"version-history":[{"count":1,"href":"https:\/\/dpress.ma\/fr\/wp-json\/wp\/v2\/posts\/25550\/revisions"}],"predecessor-version":[{"id":25551,"href":"https:\/\/dpress.ma\/fr\/wp-json\/wp\/v2\/posts\/25550\/revisions\/25551"}],"wp:featuredmedia":[{"embeddable":true,"href":"https:\/\/dpress.ma\/fr\/wp-json\/wp\/v2\/media\/14621"}],"wp:attachment":[{"href":"https:\/\/dpress.ma\/fr\/wp-json\/wp\/v2\/media?parent=25550"}],"wp:term":[{"taxonomy":"category","embeddable":true,"href":"https:\/\/dpress.ma\/fr\/wp-json\/wp\/v2\/categories?post=25550"},{"taxonomy":"post_tag","embeddable":true,"href":"https:\/\/dpress.ma\/fr\/wp-json\/wp\/v2\/tags?post=25550"}],"curies":[{"name":"wp","href":"https:\/\/api.w.org\/{rel}","templated":true}]}}